{"id":12267,"date":"2017-03-15T17:29:04","date_gmt":"2017-03-15T16:29:04","guid":{"rendered":"http:\/\/laguiadepamplona.es\/actualidad\/?p=12267"},"modified":"2017-03-15T17:29:04","modified_gmt":"2017-03-15T16:29:04","slug":"el-actor-sergio-peris-mencheta-combina-la-musica-y-los-relatos-y-poesias-de-mario-benedetti-en-su-espectaculo-a-voz-en-cuello-que-lleva-este-viernes-a-civivox-iturrama","status":"publish","type":"post","link":"https:\/\/www.laguiadepamplona.com\/actualidad\/el-actor-sergio-peris-mencheta-combina-la-musica-y-los-relatos-y-poesias-de-mario-benedetti-en-su-espectaculo-a-voz-en-cuello-que-lleva-este-viernes-a-civivox-iturrama\/","title":{"rendered":"El actor Sergio Peris-Mencheta combina la m\u00fasica y los relatos y poes\u00edas de Mario Benedetti, en su espect\u00e1culo \u2018A voz en cuello\u2019, que lleva este viernes a Civivox Iturrama"},"content":{"rendered":"<h3>La propuesta po\u00e9tico-musical comenzar\u00e1 a las 20 horas, con entradas a la venta al precio de 6 euros<\/h3>\n<p><!--more--><\/p>\n<p>El ciclo Escenarios, dentro de la programaci\u00f3n trimestral de la red Civivox, baja este viernes el tel\u00f3n con el espect\u00e1culo po\u00e9tico musical \u2018A voz en cuello\u2019, protagonizado por el actor Sergio Peris Mencheta. La propuesta es, en esencia, un relato de Mario Benedetti incluido en su obra \u2018El porvenir de mi pasado\u2019, concebido como un recorrido a trav\u00e9s de la emisi\u00f3n de 10 programas nocturnos de radio. El espect\u00e1culo comienza a las 20 horas en Civivox Iturrama, con entradas al precio de 6 euros, que se pueden adquirir en el propio civivox o de forma <em>on line<\/em> en <a href=\"http:\/\/www.pamplona.es\/\">www.pamplona.es<\/a> y <a href=\"http:\/\/www.pamplonaescultura.es\/\" target=\"_blank\">www.pamplonaescultura.es<\/a>.<\/p>\n<p>Desde la intimidad y la nocturnidad que se respiran en el estudio, el locutor Leandro Est\u00e9vez, interpretado por Peris-Mencheta, cuenta an\u00e9cdotas, desgrana su d\u00eda a d\u00eda, y habla, sobre todo, de la palabra. De su uso y de su desuso. De la necesidad de contar, de hablar, de comunicar, de ser escuchado y de escuchar. Y del miedo a hablar. Y del miedo a que el otro hable. Y del miedo a que hablemos. Y todo ello acompa\u00f1ado por poemas del propio Benedetti como \u2018Cuando \u00e9ramos ni\u00f1os\u2019, \u2018Oda a la mordaza\u2019 o \u2018Memor\u00e1ndum\u2019, musicados y cantados en directo por la voz de Marta Solaz, que acompa\u00f1a a Peris-Mencheta en este espect\u00e1culo.<\/p>\n<p>Sergio Peris-Mencheta (Madrid, 1975) es un polifac\u00e9tico actor de cine, televisi\u00f3n y teatro, formado en Estudio Corazza para el Actor y en The Shakespeare Foundation of Spain. Destacan sus papeles sobre las tablas en \u2018Enrique VIII y la cisma de Inglaterra,\u2019 de Calder\u00f3n de la Barca, con la Compa\u00f1\u00eda Nacional de Teatro Cl\u00e1sico, \u2018Julio C\u00e9sar\u2019 y \u2018Comedias b\u00e1rbaras\u2019, de Valle Incl\u00e1n, con Bigas Luna.<\/p>\n<p>Como director de teatro ha dirigido \u2018La cocina\u2019, de Arnold Wesker; \u2018La puerta de al lado\u2019, de Fabrice Roger Lacan; \u2018Continuidad de los parques\u2019, de Jaime Pujol; \u2018Un trozo invisible de este mundo\u2019, de Juan Diego Botto; \u2018Incrementum\u2019, de Georges P\u00e9rec; o \u2018Tempestad\u2019, de W. Shakespeare. Desde 1998 hasta 2006 dirige la compa\u00f1\u00eda universitaria NoHayQuorum con diferentes montajes. En agosto de 2013 recibi\u00f3 el Premio Ceres al Mejor Director por \u2018Tempestad \u2018y por \u2018Un trozo invisible de este mundo\u2019.<\/p>\n<p>Conocido en la peque\u00f1a y gran pantalla, particip\u00f3 en la serie \u2018Al salir de clase\u2019 y en la pel\u00edcula \u2018Los Borgia\u2019, dirigida por Antonio Hern\u00e1ndez, con quien volvi\u00f3 a colaborar en \u2018Capit\u00e1n Trueno y El Santo Grial\u2019. Con anterioridad, fue dirigido por Jos\u00e9 Luis Garci en \u2018 Tiovivo C. 1950\u2019 y \u2018Luz de domingo\u2019. Tambi\u00e9n ha participado en las <em>TV movies<\/em> \u2018Isabel mi Reina\u2019, \u201823-F Historia de una traici\u00f3n\u2019, \u2018Arroz y Tartana\u2019, y la serie \u2018Tierra de Lobos\u2019. Fuera de Espa\u00f1a tambi\u00e9n ha intervenido en la francesa \u2018Agentes secretos\u2019 y en \u2018Resident Evil: Ultratumba\u2019 (Inglaterra), acompa\u00f1ado por Milla Jovovich. Actualmente, rueda como protagonista en Los \u00c1ngeles la serie \u2018Snowfall\u2019 y en Espa\u00f1a, \u2018La catedral del mar\u2019.<\/p>\n<p>&nbsp;<\/p>\n","protected":false},"excerpt":{"rendered":"<p>La propuesta po\u00e9tico-musical comenzar\u00e1 a las 20 horas, con entradas a la venta al precio de 6 euros<\/p>\n","protected":false},"author":1,"featured_media":11097,"comment_status":"closed","ping_status":"closed","sticky":false,"template":"","format":"standard","meta":{"footnotes":""},"categories":[2],"tags":[],"class_list":["post-12267","post","type-post","status-publish","format-standard","has-post-thumbnail","hentry","category-ayuntamiento-pamplona"],"yoast_head":"<!-- This site is optimized with the Yoast SEO plugin v27.3 - https:\/\/yoast.com\/product\/yoast-seo-wordpress\/ -->\n<title>El actor Sergio Peris-Mencheta combina la m\u00fasica y los relatos y poes\u00edas de Mario Benedetti, en su espect\u00e1culo \u2018A voz en cuello\u2019, que lleva este viernes a Civivox Iturrama<\/title>\n<meta name=\"robots\" content=\"index, follow, max-snippet:-1, max-image-preview:large, max-video-preview:-1\" \/>\n<link rel=\"canonical\" href=\"https:\/\/www.laguiadepamplona.com\/actualidad\/el-actor-sergio-peris-mencheta-combina-la-musica-y-los-relatos-y-poesias-de-mario-benedetti-en-su-espectaculo-a-voz-en-cuello-que-lleva-este-viernes-a-civivox-iturrama\/\" \/>\n<meta property=\"og:locale\" content=\"es_ES\" \/>\n<meta property=\"og:type\" content=\"article\" \/>\n<meta property=\"og:title\" content=\"El actor Sergio Peris-Mencheta combina la m\u00fasica y los relatos y poes\u00edas de Mario Benedetti, en su espect\u00e1culo \u2018A voz en cuello\u2019, que lleva este viernes a Civivox Iturrama\" \/>\n<meta property=\"og:description\" content=\"La propuesta po\u00e9tico-musical comenzar\u00e1 a las 20 horas, con entradas a la venta al precio de 6 euros\" \/>\n<meta property=\"og:url\" content=\"https:\/\/www.laguiadepamplona.com\/actualidad\/el-actor-sergio-peris-mencheta-combina-la-musica-y-los-relatos-y-poesias-de-mario-benedetti-en-su-espectaculo-a-voz-en-cuello-que-lleva-este-viernes-a-civivox-iturrama\/\" \/>\n<meta property=\"og:site_name\" content=\"La Gu\u00eda de Pamplona\" \/>\n<meta property=\"article:publisher\" content=\"https:\/\/www.facebook.com\/laguiadepamplonacom-133175176762273\/?ref=hl\" \/>\n<meta property=\"article:published_time\" content=\"2017-03-15T16:29:04+00:00\" \/>\n<meta property=\"og:image\" content=\"https:\/\/www.laguiadepamplona.com\/actualidad\/wp-content\/uploads\/2016\/12\/civivox-de-iturrama.jpg\" \/>\n\t<meta property=\"og:image:width\" content=\"500\" \/>\n\t<meta property=\"og:image:height\" content=\"333\" \/>\n\t<meta property=\"og:image:type\" content=\"image\/jpeg\" \/>\n<meta name=\"author\" content=\"La Gu\u00eda de Pamplona\" \/>\n<meta name=\"twitter:card\" content=\"summary_large_image\" \/>\n<meta name=\"twitter:creator\" content=\"@LaGuiadPamplona\" \/>\n<meta name=\"twitter:site\" content=\"@LaGuiadPamplona\" \/>\n<meta name=\"twitter:label1\" content=\"Escrito por\" \/>\n\t<meta name=\"twitter:data1\" content=\"La Gu\u00eda de Pamplona\" \/>\n\t<meta name=\"twitter:label2\" content=\"Tiempo de lectura\" \/>\n\t<meta name=\"twitter:data2\" content=\"3 minutos\" \/>\n<script type=\"application\/ld+json\" class=\"yoast-schema-graph\">{\"@context\":\"https:\\\/\\\/schema.org\",\"@graph\":[{\"@type\":\"Article\",\"@id\":\"https:\\\/\\\/www.laguiadepamplona.com\\\/actualidad\\\/el-actor-sergio-peris-mencheta-combina-la-musica-y-los-relatos-y-poesias-de-mario-benedetti-en-su-espectaculo-a-voz-en-cuello-que-lleva-este-viernes-a-civivox-iturrama\\\/#article\",\"isPartOf\":{\"@id\":\"https:\\\/\\\/www.laguiadepamplona.com\\\/actualidad\\\/el-actor-sergio-peris-mencheta-combina-la-musica-y-los-relatos-y-poesias-de-mario-benedetti-en-su-espectaculo-a-voz-en-cuello-que-lleva-este-viernes-a-civivox-iturrama\\\/\"},\"author\":{\"name\":\"La Gu\u00eda de Pamplona\",\"@id\":\"https:\\\/\\\/www.laguiadepamplona.com\\\/actualidad\\\/#\\\/schema\\\/person\\\/efe887376f0213d4657c93adc50b1fdb\"},\"headline\":\"El actor Sergio Peris-Mencheta combina la m\u00fasica y los relatos y poes\u00edas de Mario Benedetti, en su espect\u00e1culo \u2018A voz en cuello\u2019, que lleva este viernes a Civivox Iturrama\",\"datePublished\":\"2017-03-15T16:29:04+00:00\",\"mainEntityOfPage\":{\"@id\":\"https:\\\/\\\/www.laguiadepamplona.com\\\/actualidad\\\/el-actor-sergio-peris-mencheta-combina-la-musica-y-los-relatos-y-poesias-de-mario-benedetti-en-su-espectaculo-a-voz-en-cuello-que-lleva-este-viernes-a-civivox-iturrama\\\/\"},\"wordCount\":552,\"publisher\":{\"@id\":\"https:\\\/\\\/www.laguiadepamplona.com\\\/actualidad\\\/#organization\"},\"image\":{\"@id\":\"https:\\\/\\\/www.laguiadepamplona.com\\\/actualidad\\\/el-actor-sergio-peris-mencheta-combina-la-musica-y-los-relatos-y-poesias-de-mario-benedetti-en-su-espectaculo-a-voz-en-cuello-que-lleva-este-viernes-a-civivox-iturrama\\\/#primaryimage\"},\"thumbnailUrl\":\"https:\\\/\\\/www.laguiadepamplona.com\\\/actualidad\\\/wp-content\\\/uploads\\\/2016\\\/12\\\/civivox-de-iturrama.jpg\",\"articleSection\":[\"Ayto Pamplona\"],\"inLanguage\":\"es\"},{\"@type\":\"WebPage\",\"@id\":\"https:\\\/\\\/www.laguiadepamplona.com\\\/actualidad\\\/el-actor-sergio-peris-mencheta-combina-la-musica-y-los-relatos-y-poesias-de-mario-benedetti-en-su-espectaculo-a-voz-en-cuello-que-lleva-este-viernes-a-civivox-iturrama\\\/\",\"url\":\"https:\\\/\\\/www.laguiadepamplona.com\\\/actualidad\\\/el-actor-sergio-peris-mencheta-combina-la-musica-y-los-relatos-y-poesias-de-mario-benedetti-en-su-espectaculo-a-voz-en-cuello-que-lleva-este-viernes-a-civivox-iturrama\\\/\",\"name\":\"El actor Sergio Peris-Mencheta combina la m\u00fasica y los relatos y poes\u00edas de Mario Benedetti, en su espect\u00e1culo \u2018A voz en cuello\u2019, que lleva este viernes a Civivox Iturrama\",\"isPartOf\":{\"@id\":\"https:\\\/\\\/www.laguiadepamplona.com\\\/actualidad\\\/#website\"},\"primaryImageOfPage\":{\"@id\":\"https:\\\/\\\/www.laguiadepamplona.com\\\/actualidad\\\/el-actor-sergio-peris-mencheta-combina-la-musica-y-los-relatos-y-poesias-de-mario-benedetti-en-su-espectaculo-a-voz-en-cuello-que-lleva-este-viernes-a-civivox-iturrama\\\/#primaryimage\"},\"image\":{\"@id\":\"https:\\\/\\\/www.laguiadepamplona.com\\\/actualidad\\\/el-actor-sergio-peris-mencheta-combina-la-musica-y-los-relatos-y-poesias-de-mario-benedetti-en-su-espectaculo-a-voz-en-cuello-que-lleva-este-viernes-a-civivox-iturrama\\\/#primaryimage\"},\"thumbnailUrl\":\"https:\\\/\\\/www.laguiadepamplona.com\\\/actualidad\\\/wp-content\\\/uploads\\\/2016\\\/12\\\/civivox-de-iturrama.jpg\",\"datePublished\":\"2017-03-15T16:29:04+00:00\",\"breadcrumb\":{\"@id\":\"https:\\\/\\\/www.laguiadepamplona.com\\\/actualidad\\\/el-actor-sergio-peris-mencheta-combina-la-musica-y-los-relatos-y-poesias-de-mario-benedetti-en-su-espectaculo-a-voz-en-cuello-que-lleva-este-viernes-a-civivox-iturrama\\\/#breadcrumb\"},\"inLanguage\":\"es\",\"potentialAction\":[{\"@type\":\"ReadAction\",\"target\":[\"https:\\\/\\\/www.laguiadepamplona.com\\\/actualidad\\\/el-actor-sergio-peris-mencheta-combina-la-musica-y-los-relatos-y-poesias-de-mario-benedetti-en-su-espectaculo-a-voz-en-cuello-que-lleva-este-viernes-a-civivox-iturrama\\\/\"]}]},{\"@type\":\"ImageObject\",\"inLanguage\":\"es\",\"@id\":\"https:\\\/\\\/www.laguiadepamplona.com\\\/actualidad\\\/el-actor-sergio-peris-mencheta-combina-la-musica-y-los-relatos-y-poesias-de-mario-benedetti-en-su-espectaculo-a-voz-en-cuello-que-lleva-este-viernes-a-civivox-iturrama\\\/#primaryimage\",\"url\":\"https:\\\/\\\/www.laguiadepamplona.com\\\/actualidad\\\/wp-content\\\/uploads\\\/2016\\\/12\\\/civivox-de-iturrama.jpg\",\"contentUrl\":\"https:\\\/\\\/www.laguiadepamplona.com\\\/actualidad\\\/wp-content\\\/uploads\\\/2016\\\/12\\\/civivox-de-iturrama.jpg\",\"width\":500,\"height\":333},{\"@type\":\"BreadcrumbList\",\"@id\":\"https:\\\/\\\/www.laguiadepamplona.com\\\/actualidad\\\/el-actor-sergio-peris-mencheta-combina-la-musica-y-los-relatos-y-poesias-de-mario-benedetti-en-su-espectaculo-a-voz-en-cuello-que-lleva-este-viernes-a-civivox-iturrama\\\/#breadcrumb\",\"itemListElement\":[{\"@type\":\"ListItem\",\"position\":1,\"name\":\"Portada\",\"item\":\"https:\\\/\\\/www.laguiadepamplona.com\\\/actualidad\\\/\"},{\"@type\":\"ListItem\",\"position\":2,\"name\":\"El actor Sergio Peris-Mencheta combina la m\u00fasica y los relatos y poes\u00edas de Mario Benedetti, en su espect\u00e1culo \u2018A voz en cuello\u2019, que lleva este viernes a Civivox Iturrama\"}]},{\"@type\":\"WebSite\",\"@id\":\"https:\\\/\\\/www.laguiadepamplona.com\\\/actualidad\\\/#website\",\"url\":\"https:\\\/\\\/www.laguiadepamplona.com\\\/actualidad\\\/\",\"name\":\"La gu\u00eda de Pamplona\",\"description\":\"Noticias de Pamplona\",\"publisher\":{\"@id\":\"https:\\\/\\\/www.laguiadepamplona.com\\\/actualidad\\\/#organization\"},\"potentialAction\":[{\"@type\":\"SearchAction\",\"target\":{\"@type\":\"EntryPoint\",\"urlTemplate\":\"https:\\\/\\\/www.laguiadepamplona.com\\\/actualidad\\\/?s={search_term_string}\"},\"query-input\":{\"@type\":\"PropertyValueSpecification\",\"valueRequired\":true,\"valueName\":\"search_term_string\"}}],\"inLanguage\":\"es\"},{\"@type\":\"Organization\",\"@id\":\"https:\\\/\\\/www.laguiadepamplona.com\\\/actualidad\\\/#organization\",\"name\":\"La Gu\u00eda de Pamplona \\\/ Noticias\",\"url\":\"https:\\\/\\\/www.laguiadepamplona.com\\\/actualidad\\\/\",\"logo\":{\"@type\":\"ImageObject\",\"inLanguage\":\"es\",\"@id\":\"https:\\\/\\\/www.laguiadepamplona.com\\\/actualidad\\\/#\\\/schema\\\/logo\\\/image\\\/\",\"url\":\"https:\\\/\\\/www.laguiadepamplona.com\\\/actualidad\\\/wp-content\\\/uploads\\\/2018\\\/11\\\/logo-laguiadepamplona18-web1.png\",\"contentUrl\":\"https:\\\/\\\/www.laguiadepamplona.com\\\/actualidad\\\/wp-content\\\/uploads\\\/2018\\\/11\\\/logo-laguiadepamplona18-web1.png\",\"width\":600,\"height\":196,\"caption\":\"La Gu\u00eda de Pamplona \\\/ Noticias\"},\"image\":{\"@id\":\"https:\\\/\\\/www.laguiadepamplona.com\\\/actualidad\\\/#\\\/schema\\\/logo\\\/image\\\/\"},\"sameAs\":[\"https:\\\/\\\/www.facebook.com\\\/laguiadepamplonacom-133175176762273\\\/?ref=hl\",\"https:\\\/\\\/x.com\\\/LaGuiadPamplona\",\"https:\\\/\\\/www.instagram.com\\\/la_guia_de_pamplona\\\/\",\"https:\\\/\\\/www.youtube.com\\\/user\\\/laguiadepamplona\"]},{\"@type\":\"Person\",\"@id\":\"https:\\\/\\\/www.laguiadepamplona.com\\\/actualidad\\\/#\\\/schema\\\/person\\\/efe887376f0213d4657c93adc50b1fdb\",\"name\":\"La Gu\u00eda de Pamplona\",\"image\":{\"@type\":\"ImageObject\",\"inLanguage\":\"es\",\"@id\":\"https:\\\/\\\/secure.gravatar.com\\\/avatar\\\/b6992f131dc8d30ab0dff15446e9d346d9dbd95992de0fef795073f5ea83a81c?s=96&d=mm&r=g\",\"url\":\"https:\\\/\\\/secure.gravatar.com\\\/avatar\\\/b6992f131dc8d30ab0dff15446e9d346d9dbd95992de0fef795073f5ea83a81c?s=96&d=mm&r=g\",\"contentUrl\":\"https:\\\/\\\/secure.gravatar.com\\\/avatar\\\/b6992f131dc8d30ab0dff15446e9d346d9dbd95992de0fef795073f5ea83a81c?s=96&d=mm&r=g\",\"caption\":\"La Gu\u00eda de Pamplona\"}}]}<\/script>\n<!-- \/ Yoast SEO plugin. -->","yoast_head_json":{"title":"El actor Sergio Peris-Mencheta combina la m\u00fasica y los relatos y poes\u00edas de Mario Benedetti, en su espect\u00e1culo \u2018A voz en cuello\u2019, que lleva este viernes a Civivox Iturrama","robots":{"index":"index","follow":"follow","max-snippet":"max-snippet:-1","max-image-preview":"max-image-preview:large","max-video-preview":"max-video-preview:-1"},"canonical":"https:\/\/www.laguiadepamplona.com\/actualidad\/el-actor-sergio-peris-mencheta-combina-la-musica-y-los-relatos-y-poesias-de-mario-benedetti-en-su-espectaculo-a-voz-en-cuello-que-lleva-este-viernes-a-civivox-iturrama\/","og_locale":"es_ES","og_type":"article","og_title":"El actor Sergio Peris-Mencheta combina la m\u00fasica y los relatos y poes\u00edas de Mario Benedetti, en su espect\u00e1culo \u2018A voz en cuello\u2019, que lleva este viernes a Civivox Iturrama","og_description":"La propuesta po\u00e9tico-musical comenzar\u00e1 a las 20 horas, con entradas a la venta al precio de 6 euros","og_url":"https:\/\/www.laguiadepamplona.com\/actualidad\/el-actor-sergio-peris-mencheta-combina-la-musica-y-los-relatos-y-poesias-de-mario-benedetti-en-su-espectaculo-a-voz-en-cuello-que-lleva-este-viernes-a-civivox-iturrama\/","og_site_name":"La Gu\u00eda de Pamplona","article_publisher":"https:\/\/www.facebook.com\/laguiadepamplonacom-133175176762273\/?ref=hl","article_published_time":"2017-03-15T16:29:04+00:00","og_image":[{"width":500,"height":333,"url":"https:\/\/www.laguiadepamplona.com\/actualidad\/wp-content\/uploads\/2016\/12\/civivox-de-iturrama.jpg","type":"image\/jpeg"}],"author":"La Gu\u00eda de Pamplona","twitter_card":"summary_large_image","twitter_creator":"@LaGuiadPamplona","twitter_site":"@LaGuiadPamplona","twitter_misc":{"Escrito por":"La Gu\u00eda de Pamplona","Tiempo de lectura":"3 minutos"},"schema":{"@context":"https:\/\/schema.org","@graph":[{"@type":"Article","@id":"https:\/\/www.laguiadepamplona.com\/actualidad\/el-actor-sergio-peris-mencheta-combina-la-musica-y-los-relatos-y-poesias-de-mario-benedetti-en-su-espectaculo-a-voz-en-cuello-que-lleva-este-viernes-a-civivox-iturrama\/#article","isPartOf":{"@id":"https:\/\/www.laguiadepamplona.com\/actualidad\/el-actor-sergio-peris-mencheta-combina-la-musica-y-los-relatos-y-poesias-de-mario-benedetti-en-su-espectaculo-a-voz-en-cuello-que-lleva-este-viernes-a-civivox-iturrama\/"},"author":{"name":"La Gu\u00eda de Pamplona","@id":"https:\/\/www.laguiadepamplona.com\/actualidad\/#\/schema\/person\/efe887376f0213d4657c93adc50b1fdb"},"headline":"El actor Sergio Peris-Mencheta combina la m\u00fasica y los relatos y poes\u00edas de Mario Benedetti, en su espect\u00e1culo \u2018A voz en cuello\u2019, que lleva este viernes a Civivox Iturrama","datePublished":"2017-03-15T16:29:04+00:00","mainEntityOfPage":{"@id":"https:\/\/www.laguiadepamplona.com\/actualidad\/el-actor-sergio-peris-mencheta-combina-la-musica-y-los-relatos-y-poesias-de-mario-benedetti-en-su-espectaculo-a-voz-en-cuello-que-lleva-este-viernes-a-civivox-iturrama\/"},"wordCount":552,"publisher":{"@id":"https:\/\/www.laguiadepamplona.com\/actualidad\/#organization"},"image":{"@id":"https:\/\/www.laguiadepamplona.com\/actualidad\/el-actor-sergio-peris-mencheta-combina-la-musica-y-los-relatos-y-poesias-de-mario-benedetti-en-su-espectaculo-a-voz-en-cuello-que-lleva-este-viernes-a-civivox-iturrama\/#primaryimage"},"thumbnailUrl":"https:\/\/www.laguiadepamplona.com\/actualidad\/wp-content\/uploads\/2016\/12\/civivox-de-iturrama.jpg","articleSection":["Ayto Pamplona"],"inLanguage":"es"},{"@type":"WebPage","@id":"https:\/\/www.laguiadepamplona.com\/actualidad\/el-actor-sergio-peris-mencheta-combina-la-musica-y-los-relatos-y-poesias-de-mario-benedetti-en-su-espectaculo-a-voz-en-cuello-que-lleva-este-viernes-a-civivox-iturrama\/","url":"https:\/\/www.laguiadepamplona.com\/actualidad\/el-actor-sergio-peris-mencheta-combina-la-musica-y-los-relatos-y-poesias-de-mario-benedetti-en-su-espectaculo-a-voz-en-cuello-que-lleva-este-viernes-a-civivox-iturrama\/","name":"El actor Sergio Peris-Mencheta combina la m\u00fasica y los relatos y poes\u00edas de Mario Benedetti, en su espect\u00e1culo \u2018A voz en cuello\u2019, que lleva este viernes a Civivox Iturrama","isPartOf":{"@id":"https:\/\/www.laguiadepamplona.com\/actualidad\/#website"},"primaryImageOfPage":{"@id":"https:\/\/www.laguiadepamplona.com\/actualidad\/el-actor-sergio-peris-mencheta-combina-la-musica-y-los-relatos-y-poesias-de-mario-benedetti-en-su-espectaculo-a-voz-en-cuello-que-lleva-este-viernes-a-civivox-iturrama\/#primaryimage"},"image":{"@id":"https:\/\/www.laguiadepamplona.com\/actualidad\/el-actor-sergio-peris-mencheta-combina-la-musica-y-los-relatos-y-poesias-de-mario-benedetti-en-su-espectaculo-a-voz-en-cuello-que-lleva-este-viernes-a-civivox-iturrama\/#primaryimage"},"thumbnailUrl":"https:\/\/www.laguiadepamplona.com\/actualidad\/wp-content\/uploads\/2016\/12\/civivox-de-iturrama.jpg","datePublished":"2017-03-15T16:29:04+00:00","breadcrumb":{"@id":"https:\/\/www.laguiadepamplona.com\/actualidad\/el-actor-sergio-peris-mencheta-combina-la-musica-y-los-relatos-y-poesias-de-mario-benedetti-en-su-espectaculo-a-voz-en-cuello-que-lleva-este-viernes-a-civivox-iturrama\/#breadcrumb"},"inLanguage":"es","potentialAction":[{"@type":"ReadAction","target":["https:\/\/www.laguiadepamplona.com\/actualidad\/el-actor-sergio-peris-mencheta-combina-la-musica-y-los-relatos-y-poesias-de-mario-benedetti-en-su-espectaculo-a-voz-en-cuello-que-lleva-este-viernes-a-civivox-iturrama\/"]}]},{"@type":"ImageObject","inLanguage":"es","@id":"https:\/\/www.laguiadepamplona.com\/actualidad\/el-actor-sergio-peris-mencheta-combina-la-musica-y-los-relatos-y-poesias-de-mario-benedetti-en-su-espectaculo-a-voz-en-cuello-que-lleva-este-viernes-a-civivox-iturrama\/#primaryimage","url":"https:\/\/www.laguiadepamplona.com\/actualidad\/wp-content\/uploads\/2016\/12\/civivox-de-iturrama.jpg","contentUrl":"https:\/\/www.laguiadepamplona.com\/actualidad\/wp-content\/uploads\/2016\/12\/civivox-de-iturrama.jpg","width":500,"height":333},{"@type":"BreadcrumbList","@id":"https:\/\/www.laguiadepamplona.com\/actualidad\/el-actor-sergio-peris-mencheta-combina-la-musica-y-los-relatos-y-poesias-de-mario-benedetti-en-su-espectaculo-a-voz-en-cuello-que-lleva-este-viernes-a-civivox-iturrama\/#breadcrumb","itemListElement":[{"@type":"ListItem","position":1,"name":"Portada","item":"https:\/\/www.laguiadepamplona.com\/actualidad\/"},{"@type":"ListItem","position":2,"name":"El actor Sergio Peris-Mencheta combina la m\u00fasica y los relatos y poes\u00edas de Mario Benedetti, en su espect\u00e1culo \u2018A voz en cuello\u2019, que lleva este viernes a Civivox Iturrama"}]},{"@type":"WebSite","@id":"https:\/\/www.laguiadepamplona.com\/actualidad\/#website","url":"https:\/\/www.laguiadepamplona.com\/actualidad\/","name":"La gu\u00eda de Pamplona","description":"Noticias de Pamplona","publisher":{"@id":"https:\/\/www.laguiadepamplona.com\/actualidad\/#organization"},"potentialAction":[{"@type":"SearchAction","target":{"@type":"EntryPoint","urlTemplate":"https:\/\/www.laguiadepamplona.com\/actualidad\/?s={search_term_string}"},"query-input":{"@type":"PropertyValueSpecification","valueRequired":true,"valueName":"search_term_string"}}],"inLanguage":"es"},{"@type":"Organization","@id":"https:\/\/www.laguiadepamplona.com\/actualidad\/#organization","name":"La Gu\u00eda de Pamplona \/ Noticias","url":"https:\/\/www.laguiadepamplona.com\/actualidad\/","logo":{"@type":"ImageObject","inLanguage":"es","@id":"https:\/\/www.laguiadepamplona.com\/actualidad\/#\/schema\/logo\/image\/","url":"https:\/\/www.laguiadepamplona.com\/actualidad\/wp-content\/uploads\/2018\/11\/logo-laguiadepamplona18-web1.png","contentUrl":"https:\/\/www.laguiadepamplona.com\/actualidad\/wp-content\/uploads\/2018\/11\/logo-laguiadepamplona18-web1.png","width":600,"height":196,"caption":"La Gu\u00eda de Pamplona \/ Noticias"},"image":{"@id":"https:\/\/www.laguiadepamplona.com\/actualidad\/#\/schema\/logo\/image\/"},"sameAs":["https:\/\/www.facebook.com\/laguiadepamplonacom-133175176762273\/?ref=hl","https:\/\/x.com\/LaGuiadPamplona","https:\/\/www.instagram.com\/la_guia_de_pamplona\/","https:\/\/www.youtube.com\/user\/laguiadepamplona"]},{"@type":"Person","@id":"https:\/\/www.laguiadepamplona.com\/actualidad\/#\/schema\/person\/efe887376f0213d4657c93adc50b1fdb","name":"La Gu\u00eda de Pamplona","image":{"@type":"ImageObject","inLanguage":"es","@id":"https:\/\/secure.gravatar.com\/avatar\/b6992f131dc8d30ab0dff15446e9d346d9dbd95992de0fef795073f5ea83a81c?s=96&d=mm&r=g","url":"https:\/\/secure.gravatar.com\/avatar\/b6992f131dc8d30ab0dff15446e9d346d9dbd95992de0fef795073f5ea83a81c?s=96&d=mm&r=g","contentUrl":"https:\/\/secure.gravatar.com\/avatar\/b6992f131dc8d30ab0dff15446e9d346d9dbd95992de0fef795073f5ea83a81c?s=96&d=mm&r=g","caption":"La Gu\u00eda de Pamplona"}}]}},"post_mailing_queue_ids":[],"_links":{"self":[{"href":"https:\/\/www.laguiadepamplona.com\/actualidad\/wp-json\/wp\/v2\/posts\/12267","targetHints":{"allow":["GET"]}}],"collection":[{"href":"https:\/\/www.laguiadepamplona.com\/actualidad\/wp-json\/wp\/v2\/posts"}],"about":[{"href":"https:\/\/www.laguiadepamplona.com\/actualidad\/wp-json\/wp\/v2\/types\/post"}],"author":[{"embeddable":true,"href":"https:\/\/www.laguiadepamplona.com\/actualidad\/wp-json\/wp\/v2\/users\/1"}],"replies":[{"embeddable":true,"href":"https:\/\/www.laguiadepamplona.com\/actualidad\/wp-json\/wp\/v2\/comments?post=12267"}],"version-history":[{"count":0,"href":"https:\/\/www.laguiadepamplona.com\/actualidad\/wp-json\/wp\/v2\/posts\/12267\/revisions"}],"wp:featuredmedia":[{"embeddable":true,"href":"https:\/\/www.laguiadepamplona.com\/actualidad\/wp-json\/wp\/v2\/media\/11097"}],"wp:attachment":[{"href":"https:\/\/www.laguiadepamplona.com\/actualidad\/wp-json\/wp\/v2\/media?parent=12267"}],"wp:term":[{"taxonomy":"category","embeddable":true,"href":"https:\/\/www.laguiadepamplona.com\/actualidad\/wp-json\/wp\/v2\/categories?post=12267"},{"taxonomy":"post_tag","embeddable":true,"href":"https:\/\/www.laguiadepamplona.com\/actualidad\/wp-json\/wp\/v2\/tags?post=12267"}],"curies":[{"name":"wp","href":"https:\/\/api.w.org\/{rel}","templated":true}]}}