{"id":12263,"date":"2017-03-15T17:26:39","date_gmt":"2017-03-15T16:26:39","guid":{"rendered":"http:\/\/laguiadepamplona.es\/actualidad\/?p=12263"},"modified":"2017-03-15T17:26:39","modified_gmt":"2017-03-15T16:26:39","slug":"nani-more-cocinera-y-fundadora-de-la-asociacion-de-comedores-ecologicos-de-cataluna-en-una-charla-sobre-la-nueva-gestion-de-los-menus-de-las-escuelas-infantiles","status":"publish","type":"post","link":"https:\/\/www.laguiadepamplona.com\/actualidad\/nani-more-cocinera-y-fundadora-de-la-asociacion-de-comedores-ecologicos-de-cataluna-en-una-charla-sobre-la-nueva-gestion-de-los-menus-de-las-escuelas-infantiles\/","title":{"rendered":"Nani Mor\u00e9, cocinera y fundadora de la Asociaci\u00f3n de Comedores Ecol\u00f3gicos de Catalu\u00f1a, en una charla sobre la nueva gesti\u00f3n de los men\u00fas de las Escuelas Infantiles"},"content":{"rendered":"<h3>El encuentro se celebrar\u00e1 ma\u00f1ana jueves en Civivox Jus la Rotxa de cinco a siete de la tarde con entrada libre<\/h3>\n<p><!--more--><\/p>\n<p>Civivox Jus la Rotxa acoge ma\u00f1ana jueves, 16 de marzo, una charla de Nani Mor\u00e9, cocinera y fundadora de la Asociaci\u00f3n de Comedores Ecol\u00f3gicos de Catalu\u00f1a, en la que abordar\u00e1 las \u2018Nuevas maneras de gestionar los men\u00fas de las Escuelas Infantiles\u2019. Ser\u00e1 de cinco a siete de la tarde y est\u00e1 especialmente dirigida a personal de las escuelas infantiles de educaci\u00f3n, cocina, auxiliar de cocina, limpieza, mantenimiento y direcci\u00f3n, adem\u00e1s de a las familias. La entrada es libre. Al d\u00eda siguiente, el viernes, Nani Mor\u00e9 ofrecer\u00e1 un talle exclusivamente para el personal de las cocinas de la Escuelas Infantiles en Hello Buztintxuri titulado \u2018Ccocinando con alimentos de proximidad para la salud del ni\u00f1o\/a y la del medio ambiente\u2019.<\/p>\n<p>La ponente hablar\u00e1 ma\u00f1ana de c\u00f3mo dise\u00f1ar un men\u00fa equilibrado nutricionalmente, elaborado con alimentos de calidad, sanos y sabrosos. Detallar\u00e1 platos elaborados conservando las propiedades nutritivas de los alimentos y favoreciendo la utilizaci\u00f3n de prote\u00edna vegetal as\u00ed como de la pasta, el pan y el arroz integral. Todo ello con alimentos frescos, de temporada, locales y a poder ser ecol\u00f3gicos, con valores y criterios de sostenibilidad, sociales y de igualdad. Tambi\u00e9n recordar\u00e1 que al igual que otros \u00e1mbitos de la vida, la alimentaci\u00f3n ha cambiado en los \u00faltimos a\u00f1os lo que exige una reflexi\u00f3n continua, una reflexi\u00f3n que ayude a adecuar la alimentaci\u00f3n a las necesidades especialmente cuando se trata de menores.<\/p>\n<p>Nani Mor\u00e9, adem\u00e1s de desarrollar su labor profesional concienciando en h\u00e1bitos de consumo de alimentaci\u00f3n infantil, ha sido guionista y directora del documental \u2018El plato o la vida\u2019 (2012) y ha colaborado con una moci\u00f3n del Parlamento de Catalu\u00f1a con la que se buscaba, por decreto, que los comedores escolares se asumieran como espacios educativos. Tambi\u00e9n colabora con instituciones educativas \u201ccon la finalidad de lograr cambios necesarios para que se preparen alimentos como los que el alumnado tiene derecho: sanos y frescos, a bajo costo\u201d y participa en el grupo de trabajo de comedores ecol\u00f3gicos y de proximidad del Vall\u00e9s Oriental y del Maresme, gestionando los comedores de tres escuelas infantiles.<\/p>\n<p>Ambas actividades se han organizado dentro del plan de implantaci\u00f3n de men\u00fas m\u00e1s saludables que se encuentra ahora en fase experimental con su puesta en marcha en las Escuelas Infantiles Hello Buztintxuri y Donibane. El Ayuntamiento de Pamplona encarg\u00f3 un estudio que remarcaba la importancia de la introducci\u00f3n de alimentos de proximidad, de temporada y ecol\u00f3gicos adquiridos directamente a los productores. Estos cambios se fundamentan en criterios de mejora de la calidad tanto desde el punto de vista de la apetencia y el sabor como nutricional y sanitaria. Tambi\u00e9n obedecen a criterios de sostenibilidad econ\u00f3mica, social y medioambiental. El informe consideraba que los alimentos b\u00e1sicos deben recuperar su protagonismo y su calidad.<\/p>\n<p>&nbsp;<\/p>\n","protected":false},"excerpt":{"rendered":"<p>El encuentro se celebrar\u00e1 ma\u00f1ana jueves en Civivox Jus la Rotxa de cinco a siete de la tarde con entrada libre<\/p>\n","protected":false},"author":1,"featured_media":11108,"comment_status":"closed","ping_status":"closed","sticky":false,"template":"","format":"standard","meta":{"footnotes":""},"categories":[2],"tags":[],"class_list":["post-12263","post","type-post","status-publish","format-standard","has-post-thumbnail","hentry","category-ayuntamiento-pamplona"],"yoast_head":"<!-- This site is optimized with the Yoast SEO plugin v27.3 - https:\/\/yoast.com\/product\/yoast-seo-wordpress\/ -->\n<title>Nani Mor\u00e9, cocinera y fundadora de la Asociaci\u00f3n de Comedores Ecol\u00f3gicos de Catalu\u00f1a, en una charla sobre la nueva gesti\u00f3n de los men\u00fas de las Escuelas Infantiles<\/title>\n<meta name=\"robots\" content=\"index, follow, max-snippet:-1, max-image-preview:large, max-video-preview:-1\" \/>\n<link rel=\"canonical\" href=\"https:\/\/www.laguiadepamplona.com\/actualidad\/nani-more-cocinera-y-fundadora-de-la-asociacion-de-comedores-ecologicos-de-cataluna-en-una-charla-sobre-la-nueva-gestion-de-los-menus-de-las-escuelas-infantiles\/\" \/>\n<meta property=\"og:locale\" content=\"es_ES\" \/>\n<meta property=\"og:type\" content=\"article\" \/>\n<meta property=\"og:title\" content=\"Nani Mor\u00e9, cocinera y fundadora de la Asociaci\u00f3n de Comedores Ecol\u00f3gicos de Catalu\u00f1a, en una charla sobre la nueva gesti\u00f3n de los men\u00fas de las Escuelas Infantiles\" \/>\n<meta property=\"og:description\" content=\"El encuentro se celebrar\u00e1 ma\u00f1ana jueves en Civivox Jus la Rotxa de cinco a siete de la tarde con entrada libre\" \/>\n<meta property=\"og:url\" content=\"https:\/\/www.laguiadepamplona.com\/actualidad\/nani-more-cocinera-y-fundadora-de-la-asociacion-de-comedores-ecologicos-de-cataluna-en-una-charla-sobre-la-nueva-gestion-de-los-menus-de-las-escuelas-infantiles\/\" \/>\n<meta property=\"og:site_name\" content=\"La Gu\u00eda de Pamplona\" \/>\n<meta property=\"article:publisher\" content=\"https:\/\/www.facebook.com\/laguiadepamplonacom-133175176762273\/?ref=hl\" \/>\n<meta property=\"article:published_time\" content=\"2017-03-15T16:26:39+00:00\" \/>\n<meta property=\"og:image\" content=\"https:\/\/www.laguiadepamplona.com\/actualidad\/wp-content\/uploads\/2016\/12\/jus-la-rocha-civivox.jpg\" \/>\n\t<meta property=\"og:image:width\" content=\"500\" \/>\n\t<meta property=\"og:image:height\" content=\"300\" \/>\n\t<meta property=\"og:image:type\" content=\"image\/jpeg\" \/>\n<meta name=\"author\" content=\"La Gu\u00eda de Pamplona\" \/>\n<meta name=\"twitter:card\" content=\"summary_large_image\" \/>\n<meta name=\"twitter:creator\" content=\"@LaGuiadPamplona\" \/>\n<meta name=\"twitter:site\" content=\"@LaGuiadPamplona\" \/>\n<meta name=\"twitter:label1\" content=\"Escrito por\" \/>\n\t<meta name=\"twitter:data1\" content=\"La Gu\u00eda de Pamplona\" \/>\n\t<meta name=\"twitter:label2\" content=\"Tiempo de lectura\" \/>\n\t<meta name=\"twitter:data2\" content=\"3 minutos\" \/>\n<script type=\"application\/ld+json\" class=\"yoast-schema-graph\">{\"@context\":\"https:\\\/\\\/schema.org\",\"@graph\":[{\"@type\":\"Article\",\"@id\":\"https:\\\/\\\/www.laguiadepamplona.com\\\/actualidad\\\/nani-more-cocinera-y-fundadora-de-la-asociacion-de-comedores-ecologicos-de-cataluna-en-una-charla-sobre-la-nueva-gestion-de-los-menus-de-las-escuelas-infantiles\\\/#article\",\"isPartOf\":{\"@id\":\"https:\\\/\\\/www.laguiadepamplona.com\\\/actualidad\\\/nani-more-cocinera-y-fundadora-de-la-asociacion-de-comedores-ecologicos-de-cataluna-en-una-charla-sobre-la-nueva-gestion-de-los-menus-de-las-escuelas-infantiles\\\/\"},\"author\":{\"name\":\"La Gu\u00eda de Pamplona\",\"@id\":\"https:\\\/\\\/www.laguiadepamplona.com\\\/actualidad\\\/#\\\/schema\\\/person\\\/efe887376f0213d4657c93adc50b1fdb\"},\"headline\":\"Nani Mor\u00e9, cocinera y fundadora de la Asociaci\u00f3n de Comedores Ecol\u00f3gicos de Catalu\u00f1a, en una charla sobre la nueva gesti\u00f3n de los men\u00fas de las Escuelas Infantiles\",\"datePublished\":\"2017-03-15T16:26:39+00:00\",\"mainEntityOfPage\":{\"@id\":\"https:\\\/\\\/www.laguiadepamplona.com\\\/actualidad\\\/nani-more-cocinera-y-fundadora-de-la-asociacion-de-comedores-ecologicos-de-cataluna-en-una-charla-sobre-la-nueva-gestion-de-los-menus-de-las-escuelas-infantiles\\\/\"},\"wordCount\":545,\"publisher\":{\"@id\":\"https:\\\/\\\/www.laguiadepamplona.com\\\/actualidad\\\/#organization\"},\"image\":{\"@id\":\"https:\\\/\\\/www.laguiadepamplona.com\\\/actualidad\\\/nani-more-cocinera-y-fundadora-de-la-asociacion-de-comedores-ecologicos-de-cataluna-en-una-charla-sobre-la-nueva-gestion-de-los-menus-de-las-escuelas-infantiles\\\/#primaryimage\"},\"thumbnailUrl\":\"https:\\\/\\\/www.laguiadepamplona.com\\\/actualidad\\\/wp-content\\\/uploads\\\/2016\\\/12\\\/jus-la-rocha-civivox.jpg\",\"articleSection\":[\"Ayto Pamplona\"],\"inLanguage\":\"es\"},{\"@type\":\"WebPage\",\"@id\":\"https:\\\/\\\/www.laguiadepamplona.com\\\/actualidad\\\/nani-more-cocinera-y-fundadora-de-la-asociacion-de-comedores-ecologicos-de-cataluna-en-una-charla-sobre-la-nueva-gestion-de-los-menus-de-las-escuelas-infantiles\\\/\",\"url\":\"https:\\\/\\\/www.laguiadepamplona.com\\\/actualidad\\\/nani-more-cocinera-y-fundadora-de-la-asociacion-de-comedores-ecologicos-de-cataluna-en-una-charla-sobre-la-nueva-gestion-de-los-menus-de-las-escuelas-infantiles\\\/\",\"name\":\"Nani Mor\u00e9, cocinera y fundadora de la Asociaci\u00f3n de Comedores Ecol\u00f3gicos de Catalu\u00f1a, en una charla sobre la nueva gesti\u00f3n de los men\u00fas de las Escuelas Infantiles\",\"isPartOf\":{\"@id\":\"https:\\\/\\\/www.laguiadepamplona.com\\\/actualidad\\\/#website\"},\"primaryImageOfPage\":{\"@id\":\"https:\\\/\\\/www.laguiadepamplona.com\\\/actualidad\\\/nani-more-cocinera-y-fundadora-de-la-asociacion-de-comedores-ecologicos-de-cataluna-en-una-charla-sobre-la-nueva-gestion-de-los-menus-de-las-escuelas-infantiles\\\/#primaryimage\"},\"image\":{\"@id\":\"https:\\\/\\\/www.laguiadepamplona.com\\\/actualidad\\\/nani-more-cocinera-y-fundadora-de-la-asociacion-de-comedores-ecologicos-de-cataluna-en-una-charla-sobre-la-nueva-gestion-de-los-menus-de-las-escuelas-infantiles\\\/#primaryimage\"},\"thumbnailUrl\":\"https:\\\/\\\/www.laguiadepamplona.com\\\/actualidad\\\/wp-content\\\/uploads\\\/2016\\\/12\\\/jus-la-rocha-civivox.jpg\",\"datePublished\":\"2017-03-15T16:26:39+00:00\",\"breadcrumb\":{\"@id\":\"https:\\\/\\\/www.laguiadepamplona.com\\\/actualidad\\\/nani-more-cocinera-y-fundadora-de-la-asociacion-de-comedores-ecologicos-de-cataluna-en-una-charla-sobre-la-nueva-gestion-de-los-menus-de-las-escuelas-infantiles\\\/#breadcrumb\"},\"inLanguage\":\"es\",\"potentialAction\":[{\"@type\":\"ReadAction\",\"target\":[\"https:\\\/\\\/www.laguiadepamplona.com\\\/actualidad\\\/nani-more-cocinera-y-fundadora-de-la-asociacion-de-comedores-ecologicos-de-cataluna-en-una-charla-sobre-la-nueva-gestion-de-los-menus-de-las-escuelas-infantiles\\\/\"]}]},{\"@type\":\"ImageObject\",\"inLanguage\":\"es\",\"@id\":\"https:\\\/\\\/www.laguiadepamplona.com\\\/actualidad\\\/nani-more-cocinera-y-fundadora-de-la-asociacion-de-comedores-ecologicos-de-cataluna-en-una-charla-sobre-la-nueva-gestion-de-los-menus-de-las-escuelas-infantiles\\\/#primaryimage\",\"url\":\"https:\\\/\\\/www.laguiadepamplona.com\\\/actualidad\\\/wp-content\\\/uploads\\\/2016\\\/12\\\/jus-la-rocha-civivox.jpg\",\"contentUrl\":\"https:\\\/\\\/www.laguiadepamplona.com\\\/actualidad\\\/wp-content\\\/uploads\\\/2016\\\/12\\\/jus-la-rocha-civivox.jpg\",\"width\":500,\"height\":300},{\"@type\":\"BreadcrumbList\",\"@id\":\"https:\\\/\\\/www.laguiadepamplona.com\\\/actualidad\\\/nani-more-cocinera-y-fundadora-de-la-asociacion-de-comedores-ecologicos-de-cataluna-en-una-charla-sobre-la-nueva-gestion-de-los-menus-de-las-escuelas-infantiles\\\/#breadcrumb\",\"itemListElement\":[{\"@type\":\"ListItem\",\"position\":1,\"name\":\"Portada\",\"item\":\"https:\\\/\\\/www.laguiadepamplona.com\\\/actualidad\\\/\"},{\"@type\":\"ListItem\",\"position\":2,\"name\":\"Nani Mor\u00e9, cocinera y fundadora de la Asociaci\u00f3n de Comedores Ecol\u00f3gicos de Catalu\u00f1a, en una charla sobre la nueva gesti\u00f3n de los men\u00fas de las Escuelas Infantiles\"}]},{\"@type\":\"WebSite\",\"@id\":\"https:\\\/\\\/www.laguiadepamplona.com\\\/actualidad\\\/#website\",\"url\":\"https:\\\/\\\/www.laguiadepamplona.com\\\/actualidad\\\/\",\"name\":\"La gu\u00eda de Pamplona\",\"description\":\"Noticias de Pamplona\",\"publisher\":{\"@id\":\"https:\\\/\\\/www.laguiadepamplona.com\\\/actualidad\\\/#organization\"},\"potentialAction\":[{\"@type\":\"SearchAction\",\"target\":{\"@type\":\"EntryPoint\",\"urlTemplate\":\"https:\\\/\\\/www.laguiadepamplona.com\\\/actualidad\\\/?s={search_term_string}\"},\"query-input\":{\"@type\":\"PropertyValueSpecification\",\"valueRequired\":true,\"valueName\":\"search_term_string\"}}],\"inLanguage\":\"es\"},{\"@type\":\"Organization\",\"@id\":\"https:\\\/\\\/www.laguiadepamplona.com\\\/actualidad\\\/#organization\",\"name\":\"La Gu\u00eda de Pamplona \\\/ Noticias\",\"url\":\"https:\\\/\\\/www.laguiadepamplona.com\\\/actualidad\\\/\",\"logo\":{\"@type\":\"ImageObject\",\"inLanguage\":\"es\",\"@id\":\"https:\\\/\\\/www.laguiadepamplona.com\\\/actualidad\\\/#\\\/schema\\\/logo\\\/image\\\/\",\"url\":\"https:\\\/\\\/www.laguiadepamplona.com\\\/actualidad\\\/wp-content\\\/uploads\\\/2018\\\/11\\\/logo-laguiadepamplona18-web1.png\",\"contentUrl\":\"https:\\\/\\\/www.laguiadepamplona.com\\\/actualidad\\\/wp-content\\\/uploads\\\/2018\\\/11\\\/logo-laguiadepamplona18-web1.png\",\"width\":600,\"height\":196,\"caption\":\"La Gu\u00eda de Pamplona \\\/ Noticias\"},\"image\":{\"@id\":\"https:\\\/\\\/www.laguiadepamplona.com\\\/actualidad\\\/#\\\/schema\\\/logo\\\/image\\\/\"},\"sameAs\":[\"https:\\\/\\\/www.facebook.com\\\/laguiadepamplonacom-133175176762273\\\/?ref=hl\",\"https:\\\/\\\/x.com\\\/LaGuiadPamplona\",\"https:\\\/\\\/www.instagram.com\\\/la_guia_de_pamplona\\\/\",\"https:\\\/\\\/www.youtube.com\\\/user\\\/laguiadepamplona\"]},{\"@type\":\"Person\",\"@id\":\"https:\\\/\\\/www.laguiadepamplona.com\\\/actualidad\\\/#\\\/schema\\\/person\\\/efe887376f0213d4657c93adc50b1fdb\",\"name\":\"La Gu\u00eda de Pamplona\",\"image\":{\"@type\":\"ImageObject\",\"inLanguage\":\"es\",\"@id\":\"https:\\\/\\\/secure.gravatar.com\\\/avatar\\\/b6992f131dc8d30ab0dff15446e9d346d9dbd95992de0fef795073f5ea83a81c?s=96&d=mm&r=g\",\"url\":\"https:\\\/\\\/secure.gravatar.com\\\/avatar\\\/b6992f131dc8d30ab0dff15446e9d346d9dbd95992de0fef795073f5ea83a81c?s=96&d=mm&r=g\",\"contentUrl\":\"https:\\\/\\\/secure.gravatar.com\\\/avatar\\\/b6992f131dc8d30ab0dff15446e9d346d9dbd95992de0fef795073f5ea83a81c?s=96&d=mm&r=g\",\"caption\":\"La Gu\u00eda de Pamplona\"}}]}<\/script>\n<!-- \/ Yoast SEO plugin. -->","yoast_head_json":{"title":"Nani Mor\u00e9, cocinera y fundadora de la Asociaci\u00f3n de Comedores Ecol\u00f3gicos de Catalu\u00f1a, en una charla sobre la nueva gesti\u00f3n de los men\u00fas de las Escuelas Infantiles","robots":{"index":"index","follow":"follow","max-snippet":"max-snippet:-1","max-image-preview":"max-image-preview:large","max-video-preview":"max-video-preview:-1"},"canonical":"https:\/\/www.laguiadepamplona.com\/actualidad\/nani-more-cocinera-y-fundadora-de-la-asociacion-de-comedores-ecologicos-de-cataluna-en-una-charla-sobre-la-nueva-gestion-de-los-menus-de-las-escuelas-infantiles\/","og_locale":"es_ES","og_type":"article","og_title":"Nani Mor\u00e9, cocinera y fundadora de la Asociaci\u00f3n de Comedores Ecol\u00f3gicos de Catalu\u00f1a, en una charla sobre la nueva gesti\u00f3n de los men\u00fas de las Escuelas Infantiles","og_description":"El encuentro se celebrar\u00e1 ma\u00f1ana jueves en Civivox Jus la Rotxa de cinco a siete de la tarde con entrada libre","og_url":"https:\/\/www.laguiadepamplona.com\/actualidad\/nani-more-cocinera-y-fundadora-de-la-asociacion-de-comedores-ecologicos-de-cataluna-en-una-charla-sobre-la-nueva-gestion-de-los-menus-de-las-escuelas-infantiles\/","og_site_name":"La Gu\u00eda de Pamplona","article_publisher":"https:\/\/www.facebook.com\/laguiadepamplonacom-133175176762273\/?ref=hl","article_published_time":"2017-03-15T16:26:39+00:00","og_image":[{"width":500,"height":300,"url":"https:\/\/www.laguiadepamplona.com\/actualidad\/wp-content\/uploads\/2016\/12\/jus-la-rocha-civivox.jpg","type":"image\/jpeg"}],"author":"La Gu\u00eda de Pamplona","twitter_card":"summary_large_image","twitter_creator":"@LaGuiadPamplona","twitter_site":"@LaGuiadPamplona","twitter_misc":{"Escrito por":"La Gu\u00eda de Pamplona","Tiempo de lectura":"3 minutos"},"schema":{"@context":"https:\/\/schema.org","@graph":[{"@type":"Article","@id":"https:\/\/www.laguiadepamplona.com\/actualidad\/nani-more-cocinera-y-fundadora-de-la-asociacion-de-comedores-ecologicos-de-cataluna-en-una-charla-sobre-la-nueva-gestion-de-los-menus-de-las-escuelas-infantiles\/#article","isPartOf":{"@id":"https:\/\/www.laguiadepamplona.com\/actualidad\/nani-more-cocinera-y-fundadora-de-la-asociacion-de-comedores-ecologicos-de-cataluna-en-una-charla-sobre-la-nueva-gestion-de-los-menus-de-las-escuelas-infantiles\/"},"author":{"name":"La Gu\u00eda de Pamplona","@id":"https:\/\/www.laguiadepamplona.com\/actualidad\/#\/schema\/person\/efe887376f0213d4657c93adc50b1fdb"},"headline":"Nani Mor\u00e9, cocinera y fundadora de la Asociaci\u00f3n de Comedores Ecol\u00f3gicos de Catalu\u00f1a, en una charla sobre la nueva gesti\u00f3n de los men\u00fas de las Escuelas Infantiles","datePublished":"2017-03-15T16:26:39+00:00","mainEntityOfPage":{"@id":"https:\/\/www.laguiadepamplona.com\/actualidad\/nani-more-cocinera-y-fundadora-de-la-asociacion-de-comedores-ecologicos-de-cataluna-en-una-charla-sobre-la-nueva-gestion-de-los-menus-de-las-escuelas-infantiles\/"},"wordCount":545,"publisher":{"@id":"https:\/\/www.laguiadepamplona.com\/actualidad\/#organization"},"image":{"@id":"https:\/\/www.laguiadepamplona.com\/actualidad\/nani-more-cocinera-y-fundadora-de-la-asociacion-de-comedores-ecologicos-de-cataluna-en-una-charla-sobre-la-nueva-gestion-de-los-menus-de-las-escuelas-infantiles\/#primaryimage"},"thumbnailUrl":"https:\/\/www.laguiadepamplona.com\/actualidad\/wp-content\/uploads\/2016\/12\/jus-la-rocha-civivox.jpg","articleSection":["Ayto Pamplona"],"inLanguage":"es"},{"@type":"WebPage","@id":"https:\/\/www.laguiadepamplona.com\/actualidad\/nani-more-cocinera-y-fundadora-de-la-asociacion-de-comedores-ecologicos-de-cataluna-en-una-charla-sobre-la-nueva-gestion-de-los-menus-de-las-escuelas-infantiles\/","url":"https:\/\/www.laguiadepamplona.com\/actualidad\/nani-more-cocinera-y-fundadora-de-la-asociacion-de-comedores-ecologicos-de-cataluna-en-una-charla-sobre-la-nueva-gestion-de-los-menus-de-las-escuelas-infantiles\/","name":"Nani Mor\u00e9, cocinera y fundadora de la Asociaci\u00f3n de Comedores Ecol\u00f3gicos de Catalu\u00f1a, en una charla sobre la nueva gesti\u00f3n de los men\u00fas de las Escuelas Infantiles","isPartOf":{"@id":"https:\/\/www.laguiadepamplona.com\/actualidad\/#website"},"primaryImageOfPage":{"@id":"https:\/\/www.laguiadepamplona.com\/actualidad\/nani-more-cocinera-y-fundadora-de-la-asociacion-de-comedores-ecologicos-de-cataluna-en-una-charla-sobre-la-nueva-gestion-de-los-menus-de-las-escuelas-infantiles\/#primaryimage"},"image":{"@id":"https:\/\/www.laguiadepamplona.com\/actualidad\/nani-more-cocinera-y-fundadora-de-la-asociacion-de-comedores-ecologicos-de-cataluna-en-una-charla-sobre-la-nueva-gestion-de-los-menus-de-las-escuelas-infantiles\/#primaryimage"},"thumbnailUrl":"https:\/\/www.laguiadepamplona.com\/actualidad\/wp-content\/uploads\/2016\/12\/jus-la-rocha-civivox.jpg","datePublished":"2017-03-15T16:26:39+00:00","breadcrumb":{"@id":"https:\/\/www.laguiadepamplona.com\/actualidad\/nani-more-cocinera-y-fundadora-de-la-asociacion-de-comedores-ecologicos-de-cataluna-en-una-charla-sobre-la-nueva-gestion-de-los-menus-de-las-escuelas-infantiles\/#breadcrumb"},"inLanguage":"es","potentialAction":[{"@type":"ReadAction","target":["https:\/\/www.laguiadepamplona.com\/actualidad\/nani-more-cocinera-y-fundadora-de-la-asociacion-de-comedores-ecologicos-de-cataluna-en-una-charla-sobre-la-nueva-gestion-de-los-menus-de-las-escuelas-infantiles\/"]}]},{"@type":"ImageObject","inLanguage":"es","@id":"https:\/\/www.laguiadepamplona.com\/actualidad\/nani-more-cocinera-y-fundadora-de-la-asociacion-de-comedores-ecologicos-de-cataluna-en-una-charla-sobre-la-nueva-gestion-de-los-menus-de-las-escuelas-infantiles\/#primaryimage","url":"https:\/\/www.laguiadepamplona.com\/actualidad\/wp-content\/uploads\/2016\/12\/jus-la-rocha-civivox.jpg","contentUrl":"https:\/\/www.laguiadepamplona.com\/actualidad\/wp-content\/uploads\/2016\/12\/jus-la-rocha-civivox.jpg","width":500,"height":300},{"@type":"BreadcrumbList","@id":"https:\/\/www.laguiadepamplona.com\/actualidad\/nani-more-cocinera-y-fundadora-de-la-asociacion-de-comedores-ecologicos-de-cataluna-en-una-charla-sobre-la-nueva-gestion-de-los-menus-de-las-escuelas-infantiles\/#breadcrumb","itemListElement":[{"@type":"ListItem","position":1,"name":"Portada","item":"https:\/\/www.laguiadepamplona.com\/actualidad\/"},{"@type":"ListItem","position":2,"name":"Nani Mor\u00e9, cocinera y fundadora de la Asociaci\u00f3n de Comedores Ecol\u00f3gicos de Catalu\u00f1a, en una charla sobre la nueva gesti\u00f3n de los men\u00fas de las Escuelas Infantiles"}]},{"@type":"WebSite","@id":"https:\/\/www.laguiadepamplona.com\/actualidad\/#website","url":"https:\/\/www.laguiadepamplona.com\/actualidad\/","name":"La gu\u00eda de Pamplona","description":"Noticias de Pamplona","publisher":{"@id":"https:\/\/www.laguiadepamplona.com\/actualidad\/#organization"},"potentialAction":[{"@type":"SearchAction","target":{"@type":"EntryPoint","urlTemplate":"https:\/\/www.laguiadepamplona.com\/actualidad\/?s={search_term_string}"},"query-input":{"@type":"PropertyValueSpecification","valueRequired":true,"valueName":"search_term_string"}}],"inLanguage":"es"},{"@type":"Organization","@id":"https:\/\/www.laguiadepamplona.com\/actualidad\/#organization","name":"La Gu\u00eda de Pamplona \/ Noticias","url":"https:\/\/www.laguiadepamplona.com\/actualidad\/","logo":{"@type":"ImageObject","inLanguage":"es","@id":"https:\/\/www.laguiadepamplona.com\/actualidad\/#\/schema\/logo\/image\/","url":"https:\/\/www.laguiadepamplona.com\/actualidad\/wp-content\/uploads\/2018\/11\/logo-laguiadepamplona18-web1.png","contentUrl":"https:\/\/www.laguiadepamplona.com\/actualidad\/wp-content\/uploads\/2018\/11\/logo-laguiadepamplona18-web1.png","width":600,"height":196,"caption":"La Gu\u00eda de Pamplona \/ Noticias"},"image":{"@id":"https:\/\/www.laguiadepamplona.com\/actualidad\/#\/schema\/logo\/image\/"},"sameAs":["https:\/\/www.facebook.com\/laguiadepamplonacom-133175176762273\/?ref=hl","https:\/\/x.com\/LaGuiadPamplona","https:\/\/www.instagram.com\/la_guia_de_pamplona\/","https:\/\/www.youtube.com\/user\/laguiadepamplona"]},{"@type":"Person","@id":"https:\/\/www.laguiadepamplona.com\/actualidad\/#\/schema\/person\/efe887376f0213d4657c93adc50b1fdb","name":"La Gu\u00eda de Pamplona","image":{"@type":"ImageObject","inLanguage":"es","@id":"https:\/\/secure.gravatar.com\/avatar\/b6992f131dc8d30ab0dff15446e9d346d9dbd95992de0fef795073f5ea83a81c?s=96&d=mm&r=g","url":"https:\/\/secure.gravatar.com\/avatar\/b6992f131dc8d30ab0dff15446e9d346d9dbd95992de0fef795073f5ea83a81c?s=96&d=mm&r=g","contentUrl":"https:\/\/secure.gravatar.com\/avatar\/b6992f131dc8d30ab0dff15446e9d346d9dbd95992de0fef795073f5ea83a81c?s=96&d=mm&r=g","caption":"La Gu\u00eda de Pamplona"}}]}},"post_mailing_queue_ids":[],"_links":{"self":[{"href":"https:\/\/www.laguiadepamplona.com\/actualidad\/wp-json\/wp\/v2\/posts\/12263","targetHints":{"allow":["GET"]}}],"collection":[{"href":"https:\/\/www.laguiadepamplona.com\/actualidad\/wp-json\/wp\/v2\/posts"}],"about":[{"href":"https:\/\/www.laguiadepamplona.com\/actualidad\/wp-json\/wp\/v2\/types\/post"}],"author":[{"embeddable":true,"href":"https:\/\/www.laguiadepamplona.com\/actualidad\/wp-json\/wp\/v2\/users\/1"}],"replies":[{"embeddable":true,"href":"https:\/\/www.laguiadepamplona.com\/actualidad\/wp-json\/wp\/v2\/comments?post=12263"}],"version-history":[{"count":0,"href":"https:\/\/www.laguiadepamplona.com\/actualidad\/wp-json\/wp\/v2\/posts\/12263\/revisions"}],"wp:featuredmedia":[{"embeddable":true,"href":"https:\/\/www.laguiadepamplona.com\/actualidad\/wp-json\/wp\/v2\/media\/11108"}],"wp:attachment":[{"href":"https:\/\/www.laguiadepamplona.com\/actualidad\/wp-json\/wp\/v2\/media?parent=12263"}],"wp:term":[{"taxonomy":"category","embeddable":true,"href":"https:\/\/www.laguiadepamplona.com\/actualidad\/wp-json\/wp\/v2\/categories?post=12263"},{"taxonomy":"post_tag","embeddable":true,"href":"https:\/\/www.laguiadepamplona.com\/actualidad\/wp-json\/wp\/v2\/tags?post=12263"}],"curies":[{"name":"wp","href":"https:\/\/api.w.org\/{rel}","templated":true}]}}