{"id":12252,"date":"2017-03-14T13:43:47","date_gmt":"2017-03-14T12:43:47","guid":{"rendered":"http:\/\/laguiadepamplona.es\/actualidad\/?p=12252"},"modified":"2017-03-14T13:43:47","modified_gmt":"2017-03-14T12:43:47","slug":"pamplona-contara-con-un-centro-para-informar-y-atender-a-personas-lesbianas-gays-bisexuales-transgenero-e-intersexuales-y-profesionales-y-colectivos-interesados","status":"publish","type":"post","link":"https:\/\/www.laguiadepamplona.com\/actualidad\/pamplona-contara-con-un-centro-para-informar-y-atender-a-personas-lesbianas-gays-bisexuales-transgenero-e-intersexuales-y-profesionales-y-colectivos-interesados\/","title":{"rendered":"Pamplona contar\u00e1 con un centro para informar y atender a personas lesbianas, gays, bisexuales, transg\u00e9nero e intersexuales y profesionales y colectivos interesados"},"content":{"rendered":"<h3>La Junta de Gobierno Local ha aprobado hoy la contrataci\u00f3n del servicio de asistencia t\u00e9cnica tras quedar desierto en la anterior licitaci\u00f3n<\/h3>\n<p><!--more--><\/p>\n<p>El Centro LGTBI (acr\u00f3nimo de personas lesbianas, gays, bisexuales, transg\u00e9nero e intersexuales) trabajar\u00e1 la informaci\u00f3n, la atenci\u00f3n, el apoyo, la sensibilizaci\u00f3n y la generaci\u00f3n de espacios de encuentro y reflexi\u00f3n de acuerdo con el expediente aprobado hoy en la Junta de Gobierno Local del Ayuntamiento de Pamplona para la contrataci\u00f3n de la asistencia t\u00e9cnica del servicio de \u2018Informaci\u00f3n y Atenci\u00f3n a la Diversidad Sexual y de G\u00e9nero\u2019, dependiente del centro y que en una anterior licitaci\u00f3n qued\u00f3 desierto. El Consistorio ha aprobado un gasto m\u00e1ximo de 78.678,50 euros al a\u00f1o para este servicio que est\u00e1 destinado tanto a particulares como a familias, profesionales o colectivos.<\/p>\n<p>El horario en el que permanecer\u00e1 abierto ser\u00e1 de lunes a viernes 10 a 14 y de 17 a 21 horas aunque la atenci\u00f3n ser\u00e1 adem\u00e1s de presencial telem\u00e1tica y contar\u00e1 con un fondo documental especializado en materia LGTBI (libros, documentos, audiovisuales y multimedia). Ofrecer\u00e1 atenci\u00f3n sexol\u00f3gica y psicosocial individual y grupal y encuentros para apoyo mutuo, adem\u00e1s de gestionar la derivaci\u00f3n a otros servicios cuando se requiera. La adjudicataria se encargar\u00e1, por ejemplo, de organizar campa\u00f1as informativas y de sensibilizaci\u00f3n, realizar la programaci\u00f3n de actividades y difundirlas, coordinarse con las entidades p\u00fablicas y privadas que trabajan a favor de la diversidad sexual y de g\u00e9nero, dinamizar la participaci\u00f3n de personas voluntarias, ceder salas y espacios expositivos y organizar y prestar bibliograf\u00eda. El servicio contar\u00e1 con espacios, ubicados dentro y fuera del centro, para la informaci\u00f3n y atenci\u00f3n sexol\u00f3gica y psicosocial (orientaci\u00f3n sexual), y la atenci\u00f3n sexol\u00f3gica espec\u00edfica de transexualidad (identidad de g\u00e9nero).<\/p>\n<p><strong>Profesionales con especializaci\u00f3n en LGTBI y diversidad sexual y de g\u00e9nero<\/strong><\/p>\n<p>La empresa adjudicataria deber\u00e1 dise\u00f1ar un proyecto de actuaciones anual detallado y memorias trimestrales y de todo el a\u00f1o. Para ello contar\u00e1 con 3 personas t\u00e9cnicas de nivel B, una especializada en informaci\u00f3n, apoyo y promoci\u00f3n LGTBI y dos para el servicio de atenci\u00f3n a la diversidad sexual y de g\u00e9nero. Deber\u00e1n contar con al menos un grado, licenciatura o diplomatura y estudios de especializaci\u00f3n o experiencia profesional demostrable de al menos un a\u00f1o relacionada con el \u00e1rea social (psicolog\u00eda, pedagog\u00eda, sociolog\u00eda, etc.) y con la participaci\u00f3n, los grupos y el tejido social LGTBI en el caso del primer puesto de trabajo y atenci\u00f3n sexol\u00f3gica, psicosocial y de g\u00e9nero en los otros dos.<\/p>\n<p>La valoraci\u00f3n de las propuestas se realizar\u00e1 teniendo en cuenta la propuesta de trabajo (hasta 50 puntos), mejoras t\u00e9cnicas (30 puntos), oferta econ\u00f3mica (hasta 15 puntos) y mejora social (hasta 5 puntos).<\/p>\n<p><strong>Centro demandado por personas que expresan agresiones, discriminaci\u00f3n o soledad<\/strong><\/p>\n<p>De esta manera el Ayuntamiento, seg\u00fan recogen los informes del expediente, quiere recordar que en la sociedad actual hay personas diversas en su orientaci\u00f3n sexual o en su construcci\u00f3n de g\u00e9nero que no responden a los dict\u00e1menes heteronormativos y que son objeto de discriminaci\u00f3n por la existencia de estereotipos homof\u00f3bicos, transf\u00f3bicos y sexistas arraigados en la sociedad. Aunque se ha dado un avance incuestionable durante las \u00faltimas d\u00e9cadas en las cuales se han alcanzado algunos derechos y las personas LGTBi tienen mayor presencia en la vida p\u00fablica, todav\u00eda sufren grandes desigualdades en su vida cotidiana. El movimiento gay y lesbiano en Navarra comenz\u00f3 su desarrollo a finales de los a\u00f1os 70 sacando a la luz p\u00fablica una cuesti\u00f3n reducida al \u00e1mbito de lo privado y vergonzante y desde entonces ha buscado sensibilizar a la sociedad eliminando prejuicios morales y discriminaciones y creando sinergias con colectivos no espec\u00edficos de la lucha LGTBI como Sare, Comisi\u00f3n Ciudadana Anti-Sida, grupos feministas, IPES, etc.<\/p>\n<p>Con este centro, el Consistorio quiere atender la continua demanda a los colectivos por parte de muchas personas que expresaban malestar, soledad, discriminaciones y agresiones de una sociedad que las exclu\u00eda, maltrataba y reprim\u00eda por tener una orientaci\u00f3n sexual y\/o de g\u00e9nero diferente a la heteronormativa, nace la idea de crear un servicio de atenci\u00f3n profesionalizado a las personas de LGTBi.<\/p>\n<p>Entre las normas que sustentan el centro se encuentran la resoluci\u00f3n del Consejo de Derechos Humanos 17\/19 relativa a Derechos Humanos, orientaci\u00f3n sexual e indentidad de g\u00e9nero, el informe del Alto Comisionado de Naciones Unidas para los derechos humanos 19\/41 sobre leyes y pr\u00e1cticas discriminatorias y actos de violencia cometidos contra personas por su orientaci\u00f3n sexual e identidad de g\u00e9nero; el art\u00edculo 14 de la Constituci\u00f3n Espa\u00f1ola; la normativa estatal sobre matrimonios entre personas del mismo sexo y la adopci\u00f3n; la Ley Foral 12\/2009 de 19 de noviembre, de no discriminaci\u00f3n por motivos de identidad de genero y de reconocimiento de los derechos de las personas transexuales; o el acuerdo del Pleno del Ayuntamiento de Pamplona del 9 de mayo de 2013 que declar\u00f3 la ciudad \u201cmunicipio libre de homofobia, transfobia, lesbofob\u00eda y bifobia\u201d.<\/p>\n","protected":false},"excerpt":{"rendered":"<p>La Junta de Gobierno Local ha aprobado hoy la contrataci\u00f3n del servicio de asistencia t\u00e9cnica tras quedar desierto en la anterior licitaci\u00f3n<\/p>\n","protected":false},"author":1,"featured_media":11094,"comment_status":"closed","ping_status":"closed","sticky":false,"template":"","format":"standard","meta":{"footnotes":""},"categories":[2],"tags":[],"class_list":["post-12252","post","type-post","status-publish","format-standard","has-post-thumbnail","hentry","category-ayuntamiento-pamplona"],"yoast_head":"<!-- This site is optimized with the Yoast SEO plugin v27.3 - https:\/\/yoast.com\/product\/yoast-seo-wordpress\/ -->\n<title>Pamplona contar\u00e1 con un centro para informar y atender a personas lesbianas, gays, bisexuales, transg\u00e9nero e intersexuales y profesionales y colectivos interesados<\/title>\n<meta name=\"robots\" content=\"index, follow, max-snippet:-1, max-image-preview:large, max-video-preview:-1\" \/>\n<link rel=\"canonical\" href=\"https:\/\/www.laguiadepamplona.com\/actualidad\/pamplona-contara-con-un-centro-para-informar-y-atender-a-personas-lesbianas-gays-bisexuales-transgenero-e-intersexuales-y-profesionales-y-colectivos-interesados\/\" \/>\n<meta property=\"og:locale\" content=\"es_ES\" \/>\n<meta property=\"og:type\" content=\"article\" \/>\n<meta property=\"og:title\" content=\"Pamplona contar\u00e1 con un centro para informar y atender a personas lesbianas, gays, bisexuales, transg\u00e9nero e intersexuales y profesionales y colectivos interesados\" \/>\n<meta property=\"og:description\" content=\"La Junta de Gobierno Local ha aprobado hoy la contrataci\u00f3n del servicio de asistencia t\u00e9cnica tras quedar desierto en la anterior licitaci\u00f3n\" \/>\n<meta property=\"og:url\" content=\"https:\/\/www.laguiadepamplona.com\/actualidad\/pamplona-contara-con-un-centro-para-informar-y-atender-a-personas-lesbianas-gays-bisexuales-transgenero-e-intersexuales-y-profesionales-y-colectivos-interesados\/\" \/>\n<meta property=\"og:site_name\" content=\"La Gu\u00eda de Pamplona\" \/>\n<meta property=\"article:publisher\" content=\"https:\/\/www.facebook.com\/laguiadepamplonacom-133175176762273\/?ref=hl\" \/>\n<meta property=\"article:published_time\" content=\"2017-03-14T12:43:47+00:00\" \/>\n<meta property=\"og:image\" content=\"https:\/\/www.laguiadepamplona.com\/actualidad\/wp-content\/uploads\/2016\/12\/orgullo-gay-bandera-lgtb.jpg\" \/>\n\t<meta property=\"og:image:width\" content=\"860\" \/>\n\t<meta property=\"og:image:height\" content=\"520\" \/>\n\t<meta property=\"og:image:type\" content=\"image\/jpeg\" \/>\n<meta name=\"author\" content=\"La Gu\u00eda de Pamplona\" \/>\n<meta name=\"twitter:card\" content=\"summary_large_image\" \/>\n<meta name=\"twitter:creator\" content=\"@LaGuiadPamplona\" \/>\n<meta name=\"twitter:site\" content=\"@LaGuiadPamplona\" \/>\n<meta name=\"twitter:label1\" content=\"Escrito por\" \/>\n\t<meta name=\"twitter:data1\" content=\"La Gu\u00eda de Pamplona\" \/>\n\t<meta name=\"twitter:label2\" content=\"Tiempo de lectura\" \/>\n\t<meta name=\"twitter:data2\" content=\"4 minutos\" \/>\n<script type=\"application\/ld+json\" class=\"yoast-schema-graph\">{\"@context\":\"https:\\\/\\\/schema.org\",\"@graph\":[{\"@type\":\"Article\",\"@id\":\"https:\\\/\\\/www.laguiadepamplona.com\\\/actualidad\\\/pamplona-contara-con-un-centro-para-informar-y-atender-a-personas-lesbianas-gays-bisexuales-transgenero-e-intersexuales-y-profesionales-y-colectivos-interesados\\\/#article\",\"isPartOf\":{\"@id\":\"https:\\\/\\\/www.laguiadepamplona.com\\\/actualidad\\\/pamplona-contara-con-un-centro-para-informar-y-atender-a-personas-lesbianas-gays-bisexuales-transgenero-e-intersexuales-y-profesionales-y-colectivos-interesados\\\/\"},\"author\":{\"name\":\"La Gu\u00eda de Pamplona\",\"@id\":\"https:\\\/\\\/www.laguiadepamplona.com\\\/actualidad\\\/#\\\/schema\\\/person\\\/efe887376f0213d4657c93adc50b1fdb\"},\"headline\":\"Pamplona contar\u00e1 con un centro para informar y atender a personas lesbianas, gays, bisexuales, transg\u00e9nero e intersexuales y profesionales y colectivos interesados\",\"datePublished\":\"2017-03-14T12:43:47+00:00\",\"mainEntityOfPage\":{\"@id\":\"https:\\\/\\\/www.laguiadepamplona.com\\\/actualidad\\\/pamplona-contara-con-un-centro-para-informar-y-atender-a-personas-lesbianas-gays-bisexuales-transgenero-e-intersexuales-y-profesionales-y-colectivos-interesados\\\/\"},\"wordCount\":903,\"publisher\":{\"@id\":\"https:\\\/\\\/www.laguiadepamplona.com\\\/actualidad\\\/#organization\"},\"image\":{\"@id\":\"https:\\\/\\\/www.laguiadepamplona.com\\\/actualidad\\\/pamplona-contara-con-un-centro-para-informar-y-atender-a-personas-lesbianas-gays-bisexuales-transgenero-e-intersexuales-y-profesionales-y-colectivos-interesados\\\/#primaryimage\"},\"thumbnailUrl\":\"https:\\\/\\\/www.laguiadepamplona.com\\\/actualidad\\\/wp-content\\\/uploads\\\/2016\\\/12\\\/orgullo-gay-bandera-lgtb.jpg\",\"articleSection\":[\"Ayto Pamplona\"],\"inLanguage\":\"es\"},{\"@type\":\"WebPage\",\"@id\":\"https:\\\/\\\/www.laguiadepamplona.com\\\/actualidad\\\/pamplona-contara-con-un-centro-para-informar-y-atender-a-personas-lesbianas-gays-bisexuales-transgenero-e-intersexuales-y-profesionales-y-colectivos-interesados\\\/\",\"url\":\"https:\\\/\\\/www.laguiadepamplona.com\\\/actualidad\\\/pamplona-contara-con-un-centro-para-informar-y-atender-a-personas-lesbianas-gays-bisexuales-transgenero-e-intersexuales-y-profesionales-y-colectivos-interesados\\\/\",\"name\":\"Pamplona contar\u00e1 con un centro para informar y atender a personas lesbianas, gays, bisexuales, transg\u00e9nero e intersexuales y profesionales y colectivos interesados\",\"isPartOf\":{\"@id\":\"https:\\\/\\\/www.laguiadepamplona.com\\\/actualidad\\\/#website\"},\"primaryImageOfPage\":{\"@id\":\"https:\\\/\\\/www.laguiadepamplona.com\\\/actualidad\\\/pamplona-contara-con-un-centro-para-informar-y-atender-a-personas-lesbianas-gays-bisexuales-transgenero-e-intersexuales-y-profesionales-y-colectivos-interesados\\\/#primaryimage\"},\"image\":{\"@id\":\"https:\\\/\\\/www.laguiadepamplona.com\\\/actualidad\\\/pamplona-contara-con-un-centro-para-informar-y-atender-a-personas-lesbianas-gays-bisexuales-transgenero-e-intersexuales-y-profesionales-y-colectivos-interesados\\\/#primaryimage\"},\"thumbnailUrl\":\"https:\\\/\\\/www.laguiadepamplona.com\\\/actualidad\\\/wp-content\\\/uploads\\\/2016\\\/12\\\/orgullo-gay-bandera-lgtb.jpg\",\"datePublished\":\"2017-03-14T12:43:47+00:00\",\"breadcrumb\":{\"@id\":\"https:\\\/\\\/www.laguiadepamplona.com\\\/actualidad\\\/pamplona-contara-con-un-centro-para-informar-y-atender-a-personas-lesbianas-gays-bisexuales-transgenero-e-intersexuales-y-profesionales-y-colectivos-interesados\\\/#breadcrumb\"},\"inLanguage\":\"es\",\"potentialAction\":[{\"@type\":\"ReadAction\",\"target\":[\"https:\\\/\\\/www.laguiadepamplona.com\\\/actualidad\\\/pamplona-contara-con-un-centro-para-informar-y-atender-a-personas-lesbianas-gays-bisexuales-transgenero-e-intersexuales-y-profesionales-y-colectivos-interesados\\\/\"]}]},{\"@type\":\"ImageObject\",\"inLanguage\":\"es\",\"@id\":\"https:\\\/\\\/www.laguiadepamplona.com\\\/actualidad\\\/pamplona-contara-con-un-centro-para-informar-y-atender-a-personas-lesbianas-gays-bisexuales-transgenero-e-intersexuales-y-profesionales-y-colectivos-interesados\\\/#primaryimage\",\"url\":\"https:\\\/\\\/www.laguiadepamplona.com\\\/actualidad\\\/wp-content\\\/uploads\\\/2016\\\/12\\\/orgullo-gay-bandera-lgtb.jpg\",\"contentUrl\":\"https:\\\/\\\/www.laguiadepamplona.com\\\/actualidad\\\/wp-content\\\/uploads\\\/2016\\\/12\\\/orgullo-gay-bandera-lgtb.jpg\",\"width\":860,\"height\":520,\"caption\":\"lgtbi\"},{\"@type\":\"BreadcrumbList\",\"@id\":\"https:\\\/\\\/www.laguiadepamplona.com\\\/actualidad\\\/pamplona-contara-con-un-centro-para-informar-y-atender-a-personas-lesbianas-gays-bisexuales-transgenero-e-intersexuales-y-profesionales-y-colectivos-interesados\\\/#breadcrumb\",\"itemListElement\":[{\"@type\":\"ListItem\",\"position\":1,\"name\":\"Portada\",\"item\":\"https:\\\/\\\/www.laguiadepamplona.com\\\/actualidad\\\/\"},{\"@type\":\"ListItem\",\"position\":2,\"name\":\"Pamplona contar\u00e1 con un centro para informar y atender a personas lesbianas, gays, bisexuales, transg\u00e9nero e intersexuales y profesionales y colectivos interesados\"}]},{\"@type\":\"WebSite\",\"@id\":\"https:\\\/\\\/www.laguiadepamplona.com\\\/actualidad\\\/#website\",\"url\":\"https:\\\/\\\/www.laguiadepamplona.com\\\/actualidad\\\/\",\"name\":\"La gu\u00eda de Pamplona\",\"description\":\"Noticias de Pamplona\",\"publisher\":{\"@id\":\"https:\\\/\\\/www.laguiadepamplona.com\\\/actualidad\\\/#organization\"},\"potentialAction\":[{\"@type\":\"SearchAction\",\"target\":{\"@type\":\"EntryPoint\",\"urlTemplate\":\"https:\\\/\\\/www.laguiadepamplona.com\\\/actualidad\\\/?s={search_term_string}\"},\"query-input\":{\"@type\":\"PropertyValueSpecification\",\"valueRequired\":true,\"valueName\":\"search_term_string\"}}],\"inLanguage\":\"es\"},{\"@type\":\"Organization\",\"@id\":\"https:\\\/\\\/www.laguiadepamplona.com\\\/actualidad\\\/#organization\",\"name\":\"La Gu\u00eda de Pamplona \\\/ Noticias\",\"url\":\"https:\\\/\\\/www.laguiadepamplona.com\\\/actualidad\\\/\",\"logo\":{\"@type\":\"ImageObject\",\"inLanguage\":\"es\",\"@id\":\"https:\\\/\\\/www.laguiadepamplona.com\\\/actualidad\\\/#\\\/schema\\\/logo\\\/image\\\/\",\"url\":\"https:\\\/\\\/www.laguiadepamplona.com\\\/actualidad\\\/wp-content\\\/uploads\\\/2018\\\/11\\\/logo-laguiadepamplona18-web1.png\",\"contentUrl\":\"https:\\\/\\\/www.laguiadepamplona.com\\\/actualidad\\\/wp-content\\\/uploads\\\/2018\\\/11\\\/logo-laguiadepamplona18-web1.png\",\"width\":600,\"height\":196,\"caption\":\"La Gu\u00eda de Pamplona \\\/ Noticias\"},\"image\":{\"@id\":\"https:\\\/\\\/www.laguiadepamplona.com\\\/actualidad\\\/#\\\/schema\\\/logo\\\/image\\\/\"},\"sameAs\":[\"https:\\\/\\\/www.facebook.com\\\/laguiadepamplonacom-133175176762273\\\/?ref=hl\",\"https:\\\/\\\/x.com\\\/LaGuiadPamplona\",\"https:\\\/\\\/www.instagram.com\\\/la_guia_de_pamplona\\\/\",\"https:\\\/\\\/www.youtube.com\\\/user\\\/laguiadepamplona\"]},{\"@type\":\"Person\",\"@id\":\"https:\\\/\\\/www.laguiadepamplona.com\\\/actualidad\\\/#\\\/schema\\\/person\\\/efe887376f0213d4657c93adc50b1fdb\",\"name\":\"La Gu\u00eda de Pamplona\",\"image\":{\"@type\":\"ImageObject\",\"inLanguage\":\"es\",\"@id\":\"https:\\\/\\\/secure.gravatar.com\\\/avatar\\\/b6992f131dc8d30ab0dff15446e9d346d9dbd95992de0fef795073f5ea83a81c?s=96&d=mm&r=g\",\"url\":\"https:\\\/\\\/secure.gravatar.com\\\/avatar\\\/b6992f131dc8d30ab0dff15446e9d346d9dbd95992de0fef795073f5ea83a81c?s=96&d=mm&r=g\",\"contentUrl\":\"https:\\\/\\\/secure.gravatar.com\\\/avatar\\\/b6992f131dc8d30ab0dff15446e9d346d9dbd95992de0fef795073f5ea83a81c?s=96&d=mm&r=g\",\"caption\":\"La Gu\u00eda de Pamplona\"}}]}<\/script>\n<!-- \/ Yoast SEO plugin. -->","yoast_head_json":{"title":"Pamplona contar\u00e1 con un centro para informar y atender a personas lesbianas, gays, bisexuales, transg\u00e9nero e intersexuales y profesionales y colectivos interesados","robots":{"index":"index","follow":"follow","max-snippet":"max-snippet:-1","max-image-preview":"max-image-preview:large","max-video-preview":"max-video-preview:-1"},"canonical":"https:\/\/www.laguiadepamplona.com\/actualidad\/pamplona-contara-con-un-centro-para-informar-y-atender-a-personas-lesbianas-gays-bisexuales-transgenero-e-intersexuales-y-profesionales-y-colectivos-interesados\/","og_locale":"es_ES","og_type":"article","og_title":"Pamplona contar\u00e1 con un centro para informar y atender a personas lesbianas, gays, bisexuales, transg\u00e9nero e intersexuales y profesionales y colectivos interesados","og_description":"La Junta de Gobierno Local ha aprobado hoy la contrataci\u00f3n del servicio de asistencia t\u00e9cnica tras quedar desierto en la anterior licitaci\u00f3n","og_url":"https:\/\/www.laguiadepamplona.com\/actualidad\/pamplona-contara-con-un-centro-para-informar-y-atender-a-personas-lesbianas-gays-bisexuales-transgenero-e-intersexuales-y-profesionales-y-colectivos-interesados\/","og_site_name":"La Gu\u00eda de Pamplona","article_publisher":"https:\/\/www.facebook.com\/laguiadepamplonacom-133175176762273\/?ref=hl","article_published_time":"2017-03-14T12:43:47+00:00","og_image":[{"width":860,"height":520,"url":"https:\/\/www.laguiadepamplona.com\/actualidad\/wp-content\/uploads\/2016\/12\/orgullo-gay-bandera-lgtb.jpg","type":"image\/jpeg"}],"author":"La Gu\u00eda de Pamplona","twitter_card":"summary_large_image","twitter_creator":"@LaGuiadPamplona","twitter_site":"@LaGuiadPamplona","twitter_misc":{"Escrito por":"La Gu\u00eda de Pamplona","Tiempo de lectura":"4 minutos"},"schema":{"@context":"https:\/\/schema.org","@graph":[{"@type":"Article","@id":"https:\/\/www.laguiadepamplona.com\/actualidad\/pamplona-contara-con-un-centro-para-informar-y-atender-a-personas-lesbianas-gays-bisexuales-transgenero-e-intersexuales-y-profesionales-y-colectivos-interesados\/#article","isPartOf":{"@id":"https:\/\/www.laguiadepamplona.com\/actualidad\/pamplona-contara-con-un-centro-para-informar-y-atender-a-personas-lesbianas-gays-bisexuales-transgenero-e-intersexuales-y-profesionales-y-colectivos-interesados\/"},"author":{"name":"La Gu\u00eda de Pamplona","@id":"https:\/\/www.laguiadepamplona.com\/actualidad\/#\/schema\/person\/efe887376f0213d4657c93adc50b1fdb"},"headline":"Pamplona contar\u00e1 con un centro para informar y atender a personas lesbianas, gays, bisexuales, transg\u00e9nero e intersexuales y profesionales y colectivos interesados","datePublished":"2017-03-14T12:43:47+00:00","mainEntityOfPage":{"@id":"https:\/\/www.laguiadepamplona.com\/actualidad\/pamplona-contara-con-un-centro-para-informar-y-atender-a-personas-lesbianas-gays-bisexuales-transgenero-e-intersexuales-y-profesionales-y-colectivos-interesados\/"},"wordCount":903,"publisher":{"@id":"https:\/\/www.laguiadepamplona.com\/actualidad\/#organization"},"image":{"@id":"https:\/\/www.laguiadepamplona.com\/actualidad\/pamplona-contara-con-un-centro-para-informar-y-atender-a-personas-lesbianas-gays-bisexuales-transgenero-e-intersexuales-y-profesionales-y-colectivos-interesados\/#primaryimage"},"thumbnailUrl":"https:\/\/www.laguiadepamplona.com\/actualidad\/wp-content\/uploads\/2016\/12\/orgullo-gay-bandera-lgtb.jpg","articleSection":["Ayto Pamplona"],"inLanguage":"es"},{"@type":"WebPage","@id":"https:\/\/www.laguiadepamplona.com\/actualidad\/pamplona-contara-con-un-centro-para-informar-y-atender-a-personas-lesbianas-gays-bisexuales-transgenero-e-intersexuales-y-profesionales-y-colectivos-interesados\/","url":"https:\/\/www.laguiadepamplona.com\/actualidad\/pamplona-contara-con-un-centro-para-informar-y-atender-a-personas-lesbianas-gays-bisexuales-transgenero-e-intersexuales-y-profesionales-y-colectivos-interesados\/","name":"Pamplona contar\u00e1 con un centro para informar y atender a personas lesbianas, gays, bisexuales, transg\u00e9nero e intersexuales y profesionales y colectivos interesados","isPartOf":{"@id":"https:\/\/www.laguiadepamplona.com\/actualidad\/#website"},"primaryImageOfPage":{"@id":"https:\/\/www.laguiadepamplona.com\/actualidad\/pamplona-contara-con-un-centro-para-informar-y-atender-a-personas-lesbianas-gays-bisexuales-transgenero-e-intersexuales-y-profesionales-y-colectivos-interesados\/#primaryimage"},"image":{"@id":"https:\/\/www.laguiadepamplona.com\/actualidad\/pamplona-contara-con-un-centro-para-informar-y-atender-a-personas-lesbianas-gays-bisexuales-transgenero-e-intersexuales-y-profesionales-y-colectivos-interesados\/#primaryimage"},"thumbnailUrl":"https:\/\/www.laguiadepamplona.com\/actualidad\/wp-content\/uploads\/2016\/12\/orgullo-gay-bandera-lgtb.jpg","datePublished":"2017-03-14T12:43:47+00:00","breadcrumb":{"@id":"https:\/\/www.laguiadepamplona.com\/actualidad\/pamplona-contara-con-un-centro-para-informar-y-atender-a-personas-lesbianas-gays-bisexuales-transgenero-e-intersexuales-y-profesionales-y-colectivos-interesados\/#breadcrumb"},"inLanguage":"es","potentialAction":[{"@type":"ReadAction","target":["https:\/\/www.laguiadepamplona.com\/actualidad\/pamplona-contara-con-un-centro-para-informar-y-atender-a-personas-lesbianas-gays-bisexuales-transgenero-e-intersexuales-y-profesionales-y-colectivos-interesados\/"]}]},{"@type":"ImageObject","inLanguage":"es","@id":"https:\/\/www.laguiadepamplona.com\/actualidad\/pamplona-contara-con-un-centro-para-informar-y-atender-a-personas-lesbianas-gays-bisexuales-transgenero-e-intersexuales-y-profesionales-y-colectivos-interesados\/#primaryimage","url":"https:\/\/www.laguiadepamplona.com\/actualidad\/wp-content\/uploads\/2016\/12\/orgullo-gay-bandera-lgtb.jpg","contentUrl":"https:\/\/www.laguiadepamplona.com\/actualidad\/wp-content\/uploads\/2016\/12\/orgullo-gay-bandera-lgtb.jpg","width":860,"height":520,"caption":"lgtbi"},{"@type":"BreadcrumbList","@id":"https:\/\/www.laguiadepamplona.com\/actualidad\/pamplona-contara-con-un-centro-para-informar-y-atender-a-personas-lesbianas-gays-bisexuales-transgenero-e-intersexuales-y-profesionales-y-colectivos-interesados\/#breadcrumb","itemListElement":[{"@type":"ListItem","position":1,"name":"Portada","item":"https:\/\/www.laguiadepamplona.com\/actualidad\/"},{"@type":"ListItem","position":2,"name":"Pamplona contar\u00e1 con un centro para informar y atender a personas lesbianas, gays, bisexuales, transg\u00e9nero e intersexuales y profesionales y colectivos interesados"}]},{"@type":"WebSite","@id":"https:\/\/www.laguiadepamplona.com\/actualidad\/#website","url":"https:\/\/www.laguiadepamplona.com\/actualidad\/","name":"La gu\u00eda de Pamplona","description":"Noticias de Pamplona","publisher":{"@id":"https:\/\/www.laguiadepamplona.com\/actualidad\/#organization"},"potentialAction":[{"@type":"SearchAction","target":{"@type":"EntryPoint","urlTemplate":"https:\/\/www.laguiadepamplona.com\/actualidad\/?s={search_term_string}"},"query-input":{"@type":"PropertyValueSpecification","valueRequired":true,"valueName":"search_term_string"}}],"inLanguage":"es"},{"@type":"Organization","@id":"https:\/\/www.laguiadepamplona.com\/actualidad\/#organization","name":"La Gu\u00eda de Pamplona \/ Noticias","url":"https:\/\/www.laguiadepamplona.com\/actualidad\/","logo":{"@type":"ImageObject","inLanguage":"es","@id":"https:\/\/www.laguiadepamplona.com\/actualidad\/#\/schema\/logo\/image\/","url":"https:\/\/www.laguiadepamplona.com\/actualidad\/wp-content\/uploads\/2018\/11\/logo-laguiadepamplona18-web1.png","contentUrl":"https:\/\/www.laguiadepamplona.com\/actualidad\/wp-content\/uploads\/2018\/11\/logo-laguiadepamplona18-web1.png","width":600,"height":196,"caption":"La Gu\u00eda de Pamplona \/ Noticias"},"image":{"@id":"https:\/\/www.laguiadepamplona.com\/actualidad\/#\/schema\/logo\/image\/"},"sameAs":["https:\/\/www.facebook.com\/laguiadepamplonacom-133175176762273\/?ref=hl","https:\/\/x.com\/LaGuiadPamplona","https:\/\/www.instagram.com\/la_guia_de_pamplona\/","https:\/\/www.youtube.com\/user\/laguiadepamplona"]},{"@type":"Person","@id":"https:\/\/www.laguiadepamplona.com\/actualidad\/#\/schema\/person\/efe887376f0213d4657c93adc50b1fdb","name":"La Gu\u00eda de Pamplona","image":{"@type":"ImageObject","inLanguage":"es","@id":"https:\/\/secure.gravatar.com\/avatar\/b6992f131dc8d30ab0dff15446e9d346d9dbd95992de0fef795073f5ea83a81c?s=96&d=mm&r=g","url":"https:\/\/secure.gravatar.com\/avatar\/b6992f131dc8d30ab0dff15446e9d346d9dbd95992de0fef795073f5ea83a81c?s=96&d=mm&r=g","contentUrl":"https:\/\/secure.gravatar.com\/avatar\/b6992f131dc8d30ab0dff15446e9d346d9dbd95992de0fef795073f5ea83a81c?s=96&d=mm&r=g","caption":"La Gu\u00eda de Pamplona"}}]}},"post_mailing_queue_ids":[],"_links":{"self":[{"href":"https:\/\/www.laguiadepamplona.com\/actualidad\/wp-json\/wp\/v2\/posts\/12252","targetHints":{"allow":["GET"]}}],"collection":[{"href":"https:\/\/www.laguiadepamplona.com\/actualidad\/wp-json\/wp\/v2\/posts"}],"about":[{"href":"https:\/\/www.laguiadepamplona.com\/actualidad\/wp-json\/wp\/v2\/types\/post"}],"author":[{"embeddable":true,"href":"https:\/\/www.laguiadepamplona.com\/actualidad\/wp-json\/wp\/v2\/users\/1"}],"replies":[{"embeddable":true,"href":"https:\/\/www.laguiadepamplona.com\/actualidad\/wp-json\/wp\/v2\/comments?post=12252"}],"version-history":[{"count":0,"href":"https:\/\/www.laguiadepamplona.com\/actualidad\/wp-json\/wp\/v2\/posts\/12252\/revisions"}],"wp:featuredmedia":[{"embeddable":true,"href":"https:\/\/www.laguiadepamplona.com\/actualidad\/wp-json\/wp\/v2\/media\/11094"}],"wp:attachment":[{"href":"https:\/\/www.laguiadepamplona.com\/actualidad\/wp-json\/wp\/v2\/media?parent=12252"}],"wp:term":[{"taxonomy":"category","embeddable":true,"href":"https:\/\/www.laguiadepamplona.com\/actualidad\/wp-json\/wp\/v2\/categories?post=12252"},{"taxonomy":"post_tag","embeddable":true,"href":"https:\/\/www.laguiadepamplona.com\/actualidad\/wp-json\/wp\/v2\/tags?post=12252"}],"curies":[{"name":"wp","href":"https:\/\/api.w.org\/{rel}","templated":true}]}}