{"id":1225,"date":"2014-04-15T10:59:30","date_gmt":"2014-04-15T09:59:30","guid":{"rendered":"http:\/\/laguiadepamplona.es\/noticias\/?p=1225"},"modified":"2014-04-15T10:59:30","modified_gmt":"2014-04-15T09:59:30","slug":"el-museo-de-educacion-ambiental-propone-una-charla-sobre-el-vison-europeo-y-la-gestion-de-su-conservacion-en-navarra-donde-habita-la-mayor-poblacion-del-continente","status":"publish","type":"post","link":"https:\/\/www.laguiadepamplona.com\/actualidad\/el-museo-de-educacion-ambiental-propone-una-charla-sobre-el-vison-europeo-y-la-gestion-de-su-conservacion-en-navarra-donde-habita-la-mayor-poblacion-del-continente\/","title":{"rendered":"El Museo de Educaci\u00f3n Ambiental propone una charla sobre el vis\u00f3n europeo y la gesti\u00f3n de su conservaci\u00f3n en Navarra, donde habita la mayor poblaci\u00f3n del continente"},"content":{"rendered":"<h5>La conferencia, que se celebrar\u00e1 ma\u00f1ana a las 19 horas, estar\u00e1 impartida por la bi\u00f3loga Sonia Moreno, participante en el proyecto LIFE Territorio Vis\u00f3n<\/h5>\n<p><a href=\"http:\/\/laguiadepamplona.es\/noticias\/wp-content\/uploads\/2014\/04\/aula_vison_europeo.jpg\"><img loading=\"lazy\" decoding=\"async\" class=\"alignleft size-medium wp-image-1233\" alt=\"aula_vison_europeo\" src=\"http:\/\/laguiadepamplona.es\/noticias\/wp-content\/uploads\/2014\/04\/aula_vison_europeo-300x245.jpg\" width=\"300\" height=\"245\" \/><\/a>Las caracter\u00edsticas y situaci\u00f3n actual del vis\u00f3n europeo ser\u00e1 el tema a tratar en la pr\u00f3xima cita del Aula de Sostenibilidad, que tendr\u00e1 lugar en el Museo de Educaci\u00f3n Ambiental ma\u00f1ana mi\u00e9rcoles a las 19 horas. La encargada de impartir la conferencia ser\u00e1 la bi\u00f3loga Sonia Moreno, quien hablar\u00e1 sobre c\u00f3mo se est\u00e1 gestionando la conservaci\u00f3n de esta especie en Navarra, haciendo especial referencia al proyecto LIFE+ Territorio Vis\u00f3n, en el que ella participa y que tiene por objetivo la recuperaci\u00f3n de los h\u00e1bitats que utiliza este animal en los r\u00edos de la Comunidad Foral.<\/p>\n<p>La entrada a la actividad es libre y existe la posibilidad de utilizar un servicio gratuito de ludoteca infantil mientras dura la charla. Para ello s\u00f3lo es necesario que los interesados hagan una reserva previa en el tel\u00e9fono 948149804.<\/p>\n<p>El vis\u00f3n europeo es un peque\u00f1o carn\u00edvoro semiacu\u00e1tico de color marr\u00f3n chocolate uniforme en todo el cuerpo excepto por dos manchas blancas en su labio superior e inferior, que le diferencian del americano, que s\u00f3lo cuenta con una. Hasta finales del siglo XIX era un animal abundante en Europa, pero a lo largo del XX sufri\u00f3 un r\u00e1pido proceso de desaparici\u00f3n que ha limitado su presencia a dos n\u00facleos, el oriental en Europa del Este y el occidental en el Suroeste de Francia y Norte de Espa\u00f1a, pasando a ser el carn\u00edvoro con mayor riesgo de extinci\u00f3n junto al lince ib\u00e9rico.<\/p>\n<p><strong>Recuperaci\u00f3n de h\u00e1bitats en los r\u00edos Arag\u00f3n y Arga<\/strong><\/p>\n<p>Seg\u00fan explicar\u00e1 la ponente en la charla, el tama\u00f1o de la poblaci\u00f3n del n\u00facleo occidental se ha estimado en 700 ejemplares, de los cuales 500 habitan en Espa\u00f1a y un 70% de \u00e9stos en Navarra, fundamentalmente en r\u00edos, arroyos, lagunas y acequias de regad\u00edo tradicional. A partir de 2004, y ante la importancia de conservar esta especie en la Comunidad Foral, desde el Gobierno de Navarra se han puesto en marcha varias l\u00edneas de trabajo, entre las que destaca el proyecto LIFE+ Territorio Vis\u00f3n, aprobado en 2010. Con \u00e9l se pretende recuperar los h\u00e1bitats que utiliza el vis\u00f3n en el curso medio y bajo de los r\u00edos Arag\u00f3n y Arga, recuperando las llanuras de inundaci\u00f3n y contribuyendo as\u00ed a reducir el riesgo y los da\u00f1os ocasionados por las inundaciones.<\/p>\n<p>El proyecto fue presentado por el Gobierno de Navarra junto con el Ministerio de Agricultura, Alimentaci\u00f3n y Medio Ambiente, a trav\u00e9s de sus empresas p\u00fablicas Gesti\u00f3n Ambiental de Navarra S.L. y grupo TRAGSA respectivamente. Las actuaciones que se est\u00e1n desarrollando suponen una inversi\u00f3n de unos 6 millones de euros, de los que el Gobierno de Navarra aporta un 39%.<\/p>\n<p>La charla se completa con una doble exposici\u00f3n que acoge tambi\u00e9n el Museo de Educaci\u00f3n Ambiental hasta ma\u00f1ana. Por un lado puede verse \u2018Territorio vis\u00f3n\u2019, un proyecto navarro financiado por la Comisi\u00f3n Europea a trav\u00e9s del programa LIFE+ \u2018Naturaleza y biodiversidad\u2019 y, por otro, \u2018Fauna invisible\u2019 de la asociaci\u00f3n ecologista Alnus, una organizaci\u00f3n de Marcilla con fines no lucrativos. El horario de visita es de 10 a 13 horas y de 18 a 20 horas.<\/p>\n<p>&nbsp;<\/p>\n<div>\n<p><strong>charla &#8211; aula de sostenibilidad<\/strong><\/p>\n<\/div>\n<ul>\n<li><b>T\u00edtulo<\/b>: \u2018Conservaci\u00f3n del vis\u00f3n europeo en Navarra. Proyecto LIFE+ Territorio Vis\u00f3n\u2019<\/li>\n<li><b>Ponente<\/b>: Sonia Moreno, bi\u00f3loga participante en el proyecto<\/li>\n<li><b>Lugar<\/b>: Museo de Educaci\u00f3n Ambiental<\/li>\n<li><b>Fecha y hora<\/b>: mi\u00e9rcoles 16 de abril a las 19 horas<\/li>\n<li>Entrada libre. Servicio de ludoteca infantil gratuito para acompa\u00f1antes de los asistentes (reserva previa en el tel\u00e9fono 948149804)<\/li>\n<\/ul>\n<p>&nbsp;<\/p>\n<p>&nbsp;<\/p>\n","protected":false},"excerpt":{"rendered":"<p>La conferencia, que se celebrar\u00e1 ma\u00f1ana a las 19 horas, estar\u00e1 impartida por la bi\u00f3loga Sonia Moreno, participante en el proyecto LIFE Territorio Vis\u00f3n Las caracter\u00edsticas y situaci\u00f3n actual del&#8230;<\/p>\n","protected":false},"author":1,"featured_media":1233,"comment_status":"open","ping_status":"open","sticky":false,"template":"","format":"standard","meta":{"footnotes":""},"categories":[2],"tags":[5,6,839,100,8,9],"class_list":["post-1225","post","type-post","status-publish","format-standard","has-post-thumbnail","hentry","category-ayuntamiento-pamplona","tag-actualidad","tag-ayto-pamplona","tag-charla-sobre-el-vison-europeo","tag-museo-de-educacion-ambiental","tag-noticias","tag-pamplona"],"yoast_head":"<!-- This site is optimized with the Yoast SEO plugin v27.5 - https:\/\/yoast.com\/product\/yoast-seo-wordpress\/ -->\n<title>El Museo de Educaci\u00f3n Ambiental propone una charla sobre el vis\u00f3n europeo y la gesti\u00f3n de su conservaci\u00f3n en Navarra, donde habita la mayor poblaci\u00f3n del continente<\/title>\n<meta name=\"robots\" content=\"index, follow, max-snippet:-1, max-image-preview:large, max-video-preview:-1\" \/>\n<link rel=\"canonical\" href=\"https:\/\/www.laguiadepamplona.com\/actualidad\/el-museo-de-educacion-ambiental-propone-una-charla-sobre-el-vison-europeo-y-la-gestion-de-su-conservacion-en-navarra-donde-habita-la-mayor-poblacion-del-continente\/\" \/>\n<meta property=\"og:locale\" content=\"es_ES\" \/>\n<meta property=\"og:type\" content=\"article\" \/>\n<meta property=\"og:title\" content=\"El Museo de Educaci\u00f3n Ambiental propone una charla sobre el vis\u00f3n europeo y la gesti\u00f3n de su conservaci\u00f3n en Navarra, donde habita la mayor poblaci\u00f3n del continente\" \/>\n<meta property=\"og:description\" content=\"La conferencia, que se celebrar\u00e1 ma\u00f1ana a las 19 horas, estar\u00e1 impartida por la bi\u00f3loga Sonia Moreno, participante en el proyecto LIFE Territorio Vis\u00f3n Las caracter\u00edsticas y situaci\u00f3n actual del...\" \/>\n<meta property=\"og:url\" content=\"https:\/\/www.laguiadepamplona.com\/actualidad\/el-museo-de-educacion-ambiental-propone-una-charla-sobre-el-vison-europeo-y-la-gestion-de-su-conservacion-en-navarra-donde-habita-la-mayor-poblacion-del-continente\/\" \/>\n<meta property=\"og:site_name\" content=\"La Gu\u00eda de Pamplona\" \/>\n<meta property=\"article:publisher\" content=\"https:\/\/www.facebook.com\/laguiadepamplonacom-133175176762273\/?ref=hl\" \/>\n<meta property=\"article:published_time\" content=\"2014-04-15T09:59:30+00:00\" \/>\n<meta name=\"author\" content=\"La Gu\u00eda de Pamplona\" \/>\n<meta name=\"twitter:card\" content=\"summary_large_image\" \/>\n<meta name=\"twitter:creator\" content=\"@LaGuiadPamplona\" \/>\n<meta name=\"twitter:site\" content=\"@LaGuiadPamplona\" \/>\n<meta name=\"twitter:label1\" content=\"Escrito por\" \/>\n\t<meta name=\"twitter:data1\" content=\"La Gu\u00eda de Pamplona\" \/>\n\t<meta name=\"twitter:label2\" content=\"Tiempo de lectura\" \/>\n\t<meta name=\"twitter:data2\" content=\"3 minutos\" \/>\n<script type=\"application\/ld+json\" class=\"yoast-schema-graph\">{\"@context\":\"https:\\\/\\\/schema.org\",\"@graph\":[{\"@type\":\"Article\",\"@id\":\"https:\\\/\\\/www.laguiadepamplona.com\\\/actualidad\\\/el-museo-de-educacion-ambiental-propone-una-charla-sobre-el-vison-europeo-y-la-gestion-de-su-conservacion-en-navarra-donde-habita-la-mayor-poblacion-del-continente\\\/#article\",\"isPartOf\":{\"@id\":\"https:\\\/\\\/www.laguiadepamplona.com\\\/actualidad\\\/el-museo-de-educacion-ambiental-propone-una-charla-sobre-el-vison-europeo-y-la-gestion-de-su-conservacion-en-navarra-donde-habita-la-mayor-poblacion-del-continente\\\/\"},\"author\":{\"name\":\"La Gu\u00eda de Pamplona\",\"@id\":\"https:\\\/\\\/www.laguiadepamplona.com\\\/actualidad\\\/#\\\/schema\\\/person\\\/efe887376f0213d4657c93adc50b1fdb\"},\"headline\":\"El Museo de Educaci\u00f3n Ambiental propone una charla sobre el vis\u00f3n europeo y la gesti\u00f3n de su conservaci\u00f3n en Navarra, donde habita la mayor poblaci\u00f3n del continente\",\"datePublished\":\"2014-04-15T09:59:30+00:00\",\"mainEntityOfPage\":{\"@id\":\"https:\\\/\\\/www.laguiadepamplona.com\\\/actualidad\\\/el-museo-de-educacion-ambiental-propone-una-charla-sobre-el-vison-europeo-y-la-gestion-de-su-conservacion-en-navarra-donde-habita-la-mayor-poblacion-del-continente\\\/\"},\"wordCount\":683,\"commentCount\":0,\"publisher\":{\"@id\":\"https:\\\/\\\/www.laguiadepamplona.com\\\/actualidad\\\/#organization\"},\"image\":{\"@id\":\"https:\\\/\\\/www.laguiadepamplona.com\\\/actualidad\\\/el-museo-de-educacion-ambiental-propone-una-charla-sobre-el-vison-europeo-y-la-gestion-de-su-conservacion-en-navarra-donde-habita-la-mayor-poblacion-del-continente\\\/#primaryimage\"},\"thumbnailUrl\":\"\",\"keywords\":[\"actualidad\",\"ayto pamplona\",\"charla sobre el vis\u00f3n europeo\",\"Museo de Educaci\u00f3n Ambiental\",\"noticias\",\"pamplona\"],\"articleSection\":[\"Ayto Pamplona\"],\"inLanguage\":\"es\",\"potentialAction\":[{\"@type\":\"CommentAction\",\"name\":\"Comment\",\"target\":[\"https:\\\/\\\/www.laguiadepamplona.com\\\/actualidad\\\/el-museo-de-educacion-ambiental-propone-una-charla-sobre-el-vison-europeo-y-la-gestion-de-su-conservacion-en-navarra-donde-habita-la-mayor-poblacion-del-continente\\\/#respond\"]}]},{\"@type\":\"WebPage\",\"@id\":\"https:\\\/\\\/www.laguiadepamplona.com\\\/actualidad\\\/el-museo-de-educacion-ambiental-propone-una-charla-sobre-el-vison-europeo-y-la-gestion-de-su-conservacion-en-navarra-donde-habita-la-mayor-poblacion-del-continente\\\/\",\"url\":\"https:\\\/\\\/www.laguiadepamplona.com\\\/actualidad\\\/el-museo-de-educacion-ambiental-propone-una-charla-sobre-el-vison-europeo-y-la-gestion-de-su-conservacion-en-navarra-donde-habita-la-mayor-poblacion-del-continente\\\/\",\"name\":\"El Museo de Educaci\u00f3n Ambiental propone una charla sobre el vis\u00f3n europeo y la gesti\u00f3n de su conservaci\u00f3n en Navarra, donde habita la mayor poblaci\u00f3n del continente\",\"isPartOf\":{\"@id\":\"https:\\\/\\\/www.laguiadepamplona.com\\\/actualidad\\\/#website\"},\"primaryImageOfPage\":{\"@id\":\"https:\\\/\\\/www.laguiadepamplona.com\\\/actualidad\\\/el-museo-de-educacion-ambiental-propone-una-charla-sobre-el-vison-europeo-y-la-gestion-de-su-conservacion-en-navarra-donde-habita-la-mayor-poblacion-del-continente\\\/#primaryimage\"},\"image\":{\"@id\":\"https:\\\/\\\/www.laguiadepamplona.com\\\/actualidad\\\/el-museo-de-educacion-ambiental-propone-una-charla-sobre-el-vison-europeo-y-la-gestion-de-su-conservacion-en-navarra-donde-habita-la-mayor-poblacion-del-continente\\\/#primaryimage\"},\"thumbnailUrl\":\"\",\"datePublished\":\"2014-04-15T09:59:30+00:00\",\"breadcrumb\":{\"@id\":\"https:\\\/\\\/www.laguiadepamplona.com\\\/actualidad\\\/el-museo-de-educacion-ambiental-propone-una-charla-sobre-el-vison-europeo-y-la-gestion-de-su-conservacion-en-navarra-donde-habita-la-mayor-poblacion-del-continente\\\/#breadcrumb\"},\"inLanguage\":\"es\",\"potentialAction\":[{\"@type\":\"ReadAction\",\"target\":[\"https:\\\/\\\/www.laguiadepamplona.com\\\/actualidad\\\/el-museo-de-educacion-ambiental-propone-una-charla-sobre-el-vison-europeo-y-la-gestion-de-su-conservacion-en-navarra-donde-habita-la-mayor-poblacion-del-continente\\\/\"]}]},{\"@type\":\"ImageObject\",\"inLanguage\":\"es\",\"@id\":\"https:\\\/\\\/www.laguiadepamplona.com\\\/actualidad\\\/el-museo-de-educacion-ambiental-propone-una-charla-sobre-el-vison-europeo-y-la-gestion-de-su-conservacion-en-navarra-donde-habita-la-mayor-poblacion-del-continente\\\/#primaryimage\",\"url\":\"\",\"contentUrl\":\"\"},{\"@type\":\"BreadcrumbList\",\"@id\":\"https:\\\/\\\/www.laguiadepamplona.com\\\/actualidad\\\/el-museo-de-educacion-ambiental-propone-una-charla-sobre-el-vison-europeo-y-la-gestion-de-su-conservacion-en-navarra-donde-habita-la-mayor-poblacion-del-continente\\\/#breadcrumb\",\"itemListElement\":[{\"@type\":\"ListItem\",\"position\":1,\"name\":\"Portada\",\"item\":\"https:\\\/\\\/www.laguiadepamplona.com\\\/actualidad\\\/\"},{\"@type\":\"ListItem\",\"position\":2,\"name\":\"El Museo de Educaci\u00f3n Ambiental propone una charla sobre el vis\u00f3n europeo y la gesti\u00f3n de su conservaci\u00f3n en Navarra, donde habita la mayor poblaci\u00f3n del continente\"}]},{\"@type\":\"WebSite\",\"@id\":\"https:\\\/\\\/www.laguiadepamplona.com\\\/actualidad\\\/#website\",\"url\":\"https:\\\/\\\/www.laguiadepamplona.com\\\/actualidad\\\/\",\"name\":\"La gu\u00eda de Pamplona\",\"description\":\"Noticias de Pamplona\",\"publisher\":{\"@id\":\"https:\\\/\\\/www.laguiadepamplona.com\\\/actualidad\\\/#organization\"},\"potentialAction\":[{\"@type\":\"SearchAction\",\"target\":{\"@type\":\"EntryPoint\",\"urlTemplate\":\"https:\\\/\\\/www.laguiadepamplona.com\\\/actualidad\\\/?s={search_term_string}\"},\"query-input\":{\"@type\":\"PropertyValueSpecification\",\"valueRequired\":true,\"valueName\":\"search_term_string\"}}],\"inLanguage\":\"es\"},{\"@type\":\"Organization\",\"@id\":\"https:\\\/\\\/www.laguiadepamplona.com\\\/actualidad\\\/#organization\",\"name\":\"La Gu\u00eda de Pamplona \\\/ Noticias\",\"url\":\"https:\\\/\\\/www.laguiadepamplona.com\\\/actualidad\\\/\",\"logo\":{\"@type\":\"ImageObject\",\"inLanguage\":\"es\",\"@id\":\"https:\\\/\\\/www.laguiadepamplona.com\\\/actualidad\\\/#\\\/schema\\\/logo\\\/image\\\/\",\"url\":\"https:\\\/\\\/www.laguiadepamplona.com\\\/actualidad\\\/wp-content\\\/uploads\\\/2018\\\/11\\\/logo-laguiadepamplona18-web1.png\",\"contentUrl\":\"https:\\\/\\\/www.laguiadepamplona.com\\\/actualidad\\\/wp-content\\\/uploads\\\/2018\\\/11\\\/logo-laguiadepamplona18-web1.png\",\"width\":600,\"height\":196,\"caption\":\"La Gu\u00eda de Pamplona \\\/ Noticias\"},\"image\":{\"@id\":\"https:\\\/\\\/www.laguiadepamplona.com\\\/actualidad\\\/#\\\/schema\\\/logo\\\/image\\\/\"},\"sameAs\":[\"https:\\\/\\\/www.facebook.com\\\/laguiadepamplonacom-133175176762273\\\/?ref=hl\",\"https:\\\/\\\/x.com\\\/LaGuiadPamplona\",\"https:\\\/\\\/www.instagram.com\\\/la_guia_de_pamplona\\\/\",\"https:\\\/\\\/www.youtube.com\\\/user\\\/laguiadepamplona\"]},{\"@type\":\"Person\",\"@id\":\"https:\\\/\\\/www.laguiadepamplona.com\\\/actualidad\\\/#\\\/schema\\\/person\\\/efe887376f0213d4657c93adc50b1fdb\",\"name\":\"La Gu\u00eda de Pamplona\",\"image\":{\"@type\":\"ImageObject\",\"inLanguage\":\"es\",\"@id\":\"https:\\\/\\\/secure.gravatar.com\\\/avatar\\\/b6992f131dc8d30ab0dff15446e9d346d9dbd95992de0fef795073f5ea83a81c?s=96&d=mm&r=g\",\"url\":\"https:\\\/\\\/secure.gravatar.com\\\/avatar\\\/b6992f131dc8d30ab0dff15446e9d346d9dbd95992de0fef795073f5ea83a81c?s=96&d=mm&r=g\",\"contentUrl\":\"https:\\\/\\\/secure.gravatar.com\\\/avatar\\\/b6992f131dc8d30ab0dff15446e9d346d9dbd95992de0fef795073f5ea83a81c?s=96&d=mm&r=g\",\"caption\":\"La Gu\u00eda de Pamplona\"}}]}<\/script>\n<!-- \/ Yoast SEO plugin. -->","yoast_head_json":{"title":"El Museo de Educaci\u00f3n Ambiental propone una charla sobre el vis\u00f3n europeo y la gesti\u00f3n de su conservaci\u00f3n en Navarra, donde habita la mayor poblaci\u00f3n del continente","robots":{"index":"index","follow":"follow","max-snippet":"max-snippet:-1","max-image-preview":"max-image-preview:large","max-video-preview":"max-video-preview:-1"},"canonical":"https:\/\/www.laguiadepamplona.com\/actualidad\/el-museo-de-educacion-ambiental-propone-una-charla-sobre-el-vison-europeo-y-la-gestion-de-su-conservacion-en-navarra-donde-habita-la-mayor-poblacion-del-continente\/","og_locale":"es_ES","og_type":"article","og_title":"El Museo de Educaci\u00f3n Ambiental propone una charla sobre el vis\u00f3n europeo y la gesti\u00f3n de su conservaci\u00f3n en Navarra, donde habita la mayor poblaci\u00f3n del continente","og_description":"La conferencia, que se celebrar\u00e1 ma\u00f1ana a las 19 horas, estar\u00e1 impartida por la bi\u00f3loga Sonia Moreno, participante en el proyecto LIFE Territorio Vis\u00f3n Las caracter\u00edsticas y situaci\u00f3n actual del...","og_url":"https:\/\/www.laguiadepamplona.com\/actualidad\/el-museo-de-educacion-ambiental-propone-una-charla-sobre-el-vison-europeo-y-la-gestion-de-su-conservacion-en-navarra-donde-habita-la-mayor-poblacion-del-continente\/","og_site_name":"La Gu\u00eda de Pamplona","article_publisher":"https:\/\/www.facebook.com\/laguiadepamplonacom-133175176762273\/?ref=hl","article_published_time":"2014-04-15T09:59:30+00:00","author":"La Gu\u00eda de Pamplona","twitter_card":"summary_large_image","twitter_creator":"@LaGuiadPamplona","twitter_site":"@LaGuiadPamplona","twitter_misc":{"Escrito por":"La Gu\u00eda de Pamplona","Tiempo de lectura":"3 minutos"},"schema":{"@context":"https:\/\/schema.org","@graph":[{"@type":"Article","@id":"https:\/\/www.laguiadepamplona.com\/actualidad\/el-museo-de-educacion-ambiental-propone-una-charla-sobre-el-vison-europeo-y-la-gestion-de-su-conservacion-en-navarra-donde-habita-la-mayor-poblacion-del-continente\/#article","isPartOf":{"@id":"https:\/\/www.laguiadepamplona.com\/actualidad\/el-museo-de-educacion-ambiental-propone-una-charla-sobre-el-vison-europeo-y-la-gestion-de-su-conservacion-en-navarra-donde-habita-la-mayor-poblacion-del-continente\/"},"author":{"name":"La Gu\u00eda de Pamplona","@id":"https:\/\/www.laguiadepamplona.com\/actualidad\/#\/schema\/person\/efe887376f0213d4657c93adc50b1fdb"},"headline":"El Museo de Educaci\u00f3n Ambiental propone una charla sobre el vis\u00f3n europeo y la gesti\u00f3n de su conservaci\u00f3n en Navarra, donde habita la mayor poblaci\u00f3n del continente","datePublished":"2014-04-15T09:59:30+00:00","mainEntityOfPage":{"@id":"https:\/\/www.laguiadepamplona.com\/actualidad\/el-museo-de-educacion-ambiental-propone-una-charla-sobre-el-vison-europeo-y-la-gestion-de-su-conservacion-en-navarra-donde-habita-la-mayor-poblacion-del-continente\/"},"wordCount":683,"commentCount":0,"publisher":{"@id":"https:\/\/www.laguiadepamplona.com\/actualidad\/#organization"},"image":{"@id":"https:\/\/www.laguiadepamplona.com\/actualidad\/el-museo-de-educacion-ambiental-propone-una-charla-sobre-el-vison-europeo-y-la-gestion-de-su-conservacion-en-navarra-donde-habita-la-mayor-poblacion-del-continente\/#primaryimage"},"thumbnailUrl":"","keywords":["actualidad","ayto pamplona","charla sobre el vis\u00f3n europeo","Museo de Educaci\u00f3n Ambiental","noticias","pamplona"],"articleSection":["Ayto Pamplona"],"inLanguage":"es","potentialAction":[{"@type":"CommentAction","name":"Comment","target":["https:\/\/www.laguiadepamplona.com\/actualidad\/el-museo-de-educacion-ambiental-propone-una-charla-sobre-el-vison-europeo-y-la-gestion-de-su-conservacion-en-navarra-donde-habita-la-mayor-poblacion-del-continente\/#respond"]}]},{"@type":"WebPage","@id":"https:\/\/www.laguiadepamplona.com\/actualidad\/el-museo-de-educacion-ambiental-propone-una-charla-sobre-el-vison-europeo-y-la-gestion-de-su-conservacion-en-navarra-donde-habita-la-mayor-poblacion-del-continente\/","url":"https:\/\/www.laguiadepamplona.com\/actualidad\/el-museo-de-educacion-ambiental-propone-una-charla-sobre-el-vison-europeo-y-la-gestion-de-su-conservacion-en-navarra-donde-habita-la-mayor-poblacion-del-continente\/","name":"El Museo de Educaci\u00f3n Ambiental propone una charla sobre el vis\u00f3n europeo y la gesti\u00f3n de su conservaci\u00f3n en Navarra, donde habita la mayor poblaci\u00f3n del continente","isPartOf":{"@id":"https:\/\/www.laguiadepamplona.com\/actualidad\/#website"},"primaryImageOfPage":{"@id":"https:\/\/www.laguiadepamplona.com\/actualidad\/el-museo-de-educacion-ambiental-propone-una-charla-sobre-el-vison-europeo-y-la-gestion-de-su-conservacion-en-navarra-donde-habita-la-mayor-poblacion-del-continente\/#primaryimage"},"image":{"@id":"https:\/\/www.laguiadepamplona.com\/actualidad\/el-museo-de-educacion-ambiental-propone-una-charla-sobre-el-vison-europeo-y-la-gestion-de-su-conservacion-en-navarra-donde-habita-la-mayor-poblacion-del-continente\/#primaryimage"},"thumbnailUrl":"","datePublished":"2014-04-15T09:59:30+00:00","breadcrumb":{"@id":"https:\/\/www.laguiadepamplona.com\/actualidad\/el-museo-de-educacion-ambiental-propone-una-charla-sobre-el-vison-europeo-y-la-gestion-de-su-conservacion-en-navarra-donde-habita-la-mayor-poblacion-del-continente\/#breadcrumb"},"inLanguage":"es","potentialAction":[{"@type":"ReadAction","target":["https:\/\/www.laguiadepamplona.com\/actualidad\/el-museo-de-educacion-ambiental-propone-una-charla-sobre-el-vison-europeo-y-la-gestion-de-su-conservacion-en-navarra-donde-habita-la-mayor-poblacion-del-continente\/"]}]},{"@type":"ImageObject","inLanguage":"es","@id":"https:\/\/www.laguiadepamplona.com\/actualidad\/el-museo-de-educacion-ambiental-propone-una-charla-sobre-el-vison-europeo-y-la-gestion-de-su-conservacion-en-navarra-donde-habita-la-mayor-poblacion-del-continente\/#primaryimage","url":"","contentUrl":""},{"@type":"BreadcrumbList","@id":"https:\/\/www.laguiadepamplona.com\/actualidad\/el-museo-de-educacion-ambiental-propone-una-charla-sobre-el-vison-europeo-y-la-gestion-de-su-conservacion-en-navarra-donde-habita-la-mayor-poblacion-del-continente\/#breadcrumb","itemListElement":[{"@type":"ListItem","position":1,"name":"Portada","item":"https:\/\/www.laguiadepamplona.com\/actualidad\/"},{"@type":"ListItem","position":2,"name":"El Museo de Educaci\u00f3n Ambiental propone una charla sobre el vis\u00f3n europeo y la gesti\u00f3n de su conservaci\u00f3n en Navarra, donde habita la mayor poblaci\u00f3n del continente"}]},{"@type":"WebSite","@id":"https:\/\/www.laguiadepamplona.com\/actualidad\/#website","url":"https:\/\/www.laguiadepamplona.com\/actualidad\/","name":"La gu\u00eda de Pamplona","description":"Noticias de Pamplona","publisher":{"@id":"https:\/\/www.laguiadepamplona.com\/actualidad\/#organization"},"potentialAction":[{"@type":"SearchAction","target":{"@type":"EntryPoint","urlTemplate":"https:\/\/www.laguiadepamplona.com\/actualidad\/?s={search_term_string}"},"query-input":{"@type":"PropertyValueSpecification","valueRequired":true,"valueName":"search_term_string"}}],"inLanguage":"es"},{"@type":"Organization","@id":"https:\/\/www.laguiadepamplona.com\/actualidad\/#organization","name":"La Gu\u00eda de Pamplona \/ Noticias","url":"https:\/\/www.laguiadepamplona.com\/actualidad\/","logo":{"@type":"ImageObject","inLanguage":"es","@id":"https:\/\/www.laguiadepamplona.com\/actualidad\/#\/schema\/logo\/image\/","url":"https:\/\/www.laguiadepamplona.com\/actualidad\/wp-content\/uploads\/2018\/11\/logo-laguiadepamplona18-web1.png","contentUrl":"https:\/\/www.laguiadepamplona.com\/actualidad\/wp-content\/uploads\/2018\/11\/logo-laguiadepamplona18-web1.png","width":600,"height":196,"caption":"La Gu\u00eda de Pamplona \/ Noticias"},"image":{"@id":"https:\/\/www.laguiadepamplona.com\/actualidad\/#\/schema\/logo\/image\/"},"sameAs":["https:\/\/www.facebook.com\/laguiadepamplonacom-133175176762273\/?ref=hl","https:\/\/x.com\/LaGuiadPamplona","https:\/\/www.instagram.com\/la_guia_de_pamplona\/","https:\/\/www.youtube.com\/user\/laguiadepamplona"]},{"@type":"Person","@id":"https:\/\/www.laguiadepamplona.com\/actualidad\/#\/schema\/person\/efe887376f0213d4657c93adc50b1fdb","name":"La Gu\u00eda de Pamplona","image":{"@type":"ImageObject","inLanguage":"es","@id":"https:\/\/secure.gravatar.com\/avatar\/b6992f131dc8d30ab0dff15446e9d346d9dbd95992de0fef795073f5ea83a81c?s=96&d=mm&r=g","url":"https:\/\/secure.gravatar.com\/avatar\/b6992f131dc8d30ab0dff15446e9d346d9dbd95992de0fef795073f5ea83a81c?s=96&d=mm&r=g","contentUrl":"https:\/\/secure.gravatar.com\/avatar\/b6992f131dc8d30ab0dff15446e9d346d9dbd95992de0fef795073f5ea83a81c?s=96&d=mm&r=g","caption":"La Gu\u00eda de Pamplona"}}]}},"post_mailing_queue_ids":[],"_links":{"self":[{"href":"https:\/\/www.laguiadepamplona.com\/actualidad\/wp-json\/wp\/v2\/posts\/1225","targetHints":{"allow":["GET"]}}],"collection":[{"href":"https:\/\/www.laguiadepamplona.com\/actualidad\/wp-json\/wp\/v2\/posts"}],"about":[{"href":"https:\/\/www.laguiadepamplona.com\/actualidad\/wp-json\/wp\/v2\/types\/post"}],"author":[{"embeddable":true,"href":"https:\/\/www.laguiadepamplona.com\/actualidad\/wp-json\/wp\/v2\/users\/1"}],"replies":[{"embeddable":true,"href":"https:\/\/www.laguiadepamplona.com\/actualidad\/wp-json\/wp\/v2\/comments?post=1225"}],"version-history":[{"count":0,"href":"https:\/\/www.laguiadepamplona.com\/actualidad\/wp-json\/wp\/v2\/posts\/1225\/revisions"}],"wp:featuredmedia":[{"embeddable":true,"href":"https:\/\/www.laguiadepamplona.com\/actualidad\/wp-json\/"}],"wp:attachment":[{"href":"https:\/\/www.laguiadepamplona.com\/actualidad\/wp-json\/wp\/v2\/media?parent=1225"}],"wp:term":[{"taxonomy":"category","embeddable":true,"href":"https:\/\/www.laguiadepamplona.com\/actualidad\/wp-json\/wp\/v2\/categories?post=1225"},{"taxonomy":"post_tag","embeddable":true,"href":"https:\/\/www.laguiadepamplona.com\/actualidad\/wp-json\/wp\/v2\/tags?post=1225"}],"curies":[{"name":"wp","href":"https:\/\/api.w.org\/{rel}","templated":true}]}}