{"id":12247,"date":"2017-03-14T12:56:33","date_gmt":"2017-03-14T11:56:33","guid":{"rendered":"http:\/\/laguiadepamplona.es\/actualidad\/?p=12247"},"modified":"2017-03-14T12:56:33","modified_gmt":"2017-03-14T11:56:33","slug":"abierto-el-plazo-hasta-el-22-de-marzo-para-inscribirse-en-el-grupo-de-voluntariado-ambiental-que-colaborara-en-actividades-de-divulgacion-o-conservacion-de-especies","status":"publish","type":"post","link":"https:\/\/www.laguiadepamplona.com\/actualidad\/abierto-el-plazo-hasta-el-22-de-marzo-para-inscribirse-en-el-grupo-de-voluntariado-ambiental-que-colaborara-en-actividades-de-divulgacion-o-conservacion-de-especies\/","title":{"rendered":"Abierto el plazo hasta el 22 de marzo para inscribirse en el grupo de voluntariado ambiental que colaborar\u00e1 en actividades de divulgaci\u00f3n o conservaci\u00f3n de especies"},"content":{"rendered":"<h3>A la primera reuni\u00f3n, que se celebrar\u00e1 el 23 de marzo, tambi\u00e9n se convocar\u00e1n las personas que ya estaban inscritas del a\u00f1o pasado<\/h3>\n<p><!--more--><\/p>\n<p>El Ayuntamiento de Pamplona ha abierto el plazo hasta el 22 de marzo para inscribirse en el grupo de voluntariado ambiental que, por ejemplo, va a colaborar en actividades de divulgaci\u00f3n, en la conservaci\u00f3n de especies amenazadas, en la lucha contra las especies ex\u00f3ticas invasoras y en otras actividades que las mismas personas voluntarias puedan proponer al equipo municipal de educaci\u00f3n ambiental. Las personas interesadas pueden apuntarse llamando al Tel\u00e9fono de Atenci\u00f3n Ciudadana 010 (948420100 si se llama desde m\u00f3vil y desde fuera de Pamplona).<\/p>\n<p>La primera reuni\u00f3n del grupo se celebrar\u00e1 el jueves 23 de marzo a las 18 horas en el Museo de Educaci\u00f3n Ambiental. A esta sesi\u00f3n tambi\u00e9n ser\u00e1n invitadas las 37 personas ya inscritas en e grupo de voluntariado ambiental, que se puso en marcha el a\u00f1o pasado. El objetivo de esta iniciativa es fomentar la participaci\u00f3n activa, libre, solidaria, altruista y responsable de la ciudadan\u00eda de Pamplona y su colaboraci\u00f3n en la sensibilizaci\u00f3n ambiental de la poblaci\u00f3n que promueva un modelo de ciudad m\u00e1s participativo, humano y acogedor, y en definitiva, m\u00e1s sostenible. En la reuni\u00f3n tambi\u00e9n se dar\u00e1 a conocer la reciente municipalizaci\u00f3n del Museo de Educaci\u00f3n Ambiental, realizada el pasado noviembre.<\/p>\n<p>Las acciones en las que se puede participar se han reunido en cuatro grupos. Por ejemplo, actividades de divulgaci\u00f3n y educaci\u00f3n ambiental con el dise\u00f1o y desarrollo de talleres y\/o presentaciones en centros escolares y asociativos. Una segunda opci\u00f3n es trabajar en la conservaci\u00f3n de especies amenazadas colaborando en la colocaci\u00f3n de refugios para murci\u00e9lagos, cajas nido para aves y revisi\u00f3n de las mismas. Tambi\u00e9n es posible luchar contra las especies ex\u00f3ticas invasoras con la detecci\u00f3n temprana de estos animales como avispa asi\u00e1tica, ailanto o gal\u00e1pago de Florida, entre otros, o con la realizaci\u00f3n de mapas que recojan las zonas de incidencia de la flora ex\u00f3tica y del castor europeo. Todo ello con especial atenci\u00f3n al entorno fluvial. Adem\u00e1s, existe la opci\u00f3n de que las personas participantes aporten nuevas posibilidades o inquietudes.<\/p>\n","protected":false},"excerpt":{"rendered":"<p>A la primera reuni\u00f3n, que se celebrar\u00e1 el 23 de marzo, tambi\u00e9n se convocar\u00e1n las personas que ya estaban inscritas del a\u00f1o pasado<\/p>\n","protected":false},"author":1,"featured_media":10979,"comment_status":"closed","ping_status":"closed","sticky":false,"template":"","format":"standard","meta":{"footnotes":""},"categories":[2],"tags":[],"class_list":["post-12247","post","type-post","status-publish","format-standard","has-post-thumbnail","hentry","category-ayuntamiento-pamplona"],"yoast_head":"<!-- This site is optimized with the Yoast SEO plugin v27.3 - https:\/\/yoast.com\/product\/yoast-seo-wordpress\/ -->\n<title>Abierto el plazo hasta el 22 de marzo para inscribirse en el grupo de voluntariado ambiental que colaborar\u00e1 en actividades de divulgaci\u00f3n o conservaci\u00f3n de especies<\/title>\n<meta name=\"robots\" content=\"index, follow, max-snippet:-1, max-image-preview:large, max-video-preview:-1\" \/>\n<link rel=\"canonical\" href=\"https:\/\/www.laguiadepamplona.com\/actualidad\/abierto-el-plazo-hasta-el-22-de-marzo-para-inscribirse-en-el-grupo-de-voluntariado-ambiental-que-colaborara-en-actividades-de-divulgacion-o-conservacion-de-especies\/\" \/>\n<meta property=\"og:locale\" content=\"es_ES\" \/>\n<meta property=\"og:type\" content=\"article\" \/>\n<meta property=\"og:title\" content=\"Abierto el plazo hasta el 22 de marzo para inscribirse en el grupo de voluntariado ambiental que colaborar\u00e1 en actividades de divulgaci\u00f3n o conservaci\u00f3n de especies\" \/>\n<meta property=\"og:description\" content=\"A la primera reuni\u00f3n, que se celebrar\u00e1 el 23 de marzo, tambi\u00e9n se convocar\u00e1n las personas que ya estaban inscritas del a\u00f1o pasado\" \/>\n<meta property=\"og:url\" content=\"https:\/\/www.laguiadepamplona.com\/actualidad\/abierto-el-plazo-hasta-el-22-de-marzo-para-inscribirse-en-el-grupo-de-voluntariado-ambiental-que-colaborara-en-actividades-de-divulgacion-o-conservacion-de-especies\/\" \/>\n<meta property=\"og:site_name\" content=\"La Gu\u00eda de Pamplona\" \/>\n<meta property=\"article:publisher\" content=\"https:\/\/www.facebook.com\/laguiadepamplonacom-133175176762273\/?ref=hl\" \/>\n<meta property=\"article:published_time\" content=\"2017-03-14T11:56:33+00:00\" \/>\n<meta property=\"og:image\" content=\"https:\/\/www.laguiadepamplona.com\/actualidad\/wp-content\/uploads\/2016\/11\/Ayto_Pamplona.jpg\" \/>\n\t<meta property=\"og:image:width\" content=\"900\" \/>\n\t<meta property=\"og:image:height\" content=\"675\" \/>\n\t<meta property=\"og:image:type\" content=\"image\/jpeg\" \/>\n<meta name=\"author\" content=\"La Gu\u00eda de Pamplona\" \/>\n<meta name=\"twitter:card\" content=\"summary_large_image\" \/>\n<meta name=\"twitter:creator\" content=\"@LaGuiadPamplona\" \/>\n<meta name=\"twitter:site\" content=\"@LaGuiadPamplona\" \/>\n<meta name=\"twitter:label1\" content=\"Escrito por\" \/>\n\t<meta name=\"twitter:data1\" content=\"La Gu\u00eda de Pamplona\" \/>\n\t<meta name=\"twitter:label2\" content=\"Tiempo de lectura\" \/>\n\t<meta name=\"twitter:data2\" content=\"2 minutos\" \/>\n<script type=\"application\/ld+json\" class=\"yoast-schema-graph\">{\"@context\":\"https:\\\/\\\/schema.org\",\"@graph\":[{\"@type\":\"Article\",\"@id\":\"https:\\\/\\\/www.laguiadepamplona.com\\\/actualidad\\\/abierto-el-plazo-hasta-el-22-de-marzo-para-inscribirse-en-el-grupo-de-voluntariado-ambiental-que-colaborara-en-actividades-de-divulgacion-o-conservacion-de-especies\\\/#article\",\"isPartOf\":{\"@id\":\"https:\\\/\\\/www.laguiadepamplona.com\\\/actualidad\\\/abierto-el-plazo-hasta-el-22-de-marzo-para-inscribirse-en-el-grupo-de-voluntariado-ambiental-que-colaborara-en-actividades-de-divulgacion-o-conservacion-de-especies\\\/\"},\"author\":{\"name\":\"La Gu\u00eda de Pamplona\",\"@id\":\"https:\\\/\\\/www.laguiadepamplona.com\\\/actualidad\\\/#\\\/schema\\\/person\\\/efe887376f0213d4657c93adc50b1fdb\"},\"headline\":\"Abierto el plazo hasta el 22 de marzo para inscribirse en el grupo de voluntariado ambiental que colaborar\u00e1 en actividades de divulgaci\u00f3n o conservaci\u00f3n de especies\",\"datePublished\":\"2017-03-14T11:56:33+00:00\",\"mainEntityOfPage\":{\"@id\":\"https:\\\/\\\/www.laguiadepamplona.com\\\/actualidad\\\/abierto-el-plazo-hasta-el-22-de-marzo-para-inscribirse-en-el-grupo-de-voluntariado-ambiental-que-colaborara-en-actividades-de-divulgacion-o-conservacion-de-especies\\\/\"},\"wordCount\":420,\"publisher\":{\"@id\":\"https:\\\/\\\/www.laguiadepamplona.com\\\/actualidad\\\/#organization\"},\"image\":{\"@id\":\"https:\\\/\\\/www.laguiadepamplona.com\\\/actualidad\\\/abierto-el-plazo-hasta-el-22-de-marzo-para-inscribirse-en-el-grupo-de-voluntariado-ambiental-que-colaborara-en-actividades-de-divulgacion-o-conservacion-de-especies\\\/#primaryimage\"},\"thumbnailUrl\":\"https:\\\/\\\/www.laguiadepamplona.com\\\/actualidad\\\/wp-content\\\/uploads\\\/2016\\\/11\\\/Ayto_Pamplona.jpg\",\"articleSection\":[\"Ayto Pamplona\"],\"inLanguage\":\"es\"},{\"@type\":\"WebPage\",\"@id\":\"https:\\\/\\\/www.laguiadepamplona.com\\\/actualidad\\\/abierto-el-plazo-hasta-el-22-de-marzo-para-inscribirse-en-el-grupo-de-voluntariado-ambiental-que-colaborara-en-actividades-de-divulgacion-o-conservacion-de-especies\\\/\",\"url\":\"https:\\\/\\\/www.laguiadepamplona.com\\\/actualidad\\\/abierto-el-plazo-hasta-el-22-de-marzo-para-inscribirse-en-el-grupo-de-voluntariado-ambiental-que-colaborara-en-actividades-de-divulgacion-o-conservacion-de-especies\\\/\",\"name\":\"Abierto el plazo hasta el 22 de marzo para inscribirse en el grupo de voluntariado ambiental que colaborar\u00e1 en actividades de divulgaci\u00f3n o conservaci\u00f3n de especies\",\"isPartOf\":{\"@id\":\"https:\\\/\\\/www.laguiadepamplona.com\\\/actualidad\\\/#website\"},\"primaryImageOfPage\":{\"@id\":\"https:\\\/\\\/www.laguiadepamplona.com\\\/actualidad\\\/abierto-el-plazo-hasta-el-22-de-marzo-para-inscribirse-en-el-grupo-de-voluntariado-ambiental-que-colaborara-en-actividades-de-divulgacion-o-conservacion-de-especies\\\/#primaryimage\"},\"image\":{\"@id\":\"https:\\\/\\\/www.laguiadepamplona.com\\\/actualidad\\\/abierto-el-plazo-hasta-el-22-de-marzo-para-inscribirse-en-el-grupo-de-voluntariado-ambiental-que-colaborara-en-actividades-de-divulgacion-o-conservacion-de-especies\\\/#primaryimage\"},\"thumbnailUrl\":\"https:\\\/\\\/www.laguiadepamplona.com\\\/actualidad\\\/wp-content\\\/uploads\\\/2016\\\/11\\\/Ayto_Pamplona.jpg\",\"datePublished\":\"2017-03-14T11:56:33+00:00\",\"breadcrumb\":{\"@id\":\"https:\\\/\\\/www.laguiadepamplona.com\\\/actualidad\\\/abierto-el-plazo-hasta-el-22-de-marzo-para-inscribirse-en-el-grupo-de-voluntariado-ambiental-que-colaborara-en-actividades-de-divulgacion-o-conservacion-de-especies\\\/#breadcrumb\"},\"inLanguage\":\"es\",\"potentialAction\":[{\"@type\":\"ReadAction\",\"target\":[\"https:\\\/\\\/www.laguiadepamplona.com\\\/actualidad\\\/abierto-el-plazo-hasta-el-22-de-marzo-para-inscribirse-en-el-grupo-de-voluntariado-ambiental-que-colaborara-en-actividades-de-divulgacion-o-conservacion-de-especies\\\/\"]}]},{\"@type\":\"ImageObject\",\"inLanguage\":\"es\",\"@id\":\"https:\\\/\\\/www.laguiadepamplona.com\\\/actualidad\\\/abierto-el-plazo-hasta-el-22-de-marzo-para-inscribirse-en-el-grupo-de-voluntariado-ambiental-que-colaborara-en-actividades-de-divulgacion-o-conservacion-de-especies\\\/#primaryimage\",\"url\":\"https:\\\/\\\/www.laguiadepamplona.com\\\/actualidad\\\/wp-content\\\/uploads\\\/2016\\\/11\\\/Ayto_Pamplona.jpg\",\"contentUrl\":\"https:\\\/\\\/www.laguiadepamplona.com\\\/actualidad\\\/wp-content\\\/uploads\\\/2016\\\/11\\\/Ayto_Pamplona.jpg\",\"width\":900,\"height\":675},{\"@type\":\"BreadcrumbList\",\"@id\":\"https:\\\/\\\/www.laguiadepamplona.com\\\/actualidad\\\/abierto-el-plazo-hasta-el-22-de-marzo-para-inscribirse-en-el-grupo-de-voluntariado-ambiental-que-colaborara-en-actividades-de-divulgacion-o-conservacion-de-especies\\\/#breadcrumb\",\"itemListElement\":[{\"@type\":\"ListItem\",\"position\":1,\"name\":\"Portada\",\"item\":\"https:\\\/\\\/www.laguiadepamplona.com\\\/actualidad\\\/\"},{\"@type\":\"ListItem\",\"position\":2,\"name\":\"Abierto el plazo hasta el 22 de marzo para inscribirse en el grupo de voluntariado ambiental que colaborar\u00e1 en actividades de divulgaci\u00f3n o conservaci\u00f3n de especies\"}]},{\"@type\":\"WebSite\",\"@id\":\"https:\\\/\\\/www.laguiadepamplona.com\\\/actualidad\\\/#website\",\"url\":\"https:\\\/\\\/www.laguiadepamplona.com\\\/actualidad\\\/\",\"name\":\"La gu\u00eda de Pamplona\",\"description\":\"Noticias de Pamplona\",\"publisher\":{\"@id\":\"https:\\\/\\\/www.laguiadepamplona.com\\\/actualidad\\\/#organization\"},\"potentialAction\":[{\"@type\":\"SearchAction\",\"target\":{\"@type\":\"EntryPoint\",\"urlTemplate\":\"https:\\\/\\\/www.laguiadepamplona.com\\\/actualidad\\\/?s={search_term_string}\"},\"query-input\":{\"@type\":\"PropertyValueSpecification\",\"valueRequired\":true,\"valueName\":\"search_term_string\"}}],\"inLanguage\":\"es\"},{\"@type\":\"Organization\",\"@id\":\"https:\\\/\\\/www.laguiadepamplona.com\\\/actualidad\\\/#organization\",\"name\":\"La Gu\u00eda de Pamplona \\\/ Noticias\",\"url\":\"https:\\\/\\\/www.laguiadepamplona.com\\\/actualidad\\\/\",\"logo\":{\"@type\":\"ImageObject\",\"inLanguage\":\"es\",\"@id\":\"https:\\\/\\\/www.laguiadepamplona.com\\\/actualidad\\\/#\\\/schema\\\/logo\\\/image\\\/\",\"url\":\"https:\\\/\\\/www.laguiadepamplona.com\\\/actualidad\\\/wp-content\\\/uploads\\\/2018\\\/11\\\/logo-laguiadepamplona18-web1.png\",\"contentUrl\":\"https:\\\/\\\/www.laguiadepamplona.com\\\/actualidad\\\/wp-content\\\/uploads\\\/2018\\\/11\\\/logo-laguiadepamplona18-web1.png\",\"width\":600,\"height\":196,\"caption\":\"La Gu\u00eda de Pamplona \\\/ Noticias\"},\"image\":{\"@id\":\"https:\\\/\\\/www.laguiadepamplona.com\\\/actualidad\\\/#\\\/schema\\\/logo\\\/image\\\/\"},\"sameAs\":[\"https:\\\/\\\/www.facebook.com\\\/laguiadepamplonacom-133175176762273\\\/?ref=hl\",\"https:\\\/\\\/x.com\\\/LaGuiadPamplona\",\"https:\\\/\\\/www.instagram.com\\\/la_guia_de_pamplona\\\/\",\"https:\\\/\\\/www.youtube.com\\\/user\\\/laguiadepamplona\"]},{\"@type\":\"Person\",\"@id\":\"https:\\\/\\\/www.laguiadepamplona.com\\\/actualidad\\\/#\\\/schema\\\/person\\\/efe887376f0213d4657c93adc50b1fdb\",\"name\":\"La Gu\u00eda de Pamplona\",\"image\":{\"@type\":\"ImageObject\",\"inLanguage\":\"es\",\"@id\":\"https:\\\/\\\/secure.gravatar.com\\\/avatar\\\/b6992f131dc8d30ab0dff15446e9d346d9dbd95992de0fef795073f5ea83a81c?s=96&d=mm&r=g\",\"url\":\"https:\\\/\\\/secure.gravatar.com\\\/avatar\\\/b6992f131dc8d30ab0dff15446e9d346d9dbd95992de0fef795073f5ea83a81c?s=96&d=mm&r=g\",\"contentUrl\":\"https:\\\/\\\/secure.gravatar.com\\\/avatar\\\/b6992f131dc8d30ab0dff15446e9d346d9dbd95992de0fef795073f5ea83a81c?s=96&d=mm&r=g\",\"caption\":\"La Gu\u00eda de Pamplona\"}}]}<\/script>\n<!-- \/ Yoast SEO plugin. -->","yoast_head_json":{"title":"Abierto el plazo hasta el 22 de marzo para inscribirse en el grupo de voluntariado ambiental que colaborar\u00e1 en actividades de divulgaci\u00f3n o conservaci\u00f3n de especies","robots":{"index":"index","follow":"follow","max-snippet":"max-snippet:-1","max-image-preview":"max-image-preview:large","max-video-preview":"max-video-preview:-1"},"canonical":"https:\/\/www.laguiadepamplona.com\/actualidad\/abierto-el-plazo-hasta-el-22-de-marzo-para-inscribirse-en-el-grupo-de-voluntariado-ambiental-que-colaborara-en-actividades-de-divulgacion-o-conservacion-de-especies\/","og_locale":"es_ES","og_type":"article","og_title":"Abierto el plazo hasta el 22 de marzo para inscribirse en el grupo de voluntariado ambiental que colaborar\u00e1 en actividades de divulgaci\u00f3n o conservaci\u00f3n de especies","og_description":"A la primera reuni\u00f3n, que se celebrar\u00e1 el 23 de marzo, tambi\u00e9n se convocar\u00e1n las personas que ya estaban inscritas del a\u00f1o pasado","og_url":"https:\/\/www.laguiadepamplona.com\/actualidad\/abierto-el-plazo-hasta-el-22-de-marzo-para-inscribirse-en-el-grupo-de-voluntariado-ambiental-que-colaborara-en-actividades-de-divulgacion-o-conservacion-de-especies\/","og_site_name":"La Gu\u00eda de Pamplona","article_publisher":"https:\/\/www.facebook.com\/laguiadepamplonacom-133175176762273\/?ref=hl","article_published_time":"2017-03-14T11:56:33+00:00","og_image":[{"width":900,"height":675,"url":"https:\/\/www.laguiadepamplona.com\/actualidad\/wp-content\/uploads\/2016\/11\/Ayto_Pamplona.jpg","type":"image\/jpeg"}],"author":"La Gu\u00eda de Pamplona","twitter_card":"summary_large_image","twitter_creator":"@LaGuiadPamplona","twitter_site":"@LaGuiadPamplona","twitter_misc":{"Escrito por":"La Gu\u00eda de Pamplona","Tiempo de lectura":"2 minutos"},"schema":{"@context":"https:\/\/schema.org","@graph":[{"@type":"Article","@id":"https:\/\/www.laguiadepamplona.com\/actualidad\/abierto-el-plazo-hasta-el-22-de-marzo-para-inscribirse-en-el-grupo-de-voluntariado-ambiental-que-colaborara-en-actividades-de-divulgacion-o-conservacion-de-especies\/#article","isPartOf":{"@id":"https:\/\/www.laguiadepamplona.com\/actualidad\/abierto-el-plazo-hasta-el-22-de-marzo-para-inscribirse-en-el-grupo-de-voluntariado-ambiental-que-colaborara-en-actividades-de-divulgacion-o-conservacion-de-especies\/"},"author":{"name":"La Gu\u00eda de Pamplona","@id":"https:\/\/www.laguiadepamplona.com\/actualidad\/#\/schema\/person\/efe887376f0213d4657c93adc50b1fdb"},"headline":"Abierto el plazo hasta el 22 de marzo para inscribirse en el grupo de voluntariado ambiental que colaborar\u00e1 en actividades de divulgaci\u00f3n o conservaci\u00f3n de especies","datePublished":"2017-03-14T11:56:33+00:00","mainEntityOfPage":{"@id":"https:\/\/www.laguiadepamplona.com\/actualidad\/abierto-el-plazo-hasta-el-22-de-marzo-para-inscribirse-en-el-grupo-de-voluntariado-ambiental-que-colaborara-en-actividades-de-divulgacion-o-conservacion-de-especies\/"},"wordCount":420,"publisher":{"@id":"https:\/\/www.laguiadepamplona.com\/actualidad\/#organization"},"image":{"@id":"https:\/\/www.laguiadepamplona.com\/actualidad\/abierto-el-plazo-hasta-el-22-de-marzo-para-inscribirse-en-el-grupo-de-voluntariado-ambiental-que-colaborara-en-actividades-de-divulgacion-o-conservacion-de-especies\/#primaryimage"},"thumbnailUrl":"https:\/\/www.laguiadepamplona.com\/actualidad\/wp-content\/uploads\/2016\/11\/Ayto_Pamplona.jpg","articleSection":["Ayto Pamplona"],"inLanguage":"es"},{"@type":"WebPage","@id":"https:\/\/www.laguiadepamplona.com\/actualidad\/abierto-el-plazo-hasta-el-22-de-marzo-para-inscribirse-en-el-grupo-de-voluntariado-ambiental-que-colaborara-en-actividades-de-divulgacion-o-conservacion-de-especies\/","url":"https:\/\/www.laguiadepamplona.com\/actualidad\/abierto-el-plazo-hasta-el-22-de-marzo-para-inscribirse-en-el-grupo-de-voluntariado-ambiental-que-colaborara-en-actividades-de-divulgacion-o-conservacion-de-especies\/","name":"Abierto el plazo hasta el 22 de marzo para inscribirse en el grupo de voluntariado ambiental que colaborar\u00e1 en actividades de divulgaci\u00f3n o conservaci\u00f3n de especies","isPartOf":{"@id":"https:\/\/www.laguiadepamplona.com\/actualidad\/#website"},"primaryImageOfPage":{"@id":"https:\/\/www.laguiadepamplona.com\/actualidad\/abierto-el-plazo-hasta-el-22-de-marzo-para-inscribirse-en-el-grupo-de-voluntariado-ambiental-que-colaborara-en-actividades-de-divulgacion-o-conservacion-de-especies\/#primaryimage"},"image":{"@id":"https:\/\/www.laguiadepamplona.com\/actualidad\/abierto-el-plazo-hasta-el-22-de-marzo-para-inscribirse-en-el-grupo-de-voluntariado-ambiental-que-colaborara-en-actividades-de-divulgacion-o-conservacion-de-especies\/#primaryimage"},"thumbnailUrl":"https:\/\/www.laguiadepamplona.com\/actualidad\/wp-content\/uploads\/2016\/11\/Ayto_Pamplona.jpg","datePublished":"2017-03-14T11:56:33+00:00","breadcrumb":{"@id":"https:\/\/www.laguiadepamplona.com\/actualidad\/abierto-el-plazo-hasta-el-22-de-marzo-para-inscribirse-en-el-grupo-de-voluntariado-ambiental-que-colaborara-en-actividades-de-divulgacion-o-conservacion-de-especies\/#breadcrumb"},"inLanguage":"es","potentialAction":[{"@type":"ReadAction","target":["https:\/\/www.laguiadepamplona.com\/actualidad\/abierto-el-plazo-hasta-el-22-de-marzo-para-inscribirse-en-el-grupo-de-voluntariado-ambiental-que-colaborara-en-actividades-de-divulgacion-o-conservacion-de-especies\/"]}]},{"@type":"ImageObject","inLanguage":"es","@id":"https:\/\/www.laguiadepamplona.com\/actualidad\/abierto-el-plazo-hasta-el-22-de-marzo-para-inscribirse-en-el-grupo-de-voluntariado-ambiental-que-colaborara-en-actividades-de-divulgacion-o-conservacion-de-especies\/#primaryimage","url":"https:\/\/www.laguiadepamplona.com\/actualidad\/wp-content\/uploads\/2016\/11\/Ayto_Pamplona.jpg","contentUrl":"https:\/\/www.laguiadepamplona.com\/actualidad\/wp-content\/uploads\/2016\/11\/Ayto_Pamplona.jpg","width":900,"height":675},{"@type":"BreadcrumbList","@id":"https:\/\/www.laguiadepamplona.com\/actualidad\/abierto-el-plazo-hasta-el-22-de-marzo-para-inscribirse-en-el-grupo-de-voluntariado-ambiental-que-colaborara-en-actividades-de-divulgacion-o-conservacion-de-especies\/#breadcrumb","itemListElement":[{"@type":"ListItem","position":1,"name":"Portada","item":"https:\/\/www.laguiadepamplona.com\/actualidad\/"},{"@type":"ListItem","position":2,"name":"Abierto el plazo hasta el 22 de marzo para inscribirse en el grupo de voluntariado ambiental que colaborar\u00e1 en actividades de divulgaci\u00f3n o conservaci\u00f3n de especies"}]},{"@type":"WebSite","@id":"https:\/\/www.laguiadepamplona.com\/actualidad\/#website","url":"https:\/\/www.laguiadepamplona.com\/actualidad\/","name":"La gu\u00eda de Pamplona","description":"Noticias de Pamplona","publisher":{"@id":"https:\/\/www.laguiadepamplona.com\/actualidad\/#organization"},"potentialAction":[{"@type":"SearchAction","target":{"@type":"EntryPoint","urlTemplate":"https:\/\/www.laguiadepamplona.com\/actualidad\/?s={search_term_string}"},"query-input":{"@type":"PropertyValueSpecification","valueRequired":true,"valueName":"search_term_string"}}],"inLanguage":"es"},{"@type":"Organization","@id":"https:\/\/www.laguiadepamplona.com\/actualidad\/#organization","name":"La Gu\u00eda de Pamplona \/ Noticias","url":"https:\/\/www.laguiadepamplona.com\/actualidad\/","logo":{"@type":"ImageObject","inLanguage":"es","@id":"https:\/\/www.laguiadepamplona.com\/actualidad\/#\/schema\/logo\/image\/","url":"https:\/\/www.laguiadepamplona.com\/actualidad\/wp-content\/uploads\/2018\/11\/logo-laguiadepamplona18-web1.png","contentUrl":"https:\/\/www.laguiadepamplona.com\/actualidad\/wp-content\/uploads\/2018\/11\/logo-laguiadepamplona18-web1.png","width":600,"height":196,"caption":"La Gu\u00eda de Pamplona \/ Noticias"},"image":{"@id":"https:\/\/www.laguiadepamplona.com\/actualidad\/#\/schema\/logo\/image\/"},"sameAs":["https:\/\/www.facebook.com\/laguiadepamplonacom-133175176762273\/?ref=hl","https:\/\/x.com\/LaGuiadPamplona","https:\/\/www.instagram.com\/la_guia_de_pamplona\/","https:\/\/www.youtube.com\/user\/laguiadepamplona"]},{"@type":"Person","@id":"https:\/\/www.laguiadepamplona.com\/actualidad\/#\/schema\/person\/efe887376f0213d4657c93adc50b1fdb","name":"La Gu\u00eda de Pamplona","image":{"@type":"ImageObject","inLanguage":"es","@id":"https:\/\/secure.gravatar.com\/avatar\/b6992f131dc8d30ab0dff15446e9d346d9dbd95992de0fef795073f5ea83a81c?s=96&d=mm&r=g","url":"https:\/\/secure.gravatar.com\/avatar\/b6992f131dc8d30ab0dff15446e9d346d9dbd95992de0fef795073f5ea83a81c?s=96&d=mm&r=g","contentUrl":"https:\/\/secure.gravatar.com\/avatar\/b6992f131dc8d30ab0dff15446e9d346d9dbd95992de0fef795073f5ea83a81c?s=96&d=mm&r=g","caption":"La Gu\u00eda de Pamplona"}}]}},"post_mailing_queue_ids":[],"_links":{"self":[{"href":"https:\/\/www.laguiadepamplona.com\/actualidad\/wp-json\/wp\/v2\/posts\/12247","targetHints":{"allow":["GET"]}}],"collection":[{"href":"https:\/\/www.laguiadepamplona.com\/actualidad\/wp-json\/wp\/v2\/posts"}],"about":[{"href":"https:\/\/www.laguiadepamplona.com\/actualidad\/wp-json\/wp\/v2\/types\/post"}],"author":[{"embeddable":true,"href":"https:\/\/www.laguiadepamplona.com\/actualidad\/wp-json\/wp\/v2\/users\/1"}],"replies":[{"embeddable":true,"href":"https:\/\/www.laguiadepamplona.com\/actualidad\/wp-json\/wp\/v2\/comments?post=12247"}],"version-history":[{"count":0,"href":"https:\/\/www.laguiadepamplona.com\/actualidad\/wp-json\/wp\/v2\/posts\/12247\/revisions"}],"wp:featuredmedia":[{"embeddable":true,"href":"https:\/\/www.laguiadepamplona.com\/actualidad\/wp-json\/wp\/v2\/media\/10979"}],"wp:attachment":[{"href":"https:\/\/www.laguiadepamplona.com\/actualidad\/wp-json\/wp\/v2\/media?parent=12247"}],"wp:term":[{"taxonomy":"category","embeddable":true,"href":"https:\/\/www.laguiadepamplona.com\/actualidad\/wp-json\/wp\/v2\/categories?post=12247"},{"taxonomy":"post_tag","embeddable":true,"href":"https:\/\/www.laguiadepamplona.com\/actualidad\/wp-json\/wp\/v2\/tags?post=12247"}],"curies":[{"name":"wp","href":"https:\/\/api.w.org\/{rel}","templated":true}]}}