{"id":12243,"date":"2017-03-14T12:54:07","date_gmt":"2017-03-14T11:54:07","guid":{"rendered":"http:\/\/laguiadepamplona.es\/actualidad\/?p=12243"},"modified":"2017-03-14T12:54:07","modified_gmt":"2017-03-14T11:54:07","slug":"una-sesion-de-monologos-de-birjine-albira-y-aitor-txarterina-clausura-este-miercoles-la-novena-edicion-de-irriziklo","status":"publish","type":"post","link":"https:\/\/www.laguiadepamplona.com\/actualidad\/una-sesion-de-monologos-de-birjine-albira-y-aitor-txarterina-clausura-este-miercoles-la-novena-edicion-de-irriziklo\/","title":{"rendered":"Una sesi\u00f3n de mon\u00f3logos de Birji\u00f1e Albira y Aitor Txarterina clausura este mi\u00e9rcoles la novena edici\u00f3n de Irriziklo"},"content":{"rendered":"<h3>400 espectadores han disfrutado de las sesiones previstas del ciclo de humor en euskera organizado por el Ayuntamiento de Pamplona<\/h3>\n<p><!--more--><\/p>\n<p>La novena edici\u00f3n del ciclo de humor en euskera del Ayuntamiento de Pamplona, Irriziklo Bederatzi, llega a su fin este mi\u00e9rcoles 15 de marzo con una doble sesi\u00f3n de mon\u00f3logos a cargo de Birji\u00f1e Albira y Aitor Txarterina (Baltzizkueta). La cita, como en el resto de las sesiones, ser\u00e1 a las 20 horas en la Escuela Navarra de Teatro. Esta sesi\u00f3n pone fin a la novena edici\u00f3n de Irriziklo, un cl\u00e1sico de la programaci\u00f3n cultural en euskera del Ayuntamiento que en esta ocasi\u00f3n ha congregado a 400 personas en los seis espect\u00e1culos previos, agrupados en cuatro sesiones, en los que ha consistido el ciclo.<\/p>\n<p>La sesi\u00f3n comenzar\u00e1 con Birji\u00f1e Albira y su mon\u00f3logo, de 20 minutos de duraci\u00f3n, titulado \u2018Bizitzaren egiak\u2019 (\u2018Las verdades de la vida\u2019), en el que partir\u00e1 de la idea de que los cuentos siempre cuentan la verdad y, la mayor\u00eda de las veces, las verdades de la vida. El p\u00fablico tendr\u00e1 la oportunidad de escuchar pasajes que realmente han acontecido, o quiz\u00e1 no, que resultan familiares, o que podr\u00edan serlo. Peque\u00f1as historias de las que el espectador podr\u00e1 disfrutar con una sonrisa.<\/p>\n<p>A continuaci\u00f3n Aitor Txarterina, \u2018Baltzizkueta\u2019, ofrecer\u00e1 la sesi\u00f3n \u2018Euskara batua, mito ala egia\u2019 (\u2018El euskera batua, \u00bfmito o verdad?\u2019) en el que despu\u00e9s de transcurridos 50 a\u00f1os de aquel congreso del 68, intentar\u00e1 analizar la situaci\u00f3n actual y dar respuesta a las siguientes preguntas: \u201c\u00bfD\u00f3nde nos encontramos? \u00bfla botella est\u00e1 media llena o medio vac\u00eda? \u00bfveo todo borroso? \u00bfme arrastra la desdicha?, \u00bfQuo vadis, euskara bantua?\u201d<\/p>\n<p>Aitor Txarterina Fuentes es un cuentacuentos, escritor y cr\u00edtico de teatro vizca\u00edno, aunque residente en Pamplona. Se inicia como cuentacuentos en 1997 y en 1999 presenta el espect\u00e1culo \u2018Kontu Kontari\u2019 junto a Birginia Albira y Bel\u00e9n \u00c1lvarez. Ha participado en ediciones anteriores del ciclo Irrizikloa con diferentes mon\u00f3logos. En 1999 gan\u00f3 el VIII Concurso de Textos Teatrales Infantiles organizados por Ayuntamiento de Pamplona y la Escuela Navarra de Teatro, en su modalidad de euskera.<\/p>\n<p>Birji\u00f1e Albira es una actriz y cuentacuentos pamplonesa con una dilatada carrera en el mundo del teatro. Ha sido componente del grupo de teatro Trokolo y ha dirigido diferentes grupos de teatro, tanto amateurs como formados por int\u00e9rpretes j\u00f3venes. Es adem\u00e1s monologuista y, al igual que Aitor Txarterina, una de las habituales de Irriziklo.<\/p>\n<p>&nbsp;<\/p>\n","protected":false},"excerpt":{"rendered":"<p>400 espectadores han disfrutado de las sesiones previstas del ciclo de humor en euskera organizado por el Ayuntamiento de Pamplona<\/p>\n","protected":false},"author":1,"featured_media":11684,"comment_status":"closed","ping_status":"closed","sticky":false,"template":"","format":"standard","meta":{"footnotes":""},"categories":[2],"tags":[],"class_list":["post-12243","post","type-post","status-publish","format-standard","has-post-thumbnail","hentry","category-ayuntamiento-pamplona"],"yoast_head":"<!-- This site is optimized with the Yoast SEO plugin v27.3 - https:\/\/yoast.com\/product\/yoast-seo-wordpress\/ -->\n<title>Una sesi\u00f3n de mon\u00f3logos de Birji\u00f1e Albira y Aitor Txarterina clausura este mi\u00e9rcoles la novena edici\u00f3n de Irriziklo<\/title>\n<meta name=\"robots\" content=\"index, follow, max-snippet:-1, max-image-preview:large, max-video-preview:-1\" \/>\n<link rel=\"canonical\" href=\"https:\/\/www.laguiadepamplona.com\/actualidad\/una-sesion-de-monologos-de-birjine-albira-y-aitor-txarterina-clausura-este-miercoles-la-novena-edicion-de-irriziklo\/\" \/>\n<meta property=\"og:locale\" content=\"es_ES\" \/>\n<meta property=\"og:type\" content=\"article\" \/>\n<meta property=\"og:title\" content=\"Una sesi\u00f3n de mon\u00f3logos de Birji\u00f1e Albira y Aitor Txarterina clausura este mi\u00e9rcoles la novena edici\u00f3n de Irriziklo\" \/>\n<meta property=\"og:description\" content=\"400 espectadores han disfrutado de las sesiones previstas del ciclo de humor en euskera organizado por el Ayuntamiento de Pamplona\" \/>\n<meta property=\"og:url\" content=\"https:\/\/www.laguiadepamplona.com\/actualidad\/una-sesion-de-monologos-de-birjine-albira-y-aitor-txarterina-clausura-este-miercoles-la-novena-edicion-de-irriziklo\/\" \/>\n<meta property=\"og:site_name\" content=\"La Gu\u00eda de Pamplona\" \/>\n<meta property=\"article:publisher\" content=\"https:\/\/www.facebook.com\/laguiadepamplonacom-133175176762273\/?ref=hl\" \/>\n<meta property=\"article:published_time\" content=\"2017-03-14T11:54:07+00:00\" \/>\n<meta property=\"og:image\" content=\"https:\/\/www.laguiadepamplona.com\/actualidad\/wp-content\/uploads\/2017\/02\/Escuela-Navarra-de-Teatro.jpg\" \/>\n\t<meta property=\"og:image:width\" content=\"900\" \/>\n\t<meta property=\"og:image:height\" content=\"600\" \/>\n\t<meta property=\"og:image:type\" content=\"image\/jpeg\" \/>\n<meta name=\"author\" content=\"La Gu\u00eda de Pamplona\" \/>\n<meta name=\"twitter:card\" content=\"summary_large_image\" \/>\n<meta name=\"twitter:creator\" content=\"@LaGuiadPamplona\" \/>\n<meta name=\"twitter:site\" content=\"@LaGuiadPamplona\" \/>\n<meta name=\"twitter:label1\" content=\"Escrito por\" \/>\n\t<meta name=\"twitter:data1\" content=\"La Gu\u00eda de Pamplona\" \/>\n\t<meta name=\"twitter:label2\" content=\"Tiempo de lectura\" \/>\n\t<meta name=\"twitter:data2\" content=\"2 minutos\" \/>\n<script type=\"application\/ld+json\" class=\"yoast-schema-graph\">{\"@context\":\"https:\\\/\\\/schema.org\",\"@graph\":[{\"@type\":\"Article\",\"@id\":\"https:\\\/\\\/www.laguiadepamplona.com\\\/actualidad\\\/una-sesion-de-monologos-de-birjine-albira-y-aitor-txarterina-clausura-este-miercoles-la-novena-edicion-de-irriziklo\\\/#article\",\"isPartOf\":{\"@id\":\"https:\\\/\\\/www.laguiadepamplona.com\\\/actualidad\\\/una-sesion-de-monologos-de-birjine-albira-y-aitor-txarterina-clausura-este-miercoles-la-novena-edicion-de-irriziklo\\\/\"},\"author\":{\"name\":\"La Gu\u00eda de Pamplona\",\"@id\":\"https:\\\/\\\/www.laguiadepamplona.com\\\/actualidad\\\/#\\\/schema\\\/person\\\/efe887376f0213d4657c93adc50b1fdb\"},\"headline\":\"Una sesi\u00f3n de mon\u00f3logos de Birji\u00f1e Albira y Aitor Txarterina clausura este mi\u00e9rcoles la novena edici\u00f3n de Irriziklo\",\"datePublished\":\"2017-03-14T11:54:07+00:00\",\"mainEntityOfPage\":{\"@id\":\"https:\\\/\\\/www.laguiadepamplona.com\\\/actualidad\\\/una-sesion-de-monologos-de-birjine-albira-y-aitor-txarterina-clausura-este-miercoles-la-novena-edicion-de-irriziklo\\\/\"},\"wordCount\":449,\"publisher\":{\"@id\":\"https:\\\/\\\/www.laguiadepamplona.com\\\/actualidad\\\/#organization\"},\"image\":{\"@id\":\"https:\\\/\\\/www.laguiadepamplona.com\\\/actualidad\\\/una-sesion-de-monologos-de-birjine-albira-y-aitor-txarterina-clausura-este-miercoles-la-novena-edicion-de-irriziklo\\\/#primaryimage\"},\"thumbnailUrl\":\"https:\\\/\\\/www.laguiadepamplona.com\\\/actualidad\\\/wp-content\\\/uploads\\\/2017\\\/02\\\/Escuela-Navarra-de-Teatro.jpg\",\"articleSection\":[\"Ayto Pamplona\"],\"inLanguage\":\"es\"},{\"@type\":\"WebPage\",\"@id\":\"https:\\\/\\\/www.laguiadepamplona.com\\\/actualidad\\\/una-sesion-de-monologos-de-birjine-albira-y-aitor-txarterina-clausura-este-miercoles-la-novena-edicion-de-irriziklo\\\/\",\"url\":\"https:\\\/\\\/www.laguiadepamplona.com\\\/actualidad\\\/una-sesion-de-monologos-de-birjine-albira-y-aitor-txarterina-clausura-este-miercoles-la-novena-edicion-de-irriziklo\\\/\",\"name\":\"Una sesi\u00f3n de mon\u00f3logos de Birji\u00f1e Albira y Aitor Txarterina clausura este mi\u00e9rcoles la novena edici\u00f3n de Irriziklo\",\"isPartOf\":{\"@id\":\"https:\\\/\\\/www.laguiadepamplona.com\\\/actualidad\\\/#website\"},\"primaryImageOfPage\":{\"@id\":\"https:\\\/\\\/www.laguiadepamplona.com\\\/actualidad\\\/una-sesion-de-monologos-de-birjine-albira-y-aitor-txarterina-clausura-este-miercoles-la-novena-edicion-de-irriziklo\\\/#primaryimage\"},\"image\":{\"@id\":\"https:\\\/\\\/www.laguiadepamplona.com\\\/actualidad\\\/una-sesion-de-monologos-de-birjine-albira-y-aitor-txarterina-clausura-este-miercoles-la-novena-edicion-de-irriziklo\\\/#primaryimage\"},\"thumbnailUrl\":\"https:\\\/\\\/www.laguiadepamplona.com\\\/actualidad\\\/wp-content\\\/uploads\\\/2017\\\/02\\\/Escuela-Navarra-de-Teatro.jpg\",\"datePublished\":\"2017-03-14T11:54:07+00:00\",\"breadcrumb\":{\"@id\":\"https:\\\/\\\/www.laguiadepamplona.com\\\/actualidad\\\/una-sesion-de-monologos-de-birjine-albira-y-aitor-txarterina-clausura-este-miercoles-la-novena-edicion-de-irriziklo\\\/#breadcrumb\"},\"inLanguage\":\"es\",\"potentialAction\":[{\"@type\":\"ReadAction\",\"target\":[\"https:\\\/\\\/www.laguiadepamplona.com\\\/actualidad\\\/una-sesion-de-monologos-de-birjine-albira-y-aitor-txarterina-clausura-este-miercoles-la-novena-edicion-de-irriziklo\\\/\"]}]},{\"@type\":\"ImageObject\",\"inLanguage\":\"es\",\"@id\":\"https:\\\/\\\/www.laguiadepamplona.com\\\/actualidad\\\/una-sesion-de-monologos-de-birjine-albira-y-aitor-txarterina-clausura-este-miercoles-la-novena-edicion-de-irriziklo\\\/#primaryimage\",\"url\":\"https:\\\/\\\/www.laguiadepamplona.com\\\/actualidad\\\/wp-content\\\/uploads\\\/2017\\\/02\\\/Escuela-Navarra-de-Teatro.jpg\",\"contentUrl\":\"https:\\\/\\\/www.laguiadepamplona.com\\\/actualidad\\\/wp-content\\\/uploads\\\/2017\\\/02\\\/Escuela-Navarra-de-Teatro.jpg\",\"width\":900,\"height\":600},{\"@type\":\"BreadcrumbList\",\"@id\":\"https:\\\/\\\/www.laguiadepamplona.com\\\/actualidad\\\/una-sesion-de-monologos-de-birjine-albira-y-aitor-txarterina-clausura-este-miercoles-la-novena-edicion-de-irriziklo\\\/#breadcrumb\",\"itemListElement\":[{\"@type\":\"ListItem\",\"position\":1,\"name\":\"Portada\",\"item\":\"https:\\\/\\\/www.laguiadepamplona.com\\\/actualidad\\\/\"},{\"@type\":\"ListItem\",\"position\":2,\"name\":\"Una sesi\u00f3n de mon\u00f3logos de Birji\u00f1e Albira y Aitor Txarterina clausura este mi\u00e9rcoles la novena edici\u00f3n de Irriziklo\"}]},{\"@type\":\"WebSite\",\"@id\":\"https:\\\/\\\/www.laguiadepamplona.com\\\/actualidad\\\/#website\",\"url\":\"https:\\\/\\\/www.laguiadepamplona.com\\\/actualidad\\\/\",\"name\":\"La gu\u00eda de Pamplona\",\"description\":\"Noticias de Pamplona\",\"publisher\":{\"@id\":\"https:\\\/\\\/www.laguiadepamplona.com\\\/actualidad\\\/#organization\"},\"potentialAction\":[{\"@type\":\"SearchAction\",\"target\":{\"@type\":\"EntryPoint\",\"urlTemplate\":\"https:\\\/\\\/www.laguiadepamplona.com\\\/actualidad\\\/?s={search_term_string}\"},\"query-input\":{\"@type\":\"PropertyValueSpecification\",\"valueRequired\":true,\"valueName\":\"search_term_string\"}}],\"inLanguage\":\"es\"},{\"@type\":\"Organization\",\"@id\":\"https:\\\/\\\/www.laguiadepamplona.com\\\/actualidad\\\/#organization\",\"name\":\"La Gu\u00eda de Pamplona \\\/ Noticias\",\"url\":\"https:\\\/\\\/www.laguiadepamplona.com\\\/actualidad\\\/\",\"logo\":{\"@type\":\"ImageObject\",\"inLanguage\":\"es\",\"@id\":\"https:\\\/\\\/www.laguiadepamplona.com\\\/actualidad\\\/#\\\/schema\\\/logo\\\/image\\\/\",\"url\":\"https:\\\/\\\/www.laguiadepamplona.com\\\/actualidad\\\/wp-content\\\/uploads\\\/2018\\\/11\\\/logo-laguiadepamplona18-web1.png\",\"contentUrl\":\"https:\\\/\\\/www.laguiadepamplona.com\\\/actualidad\\\/wp-content\\\/uploads\\\/2018\\\/11\\\/logo-laguiadepamplona18-web1.png\",\"width\":600,\"height\":196,\"caption\":\"La Gu\u00eda de Pamplona \\\/ Noticias\"},\"image\":{\"@id\":\"https:\\\/\\\/www.laguiadepamplona.com\\\/actualidad\\\/#\\\/schema\\\/logo\\\/image\\\/\"},\"sameAs\":[\"https:\\\/\\\/www.facebook.com\\\/laguiadepamplonacom-133175176762273\\\/?ref=hl\",\"https:\\\/\\\/x.com\\\/LaGuiadPamplona\",\"https:\\\/\\\/www.instagram.com\\\/la_guia_de_pamplona\\\/\",\"https:\\\/\\\/www.youtube.com\\\/user\\\/laguiadepamplona\"]},{\"@type\":\"Person\",\"@id\":\"https:\\\/\\\/www.laguiadepamplona.com\\\/actualidad\\\/#\\\/schema\\\/person\\\/efe887376f0213d4657c93adc50b1fdb\",\"name\":\"La Gu\u00eda de Pamplona\",\"image\":{\"@type\":\"ImageObject\",\"inLanguage\":\"es\",\"@id\":\"https:\\\/\\\/secure.gravatar.com\\\/avatar\\\/b6992f131dc8d30ab0dff15446e9d346d9dbd95992de0fef795073f5ea83a81c?s=96&d=mm&r=g\",\"url\":\"https:\\\/\\\/secure.gravatar.com\\\/avatar\\\/b6992f131dc8d30ab0dff15446e9d346d9dbd95992de0fef795073f5ea83a81c?s=96&d=mm&r=g\",\"contentUrl\":\"https:\\\/\\\/secure.gravatar.com\\\/avatar\\\/b6992f131dc8d30ab0dff15446e9d346d9dbd95992de0fef795073f5ea83a81c?s=96&d=mm&r=g\",\"caption\":\"La Gu\u00eda de Pamplona\"}}]}<\/script>\n<!-- \/ Yoast SEO plugin. -->","yoast_head_json":{"title":"Una sesi\u00f3n de mon\u00f3logos de Birji\u00f1e Albira y Aitor Txarterina clausura este mi\u00e9rcoles la novena edici\u00f3n de Irriziklo","robots":{"index":"index","follow":"follow","max-snippet":"max-snippet:-1","max-image-preview":"max-image-preview:large","max-video-preview":"max-video-preview:-1"},"canonical":"https:\/\/www.laguiadepamplona.com\/actualidad\/una-sesion-de-monologos-de-birjine-albira-y-aitor-txarterina-clausura-este-miercoles-la-novena-edicion-de-irriziklo\/","og_locale":"es_ES","og_type":"article","og_title":"Una sesi\u00f3n de mon\u00f3logos de Birji\u00f1e Albira y Aitor Txarterina clausura este mi\u00e9rcoles la novena edici\u00f3n de Irriziklo","og_description":"400 espectadores han disfrutado de las sesiones previstas del ciclo de humor en euskera organizado por el Ayuntamiento de Pamplona","og_url":"https:\/\/www.laguiadepamplona.com\/actualidad\/una-sesion-de-monologos-de-birjine-albira-y-aitor-txarterina-clausura-este-miercoles-la-novena-edicion-de-irriziklo\/","og_site_name":"La Gu\u00eda de Pamplona","article_publisher":"https:\/\/www.facebook.com\/laguiadepamplonacom-133175176762273\/?ref=hl","article_published_time":"2017-03-14T11:54:07+00:00","og_image":[{"width":900,"height":600,"url":"https:\/\/www.laguiadepamplona.com\/actualidad\/wp-content\/uploads\/2017\/02\/Escuela-Navarra-de-Teatro.jpg","type":"image\/jpeg"}],"author":"La Gu\u00eda de Pamplona","twitter_card":"summary_large_image","twitter_creator":"@LaGuiadPamplona","twitter_site":"@LaGuiadPamplona","twitter_misc":{"Escrito por":"La Gu\u00eda de Pamplona","Tiempo de lectura":"2 minutos"},"schema":{"@context":"https:\/\/schema.org","@graph":[{"@type":"Article","@id":"https:\/\/www.laguiadepamplona.com\/actualidad\/una-sesion-de-monologos-de-birjine-albira-y-aitor-txarterina-clausura-este-miercoles-la-novena-edicion-de-irriziklo\/#article","isPartOf":{"@id":"https:\/\/www.laguiadepamplona.com\/actualidad\/una-sesion-de-monologos-de-birjine-albira-y-aitor-txarterina-clausura-este-miercoles-la-novena-edicion-de-irriziklo\/"},"author":{"name":"La Gu\u00eda de Pamplona","@id":"https:\/\/www.laguiadepamplona.com\/actualidad\/#\/schema\/person\/efe887376f0213d4657c93adc50b1fdb"},"headline":"Una sesi\u00f3n de mon\u00f3logos de Birji\u00f1e Albira y Aitor Txarterina clausura este mi\u00e9rcoles la novena edici\u00f3n de Irriziklo","datePublished":"2017-03-14T11:54:07+00:00","mainEntityOfPage":{"@id":"https:\/\/www.laguiadepamplona.com\/actualidad\/una-sesion-de-monologos-de-birjine-albira-y-aitor-txarterina-clausura-este-miercoles-la-novena-edicion-de-irriziklo\/"},"wordCount":449,"publisher":{"@id":"https:\/\/www.laguiadepamplona.com\/actualidad\/#organization"},"image":{"@id":"https:\/\/www.laguiadepamplona.com\/actualidad\/una-sesion-de-monologos-de-birjine-albira-y-aitor-txarterina-clausura-este-miercoles-la-novena-edicion-de-irriziklo\/#primaryimage"},"thumbnailUrl":"https:\/\/www.laguiadepamplona.com\/actualidad\/wp-content\/uploads\/2017\/02\/Escuela-Navarra-de-Teatro.jpg","articleSection":["Ayto Pamplona"],"inLanguage":"es"},{"@type":"WebPage","@id":"https:\/\/www.laguiadepamplona.com\/actualidad\/una-sesion-de-monologos-de-birjine-albira-y-aitor-txarterina-clausura-este-miercoles-la-novena-edicion-de-irriziklo\/","url":"https:\/\/www.laguiadepamplona.com\/actualidad\/una-sesion-de-monologos-de-birjine-albira-y-aitor-txarterina-clausura-este-miercoles-la-novena-edicion-de-irriziklo\/","name":"Una sesi\u00f3n de mon\u00f3logos de Birji\u00f1e Albira y Aitor Txarterina clausura este mi\u00e9rcoles la novena edici\u00f3n de Irriziklo","isPartOf":{"@id":"https:\/\/www.laguiadepamplona.com\/actualidad\/#website"},"primaryImageOfPage":{"@id":"https:\/\/www.laguiadepamplona.com\/actualidad\/una-sesion-de-monologos-de-birjine-albira-y-aitor-txarterina-clausura-este-miercoles-la-novena-edicion-de-irriziklo\/#primaryimage"},"image":{"@id":"https:\/\/www.laguiadepamplona.com\/actualidad\/una-sesion-de-monologos-de-birjine-albira-y-aitor-txarterina-clausura-este-miercoles-la-novena-edicion-de-irriziklo\/#primaryimage"},"thumbnailUrl":"https:\/\/www.laguiadepamplona.com\/actualidad\/wp-content\/uploads\/2017\/02\/Escuela-Navarra-de-Teatro.jpg","datePublished":"2017-03-14T11:54:07+00:00","breadcrumb":{"@id":"https:\/\/www.laguiadepamplona.com\/actualidad\/una-sesion-de-monologos-de-birjine-albira-y-aitor-txarterina-clausura-este-miercoles-la-novena-edicion-de-irriziklo\/#breadcrumb"},"inLanguage":"es","potentialAction":[{"@type":"ReadAction","target":["https:\/\/www.laguiadepamplona.com\/actualidad\/una-sesion-de-monologos-de-birjine-albira-y-aitor-txarterina-clausura-este-miercoles-la-novena-edicion-de-irriziklo\/"]}]},{"@type":"ImageObject","inLanguage":"es","@id":"https:\/\/www.laguiadepamplona.com\/actualidad\/una-sesion-de-monologos-de-birjine-albira-y-aitor-txarterina-clausura-este-miercoles-la-novena-edicion-de-irriziklo\/#primaryimage","url":"https:\/\/www.laguiadepamplona.com\/actualidad\/wp-content\/uploads\/2017\/02\/Escuela-Navarra-de-Teatro.jpg","contentUrl":"https:\/\/www.laguiadepamplona.com\/actualidad\/wp-content\/uploads\/2017\/02\/Escuela-Navarra-de-Teatro.jpg","width":900,"height":600},{"@type":"BreadcrumbList","@id":"https:\/\/www.laguiadepamplona.com\/actualidad\/una-sesion-de-monologos-de-birjine-albira-y-aitor-txarterina-clausura-este-miercoles-la-novena-edicion-de-irriziklo\/#breadcrumb","itemListElement":[{"@type":"ListItem","position":1,"name":"Portada","item":"https:\/\/www.laguiadepamplona.com\/actualidad\/"},{"@type":"ListItem","position":2,"name":"Una sesi\u00f3n de mon\u00f3logos de Birji\u00f1e Albira y Aitor Txarterina clausura este mi\u00e9rcoles la novena edici\u00f3n de Irriziklo"}]},{"@type":"WebSite","@id":"https:\/\/www.laguiadepamplona.com\/actualidad\/#website","url":"https:\/\/www.laguiadepamplona.com\/actualidad\/","name":"La gu\u00eda de Pamplona","description":"Noticias de Pamplona","publisher":{"@id":"https:\/\/www.laguiadepamplona.com\/actualidad\/#organization"},"potentialAction":[{"@type":"SearchAction","target":{"@type":"EntryPoint","urlTemplate":"https:\/\/www.laguiadepamplona.com\/actualidad\/?s={search_term_string}"},"query-input":{"@type":"PropertyValueSpecification","valueRequired":true,"valueName":"search_term_string"}}],"inLanguage":"es"},{"@type":"Organization","@id":"https:\/\/www.laguiadepamplona.com\/actualidad\/#organization","name":"La Gu\u00eda de Pamplona \/ Noticias","url":"https:\/\/www.laguiadepamplona.com\/actualidad\/","logo":{"@type":"ImageObject","inLanguage":"es","@id":"https:\/\/www.laguiadepamplona.com\/actualidad\/#\/schema\/logo\/image\/","url":"https:\/\/www.laguiadepamplona.com\/actualidad\/wp-content\/uploads\/2018\/11\/logo-laguiadepamplona18-web1.png","contentUrl":"https:\/\/www.laguiadepamplona.com\/actualidad\/wp-content\/uploads\/2018\/11\/logo-laguiadepamplona18-web1.png","width":600,"height":196,"caption":"La Gu\u00eda de Pamplona \/ Noticias"},"image":{"@id":"https:\/\/www.laguiadepamplona.com\/actualidad\/#\/schema\/logo\/image\/"},"sameAs":["https:\/\/www.facebook.com\/laguiadepamplonacom-133175176762273\/?ref=hl","https:\/\/x.com\/LaGuiadPamplona","https:\/\/www.instagram.com\/la_guia_de_pamplona\/","https:\/\/www.youtube.com\/user\/laguiadepamplona"]},{"@type":"Person","@id":"https:\/\/www.laguiadepamplona.com\/actualidad\/#\/schema\/person\/efe887376f0213d4657c93adc50b1fdb","name":"La Gu\u00eda de Pamplona","image":{"@type":"ImageObject","inLanguage":"es","@id":"https:\/\/secure.gravatar.com\/avatar\/b6992f131dc8d30ab0dff15446e9d346d9dbd95992de0fef795073f5ea83a81c?s=96&d=mm&r=g","url":"https:\/\/secure.gravatar.com\/avatar\/b6992f131dc8d30ab0dff15446e9d346d9dbd95992de0fef795073f5ea83a81c?s=96&d=mm&r=g","contentUrl":"https:\/\/secure.gravatar.com\/avatar\/b6992f131dc8d30ab0dff15446e9d346d9dbd95992de0fef795073f5ea83a81c?s=96&d=mm&r=g","caption":"La Gu\u00eda de Pamplona"}}]}},"post_mailing_queue_ids":[],"_links":{"self":[{"href":"https:\/\/www.laguiadepamplona.com\/actualidad\/wp-json\/wp\/v2\/posts\/12243","targetHints":{"allow":["GET"]}}],"collection":[{"href":"https:\/\/www.laguiadepamplona.com\/actualidad\/wp-json\/wp\/v2\/posts"}],"about":[{"href":"https:\/\/www.laguiadepamplona.com\/actualidad\/wp-json\/wp\/v2\/types\/post"}],"author":[{"embeddable":true,"href":"https:\/\/www.laguiadepamplona.com\/actualidad\/wp-json\/wp\/v2\/users\/1"}],"replies":[{"embeddable":true,"href":"https:\/\/www.laguiadepamplona.com\/actualidad\/wp-json\/wp\/v2\/comments?post=12243"}],"version-history":[{"count":0,"href":"https:\/\/www.laguiadepamplona.com\/actualidad\/wp-json\/wp\/v2\/posts\/12243\/revisions"}],"wp:featuredmedia":[{"embeddable":true,"href":"https:\/\/www.laguiadepamplona.com\/actualidad\/wp-json\/wp\/v2\/media\/11684"}],"wp:attachment":[{"href":"https:\/\/www.laguiadepamplona.com\/actualidad\/wp-json\/wp\/v2\/media?parent=12243"}],"wp:term":[{"taxonomy":"category","embeddable":true,"href":"https:\/\/www.laguiadepamplona.com\/actualidad\/wp-json\/wp\/v2\/categories?post=12243"},{"taxonomy":"post_tag","embeddable":true,"href":"https:\/\/www.laguiadepamplona.com\/actualidad\/wp-json\/wp\/v2\/tags?post=12243"}],"curies":[{"name":"wp","href":"https:\/\/api.w.org\/{rel}","templated":true}]}}