{"id":12239,"date":"2017-03-14T12:52:40","date_gmt":"2017-03-14T11:52:40","guid":{"rendered":"http:\/\/laguiadepamplona.es\/actualidad\/?p=12239"},"modified":"2017-03-14T12:52:40","modified_gmt":"2017-03-14T11:52:40","slug":"jakoba-errekondo-ofrece-este-miercoles-una-charla-en-euskera-sobre-el-cuidado-de-la-huerta-y-las-plantas","status":"publish","type":"post","link":"https:\/\/www.laguiadepamplona.com\/actualidad\/jakoba-errekondo-ofrece-este-miercoles-una-charla-en-euskera-sobre-el-cuidado-de-la-huerta-y-las-plantas\/","title":{"rendered":"Jakoba Errekondo ofrece este mi\u00e9rcoles una charla en euskera sobre el cuidado de la huerta y las plantas"},"content":{"rendered":"<h3>La conferencia ser\u00e1 a las 19 horas en el Museo de Educaci\u00f3n Ambiental, con entrada es libre<\/h3>\n<p><!--more--><\/p>\n<p>Joseba Errekondo ofrecer\u00e1 ma\u00f1ana mi\u00e9rcoles, 15 de marzo, la conferencia en euskera \u2018Bizi baratzea. Baratzezaintza eta landereak\u2019 (\u2018Vive la huerta. Cuidado de la huerta y de las plantas\u2019). Organizada por el Aula de Sostenibilidad del Museo de Educaci\u00f3n Ambiental, se celebrar\u00e1 a las 19 horas y la entrada es libre. En este encuentro, Errekondo har\u00e1 una introducci\u00f3n sobre la horticultura y cuidado de las plantas para despu\u00e9s ofrecer un espacio de consultas sobre huerta, jard\u00edn, \u00e1rboles frutales, bosque, plantas de casa, plantas de balc\u00f3n, etc.<\/p>\n<p>Natural de Us\u00farbil, Jakoba Errekondo es ingeniero t\u00e9cnico agr\u00f3nomo y paisajista, experto en agricultura ecol\u00f3gica. Ha desarrollado su labor profesional como agr\u00f3nomo y paisajista y lleva varias d\u00e9cadas centrado en la divulgaci\u00f3n de la horticultura. Desde hace m\u00e1s de 30 a\u00f1os, conduce un programa en Euskadi Irratia sobre la cultura del paisaje y de las plantas en el que atiende consultas sobre el cultivo de vegetales. Adem\u00e1s, colabora con la revista Argia en donde escribe sobre etnobot\u00e1nica y plantas, y la relaci\u00f3n que tiene la cultura vasca con ellas.<\/p>\n<p>Su \u00faltimo libro \u2018Bizi baratzea: garaian garaikoa garaiz\u2019 (\u2018Vive la huerta, cada cosa a su tiempo\u2019) se ha convertido en un fen\u00f3meno del mundo editorial vasco. La obra, que ofrece consejos f\u00e1ciles de comprender tanto para las personas que empiezan con esta afici\u00f3n como para las que llevan a\u00f1os cuidando la huerta, est\u00e1 estructurada en varios cap\u00edtulos breves a modo de gu\u00eda. En la primera parte Errekondo da informaci\u00f3n general y posteriormente dedica un cap\u00edtulo a una verdura diferente, presentando m\u00e1s de 30 variedades.<\/p>\n<p>Esta conferencia forma parte de la programaci\u00f3n del Aula de Sostenibilidad del Museo, que cada semana ofrece una actividad para la formaci\u00f3n y la concienciaci\u00f3n en torno a la defensa del medio ambiente. La siguiente cita ser\u00e1 el mi\u00e9rcoles 22 de marzo, a las 19 horas, con una charla sobre el Canal de Navarra. Ser\u00e1 impartida por Fito Jim\u00e9nez, miembro de URA Nueva Cultura del Agua, y Bel\u00e9n Ausejo, periodista y miembro de URA.<\/p>\n<p>Para terminar el mes, el Aula de Sostenibilidad abordar\u00e1 la soberan\u00eda alimentaria y el papel de la mujer. Ser\u00e1 el mi\u00e9rcoles 29 de marzo a las 19 horas, con Esther Moreno y Maialen Chantre de Mugarik Gabe Nafarroa y se organizar\u00e1 un mercadillo de intercambio sin dinero del 27 al 31 de marzo, complementado con un mercadillo de semillas.<\/p>\n<p>&nbsp;<\/p>\n<p><strong>Aula de sostenibilidad. Museo de Educaci\u00f3n Ambiental. pr\u00f3ximas actividades marzo\u201917<\/strong><\/p>\n<ul>\n<li><strong>Bizi Bartzea. <\/strong><strong>Baratzezaintza eta landareak<\/strong>. Conferencia en euskera. Jakoba Errekondo, ingeniero t\u00e9cnico agr\u00f3nomo y paisajista<\/li>\n<\/ul>\n<p>Mi\u00e9rcoles 15 de marzo. 19 horas<\/p>\n<ul>\n<li><strong>Canal de Navarra<\/strong>. Conferencia. Fito Jim\u00e9nez, miembro de URA Nueva Cultura del Agua y Bel\u00e9n Ausejo, periodista y miembro de URA<\/li>\n<\/ul>\n<p>Mi\u00e9rcoles 22 de marzo. 19 horas<\/p>\n<ul>\n<li><strong>La soberan\u00eda alimentaria tiene nombre de mujer<\/strong>. Conferencia. Esther Moreno y Maialen Chantre, Mugarik Gabe Nafarroa<\/li>\n<\/ul>\n<p>Mi\u00e9rcoles 29 de marzo. 19 horas<\/p>\n<ul>\n<li><strong>Mercadillo de intercambio sin dinero<\/strong><\/li>\n<\/ul>\n<p>Del 27 al 31 de marzo<\/p>\n<p>&nbsp;<\/p>\n","protected":false},"excerpt":{"rendered":"<p>La conferencia ser\u00e1 a las 19 horas en el Museo de Educaci\u00f3n Ambiental, con entrada es libre<\/p>\n","protected":false},"author":1,"featured_media":11071,"comment_status":"closed","ping_status":"closed","sticky":false,"template":"","format":"standard","meta":{"footnotes":""},"categories":[2],"tags":[],"class_list":["post-12239","post","type-post","status-publish","format-standard","has-post-thumbnail","hentry","category-ayuntamiento-pamplona"],"yoast_head":"<!-- This site is optimized with the Yoast SEO plugin v27.3 - https:\/\/yoast.com\/product\/yoast-seo-wordpress\/ -->\n<title>Jakoba Errekondo ofrece este mi\u00e9rcoles una charla en euskera sobre el cuidado de la huerta y las plantas<\/title>\n<meta name=\"robots\" content=\"index, follow, max-snippet:-1, max-image-preview:large, max-video-preview:-1\" \/>\n<link rel=\"canonical\" href=\"https:\/\/www.laguiadepamplona.com\/actualidad\/jakoba-errekondo-ofrece-este-miercoles-una-charla-en-euskera-sobre-el-cuidado-de-la-huerta-y-las-plantas\/\" \/>\n<meta property=\"og:locale\" content=\"es_ES\" \/>\n<meta property=\"og:type\" content=\"article\" \/>\n<meta property=\"og:title\" content=\"Jakoba Errekondo ofrece este mi\u00e9rcoles una charla en euskera sobre el cuidado de la huerta y las plantas\" \/>\n<meta property=\"og:description\" content=\"La conferencia ser\u00e1 a las 19 horas en el Museo de Educaci\u00f3n Ambiental, con entrada es libre\" \/>\n<meta property=\"og:url\" content=\"https:\/\/www.laguiadepamplona.com\/actualidad\/jakoba-errekondo-ofrece-este-miercoles-una-charla-en-euskera-sobre-el-cuidado-de-la-huerta-y-las-plantas\/\" \/>\n<meta property=\"og:site_name\" content=\"La Gu\u00eda de Pamplona\" \/>\n<meta property=\"article:publisher\" content=\"https:\/\/www.facebook.com\/laguiadepamplonacom-133175176762273\/?ref=hl\" \/>\n<meta property=\"article:published_time\" content=\"2017-03-14T11:52:40+00:00\" \/>\n<meta property=\"og:image\" content=\"https:\/\/www.laguiadepamplona.com\/actualidad\/wp-content\/uploads\/2016\/12\/Museo-Educacion-Ambiental-Pamplona.jpg\" \/>\n\t<meta property=\"og:image:width\" content=\"627\" \/>\n\t<meta property=\"og:image:height\" content=\"352\" \/>\n\t<meta property=\"og:image:type\" content=\"image\/jpeg\" \/>\n<meta name=\"author\" content=\"La Gu\u00eda de Pamplona\" \/>\n<meta name=\"twitter:card\" content=\"summary_large_image\" \/>\n<meta name=\"twitter:creator\" content=\"@LaGuiadPamplona\" \/>\n<meta name=\"twitter:site\" content=\"@LaGuiadPamplona\" \/>\n<meta name=\"twitter:label1\" content=\"Escrito por\" \/>\n\t<meta name=\"twitter:data1\" content=\"La Gu\u00eda de Pamplona\" \/>\n\t<meta name=\"twitter:label2\" content=\"Tiempo de lectura\" \/>\n\t<meta name=\"twitter:data2\" content=\"3 minutos\" \/>\n<script type=\"application\/ld+json\" class=\"yoast-schema-graph\">{\"@context\":\"https:\\\/\\\/schema.org\",\"@graph\":[{\"@type\":\"Article\",\"@id\":\"https:\\\/\\\/www.laguiadepamplona.com\\\/actualidad\\\/jakoba-errekondo-ofrece-este-miercoles-una-charla-en-euskera-sobre-el-cuidado-de-la-huerta-y-las-plantas\\\/#article\",\"isPartOf\":{\"@id\":\"https:\\\/\\\/www.laguiadepamplona.com\\\/actualidad\\\/jakoba-errekondo-ofrece-este-miercoles-una-charla-en-euskera-sobre-el-cuidado-de-la-huerta-y-las-plantas\\\/\"},\"author\":{\"name\":\"La Gu\u00eda de Pamplona\",\"@id\":\"https:\\\/\\\/www.laguiadepamplona.com\\\/actualidad\\\/#\\\/schema\\\/person\\\/efe887376f0213d4657c93adc50b1fdb\"},\"headline\":\"Jakoba Errekondo ofrece este mi\u00e9rcoles una charla en euskera sobre el cuidado de la huerta y las plantas\",\"datePublished\":\"2017-03-14T11:52:40+00:00\",\"mainEntityOfPage\":{\"@id\":\"https:\\\/\\\/www.laguiadepamplona.com\\\/actualidad\\\/jakoba-errekondo-ofrece-este-miercoles-una-charla-en-euskera-sobre-el-cuidado-de-la-huerta-y-las-plantas\\\/\"},\"wordCount\":548,\"publisher\":{\"@id\":\"https:\\\/\\\/www.laguiadepamplona.com\\\/actualidad\\\/#organization\"},\"image\":{\"@id\":\"https:\\\/\\\/www.laguiadepamplona.com\\\/actualidad\\\/jakoba-errekondo-ofrece-este-miercoles-una-charla-en-euskera-sobre-el-cuidado-de-la-huerta-y-las-plantas\\\/#primaryimage\"},\"thumbnailUrl\":\"https:\\\/\\\/www.laguiadepamplona.com\\\/actualidad\\\/wp-content\\\/uploads\\\/2016\\\/12\\\/Museo-Educacion-Ambiental-Pamplona.jpg\",\"articleSection\":[\"Ayto Pamplona\"],\"inLanguage\":\"es\"},{\"@type\":\"WebPage\",\"@id\":\"https:\\\/\\\/www.laguiadepamplona.com\\\/actualidad\\\/jakoba-errekondo-ofrece-este-miercoles-una-charla-en-euskera-sobre-el-cuidado-de-la-huerta-y-las-plantas\\\/\",\"url\":\"https:\\\/\\\/www.laguiadepamplona.com\\\/actualidad\\\/jakoba-errekondo-ofrece-este-miercoles-una-charla-en-euskera-sobre-el-cuidado-de-la-huerta-y-las-plantas\\\/\",\"name\":\"Jakoba Errekondo ofrece este mi\u00e9rcoles una charla en euskera sobre el cuidado de la huerta y las plantas\",\"isPartOf\":{\"@id\":\"https:\\\/\\\/www.laguiadepamplona.com\\\/actualidad\\\/#website\"},\"primaryImageOfPage\":{\"@id\":\"https:\\\/\\\/www.laguiadepamplona.com\\\/actualidad\\\/jakoba-errekondo-ofrece-este-miercoles-una-charla-en-euskera-sobre-el-cuidado-de-la-huerta-y-las-plantas\\\/#primaryimage\"},\"image\":{\"@id\":\"https:\\\/\\\/www.laguiadepamplona.com\\\/actualidad\\\/jakoba-errekondo-ofrece-este-miercoles-una-charla-en-euskera-sobre-el-cuidado-de-la-huerta-y-las-plantas\\\/#primaryimage\"},\"thumbnailUrl\":\"https:\\\/\\\/www.laguiadepamplona.com\\\/actualidad\\\/wp-content\\\/uploads\\\/2016\\\/12\\\/Museo-Educacion-Ambiental-Pamplona.jpg\",\"datePublished\":\"2017-03-14T11:52:40+00:00\",\"breadcrumb\":{\"@id\":\"https:\\\/\\\/www.laguiadepamplona.com\\\/actualidad\\\/jakoba-errekondo-ofrece-este-miercoles-una-charla-en-euskera-sobre-el-cuidado-de-la-huerta-y-las-plantas\\\/#breadcrumb\"},\"inLanguage\":\"es\",\"potentialAction\":[{\"@type\":\"ReadAction\",\"target\":[\"https:\\\/\\\/www.laguiadepamplona.com\\\/actualidad\\\/jakoba-errekondo-ofrece-este-miercoles-una-charla-en-euskera-sobre-el-cuidado-de-la-huerta-y-las-plantas\\\/\"]}]},{\"@type\":\"ImageObject\",\"inLanguage\":\"es\",\"@id\":\"https:\\\/\\\/www.laguiadepamplona.com\\\/actualidad\\\/jakoba-errekondo-ofrece-este-miercoles-una-charla-en-euskera-sobre-el-cuidado-de-la-huerta-y-las-plantas\\\/#primaryimage\",\"url\":\"https:\\\/\\\/www.laguiadepamplona.com\\\/actualidad\\\/wp-content\\\/uploads\\\/2016\\\/12\\\/Museo-Educacion-Ambiental-Pamplona.jpg\",\"contentUrl\":\"https:\\\/\\\/www.laguiadepamplona.com\\\/actualidad\\\/wp-content\\\/uploads\\\/2016\\\/12\\\/Museo-Educacion-Ambiental-Pamplona.jpg\",\"width\":627,\"height\":352},{\"@type\":\"BreadcrumbList\",\"@id\":\"https:\\\/\\\/www.laguiadepamplona.com\\\/actualidad\\\/jakoba-errekondo-ofrece-este-miercoles-una-charla-en-euskera-sobre-el-cuidado-de-la-huerta-y-las-plantas\\\/#breadcrumb\",\"itemListElement\":[{\"@type\":\"ListItem\",\"position\":1,\"name\":\"Portada\",\"item\":\"https:\\\/\\\/www.laguiadepamplona.com\\\/actualidad\\\/\"},{\"@type\":\"ListItem\",\"position\":2,\"name\":\"Jakoba Errekondo ofrece este mi\u00e9rcoles una charla en euskera sobre el cuidado de la huerta y las plantas\"}]},{\"@type\":\"WebSite\",\"@id\":\"https:\\\/\\\/www.laguiadepamplona.com\\\/actualidad\\\/#website\",\"url\":\"https:\\\/\\\/www.laguiadepamplona.com\\\/actualidad\\\/\",\"name\":\"La gu\u00eda de Pamplona\",\"description\":\"Noticias de Pamplona\",\"publisher\":{\"@id\":\"https:\\\/\\\/www.laguiadepamplona.com\\\/actualidad\\\/#organization\"},\"potentialAction\":[{\"@type\":\"SearchAction\",\"target\":{\"@type\":\"EntryPoint\",\"urlTemplate\":\"https:\\\/\\\/www.laguiadepamplona.com\\\/actualidad\\\/?s={search_term_string}\"},\"query-input\":{\"@type\":\"PropertyValueSpecification\",\"valueRequired\":true,\"valueName\":\"search_term_string\"}}],\"inLanguage\":\"es\"},{\"@type\":\"Organization\",\"@id\":\"https:\\\/\\\/www.laguiadepamplona.com\\\/actualidad\\\/#organization\",\"name\":\"La Gu\u00eda de Pamplona \\\/ Noticias\",\"url\":\"https:\\\/\\\/www.laguiadepamplona.com\\\/actualidad\\\/\",\"logo\":{\"@type\":\"ImageObject\",\"inLanguage\":\"es\",\"@id\":\"https:\\\/\\\/www.laguiadepamplona.com\\\/actualidad\\\/#\\\/schema\\\/logo\\\/image\\\/\",\"url\":\"https:\\\/\\\/www.laguiadepamplona.com\\\/actualidad\\\/wp-content\\\/uploads\\\/2018\\\/11\\\/logo-laguiadepamplona18-web1.png\",\"contentUrl\":\"https:\\\/\\\/www.laguiadepamplona.com\\\/actualidad\\\/wp-content\\\/uploads\\\/2018\\\/11\\\/logo-laguiadepamplona18-web1.png\",\"width\":600,\"height\":196,\"caption\":\"La Gu\u00eda de Pamplona \\\/ Noticias\"},\"image\":{\"@id\":\"https:\\\/\\\/www.laguiadepamplona.com\\\/actualidad\\\/#\\\/schema\\\/logo\\\/image\\\/\"},\"sameAs\":[\"https:\\\/\\\/www.facebook.com\\\/laguiadepamplonacom-133175176762273\\\/?ref=hl\",\"https:\\\/\\\/x.com\\\/LaGuiadPamplona\",\"https:\\\/\\\/www.instagram.com\\\/la_guia_de_pamplona\\\/\",\"https:\\\/\\\/www.youtube.com\\\/user\\\/laguiadepamplona\"]},{\"@type\":\"Person\",\"@id\":\"https:\\\/\\\/www.laguiadepamplona.com\\\/actualidad\\\/#\\\/schema\\\/person\\\/efe887376f0213d4657c93adc50b1fdb\",\"name\":\"La Gu\u00eda de Pamplona\",\"image\":{\"@type\":\"ImageObject\",\"inLanguage\":\"es\",\"@id\":\"https:\\\/\\\/secure.gravatar.com\\\/avatar\\\/b6992f131dc8d30ab0dff15446e9d346d9dbd95992de0fef795073f5ea83a81c?s=96&d=mm&r=g\",\"url\":\"https:\\\/\\\/secure.gravatar.com\\\/avatar\\\/b6992f131dc8d30ab0dff15446e9d346d9dbd95992de0fef795073f5ea83a81c?s=96&d=mm&r=g\",\"contentUrl\":\"https:\\\/\\\/secure.gravatar.com\\\/avatar\\\/b6992f131dc8d30ab0dff15446e9d346d9dbd95992de0fef795073f5ea83a81c?s=96&d=mm&r=g\",\"caption\":\"La Gu\u00eda de Pamplona\"}}]}<\/script>\n<!-- \/ Yoast SEO plugin. -->","yoast_head_json":{"title":"Jakoba Errekondo ofrece este mi\u00e9rcoles una charla en euskera sobre el cuidado de la huerta y las plantas","robots":{"index":"index","follow":"follow","max-snippet":"max-snippet:-1","max-image-preview":"max-image-preview:large","max-video-preview":"max-video-preview:-1"},"canonical":"https:\/\/www.laguiadepamplona.com\/actualidad\/jakoba-errekondo-ofrece-este-miercoles-una-charla-en-euskera-sobre-el-cuidado-de-la-huerta-y-las-plantas\/","og_locale":"es_ES","og_type":"article","og_title":"Jakoba Errekondo ofrece este mi\u00e9rcoles una charla en euskera sobre el cuidado de la huerta y las plantas","og_description":"La conferencia ser\u00e1 a las 19 horas en el Museo de Educaci\u00f3n Ambiental, con entrada es libre","og_url":"https:\/\/www.laguiadepamplona.com\/actualidad\/jakoba-errekondo-ofrece-este-miercoles-una-charla-en-euskera-sobre-el-cuidado-de-la-huerta-y-las-plantas\/","og_site_name":"La Gu\u00eda de Pamplona","article_publisher":"https:\/\/www.facebook.com\/laguiadepamplonacom-133175176762273\/?ref=hl","article_published_time":"2017-03-14T11:52:40+00:00","og_image":[{"width":627,"height":352,"url":"https:\/\/www.laguiadepamplona.com\/actualidad\/wp-content\/uploads\/2016\/12\/Museo-Educacion-Ambiental-Pamplona.jpg","type":"image\/jpeg"}],"author":"La Gu\u00eda de Pamplona","twitter_card":"summary_large_image","twitter_creator":"@LaGuiadPamplona","twitter_site":"@LaGuiadPamplona","twitter_misc":{"Escrito por":"La Gu\u00eda de Pamplona","Tiempo de lectura":"3 minutos"},"schema":{"@context":"https:\/\/schema.org","@graph":[{"@type":"Article","@id":"https:\/\/www.laguiadepamplona.com\/actualidad\/jakoba-errekondo-ofrece-este-miercoles-una-charla-en-euskera-sobre-el-cuidado-de-la-huerta-y-las-plantas\/#article","isPartOf":{"@id":"https:\/\/www.laguiadepamplona.com\/actualidad\/jakoba-errekondo-ofrece-este-miercoles-una-charla-en-euskera-sobre-el-cuidado-de-la-huerta-y-las-plantas\/"},"author":{"name":"La Gu\u00eda de Pamplona","@id":"https:\/\/www.laguiadepamplona.com\/actualidad\/#\/schema\/person\/efe887376f0213d4657c93adc50b1fdb"},"headline":"Jakoba Errekondo ofrece este mi\u00e9rcoles una charla en euskera sobre el cuidado de la huerta y las plantas","datePublished":"2017-03-14T11:52:40+00:00","mainEntityOfPage":{"@id":"https:\/\/www.laguiadepamplona.com\/actualidad\/jakoba-errekondo-ofrece-este-miercoles-una-charla-en-euskera-sobre-el-cuidado-de-la-huerta-y-las-plantas\/"},"wordCount":548,"publisher":{"@id":"https:\/\/www.laguiadepamplona.com\/actualidad\/#organization"},"image":{"@id":"https:\/\/www.laguiadepamplona.com\/actualidad\/jakoba-errekondo-ofrece-este-miercoles-una-charla-en-euskera-sobre-el-cuidado-de-la-huerta-y-las-plantas\/#primaryimage"},"thumbnailUrl":"https:\/\/www.laguiadepamplona.com\/actualidad\/wp-content\/uploads\/2016\/12\/Museo-Educacion-Ambiental-Pamplona.jpg","articleSection":["Ayto Pamplona"],"inLanguage":"es"},{"@type":"WebPage","@id":"https:\/\/www.laguiadepamplona.com\/actualidad\/jakoba-errekondo-ofrece-este-miercoles-una-charla-en-euskera-sobre-el-cuidado-de-la-huerta-y-las-plantas\/","url":"https:\/\/www.laguiadepamplona.com\/actualidad\/jakoba-errekondo-ofrece-este-miercoles-una-charla-en-euskera-sobre-el-cuidado-de-la-huerta-y-las-plantas\/","name":"Jakoba Errekondo ofrece este mi\u00e9rcoles una charla en euskera sobre el cuidado de la huerta y las plantas","isPartOf":{"@id":"https:\/\/www.laguiadepamplona.com\/actualidad\/#website"},"primaryImageOfPage":{"@id":"https:\/\/www.laguiadepamplona.com\/actualidad\/jakoba-errekondo-ofrece-este-miercoles-una-charla-en-euskera-sobre-el-cuidado-de-la-huerta-y-las-plantas\/#primaryimage"},"image":{"@id":"https:\/\/www.laguiadepamplona.com\/actualidad\/jakoba-errekondo-ofrece-este-miercoles-una-charla-en-euskera-sobre-el-cuidado-de-la-huerta-y-las-plantas\/#primaryimage"},"thumbnailUrl":"https:\/\/www.laguiadepamplona.com\/actualidad\/wp-content\/uploads\/2016\/12\/Museo-Educacion-Ambiental-Pamplona.jpg","datePublished":"2017-03-14T11:52:40+00:00","breadcrumb":{"@id":"https:\/\/www.laguiadepamplona.com\/actualidad\/jakoba-errekondo-ofrece-este-miercoles-una-charla-en-euskera-sobre-el-cuidado-de-la-huerta-y-las-plantas\/#breadcrumb"},"inLanguage":"es","potentialAction":[{"@type":"ReadAction","target":["https:\/\/www.laguiadepamplona.com\/actualidad\/jakoba-errekondo-ofrece-este-miercoles-una-charla-en-euskera-sobre-el-cuidado-de-la-huerta-y-las-plantas\/"]}]},{"@type":"ImageObject","inLanguage":"es","@id":"https:\/\/www.laguiadepamplona.com\/actualidad\/jakoba-errekondo-ofrece-este-miercoles-una-charla-en-euskera-sobre-el-cuidado-de-la-huerta-y-las-plantas\/#primaryimage","url":"https:\/\/www.laguiadepamplona.com\/actualidad\/wp-content\/uploads\/2016\/12\/Museo-Educacion-Ambiental-Pamplona.jpg","contentUrl":"https:\/\/www.laguiadepamplona.com\/actualidad\/wp-content\/uploads\/2016\/12\/Museo-Educacion-Ambiental-Pamplona.jpg","width":627,"height":352},{"@type":"BreadcrumbList","@id":"https:\/\/www.laguiadepamplona.com\/actualidad\/jakoba-errekondo-ofrece-este-miercoles-una-charla-en-euskera-sobre-el-cuidado-de-la-huerta-y-las-plantas\/#breadcrumb","itemListElement":[{"@type":"ListItem","position":1,"name":"Portada","item":"https:\/\/www.laguiadepamplona.com\/actualidad\/"},{"@type":"ListItem","position":2,"name":"Jakoba Errekondo ofrece este mi\u00e9rcoles una charla en euskera sobre el cuidado de la huerta y las plantas"}]},{"@type":"WebSite","@id":"https:\/\/www.laguiadepamplona.com\/actualidad\/#website","url":"https:\/\/www.laguiadepamplona.com\/actualidad\/","name":"La gu\u00eda de Pamplona","description":"Noticias de Pamplona","publisher":{"@id":"https:\/\/www.laguiadepamplona.com\/actualidad\/#organization"},"potentialAction":[{"@type":"SearchAction","target":{"@type":"EntryPoint","urlTemplate":"https:\/\/www.laguiadepamplona.com\/actualidad\/?s={search_term_string}"},"query-input":{"@type":"PropertyValueSpecification","valueRequired":true,"valueName":"search_term_string"}}],"inLanguage":"es"},{"@type":"Organization","@id":"https:\/\/www.laguiadepamplona.com\/actualidad\/#organization","name":"La Gu\u00eda de Pamplona \/ Noticias","url":"https:\/\/www.laguiadepamplona.com\/actualidad\/","logo":{"@type":"ImageObject","inLanguage":"es","@id":"https:\/\/www.laguiadepamplona.com\/actualidad\/#\/schema\/logo\/image\/","url":"https:\/\/www.laguiadepamplona.com\/actualidad\/wp-content\/uploads\/2018\/11\/logo-laguiadepamplona18-web1.png","contentUrl":"https:\/\/www.laguiadepamplona.com\/actualidad\/wp-content\/uploads\/2018\/11\/logo-laguiadepamplona18-web1.png","width":600,"height":196,"caption":"La Gu\u00eda de Pamplona \/ Noticias"},"image":{"@id":"https:\/\/www.laguiadepamplona.com\/actualidad\/#\/schema\/logo\/image\/"},"sameAs":["https:\/\/www.facebook.com\/laguiadepamplonacom-133175176762273\/?ref=hl","https:\/\/x.com\/LaGuiadPamplona","https:\/\/www.instagram.com\/la_guia_de_pamplona\/","https:\/\/www.youtube.com\/user\/laguiadepamplona"]},{"@type":"Person","@id":"https:\/\/www.laguiadepamplona.com\/actualidad\/#\/schema\/person\/efe887376f0213d4657c93adc50b1fdb","name":"La Gu\u00eda de Pamplona","image":{"@type":"ImageObject","inLanguage":"es","@id":"https:\/\/secure.gravatar.com\/avatar\/b6992f131dc8d30ab0dff15446e9d346d9dbd95992de0fef795073f5ea83a81c?s=96&d=mm&r=g","url":"https:\/\/secure.gravatar.com\/avatar\/b6992f131dc8d30ab0dff15446e9d346d9dbd95992de0fef795073f5ea83a81c?s=96&d=mm&r=g","contentUrl":"https:\/\/secure.gravatar.com\/avatar\/b6992f131dc8d30ab0dff15446e9d346d9dbd95992de0fef795073f5ea83a81c?s=96&d=mm&r=g","caption":"La Gu\u00eda de Pamplona"}}]}},"post_mailing_queue_ids":[],"_links":{"self":[{"href":"https:\/\/www.laguiadepamplona.com\/actualidad\/wp-json\/wp\/v2\/posts\/12239","targetHints":{"allow":["GET"]}}],"collection":[{"href":"https:\/\/www.laguiadepamplona.com\/actualidad\/wp-json\/wp\/v2\/posts"}],"about":[{"href":"https:\/\/www.laguiadepamplona.com\/actualidad\/wp-json\/wp\/v2\/types\/post"}],"author":[{"embeddable":true,"href":"https:\/\/www.laguiadepamplona.com\/actualidad\/wp-json\/wp\/v2\/users\/1"}],"replies":[{"embeddable":true,"href":"https:\/\/www.laguiadepamplona.com\/actualidad\/wp-json\/wp\/v2\/comments?post=12239"}],"version-history":[{"count":0,"href":"https:\/\/www.laguiadepamplona.com\/actualidad\/wp-json\/wp\/v2\/posts\/12239\/revisions"}],"wp:featuredmedia":[{"embeddable":true,"href":"https:\/\/www.laguiadepamplona.com\/actualidad\/wp-json\/wp\/v2\/media\/11071"}],"wp:attachment":[{"href":"https:\/\/www.laguiadepamplona.com\/actualidad\/wp-json\/wp\/v2\/media?parent=12239"}],"wp:term":[{"taxonomy":"category","embeddable":true,"href":"https:\/\/www.laguiadepamplona.com\/actualidad\/wp-json\/wp\/v2\/categories?post=12239"},{"taxonomy":"post_tag","embeddable":true,"href":"https:\/\/www.laguiadepamplona.com\/actualidad\/wp-json\/wp\/v2\/tags?post=12239"}],"curies":[{"name":"wp","href":"https:\/\/api.w.org\/{rel}","templated":true}]}}