{"id":12236,"date":"2017-03-13T19:16:20","date_gmt":"2017-03-13T18:16:20","guid":{"rendered":"http:\/\/laguiadepamplona.es\/actualidad\/?p=12236"},"modified":"2017-03-13T19:16:20","modified_gmt":"2017-03-13T18:16:20","slug":"el-ayuntamiento-se-reune-este-miercoles-con-las-ongd-que-trabajan-en-cooperacion-para-presentarles-las-cinco-convocatorias-de-subvenciones-de-2017","status":"publish","type":"post","link":"https:\/\/www.laguiadepamplona.com\/actualidad\/el-ayuntamiento-se-reune-este-miercoles-con-las-ongd-que-trabajan-en-cooperacion-para-presentarles-las-cinco-convocatorias-de-subvenciones-de-2017\/","title":{"rendered":"El Ayuntamiento se re\u00fane este mi\u00e9rcoles con las ONGD que trabajan en cooperaci\u00f3n para presentarles las cinco convocatorias de subvenciones de 2017"},"content":{"rendered":"<h3>La reuni\u00f3n es abierta y se presentar\u00e1n las bases de las ayudas municipales para este a\u00f1o, y que siguen la misma l\u00ednea que el a\u00f1o anterior<\/h3>\n<p><!--more--><\/p>\n<p>El Ayuntamiento de Pamplona presentar\u00e1 este mi\u00e9rcoles a las ONGD que trabajan en cooperaci\u00f3n las cinco convocatorias de ayudas que impulsa el \u00c1rea de Acci\u00f3n Social y Desarrollo Comunitario para proyectos y actuaciones de sensibilizaci\u00f3n y educaci\u00f3n para el desarrollo, emergencia humanitaria y cooperaci\u00f3n al desarrollo, as\u00ed como cooperaci\u00f3n con entidades locales del sur.<\/p>\n<p>La reuni\u00f3n se celebrar\u00e1 a las 12.30 horas en la sala municipal de reuniones de la calle Zapater\u00eda, 40, y est\u00e1 abierta a todas las ONGD; dada la capacidad de la sala, se recomienda que s\u00f3lo asista un representante por entidad. En la reuni\u00f3n participar\u00e1n la concejala delegada del \u00c1rea de Acci\u00f3n Social y Desarrollo Comunitario, Edurne Eguino, y los t\u00e9cnicos municipales de cooperaci\u00f3n Javier Gaztelu y Jaime Sarrasqueta.<\/p>\n<p>La Comisi\u00f3n de Asuntos Ciudadanos del Ayuntamiento de Pamplona ha sido informada hoy de esta reuni\u00f3n y de las caracter\u00edsticas b\u00e1sicas de las ayudas, que siguen la misma l\u00ednea del a\u00f1o anterior. En la reuni\u00f3n se dar\u00e1n a conocer las bases de las cinco convocatorias de subvenciones, todas ellas aprobadas por el Ayuntamiento y que est\u00e1n pendientes de publicaci\u00f3n en la Base de Datos Nacional de Subvenciones, tr\u00e1mite previo a su publicaci\u00f3n en el Bolet\u00edn Oficial de Navarra (BON). A todas estas convocatorias pueden concurrir las ONGD con implantaci\u00f3n y actividad en Pamplona. Asimismo, al d\u00eda siguiente de la reuni\u00f3n, las bases se har\u00e1n publicas en la web municipal <a href=\"http:\/\/www.pamplona.es\/\" target=\"_blank\">www.pamplona.es<\/a> para su consulta.<\/p>\n<p>Los t\u00e9cnicos municipales detallar\u00e1n cuestiones generales a todas las bases de convocatorias, explicar\u00e1n las caracter\u00edsticas de cada una de ellas, el cronograma de resoluci\u00f3n y previsi\u00f3n de abono de las subvenciones, el procedimiento de descarga en la web municipal de bases y anexos, y atender\u00e1n a las preguntas y comentarios que se susciten. La duraci\u00f3n prevista es de una hora.<\/p>\n","protected":false},"excerpt":{"rendered":"<p>La reuni\u00f3n es abierta y se presentar\u00e1n las bases de las ayudas municipales para este a\u00f1o, y que siguen la misma l\u00ednea que el a\u00f1o anterior<\/p>\n","protected":false},"author":1,"featured_media":10979,"comment_status":"closed","ping_status":"closed","sticky":false,"template":"","format":"standard","meta":{"footnotes":""},"categories":[2],"tags":[],"class_list":["post-12236","post","type-post","status-publish","format-standard","has-post-thumbnail","hentry","category-ayuntamiento-pamplona"],"yoast_head":"<!-- This site is optimized with the Yoast SEO plugin v27.3 - https:\/\/yoast.com\/product\/yoast-seo-wordpress\/ -->\n<title>El Ayuntamiento se re\u00fane este mi\u00e9rcoles con las ONGD que trabajan en cooperaci\u00f3n para presentarles las cinco convocatorias de subvenciones de 2017<\/title>\n<meta name=\"robots\" content=\"index, follow, max-snippet:-1, max-image-preview:large, max-video-preview:-1\" \/>\n<link rel=\"canonical\" href=\"https:\/\/www.laguiadepamplona.com\/actualidad\/el-ayuntamiento-se-reune-este-miercoles-con-las-ongd-que-trabajan-en-cooperacion-para-presentarles-las-cinco-convocatorias-de-subvenciones-de-2017\/\" \/>\n<meta property=\"og:locale\" content=\"es_ES\" \/>\n<meta property=\"og:type\" content=\"article\" \/>\n<meta property=\"og:title\" content=\"El Ayuntamiento se re\u00fane este mi\u00e9rcoles con las ONGD que trabajan en cooperaci\u00f3n para presentarles las cinco convocatorias de subvenciones de 2017\" \/>\n<meta property=\"og:description\" content=\"La reuni\u00f3n es abierta y se presentar\u00e1n las bases de las ayudas municipales para este a\u00f1o, y que siguen la misma l\u00ednea que el a\u00f1o anterior\" \/>\n<meta property=\"og:url\" content=\"https:\/\/www.laguiadepamplona.com\/actualidad\/el-ayuntamiento-se-reune-este-miercoles-con-las-ongd-que-trabajan-en-cooperacion-para-presentarles-las-cinco-convocatorias-de-subvenciones-de-2017\/\" \/>\n<meta property=\"og:site_name\" content=\"La Gu\u00eda de Pamplona\" \/>\n<meta property=\"article:publisher\" content=\"https:\/\/www.facebook.com\/laguiadepamplonacom-133175176762273\/?ref=hl\" \/>\n<meta property=\"article:published_time\" content=\"2017-03-13T18:16:20+00:00\" \/>\n<meta property=\"og:image\" content=\"https:\/\/www.laguiadepamplona.com\/actualidad\/wp-content\/uploads\/2016\/11\/Ayto_Pamplona.jpg\" \/>\n\t<meta property=\"og:image:width\" content=\"900\" \/>\n\t<meta property=\"og:image:height\" content=\"675\" \/>\n\t<meta property=\"og:image:type\" content=\"image\/jpeg\" \/>\n<meta name=\"author\" content=\"La Gu\u00eda de Pamplona\" \/>\n<meta name=\"twitter:card\" content=\"summary_large_image\" \/>\n<meta name=\"twitter:creator\" content=\"@LaGuiadPamplona\" \/>\n<meta name=\"twitter:site\" content=\"@LaGuiadPamplona\" \/>\n<meta name=\"twitter:label1\" content=\"Escrito por\" \/>\n\t<meta name=\"twitter:data1\" content=\"La Gu\u00eda de Pamplona\" \/>\n\t<meta name=\"twitter:label2\" content=\"Tiempo de lectura\" \/>\n\t<meta name=\"twitter:data2\" content=\"2 minutos\" \/>\n<script type=\"application\/ld+json\" class=\"yoast-schema-graph\">{\"@context\":\"https:\\\/\\\/schema.org\",\"@graph\":[{\"@type\":\"Article\",\"@id\":\"https:\\\/\\\/www.laguiadepamplona.com\\\/actualidad\\\/el-ayuntamiento-se-reune-este-miercoles-con-las-ongd-que-trabajan-en-cooperacion-para-presentarles-las-cinco-convocatorias-de-subvenciones-de-2017\\\/#article\",\"isPartOf\":{\"@id\":\"https:\\\/\\\/www.laguiadepamplona.com\\\/actualidad\\\/el-ayuntamiento-se-reune-este-miercoles-con-las-ongd-que-trabajan-en-cooperacion-para-presentarles-las-cinco-convocatorias-de-subvenciones-de-2017\\\/\"},\"author\":{\"name\":\"La Gu\u00eda de Pamplona\",\"@id\":\"https:\\\/\\\/www.laguiadepamplona.com\\\/actualidad\\\/#\\\/schema\\\/person\\\/efe887376f0213d4657c93adc50b1fdb\"},\"headline\":\"El Ayuntamiento se re\u00fane este mi\u00e9rcoles con las ONGD que trabajan en cooperaci\u00f3n para presentarles las cinco convocatorias de subvenciones de 2017\",\"datePublished\":\"2017-03-13T18:16:20+00:00\",\"mainEntityOfPage\":{\"@id\":\"https:\\\/\\\/www.laguiadepamplona.com\\\/actualidad\\\/el-ayuntamiento-se-reune-este-miercoles-con-las-ongd-que-trabajan-en-cooperacion-para-presentarles-las-cinco-convocatorias-de-subvenciones-de-2017\\\/\"},\"wordCount\":391,\"publisher\":{\"@id\":\"https:\\\/\\\/www.laguiadepamplona.com\\\/actualidad\\\/#organization\"},\"image\":{\"@id\":\"https:\\\/\\\/www.laguiadepamplona.com\\\/actualidad\\\/el-ayuntamiento-se-reune-este-miercoles-con-las-ongd-que-trabajan-en-cooperacion-para-presentarles-las-cinco-convocatorias-de-subvenciones-de-2017\\\/#primaryimage\"},\"thumbnailUrl\":\"https:\\\/\\\/www.laguiadepamplona.com\\\/actualidad\\\/wp-content\\\/uploads\\\/2016\\\/11\\\/Ayto_Pamplona.jpg\",\"articleSection\":[\"Ayto Pamplona\"],\"inLanguage\":\"es\"},{\"@type\":\"WebPage\",\"@id\":\"https:\\\/\\\/www.laguiadepamplona.com\\\/actualidad\\\/el-ayuntamiento-se-reune-este-miercoles-con-las-ongd-que-trabajan-en-cooperacion-para-presentarles-las-cinco-convocatorias-de-subvenciones-de-2017\\\/\",\"url\":\"https:\\\/\\\/www.laguiadepamplona.com\\\/actualidad\\\/el-ayuntamiento-se-reune-este-miercoles-con-las-ongd-que-trabajan-en-cooperacion-para-presentarles-las-cinco-convocatorias-de-subvenciones-de-2017\\\/\",\"name\":\"El Ayuntamiento se re\u00fane este mi\u00e9rcoles con las ONGD que trabajan en cooperaci\u00f3n para presentarles las cinco convocatorias de subvenciones de 2017\",\"isPartOf\":{\"@id\":\"https:\\\/\\\/www.laguiadepamplona.com\\\/actualidad\\\/#website\"},\"primaryImageOfPage\":{\"@id\":\"https:\\\/\\\/www.laguiadepamplona.com\\\/actualidad\\\/el-ayuntamiento-se-reune-este-miercoles-con-las-ongd-que-trabajan-en-cooperacion-para-presentarles-las-cinco-convocatorias-de-subvenciones-de-2017\\\/#primaryimage\"},\"image\":{\"@id\":\"https:\\\/\\\/www.laguiadepamplona.com\\\/actualidad\\\/el-ayuntamiento-se-reune-este-miercoles-con-las-ongd-que-trabajan-en-cooperacion-para-presentarles-las-cinco-convocatorias-de-subvenciones-de-2017\\\/#primaryimage\"},\"thumbnailUrl\":\"https:\\\/\\\/www.laguiadepamplona.com\\\/actualidad\\\/wp-content\\\/uploads\\\/2016\\\/11\\\/Ayto_Pamplona.jpg\",\"datePublished\":\"2017-03-13T18:16:20+00:00\",\"breadcrumb\":{\"@id\":\"https:\\\/\\\/www.laguiadepamplona.com\\\/actualidad\\\/el-ayuntamiento-se-reune-este-miercoles-con-las-ongd-que-trabajan-en-cooperacion-para-presentarles-las-cinco-convocatorias-de-subvenciones-de-2017\\\/#breadcrumb\"},\"inLanguage\":\"es\",\"potentialAction\":[{\"@type\":\"ReadAction\",\"target\":[\"https:\\\/\\\/www.laguiadepamplona.com\\\/actualidad\\\/el-ayuntamiento-se-reune-este-miercoles-con-las-ongd-que-trabajan-en-cooperacion-para-presentarles-las-cinco-convocatorias-de-subvenciones-de-2017\\\/\"]}]},{\"@type\":\"ImageObject\",\"inLanguage\":\"es\",\"@id\":\"https:\\\/\\\/www.laguiadepamplona.com\\\/actualidad\\\/el-ayuntamiento-se-reune-este-miercoles-con-las-ongd-que-trabajan-en-cooperacion-para-presentarles-las-cinco-convocatorias-de-subvenciones-de-2017\\\/#primaryimage\",\"url\":\"https:\\\/\\\/www.laguiadepamplona.com\\\/actualidad\\\/wp-content\\\/uploads\\\/2016\\\/11\\\/Ayto_Pamplona.jpg\",\"contentUrl\":\"https:\\\/\\\/www.laguiadepamplona.com\\\/actualidad\\\/wp-content\\\/uploads\\\/2016\\\/11\\\/Ayto_Pamplona.jpg\",\"width\":900,\"height\":675},{\"@type\":\"BreadcrumbList\",\"@id\":\"https:\\\/\\\/www.laguiadepamplona.com\\\/actualidad\\\/el-ayuntamiento-se-reune-este-miercoles-con-las-ongd-que-trabajan-en-cooperacion-para-presentarles-las-cinco-convocatorias-de-subvenciones-de-2017\\\/#breadcrumb\",\"itemListElement\":[{\"@type\":\"ListItem\",\"position\":1,\"name\":\"Portada\",\"item\":\"https:\\\/\\\/www.laguiadepamplona.com\\\/actualidad\\\/\"},{\"@type\":\"ListItem\",\"position\":2,\"name\":\"El Ayuntamiento se re\u00fane este mi\u00e9rcoles con las ONGD que trabajan en cooperaci\u00f3n para presentarles las cinco convocatorias de subvenciones de 2017\"}]},{\"@type\":\"WebSite\",\"@id\":\"https:\\\/\\\/www.laguiadepamplona.com\\\/actualidad\\\/#website\",\"url\":\"https:\\\/\\\/www.laguiadepamplona.com\\\/actualidad\\\/\",\"name\":\"La gu\u00eda de Pamplona\",\"description\":\"Noticias de Pamplona\",\"publisher\":{\"@id\":\"https:\\\/\\\/www.laguiadepamplona.com\\\/actualidad\\\/#organization\"},\"potentialAction\":[{\"@type\":\"SearchAction\",\"target\":{\"@type\":\"EntryPoint\",\"urlTemplate\":\"https:\\\/\\\/www.laguiadepamplona.com\\\/actualidad\\\/?s={search_term_string}\"},\"query-input\":{\"@type\":\"PropertyValueSpecification\",\"valueRequired\":true,\"valueName\":\"search_term_string\"}}],\"inLanguage\":\"es\"},{\"@type\":\"Organization\",\"@id\":\"https:\\\/\\\/www.laguiadepamplona.com\\\/actualidad\\\/#organization\",\"name\":\"La Gu\u00eda de Pamplona \\\/ Noticias\",\"url\":\"https:\\\/\\\/www.laguiadepamplona.com\\\/actualidad\\\/\",\"logo\":{\"@type\":\"ImageObject\",\"inLanguage\":\"es\",\"@id\":\"https:\\\/\\\/www.laguiadepamplona.com\\\/actualidad\\\/#\\\/schema\\\/logo\\\/image\\\/\",\"url\":\"https:\\\/\\\/www.laguiadepamplona.com\\\/actualidad\\\/wp-content\\\/uploads\\\/2018\\\/11\\\/logo-laguiadepamplona18-web1.png\",\"contentUrl\":\"https:\\\/\\\/www.laguiadepamplona.com\\\/actualidad\\\/wp-content\\\/uploads\\\/2018\\\/11\\\/logo-laguiadepamplona18-web1.png\",\"width\":600,\"height\":196,\"caption\":\"La Gu\u00eda de Pamplona \\\/ Noticias\"},\"image\":{\"@id\":\"https:\\\/\\\/www.laguiadepamplona.com\\\/actualidad\\\/#\\\/schema\\\/logo\\\/image\\\/\"},\"sameAs\":[\"https:\\\/\\\/www.facebook.com\\\/laguiadepamplonacom-133175176762273\\\/?ref=hl\",\"https:\\\/\\\/x.com\\\/LaGuiadPamplona\",\"https:\\\/\\\/www.instagram.com\\\/la_guia_de_pamplona\\\/\",\"https:\\\/\\\/www.youtube.com\\\/user\\\/laguiadepamplona\"]},{\"@type\":\"Person\",\"@id\":\"https:\\\/\\\/www.laguiadepamplona.com\\\/actualidad\\\/#\\\/schema\\\/person\\\/efe887376f0213d4657c93adc50b1fdb\",\"name\":\"La Gu\u00eda de Pamplona\",\"image\":{\"@type\":\"ImageObject\",\"inLanguage\":\"es\",\"@id\":\"https:\\\/\\\/secure.gravatar.com\\\/avatar\\\/b6992f131dc8d30ab0dff15446e9d346d9dbd95992de0fef795073f5ea83a81c?s=96&d=mm&r=g\",\"url\":\"https:\\\/\\\/secure.gravatar.com\\\/avatar\\\/b6992f131dc8d30ab0dff15446e9d346d9dbd95992de0fef795073f5ea83a81c?s=96&d=mm&r=g\",\"contentUrl\":\"https:\\\/\\\/secure.gravatar.com\\\/avatar\\\/b6992f131dc8d30ab0dff15446e9d346d9dbd95992de0fef795073f5ea83a81c?s=96&d=mm&r=g\",\"caption\":\"La Gu\u00eda de Pamplona\"}}]}<\/script>\n<!-- \/ Yoast SEO plugin. -->","yoast_head_json":{"title":"El Ayuntamiento se re\u00fane este mi\u00e9rcoles con las ONGD que trabajan en cooperaci\u00f3n para presentarles las cinco convocatorias de subvenciones de 2017","robots":{"index":"index","follow":"follow","max-snippet":"max-snippet:-1","max-image-preview":"max-image-preview:large","max-video-preview":"max-video-preview:-1"},"canonical":"https:\/\/www.laguiadepamplona.com\/actualidad\/el-ayuntamiento-se-reune-este-miercoles-con-las-ongd-que-trabajan-en-cooperacion-para-presentarles-las-cinco-convocatorias-de-subvenciones-de-2017\/","og_locale":"es_ES","og_type":"article","og_title":"El Ayuntamiento se re\u00fane este mi\u00e9rcoles con las ONGD que trabajan en cooperaci\u00f3n para presentarles las cinco convocatorias de subvenciones de 2017","og_description":"La reuni\u00f3n es abierta y se presentar\u00e1n las bases de las ayudas municipales para este a\u00f1o, y que siguen la misma l\u00ednea que el a\u00f1o anterior","og_url":"https:\/\/www.laguiadepamplona.com\/actualidad\/el-ayuntamiento-se-reune-este-miercoles-con-las-ongd-que-trabajan-en-cooperacion-para-presentarles-las-cinco-convocatorias-de-subvenciones-de-2017\/","og_site_name":"La Gu\u00eda de Pamplona","article_publisher":"https:\/\/www.facebook.com\/laguiadepamplonacom-133175176762273\/?ref=hl","article_published_time":"2017-03-13T18:16:20+00:00","og_image":[{"width":900,"height":675,"url":"https:\/\/www.laguiadepamplona.com\/actualidad\/wp-content\/uploads\/2016\/11\/Ayto_Pamplona.jpg","type":"image\/jpeg"}],"author":"La Gu\u00eda de Pamplona","twitter_card":"summary_large_image","twitter_creator":"@LaGuiadPamplona","twitter_site":"@LaGuiadPamplona","twitter_misc":{"Escrito por":"La Gu\u00eda de Pamplona","Tiempo de lectura":"2 minutos"},"schema":{"@context":"https:\/\/schema.org","@graph":[{"@type":"Article","@id":"https:\/\/www.laguiadepamplona.com\/actualidad\/el-ayuntamiento-se-reune-este-miercoles-con-las-ongd-que-trabajan-en-cooperacion-para-presentarles-las-cinco-convocatorias-de-subvenciones-de-2017\/#article","isPartOf":{"@id":"https:\/\/www.laguiadepamplona.com\/actualidad\/el-ayuntamiento-se-reune-este-miercoles-con-las-ongd-que-trabajan-en-cooperacion-para-presentarles-las-cinco-convocatorias-de-subvenciones-de-2017\/"},"author":{"name":"La Gu\u00eda de Pamplona","@id":"https:\/\/www.laguiadepamplona.com\/actualidad\/#\/schema\/person\/efe887376f0213d4657c93adc50b1fdb"},"headline":"El Ayuntamiento se re\u00fane este mi\u00e9rcoles con las ONGD que trabajan en cooperaci\u00f3n para presentarles las cinco convocatorias de subvenciones de 2017","datePublished":"2017-03-13T18:16:20+00:00","mainEntityOfPage":{"@id":"https:\/\/www.laguiadepamplona.com\/actualidad\/el-ayuntamiento-se-reune-este-miercoles-con-las-ongd-que-trabajan-en-cooperacion-para-presentarles-las-cinco-convocatorias-de-subvenciones-de-2017\/"},"wordCount":391,"publisher":{"@id":"https:\/\/www.laguiadepamplona.com\/actualidad\/#organization"},"image":{"@id":"https:\/\/www.laguiadepamplona.com\/actualidad\/el-ayuntamiento-se-reune-este-miercoles-con-las-ongd-que-trabajan-en-cooperacion-para-presentarles-las-cinco-convocatorias-de-subvenciones-de-2017\/#primaryimage"},"thumbnailUrl":"https:\/\/www.laguiadepamplona.com\/actualidad\/wp-content\/uploads\/2016\/11\/Ayto_Pamplona.jpg","articleSection":["Ayto Pamplona"],"inLanguage":"es"},{"@type":"WebPage","@id":"https:\/\/www.laguiadepamplona.com\/actualidad\/el-ayuntamiento-se-reune-este-miercoles-con-las-ongd-que-trabajan-en-cooperacion-para-presentarles-las-cinco-convocatorias-de-subvenciones-de-2017\/","url":"https:\/\/www.laguiadepamplona.com\/actualidad\/el-ayuntamiento-se-reune-este-miercoles-con-las-ongd-que-trabajan-en-cooperacion-para-presentarles-las-cinco-convocatorias-de-subvenciones-de-2017\/","name":"El Ayuntamiento se re\u00fane este mi\u00e9rcoles con las ONGD que trabajan en cooperaci\u00f3n para presentarles las cinco convocatorias de subvenciones de 2017","isPartOf":{"@id":"https:\/\/www.laguiadepamplona.com\/actualidad\/#website"},"primaryImageOfPage":{"@id":"https:\/\/www.laguiadepamplona.com\/actualidad\/el-ayuntamiento-se-reune-este-miercoles-con-las-ongd-que-trabajan-en-cooperacion-para-presentarles-las-cinco-convocatorias-de-subvenciones-de-2017\/#primaryimage"},"image":{"@id":"https:\/\/www.laguiadepamplona.com\/actualidad\/el-ayuntamiento-se-reune-este-miercoles-con-las-ongd-que-trabajan-en-cooperacion-para-presentarles-las-cinco-convocatorias-de-subvenciones-de-2017\/#primaryimage"},"thumbnailUrl":"https:\/\/www.laguiadepamplona.com\/actualidad\/wp-content\/uploads\/2016\/11\/Ayto_Pamplona.jpg","datePublished":"2017-03-13T18:16:20+00:00","breadcrumb":{"@id":"https:\/\/www.laguiadepamplona.com\/actualidad\/el-ayuntamiento-se-reune-este-miercoles-con-las-ongd-que-trabajan-en-cooperacion-para-presentarles-las-cinco-convocatorias-de-subvenciones-de-2017\/#breadcrumb"},"inLanguage":"es","potentialAction":[{"@type":"ReadAction","target":["https:\/\/www.laguiadepamplona.com\/actualidad\/el-ayuntamiento-se-reune-este-miercoles-con-las-ongd-que-trabajan-en-cooperacion-para-presentarles-las-cinco-convocatorias-de-subvenciones-de-2017\/"]}]},{"@type":"ImageObject","inLanguage":"es","@id":"https:\/\/www.laguiadepamplona.com\/actualidad\/el-ayuntamiento-se-reune-este-miercoles-con-las-ongd-que-trabajan-en-cooperacion-para-presentarles-las-cinco-convocatorias-de-subvenciones-de-2017\/#primaryimage","url":"https:\/\/www.laguiadepamplona.com\/actualidad\/wp-content\/uploads\/2016\/11\/Ayto_Pamplona.jpg","contentUrl":"https:\/\/www.laguiadepamplona.com\/actualidad\/wp-content\/uploads\/2016\/11\/Ayto_Pamplona.jpg","width":900,"height":675},{"@type":"BreadcrumbList","@id":"https:\/\/www.laguiadepamplona.com\/actualidad\/el-ayuntamiento-se-reune-este-miercoles-con-las-ongd-que-trabajan-en-cooperacion-para-presentarles-las-cinco-convocatorias-de-subvenciones-de-2017\/#breadcrumb","itemListElement":[{"@type":"ListItem","position":1,"name":"Portada","item":"https:\/\/www.laguiadepamplona.com\/actualidad\/"},{"@type":"ListItem","position":2,"name":"El Ayuntamiento se re\u00fane este mi\u00e9rcoles con las ONGD que trabajan en cooperaci\u00f3n para presentarles las cinco convocatorias de subvenciones de 2017"}]},{"@type":"WebSite","@id":"https:\/\/www.laguiadepamplona.com\/actualidad\/#website","url":"https:\/\/www.laguiadepamplona.com\/actualidad\/","name":"La gu\u00eda de Pamplona","description":"Noticias de Pamplona","publisher":{"@id":"https:\/\/www.laguiadepamplona.com\/actualidad\/#organization"},"potentialAction":[{"@type":"SearchAction","target":{"@type":"EntryPoint","urlTemplate":"https:\/\/www.laguiadepamplona.com\/actualidad\/?s={search_term_string}"},"query-input":{"@type":"PropertyValueSpecification","valueRequired":true,"valueName":"search_term_string"}}],"inLanguage":"es"},{"@type":"Organization","@id":"https:\/\/www.laguiadepamplona.com\/actualidad\/#organization","name":"La Gu\u00eda de Pamplona \/ Noticias","url":"https:\/\/www.laguiadepamplona.com\/actualidad\/","logo":{"@type":"ImageObject","inLanguage":"es","@id":"https:\/\/www.laguiadepamplona.com\/actualidad\/#\/schema\/logo\/image\/","url":"https:\/\/www.laguiadepamplona.com\/actualidad\/wp-content\/uploads\/2018\/11\/logo-laguiadepamplona18-web1.png","contentUrl":"https:\/\/www.laguiadepamplona.com\/actualidad\/wp-content\/uploads\/2018\/11\/logo-laguiadepamplona18-web1.png","width":600,"height":196,"caption":"La Gu\u00eda de Pamplona \/ Noticias"},"image":{"@id":"https:\/\/www.laguiadepamplona.com\/actualidad\/#\/schema\/logo\/image\/"},"sameAs":["https:\/\/www.facebook.com\/laguiadepamplonacom-133175176762273\/?ref=hl","https:\/\/x.com\/LaGuiadPamplona","https:\/\/www.instagram.com\/la_guia_de_pamplona\/","https:\/\/www.youtube.com\/user\/laguiadepamplona"]},{"@type":"Person","@id":"https:\/\/www.laguiadepamplona.com\/actualidad\/#\/schema\/person\/efe887376f0213d4657c93adc50b1fdb","name":"La Gu\u00eda de Pamplona","image":{"@type":"ImageObject","inLanguage":"es","@id":"https:\/\/secure.gravatar.com\/avatar\/b6992f131dc8d30ab0dff15446e9d346d9dbd95992de0fef795073f5ea83a81c?s=96&d=mm&r=g","url":"https:\/\/secure.gravatar.com\/avatar\/b6992f131dc8d30ab0dff15446e9d346d9dbd95992de0fef795073f5ea83a81c?s=96&d=mm&r=g","contentUrl":"https:\/\/secure.gravatar.com\/avatar\/b6992f131dc8d30ab0dff15446e9d346d9dbd95992de0fef795073f5ea83a81c?s=96&d=mm&r=g","caption":"La Gu\u00eda de Pamplona"}}]}},"post_mailing_queue_ids":[],"_links":{"self":[{"href":"https:\/\/www.laguiadepamplona.com\/actualidad\/wp-json\/wp\/v2\/posts\/12236","targetHints":{"allow":["GET"]}}],"collection":[{"href":"https:\/\/www.laguiadepamplona.com\/actualidad\/wp-json\/wp\/v2\/posts"}],"about":[{"href":"https:\/\/www.laguiadepamplona.com\/actualidad\/wp-json\/wp\/v2\/types\/post"}],"author":[{"embeddable":true,"href":"https:\/\/www.laguiadepamplona.com\/actualidad\/wp-json\/wp\/v2\/users\/1"}],"replies":[{"embeddable":true,"href":"https:\/\/www.laguiadepamplona.com\/actualidad\/wp-json\/wp\/v2\/comments?post=12236"}],"version-history":[{"count":0,"href":"https:\/\/www.laguiadepamplona.com\/actualidad\/wp-json\/wp\/v2\/posts\/12236\/revisions"}],"wp:featuredmedia":[{"embeddable":true,"href":"https:\/\/www.laguiadepamplona.com\/actualidad\/wp-json\/wp\/v2\/media\/10979"}],"wp:attachment":[{"href":"https:\/\/www.laguiadepamplona.com\/actualidad\/wp-json\/wp\/v2\/media?parent=12236"}],"wp:term":[{"taxonomy":"category","embeddable":true,"href":"https:\/\/www.laguiadepamplona.com\/actualidad\/wp-json\/wp\/v2\/categories?post=12236"},{"taxonomy":"post_tag","embeddable":true,"href":"https:\/\/www.laguiadepamplona.com\/actualidad\/wp-json\/wp\/v2\/tags?post=12236"}],"curies":[{"name":"wp","href":"https:\/\/api.w.org\/{rel}","templated":true}]}}