{"id":12230,"date":"2017-03-13T16:09:36","date_gmt":"2017-03-13T15:09:36","guid":{"rendered":"http:\/\/laguiadepamplona.es\/actualidad\/?p=12230"},"modified":"2017-03-13T16:09:36","modified_gmt":"2017-03-13T15:09:36","slug":"aumenta-un-69-la-cuantia-destinada-a-la-convocatoria-de-ayudas-a-entidades-para-la-organizacion-de-acontecimientos-o-espectaculos-fisico-deportivos","status":"publish","type":"post","link":"https:\/\/www.laguiadepamplona.com\/actualidad\/aumenta-un-69-la-cuantia-destinada-a-la-convocatoria-de-ayudas-a-entidades-para-la-organizacion-de-acontecimientos-o-espectaculos-fisico-deportivos\/","title":{"rendered":"Aumenta un 6,9% la cuant\u00eda destinada a la convocatoria de ayudas a entidades para la organizaci\u00f3n de acontecimientos o espect\u00e1culos f\u00edsico-deportivos"},"content":{"rendered":"<h3>La convocatoria municipal contar\u00e1 con 617.000 euros y se primar\u00e1 a las entidades que incorporen la perspectiva de g\u00e9nero<\/h3>\n<p><!--more--><\/p>\n<p>El Ayuntamiento de Pamplona dedicar\u00e1 617.000 euros a la convocatoria de subvenciones dirigidas a entidades de \u00edndole f\u00edsico-deportivo que organicen acontecimientos, espect\u00e1culos y otra clase de actividades durante la temporada 2016\/2017 (septiembre a junio) o a lo largo de 2017. Esa cifra supone un incremento del 6,9% respecto a la convocatoria del a\u00f1o pasado, que ascendi\u00f3 a 577.000 euros. El objeto de estas ayudas es impulsar y facilitar la organizaci\u00f3n de acontecimientos y espect\u00e1culos deportivos en la ciudad.<\/p>\n<p>La Comisi\u00f3n de Asuntos Ciudadanos ha conocido el contenido de la convocatoria del \u00e1rea de Cultura, Pol\u00edtica Ling\u00fc\u00edstica, Educaci\u00f3n y Deporte, que deber\u00e1 a\u00fan publicarse en el Bolet\u00edn Oficial de Navarra para iniciar entonces el plazo de presentaci\u00f3n de solicitudes. La principal novedad, adem\u00e1s del aumento de partida, tiene que ver con la perspectiva de g\u00e9nero. La cuant\u00eda de la ayuda concedida aumentar\u00e1 cuando la entidad solicitante explicite la igualdad de g\u00e9nero en sus estatutos, objetivos o misi\u00f3n, memoria de actividades y\/o estructura organizativa; o cuando la igualdad de g\u00e9nero se incorpore al proyecto a partir de su metodolog\u00eda y\/o contenido. Al igual que el a\u00f1o pasado se podr\u00e1n presentar tambi\u00e9n fundaciones, que hasta 2015 eran atendidas mediante subvenciones nominativas.<\/p>\n<p>Cada entidad podr\u00e1 presentar un m\u00e1ximo de cuatro proyectos o solicitudes. Como requisitos generales, las actividades para las que se solicita ayuda deben estar abiertas a toda la ciudadan\u00eda; los proyectos deben ejecutarse con car\u00e1cter general en el t\u00e9rmino municipal de Pamplona; deben realizarse durante la temporada 2016\/2017, de septiembre a junio, o a lo largo del a\u00f1o 2017; y la actividad no puede ser financiada por otras convocatorias p\u00fablicas, contratos o convenios con el Ayuntamiento de Pamplona. En el caso de actividades de ligas deportivas, estas no se deber\u00e1n desarrollar al amparo de federaciones deportivas y los participantes deben ser mayores de edad. En el caso de programas de actividad f\u00edsica, deben estar abiertos a toda la ciudadan\u00eda en igualdad de condiciones y con cuotas que no superen los 120 euros por persona y curso. Por \u00faltimo, en el caso de fundaciones privadas, deben estar vinculadas a un club deportivo y el proyecto presentado tiene que tener como objetivo la promoci\u00f3n, coordinaci\u00f3n y desarrollo del deporte base en la modalidad practicada por el primer equipo del club.<\/p>\n<p><strong>Prioridades para la valoraci\u00f3n<\/strong><\/p>\n<p>La valoraci\u00f3n de las solicitudes y la determinaci\u00f3n de la cuant\u00eda de la ayuda se llevar\u00e1 a cabo con arreglo a varias prioridades. La primera de ellas tiene que ver con las actividades f\u00edsico-deportivas de inter\u00e9s municipal que ser\u00e1n consideradas as\u00ed si se tratan de fundaciones privadas vinculadas a un club con proyectos de deporte base; si dura al menos 8 meses, abierto a la edad que corresponda y en las mismas condiciones para toda la ciudadan\u00eda; o si son actividades consecuencia de hermanamientos de la ciudad. La ayuda podr\u00eda ser de hasta el 100% del d\u00e9ficit producido en su organizaci\u00f3n.<\/p>\n<p>La segunda prioridad tiene que ver con las actividades que, no siendo de inter\u00e9s municipal, sean de la m\u00e1xima categor\u00eda internacional absoluta. La ayuda podr\u00e1 ser del 25% o del 30% del presupuesto de gasto de la actividad en el caso de incluir la perspectiva de g\u00e9nero.<\/p>\n<p>La tercera prioridad habla de las actividades que, no siendo de especial inter\u00e9s municipal, deben reunir alguno de los siguientes requisitos para optar a la ayuda: que sea de la m\u00e1xima categor\u00eda nacional; que sea de car\u00e1cter internacional y categor\u00eda junior o juvenil, con notable repercusi\u00f3n en los medios; que sea la prueba oficial de m\u00e1s alto nivel que se celebra en Pamplona en su modalidad deportiva; que siendo de car\u00e1cter popular puedan inscribirse deportistas de todas las categor\u00edas y goce de una alta participaci\u00f3n; o que la prueba haya sido promovida por el Ayuntamiento de Pamplona. En funci\u00f3n de la inclusi\u00f3n de la perspectiva de igualdad, la ayuda se puede incrementar en un 5% del 25% al 30 %.<\/p>\n<p>Por \u00faltimo, la prioridad cuarta recoge aquellas actividades que no reuniendo los requisitos de los apartados anteriores (prioridades 1, 2 y 3) cuenten con participaci\u00f3n de deportistas de categor\u00eda inferior a la m\u00e1xima nacional. La cuant\u00eda de la ayuda podr\u00e1 suponer un 15% del presupuesto de gasto, pudiendo ampliarse al 18% si se incorpora la perspectiva de g\u00e9nero.<\/p>\n<p><strong>M\u00e1ximos de ayuda para cada entidad<\/strong><\/p>\n<p>Las fundaciones privadas tendr\u00e1n en su conjunto y realizada la suma de todo lo adjudicado un l\u00edmite m\u00e1ximo que no superar\u00e1 los 180.000 euros; en el caso de los programas de ense\u00f1anza de la actividad f\u00edsica el l\u00edmite ser\u00e1 de 135.000 euros; 24.000 euros para las ligas deportivas con una duraci\u00f3n de temporada completa; 40.000 para las actividades de la segunda prioridad; 20.000 euros para aquellas actividades encuadradas en la tercera prioridad; y 6.000 euros para acontecimientos que se ajusten a la cuarta prioridad.<\/p>\n<p>En la anterior convocatoria, el a\u00f1o pasado, el Ayuntamiento de Pamplona subvencion\u00f3 a 36 entidades de \u00edndole f\u00edsico-deportivas sin \u00e1nimo de lucro para la organizaci\u00f3n de 55 actividades como carreras, campeonatos o d\u00edas del deporte durante la temporada 2015\/16 (septiembre a junio) o a lo largo de 2016. Entre las disciplinas subvencionadas se encontraron, por ejemplo, f\u00fatbol, nataci\u00f3n, pirag\u00fcismo, triatl\u00f3n, patinaje, pelota, pesca, h\u00edpica, gimnasia, tenis, halterofilia, atletismo, rugby, baloncesto, b\u00e9isbol, escalada, deportes adaptados, judo, k\u00e1rate, tiro ol\u00edmpico, tenis de mesa, squash o ciclismo. La convocatoria estaba dotada con 577.000 euros, 180.000 euros m\u00e1s que en 2015.<\/p>\n<p>&nbsp;<\/p>\n","protected":false},"excerpt":{"rendered":"<p>La convocatoria municipal contar\u00e1 con 617.000 euros y se primar\u00e1 a las entidades que incorporen la perspectiva de g\u00e9nero<\/p>\n","protected":false},"author":1,"featured_media":10979,"comment_status":"closed","ping_status":"closed","sticky":false,"template":"","format":"standard","meta":{"footnotes":""},"categories":[2],"tags":[],"class_list":["post-12230","post","type-post","status-publish","format-standard","has-post-thumbnail","hentry","category-ayuntamiento-pamplona"],"yoast_head":"<!-- This site is optimized with the Yoast SEO plugin v27.3 - https:\/\/yoast.com\/product\/yoast-seo-wordpress\/ -->\n<title>Aumenta un 6,9% la cuant\u00eda destinada a la convocatoria de ayudas a entidades para la organizaci\u00f3n de acontecimientos o espect\u00e1culos f\u00edsico-deportivos<\/title>\n<meta name=\"robots\" content=\"index, follow, max-snippet:-1, max-image-preview:large, max-video-preview:-1\" \/>\n<link rel=\"canonical\" href=\"https:\/\/www.laguiadepamplona.com\/actualidad\/aumenta-un-69-la-cuantia-destinada-a-la-convocatoria-de-ayudas-a-entidades-para-la-organizacion-de-acontecimientos-o-espectaculos-fisico-deportivos\/\" \/>\n<meta property=\"og:locale\" content=\"es_ES\" \/>\n<meta property=\"og:type\" content=\"article\" \/>\n<meta property=\"og:title\" content=\"Aumenta un 6,9% la cuant\u00eda destinada a la convocatoria de ayudas a entidades para la organizaci\u00f3n de acontecimientos o espect\u00e1culos f\u00edsico-deportivos\" \/>\n<meta property=\"og:description\" content=\"La convocatoria municipal contar\u00e1 con 617.000 euros y se primar\u00e1 a las entidades que incorporen la perspectiva de g\u00e9nero\" \/>\n<meta property=\"og:url\" content=\"https:\/\/www.laguiadepamplona.com\/actualidad\/aumenta-un-69-la-cuantia-destinada-a-la-convocatoria-de-ayudas-a-entidades-para-la-organizacion-de-acontecimientos-o-espectaculos-fisico-deportivos\/\" \/>\n<meta property=\"og:site_name\" content=\"La Gu\u00eda de Pamplona\" \/>\n<meta property=\"article:publisher\" content=\"https:\/\/www.facebook.com\/laguiadepamplonacom-133175176762273\/?ref=hl\" \/>\n<meta property=\"article:published_time\" content=\"2017-03-13T15:09:36+00:00\" \/>\n<meta property=\"og:image\" content=\"https:\/\/www.laguiadepamplona.com\/actualidad\/wp-content\/uploads\/2016\/11\/Ayto_Pamplona.jpg\" \/>\n\t<meta property=\"og:image:width\" content=\"900\" \/>\n\t<meta property=\"og:image:height\" content=\"675\" \/>\n\t<meta property=\"og:image:type\" content=\"image\/jpeg\" \/>\n<meta name=\"author\" content=\"La Gu\u00eda de Pamplona\" \/>\n<meta name=\"twitter:card\" content=\"summary_large_image\" \/>\n<meta name=\"twitter:creator\" content=\"@LaGuiadPamplona\" \/>\n<meta name=\"twitter:site\" content=\"@LaGuiadPamplona\" \/>\n<meta name=\"twitter:label1\" content=\"Escrito por\" \/>\n\t<meta name=\"twitter:data1\" content=\"La Gu\u00eda de Pamplona\" \/>\n\t<meta name=\"twitter:label2\" content=\"Tiempo de lectura\" \/>\n\t<meta name=\"twitter:data2\" content=\"5 minutos\" \/>\n<script type=\"application\/ld+json\" class=\"yoast-schema-graph\">{\"@context\":\"https:\\\/\\\/schema.org\",\"@graph\":[{\"@type\":\"Article\",\"@id\":\"https:\\\/\\\/www.laguiadepamplona.com\\\/actualidad\\\/aumenta-un-69-la-cuantia-destinada-a-la-convocatoria-de-ayudas-a-entidades-para-la-organizacion-de-acontecimientos-o-espectaculos-fisico-deportivos\\\/#article\",\"isPartOf\":{\"@id\":\"https:\\\/\\\/www.laguiadepamplona.com\\\/actualidad\\\/aumenta-un-69-la-cuantia-destinada-a-la-convocatoria-de-ayudas-a-entidades-para-la-organizacion-de-acontecimientos-o-espectaculos-fisico-deportivos\\\/\"},\"author\":{\"name\":\"La Gu\u00eda de Pamplona\",\"@id\":\"https:\\\/\\\/www.laguiadepamplona.com\\\/actualidad\\\/#\\\/schema\\\/person\\\/efe887376f0213d4657c93adc50b1fdb\"},\"headline\":\"Aumenta un 6,9% la cuant\u00eda destinada a la convocatoria de ayudas a entidades para la organizaci\u00f3n de acontecimientos o espect\u00e1culos f\u00edsico-deportivos\",\"datePublished\":\"2017-03-13T15:09:36+00:00\",\"mainEntityOfPage\":{\"@id\":\"https:\\\/\\\/www.laguiadepamplona.com\\\/actualidad\\\/aumenta-un-69-la-cuantia-destinada-a-la-convocatoria-de-ayudas-a-entidades-para-la-organizacion-de-acontecimientos-o-espectaculos-fisico-deportivos\\\/\"},\"wordCount\":990,\"publisher\":{\"@id\":\"https:\\\/\\\/www.laguiadepamplona.com\\\/actualidad\\\/#organization\"},\"image\":{\"@id\":\"https:\\\/\\\/www.laguiadepamplona.com\\\/actualidad\\\/aumenta-un-69-la-cuantia-destinada-a-la-convocatoria-de-ayudas-a-entidades-para-la-organizacion-de-acontecimientos-o-espectaculos-fisico-deportivos\\\/#primaryimage\"},\"thumbnailUrl\":\"https:\\\/\\\/www.laguiadepamplona.com\\\/actualidad\\\/wp-content\\\/uploads\\\/2016\\\/11\\\/Ayto_Pamplona.jpg\",\"articleSection\":[\"Ayto Pamplona\"],\"inLanguage\":\"es\"},{\"@type\":\"WebPage\",\"@id\":\"https:\\\/\\\/www.laguiadepamplona.com\\\/actualidad\\\/aumenta-un-69-la-cuantia-destinada-a-la-convocatoria-de-ayudas-a-entidades-para-la-organizacion-de-acontecimientos-o-espectaculos-fisico-deportivos\\\/\",\"url\":\"https:\\\/\\\/www.laguiadepamplona.com\\\/actualidad\\\/aumenta-un-69-la-cuantia-destinada-a-la-convocatoria-de-ayudas-a-entidades-para-la-organizacion-de-acontecimientos-o-espectaculos-fisico-deportivos\\\/\",\"name\":\"Aumenta un 6,9% la cuant\u00eda destinada a la convocatoria de ayudas a entidades para la organizaci\u00f3n de acontecimientos o espect\u00e1culos f\u00edsico-deportivos\",\"isPartOf\":{\"@id\":\"https:\\\/\\\/www.laguiadepamplona.com\\\/actualidad\\\/#website\"},\"primaryImageOfPage\":{\"@id\":\"https:\\\/\\\/www.laguiadepamplona.com\\\/actualidad\\\/aumenta-un-69-la-cuantia-destinada-a-la-convocatoria-de-ayudas-a-entidades-para-la-organizacion-de-acontecimientos-o-espectaculos-fisico-deportivos\\\/#primaryimage\"},\"image\":{\"@id\":\"https:\\\/\\\/www.laguiadepamplona.com\\\/actualidad\\\/aumenta-un-69-la-cuantia-destinada-a-la-convocatoria-de-ayudas-a-entidades-para-la-organizacion-de-acontecimientos-o-espectaculos-fisico-deportivos\\\/#primaryimage\"},\"thumbnailUrl\":\"https:\\\/\\\/www.laguiadepamplona.com\\\/actualidad\\\/wp-content\\\/uploads\\\/2016\\\/11\\\/Ayto_Pamplona.jpg\",\"datePublished\":\"2017-03-13T15:09:36+00:00\",\"breadcrumb\":{\"@id\":\"https:\\\/\\\/www.laguiadepamplona.com\\\/actualidad\\\/aumenta-un-69-la-cuantia-destinada-a-la-convocatoria-de-ayudas-a-entidades-para-la-organizacion-de-acontecimientos-o-espectaculos-fisico-deportivos\\\/#breadcrumb\"},\"inLanguage\":\"es\",\"potentialAction\":[{\"@type\":\"ReadAction\",\"target\":[\"https:\\\/\\\/www.laguiadepamplona.com\\\/actualidad\\\/aumenta-un-69-la-cuantia-destinada-a-la-convocatoria-de-ayudas-a-entidades-para-la-organizacion-de-acontecimientos-o-espectaculos-fisico-deportivos\\\/\"]}]},{\"@type\":\"ImageObject\",\"inLanguage\":\"es\",\"@id\":\"https:\\\/\\\/www.laguiadepamplona.com\\\/actualidad\\\/aumenta-un-69-la-cuantia-destinada-a-la-convocatoria-de-ayudas-a-entidades-para-la-organizacion-de-acontecimientos-o-espectaculos-fisico-deportivos\\\/#primaryimage\",\"url\":\"https:\\\/\\\/www.laguiadepamplona.com\\\/actualidad\\\/wp-content\\\/uploads\\\/2016\\\/11\\\/Ayto_Pamplona.jpg\",\"contentUrl\":\"https:\\\/\\\/www.laguiadepamplona.com\\\/actualidad\\\/wp-content\\\/uploads\\\/2016\\\/11\\\/Ayto_Pamplona.jpg\",\"width\":900,\"height\":675},{\"@type\":\"BreadcrumbList\",\"@id\":\"https:\\\/\\\/www.laguiadepamplona.com\\\/actualidad\\\/aumenta-un-69-la-cuantia-destinada-a-la-convocatoria-de-ayudas-a-entidades-para-la-organizacion-de-acontecimientos-o-espectaculos-fisico-deportivos\\\/#breadcrumb\",\"itemListElement\":[{\"@type\":\"ListItem\",\"position\":1,\"name\":\"Portada\",\"item\":\"https:\\\/\\\/www.laguiadepamplona.com\\\/actualidad\\\/\"},{\"@type\":\"ListItem\",\"position\":2,\"name\":\"Aumenta un 6,9% la cuant\u00eda destinada a la convocatoria de ayudas a entidades para la organizaci\u00f3n de acontecimientos o espect\u00e1culos f\u00edsico-deportivos\"}]},{\"@type\":\"WebSite\",\"@id\":\"https:\\\/\\\/www.laguiadepamplona.com\\\/actualidad\\\/#website\",\"url\":\"https:\\\/\\\/www.laguiadepamplona.com\\\/actualidad\\\/\",\"name\":\"La gu\u00eda de Pamplona\",\"description\":\"Noticias de Pamplona\",\"publisher\":{\"@id\":\"https:\\\/\\\/www.laguiadepamplona.com\\\/actualidad\\\/#organization\"},\"potentialAction\":[{\"@type\":\"SearchAction\",\"target\":{\"@type\":\"EntryPoint\",\"urlTemplate\":\"https:\\\/\\\/www.laguiadepamplona.com\\\/actualidad\\\/?s={search_term_string}\"},\"query-input\":{\"@type\":\"PropertyValueSpecification\",\"valueRequired\":true,\"valueName\":\"search_term_string\"}}],\"inLanguage\":\"es\"},{\"@type\":\"Organization\",\"@id\":\"https:\\\/\\\/www.laguiadepamplona.com\\\/actualidad\\\/#organization\",\"name\":\"La Gu\u00eda de Pamplona \\\/ Noticias\",\"url\":\"https:\\\/\\\/www.laguiadepamplona.com\\\/actualidad\\\/\",\"logo\":{\"@type\":\"ImageObject\",\"inLanguage\":\"es\",\"@id\":\"https:\\\/\\\/www.laguiadepamplona.com\\\/actualidad\\\/#\\\/schema\\\/logo\\\/image\\\/\",\"url\":\"https:\\\/\\\/www.laguiadepamplona.com\\\/actualidad\\\/wp-content\\\/uploads\\\/2018\\\/11\\\/logo-laguiadepamplona18-web1.png\",\"contentUrl\":\"https:\\\/\\\/www.laguiadepamplona.com\\\/actualidad\\\/wp-content\\\/uploads\\\/2018\\\/11\\\/logo-laguiadepamplona18-web1.png\",\"width\":600,\"height\":196,\"caption\":\"La Gu\u00eda de Pamplona \\\/ Noticias\"},\"image\":{\"@id\":\"https:\\\/\\\/www.laguiadepamplona.com\\\/actualidad\\\/#\\\/schema\\\/logo\\\/image\\\/\"},\"sameAs\":[\"https:\\\/\\\/www.facebook.com\\\/laguiadepamplonacom-133175176762273\\\/?ref=hl\",\"https:\\\/\\\/x.com\\\/LaGuiadPamplona\",\"https:\\\/\\\/www.instagram.com\\\/la_guia_de_pamplona\\\/\",\"https:\\\/\\\/www.youtube.com\\\/user\\\/laguiadepamplona\"]},{\"@type\":\"Person\",\"@id\":\"https:\\\/\\\/www.laguiadepamplona.com\\\/actualidad\\\/#\\\/schema\\\/person\\\/efe887376f0213d4657c93adc50b1fdb\",\"name\":\"La Gu\u00eda de Pamplona\",\"image\":{\"@type\":\"ImageObject\",\"inLanguage\":\"es\",\"@id\":\"https:\\\/\\\/secure.gravatar.com\\\/avatar\\\/b6992f131dc8d30ab0dff15446e9d346d9dbd95992de0fef795073f5ea83a81c?s=96&d=mm&r=g\",\"url\":\"https:\\\/\\\/secure.gravatar.com\\\/avatar\\\/b6992f131dc8d30ab0dff15446e9d346d9dbd95992de0fef795073f5ea83a81c?s=96&d=mm&r=g\",\"contentUrl\":\"https:\\\/\\\/secure.gravatar.com\\\/avatar\\\/b6992f131dc8d30ab0dff15446e9d346d9dbd95992de0fef795073f5ea83a81c?s=96&d=mm&r=g\",\"caption\":\"La Gu\u00eda de Pamplona\"}}]}<\/script>\n<!-- \/ Yoast SEO plugin. -->","yoast_head_json":{"title":"Aumenta un 6,9% la cuant\u00eda destinada a la convocatoria de ayudas a entidades para la organizaci\u00f3n de acontecimientos o espect\u00e1culos f\u00edsico-deportivos","robots":{"index":"index","follow":"follow","max-snippet":"max-snippet:-1","max-image-preview":"max-image-preview:large","max-video-preview":"max-video-preview:-1"},"canonical":"https:\/\/www.laguiadepamplona.com\/actualidad\/aumenta-un-69-la-cuantia-destinada-a-la-convocatoria-de-ayudas-a-entidades-para-la-organizacion-de-acontecimientos-o-espectaculos-fisico-deportivos\/","og_locale":"es_ES","og_type":"article","og_title":"Aumenta un 6,9% la cuant\u00eda destinada a la convocatoria de ayudas a entidades para la organizaci\u00f3n de acontecimientos o espect\u00e1culos f\u00edsico-deportivos","og_description":"La convocatoria municipal contar\u00e1 con 617.000 euros y se primar\u00e1 a las entidades que incorporen la perspectiva de g\u00e9nero","og_url":"https:\/\/www.laguiadepamplona.com\/actualidad\/aumenta-un-69-la-cuantia-destinada-a-la-convocatoria-de-ayudas-a-entidades-para-la-organizacion-de-acontecimientos-o-espectaculos-fisico-deportivos\/","og_site_name":"La Gu\u00eda de Pamplona","article_publisher":"https:\/\/www.facebook.com\/laguiadepamplonacom-133175176762273\/?ref=hl","article_published_time":"2017-03-13T15:09:36+00:00","og_image":[{"width":900,"height":675,"url":"https:\/\/www.laguiadepamplona.com\/actualidad\/wp-content\/uploads\/2016\/11\/Ayto_Pamplona.jpg","type":"image\/jpeg"}],"author":"La Gu\u00eda de Pamplona","twitter_card":"summary_large_image","twitter_creator":"@LaGuiadPamplona","twitter_site":"@LaGuiadPamplona","twitter_misc":{"Escrito por":"La Gu\u00eda de Pamplona","Tiempo de lectura":"5 minutos"},"schema":{"@context":"https:\/\/schema.org","@graph":[{"@type":"Article","@id":"https:\/\/www.laguiadepamplona.com\/actualidad\/aumenta-un-69-la-cuantia-destinada-a-la-convocatoria-de-ayudas-a-entidades-para-la-organizacion-de-acontecimientos-o-espectaculos-fisico-deportivos\/#article","isPartOf":{"@id":"https:\/\/www.laguiadepamplona.com\/actualidad\/aumenta-un-69-la-cuantia-destinada-a-la-convocatoria-de-ayudas-a-entidades-para-la-organizacion-de-acontecimientos-o-espectaculos-fisico-deportivos\/"},"author":{"name":"La Gu\u00eda de Pamplona","@id":"https:\/\/www.laguiadepamplona.com\/actualidad\/#\/schema\/person\/efe887376f0213d4657c93adc50b1fdb"},"headline":"Aumenta un 6,9% la cuant\u00eda destinada a la convocatoria de ayudas a entidades para la organizaci\u00f3n de acontecimientos o espect\u00e1culos f\u00edsico-deportivos","datePublished":"2017-03-13T15:09:36+00:00","mainEntityOfPage":{"@id":"https:\/\/www.laguiadepamplona.com\/actualidad\/aumenta-un-69-la-cuantia-destinada-a-la-convocatoria-de-ayudas-a-entidades-para-la-organizacion-de-acontecimientos-o-espectaculos-fisico-deportivos\/"},"wordCount":990,"publisher":{"@id":"https:\/\/www.laguiadepamplona.com\/actualidad\/#organization"},"image":{"@id":"https:\/\/www.laguiadepamplona.com\/actualidad\/aumenta-un-69-la-cuantia-destinada-a-la-convocatoria-de-ayudas-a-entidades-para-la-organizacion-de-acontecimientos-o-espectaculos-fisico-deportivos\/#primaryimage"},"thumbnailUrl":"https:\/\/www.laguiadepamplona.com\/actualidad\/wp-content\/uploads\/2016\/11\/Ayto_Pamplona.jpg","articleSection":["Ayto Pamplona"],"inLanguage":"es"},{"@type":"WebPage","@id":"https:\/\/www.laguiadepamplona.com\/actualidad\/aumenta-un-69-la-cuantia-destinada-a-la-convocatoria-de-ayudas-a-entidades-para-la-organizacion-de-acontecimientos-o-espectaculos-fisico-deportivos\/","url":"https:\/\/www.laguiadepamplona.com\/actualidad\/aumenta-un-69-la-cuantia-destinada-a-la-convocatoria-de-ayudas-a-entidades-para-la-organizacion-de-acontecimientos-o-espectaculos-fisico-deportivos\/","name":"Aumenta un 6,9% la cuant\u00eda destinada a la convocatoria de ayudas a entidades para la organizaci\u00f3n de acontecimientos o espect\u00e1culos f\u00edsico-deportivos","isPartOf":{"@id":"https:\/\/www.laguiadepamplona.com\/actualidad\/#website"},"primaryImageOfPage":{"@id":"https:\/\/www.laguiadepamplona.com\/actualidad\/aumenta-un-69-la-cuantia-destinada-a-la-convocatoria-de-ayudas-a-entidades-para-la-organizacion-de-acontecimientos-o-espectaculos-fisico-deportivos\/#primaryimage"},"image":{"@id":"https:\/\/www.laguiadepamplona.com\/actualidad\/aumenta-un-69-la-cuantia-destinada-a-la-convocatoria-de-ayudas-a-entidades-para-la-organizacion-de-acontecimientos-o-espectaculos-fisico-deportivos\/#primaryimage"},"thumbnailUrl":"https:\/\/www.laguiadepamplona.com\/actualidad\/wp-content\/uploads\/2016\/11\/Ayto_Pamplona.jpg","datePublished":"2017-03-13T15:09:36+00:00","breadcrumb":{"@id":"https:\/\/www.laguiadepamplona.com\/actualidad\/aumenta-un-69-la-cuantia-destinada-a-la-convocatoria-de-ayudas-a-entidades-para-la-organizacion-de-acontecimientos-o-espectaculos-fisico-deportivos\/#breadcrumb"},"inLanguage":"es","potentialAction":[{"@type":"ReadAction","target":["https:\/\/www.laguiadepamplona.com\/actualidad\/aumenta-un-69-la-cuantia-destinada-a-la-convocatoria-de-ayudas-a-entidades-para-la-organizacion-de-acontecimientos-o-espectaculos-fisico-deportivos\/"]}]},{"@type":"ImageObject","inLanguage":"es","@id":"https:\/\/www.laguiadepamplona.com\/actualidad\/aumenta-un-69-la-cuantia-destinada-a-la-convocatoria-de-ayudas-a-entidades-para-la-organizacion-de-acontecimientos-o-espectaculos-fisico-deportivos\/#primaryimage","url":"https:\/\/www.laguiadepamplona.com\/actualidad\/wp-content\/uploads\/2016\/11\/Ayto_Pamplona.jpg","contentUrl":"https:\/\/www.laguiadepamplona.com\/actualidad\/wp-content\/uploads\/2016\/11\/Ayto_Pamplona.jpg","width":900,"height":675},{"@type":"BreadcrumbList","@id":"https:\/\/www.laguiadepamplona.com\/actualidad\/aumenta-un-69-la-cuantia-destinada-a-la-convocatoria-de-ayudas-a-entidades-para-la-organizacion-de-acontecimientos-o-espectaculos-fisico-deportivos\/#breadcrumb","itemListElement":[{"@type":"ListItem","position":1,"name":"Portada","item":"https:\/\/www.laguiadepamplona.com\/actualidad\/"},{"@type":"ListItem","position":2,"name":"Aumenta un 6,9% la cuant\u00eda destinada a la convocatoria de ayudas a entidades para la organizaci\u00f3n de acontecimientos o espect\u00e1culos f\u00edsico-deportivos"}]},{"@type":"WebSite","@id":"https:\/\/www.laguiadepamplona.com\/actualidad\/#website","url":"https:\/\/www.laguiadepamplona.com\/actualidad\/","name":"La gu\u00eda de Pamplona","description":"Noticias de Pamplona","publisher":{"@id":"https:\/\/www.laguiadepamplona.com\/actualidad\/#organization"},"potentialAction":[{"@type":"SearchAction","target":{"@type":"EntryPoint","urlTemplate":"https:\/\/www.laguiadepamplona.com\/actualidad\/?s={search_term_string}"},"query-input":{"@type":"PropertyValueSpecification","valueRequired":true,"valueName":"search_term_string"}}],"inLanguage":"es"},{"@type":"Organization","@id":"https:\/\/www.laguiadepamplona.com\/actualidad\/#organization","name":"La Gu\u00eda de Pamplona \/ Noticias","url":"https:\/\/www.laguiadepamplona.com\/actualidad\/","logo":{"@type":"ImageObject","inLanguage":"es","@id":"https:\/\/www.laguiadepamplona.com\/actualidad\/#\/schema\/logo\/image\/","url":"https:\/\/www.laguiadepamplona.com\/actualidad\/wp-content\/uploads\/2018\/11\/logo-laguiadepamplona18-web1.png","contentUrl":"https:\/\/www.laguiadepamplona.com\/actualidad\/wp-content\/uploads\/2018\/11\/logo-laguiadepamplona18-web1.png","width":600,"height":196,"caption":"La Gu\u00eda de Pamplona \/ Noticias"},"image":{"@id":"https:\/\/www.laguiadepamplona.com\/actualidad\/#\/schema\/logo\/image\/"},"sameAs":["https:\/\/www.facebook.com\/laguiadepamplonacom-133175176762273\/?ref=hl","https:\/\/x.com\/LaGuiadPamplona","https:\/\/www.instagram.com\/la_guia_de_pamplona\/","https:\/\/www.youtube.com\/user\/laguiadepamplona"]},{"@type":"Person","@id":"https:\/\/www.laguiadepamplona.com\/actualidad\/#\/schema\/person\/efe887376f0213d4657c93adc50b1fdb","name":"La Gu\u00eda de Pamplona","image":{"@type":"ImageObject","inLanguage":"es","@id":"https:\/\/secure.gravatar.com\/avatar\/b6992f131dc8d30ab0dff15446e9d346d9dbd95992de0fef795073f5ea83a81c?s=96&d=mm&r=g","url":"https:\/\/secure.gravatar.com\/avatar\/b6992f131dc8d30ab0dff15446e9d346d9dbd95992de0fef795073f5ea83a81c?s=96&d=mm&r=g","contentUrl":"https:\/\/secure.gravatar.com\/avatar\/b6992f131dc8d30ab0dff15446e9d346d9dbd95992de0fef795073f5ea83a81c?s=96&d=mm&r=g","caption":"La Gu\u00eda de Pamplona"}}]}},"post_mailing_queue_ids":[],"_links":{"self":[{"href":"https:\/\/www.laguiadepamplona.com\/actualidad\/wp-json\/wp\/v2\/posts\/12230","targetHints":{"allow":["GET"]}}],"collection":[{"href":"https:\/\/www.laguiadepamplona.com\/actualidad\/wp-json\/wp\/v2\/posts"}],"about":[{"href":"https:\/\/www.laguiadepamplona.com\/actualidad\/wp-json\/wp\/v2\/types\/post"}],"author":[{"embeddable":true,"href":"https:\/\/www.laguiadepamplona.com\/actualidad\/wp-json\/wp\/v2\/users\/1"}],"replies":[{"embeddable":true,"href":"https:\/\/www.laguiadepamplona.com\/actualidad\/wp-json\/wp\/v2\/comments?post=12230"}],"version-history":[{"count":0,"href":"https:\/\/www.laguiadepamplona.com\/actualidad\/wp-json\/wp\/v2\/posts\/12230\/revisions"}],"wp:featuredmedia":[{"embeddable":true,"href":"https:\/\/www.laguiadepamplona.com\/actualidad\/wp-json\/wp\/v2\/media\/10979"}],"wp:attachment":[{"href":"https:\/\/www.laguiadepamplona.com\/actualidad\/wp-json\/wp\/v2\/media?parent=12230"}],"wp:term":[{"taxonomy":"category","embeddable":true,"href":"https:\/\/www.laguiadepamplona.com\/actualidad\/wp-json\/wp\/v2\/categories?post=12230"},{"taxonomy":"post_tag","embeddable":true,"href":"https:\/\/www.laguiadepamplona.com\/actualidad\/wp-json\/wp\/v2\/tags?post=12230"}],"curies":[{"name":"wp","href":"https:\/\/api.w.org\/{rel}","templated":true}]}}