{"id":12224,"date":"2017-03-13T14:25:32","date_gmt":"2017-03-13T13:25:32","guid":{"rendered":"http:\/\/laguiadepamplona.es\/actualidad\/?p=12224"},"modified":"2017-03-13T14:26:01","modified_gmt":"2017-03-13T13:26:01","slug":"aprobada-una-declaracion-de-rechazo-a-los-contenidos-del-programa-de-television-euskaduna-naiz-eta-zu","status":"publish","type":"post","link":"https:\/\/www.laguiadepamplona.com\/actualidad\/aprobada-una-declaracion-de-rechazo-a-los-contenidos-del-programa-de-television-euskaduna-naiz-eta-zu\/","title":{"rendered":"Aprobada una declaraci\u00f3n de rechazo a los contenidos del programa de televisi\u00f3n Euskaduna naiz, eta zu?"},"content":{"rendered":"<h3>La Comisi\u00f3n de Presidencia ha aprobado una declaraci\u00f3n en la que el Ayuntamiento de Pamplona \u201cexpresa su rechazo a los contenidos del programa <em>Euskaduna naiz, eta zu?\u201d<\/em>, emitido por EITB, \u201cporque han resultado ofensivos para personas y colectivos por su sentimiento de identidad espa\u00f1ola\u201d.<\/h3>\n<p><!--more--><\/p>\n<p>La declaraci\u00f3n, aprobada con 6 votos a favor y 4 abstenciones, \u201creconoce como algo positivo las disculpas p\u00fablicas de EITB y de algunas personas participantes, as\u00ed como la retirada del programa\u201d. Asimismo, el\u00a0 Ayuntamiento \u201cdenuncia los innumerables mensajes publicitarios, opiniones y programas que se emiten tanto en los medios de comunicaci\u00f3n p\u00fablicos como privados y que ridiculizan y ofenden continuamente sentimientos identitarios de distintas comunidades y pa\u00edses, identidades de raza, de g\u00e9nero, de religi\u00f3n y de culturas, reproduciendo sin control multitud de estereotipos que atentan contra las libertades individuales y los Derechos Humanos\u201d.<\/p>\n<p>Tambi\u00e9n, el Ayuntamiento \u201cexige de las instituciones p\u00fablicas competentes un control estricto para hacer cumplir la normativa vigente en cuanto a los contenidos de los medios de comunicaci\u00f3n, tanto p\u00fablicos como privados\u201d.<\/p>\n<p>Por \u00faltimo, el Consistorio \u201cexige de las instituciones p\u00fablicas el compromiso necesario para que los medios de comunicaci\u00f3n p\u00fablicos se puedan desarrollar de acuerdo con los principios que les definen: independencia, universalidad, duversidad y especificidad y respondan a los objetivos de dar informaci\u00f3n imparcial, plural y diversa, ofrecer entretenimiento de calidad y avanzar en la cohesi\u00f3n social\u201d.<\/p>\n<p><a href=\"http:\/\/laguiadepamplona.es\/actualidad\/wp-content\/uploads\/2017\/03\/declaracion_programa_eitb.pdf\" target=\"_blank\">declaracion_programa_eitb.pdf<\/a><\/p>\n","protected":false},"excerpt":{"rendered":"<p>La Comisi\u00f3n de Presidencia ha aprobado una declaraci\u00f3n en la que el Ayuntamiento de Pamplona \u201cexpresa su rechazo a los contenidos del programa Euskaduna naiz, eta zu?\u201d, emitido por EITB,&#8230;<\/p>\n","protected":false},"author":1,"featured_media":10979,"comment_status":"closed","ping_status":"closed","sticky":false,"template":"","format":"standard","meta":{"footnotes":""},"categories":[2],"tags":[],"class_list":["post-12224","post","type-post","status-publish","format-standard","has-post-thumbnail","hentry","category-ayuntamiento-pamplona"],"yoast_head":"<!-- This site is optimized with the Yoast SEO plugin v27.3 - https:\/\/yoast.com\/product\/yoast-seo-wordpress\/ -->\n<title>Aprobada una declaraci\u00f3n de rechazo a los contenidos del programa de televisi\u00f3n Euskaduna naiz, eta zu?<\/title>\n<meta name=\"robots\" content=\"index, follow, max-snippet:-1, max-image-preview:large, max-video-preview:-1\" \/>\n<link rel=\"canonical\" href=\"https:\/\/www.laguiadepamplona.com\/actualidad\/aprobada-una-declaracion-de-rechazo-a-los-contenidos-del-programa-de-television-euskaduna-naiz-eta-zu\/\" \/>\n<meta property=\"og:locale\" content=\"es_ES\" \/>\n<meta property=\"og:type\" content=\"article\" \/>\n<meta property=\"og:title\" content=\"Aprobada una declaraci\u00f3n de rechazo a los contenidos del programa de televisi\u00f3n Euskaduna naiz, eta zu?\" \/>\n<meta property=\"og:description\" content=\"La Comisi\u00f3n de Presidencia ha aprobado una declaraci\u00f3n en la que el Ayuntamiento de Pamplona \u201cexpresa su rechazo a los contenidos del programa Euskaduna naiz, eta zu?\u201d, emitido por EITB,...\" \/>\n<meta property=\"og:url\" content=\"https:\/\/www.laguiadepamplona.com\/actualidad\/aprobada-una-declaracion-de-rechazo-a-los-contenidos-del-programa-de-television-euskaduna-naiz-eta-zu\/\" \/>\n<meta property=\"og:site_name\" content=\"La Gu\u00eda de Pamplona\" \/>\n<meta property=\"article:publisher\" content=\"https:\/\/www.facebook.com\/laguiadepamplonacom-133175176762273\/?ref=hl\" \/>\n<meta property=\"article:published_time\" content=\"2017-03-13T13:25:32+00:00\" \/>\n<meta property=\"article:modified_time\" content=\"2017-03-13T13:26:01+00:00\" \/>\n<meta property=\"og:image\" content=\"https:\/\/www.laguiadepamplona.com\/actualidad\/wp-content\/uploads\/2016\/11\/Ayto_Pamplona.jpg\" \/>\n\t<meta property=\"og:image:width\" content=\"900\" \/>\n\t<meta property=\"og:image:height\" content=\"675\" \/>\n\t<meta property=\"og:image:type\" content=\"image\/jpeg\" \/>\n<meta name=\"author\" content=\"La Gu\u00eda de Pamplona\" \/>\n<meta name=\"twitter:card\" content=\"summary_large_image\" \/>\n<meta name=\"twitter:creator\" content=\"@LaGuiadPamplona\" \/>\n<meta name=\"twitter:site\" content=\"@LaGuiadPamplona\" \/>\n<meta name=\"twitter:label1\" content=\"Escrito por\" \/>\n\t<meta name=\"twitter:data1\" content=\"La Gu\u00eda de Pamplona\" \/>\n\t<meta name=\"twitter:label2\" content=\"Tiempo de lectura\" \/>\n\t<meta name=\"twitter:data2\" content=\"1 minuto\" \/>\n<script type=\"application\/ld+json\" class=\"yoast-schema-graph\">{\"@context\":\"https:\\\/\\\/schema.org\",\"@graph\":[{\"@type\":\"Article\",\"@id\":\"https:\\\/\\\/www.laguiadepamplona.com\\\/actualidad\\\/aprobada-una-declaracion-de-rechazo-a-los-contenidos-del-programa-de-television-euskaduna-naiz-eta-zu\\\/#article\",\"isPartOf\":{\"@id\":\"https:\\\/\\\/www.laguiadepamplona.com\\\/actualidad\\\/aprobada-una-declaracion-de-rechazo-a-los-contenidos-del-programa-de-television-euskaduna-naiz-eta-zu\\\/\"},\"author\":{\"name\":\"La Gu\u00eda de Pamplona\",\"@id\":\"https:\\\/\\\/www.laguiadepamplona.com\\\/actualidad\\\/#\\\/schema\\\/person\\\/efe887376f0213d4657c93adc50b1fdb\"},\"headline\":\"Aprobada una declaraci\u00f3n de rechazo a los contenidos del programa de televisi\u00f3n Euskaduna naiz, eta zu?\",\"datePublished\":\"2017-03-13T13:25:32+00:00\",\"dateModified\":\"2017-03-13T13:26:01+00:00\",\"mainEntityOfPage\":{\"@id\":\"https:\\\/\\\/www.laguiadepamplona.com\\\/actualidad\\\/aprobada-una-declaracion-de-rechazo-a-los-contenidos-del-programa-de-television-euskaduna-naiz-eta-zu\\\/\"},\"wordCount\":265,\"publisher\":{\"@id\":\"https:\\\/\\\/www.laguiadepamplona.com\\\/actualidad\\\/#organization\"},\"image\":{\"@id\":\"https:\\\/\\\/www.laguiadepamplona.com\\\/actualidad\\\/aprobada-una-declaracion-de-rechazo-a-los-contenidos-del-programa-de-television-euskaduna-naiz-eta-zu\\\/#primaryimage\"},\"thumbnailUrl\":\"https:\\\/\\\/www.laguiadepamplona.com\\\/actualidad\\\/wp-content\\\/uploads\\\/2016\\\/11\\\/Ayto_Pamplona.jpg\",\"articleSection\":[\"Ayto Pamplona\"],\"inLanguage\":\"es\"},{\"@type\":\"WebPage\",\"@id\":\"https:\\\/\\\/www.laguiadepamplona.com\\\/actualidad\\\/aprobada-una-declaracion-de-rechazo-a-los-contenidos-del-programa-de-television-euskaduna-naiz-eta-zu\\\/\",\"url\":\"https:\\\/\\\/www.laguiadepamplona.com\\\/actualidad\\\/aprobada-una-declaracion-de-rechazo-a-los-contenidos-del-programa-de-television-euskaduna-naiz-eta-zu\\\/\",\"name\":\"Aprobada una declaraci\u00f3n de rechazo a los contenidos del programa de televisi\u00f3n Euskaduna naiz, eta zu?\",\"isPartOf\":{\"@id\":\"https:\\\/\\\/www.laguiadepamplona.com\\\/actualidad\\\/#website\"},\"primaryImageOfPage\":{\"@id\":\"https:\\\/\\\/www.laguiadepamplona.com\\\/actualidad\\\/aprobada-una-declaracion-de-rechazo-a-los-contenidos-del-programa-de-television-euskaduna-naiz-eta-zu\\\/#primaryimage\"},\"image\":{\"@id\":\"https:\\\/\\\/www.laguiadepamplona.com\\\/actualidad\\\/aprobada-una-declaracion-de-rechazo-a-los-contenidos-del-programa-de-television-euskaduna-naiz-eta-zu\\\/#primaryimage\"},\"thumbnailUrl\":\"https:\\\/\\\/www.laguiadepamplona.com\\\/actualidad\\\/wp-content\\\/uploads\\\/2016\\\/11\\\/Ayto_Pamplona.jpg\",\"datePublished\":\"2017-03-13T13:25:32+00:00\",\"dateModified\":\"2017-03-13T13:26:01+00:00\",\"breadcrumb\":{\"@id\":\"https:\\\/\\\/www.laguiadepamplona.com\\\/actualidad\\\/aprobada-una-declaracion-de-rechazo-a-los-contenidos-del-programa-de-television-euskaduna-naiz-eta-zu\\\/#breadcrumb\"},\"inLanguage\":\"es\",\"potentialAction\":[{\"@type\":\"ReadAction\",\"target\":[\"https:\\\/\\\/www.laguiadepamplona.com\\\/actualidad\\\/aprobada-una-declaracion-de-rechazo-a-los-contenidos-del-programa-de-television-euskaduna-naiz-eta-zu\\\/\"]}]},{\"@type\":\"ImageObject\",\"inLanguage\":\"es\",\"@id\":\"https:\\\/\\\/www.laguiadepamplona.com\\\/actualidad\\\/aprobada-una-declaracion-de-rechazo-a-los-contenidos-del-programa-de-television-euskaduna-naiz-eta-zu\\\/#primaryimage\",\"url\":\"https:\\\/\\\/www.laguiadepamplona.com\\\/actualidad\\\/wp-content\\\/uploads\\\/2016\\\/11\\\/Ayto_Pamplona.jpg\",\"contentUrl\":\"https:\\\/\\\/www.laguiadepamplona.com\\\/actualidad\\\/wp-content\\\/uploads\\\/2016\\\/11\\\/Ayto_Pamplona.jpg\",\"width\":900,\"height\":675},{\"@type\":\"BreadcrumbList\",\"@id\":\"https:\\\/\\\/www.laguiadepamplona.com\\\/actualidad\\\/aprobada-una-declaracion-de-rechazo-a-los-contenidos-del-programa-de-television-euskaduna-naiz-eta-zu\\\/#breadcrumb\",\"itemListElement\":[{\"@type\":\"ListItem\",\"position\":1,\"name\":\"Portada\",\"item\":\"https:\\\/\\\/www.laguiadepamplona.com\\\/actualidad\\\/\"},{\"@type\":\"ListItem\",\"position\":2,\"name\":\"Aprobada una declaraci\u00f3n de rechazo a los contenidos del programa de televisi\u00f3n Euskaduna naiz, eta zu?\"}]},{\"@type\":\"WebSite\",\"@id\":\"https:\\\/\\\/www.laguiadepamplona.com\\\/actualidad\\\/#website\",\"url\":\"https:\\\/\\\/www.laguiadepamplona.com\\\/actualidad\\\/\",\"name\":\"La gu\u00eda de Pamplona\",\"description\":\"Noticias de Pamplona\",\"publisher\":{\"@id\":\"https:\\\/\\\/www.laguiadepamplona.com\\\/actualidad\\\/#organization\"},\"potentialAction\":[{\"@type\":\"SearchAction\",\"target\":{\"@type\":\"EntryPoint\",\"urlTemplate\":\"https:\\\/\\\/www.laguiadepamplona.com\\\/actualidad\\\/?s={search_term_string}\"},\"query-input\":{\"@type\":\"PropertyValueSpecification\",\"valueRequired\":true,\"valueName\":\"search_term_string\"}}],\"inLanguage\":\"es\"},{\"@type\":\"Organization\",\"@id\":\"https:\\\/\\\/www.laguiadepamplona.com\\\/actualidad\\\/#organization\",\"name\":\"La Gu\u00eda de Pamplona \\\/ Noticias\",\"url\":\"https:\\\/\\\/www.laguiadepamplona.com\\\/actualidad\\\/\",\"logo\":{\"@type\":\"ImageObject\",\"inLanguage\":\"es\",\"@id\":\"https:\\\/\\\/www.laguiadepamplona.com\\\/actualidad\\\/#\\\/schema\\\/logo\\\/image\\\/\",\"url\":\"https:\\\/\\\/www.laguiadepamplona.com\\\/actualidad\\\/wp-content\\\/uploads\\\/2018\\\/11\\\/logo-laguiadepamplona18-web1.png\",\"contentUrl\":\"https:\\\/\\\/www.laguiadepamplona.com\\\/actualidad\\\/wp-content\\\/uploads\\\/2018\\\/11\\\/logo-laguiadepamplona18-web1.png\",\"width\":600,\"height\":196,\"caption\":\"La Gu\u00eda de Pamplona \\\/ Noticias\"},\"image\":{\"@id\":\"https:\\\/\\\/www.laguiadepamplona.com\\\/actualidad\\\/#\\\/schema\\\/logo\\\/image\\\/\"},\"sameAs\":[\"https:\\\/\\\/www.facebook.com\\\/laguiadepamplonacom-133175176762273\\\/?ref=hl\",\"https:\\\/\\\/x.com\\\/LaGuiadPamplona\",\"https:\\\/\\\/www.instagram.com\\\/la_guia_de_pamplona\\\/\",\"https:\\\/\\\/www.youtube.com\\\/user\\\/laguiadepamplona\"]},{\"@type\":\"Person\",\"@id\":\"https:\\\/\\\/www.laguiadepamplona.com\\\/actualidad\\\/#\\\/schema\\\/person\\\/efe887376f0213d4657c93adc50b1fdb\",\"name\":\"La Gu\u00eda de Pamplona\",\"image\":{\"@type\":\"ImageObject\",\"inLanguage\":\"es\",\"@id\":\"https:\\\/\\\/secure.gravatar.com\\\/avatar\\\/b6992f131dc8d30ab0dff15446e9d346d9dbd95992de0fef795073f5ea83a81c?s=96&d=mm&r=g\",\"url\":\"https:\\\/\\\/secure.gravatar.com\\\/avatar\\\/b6992f131dc8d30ab0dff15446e9d346d9dbd95992de0fef795073f5ea83a81c?s=96&d=mm&r=g\",\"contentUrl\":\"https:\\\/\\\/secure.gravatar.com\\\/avatar\\\/b6992f131dc8d30ab0dff15446e9d346d9dbd95992de0fef795073f5ea83a81c?s=96&d=mm&r=g\",\"caption\":\"La Gu\u00eda de Pamplona\"}}]}<\/script>\n<!-- \/ Yoast SEO plugin. -->","yoast_head_json":{"title":"Aprobada una declaraci\u00f3n de rechazo a los contenidos del programa de televisi\u00f3n Euskaduna naiz, eta zu?","robots":{"index":"index","follow":"follow","max-snippet":"max-snippet:-1","max-image-preview":"max-image-preview:large","max-video-preview":"max-video-preview:-1"},"canonical":"https:\/\/www.laguiadepamplona.com\/actualidad\/aprobada-una-declaracion-de-rechazo-a-los-contenidos-del-programa-de-television-euskaduna-naiz-eta-zu\/","og_locale":"es_ES","og_type":"article","og_title":"Aprobada una declaraci\u00f3n de rechazo a los contenidos del programa de televisi\u00f3n Euskaduna naiz, eta zu?","og_description":"La Comisi\u00f3n de Presidencia ha aprobado una declaraci\u00f3n en la que el Ayuntamiento de Pamplona \u201cexpresa su rechazo a los contenidos del programa Euskaduna naiz, eta zu?\u201d, emitido por EITB,...","og_url":"https:\/\/www.laguiadepamplona.com\/actualidad\/aprobada-una-declaracion-de-rechazo-a-los-contenidos-del-programa-de-television-euskaduna-naiz-eta-zu\/","og_site_name":"La Gu\u00eda de Pamplona","article_publisher":"https:\/\/www.facebook.com\/laguiadepamplonacom-133175176762273\/?ref=hl","article_published_time":"2017-03-13T13:25:32+00:00","article_modified_time":"2017-03-13T13:26:01+00:00","og_image":[{"width":900,"height":675,"url":"https:\/\/www.laguiadepamplona.com\/actualidad\/wp-content\/uploads\/2016\/11\/Ayto_Pamplona.jpg","type":"image\/jpeg"}],"author":"La Gu\u00eda de Pamplona","twitter_card":"summary_large_image","twitter_creator":"@LaGuiadPamplona","twitter_site":"@LaGuiadPamplona","twitter_misc":{"Escrito por":"La Gu\u00eda de Pamplona","Tiempo de lectura":"1 minuto"},"schema":{"@context":"https:\/\/schema.org","@graph":[{"@type":"Article","@id":"https:\/\/www.laguiadepamplona.com\/actualidad\/aprobada-una-declaracion-de-rechazo-a-los-contenidos-del-programa-de-television-euskaduna-naiz-eta-zu\/#article","isPartOf":{"@id":"https:\/\/www.laguiadepamplona.com\/actualidad\/aprobada-una-declaracion-de-rechazo-a-los-contenidos-del-programa-de-television-euskaduna-naiz-eta-zu\/"},"author":{"name":"La Gu\u00eda de Pamplona","@id":"https:\/\/www.laguiadepamplona.com\/actualidad\/#\/schema\/person\/efe887376f0213d4657c93adc50b1fdb"},"headline":"Aprobada una declaraci\u00f3n de rechazo a los contenidos del programa de televisi\u00f3n Euskaduna naiz, eta zu?","datePublished":"2017-03-13T13:25:32+00:00","dateModified":"2017-03-13T13:26:01+00:00","mainEntityOfPage":{"@id":"https:\/\/www.laguiadepamplona.com\/actualidad\/aprobada-una-declaracion-de-rechazo-a-los-contenidos-del-programa-de-television-euskaduna-naiz-eta-zu\/"},"wordCount":265,"publisher":{"@id":"https:\/\/www.laguiadepamplona.com\/actualidad\/#organization"},"image":{"@id":"https:\/\/www.laguiadepamplona.com\/actualidad\/aprobada-una-declaracion-de-rechazo-a-los-contenidos-del-programa-de-television-euskaduna-naiz-eta-zu\/#primaryimage"},"thumbnailUrl":"https:\/\/www.laguiadepamplona.com\/actualidad\/wp-content\/uploads\/2016\/11\/Ayto_Pamplona.jpg","articleSection":["Ayto Pamplona"],"inLanguage":"es"},{"@type":"WebPage","@id":"https:\/\/www.laguiadepamplona.com\/actualidad\/aprobada-una-declaracion-de-rechazo-a-los-contenidos-del-programa-de-television-euskaduna-naiz-eta-zu\/","url":"https:\/\/www.laguiadepamplona.com\/actualidad\/aprobada-una-declaracion-de-rechazo-a-los-contenidos-del-programa-de-television-euskaduna-naiz-eta-zu\/","name":"Aprobada una declaraci\u00f3n de rechazo a los contenidos del programa de televisi\u00f3n Euskaduna naiz, eta zu?","isPartOf":{"@id":"https:\/\/www.laguiadepamplona.com\/actualidad\/#website"},"primaryImageOfPage":{"@id":"https:\/\/www.laguiadepamplona.com\/actualidad\/aprobada-una-declaracion-de-rechazo-a-los-contenidos-del-programa-de-television-euskaduna-naiz-eta-zu\/#primaryimage"},"image":{"@id":"https:\/\/www.laguiadepamplona.com\/actualidad\/aprobada-una-declaracion-de-rechazo-a-los-contenidos-del-programa-de-television-euskaduna-naiz-eta-zu\/#primaryimage"},"thumbnailUrl":"https:\/\/www.laguiadepamplona.com\/actualidad\/wp-content\/uploads\/2016\/11\/Ayto_Pamplona.jpg","datePublished":"2017-03-13T13:25:32+00:00","dateModified":"2017-03-13T13:26:01+00:00","breadcrumb":{"@id":"https:\/\/www.laguiadepamplona.com\/actualidad\/aprobada-una-declaracion-de-rechazo-a-los-contenidos-del-programa-de-television-euskaduna-naiz-eta-zu\/#breadcrumb"},"inLanguage":"es","potentialAction":[{"@type":"ReadAction","target":["https:\/\/www.laguiadepamplona.com\/actualidad\/aprobada-una-declaracion-de-rechazo-a-los-contenidos-del-programa-de-television-euskaduna-naiz-eta-zu\/"]}]},{"@type":"ImageObject","inLanguage":"es","@id":"https:\/\/www.laguiadepamplona.com\/actualidad\/aprobada-una-declaracion-de-rechazo-a-los-contenidos-del-programa-de-television-euskaduna-naiz-eta-zu\/#primaryimage","url":"https:\/\/www.laguiadepamplona.com\/actualidad\/wp-content\/uploads\/2016\/11\/Ayto_Pamplona.jpg","contentUrl":"https:\/\/www.laguiadepamplona.com\/actualidad\/wp-content\/uploads\/2016\/11\/Ayto_Pamplona.jpg","width":900,"height":675},{"@type":"BreadcrumbList","@id":"https:\/\/www.laguiadepamplona.com\/actualidad\/aprobada-una-declaracion-de-rechazo-a-los-contenidos-del-programa-de-television-euskaduna-naiz-eta-zu\/#breadcrumb","itemListElement":[{"@type":"ListItem","position":1,"name":"Portada","item":"https:\/\/www.laguiadepamplona.com\/actualidad\/"},{"@type":"ListItem","position":2,"name":"Aprobada una declaraci\u00f3n de rechazo a los contenidos del programa de televisi\u00f3n Euskaduna naiz, eta zu?"}]},{"@type":"WebSite","@id":"https:\/\/www.laguiadepamplona.com\/actualidad\/#website","url":"https:\/\/www.laguiadepamplona.com\/actualidad\/","name":"La gu\u00eda de Pamplona","description":"Noticias de Pamplona","publisher":{"@id":"https:\/\/www.laguiadepamplona.com\/actualidad\/#organization"},"potentialAction":[{"@type":"SearchAction","target":{"@type":"EntryPoint","urlTemplate":"https:\/\/www.laguiadepamplona.com\/actualidad\/?s={search_term_string}"},"query-input":{"@type":"PropertyValueSpecification","valueRequired":true,"valueName":"search_term_string"}}],"inLanguage":"es"},{"@type":"Organization","@id":"https:\/\/www.laguiadepamplona.com\/actualidad\/#organization","name":"La Gu\u00eda de Pamplona \/ Noticias","url":"https:\/\/www.laguiadepamplona.com\/actualidad\/","logo":{"@type":"ImageObject","inLanguage":"es","@id":"https:\/\/www.laguiadepamplona.com\/actualidad\/#\/schema\/logo\/image\/","url":"https:\/\/www.laguiadepamplona.com\/actualidad\/wp-content\/uploads\/2018\/11\/logo-laguiadepamplona18-web1.png","contentUrl":"https:\/\/www.laguiadepamplona.com\/actualidad\/wp-content\/uploads\/2018\/11\/logo-laguiadepamplona18-web1.png","width":600,"height":196,"caption":"La Gu\u00eda de Pamplona \/ Noticias"},"image":{"@id":"https:\/\/www.laguiadepamplona.com\/actualidad\/#\/schema\/logo\/image\/"},"sameAs":["https:\/\/www.facebook.com\/laguiadepamplonacom-133175176762273\/?ref=hl","https:\/\/x.com\/LaGuiadPamplona","https:\/\/www.instagram.com\/la_guia_de_pamplona\/","https:\/\/www.youtube.com\/user\/laguiadepamplona"]},{"@type":"Person","@id":"https:\/\/www.laguiadepamplona.com\/actualidad\/#\/schema\/person\/efe887376f0213d4657c93adc50b1fdb","name":"La Gu\u00eda de Pamplona","image":{"@type":"ImageObject","inLanguage":"es","@id":"https:\/\/secure.gravatar.com\/avatar\/b6992f131dc8d30ab0dff15446e9d346d9dbd95992de0fef795073f5ea83a81c?s=96&d=mm&r=g","url":"https:\/\/secure.gravatar.com\/avatar\/b6992f131dc8d30ab0dff15446e9d346d9dbd95992de0fef795073f5ea83a81c?s=96&d=mm&r=g","contentUrl":"https:\/\/secure.gravatar.com\/avatar\/b6992f131dc8d30ab0dff15446e9d346d9dbd95992de0fef795073f5ea83a81c?s=96&d=mm&r=g","caption":"La Gu\u00eda de Pamplona"}}]}},"post_mailing_queue_ids":[],"_links":{"self":[{"href":"https:\/\/www.laguiadepamplona.com\/actualidad\/wp-json\/wp\/v2\/posts\/12224","targetHints":{"allow":["GET"]}}],"collection":[{"href":"https:\/\/www.laguiadepamplona.com\/actualidad\/wp-json\/wp\/v2\/posts"}],"about":[{"href":"https:\/\/www.laguiadepamplona.com\/actualidad\/wp-json\/wp\/v2\/types\/post"}],"author":[{"embeddable":true,"href":"https:\/\/www.laguiadepamplona.com\/actualidad\/wp-json\/wp\/v2\/users\/1"}],"replies":[{"embeddable":true,"href":"https:\/\/www.laguiadepamplona.com\/actualidad\/wp-json\/wp\/v2\/comments?post=12224"}],"version-history":[{"count":0,"href":"https:\/\/www.laguiadepamplona.com\/actualidad\/wp-json\/wp\/v2\/posts\/12224\/revisions"}],"wp:featuredmedia":[{"embeddable":true,"href":"https:\/\/www.laguiadepamplona.com\/actualidad\/wp-json\/wp\/v2\/media\/10979"}],"wp:attachment":[{"href":"https:\/\/www.laguiadepamplona.com\/actualidad\/wp-json\/wp\/v2\/media?parent=12224"}],"wp:term":[{"taxonomy":"category","embeddable":true,"href":"https:\/\/www.laguiadepamplona.com\/actualidad\/wp-json\/wp\/v2\/categories?post=12224"},{"taxonomy":"post_tag","embeddable":true,"href":"https:\/\/www.laguiadepamplona.com\/actualidad\/wp-json\/wp\/v2\/tags?post=12224"}],"curies":[{"name":"wp","href":"https:\/\/api.w.org\/{rel}","templated":true}]}}