{"id":12220,"date":"2017-03-13T13:43:10","date_gmt":"2017-03-13T12:43:10","guid":{"rendered":"http:\/\/laguiadepamplona.es\/actualidad\/?p=12220"},"modified":"2017-03-13T13:43:10","modified_gmt":"2017-03-13T12:43:10","slug":"el-ayuntamiento-presenta-el-viernes-la-querella-contra-los-crimenes-del-franquismo-en-pamplona-centrandola-en-17-casos-de-los-que-4-se-suman-personalmente-a-la-denuncia","status":"publish","type":"post","link":"https:\/\/www.laguiadepamplona.com\/actualidad\/el-ayuntamiento-presenta-el-viernes-la-querella-contra-los-crimenes-del-franquismo-en-pamplona-centrandola-en-17-casos-de-los-que-4-se-suman-personalmente-a-la-denuncia\/","title":{"rendered":"El Ayuntamiento presenta el viernes la querella contra los cr\u00edmenes del franquismo en Pamplona, centr\u00e1ndola en 17 casos de los que 4 se suman personalmente a la denuncia"},"content":{"rendered":"<h3>Es la primera querella a nivel estatal que pide investigar los cr\u00edmenes contra la humanidad cometidos durante el franquismo en una ciudad<\/h3>\n<p><!--more--><\/p>\n<p>El Ayuntamiento de Pamplona interpondr\u00e1 este viernes, 17 de marzo, una querella ante el juzgado de instrucci\u00f3n de Pamplona en la que solicita la investigaci\u00f3n de hasta 309 muertes y m\u00e1s de 1.000 encarcelamientois durante la Guerra Civil y el franquismo en la ciudad. La querella, que plasma los compromisos adquiridos por el Consistorio a lo largo de los \u00faltimos meses, se centrar\u00e1 en 17 casos concretos, de los que cuatro, ya sea en primera persona o a trav\u00e9s de familiares, se adhieren personalmente a la denuncia que, por tanto, no ser\u00e1 \u00fanicamente del Ayuntamiento, sino que ser\u00e1 compartida.<\/p>\n<p>\u00c9sta ser\u00e1 la primera querella que se presentar\u00e1 a nivel estatal en la que se solicita investigar los cr\u00edmenes contra la humanidad cometidos en una ciudad durante el franquismo, tal y como han explicado esta ma\u00f1ana en rueda de prensa el alcalde de Pamplona, Joseba Asiron, que ha comparecido junto al director de la Oficina de Informaci\u00f3n sobre Memoria Hist\u00f3rica de la represi\u00f3n franquista en Pamplona, Emilio Majuelo, y la abogada, Lourdes Etxeberria.<\/p>\n<p><strong>Cr\u00edmenes de lesa humanidad<\/strong><\/p>\n<p>La calificaci\u00f3n jur\u00eddica de los hechos denunciados tiene en cuenta tanto la norma nacional como la internacional. Esto es, tipificaci\u00f3n de genocidio o crimen de lesa humanidad conforme a las normas internacionales e imposici\u00f3n de pena conforme al C\u00f3digo Penal interno que tipifica y sanciona el delito correspondiente, que puede ser asesinato, detenci\u00f3n ilegal, desaparici\u00f3n forzada, lesiones, torturas o agresi\u00f3n sexual. Dicha integraci\u00f3n de la norma internacional en el \u00e1mbito interno, seg\u00fan se ha explicado en la rueda de prensa, est\u00e1 plenamente legitimada y amparada en lo dispuesto por el art\u00edculo 96 de la Constituci\u00f3n.<\/p>\n<p>Los hechos objeto de denuncia mediante esta querella nunca han sido investigados penalmente por los tribunales de justicia del Estado espa\u00f1ol, \u201calgo que resulta absolutamente impropio de un Estado de Derecho y que le sit\u00faa en una clara posici\u00f3n de ilicitud internacional, de acuerdo a lo declarado en multitud de informes y resoluciones de diferentes mecanismos de las Naciones Unidas\u201d. Adem\u00e1s, constituyen cr\u00edmenes internacionales \u201ctal y como est\u00e1 expresamente contemplado en el art\u00edculo 5 del Estatuto de la Corte Penal Internacional (Estatuto de Roma) de 17 de julio de 1998, ratificado por Espa\u00f1a el 19 de octubre de 2000 y que entr\u00f3 en vigor el 1 de julio de 2002. A esta normativa se unen los principios de N\u00fcremberg de 1945 aprobados en el Congreso de Londres de ese a\u00f1o.<\/p>\n<p>Por tanto, se est\u00e1 \u201cante violaciones punibles de Derechos Humanos, actos cometidos por agentes del estado que lesionan una norma de protecci\u00f3n de un Derecho Humano y est\u00e1n recogidos como cr\u00edmenes en las normas de Derecho Internacional, tanto de car\u00e1cter convencional como consuetudinario\u201d.<\/p>\n<p><strong>Obligaci\u00f3n de los estados de garantizar los Derechos Humanos<\/strong><\/p>\n<p>Seg\u00fan ha explicado Lourdes Etxeberria, del despacho Arankoa, encargado de llevar el proceso, a partir de todo ello se puede formular el principio de \u201cinterdicci\u00f3n de la impunidad\u201d, la obligaci\u00f3n de todos los estados de remover todos los obst\u00e1culos f\u00e1cticos y jur\u00eddicos que impidan la investigaci\u00f3n, enjuiciamiento y, en su caso, condena de las violaciones masivas, sistem\u00e1ticas, planificadas y generalizadas de Derechos Humanos.<\/p>\n<p>Son numerosas las resoluciones y acuerdos de las Naciones Unidas que establecen la obligaci\u00f3n internacional del Estado de perseguir penalmente los cr\u00edmenes internacionales cometidos en su territorio. A t\u00edtulo de ejemplo se pueden citar los Principios de cooperaci\u00f3n internacional en la identificaci\u00f3n, detenci\u00f3n, extradici\u00f3n y castigo de los culpables de cr\u00edmenes de guerra o de cr\u00edmenes de lesa humanidad, aprobados el 3 de diciembre de 1973 mediante Resoluci\u00f3n 3074 (XXVIII) de la Asamblea General de las Naciones Unidas.<\/p>\n<p><strong>309 personas asesinadas y 1.014 encarceladas durante la \u00e9poca franquista en Pamplona<\/strong><\/p>\n<p>La querella se basa en el informe pericial encargado por el Ayuntamiento de Pamplona a la UPNA sobre la vulneraci\u00f3n de derechos humanos durante la Guerra Civil y el franquismo en Pamplona, informe que se elabor\u00f3 durante casi seis meses en los locales de la Oficina de la Memoria Hist\u00f3rica habilitados en la calle Mercaderes 11 en la que se han recogido testimonio y documentaci\u00f3n.<\/p>\n<p>Las conclusiones de ese informe, dadas a conocer en octubre del a\u00f1o pasado, confirmaron que\u00a0 309 pamploneses y pamplonesas fueron asesinados o muertos en cautividad durante el franquismo por razones pol\u00edticas, en la mayor\u00eda de los casos, sin juicio previo ni sentencia firme. En total, se tiene constancia de que fueron represaliadas y objeto de vulneraci\u00f3n de derechos humanos 1.310 personas en la ciudad, cifra que supone una primera aproximaci\u00f3n ya que existen otros 451 casos sobre los que se tiene noticia pero a\u00fan no se han podido validar y cientos m\u00e1s que, seg\u00fan el equipo de investigaci\u00f3n de la UPNA, saldr\u00e1n a la luz a ra\u00edz de la realizaci\u00f3n de este trabajo.<\/p>\n<p>El informe adem\u00e1s de asesinatos, muertes en cautividad, desplazamientos y encierros (que en conjunto suman un 85,58% de los casos comprobados), contabilizaba tambi\u00e9n testimonios sobre agresiones de g\u00e9nero, represi\u00f3n econ\u00f3mica y laboral, represi\u00f3n ling\u00fc\u00edstica y cultural y tortura y agresiones f\u00edsicas.<\/p>\n<p><strong>Cumplimiento de los acuerdos de Pleno<\/strong><\/p>\n<p>La interposici\u00f3n de esta denuncia viene a cumplir tambi\u00e9n con lo acordado en el Pleno del pasado 1 de diciembre en el que se aprob\u00f3 \u201cinterponer una querella criminal ante los Juzgados de Instrucci\u00f3n de Pamplona a efectos de que por parte de \u00e9stos se investiguen los cr\u00edmenes contra la humanidad cometidos por la dictadura franquista que afectaron a los vecinos y vecinas de esta ciudad de conformidad con el informe pericial elaborado por el \u2018Fondo Documental de la Memoria Hist\u00f3rica de la Represi\u00f3n en Navarra durante la guerra civil y el franquismo\u2019 (UPNA) y que ha determinado las circunstancias en que fueron perpetrados, qui\u00e9nes podr\u00edan ser sus responsables directos y mediatos para que, en su caso, se proceda a su imputaci\u00f3n, procesamiento, juicio y condena\u201d.<\/p>\n<p>En un segundo punto se aprobaba \u201cdar traslado del presente acuerdo a los servicios jur\u00eddicos del Ayuntamiento de Pamplona a los efectos de que determinen los procedimientos a seguir as\u00ed como los acuerdos a adoptar para hacer efectivo el ejercicio de las acciones penales que se podr\u00edan interponer ante los juzgados y tribunales del orden jurisdiccional penal tanto del \u00e1mbito de la Comunidad Foral como, en su caso, estatal e internacional\u201d.<\/p>\n<p>Este acuerdo se un\u00eda al aprobado el 27 de noviembre de 2015 en el que por primera vez el Consistorio mostraba oficialmente su \u00e1nimo de interponer una querella criminal antes los Juzgados de Instrucci\u00f3n de Pamplona para que se investigara los cr\u00edmenes contra la humanidad que afectaron a vecino y vecinas de la ciudad durante la dictadura franquista. La declaraci\u00f3n ped\u00eda tambi\u00e9n que se determinaran \u201clas circunstancias en que fueron perpetrados, qui\u00e9nes fueron sus responsables directos y mediatos y, en su caso, se proceda a su imputaci\u00f3n, procesamiento, juicio y condena\u201d. Asimismo, se acordaba iniciar \u201clos trabajos para su preparaci\u00f3n consistentes, b\u00e1sicamente, en la consolidaci\u00f3n del relato de hechos a trav\u00e9s de recabar testimonios y cualquier otro tipo de documentaci\u00f3n, as\u00ed como en la profundizaci\u00f3n en la argumentaci\u00f3n jur\u00eddica\u201d.<\/p>\n<p><strong>Pamplona impulsora de las querellas a nivel estatal<\/strong><\/p>\n<p>El Ayuntamiento de Pamplona organiz\u00f3 en octubre del a\u00f1o pasado una jornada para impulsar las querellas contra los cr\u00edmenes del franquismo a la que acudieron representantes municipales de los consistorios de Barcelona, Madrid, Zaragoza, A Coru\u00f1a, Vitoria-Gazteiz, C\u00e1diz y Rivas. En ella se constituy\u00f3 la Red de Ciudades por la Justicia y la Memoria. Esta red fue presentada el mes pasado en Madrid dentro del acto \u2018Ciudades por la justicia y la memoria\u2019, un encuentro organizado por CEAQUA (Coordinadora Estatal en Apoyo a la Querella Argentina).<\/p>\n<p>En una decisi\u00f3n tomada durante el encuentro de municipios de octubre, y para compartir su experiencia, el Consistorio de Pamplona ha creado una unidad de Red para que todos los ayuntamientos asociados puedan compartir informaci\u00f3n, documentos y metodolog\u00eda de trabajo, de cara a la presentaci\u00f3n de querellas criminales. La red est\u00e1 abierta a la adhesi\u00f3n de otros pueblos y ciudades y no se basa \u201cen af\u00e1n de revancha alguna, sino en la exigencia humana de Verdad, Justicia y Reparaci\u00f3n, algo reclamado durante mucho tiempo por la ciudadan\u00eda a la que nos debemos\u201d.<\/p>\n<p>&nbsp;<\/p>\n<p><strong>Nombres y apellidos de las 17 personas recogidas en la querella<\/strong><\/p>\n<ul>\n<li>Florencio Alfaro Zabalegui<\/li>\n<li>Gregorio Angulo Martinena<\/li>\n<li>Juan El\u00edas Ant\u00f3n Murguiondo<\/li>\n<li>Mart\u00edn Arbizu Go\u00f1i<\/li>\n<li>Pedro Belloso Garc\u00eda<\/li>\n<li>Gloria Bosque Ezquer<\/li>\n<li>Jos\u00e9 Luis Cano P\u00e9rez<\/li>\n<li>Corpus Dorronsoro Arteta<\/li>\n<li>Victorino Garc\u00eda Enciso<\/li>\n<li>Mois\u00e9s Garj\u00f3n Arostegui<\/li>\n<li>Juli\u00e1n Carlos Go\u00f1i Ziganda<\/li>\n<li>Jos\u00e9 Roa Garc\u00eda<\/li>\n<li>Mariano S\u00e1ez Morilla<\/li>\n<li>Tom\u00e1s Salinas Beorlegui<\/li>\n<li>\u00c1ngel Sanz Montero<\/li>\n<li>Amadeo Urla Aramburu<\/li>\n<li>Javier Urroz Dom\u00ednguez<\/li>\n<\/ul>\n<p>&nbsp;<\/p>\n<p><strong>Los cuatro casos que se suman a la querella<\/strong><\/p>\n<ul>\n<li>Gloria Bosque Ezquer (en nombre propio)<\/li>\n<li>Mois\u00e9s Garj\u00f3n Arostegui (se suman sus familiares)<\/li>\n<li>Jos\u00e9 Roa Garc\u00eda (se suman sus familiares)<\/li>\n<li>\u00c1ngel Sanz Montero (en nombre propio)<\/li>\n<\/ul>\n<p>&nbsp;<\/p>\n<p>&nbsp;<\/p>\n<p><strong>Instrumentos internacionales que fundamentan la querella<\/strong><\/p>\n<ul>\n<li>Convenci\u00f3n para la Prevenci\u00f3n y la Sanci\u00f3n del Delito de Genocidio, aprobada mediante Resoluci\u00f3n 260 A (III) de la Asamblea General de las Naciones Unidas el 9 de diciembre de 1948. (Art\u00edculos IV y VI)<\/li>\n<li>Convenios de Ginebra de 12 agosto de 1.949 y sus protocolos adicionales (art\u00edculo 49).<\/li>\n<li>Convenci\u00f3n contra la Tortura y otros Tratos o Penas Crueles, Inhumanos y Degradantes, aprobada mediante Resoluci\u00f3n 39\/46 de la Asamblea General de las Naciones Unidas, de 10 de diciembre de 1984 (Art\u00edculos 4 y 12).<\/li>\n<li>Convenci\u00f3n Internacional para la protecci\u00f3n de todas las personas contra las desapariciones forzadas, aprobada por Resoluci\u00f3n 61\/177 de la Asamblea General de las Naciones Unidas, de 12 de enero de 2007 (art\u00edculos 7.1, 10.1 y 12.2).<\/li>\n<li>Pacto Internacional de Derechos Civiles y Pol\u00edticos, aprobado por Resoluci\u00f3n 2200 A de la Asamblea General de las Naciones Unidas, de 16 de diciembre de 1966 (Art\u00edculo 2.3).<\/li>\n<\/ul>\n<p>&nbsp;<\/p>\n","protected":false},"excerpt":{"rendered":"<p>Es la primera querella a nivel estatal que pide investigar los cr\u00edmenes contra la humanidad cometidos durante el franquismo en una ciudad<\/p>\n","protected":false},"author":1,"featured_media":10979,"comment_status":"closed","ping_status":"closed","sticky":false,"template":"","format":"standard","meta":{"footnotes":""},"categories":[2],"tags":[],"class_list":["post-12220","post","type-post","status-publish","format-standard","has-post-thumbnail","hentry","category-ayuntamiento-pamplona"],"yoast_head":"<!-- This site is optimized with the Yoast SEO plugin v27.3 - https:\/\/yoast.com\/product\/yoast-seo-wordpress\/ -->\n<title>El Ayuntamiento presenta el viernes la querella contra los cr\u00edmenes del franquismo en Pamplona, centr\u00e1ndola en 17 casos de los que 4 se suman personalmente a la denuncia<\/title>\n<meta name=\"robots\" content=\"index, follow, max-snippet:-1, max-image-preview:large, max-video-preview:-1\" \/>\n<link rel=\"canonical\" href=\"https:\/\/www.laguiadepamplona.com\/actualidad\/el-ayuntamiento-presenta-el-viernes-la-querella-contra-los-crimenes-del-franquismo-en-pamplona-centrandola-en-17-casos-de-los-que-4-se-suman-personalmente-a-la-denuncia\/\" \/>\n<meta property=\"og:locale\" content=\"es_ES\" \/>\n<meta property=\"og:type\" content=\"article\" \/>\n<meta property=\"og:title\" content=\"El Ayuntamiento presenta el viernes la querella contra los cr\u00edmenes del franquismo en Pamplona, centr\u00e1ndola en 17 casos de los que 4 se suman personalmente a la denuncia\" \/>\n<meta property=\"og:description\" content=\"Es la primera querella a nivel estatal que pide investigar los cr\u00edmenes contra la humanidad cometidos durante el franquismo en una ciudad\" \/>\n<meta property=\"og:url\" content=\"https:\/\/www.laguiadepamplona.com\/actualidad\/el-ayuntamiento-presenta-el-viernes-la-querella-contra-los-crimenes-del-franquismo-en-pamplona-centrandola-en-17-casos-de-los-que-4-se-suman-personalmente-a-la-denuncia\/\" \/>\n<meta property=\"og:site_name\" content=\"La Gu\u00eda de Pamplona\" \/>\n<meta property=\"article:publisher\" content=\"https:\/\/www.facebook.com\/laguiadepamplonacom-133175176762273\/?ref=hl\" \/>\n<meta property=\"article:published_time\" content=\"2017-03-13T12:43:10+00:00\" \/>\n<meta property=\"og:image\" content=\"https:\/\/www.laguiadepamplona.com\/actualidad\/wp-content\/uploads\/2016\/11\/Ayto_Pamplona.jpg\" \/>\n\t<meta property=\"og:image:width\" content=\"900\" \/>\n\t<meta property=\"og:image:height\" content=\"675\" \/>\n\t<meta property=\"og:image:type\" content=\"image\/jpeg\" \/>\n<meta name=\"author\" content=\"La Gu\u00eda de Pamplona\" \/>\n<meta name=\"twitter:card\" content=\"summary_large_image\" \/>\n<meta name=\"twitter:creator\" content=\"@LaGuiadPamplona\" \/>\n<meta name=\"twitter:site\" content=\"@LaGuiadPamplona\" \/>\n<meta name=\"twitter:label1\" content=\"Escrito por\" \/>\n\t<meta name=\"twitter:data1\" content=\"La Gu\u00eda de Pamplona\" \/>\n\t<meta name=\"twitter:label2\" content=\"Tiempo de lectura\" \/>\n\t<meta name=\"twitter:data2\" content=\"9 minutos\" \/>\n<script type=\"application\/ld+json\" class=\"yoast-schema-graph\">{\"@context\":\"https:\\\/\\\/schema.org\",\"@graph\":[{\"@type\":\"Article\",\"@id\":\"https:\\\/\\\/www.laguiadepamplona.com\\\/actualidad\\\/el-ayuntamiento-presenta-el-viernes-la-querella-contra-los-crimenes-del-franquismo-en-pamplona-centrandola-en-17-casos-de-los-que-4-se-suman-personalmente-a-la-denuncia\\\/#article\",\"isPartOf\":{\"@id\":\"https:\\\/\\\/www.laguiadepamplona.com\\\/actualidad\\\/el-ayuntamiento-presenta-el-viernes-la-querella-contra-los-crimenes-del-franquismo-en-pamplona-centrandola-en-17-casos-de-los-que-4-se-suman-personalmente-a-la-denuncia\\\/\"},\"author\":{\"name\":\"La Gu\u00eda de Pamplona\",\"@id\":\"https:\\\/\\\/www.laguiadepamplona.com\\\/actualidad\\\/#\\\/schema\\\/person\\\/efe887376f0213d4657c93adc50b1fdb\"},\"headline\":\"El Ayuntamiento presenta el viernes la querella contra los cr\u00edmenes del franquismo en Pamplona, centr\u00e1ndola en 17 casos de los que 4 se suman personalmente a la denuncia\",\"datePublished\":\"2017-03-13T12:43:10+00:00\",\"mainEntityOfPage\":{\"@id\":\"https:\\\/\\\/www.laguiadepamplona.com\\\/actualidad\\\/el-ayuntamiento-presenta-el-viernes-la-querella-contra-los-crimenes-del-franquismo-en-pamplona-centrandola-en-17-casos-de-los-que-4-se-suman-personalmente-a-la-denuncia\\\/\"},\"wordCount\":1755,\"publisher\":{\"@id\":\"https:\\\/\\\/www.laguiadepamplona.com\\\/actualidad\\\/#organization\"},\"image\":{\"@id\":\"https:\\\/\\\/www.laguiadepamplona.com\\\/actualidad\\\/el-ayuntamiento-presenta-el-viernes-la-querella-contra-los-crimenes-del-franquismo-en-pamplona-centrandola-en-17-casos-de-los-que-4-se-suman-personalmente-a-la-denuncia\\\/#primaryimage\"},\"thumbnailUrl\":\"https:\\\/\\\/www.laguiadepamplona.com\\\/actualidad\\\/wp-content\\\/uploads\\\/2016\\\/11\\\/Ayto_Pamplona.jpg\",\"articleSection\":[\"Ayto Pamplona\"],\"inLanguage\":\"es\"},{\"@type\":\"WebPage\",\"@id\":\"https:\\\/\\\/www.laguiadepamplona.com\\\/actualidad\\\/el-ayuntamiento-presenta-el-viernes-la-querella-contra-los-crimenes-del-franquismo-en-pamplona-centrandola-en-17-casos-de-los-que-4-se-suman-personalmente-a-la-denuncia\\\/\",\"url\":\"https:\\\/\\\/www.laguiadepamplona.com\\\/actualidad\\\/el-ayuntamiento-presenta-el-viernes-la-querella-contra-los-crimenes-del-franquismo-en-pamplona-centrandola-en-17-casos-de-los-que-4-se-suman-personalmente-a-la-denuncia\\\/\",\"name\":\"El Ayuntamiento presenta el viernes la querella contra los cr\u00edmenes del franquismo en Pamplona, centr\u00e1ndola en 17 casos de los que 4 se suman personalmente a la denuncia\",\"isPartOf\":{\"@id\":\"https:\\\/\\\/www.laguiadepamplona.com\\\/actualidad\\\/#website\"},\"primaryImageOfPage\":{\"@id\":\"https:\\\/\\\/www.laguiadepamplona.com\\\/actualidad\\\/el-ayuntamiento-presenta-el-viernes-la-querella-contra-los-crimenes-del-franquismo-en-pamplona-centrandola-en-17-casos-de-los-que-4-se-suman-personalmente-a-la-denuncia\\\/#primaryimage\"},\"image\":{\"@id\":\"https:\\\/\\\/www.laguiadepamplona.com\\\/actualidad\\\/el-ayuntamiento-presenta-el-viernes-la-querella-contra-los-crimenes-del-franquismo-en-pamplona-centrandola-en-17-casos-de-los-que-4-se-suman-personalmente-a-la-denuncia\\\/#primaryimage\"},\"thumbnailUrl\":\"https:\\\/\\\/www.laguiadepamplona.com\\\/actualidad\\\/wp-content\\\/uploads\\\/2016\\\/11\\\/Ayto_Pamplona.jpg\",\"datePublished\":\"2017-03-13T12:43:10+00:00\",\"breadcrumb\":{\"@id\":\"https:\\\/\\\/www.laguiadepamplona.com\\\/actualidad\\\/el-ayuntamiento-presenta-el-viernes-la-querella-contra-los-crimenes-del-franquismo-en-pamplona-centrandola-en-17-casos-de-los-que-4-se-suman-personalmente-a-la-denuncia\\\/#breadcrumb\"},\"inLanguage\":\"es\",\"potentialAction\":[{\"@type\":\"ReadAction\",\"target\":[\"https:\\\/\\\/www.laguiadepamplona.com\\\/actualidad\\\/el-ayuntamiento-presenta-el-viernes-la-querella-contra-los-crimenes-del-franquismo-en-pamplona-centrandola-en-17-casos-de-los-que-4-se-suman-personalmente-a-la-denuncia\\\/\"]}]},{\"@type\":\"ImageObject\",\"inLanguage\":\"es\",\"@id\":\"https:\\\/\\\/www.laguiadepamplona.com\\\/actualidad\\\/el-ayuntamiento-presenta-el-viernes-la-querella-contra-los-crimenes-del-franquismo-en-pamplona-centrandola-en-17-casos-de-los-que-4-se-suman-personalmente-a-la-denuncia\\\/#primaryimage\",\"url\":\"https:\\\/\\\/www.laguiadepamplona.com\\\/actualidad\\\/wp-content\\\/uploads\\\/2016\\\/11\\\/Ayto_Pamplona.jpg\",\"contentUrl\":\"https:\\\/\\\/www.laguiadepamplona.com\\\/actualidad\\\/wp-content\\\/uploads\\\/2016\\\/11\\\/Ayto_Pamplona.jpg\",\"width\":900,\"height\":675},{\"@type\":\"BreadcrumbList\",\"@id\":\"https:\\\/\\\/www.laguiadepamplona.com\\\/actualidad\\\/el-ayuntamiento-presenta-el-viernes-la-querella-contra-los-crimenes-del-franquismo-en-pamplona-centrandola-en-17-casos-de-los-que-4-se-suman-personalmente-a-la-denuncia\\\/#breadcrumb\",\"itemListElement\":[{\"@type\":\"ListItem\",\"position\":1,\"name\":\"Portada\",\"item\":\"https:\\\/\\\/www.laguiadepamplona.com\\\/actualidad\\\/\"},{\"@type\":\"ListItem\",\"position\":2,\"name\":\"El Ayuntamiento presenta el viernes la querella contra los cr\u00edmenes del franquismo en Pamplona, centr\u00e1ndola en 17 casos de los que 4 se suman personalmente a la denuncia\"}]},{\"@type\":\"WebSite\",\"@id\":\"https:\\\/\\\/www.laguiadepamplona.com\\\/actualidad\\\/#website\",\"url\":\"https:\\\/\\\/www.laguiadepamplona.com\\\/actualidad\\\/\",\"name\":\"La gu\u00eda de Pamplona\",\"description\":\"Noticias de Pamplona\",\"publisher\":{\"@id\":\"https:\\\/\\\/www.laguiadepamplona.com\\\/actualidad\\\/#organization\"},\"potentialAction\":[{\"@type\":\"SearchAction\",\"target\":{\"@type\":\"EntryPoint\",\"urlTemplate\":\"https:\\\/\\\/www.laguiadepamplona.com\\\/actualidad\\\/?s={search_term_string}\"},\"query-input\":{\"@type\":\"PropertyValueSpecification\",\"valueRequired\":true,\"valueName\":\"search_term_string\"}}],\"inLanguage\":\"es\"},{\"@type\":\"Organization\",\"@id\":\"https:\\\/\\\/www.laguiadepamplona.com\\\/actualidad\\\/#organization\",\"name\":\"La Gu\u00eda de Pamplona \\\/ Noticias\",\"url\":\"https:\\\/\\\/www.laguiadepamplona.com\\\/actualidad\\\/\",\"logo\":{\"@type\":\"ImageObject\",\"inLanguage\":\"es\",\"@id\":\"https:\\\/\\\/www.laguiadepamplona.com\\\/actualidad\\\/#\\\/schema\\\/logo\\\/image\\\/\",\"url\":\"https:\\\/\\\/www.laguiadepamplona.com\\\/actualidad\\\/wp-content\\\/uploads\\\/2018\\\/11\\\/logo-laguiadepamplona18-web1.png\",\"contentUrl\":\"https:\\\/\\\/www.laguiadepamplona.com\\\/actualidad\\\/wp-content\\\/uploads\\\/2018\\\/11\\\/logo-laguiadepamplona18-web1.png\",\"width\":600,\"height\":196,\"caption\":\"La Gu\u00eda de Pamplona \\\/ Noticias\"},\"image\":{\"@id\":\"https:\\\/\\\/www.laguiadepamplona.com\\\/actualidad\\\/#\\\/schema\\\/logo\\\/image\\\/\"},\"sameAs\":[\"https:\\\/\\\/www.facebook.com\\\/laguiadepamplonacom-133175176762273\\\/?ref=hl\",\"https:\\\/\\\/x.com\\\/LaGuiadPamplona\",\"https:\\\/\\\/www.instagram.com\\\/la_guia_de_pamplona\\\/\",\"https:\\\/\\\/www.youtube.com\\\/user\\\/laguiadepamplona\"]},{\"@type\":\"Person\",\"@id\":\"https:\\\/\\\/www.laguiadepamplona.com\\\/actualidad\\\/#\\\/schema\\\/person\\\/efe887376f0213d4657c93adc50b1fdb\",\"name\":\"La Gu\u00eda de Pamplona\",\"image\":{\"@type\":\"ImageObject\",\"inLanguage\":\"es\",\"@id\":\"https:\\\/\\\/secure.gravatar.com\\\/avatar\\\/b6992f131dc8d30ab0dff15446e9d346d9dbd95992de0fef795073f5ea83a81c?s=96&d=mm&r=g\",\"url\":\"https:\\\/\\\/secure.gravatar.com\\\/avatar\\\/b6992f131dc8d30ab0dff15446e9d346d9dbd95992de0fef795073f5ea83a81c?s=96&d=mm&r=g\",\"contentUrl\":\"https:\\\/\\\/secure.gravatar.com\\\/avatar\\\/b6992f131dc8d30ab0dff15446e9d346d9dbd95992de0fef795073f5ea83a81c?s=96&d=mm&r=g\",\"caption\":\"La Gu\u00eda de Pamplona\"}}]}<\/script>\n<!-- \/ Yoast SEO plugin. -->","yoast_head_json":{"title":"El Ayuntamiento presenta el viernes la querella contra los cr\u00edmenes del franquismo en Pamplona, centr\u00e1ndola en 17 casos de los que 4 se suman personalmente a la denuncia","robots":{"index":"index","follow":"follow","max-snippet":"max-snippet:-1","max-image-preview":"max-image-preview:large","max-video-preview":"max-video-preview:-1"},"canonical":"https:\/\/www.laguiadepamplona.com\/actualidad\/el-ayuntamiento-presenta-el-viernes-la-querella-contra-los-crimenes-del-franquismo-en-pamplona-centrandola-en-17-casos-de-los-que-4-se-suman-personalmente-a-la-denuncia\/","og_locale":"es_ES","og_type":"article","og_title":"El Ayuntamiento presenta el viernes la querella contra los cr\u00edmenes del franquismo en Pamplona, centr\u00e1ndola en 17 casos de los que 4 se suman personalmente a la denuncia","og_description":"Es la primera querella a nivel estatal que pide investigar los cr\u00edmenes contra la humanidad cometidos durante el franquismo en una ciudad","og_url":"https:\/\/www.laguiadepamplona.com\/actualidad\/el-ayuntamiento-presenta-el-viernes-la-querella-contra-los-crimenes-del-franquismo-en-pamplona-centrandola-en-17-casos-de-los-que-4-se-suman-personalmente-a-la-denuncia\/","og_site_name":"La Gu\u00eda de Pamplona","article_publisher":"https:\/\/www.facebook.com\/laguiadepamplonacom-133175176762273\/?ref=hl","article_published_time":"2017-03-13T12:43:10+00:00","og_image":[{"width":900,"height":675,"url":"https:\/\/www.laguiadepamplona.com\/actualidad\/wp-content\/uploads\/2016\/11\/Ayto_Pamplona.jpg","type":"image\/jpeg"}],"author":"La Gu\u00eda de Pamplona","twitter_card":"summary_large_image","twitter_creator":"@LaGuiadPamplona","twitter_site":"@LaGuiadPamplona","twitter_misc":{"Escrito por":"La Gu\u00eda de Pamplona","Tiempo de lectura":"9 minutos"},"schema":{"@context":"https:\/\/schema.org","@graph":[{"@type":"Article","@id":"https:\/\/www.laguiadepamplona.com\/actualidad\/el-ayuntamiento-presenta-el-viernes-la-querella-contra-los-crimenes-del-franquismo-en-pamplona-centrandola-en-17-casos-de-los-que-4-se-suman-personalmente-a-la-denuncia\/#article","isPartOf":{"@id":"https:\/\/www.laguiadepamplona.com\/actualidad\/el-ayuntamiento-presenta-el-viernes-la-querella-contra-los-crimenes-del-franquismo-en-pamplona-centrandola-en-17-casos-de-los-que-4-se-suman-personalmente-a-la-denuncia\/"},"author":{"name":"La Gu\u00eda de Pamplona","@id":"https:\/\/www.laguiadepamplona.com\/actualidad\/#\/schema\/person\/efe887376f0213d4657c93adc50b1fdb"},"headline":"El Ayuntamiento presenta el viernes la querella contra los cr\u00edmenes del franquismo en Pamplona, centr\u00e1ndola en 17 casos de los que 4 se suman personalmente a la denuncia","datePublished":"2017-03-13T12:43:10+00:00","mainEntityOfPage":{"@id":"https:\/\/www.laguiadepamplona.com\/actualidad\/el-ayuntamiento-presenta-el-viernes-la-querella-contra-los-crimenes-del-franquismo-en-pamplona-centrandola-en-17-casos-de-los-que-4-se-suman-personalmente-a-la-denuncia\/"},"wordCount":1755,"publisher":{"@id":"https:\/\/www.laguiadepamplona.com\/actualidad\/#organization"},"image":{"@id":"https:\/\/www.laguiadepamplona.com\/actualidad\/el-ayuntamiento-presenta-el-viernes-la-querella-contra-los-crimenes-del-franquismo-en-pamplona-centrandola-en-17-casos-de-los-que-4-se-suman-personalmente-a-la-denuncia\/#primaryimage"},"thumbnailUrl":"https:\/\/www.laguiadepamplona.com\/actualidad\/wp-content\/uploads\/2016\/11\/Ayto_Pamplona.jpg","articleSection":["Ayto Pamplona"],"inLanguage":"es"},{"@type":"WebPage","@id":"https:\/\/www.laguiadepamplona.com\/actualidad\/el-ayuntamiento-presenta-el-viernes-la-querella-contra-los-crimenes-del-franquismo-en-pamplona-centrandola-en-17-casos-de-los-que-4-se-suman-personalmente-a-la-denuncia\/","url":"https:\/\/www.laguiadepamplona.com\/actualidad\/el-ayuntamiento-presenta-el-viernes-la-querella-contra-los-crimenes-del-franquismo-en-pamplona-centrandola-en-17-casos-de-los-que-4-se-suman-personalmente-a-la-denuncia\/","name":"El Ayuntamiento presenta el viernes la querella contra los cr\u00edmenes del franquismo en Pamplona, centr\u00e1ndola en 17 casos de los que 4 se suman personalmente a la denuncia","isPartOf":{"@id":"https:\/\/www.laguiadepamplona.com\/actualidad\/#website"},"primaryImageOfPage":{"@id":"https:\/\/www.laguiadepamplona.com\/actualidad\/el-ayuntamiento-presenta-el-viernes-la-querella-contra-los-crimenes-del-franquismo-en-pamplona-centrandola-en-17-casos-de-los-que-4-se-suman-personalmente-a-la-denuncia\/#primaryimage"},"image":{"@id":"https:\/\/www.laguiadepamplona.com\/actualidad\/el-ayuntamiento-presenta-el-viernes-la-querella-contra-los-crimenes-del-franquismo-en-pamplona-centrandola-en-17-casos-de-los-que-4-se-suman-personalmente-a-la-denuncia\/#primaryimage"},"thumbnailUrl":"https:\/\/www.laguiadepamplona.com\/actualidad\/wp-content\/uploads\/2016\/11\/Ayto_Pamplona.jpg","datePublished":"2017-03-13T12:43:10+00:00","breadcrumb":{"@id":"https:\/\/www.laguiadepamplona.com\/actualidad\/el-ayuntamiento-presenta-el-viernes-la-querella-contra-los-crimenes-del-franquismo-en-pamplona-centrandola-en-17-casos-de-los-que-4-se-suman-personalmente-a-la-denuncia\/#breadcrumb"},"inLanguage":"es","potentialAction":[{"@type":"ReadAction","target":["https:\/\/www.laguiadepamplona.com\/actualidad\/el-ayuntamiento-presenta-el-viernes-la-querella-contra-los-crimenes-del-franquismo-en-pamplona-centrandola-en-17-casos-de-los-que-4-se-suman-personalmente-a-la-denuncia\/"]}]},{"@type":"ImageObject","inLanguage":"es","@id":"https:\/\/www.laguiadepamplona.com\/actualidad\/el-ayuntamiento-presenta-el-viernes-la-querella-contra-los-crimenes-del-franquismo-en-pamplona-centrandola-en-17-casos-de-los-que-4-se-suman-personalmente-a-la-denuncia\/#primaryimage","url":"https:\/\/www.laguiadepamplona.com\/actualidad\/wp-content\/uploads\/2016\/11\/Ayto_Pamplona.jpg","contentUrl":"https:\/\/www.laguiadepamplona.com\/actualidad\/wp-content\/uploads\/2016\/11\/Ayto_Pamplona.jpg","width":900,"height":675},{"@type":"BreadcrumbList","@id":"https:\/\/www.laguiadepamplona.com\/actualidad\/el-ayuntamiento-presenta-el-viernes-la-querella-contra-los-crimenes-del-franquismo-en-pamplona-centrandola-en-17-casos-de-los-que-4-se-suman-personalmente-a-la-denuncia\/#breadcrumb","itemListElement":[{"@type":"ListItem","position":1,"name":"Portada","item":"https:\/\/www.laguiadepamplona.com\/actualidad\/"},{"@type":"ListItem","position":2,"name":"El Ayuntamiento presenta el viernes la querella contra los cr\u00edmenes del franquismo en Pamplona, centr\u00e1ndola en 17 casos de los que 4 se suman personalmente a la denuncia"}]},{"@type":"WebSite","@id":"https:\/\/www.laguiadepamplona.com\/actualidad\/#website","url":"https:\/\/www.laguiadepamplona.com\/actualidad\/","name":"La gu\u00eda de Pamplona","description":"Noticias de Pamplona","publisher":{"@id":"https:\/\/www.laguiadepamplona.com\/actualidad\/#organization"},"potentialAction":[{"@type":"SearchAction","target":{"@type":"EntryPoint","urlTemplate":"https:\/\/www.laguiadepamplona.com\/actualidad\/?s={search_term_string}"},"query-input":{"@type":"PropertyValueSpecification","valueRequired":true,"valueName":"search_term_string"}}],"inLanguage":"es"},{"@type":"Organization","@id":"https:\/\/www.laguiadepamplona.com\/actualidad\/#organization","name":"La Gu\u00eda de Pamplona \/ Noticias","url":"https:\/\/www.laguiadepamplona.com\/actualidad\/","logo":{"@type":"ImageObject","inLanguage":"es","@id":"https:\/\/www.laguiadepamplona.com\/actualidad\/#\/schema\/logo\/image\/","url":"https:\/\/www.laguiadepamplona.com\/actualidad\/wp-content\/uploads\/2018\/11\/logo-laguiadepamplona18-web1.png","contentUrl":"https:\/\/www.laguiadepamplona.com\/actualidad\/wp-content\/uploads\/2018\/11\/logo-laguiadepamplona18-web1.png","width":600,"height":196,"caption":"La Gu\u00eda de Pamplona \/ Noticias"},"image":{"@id":"https:\/\/www.laguiadepamplona.com\/actualidad\/#\/schema\/logo\/image\/"},"sameAs":["https:\/\/www.facebook.com\/laguiadepamplonacom-133175176762273\/?ref=hl","https:\/\/x.com\/LaGuiadPamplona","https:\/\/www.instagram.com\/la_guia_de_pamplona\/","https:\/\/www.youtube.com\/user\/laguiadepamplona"]},{"@type":"Person","@id":"https:\/\/www.laguiadepamplona.com\/actualidad\/#\/schema\/person\/efe887376f0213d4657c93adc50b1fdb","name":"La Gu\u00eda de Pamplona","image":{"@type":"ImageObject","inLanguage":"es","@id":"https:\/\/secure.gravatar.com\/avatar\/b6992f131dc8d30ab0dff15446e9d346d9dbd95992de0fef795073f5ea83a81c?s=96&d=mm&r=g","url":"https:\/\/secure.gravatar.com\/avatar\/b6992f131dc8d30ab0dff15446e9d346d9dbd95992de0fef795073f5ea83a81c?s=96&d=mm&r=g","contentUrl":"https:\/\/secure.gravatar.com\/avatar\/b6992f131dc8d30ab0dff15446e9d346d9dbd95992de0fef795073f5ea83a81c?s=96&d=mm&r=g","caption":"La Gu\u00eda de Pamplona"}}]}},"post_mailing_queue_ids":[],"_links":{"self":[{"href":"https:\/\/www.laguiadepamplona.com\/actualidad\/wp-json\/wp\/v2\/posts\/12220","targetHints":{"allow":["GET"]}}],"collection":[{"href":"https:\/\/www.laguiadepamplona.com\/actualidad\/wp-json\/wp\/v2\/posts"}],"about":[{"href":"https:\/\/www.laguiadepamplona.com\/actualidad\/wp-json\/wp\/v2\/types\/post"}],"author":[{"embeddable":true,"href":"https:\/\/www.laguiadepamplona.com\/actualidad\/wp-json\/wp\/v2\/users\/1"}],"replies":[{"embeddable":true,"href":"https:\/\/www.laguiadepamplona.com\/actualidad\/wp-json\/wp\/v2\/comments?post=12220"}],"version-history":[{"count":0,"href":"https:\/\/www.laguiadepamplona.com\/actualidad\/wp-json\/wp\/v2\/posts\/12220\/revisions"}],"wp:featuredmedia":[{"embeddable":true,"href":"https:\/\/www.laguiadepamplona.com\/actualidad\/wp-json\/wp\/v2\/media\/10979"}],"wp:attachment":[{"href":"https:\/\/www.laguiadepamplona.com\/actualidad\/wp-json\/wp\/v2\/media?parent=12220"}],"wp:term":[{"taxonomy":"category","embeddable":true,"href":"https:\/\/www.laguiadepamplona.com\/actualidad\/wp-json\/wp\/v2\/categories?post=12220"},{"taxonomy":"post_tag","embeddable":true,"href":"https:\/\/www.laguiadepamplona.com\/actualidad\/wp-json\/wp\/v2\/tags?post=12220"}],"curies":[{"name":"wp","href":"https:\/\/api.w.org\/{rel}","templated":true}]}}