{"id":12212,"date":"2017-03-10T18:47:05","date_gmt":"2017-03-10T17:47:05","guid":{"rendered":"http:\/\/laguiadepamplona.es\/actualidad\/?p=12212"},"modified":"2017-03-10T18:47:05","modified_gmt":"2017-03-10T17:47:05","slug":"el-consistorio-organiza-un-taller-dirigido-a-profesionales-de-trabajo-social-para-analizar-la-relacion-con-las-personas-usuarias-y-como-se-pueden-mejorar-la-escucha-y-la-ayuda","status":"publish","type":"post","link":"https:\/\/www.laguiadepamplona.com\/actualidad\/el-consistorio-organiza-un-taller-dirigido-a-profesionales-de-trabajo-social-para-analizar-la-relacion-con-las-personas-usuarias-y-como-se-pueden-mejorar-la-escucha-y-la-ayuda\/","title":{"rendered":"El Consistorio organiza un taller dirigido a profesionales de trabajo social para analizar la relaci\u00f3n con las personas usuarias y c\u00f3mo se pueden mejorar la escucha y la ayuda"},"content":{"rendered":"<h3>Es la primera iniciativa de un plan de formaci\u00f3n para profesionales que trabajan en Atenci\u00f3n Primaria de Servicios Sociales<\/h3>\n<p><!--more--><\/p>\n<p>El \u00e1rea de Acci\u00f3n Social y Desarrollo Comunitario del Ayuntamiento de Pamplona ha organizado un taller dirigido a las personas que desarrollan su labor profesional en el Programa de Acogida y Orientaci\u00f3n Social de las Unidades de Barrio de cara a establecer unas buenas pr\u00e1cticas en la relaci\u00f3n con las personas usuarias a partir de la mejora de la escucha y la ayuda. Las sesiones se est\u00e1n desarrollando entre el jueves 9 de marzo y martes d\u00eda 14 bajo el t\u00edtulo \u2018Habilidades para la relaci\u00f3n de ayuda\u2019, han sido presentadas por el responsable del Programa de Acogida, Txus Labarga, y est\u00e1n impartidas por Lourdes Hernanz y Sara Jim\u00e9nez, dos profesionales de Trabajo Social y Psicolog\u00eda de la Asociaci\u00f3n Lugares Comunes de Madrid. Es la primera iniciativa de un plan de formaci\u00f3n para mejorar las competencias de estas figuras profesionales. En funci\u00f3n del inter\u00e9s que suscite y la evaluaci\u00f3n que se haga de esta formaci\u00f3n, el \u00e1rea podr\u00eda organizar nuevas ediciones adapt\u00e1ndolas a otros programas y figuras profesionales.<\/p>\n<p>El objetivo de este curso es analizar las dificultades y las barreras que las y los trabajadoras sociales encuentran en la relaci\u00f3n de ayuda a las personas usuarias lo que conlleva limitaciones por ambas partes. En esos encuentros se ponen en marcha ideas, creencias y actitudes que interfieren en la relaci\u00f3n por lo que es fundamental tomar conciencia de ellas y desarrollar conocimientos, habilidades, actitudes y herramientas que permitan superarlas. Las cuatro sesiones est\u00e1n sirviendo para generar un espacio de reflexi\u00f3n profesional en el que se pueden compartir dificultades y bloqueos. Las sesiones incluyen t\u00e9cnicas como juegos de rol, teatro foro y otras din\u00e1micas participativas y vivenciales.<\/p>\n<p><strong>Trabajo repartido en cuatro sesiones<\/strong><\/p>\n<p>La sesi\u00f3n celebrada ayer se centr\u00f3 en la relaci\u00f3n de ayuda y la figura profesional ya que detr\u00e1s de la trabajadora \u201chay una persona\u201d. Hoy se aborda el encuentro entre profesionales y personas usuarias, los tipos de relaci\u00f3n que se establecen y las claves para la construcci\u00f3n de una relaci\u00f3n de confianza. El lunes la formaci\u00f3n se centra en \u201cInterferencias, transferencias, creencias e ideas que dificultan la relaci\u00f3n: la escucha como herramienta de facilitaci\u00f3n y desmontaje de interferencias\u201d y para finalizar el martes se analizar\u00e1n los miedos en la relaci\u00f3n de ayuda.<\/p>\n<p>Lourdes Hernanz es trabajadora social y master en Estudios Migratorios, Desarrollo e Intervenci\u00f3n Social Especializada. Cuenta con experiencia profesional en el acompa\u00f1amiento a comunidades y personas en situaci\u00f3n de exclusi\u00f3n social en procesos de participaci\u00f3n, empoderamiento y mejora de su situaci\u00f3n. Tambi\u00e9n trabaja con profesionales para la incorporaci\u00f3n de un enfoque participativo, cr\u00edtico y humanista en el trabajo social y en las profesiones de ayuda.<\/p>\n<p>Sara Jim\u00e9nez es psic\u00f3loga y terapeuta Gestalt en lugares Comunes. Formada en Terapia Familiar Sist\u00e9mica y Resoluci\u00f3n de Conflictos ha desarrollado su carrera profesional como Mediadora Comunitaria y Educadora en adicciones durante 8 a\u00f1os en Asociaci\u00f3n Proyecto Hogar.<\/p>\n<p>&nbsp;<\/p>\n","protected":false},"excerpt":{"rendered":"<p>Es la primera iniciativa de un plan de formaci\u00f3n para profesionales que trabajan en Atenci\u00f3n Primaria de Servicios Sociales<\/p>\n","protected":false},"author":1,"featured_media":12213,"comment_status":"closed","ping_status":"closed","sticky":false,"template":"","format":"standard","meta":{"footnotes":""},"categories":[2],"tags":[],"class_list":["post-12212","post","type-post","status-publish","format-standard","has-post-thumbnail","hentry","category-ayuntamiento-pamplona"],"yoast_head":"<!-- This site is optimized with the Yoast SEO plugin v27.3 - https:\/\/yoast.com\/product\/yoast-seo-wordpress\/ -->\n<title>El Consistorio organiza un taller dirigido a profesionales de trabajo social para analizar la relaci\u00f3n con las personas usuarias y c\u00f3mo se pueden mejorar la escucha y la ayuda<\/title>\n<meta name=\"robots\" content=\"index, follow, max-snippet:-1, max-image-preview:large, max-video-preview:-1\" \/>\n<link rel=\"canonical\" href=\"https:\/\/www.laguiadepamplona.com\/actualidad\/el-consistorio-organiza-un-taller-dirigido-a-profesionales-de-trabajo-social-para-analizar-la-relacion-con-las-personas-usuarias-y-como-se-pueden-mejorar-la-escucha-y-la-ayuda\/\" \/>\n<meta property=\"og:locale\" content=\"es_ES\" \/>\n<meta property=\"og:type\" content=\"article\" \/>\n<meta property=\"og:title\" content=\"El Consistorio organiza un taller dirigido a profesionales de trabajo social para analizar la relaci\u00f3n con las personas usuarias y c\u00f3mo se pueden mejorar la escucha y la ayuda\" \/>\n<meta property=\"og:description\" content=\"Es la primera iniciativa de un plan de formaci\u00f3n para profesionales que trabajan en Atenci\u00f3n Primaria de Servicios Sociales\" \/>\n<meta property=\"og:url\" content=\"https:\/\/www.laguiadepamplona.com\/actualidad\/el-consistorio-organiza-un-taller-dirigido-a-profesionales-de-trabajo-social-para-analizar-la-relacion-con-las-personas-usuarias-y-como-se-pueden-mejorar-la-escucha-y-la-ayuda\/\" \/>\n<meta property=\"og:site_name\" content=\"La Gu\u00eda de Pamplona\" \/>\n<meta property=\"article:publisher\" content=\"https:\/\/www.facebook.com\/laguiadepamplonacom-133175176762273\/?ref=hl\" \/>\n<meta property=\"article:published_time\" content=\"2017-03-10T17:47:05+00:00\" \/>\n<meta property=\"og:image\" content=\"https:\/\/www.laguiadepamplona.com\/actualidad\/wp-content\/uploads\/2017\/03\/trabajo_social_taller_1.jpg\" \/>\n\t<meta property=\"og:image:width\" content=\"1000\" \/>\n\t<meta property=\"og:image:height\" content=\"666\" \/>\n\t<meta property=\"og:image:type\" content=\"image\/jpeg\" \/>\n<meta name=\"author\" content=\"La Gu\u00eda de Pamplona\" \/>\n<meta name=\"twitter:card\" content=\"summary_large_image\" \/>\n<meta name=\"twitter:creator\" content=\"@LaGuiadPamplona\" \/>\n<meta name=\"twitter:site\" content=\"@LaGuiadPamplona\" \/>\n<meta name=\"twitter:label1\" content=\"Escrito por\" \/>\n\t<meta name=\"twitter:data1\" content=\"La Gu\u00eda de Pamplona\" \/>\n\t<meta name=\"twitter:label2\" content=\"Tiempo de lectura\" \/>\n\t<meta name=\"twitter:data2\" content=\"3 minutos\" \/>\n<script type=\"application\/ld+json\" class=\"yoast-schema-graph\">{\"@context\":\"https:\\\/\\\/schema.org\",\"@graph\":[{\"@type\":\"Article\",\"@id\":\"https:\\\/\\\/www.laguiadepamplona.com\\\/actualidad\\\/el-consistorio-organiza-un-taller-dirigido-a-profesionales-de-trabajo-social-para-analizar-la-relacion-con-las-personas-usuarias-y-como-se-pueden-mejorar-la-escucha-y-la-ayuda\\\/#article\",\"isPartOf\":{\"@id\":\"https:\\\/\\\/www.laguiadepamplona.com\\\/actualidad\\\/el-consistorio-organiza-un-taller-dirigido-a-profesionales-de-trabajo-social-para-analizar-la-relacion-con-las-personas-usuarias-y-como-se-pueden-mejorar-la-escucha-y-la-ayuda\\\/\"},\"author\":{\"name\":\"La Gu\u00eda de Pamplona\",\"@id\":\"https:\\\/\\\/www.laguiadepamplona.com\\\/actualidad\\\/#\\\/schema\\\/person\\\/efe887376f0213d4657c93adc50b1fdb\"},\"headline\":\"El Consistorio organiza un taller dirigido a profesionales de trabajo social para analizar la relaci\u00f3n con las personas usuarias y c\u00f3mo se pueden mejorar la escucha y la ayuda\",\"datePublished\":\"2017-03-10T17:47:05+00:00\",\"mainEntityOfPage\":{\"@id\":\"https:\\\/\\\/www.laguiadepamplona.com\\\/actualidad\\\/el-consistorio-organiza-un-taller-dirigido-a-profesionales-de-trabajo-social-para-analizar-la-relacion-con-las-personas-usuarias-y-como-se-pueden-mejorar-la-escucha-y-la-ayuda\\\/\"},\"wordCount\":575,\"publisher\":{\"@id\":\"https:\\\/\\\/www.laguiadepamplona.com\\\/actualidad\\\/#organization\"},\"image\":{\"@id\":\"https:\\\/\\\/www.laguiadepamplona.com\\\/actualidad\\\/el-consistorio-organiza-un-taller-dirigido-a-profesionales-de-trabajo-social-para-analizar-la-relacion-con-las-personas-usuarias-y-como-se-pueden-mejorar-la-escucha-y-la-ayuda\\\/#primaryimage\"},\"thumbnailUrl\":\"https:\\\/\\\/www.laguiadepamplona.com\\\/actualidad\\\/wp-content\\\/uploads\\\/2017\\\/03\\\/trabajo_social_taller_1.jpg\",\"articleSection\":[\"Ayto Pamplona\"],\"inLanguage\":\"es\"},{\"@type\":\"WebPage\",\"@id\":\"https:\\\/\\\/www.laguiadepamplona.com\\\/actualidad\\\/el-consistorio-organiza-un-taller-dirigido-a-profesionales-de-trabajo-social-para-analizar-la-relacion-con-las-personas-usuarias-y-como-se-pueden-mejorar-la-escucha-y-la-ayuda\\\/\",\"url\":\"https:\\\/\\\/www.laguiadepamplona.com\\\/actualidad\\\/el-consistorio-organiza-un-taller-dirigido-a-profesionales-de-trabajo-social-para-analizar-la-relacion-con-las-personas-usuarias-y-como-se-pueden-mejorar-la-escucha-y-la-ayuda\\\/\",\"name\":\"El Consistorio organiza un taller dirigido a profesionales de trabajo social para analizar la relaci\u00f3n con las personas usuarias y c\u00f3mo se pueden mejorar la escucha y la ayuda\",\"isPartOf\":{\"@id\":\"https:\\\/\\\/www.laguiadepamplona.com\\\/actualidad\\\/#website\"},\"primaryImageOfPage\":{\"@id\":\"https:\\\/\\\/www.laguiadepamplona.com\\\/actualidad\\\/el-consistorio-organiza-un-taller-dirigido-a-profesionales-de-trabajo-social-para-analizar-la-relacion-con-las-personas-usuarias-y-como-se-pueden-mejorar-la-escucha-y-la-ayuda\\\/#primaryimage\"},\"image\":{\"@id\":\"https:\\\/\\\/www.laguiadepamplona.com\\\/actualidad\\\/el-consistorio-organiza-un-taller-dirigido-a-profesionales-de-trabajo-social-para-analizar-la-relacion-con-las-personas-usuarias-y-como-se-pueden-mejorar-la-escucha-y-la-ayuda\\\/#primaryimage\"},\"thumbnailUrl\":\"https:\\\/\\\/www.laguiadepamplona.com\\\/actualidad\\\/wp-content\\\/uploads\\\/2017\\\/03\\\/trabajo_social_taller_1.jpg\",\"datePublished\":\"2017-03-10T17:47:05+00:00\",\"breadcrumb\":{\"@id\":\"https:\\\/\\\/www.laguiadepamplona.com\\\/actualidad\\\/el-consistorio-organiza-un-taller-dirigido-a-profesionales-de-trabajo-social-para-analizar-la-relacion-con-las-personas-usuarias-y-como-se-pueden-mejorar-la-escucha-y-la-ayuda\\\/#breadcrumb\"},\"inLanguage\":\"es\",\"potentialAction\":[{\"@type\":\"ReadAction\",\"target\":[\"https:\\\/\\\/www.laguiadepamplona.com\\\/actualidad\\\/el-consistorio-organiza-un-taller-dirigido-a-profesionales-de-trabajo-social-para-analizar-la-relacion-con-las-personas-usuarias-y-como-se-pueden-mejorar-la-escucha-y-la-ayuda\\\/\"]}]},{\"@type\":\"ImageObject\",\"inLanguage\":\"es\",\"@id\":\"https:\\\/\\\/www.laguiadepamplona.com\\\/actualidad\\\/el-consistorio-organiza-un-taller-dirigido-a-profesionales-de-trabajo-social-para-analizar-la-relacion-con-las-personas-usuarias-y-como-se-pueden-mejorar-la-escucha-y-la-ayuda\\\/#primaryimage\",\"url\":\"https:\\\/\\\/www.laguiadepamplona.com\\\/actualidad\\\/wp-content\\\/uploads\\\/2017\\\/03\\\/trabajo_social_taller_1.jpg\",\"contentUrl\":\"https:\\\/\\\/www.laguiadepamplona.com\\\/actualidad\\\/wp-content\\\/uploads\\\/2017\\\/03\\\/trabajo_social_taller_1.jpg\",\"width\":1000,\"height\":666},{\"@type\":\"BreadcrumbList\",\"@id\":\"https:\\\/\\\/www.laguiadepamplona.com\\\/actualidad\\\/el-consistorio-organiza-un-taller-dirigido-a-profesionales-de-trabajo-social-para-analizar-la-relacion-con-las-personas-usuarias-y-como-se-pueden-mejorar-la-escucha-y-la-ayuda\\\/#breadcrumb\",\"itemListElement\":[{\"@type\":\"ListItem\",\"position\":1,\"name\":\"Portada\",\"item\":\"https:\\\/\\\/www.laguiadepamplona.com\\\/actualidad\\\/\"},{\"@type\":\"ListItem\",\"position\":2,\"name\":\"El Consistorio organiza un taller dirigido a profesionales de trabajo social para analizar la relaci\u00f3n con las personas usuarias y c\u00f3mo se pueden mejorar la escucha y la ayuda\"}]},{\"@type\":\"WebSite\",\"@id\":\"https:\\\/\\\/www.laguiadepamplona.com\\\/actualidad\\\/#website\",\"url\":\"https:\\\/\\\/www.laguiadepamplona.com\\\/actualidad\\\/\",\"name\":\"La gu\u00eda de Pamplona\",\"description\":\"Noticias de Pamplona\",\"publisher\":{\"@id\":\"https:\\\/\\\/www.laguiadepamplona.com\\\/actualidad\\\/#organization\"},\"potentialAction\":[{\"@type\":\"SearchAction\",\"target\":{\"@type\":\"EntryPoint\",\"urlTemplate\":\"https:\\\/\\\/www.laguiadepamplona.com\\\/actualidad\\\/?s={search_term_string}\"},\"query-input\":{\"@type\":\"PropertyValueSpecification\",\"valueRequired\":true,\"valueName\":\"search_term_string\"}}],\"inLanguage\":\"es\"},{\"@type\":\"Organization\",\"@id\":\"https:\\\/\\\/www.laguiadepamplona.com\\\/actualidad\\\/#organization\",\"name\":\"La Gu\u00eda de Pamplona \\\/ Noticias\",\"url\":\"https:\\\/\\\/www.laguiadepamplona.com\\\/actualidad\\\/\",\"logo\":{\"@type\":\"ImageObject\",\"inLanguage\":\"es\",\"@id\":\"https:\\\/\\\/www.laguiadepamplona.com\\\/actualidad\\\/#\\\/schema\\\/logo\\\/image\\\/\",\"url\":\"https:\\\/\\\/www.laguiadepamplona.com\\\/actualidad\\\/wp-content\\\/uploads\\\/2018\\\/11\\\/logo-laguiadepamplona18-web1.png\",\"contentUrl\":\"https:\\\/\\\/www.laguiadepamplona.com\\\/actualidad\\\/wp-content\\\/uploads\\\/2018\\\/11\\\/logo-laguiadepamplona18-web1.png\",\"width\":600,\"height\":196,\"caption\":\"La Gu\u00eda de Pamplona \\\/ Noticias\"},\"image\":{\"@id\":\"https:\\\/\\\/www.laguiadepamplona.com\\\/actualidad\\\/#\\\/schema\\\/logo\\\/image\\\/\"},\"sameAs\":[\"https:\\\/\\\/www.facebook.com\\\/laguiadepamplonacom-133175176762273\\\/?ref=hl\",\"https:\\\/\\\/x.com\\\/LaGuiadPamplona\",\"https:\\\/\\\/www.instagram.com\\\/la_guia_de_pamplona\\\/\",\"https:\\\/\\\/www.youtube.com\\\/user\\\/laguiadepamplona\"]},{\"@type\":\"Person\",\"@id\":\"https:\\\/\\\/www.laguiadepamplona.com\\\/actualidad\\\/#\\\/schema\\\/person\\\/efe887376f0213d4657c93adc50b1fdb\",\"name\":\"La Gu\u00eda de Pamplona\",\"image\":{\"@type\":\"ImageObject\",\"inLanguage\":\"es\",\"@id\":\"https:\\\/\\\/secure.gravatar.com\\\/avatar\\\/b6992f131dc8d30ab0dff15446e9d346d9dbd95992de0fef795073f5ea83a81c?s=96&d=mm&r=g\",\"url\":\"https:\\\/\\\/secure.gravatar.com\\\/avatar\\\/b6992f131dc8d30ab0dff15446e9d346d9dbd95992de0fef795073f5ea83a81c?s=96&d=mm&r=g\",\"contentUrl\":\"https:\\\/\\\/secure.gravatar.com\\\/avatar\\\/b6992f131dc8d30ab0dff15446e9d346d9dbd95992de0fef795073f5ea83a81c?s=96&d=mm&r=g\",\"caption\":\"La Gu\u00eda de Pamplona\"}}]}<\/script>\n<!-- \/ Yoast SEO plugin. -->","yoast_head_json":{"title":"El Consistorio organiza un taller dirigido a profesionales de trabajo social para analizar la relaci\u00f3n con las personas usuarias y c\u00f3mo se pueden mejorar la escucha y la ayuda","robots":{"index":"index","follow":"follow","max-snippet":"max-snippet:-1","max-image-preview":"max-image-preview:large","max-video-preview":"max-video-preview:-1"},"canonical":"https:\/\/www.laguiadepamplona.com\/actualidad\/el-consistorio-organiza-un-taller-dirigido-a-profesionales-de-trabajo-social-para-analizar-la-relacion-con-las-personas-usuarias-y-como-se-pueden-mejorar-la-escucha-y-la-ayuda\/","og_locale":"es_ES","og_type":"article","og_title":"El Consistorio organiza un taller dirigido a profesionales de trabajo social para analizar la relaci\u00f3n con las personas usuarias y c\u00f3mo se pueden mejorar la escucha y la ayuda","og_description":"Es la primera iniciativa de un plan de formaci\u00f3n para profesionales que trabajan en Atenci\u00f3n Primaria de Servicios Sociales","og_url":"https:\/\/www.laguiadepamplona.com\/actualidad\/el-consistorio-organiza-un-taller-dirigido-a-profesionales-de-trabajo-social-para-analizar-la-relacion-con-las-personas-usuarias-y-como-se-pueden-mejorar-la-escucha-y-la-ayuda\/","og_site_name":"La Gu\u00eda de Pamplona","article_publisher":"https:\/\/www.facebook.com\/laguiadepamplonacom-133175176762273\/?ref=hl","article_published_time":"2017-03-10T17:47:05+00:00","og_image":[{"width":1000,"height":666,"url":"https:\/\/www.laguiadepamplona.com\/actualidad\/wp-content\/uploads\/2017\/03\/trabajo_social_taller_1.jpg","type":"image\/jpeg"}],"author":"La Gu\u00eda de Pamplona","twitter_card":"summary_large_image","twitter_creator":"@LaGuiadPamplona","twitter_site":"@LaGuiadPamplona","twitter_misc":{"Escrito por":"La Gu\u00eda de Pamplona","Tiempo de lectura":"3 minutos"},"schema":{"@context":"https:\/\/schema.org","@graph":[{"@type":"Article","@id":"https:\/\/www.laguiadepamplona.com\/actualidad\/el-consistorio-organiza-un-taller-dirigido-a-profesionales-de-trabajo-social-para-analizar-la-relacion-con-las-personas-usuarias-y-como-se-pueden-mejorar-la-escucha-y-la-ayuda\/#article","isPartOf":{"@id":"https:\/\/www.laguiadepamplona.com\/actualidad\/el-consistorio-organiza-un-taller-dirigido-a-profesionales-de-trabajo-social-para-analizar-la-relacion-con-las-personas-usuarias-y-como-se-pueden-mejorar-la-escucha-y-la-ayuda\/"},"author":{"name":"La Gu\u00eda de Pamplona","@id":"https:\/\/www.laguiadepamplona.com\/actualidad\/#\/schema\/person\/efe887376f0213d4657c93adc50b1fdb"},"headline":"El Consistorio organiza un taller dirigido a profesionales de trabajo social para analizar la relaci\u00f3n con las personas usuarias y c\u00f3mo se pueden mejorar la escucha y la ayuda","datePublished":"2017-03-10T17:47:05+00:00","mainEntityOfPage":{"@id":"https:\/\/www.laguiadepamplona.com\/actualidad\/el-consistorio-organiza-un-taller-dirigido-a-profesionales-de-trabajo-social-para-analizar-la-relacion-con-las-personas-usuarias-y-como-se-pueden-mejorar-la-escucha-y-la-ayuda\/"},"wordCount":575,"publisher":{"@id":"https:\/\/www.laguiadepamplona.com\/actualidad\/#organization"},"image":{"@id":"https:\/\/www.laguiadepamplona.com\/actualidad\/el-consistorio-organiza-un-taller-dirigido-a-profesionales-de-trabajo-social-para-analizar-la-relacion-con-las-personas-usuarias-y-como-se-pueden-mejorar-la-escucha-y-la-ayuda\/#primaryimage"},"thumbnailUrl":"https:\/\/www.laguiadepamplona.com\/actualidad\/wp-content\/uploads\/2017\/03\/trabajo_social_taller_1.jpg","articleSection":["Ayto Pamplona"],"inLanguage":"es"},{"@type":"WebPage","@id":"https:\/\/www.laguiadepamplona.com\/actualidad\/el-consistorio-organiza-un-taller-dirigido-a-profesionales-de-trabajo-social-para-analizar-la-relacion-con-las-personas-usuarias-y-como-se-pueden-mejorar-la-escucha-y-la-ayuda\/","url":"https:\/\/www.laguiadepamplona.com\/actualidad\/el-consistorio-organiza-un-taller-dirigido-a-profesionales-de-trabajo-social-para-analizar-la-relacion-con-las-personas-usuarias-y-como-se-pueden-mejorar-la-escucha-y-la-ayuda\/","name":"El Consistorio organiza un taller dirigido a profesionales de trabajo social para analizar la relaci\u00f3n con las personas usuarias y c\u00f3mo se pueden mejorar la escucha y la ayuda","isPartOf":{"@id":"https:\/\/www.laguiadepamplona.com\/actualidad\/#website"},"primaryImageOfPage":{"@id":"https:\/\/www.laguiadepamplona.com\/actualidad\/el-consistorio-organiza-un-taller-dirigido-a-profesionales-de-trabajo-social-para-analizar-la-relacion-con-las-personas-usuarias-y-como-se-pueden-mejorar-la-escucha-y-la-ayuda\/#primaryimage"},"image":{"@id":"https:\/\/www.laguiadepamplona.com\/actualidad\/el-consistorio-organiza-un-taller-dirigido-a-profesionales-de-trabajo-social-para-analizar-la-relacion-con-las-personas-usuarias-y-como-se-pueden-mejorar-la-escucha-y-la-ayuda\/#primaryimage"},"thumbnailUrl":"https:\/\/www.laguiadepamplona.com\/actualidad\/wp-content\/uploads\/2017\/03\/trabajo_social_taller_1.jpg","datePublished":"2017-03-10T17:47:05+00:00","breadcrumb":{"@id":"https:\/\/www.laguiadepamplona.com\/actualidad\/el-consistorio-organiza-un-taller-dirigido-a-profesionales-de-trabajo-social-para-analizar-la-relacion-con-las-personas-usuarias-y-como-se-pueden-mejorar-la-escucha-y-la-ayuda\/#breadcrumb"},"inLanguage":"es","potentialAction":[{"@type":"ReadAction","target":["https:\/\/www.laguiadepamplona.com\/actualidad\/el-consistorio-organiza-un-taller-dirigido-a-profesionales-de-trabajo-social-para-analizar-la-relacion-con-las-personas-usuarias-y-como-se-pueden-mejorar-la-escucha-y-la-ayuda\/"]}]},{"@type":"ImageObject","inLanguage":"es","@id":"https:\/\/www.laguiadepamplona.com\/actualidad\/el-consistorio-organiza-un-taller-dirigido-a-profesionales-de-trabajo-social-para-analizar-la-relacion-con-las-personas-usuarias-y-como-se-pueden-mejorar-la-escucha-y-la-ayuda\/#primaryimage","url":"https:\/\/www.laguiadepamplona.com\/actualidad\/wp-content\/uploads\/2017\/03\/trabajo_social_taller_1.jpg","contentUrl":"https:\/\/www.laguiadepamplona.com\/actualidad\/wp-content\/uploads\/2017\/03\/trabajo_social_taller_1.jpg","width":1000,"height":666},{"@type":"BreadcrumbList","@id":"https:\/\/www.laguiadepamplona.com\/actualidad\/el-consistorio-organiza-un-taller-dirigido-a-profesionales-de-trabajo-social-para-analizar-la-relacion-con-las-personas-usuarias-y-como-se-pueden-mejorar-la-escucha-y-la-ayuda\/#breadcrumb","itemListElement":[{"@type":"ListItem","position":1,"name":"Portada","item":"https:\/\/www.laguiadepamplona.com\/actualidad\/"},{"@type":"ListItem","position":2,"name":"El Consistorio organiza un taller dirigido a profesionales de trabajo social para analizar la relaci\u00f3n con las personas usuarias y c\u00f3mo se pueden mejorar la escucha y la ayuda"}]},{"@type":"WebSite","@id":"https:\/\/www.laguiadepamplona.com\/actualidad\/#website","url":"https:\/\/www.laguiadepamplona.com\/actualidad\/","name":"La gu\u00eda de Pamplona","description":"Noticias de Pamplona","publisher":{"@id":"https:\/\/www.laguiadepamplona.com\/actualidad\/#organization"},"potentialAction":[{"@type":"SearchAction","target":{"@type":"EntryPoint","urlTemplate":"https:\/\/www.laguiadepamplona.com\/actualidad\/?s={search_term_string}"},"query-input":{"@type":"PropertyValueSpecification","valueRequired":true,"valueName":"search_term_string"}}],"inLanguage":"es"},{"@type":"Organization","@id":"https:\/\/www.laguiadepamplona.com\/actualidad\/#organization","name":"La Gu\u00eda de Pamplona \/ Noticias","url":"https:\/\/www.laguiadepamplona.com\/actualidad\/","logo":{"@type":"ImageObject","inLanguage":"es","@id":"https:\/\/www.laguiadepamplona.com\/actualidad\/#\/schema\/logo\/image\/","url":"https:\/\/www.laguiadepamplona.com\/actualidad\/wp-content\/uploads\/2018\/11\/logo-laguiadepamplona18-web1.png","contentUrl":"https:\/\/www.laguiadepamplona.com\/actualidad\/wp-content\/uploads\/2018\/11\/logo-laguiadepamplona18-web1.png","width":600,"height":196,"caption":"La Gu\u00eda de Pamplona \/ Noticias"},"image":{"@id":"https:\/\/www.laguiadepamplona.com\/actualidad\/#\/schema\/logo\/image\/"},"sameAs":["https:\/\/www.facebook.com\/laguiadepamplonacom-133175176762273\/?ref=hl","https:\/\/x.com\/LaGuiadPamplona","https:\/\/www.instagram.com\/la_guia_de_pamplona\/","https:\/\/www.youtube.com\/user\/laguiadepamplona"]},{"@type":"Person","@id":"https:\/\/www.laguiadepamplona.com\/actualidad\/#\/schema\/person\/efe887376f0213d4657c93adc50b1fdb","name":"La Gu\u00eda de Pamplona","image":{"@type":"ImageObject","inLanguage":"es","@id":"https:\/\/secure.gravatar.com\/avatar\/b6992f131dc8d30ab0dff15446e9d346d9dbd95992de0fef795073f5ea83a81c?s=96&d=mm&r=g","url":"https:\/\/secure.gravatar.com\/avatar\/b6992f131dc8d30ab0dff15446e9d346d9dbd95992de0fef795073f5ea83a81c?s=96&d=mm&r=g","contentUrl":"https:\/\/secure.gravatar.com\/avatar\/b6992f131dc8d30ab0dff15446e9d346d9dbd95992de0fef795073f5ea83a81c?s=96&d=mm&r=g","caption":"La Gu\u00eda de Pamplona"}}]}},"post_mailing_queue_ids":[],"_links":{"self":[{"href":"https:\/\/www.laguiadepamplona.com\/actualidad\/wp-json\/wp\/v2\/posts\/12212","targetHints":{"allow":["GET"]}}],"collection":[{"href":"https:\/\/www.laguiadepamplona.com\/actualidad\/wp-json\/wp\/v2\/posts"}],"about":[{"href":"https:\/\/www.laguiadepamplona.com\/actualidad\/wp-json\/wp\/v2\/types\/post"}],"author":[{"embeddable":true,"href":"https:\/\/www.laguiadepamplona.com\/actualidad\/wp-json\/wp\/v2\/users\/1"}],"replies":[{"embeddable":true,"href":"https:\/\/www.laguiadepamplona.com\/actualidad\/wp-json\/wp\/v2\/comments?post=12212"}],"version-history":[{"count":0,"href":"https:\/\/www.laguiadepamplona.com\/actualidad\/wp-json\/wp\/v2\/posts\/12212\/revisions"}],"wp:featuredmedia":[{"embeddable":true,"href":"https:\/\/www.laguiadepamplona.com\/actualidad\/wp-json\/wp\/v2\/media\/12213"}],"wp:attachment":[{"href":"https:\/\/www.laguiadepamplona.com\/actualidad\/wp-json\/wp\/v2\/media?parent=12212"}],"wp:term":[{"taxonomy":"category","embeddable":true,"href":"https:\/\/www.laguiadepamplona.com\/actualidad\/wp-json\/wp\/v2\/categories?post=12212"},{"taxonomy":"post_tag","embeddable":true,"href":"https:\/\/www.laguiadepamplona.com\/actualidad\/wp-json\/wp\/v2\/tags?post=12212"}],"curies":[{"name":"wp","href":"https:\/\/api.w.org\/{rel}","templated":true}]}}