{"id":12200,"date":"2017-03-10T13:02:23","date_gmt":"2017-03-10T12:02:23","guid":{"rendered":"http:\/\/laguiadepamplona.es\/actualidad\/?p=12200"},"modified":"2017-03-10T13:02:23","modified_gmt":"2017-03-10T12:02:23","slug":"el-ayuntamiento-desmiente-que-se-contemple-la-cesion-de-la-propiedad-de-la-imagen-de-la-dolorosa-y-aclara-que-solo-se-habla-con-el-arzobispado-de-regular-su-uso","status":"publish","type":"post","link":"https:\/\/www.laguiadepamplona.com\/actualidad\/el-ayuntamiento-desmiente-que-se-contemple-la-cesion-de-la-propiedad-de-la-imagen-de-la-dolorosa-y-aclara-que-solo-se-habla-con-el-arzobispado-de-regular-su-uso\/","title":{"rendered":"El Ayuntamiento desmiente que se contemple la cesi\u00f3n de la propiedad de la imagen de \u2018La Dolorosa\u2019 y aclara que s\u00f3lo se habla con el Arzobispado de regular su uso"},"content":{"rendered":"<p><!--more--><\/p>\n<p>El Ayuntamiento de Pamplona no cotempla la cesi\u00f3n de la propiedad de la imagen de Nuestra Se\u00f1ora de la Soledad, \u2018La Dolorosa\u2019, un bien patrimonial en la ciudad de Pamplona propiedad del Consistorio sino que est\u00e1 trabajando en la regulaci\u00f3n de su uso tradicional. Por ese motivo, se ha iniciado un proceso de estudio que busca recopilar toda la informaci\u00f3n disponible en los archivos municipales relativa a la imagen de Nuestra Se\u00f1ora de la Soledad, as\u00ed como documentaci\u00f3n relacionada con su uso y cesi\u00f3n de ese uso. Esa investigaci\u00f3n no tiene como finalidad la cesi\u00f3n de la propiedad de la imagen sino \u00fanicamente la regulaci\u00f3n de su uso.<\/p>\n<p>Por ello, el Ayuntamiento solicita una rectificaci\u00f3n a los medios y a los grupos municipales que han difundido informaci\u00f3n en la que se dec\u00eda que el Consistorio estaba contemplando la cesi\u00f3n de la propiedad de la imagen de \u2018La Dolorosa\u2019, un hecho no barajado por el Ayuntamiento. Todos los datos han sido remitidos a los servicios jur\u00eddicos municipales.<\/p>\n<p>El alcalde de Pamplona, Joseba Asiron, escribi\u00f3 con fecha 20 de febrero una carta al arzobispo de Pamplona, Francisco P\u00e9rez, para concretar una reuni\u00f3n, ya que \u201cson tambi\u00e9n una parte importante y conocedora de los usos y costumbres\u201d, con el fin de recabar m\u00e1s informaci\u00f3n para realizar la regulaci\u00f3n del uso de la imagen. En esa misma misiva tambi\u00e9n se aclara que la imagen es \u201cun bien patrimonial de la ciudad de Pamplona y propiedad del Consistorio\u201d. La reuni\u00f3n reclamada por el Ayuntamiento se celebrar\u00e1 hoy mismo y en ella se transmitir\u00e1 tambi\u00e9n de palabra que la intenci\u00f3n municipal es \u00fanicamente regular los usos que se est\u00e1n haciendo de la citada imagen.<\/p>\n<p>La Dolorosa es la imagen m\u00e1s antigua de entre los pasos de la Semana Santa pamplonesa y el \u00fanico de propiedad municipal. Fue realizado el \u00faltimo tercio del siglo XIX (1883) por Rosendo Nobas i Ballb\u00e9 (Barcelona, 1838-1891), un escultor catal\u00e1n especializado en im\u00e1genes religiosas, retratos y escultura funeraria. El Ayuntamiento pag\u00f3 en su momento por \u00e9l 200 pesetas, m\u00e1s otras 48 en concepto de embalaje y transporte desde el taller del escultor. Los gastos se sufragaron gracias a la herencia legada al Consistorio por Sof\u00eda Villanueva Armend\u00e1riz, pamplonesa residente en Tolosa.<\/p>\n","protected":false},"excerpt":{"rendered":"","protected":false},"author":1,"featured_media":12201,"comment_status":"closed","ping_status":"closed","sticky":false,"template":"","format":"standard","meta":{"footnotes":""},"categories":[2],"tags":[],"class_list":["post-12200","post","type-post","status-publish","format-standard","has-post-thumbnail","hentry","category-ayuntamiento-pamplona"],"yoast_head":"<!-- This site is optimized with the Yoast SEO plugin v27.3 - https:\/\/yoast.com\/product\/yoast-seo-wordpress\/ -->\n<title>El Ayuntamiento desmiente que se contemple la cesi\u00f3n de la propiedad de la imagen de \u2018La Dolorosa\u2019 y aclara que s\u00f3lo se habla con el Arzobispado de regular su uso<\/title>\n<meta name=\"robots\" content=\"index, follow, max-snippet:-1, max-image-preview:large, max-video-preview:-1\" \/>\n<link rel=\"canonical\" href=\"https:\/\/www.laguiadepamplona.com\/actualidad\/el-ayuntamiento-desmiente-que-se-contemple-la-cesion-de-la-propiedad-de-la-imagen-de-la-dolorosa-y-aclara-que-solo-se-habla-con-el-arzobispado-de-regular-su-uso\/\" \/>\n<meta property=\"og:locale\" content=\"es_ES\" \/>\n<meta property=\"og:type\" content=\"article\" \/>\n<meta property=\"og:title\" content=\"El Ayuntamiento desmiente que se contemple la cesi\u00f3n de la propiedad de la imagen de \u2018La Dolorosa\u2019 y aclara que s\u00f3lo se habla con el Arzobispado de regular su uso\" \/>\n<meta property=\"og:url\" content=\"https:\/\/www.laguiadepamplona.com\/actualidad\/el-ayuntamiento-desmiente-que-se-contemple-la-cesion-de-la-propiedad-de-la-imagen-de-la-dolorosa-y-aclara-que-solo-se-habla-con-el-arzobispado-de-regular-su-uso\/\" \/>\n<meta property=\"og:site_name\" content=\"La Gu\u00eda de Pamplona\" \/>\n<meta property=\"article:publisher\" content=\"https:\/\/www.facebook.com\/laguiadepamplonacom-133175176762273\/?ref=hl\" \/>\n<meta property=\"article:published_time\" content=\"2017-03-10T12:02:23+00:00\" \/>\n<meta property=\"og:image\" content=\"https:\/\/www.laguiadepamplona.com\/actualidad\/wp-content\/uploads\/2017\/03\/la-dolorosa-pamplona.jpg\" \/>\n\t<meta property=\"og:image:width\" content=\"1024\" \/>\n\t<meta property=\"og:image:height\" content=\"683\" \/>\n\t<meta property=\"og:image:type\" content=\"image\/jpeg\" \/>\n<meta name=\"author\" content=\"La Gu\u00eda de Pamplona\" \/>\n<meta name=\"twitter:card\" content=\"summary_large_image\" \/>\n<meta name=\"twitter:creator\" content=\"@LaGuiadPamplona\" \/>\n<meta name=\"twitter:site\" content=\"@LaGuiadPamplona\" \/>\n<meta name=\"twitter:label1\" content=\"Escrito por\" \/>\n\t<meta name=\"twitter:data1\" content=\"La Gu\u00eda de Pamplona\" \/>\n\t<meta name=\"twitter:label2\" content=\"Tiempo de lectura\" \/>\n\t<meta name=\"twitter:data2\" content=\"2 minutos\" \/>\n<script type=\"application\/ld+json\" class=\"yoast-schema-graph\">{\"@context\":\"https:\\\/\\\/schema.org\",\"@graph\":[{\"@type\":\"Article\",\"@id\":\"https:\\\/\\\/www.laguiadepamplona.com\\\/actualidad\\\/el-ayuntamiento-desmiente-que-se-contemple-la-cesion-de-la-propiedad-de-la-imagen-de-la-dolorosa-y-aclara-que-solo-se-habla-con-el-arzobispado-de-regular-su-uso\\\/#article\",\"isPartOf\":{\"@id\":\"https:\\\/\\\/www.laguiadepamplona.com\\\/actualidad\\\/el-ayuntamiento-desmiente-que-se-contemple-la-cesion-de-la-propiedad-de-la-imagen-de-la-dolorosa-y-aclara-que-solo-se-habla-con-el-arzobispado-de-regular-su-uso\\\/\"},\"author\":{\"name\":\"La Gu\u00eda de Pamplona\",\"@id\":\"https:\\\/\\\/www.laguiadepamplona.com\\\/actualidad\\\/#\\\/schema\\\/person\\\/efe887376f0213d4657c93adc50b1fdb\"},\"headline\":\"El Ayuntamiento desmiente que se contemple la cesi\u00f3n de la propiedad de la imagen de \u2018La Dolorosa\u2019 y aclara que s\u00f3lo se habla con el Arzobispado de regular su uso\",\"datePublished\":\"2017-03-10T12:02:23+00:00\",\"mainEntityOfPage\":{\"@id\":\"https:\\\/\\\/www.laguiadepamplona.com\\\/actualidad\\\/el-ayuntamiento-desmiente-que-se-contemple-la-cesion-de-la-propiedad-de-la-imagen-de-la-dolorosa-y-aclara-que-solo-se-habla-con-el-arzobispado-de-regular-su-uso\\\/\"},\"wordCount\":430,\"publisher\":{\"@id\":\"https:\\\/\\\/www.laguiadepamplona.com\\\/actualidad\\\/#organization\"},\"image\":{\"@id\":\"https:\\\/\\\/www.laguiadepamplona.com\\\/actualidad\\\/el-ayuntamiento-desmiente-que-se-contemple-la-cesion-de-la-propiedad-de-la-imagen-de-la-dolorosa-y-aclara-que-solo-se-habla-con-el-arzobispado-de-regular-su-uso\\\/#primaryimage\"},\"thumbnailUrl\":\"https:\\\/\\\/www.laguiadepamplona.com\\\/actualidad\\\/wp-content\\\/uploads\\\/2017\\\/03\\\/la-dolorosa-pamplona.jpg\",\"articleSection\":[\"Ayto Pamplona\"],\"inLanguage\":\"es\"},{\"@type\":\"WebPage\",\"@id\":\"https:\\\/\\\/www.laguiadepamplona.com\\\/actualidad\\\/el-ayuntamiento-desmiente-que-se-contemple-la-cesion-de-la-propiedad-de-la-imagen-de-la-dolorosa-y-aclara-que-solo-se-habla-con-el-arzobispado-de-regular-su-uso\\\/\",\"url\":\"https:\\\/\\\/www.laguiadepamplona.com\\\/actualidad\\\/el-ayuntamiento-desmiente-que-se-contemple-la-cesion-de-la-propiedad-de-la-imagen-de-la-dolorosa-y-aclara-que-solo-se-habla-con-el-arzobispado-de-regular-su-uso\\\/\",\"name\":\"El Ayuntamiento desmiente que se contemple la cesi\u00f3n de la propiedad de la imagen de \u2018La Dolorosa\u2019 y aclara que s\u00f3lo se habla con el Arzobispado de regular su uso\",\"isPartOf\":{\"@id\":\"https:\\\/\\\/www.laguiadepamplona.com\\\/actualidad\\\/#website\"},\"primaryImageOfPage\":{\"@id\":\"https:\\\/\\\/www.laguiadepamplona.com\\\/actualidad\\\/el-ayuntamiento-desmiente-que-se-contemple-la-cesion-de-la-propiedad-de-la-imagen-de-la-dolorosa-y-aclara-que-solo-se-habla-con-el-arzobispado-de-regular-su-uso\\\/#primaryimage\"},\"image\":{\"@id\":\"https:\\\/\\\/www.laguiadepamplona.com\\\/actualidad\\\/el-ayuntamiento-desmiente-que-se-contemple-la-cesion-de-la-propiedad-de-la-imagen-de-la-dolorosa-y-aclara-que-solo-se-habla-con-el-arzobispado-de-regular-su-uso\\\/#primaryimage\"},\"thumbnailUrl\":\"https:\\\/\\\/www.laguiadepamplona.com\\\/actualidad\\\/wp-content\\\/uploads\\\/2017\\\/03\\\/la-dolorosa-pamplona.jpg\",\"datePublished\":\"2017-03-10T12:02:23+00:00\",\"breadcrumb\":{\"@id\":\"https:\\\/\\\/www.laguiadepamplona.com\\\/actualidad\\\/el-ayuntamiento-desmiente-que-se-contemple-la-cesion-de-la-propiedad-de-la-imagen-de-la-dolorosa-y-aclara-que-solo-se-habla-con-el-arzobispado-de-regular-su-uso\\\/#breadcrumb\"},\"inLanguage\":\"es\",\"potentialAction\":[{\"@type\":\"ReadAction\",\"target\":[\"https:\\\/\\\/www.laguiadepamplona.com\\\/actualidad\\\/el-ayuntamiento-desmiente-que-se-contemple-la-cesion-de-la-propiedad-de-la-imagen-de-la-dolorosa-y-aclara-que-solo-se-habla-con-el-arzobispado-de-regular-su-uso\\\/\"]}]},{\"@type\":\"ImageObject\",\"inLanguage\":\"es\",\"@id\":\"https:\\\/\\\/www.laguiadepamplona.com\\\/actualidad\\\/el-ayuntamiento-desmiente-que-se-contemple-la-cesion-de-la-propiedad-de-la-imagen-de-la-dolorosa-y-aclara-que-solo-se-habla-con-el-arzobispado-de-regular-su-uso\\\/#primaryimage\",\"url\":\"https:\\\/\\\/www.laguiadepamplona.com\\\/actualidad\\\/wp-content\\\/uploads\\\/2017\\\/03\\\/la-dolorosa-pamplona.jpg\",\"contentUrl\":\"https:\\\/\\\/www.laguiadepamplona.com\\\/actualidad\\\/wp-content\\\/uploads\\\/2017\\\/03\\\/la-dolorosa-pamplona.jpg\",\"width\":1024,\"height\":683,\"caption\":\"la dolorosa pamplona\"},{\"@type\":\"BreadcrumbList\",\"@id\":\"https:\\\/\\\/www.laguiadepamplona.com\\\/actualidad\\\/el-ayuntamiento-desmiente-que-se-contemple-la-cesion-de-la-propiedad-de-la-imagen-de-la-dolorosa-y-aclara-que-solo-se-habla-con-el-arzobispado-de-regular-su-uso\\\/#breadcrumb\",\"itemListElement\":[{\"@type\":\"ListItem\",\"position\":1,\"name\":\"Portada\",\"item\":\"https:\\\/\\\/www.laguiadepamplona.com\\\/actualidad\\\/\"},{\"@type\":\"ListItem\",\"position\":2,\"name\":\"El Ayuntamiento desmiente que se contemple la cesi\u00f3n de la propiedad de la imagen de \u2018La Dolorosa\u2019 y aclara que s\u00f3lo se habla con el Arzobispado de regular su uso\"}]},{\"@type\":\"WebSite\",\"@id\":\"https:\\\/\\\/www.laguiadepamplona.com\\\/actualidad\\\/#website\",\"url\":\"https:\\\/\\\/www.laguiadepamplona.com\\\/actualidad\\\/\",\"name\":\"La gu\u00eda de Pamplona\",\"description\":\"Noticias de Pamplona\",\"publisher\":{\"@id\":\"https:\\\/\\\/www.laguiadepamplona.com\\\/actualidad\\\/#organization\"},\"potentialAction\":[{\"@type\":\"SearchAction\",\"target\":{\"@type\":\"EntryPoint\",\"urlTemplate\":\"https:\\\/\\\/www.laguiadepamplona.com\\\/actualidad\\\/?s={search_term_string}\"},\"query-input\":{\"@type\":\"PropertyValueSpecification\",\"valueRequired\":true,\"valueName\":\"search_term_string\"}}],\"inLanguage\":\"es\"},{\"@type\":\"Organization\",\"@id\":\"https:\\\/\\\/www.laguiadepamplona.com\\\/actualidad\\\/#organization\",\"name\":\"La Gu\u00eda de Pamplona \\\/ Noticias\",\"url\":\"https:\\\/\\\/www.laguiadepamplona.com\\\/actualidad\\\/\",\"logo\":{\"@type\":\"ImageObject\",\"inLanguage\":\"es\",\"@id\":\"https:\\\/\\\/www.laguiadepamplona.com\\\/actualidad\\\/#\\\/schema\\\/logo\\\/image\\\/\",\"url\":\"https:\\\/\\\/www.laguiadepamplona.com\\\/actualidad\\\/wp-content\\\/uploads\\\/2018\\\/11\\\/logo-laguiadepamplona18-web1.png\",\"contentUrl\":\"https:\\\/\\\/www.laguiadepamplona.com\\\/actualidad\\\/wp-content\\\/uploads\\\/2018\\\/11\\\/logo-laguiadepamplona18-web1.png\",\"width\":600,\"height\":196,\"caption\":\"La Gu\u00eda de Pamplona \\\/ Noticias\"},\"image\":{\"@id\":\"https:\\\/\\\/www.laguiadepamplona.com\\\/actualidad\\\/#\\\/schema\\\/logo\\\/image\\\/\"},\"sameAs\":[\"https:\\\/\\\/www.facebook.com\\\/laguiadepamplonacom-133175176762273\\\/?ref=hl\",\"https:\\\/\\\/x.com\\\/LaGuiadPamplona\",\"https:\\\/\\\/www.instagram.com\\\/la_guia_de_pamplona\\\/\",\"https:\\\/\\\/www.youtube.com\\\/user\\\/laguiadepamplona\"]},{\"@type\":\"Person\",\"@id\":\"https:\\\/\\\/www.laguiadepamplona.com\\\/actualidad\\\/#\\\/schema\\\/person\\\/efe887376f0213d4657c93adc50b1fdb\",\"name\":\"La Gu\u00eda de Pamplona\",\"image\":{\"@type\":\"ImageObject\",\"inLanguage\":\"es\",\"@id\":\"https:\\\/\\\/secure.gravatar.com\\\/avatar\\\/b6992f131dc8d30ab0dff15446e9d346d9dbd95992de0fef795073f5ea83a81c?s=96&d=mm&r=g\",\"url\":\"https:\\\/\\\/secure.gravatar.com\\\/avatar\\\/b6992f131dc8d30ab0dff15446e9d346d9dbd95992de0fef795073f5ea83a81c?s=96&d=mm&r=g\",\"contentUrl\":\"https:\\\/\\\/secure.gravatar.com\\\/avatar\\\/b6992f131dc8d30ab0dff15446e9d346d9dbd95992de0fef795073f5ea83a81c?s=96&d=mm&r=g\",\"caption\":\"La Gu\u00eda de Pamplona\"}}]}<\/script>\n<!-- \/ Yoast SEO plugin. -->","yoast_head_json":{"title":"El Ayuntamiento desmiente que se contemple la cesi\u00f3n de la propiedad de la imagen de \u2018La Dolorosa\u2019 y aclara que s\u00f3lo se habla con el Arzobispado de regular su uso","robots":{"index":"index","follow":"follow","max-snippet":"max-snippet:-1","max-image-preview":"max-image-preview:large","max-video-preview":"max-video-preview:-1"},"canonical":"https:\/\/www.laguiadepamplona.com\/actualidad\/el-ayuntamiento-desmiente-que-se-contemple-la-cesion-de-la-propiedad-de-la-imagen-de-la-dolorosa-y-aclara-que-solo-se-habla-con-el-arzobispado-de-regular-su-uso\/","og_locale":"es_ES","og_type":"article","og_title":"El Ayuntamiento desmiente que se contemple la cesi\u00f3n de la propiedad de la imagen de \u2018La Dolorosa\u2019 y aclara que s\u00f3lo se habla con el Arzobispado de regular su uso","og_url":"https:\/\/www.laguiadepamplona.com\/actualidad\/el-ayuntamiento-desmiente-que-se-contemple-la-cesion-de-la-propiedad-de-la-imagen-de-la-dolorosa-y-aclara-que-solo-se-habla-con-el-arzobispado-de-regular-su-uso\/","og_site_name":"La Gu\u00eda de Pamplona","article_publisher":"https:\/\/www.facebook.com\/laguiadepamplonacom-133175176762273\/?ref=hl","article_published_time":"2017-03-10T12:02:23+00:00","og_image":[{"width":1024,"height":683,"url":"https:\/\/www.laguiadepamplona.com\/actualidad\/wp-content\/uploads\/2017\/03\/la-dolorosa-pamplona.jpg","type":"image\/jpeg"}],"author":"La Gu\u00eda de Pamplona","twitter_card":"summary_large_image","twitter_creator":"@LaGuiadPamplona","twitter_site":"@LaGuiadPamplona","twitter_misc":{"Escrito por":"La Gu\u00eda de Pamplona","Tiempo de lectura":"2 minutos"},"schema":{"@context":"https:\/\/schema.org","@graph":[{"@type":"Article","@id":"https:\/\/www.laguiadepamplona.com\/actualidad\/el-ayuntamiento-desmiente-que-se-contemple-la-cesion-de-la-propiedad-de-la-imagen-de-la-dolorosa-y-aclara-que-solo-se-habla-con-el-arzobispado-de-regular-su-uso\/#article","isPartOf":{"@id":"https:\/\/www.laguiadepamplona.com\/actualidad\/el-ayuntamiento-desmiente-que-se-contemple-la-cesion-de-la-propiedad-de-la-imagen-de-la-dolorosa-y-aclara-que-solo-se-habla-con-el-arzobispado-de-regular-su-uso\/"},"author":{"name":"La Gu\u00eda de Pamplona","@id":"https:\/\/www.laguiadepamplona.com\/actualidad\/#\/schema\/person\/efe887376f0213d4657c93adc50b1fdb"},"headline":"El Ayuntamiento desmiente que se contemple la cesi\u00f3n de la propiedad de la imagen de \u2018La Dolorosa\u2019 y aclara que s\u00f3lo se habla con el Arzobispado de regular su uso","datePublished":"2017-03-10T12:02:23+00:00","mainEntityOfPage":{"@id":"https:\/\/www.laguiadepamplona.com\/actualidad\/el-ayuntamiento-desmiente-que-se-contemple-la-cesion-de-la-propiedad-de-la-imagen-de-la-dolorosa-y-aclara-que-solo-se-habla-con-el-arzobispado-de-regular-su-uso\/"},"wordCount":430,"publisher":{"@id":"https:\/\/www.laguiadepamplona.com\/actualidad\/#organization"},"image":{"@id":"https:\/\/www.laguiadepamplona.com\/actualidad\/el-ayuntamiento-desmiente-que-se-contemple-la-cesion-de-la-propiedad-de-la-imagen-de-la-dolorosa-y-aclara-que-solo-se-habla-con-el-arzobispado-de-regular-su-uso\/#primaryimage"},"thumbnailUrl":"https:\/\/www.laguiadepamplona.com\/actualidad\/wp-content\/uploads\/2017\/03\/la-dolorosa-pamplona.jpg","articleSection":["Ayto Pamplona"],"inLanguage":"es"},{"@type":"WebPage","@id":"https:\/\/www.laguiadepamplona.com\/actualidad\/el-ayuntamiento-desmiente-que-se-contemple-la-cesion-de-la-propiedad-de-la-imagen-de-la-dolorosa-y-aclara-que-solo-se-habla-con-el-arzobispado-de-regular-su-uso\/","url":"https:\/\/www.laguiadepamplona.com\/actualidad\/el-ayuntamiento-desmiente-que-se-contemple-la-cesion-de-la-propiedad-de-la-imagen-de-la-dolorosa-y-aclara-que-solo-se-habla-con-el-arzobispado-de-regular-su-uso\/","name":"El Ayuntamiento desmiente que se contemple la cesi\u00f3n de la propiedad de la imagen de \u2018La Dolorosa\u2019 y aclara que s\u00f3lo se habla con el Arzobispado de regular su uso","isPartOf":{"@id":"https:\/\/www.laguiadepamplona.com\/actualidad\/#website"},"primaryImageOfPage":{"@id":"https:\/\/www.laguiadepamplona.com\/actualidad\/el-ayuntamiento-desmiente-que-se-contemple-la-cesion-de-la-propiedad-de-la-imagen-de-la-dolorosa-y-aclara-que-solo-se-habla-con-el-arzobispado-de-regular-su-uso\/#primaryimage"},"image":{"@id":"https:\/\/www.laguiadepamplona.com\/actualidad\/el-ayuntamiento-desmiente-que-se-contemple-la-cesion-de-la-propiedad-de-la-imagen-de-la-dolorosa-y-aclara-que-solo-se-habla-con-el-arzobispado-de-regular-su-uso\/#primaryimage"},"thumbnailUrl":"https:\/\/www.laguiadepamplona.com\/actualidad\/wp-content\/uploads\/2017\/03\/la-dolorosa-pamplona.jpg","datePublished":"2017-03-10T12:02:23+00:00","breadcrumb":{"@id":"https:\/\/www.laguiadepamplona.com\/actualidad\/el-ayuntamiento-desmiente-que-se-contemple-la-cesion-de-la-propiedad-de-la-imagen-de-la-dolorosa-y-aclara-que-solo-se-habla-con-el-arzobispado-de-regular-su-uso\/#breadcrumb"},"inLanguage":"es","potentialAction":[{"@type":"ReadAction","target":["https:\/\/www.laguiadepamplona.com\/actualidad\/el-ayuntamiento-desmiente-que-se-contemple-la-cesion-de-la-propiedad-de-la-imagen-de-la-dolorosa-y-aclara-que-solo-se-habla-con-el-arzobispado-de-regular-su-uso\/"]}]},{"@type":"ImageObject","inLanguage":"es","@id":"https:\/\/www.laguiadepamplona.com\/actualidad\/el-ayuntamiento-desmiente-que-se-contemple-la-cesion-de-la-propiedad-de-la-imagen-de-la-dolorosa-y-aclara-que-solo-se-habla-con-el-arzobispado-de-regular-su-uso\/#primaryimage","url":"https:\/\/www.laguiadepamplona.com\/actualidad\/wp-content\/uploads\/2017\/03\/la-dolorosa-pamplona.jpg","contentUrl":"https:\/\/www.laguiadepamplona.com\/actualidad\/wp-content\/uploads\/2017\/03\/la-dolorosa-pamplona.jpg","width":1024,"height":683,"caption":"la dolorosa pamplona"},{"@type":"BreadcrumbList","@id":"https:\/\/www.laguiadepamplona.com\/actualidad\/el-ayuntamiento-desmiente-que-se-contemple-la-cesion-de-la-propiedad-de-la-imagen-de-la-dolorosa-y-aclara-que-solo-se-habla-con-el-arzobispado-de-regular-su-uso\/#breadcrumb","itemListElement":[{"@type":"ListItem","position":1,"name":"Portada","item":"https:\/\/www.laguiadepamplona.com\/actualidad\/"},{"@type":"ListItem","position":2,"name":"El Ayuntamiento desmiente que se contemple la cesi\u00f3n de la propiedad de la imagen de \u2018La Dolorosa\u2019 y aclara que s\u00f3lo se habla con el Arzobispado de regular su uso"}]},{"@type":"WebSite","@id":"https:\/\/www.laguiadepamplona.com\/actualidad\/#website","url":"https:\/\/www.laguiadepamplona.com\/actualidad\/","name":"La gu\u00eda de Pamplona","description":"Noticias de Pamplona","publisher":{"@id":"https:\/\/www.laguiadepamplona.com\/actualidad\/#organization"},"potentialAction":[{"@type":"SearchAction","target":{"@type":"EntryPoint","urlTemplate":"https:\/\/www.laguiadepamplona.com\/actualidad\/?s={search_term_string}"},"query-input":{"@type":"PropertyValueSpecification","valueRequired":true,"valueName":"search_term_string"}}],"inLanguage":"es"},{"@type":"Organization","@id":"https:\/\/www.laguiadepamplona.com\/actualidad\/#organization","name":"La Gu\u00eda de Pamplona \/ Noticias","url":"https:\/\/www.laguiadepamplona.com\/actualidad\/","logo":{"@type":"ImageObject","inLanguage":"es","@id":"https:\/\/www.laguiadepamplona.com\/actualidad\/#\/schema\/logo\/image\/","url":"https:\/\/www.laguiadepamplona.com\/actualidad\/wp-content\/uploads\/2018\/11\/logo-laguiadepamplona18-web1.png","contentUrl":"https:\/\/www.laguiadepamplona.com\/actualidad\/wp-content\/uploads\/2018\/11\/logo-laguiadepamplona18-web1.png","width":600,"height":196,"caption":"La Gu\u00eda de Pamplona \/ Noticias"},"image":{"@id":"https:\/\/www.laguiadepamplona.com\/actualidad\/#\/schema\/logo\/image\/"},"sameAs":["https:\/\/www.facebook.com\/laguiadepamplonacom-133175176762273\/?ref=hl","https:\/\/x.com\/LaGuiadPamplona","https:\/\/www.instagram.com\/la_guia_de_pamplona\/","https:\/\/www.youtube.com\/user\/laguiadepamplona"]},{"@type":"Person","@id":"https:\/\/www.laguiadepamplona.com\/actualidad\/#\/schema\/person\/efe887376f0213d4657c93adc50b1fdb","name":"La Gu\u00eda de Pamplona","image":{"@type":"ImageObject","inLanguage":"es","@id":"https:\/\/secure.gravatar.com\/avatar\/b6992f131dc8d30ab0dff15446e9d346d9dbd95992de0fef795073f5ea83a81c?s=96&d=mm&r=g","url":"https:\/\/secure.gravatar.com\/avatar\/b6992f131dc8d30ab0dff15446e9d346d9dbd95992de0fef795073f5ea83a81c?s=96&d=mm&r=g","contentUrl":"https:\/\/secure.gravatar.com\/avatar\/b6992f131dc8d30ab0dff15446e9d346d9dbd95992de0fef795073f5ea83a81c?s=96&d=mm&r=g","caption":"La Gu\u00eda de Pamplona"}}]}},"post_mailing_queue_ids":[],"_links":{"self":[{"href":"https:\/\/www.laguiadepamplona.com\/actualidad\/wp-json\/wp\/v2\/posts\/12200","targetHints":{"allow":["GET"]}}],"collection":[{"href":"https:\/\/www.laguiadepamplona.com\/actualidad\/wp-json\/wp\/v2\/posts"}],"about":[{"href":"https:\/\/www.laguiadepamplona.com\/actualidad\/wp-json\/wp\/v2\/types\/post"}],"author":[{"embeddable":true,"href":"https:\/\/www.laguiadepamplona.com\/actualidad\/wp-json\/wp\/v2\/users\/1"}],"replies":[{"embeddable":true,"href":"https:\/\/www.laguiadepamplona.com\/actualidad\/wp-json\/wp\/v2\/comments?post=12200"}],"version-history":[{"count":0,"href":"https:\/\/www.laguiadepamplona.com\/actualidad\/wp-json\/wp\/v2\/posts\/12200\/revisions"}],"wp:featuredmedia":[{"embeddable":true,"href":"https:\/\/www.laguiadepamplona.com\/actualidad\/wp-json\/wp\/v2\/media\/12201"}],"wp:attachment":[{"href":"https:\/\/www.laguiadepamplona.com\/actualidad\/wp-json\/wp\/v2\/media?parent=12200"}],"wp:term":[{"taxonomy":"category","embeddable":true,"href":"https:\/\/www.laguiadepamplona.com\/actualidad\/wp-json\/wp\/v2\/categories?post=12200"},{"taxonomy":"post_tag","embeddable":true,"href":"https:\/\/www.laguiadepamplona.com\/actualidad\/wp-json\/wp\/v2\/tags?post=12200"}],"curies":[{"name":"wp","href":"https:\/\/api.w.org\/{rel}","templated":true}]}}