{"id":12196,"date":"2017-03-10T12:56:29","date_gmt":"2017-03-10T11:56:29","guid":{"rendered":"http:\/\/laguiadepamplona.es\/actualidad\/?p=12196"},"modified":"2017-03-10T12:56:29","modified_gmt":"2017-03-10T11:56:29","slug":"el-ciclo-sobre-asertividad-concluye-el-lunes-con-una-conferencia-en-civivox-san-jorge-sobre-como-disenar-y-alcanzar-retos-personales-y-profesionales","status":"publish","type":"post","link":"https:\/\/www.laguiadepamplona.com\/actualidad\/el-ciclo-sobre-asertividad-concluye-el-lunes-con-una-conferencia-en-civivox-san-jorge-sobre-como-disenar-y-alcanzar-retos-personales-y-profesionales\/","title":{"rendered":"El ciclo sobre asertividad concluye el lunes con una conferencia en Civivox San Jorge sobre c\u00f3mo dise\u00f1ar y alcanzar retos personales y profesionales"},"content":{"rendered":"<h3>Impartir\u00e1 la sesi\u00f3n, a partir de las 19 horas con entrada libre, la periodista especializada en habilidades de comunicaci\u00f3n, Cristina Ochoa<\/h3>\n<p><!--more--><\/p>\n<p>Civivox San Jorge acoge este lunes la \u00faltima sesi\u00f3n trimestral del ciclo \u2018Asertividad: proyectos personales y profesionales\u2019. La periodista especializada en habilidades sociales, Cristina Ochoa, dar\u00e1 pautas sobre c\u00f3mo dise\u00f1ar y alcanzar los retos personales y profesionales. La conferencia comenzar\u00e1 a las 19 horas, con entrada libre previa retirada de invitaciones desde una hora antes. La actividad est\u00e1 adaptada para personas con discapacidad auditiva.<\/p>\n<p>La asertividad como actitud y como herramienta en el lenguaje es b\u00e1sica para respaldar un proyecto y darle a cada persona la fuerza necesaria para elegir y dar los pasos necesarios en su camino hacia la consecuci\u00f3n de ese objetivo. Bajo el t\u00edtulo \u2018Apunta&#8230; y l\u00e1nzate: asertividad para dise\u00f1ar y alcanzar tus retos personales y profesionales\u2019 se abordar\u00e1 la llegada del momento en el que se debe definir ese cambio, c\u00f3mo ponerle palabras a ese deseo y c\u00f3mo empezar la acci\u00f3n. La confianza, la seguridad y el foco son elementos que ayudan a afinar, apuntar y acertar.<\/p>\n<p>La asertividad, por tanto, es un poderoso instrumento para afrontar cambios y emprender nuevos proyectos personales, profesionales y sociales. Los acuerdos y estrategias de mediaci\u00f3n con la otra persona son tambi\u00e9n necesarios para evitar conflictos que impidan desarrollar los proyectos personales. El ciclo ha tratado en los meses de enero, febrero y marzo, en un total de cuatro sesiones, aspectos relacionados con la asertividad como las t\u00e9cnicas de mediaci\u00f3n, la asertividad en la pareja para alcanzar los proyectos personales de cada uno o el respeto a los dem\u00e1s siendo conscientes de que tambi\u00e9n tienen derechos y necesidades.<\/p>\n<p>&nbsp;<\/p>\n<p><strong>Asertividad: proyectos personales y profesionales<\/strong><\/p>\n<ul>\n<li>Lunes 13 de marzo, 19 horas. Civivox San Jorge\n<ul>\n<li>\u2018Apunta&#8230; y l\u00e1nzate: asertividad para dise\u00f1ar y alcanzar tus retos personales y profesionales\u2019<\/li>\n<li>Ponente: Cristina Ochoa, periodista especializada en habilidades de comunicaci\u00f3n<\/li>\n<\/ul>\n<\/li>\n<\/ul>\n<p>&nbsp;<\/p>\n<p>Todas las sesiones tienen la entrada libre, previa retirada de invitaci\u00f3n (una hora antes del comienzo de la actividad. Dos invitaciones por persona). Hasta completar el aforo previsto. Actividad adaptada para personas con discapacidad auditiva.<\/p>\n<p>&nbsp;<\/p>\n","protected":false},"excerpt":{"rendered":"<p>Impartir\u00e1 la sesi\u00f3n, a partir de las 19 horas con entrada libre, la periodista especializada en habilidades de comunicaci\u00f3n, Cristina Ochoa<\/p>\n","protected":false},"author":1,"featured_media":11047,"comment_status":"closed","ping_status":"closed","sticky":false,"template":"","format":"standard","meta":{"footnotes":""},"categories":[2],"tags":[],"class_list":["post-12196","post","type-post","status-publish","format-standard","has-post-thumbnail","hentry","category-ayuntamiento-pamplona"],"yoast_head":"<!-- This site is optimized with the Yoast SEO plugin v27.3 - https:\/\/yoast.com\/product\/yoast-seo-wordpress\/ -->\n<title>El ciclo sobre asertividad concluye el lunes con una conferencia en Civivox San Jorge sobre c\u00f3mo dise\u00f1ar y alcanzar retos personales y profesionales<\/title>\n<meta name=\"robots\" content=\"index, follow, max-snippet:-1, max-image-preview:large, max-video-preview:-1\" \/>\n<link rel=\"canonical\" href=\"https:\/\/www.laguiadepamplona.com\/actualidad\/el-ciclo-sobre-asertividad-concluye-el-lunes-con-una-conferencia-en-civivox-san-jorge-sobre-como-disenar-y-alcanzar-retos-personales-y-profesionales\/\" \/>\n<meta property=\"og:locale\" content=\"es_ES\" \/>\n<meta property=\"og:type\" content=\"article\" \/>\n<meta property=\"og:title\" content=\"El ciclo sobre asertividad concluye el lunes con una conferencia en Civivox San Jorge sobre c\u00f3mo dise\u00f1ar y alcanzar retos personales y profesionales\" \/>\n<meta property=\"og:description\" content=\"Impartir\u00e1 la sesi\u00f3n, a partir de las 19 horas con entrada libre, la periodista especializada en habilidades de comunicaci\u00f3n, Cristina Ochoa\" \/>\n<meta property=\"og:url\" content=\"https:\/\/www.laguiadepamplona.com\/actualidad\/el-ciclo-sobre-asertividad-concluye-el-lunes-con-una-conferencia-en-civivox-san-jorge-sobre-como-disenar-y-alcanzar-retos-personales-y-profesionales\/\" \/>\n<meta property=\"og:site_name\" content=\"La Gu\u00eda de Pamplona\" \/>\n<meta property=\"article:publisher\" content=\"https:\/\/www.facebook.com\/laguiadepamplonacom-133175176762273\/?ref=hl\" \/>\n<meta property=\"article:published_time\" content=\"2017-03-10T11:56:29+00:00\" \/>\n<meta property=\"og:image\" content=\"https:\/\/www.laguiadepamplona.com\/actualidad\/wp-content\/uploads\/2016\/12\/civivox-san-jorge.jpg\" \/>\n\t<meta property=\"og:image:width\" content=\"900\" \/>\n\t<meta property=\"og:image:height\" content=\"675\" \/>\n\t<meta property=\"og:image:type\" content=\"image\/jpeg\" \/>\n<meta name=\"author\" content=\"La Gu\u00eda de Pamplona\" \/>\n<meta name=\"twitter:card\" content=\"summary_large_image\" \/>\n<meta name=\"twitter:creator\" content=\"@LaGuiadPamplona\" \/>\n<meta name=\"twitter:site\" content=\"@LaGuiadPamplona\" \/>\n<meta name=\"twitter:label1\" content=\"Escrito por\" \/>\n\t<meta name=\"twitter:data1\" content=\"La Gu\u00eda de Pamplona\" \/>\n\t<meta name=\"twitter:label2\" content=\"Tiempo de lectura\" \/>\n\t<meta name=\"twitter:data2\" content=\"2 minutos\" \/>\n<script type=\"application\/ld+json\" class=\"yoast-schema-graph\">{\"@context\":\"https:\\\/\\\/schema.org\",\"@graph\":[{\"@type\":\"Article\",\"@id\":\"https:\\\/\\\/www.laguiadepamplona.com\\\/actualidad\\\/el-ciclo-sobre-asertividad-concluye-el-lunes-con-una-conferencia-en-civivox-san-jorge-sobre-como-disenar-y-alcanzar-retos-personales-y-profesionales\\\/#article\",\"isPartOf\":{\"@id\":\"https:\\\/\\\/www.laguiadepamplona.com\\\/actualidad\\\/el-ciclo-sobre-asertividad-concluye-el-lunes-con-una-conferencia-en-civivox-san-jorge-sobre-como-disenar-y-alcanzar-retos-personales-y-profesionales\\\/\"},\"author\":{\"name\":\"La Gu\u00eda de Pamplona\",\"@id\":\"https:\\\/\\\/www.laguiadepamplona.com\\\/actualidad\\\/#\\\/schema\\\/person\\\/efe887376f0213d4657c93adc50b1fdb\"},\"headline\":\"El ciclo sobre asertividad concluye el lunes con una conferencia en Civivox San Jorge sobre c\u00f3mo dise\u00f1ar y alcanzar retos personales y profesionales\",\"datePublished\":\"2017-03-10T11:56:29+00:00\",\"mainEntityOfPage\":{\"@id\":\"https:\\\/\\\/www.laguiadepamplona.com\\\/actualidad\\\/el-ciclo-sobre-asertividad-concluye-el-lunes-con-una-conferencia-en-civivox-san-jorge-sobre-como-disenar-y-alcanzar-retos-personales-y-profesionales\\\/\"},\"wordCount\":397,\"publisher\":{\"@id\":\"https:\\\/\\\/www.laguiadepamplona.com\\\/actualidad\\\/#organization\"},\"image\":{\"@id\":\"https:\\\/\\\/www.laguiadepamplona.com\\\/actualidad\\\/el-ciclo-sobre-asertividad-concluye-el-lunes-con-una-conferencia-en-civivox-san-jorge-sobre-como-disenar-y-alcanzar-retos-personales-y-profesionales\\\/#primaryimage\"},\"thumbnailUrl\":\"https:\\\/\\\/www.laguiadepamplona.com\\\/actualidad\\\/wp-content\\\/uploads\\\/2016\\\/12\\\/civivox-san-jorge.jpg\",\"articleSection\":[\"Ayto Pamplona\"],\"inLanguage\":\"es\"},{\"@type\":\"WebPage\",\"@id\":\"https:\\\/\\\/www.laguiadepamplona.com\\\/actualidad\\\/el-ciclo-sobre-asertividad-concluye-el-lunes-con-una-conferencia-en-civivox-san-jorge-sobre-como-disenar-y-alcanzar-retos-personales-y-profesionales\\\/\",\"url\":\"https:\\\/\\\/www.laguiadepamplona.com\\\/actualidad\\\/el-ciclo-sobre-asertividad-concluye-el-lunes-con-una-conferencia-en-civivox-san-jorge-sobre-como-disenar-y-alcanzar-retos-personales-y-profesionales\\\/\",\"name\":\"El ciclo sobre asertividad concluye el lunes con una conferencia en Civivox San Jorge sobre c\u00f3mo dise\u00f1ar y alcanzar retos personales y profesionales\",\"isPartOf\":{\"@id\":\"https:\\\/\\\/www.laguiadepamplona.com\\\/actualidad\\\/#website\"},\"primaryImageOfPage\":{\"@id\":\"https:\\\/\\\/www.laguiadepamplona.com\\\/actualidad\\\/el-ciclo-sobre-asertividad-concluye-el-lunes-con-una-conferencia-en-civivox-san-jorge-sobre-como-disenar-y-alcanzar-retos-personales-y-profesionales\\\/#primaryimage\"},\"image\":{\"@id\":\"https:\\\/\\\/www.laguiadepamplona.com\\\/actualidad\\\/el-ciclo-sobre-asertividad-concluye-el-lunes-con-una-conferencia-en-civivox-san-jorge-sobre-como-disenar-y-alcanzar-retos-personales-y-profesionales\\\/#primaryimage\"},\"thumbnailUrl\":\"https:\\\/\\\/www.laguiadepamplona.com\\\/actualidad\\\/wp-content\\\/uploads\\\/2016\\\/12\\\/civivox-san-jorge.jpg\",\"datePublished\":\"2017-03-10T11:56:29+00:00\",\"breadcrumb\":{\"@id\":\"https:\\\/\\\/www.laguiadepamplona.com\\\/actualidad\\\/el-ciclo-sobre-asertividad-concluye-el-lunes-con-una-conferencia-en-civivox-san-jorge-sobre-como-disenar-y-alcanzar-retos-personales-y-profesionales\\\/#breadcrumb\"},\"inLanguage\":\"es\",\"potentialAction\":[{\"@type\":\"ReadAction\",\"target\":[\"https:\\\/\\\/www.laguiadepamplona.com\\\/actualidad\\\/el-ciclo-sobre-asertividad-concluye-el-lunes-con-una-conferencia-en-civivox-san-jorge-sobre-como-disenar-y-alcanzar-retos-personales-y-profesionales\\\/\"]}]},{\"@type\":\"ImageObject\",\"inLanguage\":\"es\",\"@id\":\"https:\\\/\\\/www.laguiadepamplona.com\\\/actualidad\\\/el-ciclo-sobre-asertividad-concluye-el-lunes-con-una-conferencia-en-civivox-san-jorge-sobre-como-disenar-y-alcanzar-retos-personales-y-profesionales\\\/#primaryimage\",\"url\":\"https:\\\/\\\/www.laguiadepamplona.com\\\/actualidad\\\/wp-content\\\/uploads\\\/2016\\\/12\\\/civivox-san-jorge.jpg\",\"contentUrl\":\"https:\\\/\\\/www.laguiadepamplona.com\\\/actualidad\\\/wp-content\\\/uploads\\\/2016\\\/12\\\/civivox-san-jorge.jpg\",\"width\":900,\"height\":675},{\"@type\":\"BreadcrumbList\",\"@id\":\"https:\\\/\\\/www.laguiadepamplona.com\\\/actualidad\\\/el-ciclo-sobre-asertividad-concluye-el-lunes-con-una-conferencia-en-civivox-san-jorge-sobre-como-disenar-y-alcanzar-retos-personales-y-profesionales\\\/#breadcrumb\",\"itemListElement\":[{\"@type\":\"ListItem\",\"position\":1,\"name\":\"Portada\",\"item\":\"https:\\\/\\\/www.laguiadepamplona.com\\\/actualidad\\\/\"},{\"@type\":\"ListItem\",\"position\":2,\"name\":\"El ciclo sobre asertividad concluye el lunes con una conferencia en Civivox San Jorge sobre c\u00f3mo dise\u00f1ar y alcanzar retos personales y profesionales\"}]},{\"@type\":\"WebSite\",\"@id\":\"https:\\\/\\\/www.laguiadepamplona.com\\\/actualidad\\\/#website\",\"url\":\"https:\\\/\\\/www.laguiadepamplona.com\\\/actualidad\\\/\",\"name\":\"La gu\u00eda de Pamplona\",\"description\":\"Noticias de Pamplona\",\"publisher\":{\"@id\":\"https:\\\/\\\/www.laguiadepamplona.com\\\/actualidad\\\/#organization\"},\"potentialAction\":[{\"@type\":\"SearchAction\",\"target\":{\"@type\":\"EntryPoint\",\"urlTemplate\":\"https:\\\/\\\/www.laguiadepamplona.com\\\/actualidad\\\/?s={search_term_string}\"},\"query-input\":{\"@type\":\"PropertyValueSpecification\",\"valueRequired\":true,\"valueName\":\"search_term_string\"}}],\"inLanguage\":\"es\"},{\"@type\":\"Organization\",\"@id\":\"https:\\\/\\\/www.laguiadepamplona.com\\\/actualidad\\\/#organization\",\"name\":\"La Gu\u00eda de Pamplona \\\/ Noticias\",\"url\":\"https:\\\/\\\/www.laguiadepamplona.com\\\/actualidad\\\/\",\"logo\":{\"@type\":\"ImageObject\",\"inLanguage\":\"es\",\"@id\":\"https:\\\/\\\/www.laguiadepamplona.com\\\/actualidad\\\/#\\\/schema\\\/logo\\\/image\\\/\",\"url\":\"https:\\\/\\\/www.laguiadepamplona.com\\\/actualidad\\\/wp-content\\\/uploads\\\/2018\\\/11\\\/logo-laguiadepamplona18-web1.png\",\"contentUrl\":\"https:\\\/\\\/www.laguiadepamplona.com\\\/actualidad\\\/wp-content\\\/uploads\\\/2018\\\/11\\\/logo-laguiadepamplona18-web1.png\",\"width\":600,\"height\":196,\"caption\":\"La Gu\u00eda de Pamplona \\\/ Noticias\"},\"image\":{\"@id\":\"https:\\\/\\\/www.laguiadepamplona.com\\\/actualidad\\\/#\\\/schema\\\/logo\\\/image\\\/\"},\"sameAs\":[\"https:\\\/\\\/www.facebook.com\\\/laguiadepamplonacom-133175176762273\\\/?ref=hl\",\"https:\\\/\\\/x.com\\\/LaGuiadPamplona\",\"https:\\\/\\\/www.instagram.com\\\/la_guia_de_pamplona\\\/\",\"https:\\\/\\\/www.youtube.com\\\/user\\\/laguiadepamplona\"]},{\"@type\":\"Person\",\"@id\":\"https:\\\/\\\/www.laguiadepamplona.com\\\/actualidad\\\/#\\\/schema\\\/person\\\/efe887376f0213d4657c93adc50b1fdb\",\"name\":\"La Gu\u00eda de Pamplona\",\"image\":{\"@type\":\"ImageObject\",\"inLanguage\":\"es\",\"@id\":\"https:\\\/\\\/secure.gravatar.com\\\/avatar\\\/b6992f131dc8d30ab0dff15446e9d346d9dbd95992de0fef795073f5ea83a81c?s=96&d=mm&r=g\",\"url\":\"https:\\\/\\\/secure.gravatar.com\\\/avatar\\\/b6992f131dc8d30ab0dff15446e9d346d9dbd95992de0fef795073f5ea83a81c?s=96&d=mm&r=g\",\"contentUrl\":\"https:\\\/\\\/secure.gravatar.com\\\/avatar\\\/b6992f131dc8d30ab0dff15446e9d346d9dbd95992de0fef795073f5ea83a81c?s=96&d=mm&r=g\",\"caption\":\"La Gu\u00eda de Pamplona\"}}]}<\/script>\n<!-- \/ Yoast SEO plugin. -->","yoast_head_json":{"title":"El ciclo sobre asertividad concluye el lunes con una conferencia en Civivox San Jorge sobre c\u00f3mo dise\u00f1ar y alcanzar retos personales y profesionales","robots":{"index":"index","follow":"follow","max-snippet":"max-snippet:-1","max-image-preview":"max-image-preview:large","max-video-preview":"max-video-preview:-1"},"canonical":"https:\/\/www.laguiadepamplona.com\/actualidad\/el-ciclo-sobre-asertividad-concluye-el-lunes-con-una-conferencia-en-civivox-san-jorge-sobre-como-disenar-y-alcanzar-retos-personales-y-profesionales\/","og_locale":"es_ES","og_type":"article","og_title":"El ciclo sobre asertividad concluye el lunes con una conferencia en Civivox San Jorge sobre c\u00f3mo dise\u00f1ar y alcanzar retos personales y profesionales","og_description":"Impartir\u00e1 la sesi\u00f3n, a partir de las 19 horas con entrada libre, la periodista especializada en habilidades de comunicaci\u00f3n, Cristina Ochoa","og_url":"https:\/\/www.laguiadepamplona.com\/actualidad\/el-ciclo-sobre-asertividad-concluye-el-lunes-con-una-conferencia-en-civivox-san-jorge-sobre-como-disenar-y-alcanzar-retos-personales-y-profesionales\/","og_site_name":"La Gu\u00eda de Pamplona","article_publisher":"https:\/\/www.facebook.com\/laguiadepamplonacom-133175176762273\/?ref=hl","article_published_time":"2017-03-10T11:56:29+00:00","og_image":[{"width":900,"height":675,"url":"https:\/\/www.laguiadepamplona.com\/actualidad\/wp-content\/uploads\/2016\/12\/civivox-san-jorge.jpg","type":"image\/jpeg"}],"author":"La Gu\u00eda de Pamplona","twitter_card":"summary_large_image","twitter_creator":"@LaGuiadPamplona","twitter_site":"@LaGuiadPamplona","twitter_misc":{"Escrito por":"La Gu\u00eda de Pamplona","Tiempo de lectura":"2 minutos"},"schema":{"@context":"https:\/\/schema.org","@graph":[{"@type":"Article","@id":"https:\/\/www.laguiadepamplona.com\/actualidad\/el-ciclo-sobre-asertividad-concluye-el-lunes-con-una-conferencia-en-civivox-san-jorge-sobre-como-disenar-y-alcanzar-retos-personales-y-profesionales\/#article","isPartOf":{"@id":"https:\/\/www.laguiadepamplona.com\/actualidad\/el-ciclo-sobre-asertividad-concluye-el-lunes-con-una-conferencia-en-civivox-san-jorge-sobre-como-disenar-y-alcanzar-retos-personales-y-profesionales\/"},"author":{"name":"La Gu\u00eda de Pamplona","@id":"https:\/\/www.laguiadepamplona.com\/actualidad\/#\/schema\/person\/efe887376f0213d4657c93adc50b1fdb"},"headline":"El ciclo sobre asertividad concluye el lunes con una conferencia en Civivox San Jorge sobre c\u00f3mo dise\u00f1ar y alcanzar retos personales y profesionales","datePublished":"2017-03-10T11:56:29+00:00","mainEntityOfPage":{"@id":"https:\/\/www.laguiadepamplona.com\/actualidad\/el-ciclo-sobre-asertividad-concluye-el-lunes-con-una-conferencia-en-civivox-san-jorge-sobre-como-disenar-y-alcanzar-retos-personales-y-profesionales\/"},"wordCount":397,"publisher":{"@id":"https:\/\/www.laguiadepamplona.com\/actualidad\/#organization"},"image":{"@id":"https:\/\/www.laguiadepamplona.com\/actualidad\/el-ciclo-sobre-asertividad-concluye-el-lunes-con-una-conferencia-en-civivox-san-jorge-sobre-como-disenar-y-alcanzar-retos-personales-y-profesionales\/#primaryimage"},"thumbnailUrl":"https:\/\/www.laguiadepamplona.com\/actualidad\/wp-content\/uploads\/2016\/12\/civivox-san-jorge.jpg","articleSection":["Ayto Pamplona"],"inLanguage":"es"},{"@type":"WebPage","@id":"https:\/\/www.laguiadepamplona.com\/actualidad\/el-ciclo-sobre-asertividad-concluye-el-lunes-con-una-conferencia-en-civivox-san-jorge-sobre-como-disenar-y-alcanzar-retos-personales-y-profesionales\/","url":"https:\/\/www.laguiadepamplona.com\/actualidad\/el-ciclo-sobre-asertividad-concluye-el-lunes-con-una-conferencia-en-civivox-san-jorge-sobre-como-disenar-y-alcanzar-retos-personales-y-profesionales\/","name":"El ciclo sobre asertividad concluye el lunes con una conferencia en Civivox San Jorge sobre c\u00f3mo dise\u00f1ar y alcanzar retos personales y profesionales","isPartOf":{"@id":"https:\/\/www.laguiadepamplona.com\/actualidad\/#website"},"primaryImageOfPage":{"@id":"https:\/\/www.laguiadepamplona.com\/actualidad\/el-ciclo-sobre-asertividad-concluye-el-lunes-con-una-conferencia-en-civivox-san-jorge-sobre-como-disenar-y-alcanzar-retos-personales-y-profesionales\/#primaryimage"},"image":{"@id":"https:\/\/www.laguiadepamplona.com\/actualidad\/el-ciclo-sobre-asertividad-concluye-el-lunes-con-una-conferencia-en-civivox-san-jorge-sobre-como-disenar-y-alcanzar-retos-personales-y-profesionales\/#primaryimage"},"thumbnailUrl":"https:\/\/www.laguiadepamplona.com\/actualidad\/wp-content\/uploads\/2016\/12\/civivox-san-jorge.jpg","datePublished":"2017-03-10T11:56:29+00:00","breadcrumb":{"@id":"https:\/\/www.laguiadepamplona.com\/actualidad\/el-ciclo-sobre-asertividad-concluye-el-lunes-con-una-conferencia-en-civivox-san-jorge-sobre-como-disenar-y-alcanzar-retos-personales-y-profesionales\/#breadcrumb"},"inLanguage":"es","potentialAction":[{"@type":"ReadAction","target":["https:\/\/www.laguiadepamplona.com\/actualidad\/el-ciclo-sobre-asertividad-concluye-el-lunes-con-una-conferencia-en-civivox-san-jorge-sobre-como-disenar-y-alcanzar-retos-personales-y-profesionales\/"]}]},{"@type":"ImageObject","inLanguage":"es","@id":"https:\/\/www.laguiadepamplona.com\/actualidad\/el-ciclo-sobre-asertividad-concluye-el-lunes-con-una-conferencia-en-civivox-san-jorge-sobre-como-disenar-y-alcanzar-retos-personales-y-profesionales\/#primaryimage","url":"https:\/\/www.laguiadepamplona.com\/actualidad\/wp-content\/uploads\/2016\/12\/civivox-san-jorge.jpg","contentUrl":"https:\/\/www.laguiadepamplona.com\/actualidad\/wp-content\/uploads\/2016\/12\/civivox-san-jorge.jpg","width":900,"height":675},{"@type":"BreadcrumbList","@id":"https:\/\/www.laguiadepamplona.com\/actualidad\/el-ciclo-sobre-asertividad-concluye-el-lunes-con-una-conferencia-en-civivox-san-jorge-sobre-como-disenar-y-alcanzar-retos-personales-y-profesionales\/#breadcrumb","itemListElement":[{"@type":"ListItem","position":1,"name":"Portada","item":"https:\/\/www.laguiadepamplona.com\/actualidad\/"},{"@type":"ListItem","position":2,"name":"El ciclo sobre asertividad concluye el lunes con una conferencia en Civivox San Jorge sobre c\u00f3mo dise\u00f1ar y alcanzar retos personales y profesionales"}]},{"@type":"WebSite","@id":"https:\/\/www.laguiadepamplona.com\/actualidad\/#website","url":"https:\/\/www.laguiadepamplona.com\/actualidad\/","name":"La gu\u00eda de Pamplona","description":"Noticias de Pamplona","publisher":{"@id":"https:\/\/www.laguiadepamplona.com\/actualidad\/#organization"},"potentialAction":[{"@type":"SearchAction","target":{"@type":"EntryPoint","urlTemplate":"https:\/\/www.laguiadepamplona.com\/actualidad\/?s={search_term_string}"},"query-input":{"@type":"PropertyValueSpecification","valueRequired":true,"valueName":"search_term_string"}}],"inLanguage":"es"},{"@type":"Organization","@id":"https:\/\/www.laguiadepamplona.com\/actualidad\/#organization","name":"La Gu\u00eda de Pamplona \/ Noticias","url":"https:\/\/www.laguiadepamplona.com\/actualidad\/","logo":{"@type":"ImageObject","inLanguage":"es","@id":"https:\/\/www.laguiadepamplona.com\/actualidad\/#\/schema\/logo\/image\/","url":"https:\/\/www.laguiadepamplona.com\/actualidad\/wp-content\/uploads\/2018\/11\/logo-laguiadepamplona18-web1.png","contentUrl":"https:\/\/www.laguiadepamplona.com\/actualidad\/wp-content\/uploads\/2018\/11\/logo-laguiadepamplona18-web1.png","width":600,"height":196,"caption":"La Gu\u00eda de Pamplona \/ Noticias"},"image":{"@id":"https:\/\/www.laguiadepamplona.com\/actualidad\/#\/schema\/logo\/image\/"},"sameAs":["https:\/\/www.facebook.com\/laguiadepamplonacom-133175176762273\/?ref=hl","https:\/\/x.com\/LaGuiadPamplona","https:\/\/www.instagram.com\/la_guia_de_pamplona\/","https:\/\/www.youtube.com\/user\/laguiadepamplona"]},{"@type":"Person","@id":"https:\/\/www.laguiadepamplona.com\/actualidad\/#\/schema\/person\/efe887376f0213d4657c93adc50b1fdb","name":"La Gu\u00eda de Pamplona","image":{"@type":"ImageObject","inLanguage":"es","@id":"https:\/\/secure.gravatar.com\/avatar\/b6992f131dc8d30ab0dff15446e9d346d9dbd95992de0fef795073f5ea83a81c?s=96&d=mm&r=g","url":"https:\/\/secure.gravatar.com\/avatar\/b6992f131dc8d30ab0dff15446e9d346d9dbd95992de0fef795073f5ea83a81c?s=96&d=mm&r=g","contentUrl":"https:\/\/secure.gravatar.com\/avatar\/b6992f131dc8d30ab0dff15446e9d346d9dbd95992de0fef795073f5ea83a81c?s=96&d=mm&r=g","caption":"La Gu\u00eda de Pamplona"}}]}},"post_mailing_queue_ids":[],"_links":{"self":[{"href":"https:\/\/www.laguiadepamplona.com\/actualidad\/wp-json\/wp\/v2\/posts\/12196","targetHints":{"allow":["GET"]}}],"collection":[{"href":"https:\/\/www.laguiadepamplona.com\/actualidad\/wp-json\/wp\/v2\/posts"}],"about":[{"href":"https:\/\/www.laguiadepamplona.com\/actualidad\/wp-json\/wp\/v2\/types\/post"}],"author":[{"embeddable":true,"href":"https:\/\/www.laguiadepamplona.com\/actualidad\/wp-json\/wp\/v2\/users\/1"}],"replies":[{"embeddable":true,"href":"https:\/\/www.laguiadepamplona.com\/actualidad\/wp-json\/wp\/v2\/comments?post=12196"}],"version-history":[{"count":0,"href":"https:\/\/www.laguiadepamplona.com\/actualidad\/wp-json\/wp\/v2\/posts\/12196\/revisions"}],"wp:featuredmedia":[{"embeddable":true,"href":"https:\/\/www.laguiadepamplona.com\/actualidad\/wp-json\/wp\/v2\/media\/11047"}],"wp:attachment":[{"href":"https:\/\/www.laguiadepamplona.com\/actualidad\/wp-json\/wp\/v2\/media?parent=12196"}],"wp:term":[{"taxonomy":"category","embeddable":true,"href":"https:\/\/www.laguiadepamplona.com\/actualidad\/wp-json\/wp\/v2\/categories?post=12196"},{"taxonomy":"post_tag","embeddable":true,"href":"https:\/\/www.laguiadepamplona.com\/actualidad\/wp-json\/wp\/v2\/tags?post=12196"}],"curies":[{"name":"wp","href":"https:\/\/api.w.org\/{rel}","templated":true}]}}