{"id":12192,"date":"2017-03-10T12:54:30","date_gmt":"2017-03-10T11:54:30","guid":{"rendered":"http:\/\/laguiadepamplona.es\/actualidad\/?p=12192"},"modified":"2017-03-10T12:54:30","modified_gmt":"2017-03-10T11:54:30","slug":"el-fotografo-paco-ocana-vuelve-al-pabellon-de-mixtos-con-sus-espejismos-de-la-ciudad-escenarios-virtuales-y-retratos","status":"publish","type":"post","link":"https:\/\/www.laguiadepamplona.com\/actualidad\/el-fotografo-paco-ocana-vuelve-al-pabellon-de-mixtos-con-sus-espejismos-de-la-ciudad-escenarios-virtuales-y-retratos\/","title":{"rendered":"El fot\u00f3grafo Paco Oca\u00f1a vuelve al Pabell\u00f3n de Mixtos con sus espejismos de la ciudad, escenarios virtuales y retratos"},"content":{"rendered":"<h3>La muestra se titula \u2018Cr\u00f3nica y memoria\u2019 y puede visitarse hasta el 1 de mayo en la primera planta del pabell\u00f3n<\/h3>\n<p><!--more--><\/p>\n<p>El fot\u00f3grafo Paco Oca\u00f1a vuelve una d\u00e9cada despu\u00e9s al Pabell\u00f3n de Mixtos de la Ciudadela con su particular visi\u00f3n de la ciudad. Si en 2005 realiz\u00f3 un retrato urbano de Pamplona de los a\u00f1os 1994 a 2005, hoy\u00a0 recorre la primera planta del pabell\u00f3n con sus espejismos de la ciudad, con escenarios virtuales, con im\u00e1genes de lo que no se ve cuando se mira, y con una serie de retratos que cuestionan el concepto psicol\u00f3gico del retrato \u00fanico, guardando, en un instante, la variada y poli\u00e9drica expresi\u00f3n de la personalidad.<\/p>\n<p>\u2018Cr\u00f3nica y memoria\u2019 son un centenar de im\u00e1genes, un centenar de instantes que cuentan el paso del tiempo desde el objetivo de la c\u00e1mara de Oca\u00f1a, al tiempo que conservan esos momentos reales o so\u00f1ados por el autor durante la \u00faltima d\u00e9cada. La exposici\u00f3n ha sido presentada hoy en rueda de prensa por el propio autor, acompa\u00f1ado de la directora del \u00c1rea de Cultura, Pol\u00edtica Ling\u00fc\u00edstica, Educaci\u00f3n y Deporte, Maitena Muruz\u00e1bal. La exposici\u00f3n podr\u00e1 visitarse hasta el 1 de mayo de martes a viernes, de 18 a 20.30 horas; el s\u00e1bado en horario de ma\u00f1ana y tarde, de 12 a 14 horas y de 18 a 20.30 horas; y el domingo, de 12 a 14 horas.<\/p>\n<p>Adem\u00e1s, se han programado varias actividades paralelas. Los domingos 19 de marzo y 23 de abril habr\u00e1 visita guiada con el autor y el viernes 7 de abril, a las 19.30 horas, se ha programado un concierto de la mano de Ekhi y Urko Oca\u00f1a.<\/p>\n<p><strong>Cuatro tem\u00e1ticas<\/strong><\/p>\n<p>La muestra est\u00e1 articulada en torno a cuatro apartados, que recogen temas repetidos en el objetivo de Paco Oca\u00f1a. El primero se titula \u2018Los muros transparentes\u2019 y en \u00e9l se refiere a la ciudad y sus espejismos como espacio vivo, los graffitis urbanos o el street art. Dice el autor que entre la apariencia de lo real y la certidumbre de lo invisible se revela la evidencia de lo transparente&#8230; Y Oca\u00f1a lo materializa en una especie de juego con el arte callejero, con un lenguaje que facilita interpretaciones diversas y alusiones a lugares y personajes.<\/p>\n<p>El segundo apartado lleva el t\u00edtulo &#8216;Loquenohasvistomirando\u2019 y en ella se pone de manifiesto lo enga\u00f1osa, ilusoria y sugerente que puede ser la realidad objetiva, reflejada por una c\u00e1mara en una fotograf\u00eda, y lo real que puede ser, tanto como los sue\u00f1os o las intuiciones, que tambi\u00e9n son reales y verdaderas.<\/p>\n<p>En otra serie se aventuran espacios imaginados, como recreaci\u00f3n de otros lugares ficticios. Este apartado se titula \u2018Escenarios virtuales\u2019 y viene a ser una interpretaci\u00f3n fotogr\u00e1fica on\u00edrica, o una visi\u00f3n de realismo m\u00e1gico con cierto tono surrealista, en la l\u00ednea de trabajo de Jerry N. Uelsman, reconocido maestro de la t\u00e9cnica del fotomontaje. Tal y como expone Oca\u00f1a, la nueva imagen digital viene a ser un h\u00edbrido entre la apariencia de realidad y la verosimilitud de la ficci\u00f3n, que combina la creatividad y la imaginaci\u00f3n del fot\u00f3grafo con esa libertad de acci\u00f3n ofrecida por las nuevas tecnolog\u00edas.<\/p>\n<p>Completa la exposici\u00f3n una serie de \u2018Retrata\/dos\u2019, en la que el autor ofrece dos miradas antag\u00f3nicas: la del retratado mostrando u ocultando lo que considere que le beneficia y la del retratista que maneja la c\u00e1mara como instrumento para descubrir lo que se le oculta. Los retrata-dos de Paco Oca\u00f1a son im\u00e1genes en sus diversas concepciones, tanto tem\u00e1ticas como estil\u00edsticas, desde el retrato de referencias cl\u00e1sicas hasta una galer\u00eda representativa de la cultura navarra o una inmersi\u00f3n en la cultura flamenca, resueltas ambas utilizando los procedimientos de laboratorio en blanco y negro para recalar en las propuestas m\u00e1s recientes de ruptura formal y conceptual.<\/p>\n<p><strong>Biograf\u00eda<\/strong><\/p>\n<p>Paco Oca\u00f1a Jimena (Ja\u00e9n, 1949) es titulado por la Universidad de Zaragoza (Escuela Universitaria de Estudios Sociales). Ingresa en la Agrupaci\u00f3n Fotogr\u00e1fica de Navarra en 1976 y participa en sus actividades. En 1983 dirige su revista y desde 1980 realiza y participa en numerosas exposiciones individuales y colectivas. Escribe y publica textos sobre temas fotogr\u00e1ficos en medios\u00a0 especializados, cat\u00e1logos y otros.<\/p>\n<p>Miembro del Consejo Navarro de Cultura de 1987 a 1992, vocal de Fotograf\u00eda del Ateneo Navarro entre 1991 y 1997, miembro de la junta directiva de la A.F.C.N. desde 2003, ha sido comisario de las exposiciones \u2018Contrastes. Nueva generaci\u00f3n\u201d (1989), \u2018Visiones para una d\u00e9cada. Panorama actual de la fotograf\u00eda navarra\u201d (1990, Gobierno de Navarra), \u2018Jacques Henri Lartigue\u2019 (1992, Museo de Navarra), y \u2018Tierras, gentes, pueblos\u2019 (1997. Ateneo Navarro-Ayuntamiento de Pamplona).<\/p>\n<p>Asimismo, ha organizado y dirigido el ciclo \u2018La fotograf\u00eda como argumento\u2019 (Ateneo Navarro) en el Museo de Navarra (1992, 1993 y 1994), el curso \u2018El retrato fotogr\u00e1fico\u2019 (1993, Planetario de Pamplona, Museo Gustavo de Maeztu, y Ayuntamiento de Aoiz), y \u2018La seducci\u00f3n del espejo, esencia y apariencia en el retrato\u2019 (2008, Photomuseum, Zarautz &#8211; Foto-67 M, Villava). Director y profesor de cursos de iniciaci\u00f3n fotogr\u00e1fica en varios niveles entre 1994 y 2011 en la Casa de Cultura de Villava y de Bara\u00f1\u00e1in, adem\u00e1s de en la A.F.C.N, ha sido promotor del taller de Fotograf\u00eda FOTO 67 M de Villava.<\/p>\n<p>Su trabajo se recoge en libros como \u201dPamplona-Iru\u00f1a, im\u00e1genes y palabras\u2019 (1997, Ayuntamiento de Pamplona), \u2018Navarra por mil caminos\u2019 (1998, Gobierno de Navarra), \u2018Villava, cuatro visiones\u2019 (2002, Ayuntamiento de Villava), \u2018Navarra \/ Fotograf\u00eda\u2019 (Carlos C\u00e1novas, 2012, Gobierno de Navarra), cat\u00e1logos, CD\u00b4s y otros.<\/p>\n<p>&nbsp;<\/p>\n","protected":false},"excerpt":{"rendered":"<p>La muestra se titula \u2018Cr\u00f3nica y memoria\u2019 y puede visitarse hasta el 1 de mayo en la primera planta del pabell\u00f3n<\/p>\n","protected":false},"author":1,"featured_media":11088,"comment_status":"closed","ping_status":"closed","sticky":false,"template":"","format":"standard","meta":{"footnotes":""},"categories":[2],"tags":[],"class_list":["post-12192","post","type-post","status-publish","format-standard","has-post-thumbnail","hentry","category-ayuntamiento-pamplona"],"yoast_head":"<!-- This site is optimized with the Yoast SEO plugin v27.3 - https:\/\/yoast.com\/product\/yoast-seo-wordpress\/ -->\n<title>El fot\u00f3grafo Paco Oca\u00f1a vuelve al Pabell\u00f3n de Mixtos con sus espejismos de la ciudad, escenarios virtuales y retratos<\/title>\n<meta name=\"robots\" content=\"index, follow, max-snippet:-1, max-image-preview:large, max-video-preview:-1\" \/>\n<link rel=\"canonical\" href=\"https:\/\/www.laguiadepamplona.com\/actualidad\/el-fotografo-paco-ocana-vuelve-al-pabellon-de-mixtos-con-sus-espejismos-de-la-ciudad-escenarios-virtuales-y-retratos\/\" \/>\n<meta property=\"og:locale\" content=\"es_ES\" \/>\n<meta property=\"og:type\" content=\"article\" \/>\n<meta property=\"og:title\" content=\"El fot\u00f3grafo Paco Oca\u00f1a vuelve al Pabell\u00f3n de Mixtos con sus espejismos de la ciudad, escenarios virtuales y retratos\" \/>\n<meta property=\"og:description\" content=\"La muestra se titula \u2018Cr\u00f3nica y memoria\u2019 y puede visitarse hasta el 1 de mayo en la primera planta del pabell\u00f3n\" \/>\n<meta property=\"og:url\" content=\"https:\/\/www.laguiadepamplona.com\/actualidad\/el-fotografo-paco-ocana-vuelve-al-pabellon-de-mixtos-con-sus-espejismos-de-la-ciudad-escenarios-virtuales-y-retratos\/\" \/>\n<meta property=\"og:site_name\" content=\"La Gu\u00eda de Pamplona\" \/>\n<meta property=\"article:publisher\" content=\"https:\/\/www.facebook.com\/laguiadepamplonacom-133175176762273\/?ref=hl\" \/>\n<meta property=\"article:published_time\" content=\"2017-03-10T11:54:30+00:00\" \/>\n<meta property=\"og:image\" content=\"https:\/\/www.laguiadepamplona.com\/actualidad\/wp-content\/uploads\/2016\/12\/pabellon_mixtos_ciudadela.jpg\" \/>\n\t<meta property=\"og:image:width\" content=\"1000\" \/>\n\t<meta property=\"og:image:height\" content=\"667\" \/>\n\t<meta property=\"og:image:type\" content=\"image\/jpeg\" \/>\n<meta name=\"author\" content=\"La Gu\u00eda de Pamplona\" \/>\n<meta name=\"twitter:card\" content=\"summary_large_image\" \/>\n<meta name=\"twitter:creator\" content=\"@LaGuiadPamplona\" \/>\n<meta name=\"twitter:site\" content=\"@LaGuiadPamplona\" \/>\n<meta name=\"twitter:label1\" content=\"Escrito por\" \/>\n\t<meta name=\"twitter:data1\" content=\"La Gu\u00eda de Pamplona\" \/>\n\t<meta name=\"twitter:label2\" content=\"Tiempo de lectura\" \/>\n\t<meta name=\"twitter:data2\" content=\"5 minutos\" \/>\n<script type=\"application\/ld+json\" class=\"yoast-schema-graph\">{\"@context\":\"https:\\\/\\\/schema.org\",\"@graph\":[{\"@type\":\"Article\",\"@id\":\"https:\\\/\\\/www.laguiadepamplona.com\\\/actualidad\\\/el-fotografo-paco-ocana-vuelve-al-pabellon-de-mixtos-con-sus-espejismos-de-la-ciudad-escenarios-virtuales-y-retratos\\\/#article\",\"isPartOf\":{\"@id\":\"https:\\\/\\\/www.laguiadepamplona.com\\\/actualidad\\\/el-fotografo-paco-ocana-vuelve-al-pabellon-de-mixtos-con-sus-espejismos-de-la-ciudad-escenarios-virtuales-y-retratos\\\/\"},\"author\":{\"name\":\"La Gu\u00eda de Pamplona\",\"@id\":\"https:\\\/\\\/www.laguiadepamplona.com\\\/actualidad\\\/#\\\/schema\\\/person\\\/efe887376f0213d4657c93adc50b1fdb\"},\"headline\":\"El fot\u00f3grafo Paco Oca\u00f1a vuelve al Pabell\u00f3n de Mixtos con sus espejismos de la ciudad, escenarios virtuales y retratos\",\"datePublished\":\"2017-03-10T11:54:30+00:00\",\"mainEntityOfPage\":{\"@id\":\"https:\\\/\\\/www.laguiadepamplona.com\\\/actualidad\\\/el-fotografo-paco-ocana-vuelve-al-pabellon-de-mixtos-con-sus-espejismos-de-la-ciudad-escenarios-virtuales-y-retratos\\\/\"},\"wordCount\":974,\"publisher\":{\"@id\":\"https:\\\/\\\/www.laguiadepamplona.com\\\/actualidad\\\/#organization\"},\"image\":{\"@id\":\"https:\\\/\\\/www.laguiadepamplona.com\\\/actualidad\\\/el-fotografo-paco-ocana-vuelve-al-pabellon-de-mixtos-con-sus-espejismos-de-la-ciudad-escenarios-virtuales-y-retratos\\\/#primaryimage\"},\"thumbnailUrl\":\"https:\\\/\\\/www.laguiadepamplona.com\\\/actualidad\\\/wp-content\\\/uploads\\\/2016\\\/12\\\/pabellon_mixtos_ciudadela.jpg\",\"articleSection\":[\"Ayto Pamplona\"],\"inLanguage\":\"es\"},{\"@type\":\"WebPage\",\"@id\":\"https:\\\/\\\/www.laguiadepamplona.com\\\/actualidad\\\/el-fotografo-paco-ocana-vuelve-al-pabellon-de-mixtos-con-sus-espejismos-de-la-ciudad-escenarios-virtuales-y-retratos\\\/\",\"url\":\"https:\\\/\\\/www.laguiadepamplona.com\\\/actualidad\\\/el-fotografo-paco-ocana-vuelve-al-pabellon-de-mixtos-con-sus-espejismos-de-la-ciudad-escenarios-virtuales-y-retratos\\\/\",\"name\":\"El fot\u00f3grafo Paco Oca\u00f1a vuelve al Pabell\u00f3n de Mixtos con sus espejismos de la ciudad, escenarios virtuales y retratos\",\"isPartOf\":{\"@id\":\"https:\\\/\\\/www.laguiadepamplona.com\\\/actualidad\\\/#website\"},\"primaryImageOfPage\":{\"@id\":\"https:\\\/\\\/www.laguiadepamplona.com\\\/actualidad\\\/el-fotografo-paco-ocana-vuelve-al-pabellon-de-mixtos-con-sus-espejismos-de-la-ciudad-escenarios-virtuales-y-retratos\\\/#primaryimage\"},\"image\":{\"@id\":\"https:\\\/\\\/www.laguiadepamplona.com\\\/actualidad\\\/el-fotografo-paco-ocana-vuelve-al-pabellon-de-mixtos-con-sus-espejismos-de-la-ciudad-escenarios-virtuales-y-retratos\\\/#primaryimage\"},\"thumbnailUrl\":\"https:\\\/\\\/www.laguiadepamplona.com\\\/actualidad\\\/wp-content\\\/uploads\\\/2016\\\/12\\\/pabellon_mixtos_ciudadela.jpg\",\"datePublished\":\"2017-03-10T11:54:30+00:00\",\"breadcrumb\":{\"@id\":\"https:\\\/\\\/www.laguiadepamplona.com\\\/actualidad\\\/el-fotografo-paco-ocana-vuelve-al-pabellon-de-mixtos-con-sus-espejismos-de-la-ciudad-escenarios-virtuales-y-retratos\\\/#breadcrumb\"},\"inLanguage\":\"es\",\"potentialAction\":[{\"@type\":\"ReadAction\",\"target\":[\"https:\\\/\\\/www.laguiadepamplona.com\\\/actualidad\\\/el-fotografo-paco-ocana-vuelve-al-pabellon-de-mixtos-con-sus-espejismos-de-la-ciudad-escenarios-virtuales-y-retratos\\\/\"]}]},{\"@type\":\"ImageObject\",\"inLanguage\":\"es\",\"@id\":\"https:\\\/\\\/www.laguiadepamplona.com\\\/actualidad\\\/el-fotografo-paco-ocana-vuelve-al-pabellon-de-mixtos-con-sus-espejismos-de-la-ciudad-escenarios-virtuales-y-retratos\\\/#primaryimage\",\"url\":\"https:\\\/\\\/www.laguiadepamplona.com\\\/actualidad\\\/wp-content\\\/uploads\\\/2016\\\/12\\\/pabellon_mixtos_ciudadela.jpg\",\"contentUrl\":\"https:\\\/\\\/www.laguiadepamplona.com\\\/actualidad\\\/wp-content\\\/uploads\\\/2016\\\/12\\\/pabellon_mixtos_ciudadela.jpg\",\"width\":1000,\"height\":667},{\"@type\":\"BreadcrumbList\",\"@id\":\"https:\\\/\\\/www.laguiadepamplona.com\\\/actualidad\\\/el-fotografo-paco-ocana-vuelve-al-pabellon-de-mixtos-con-sus-espejismos-de-la-ciudad-escenarios-virtuales-y-retratos\\\/#breadcrumb\",\"itemListElement\":[{\"@type\":\"ListItem\",\"position\":1,\"name\":\"Portada\",\"item\":\"https:\\\/\\\/www.laguiadepamplona.com\\\/actualidad\\\/\"},{\"@type\":\"ListItem\",\"position\":2,\"name\":\"El fot\u00f3grafo Paco Oca\u00f1a vuelve al Pabell\u00f3n de Mixtos con sus espejismos de la ciudad, escenarios virtuales y retratos\"}]},{\"@type\":\"WebSite\",\"@id\":\"https:\\\/\\\/www.laguiadepamplona.com\\\/actualidad\\\/#website\",\"url\":\"https:\\\/\\\/www.laguiadepamplona.com\\\/actualidad\\\/\",\"name\":\"La gu\u00eda de Pamplona\",\"description\":\"Noticias de Pamplona\",\"publisher\":{\"@id\":\"https:\\\/\\\/www.laguiadepamplona.com\\\/actualidad\\\/#organization\"},\"potentialAction\":[{\"@type\":\"SearchAction\",\"target\":{\"@type\":\"EntryPoint\",\"urlTemplate\":\"https:\\\/\\\/www.laguiadepamplona.com\\\/actualidad\\\/?s={search_term_string}\"},\"query-input\":{\"@type\":\"PropertyValueSpecification\",\"valueRequired\":true,\"valueName\":\"search_term_string\"}}],\"inLanguage\":\"es\"},{\"@type\":\"Organization\",\"@id\":\"https:\\\/\\\/www.laguiadepamplona.com\\\/actualidad\\\/#organization\",\"name\":\"La Gu\u00eda de Pamplona \\\/ Noticias\",\"url\":\"https:\\\/\\\/www.laguiadepamplona.com\\\/actualidad\\\/\",\"logo\":{\"@type\":\"ImageObject\",\"inLanguage\":\"es\",\"@id\":\"https:\\\/\\\/www.laguiadepamplona.com\\\/actualidad\\\/#\\\/schema\\\/logo\\\/image\\\/\",\"url\":\"https:\\\/\\\/www.laguiadepamplona.com\\\/actualidad\\\/wp-content\\\/uploads\\\/2018\\\/11\\\/logo-laguiadepamplona18-web1.png\",\"contentUrl\":\"https:\\\/\\\/www.laguiadepamplona.com\\\/actualidad\\\/wp-content\\\/uploads\\\/2018\\\/11\\\/logo-laguiadepamplona18-web1.png\",\"width\":600,\"height\":196,\"caption\":\"La Gu\u00eda de Pamplona \\\/ Noticias\"},\"image\":{\"@id\":\"https:\\\/\\\/www.laguiadepamplona.com\\\/actualidad\\\/#\\\/schema\\\/logo\\\/image\\\/\"},\"sameAs\":[\"https:\\\/\\\/www.facebook.com\\\/laguiadepamplonacom-133175176762273\\\/?ref=hl\",\"https:\\\/\\\/x.com\\\/LaGuiadPamplona\",\"https:\\\/\\\/www.instagram.com\\\/la_guia_de_pamplona\\\/\",\"https:\\\/\\\/www.youtube.com\\\/user\\\/laguiadepamplona\"]},{\"@type\":\"Person\",\"@id\":\"https:\\\/\\\/www.laguiadepamplona.com\\\/actualidad\\\/#\\\/schema\\\/person\\\/efe887376f0213d4657c93adc50b1fdb\",\"name\":\"La Gu\u00eda de Pamplona\",\"image\":{\"@type\":\"ImageObject\",\"inLanguage\":\"es\",\"@id\":\"https:\\\/\\\/secure.gravatar.com\\\/avatar\\\/b6992f131dc8d30ab0dff15446e9d346d9dbd95992de0fef795073f5ea83a81c?s=96&d=mm&r=g\",\"url\":\"https:\\\/\\\/secure.gravatar.com\\\/avatar\\\/b6992f131dc8d30ab0dff15446e9d346d9dbd95992de0fef795073f5ea83a81c?s=96&d=mm&r=g\",\"contentUrl\":\"https:\\\/\\\/secure.gravatar.com\\\/avatar\\\/b6992f131dc8d30ab0dff15446e9d346d9dbd95992de0fef795073f5ea83a81c?s=96&d=mm&r=g\",\"caption\":\"La Gu\u00eda de Pamplona\"}}]}<\/script>\n<!-- \/ Yoast SEO plugin. -->","yoast_head_json":{"title":"El fot\u00f3grafo Paco Oca\u00f1a vuelve al Pabell\u00f3n de Mixtos con sus espejismos de la ciudad, escenarios virtuales y retratos","robots":{"index":"index","follow":"follow","max-snippet":"max-snippet:-1","max-image-preview":"max-image-preview:large","max-video-preview":"max-video-preview:-1"},"canonical":"https:\/\/www.laguiadepamplona.com\/actualidad\/el-fotografo-paco-ocana-vuelve-al-pabellon-de-mixtos-con-sus-espejismos-de-la-ciudad-escenarios-virtuales-y-retratos\/","og_locale":"es_ES","og_type":"article","og_title":"El fot\u00f3grafo Paco Oca\u00f1a vuelve al Pabell\u00f3n de Mixtos con sus espejismos de la ciudad, escenarios virtuales y retratos","og_description":"La muestra se titula \u2018Cr\u00f3nica y memoria\u2019 y puede visitarse hasta el 1 de mayo en la primera planta del pabell\u00f3n","og_url":"https:\/\/www.laguiadepamplona.com\/actualidad\/el-fotografo-paco-ocana-vuelve-al-pabellon-de-mixtos-con-sus-espejismos-de-la-ciudad-escenarios-virtuales-y-retratos\/","og_site_name":"La Gu\u00eda de Pamplona","article_publisher":"https:\/\/www.facebook.com\/laguiadepamplonacom-133175176762273\/?ref=hl","article_published_time":"2017-03-10T11:54:30+00:00","og_image":[{"width":1000,"height":667,"url":"https:\/\/www.laguiadepamplona.com\/actualidad\/wp-content\/uploads\/2016\/12\/pabellon_mixtos_ciudadela.jpg","type":"image\/jpeg"}],"author":"La Gu\u00eda de Pamplona","twitter_card":"summary_large_image","twitter_creator":"@LaGuiadPamplona","twitter_site":"@LaGuiadPamplona","twitter_misc":{"Escrito por":"La Gu\u00eda de Pamplona","Tiempo de lectura":"5 minutos"},"schema":{"@context":"https:\/\/schema.org","@graph":[{"@type":"Article","@id":"https:\/\/www.laguiadepamplona.com\/actualidad\/el-fotografo-paco-ocana-vuelve-al-pabellon-de-mixtos-con-sus-espejismos-de-la-ciudad-escenarios-virtuales-y-retratos\/#article","isPartOf":{"@id":"https:\/\/www.laguiadepamplona.com\/actualidad\/el-fotografo-paco-ocana-vuelve-al-pabellon-de-mixtos-con-sus-espejismos-de-la-ciudad-escenarios-virtuales-y-retratos\/"},"author":{"name":"La Gu\u00eda de Pamplona","@id":"https:\/\/www.laguiadepamplona.com\/actualidad\/#\/schema\/person\/efe887376f0213d4657c93adc50b1fdb"},"headline":"El fot\u00f3grafo Paco Oca\u00f1a vuelve al Pabell\u00f3n de Mixtos con sus espejismos de la ciudad, escenarios virtuales y retratos","datePublished":"2017-03-10T11:54:30+00:00","mainEntityOfPage":{"@id":"https:\/\/www.laguiadepamplona.com\/actualidad\/el-fotografo-paco-ocana-vuelve-al-pabellon-de-mixtos-con-sus-espejismos-de-la-ciudad-escenarios-virtuales-y-retratos\/"},"wordCount":974,"publisher":{"@id":"https:\/\/www.laguiadepamplona.com\/actualidad\/#organization"},"image":{"@id":"https:\/\/www.laguiadepamplona.com\/actualidad\/el-fotografo-paco-ocana-vuelve-al-pabellon-de-mixtos-con-sus-espejismos-de-la-ciudad-escenarios-virtuales-y-retratos\/#primaryimage"},"thumbnailUrl":"https:\/\/www.laguiadepamplona.com\/actualidad\/wp-content\/uploads\/2016\/12\/pabellon_mixtos_ciudadela.jpg","articleSection":["Ayto Pamplona"],"inLanguage":"es"},{"@type":"WebPage","@id":"https:\/\/www.laguiadepamplona.com\/actualidad\/el-fotografo-paco-ocana-vuelve-al-pabellon-de-mixtos-con-sus-espejismos-de-la-ciudad-escenarios-virtuales-y-retratos\/","url":"https:\/\/www.laguiadepamplona.com\/actualidad\/el-fotografo-paco-ocana-vuelve-al-pabellon-de-mixtos-con-sus-espejismos-de-la-ciudad-escenarios-virtuales-y-retratos\/","name":"El fot\u00f3grafo Paco Oca\u00f1a vuelve al Pabell\u00f3n de Mixtos con sus espejismos de la ciudad, escenarios virtuales y retratos","isPartOf":{"@id":"https:\/\/www.laguiadepamplona.com\/actualidad\/#website"},"primaryImageOfPage":{"@id":"https:\/\/www.laguiadepamplona.com\/actualidad\/el-fotografo-paco-ocana-vuelve-al-pabellon-de-mixtos-con-sus-espejismos-de-la-ciudad-escenarios-virtuales-y-retratos\/#primaryimage"},"image":{"@id":"https:\/\/www.laguiadepamplona.com\/actualidad\/el-fotografo-paco-ocana-vuelve-al-pabellon-de-mixtos-con-sus-espejismos-de-la-ciudad-escenarios-virtuales-y-retratos\/#primaryimage"},"thumbnailUrl":"https:\/\/www.laguiadepamplona.com\/actualidad\/wp-content\/uploads\/2016\/12\/pabellon_mixtos_ciudadela.jpg","datePublished":"2017-03-10T11:54:30+00:00","breadcrumb":{"@id":"https:\/\/www.laguiadepamplona.com\/actualidad\/el-fotografo-paco-ocana-vuelve-al-pabellon-de-mixtos-con-sus-espejismos-de-la-ciudad-escenarios-virtuales-y-retratos\/#breadcrumb"},"inLanguage":"es","potentialAction":[{"@type":"ReadAction","target":["https:\/\/www.laguiadepamplona.com\/actualidad\/el-fotografo-paco-ocana-vuelve-al-pabellon-de-mixtos-con-sus-espejismos-de-la-ciudad-escenarios-virtuales-y-retratos\/"]}]},{"@type":"ImageObject","inLanguage":"es","@id":"https:\/\/www.laguiadepamplona.com\/actualidad\/el-fotografo-paco-ocana-vuelve-al-pabellon-de-mixtos-con-sus-espejismos-de-la-ciudad-escenarios-virtuales-y-retratos\/#primaryimage","url":"https:\/\/www.laguiadepamplona.com\/actualidad\/wp-content\/uploads\/2016\/12\/pabellon_mixtos_ciudadela.jpg","contentUrl":"https:\/\/www.laguiadepamplona.com\/actualidad\/wp-content\/uploads\/2016\/12\/pabellon_mixtos_ciudadela.jpg","width":1000,"height":667},{"@type":"BreadcrumbList","@id":"https:\/\/www.laguiadepamplona.com\/actualidad\/el-fotografo-paco-ocana-vuelve-al-pabellon-de-mixtos-con-sus-espejismos-de-la-ciudad-escenarios-virtuales-y-retratos\/#breadcrumb","itemListElement":[{"@type":"ListItem","position":1,"name":"Portada","item":"https:\/\/www.laguiadepamplona.com\/actualidad\/"},{"@type":"ListItem","position":2,"name":"El fot\u00f3grafo Paco Oca\u00f1a vuelve al Pabell\u00f3n de Mixtos con sus espejismos de la ciudad, escenarios virtuales y retratos"}]},{"@type":"WebSite","@id":"https:\/\/www.laguiadepamplona.com\/actualidad\/#website","url":"https:\/\/www.laguiadepamplona.com\/actualidad\/","name":"La gu\u00eda de Pamplona","description":"Noticias de Pamplona","publisher":{"@id":"https:\/\/www.laguiadepamplona.com\/actualidad\/#organization"},"potentialAction":[{"@type":"SearchAction","target":{"@type":"EntryPoint","urlTemplate":"https:\/\/www.laguiadepamplona.com\/actualidad\/?s={search_term_string}"},"query-input":{"@type":"PropertyValueSpecification","valueRequired":true,"valueName":"search_term_string"}}],"inLanguage":"es"},{"@type":"Organization","@id":"https:\/\/www.laguiadepamplona.com\/actualidad\/#organization","name":"La Gu\u00eda de Pamplona \/ Noticias","url":"https:\/\/www.laguiadepamplona.com\/actualidad\/","logo":{"@type":"ImageObject","inLanguage":"es","@id":"https:\/\/www.laguiadepamplona.com\/actualidad\/#\/schema\/logo\/image\/","url":"https:\/\/www.laguiadepamplona.com\/actualidad\/wp-content\/uploads\/2018\/11\/logo-laguiadepamplona18-web1.png","contentUrl":"https:\/\/www.laguiadepamplona.com\/actualidad\/wp-content\/uploads\/2018\/11\/logo-laguiadepamplona18-web1.png","width":600,"height":196,"caption":"La Gu\u00eda de Pamplona \/ Noticias"},"image":{"@id":"https:\/\/www.laguiadepamplona.com\/actualidad\/#\/schema\/logo\/image\/"},"sameAs":["https:\/\/www.facebook.com\/laguiadepamplonacom-133175176762273\/?ref=hl","https:\/\/x.com\/LaGuiadPamplona","https:\/\/www.instagram.com\/la_guia_de_pamplona\/","https:\/\/www.youtube.com\/user\/laguiadepamplona"]},{"@type":"Person","@id":"https:\/\/www.laguiadepamplona.com\/actualidad\/#\/schema\/person\/efe887376f0213d4657c93adc50b1fdb","name":"La Gu\u00eda de Pamplona","image":{"@type":"ImageObject","inLanguage":"es","@id":"https:\/\/secure.gravatar.com\/avatar\/b6992f131dc8d30ab0dff15446e9d346d9dbd95992de0fef795073f5ea83a81c?s=96&d=mm&r=g","url":"https:\/\/secure.gravatar.com\/avatar\/b6992f131dc8d30ab0dff15446e9d346d9dbd95992de0fef795073f5ea83a81c?s=96&d=mm&r=g","contentUrl":"https:\/\/secure.gravatar.com\/avatar\/b6992f131dc8d30ab0dff15446e9d346d9dbd95992de0fef795073f5ea83a81c?s=96&d=mm&r=g","caption":"La Gu\u00eda de Pamplona"}}]}},"post_mailing_queue_ids":[],"_links":{"self":[{"href":"https:\/\/www.laguiadepamplona.com\/actualidad\/wp-json\/wp\/v2\/posts\/12192","targetHints":{"allow":["GET"]}}],"collection":[{"href":"https:\/\/www.laguiadepamplona.com\/actualidad\/wp-json\/wp\/v2\/posts"}],"about":[{"href":"https:\/\/www.laguiadepamplona.com\/actualidad\/wp-json\/wp\/v2\/types\/post"}],"author":[{"embeddable":true,"href":"https:\/\/www.laguiadepamplona.com\/actualidad\/wp-json\/wp\/v2\/users\/1"}],"replies":[{"embeddable":true,"href":"https:\/\/www.laguiadepamplona.com\/actualidad\/wp-json\/wp\/v2\/comments?post=12192"}],"version-history":[{"count":0,"href":"https:\/\/www.laguiadepamplona.com\/actualidad\/wp-json\/wp\/v2\/posts\/12192\/revisions"}],"wp:featuredmedia":[{"embeddable":true,"href":"https:\/\/www.laguiadepamplona.com\/actualidad\/wp-json\/wp\/v2\/media\/11088"}],"wp:attachment":[{"href":"https:\/\/www.laguiadepamplona.com\/actualidad\/wp-json\/wp\/v2\/media?parent=12192"}],"wp:term":[{"taxonomy":"category","embeddable":true,"href":"https:\/\/www.laguiadepamplona.com\/actualidad\/wp-json\/wp\/v2\/categories?post=12192"},{"taxonomy":"post_tag","embeddable":true,"href":"https:\/\/www.laguiadepamplona.com\/actualidad\/wp-json\/wp\/v2\/tags?post=12192"}],"curies":[{"name":"wp","href":"https:\/\/api.w.org\/{rel}","templated":true}]}}