{"id":12176,"date":"2017-03-09T13:44:52","date_gmt":"2017-03-09T12:44:52","guid":{"rendered":"http:\/\/laguiadepamplona.es\/actualidad\/?p=12176"},"modified":"2017-03-09T13:44:52","modified_gmt":"2017-03-09T12:44:52","slug":"condestable-celebra-con-dos-exposiciones-los-25-anos-de-los-premios-internacionales-de-infografia-malofiej-que-otorga-la-universidad-de-navarra","status":"publish","type":"post","link":"https:\/\/www.laguiadepamplona.com\/actualidad\/condestable-celebra-con-dos-exposiciones-los-25-anos-de-los-premios-internacionales-de-infografia-malofiej-que-otorga-la-universidad-de-navarra\/","title":{"rendered":"Condestable celebra con dos exposiciones los 25 a\u00f1os de los premios internacionales de infograf\u00eda Malofiej que otorga la Universidad de Navarra"},"content":{"rendered":"<h3>Hasta el 1 de abril se muestra, a trav\u00e9s de diferentes infograf\u00edas, un retrato de la ciudad de Pamplona y de la labor de la Mancomunidad<\/h3>\n<p><!--more--><\/p>\n<p>Dos exposiciones, \u2018Pamplona infogr\u00e1fica\u2019 y \u2018Mancomunidad infogr\u00e1fica\u2019, se abren al p\u00fablico este jueves en Civivox Condestable para mostrar y reivindicar la importancia de un g\u00e9nero como la infograf\u00eda, que combina informaci\u00f3n y grafismo. Pamplona se convierte cada a\u00f1o en referente de este g\u00e9nero gracias a la cita con los premios internacionales Malofiej, que cumplen su 25\u00ba aniversario. La muestra celebra esta efem\u00e9ride y presenta, a trav\u00e9s de diferentes infograf\u00edas y dise\u00f1os, un retrato de la ciudad, de sus cifras y de sus h\u00e1bitos, y tambi\u00e9n de la labor de una entidad como la Mancomunidad de la Comarca de Pamplona.<\/p>\n<p>La concejala delegada de Cultura, Pol\u00edtica Ling\u00fc\u00edstica, Educaci\u00f3n y Deporte, Maider Beloki, el presidente de la Mancomunidad de la Comarca de Pamplona, Aritz Ayesa, el rector de la Universidad de Navarra, Alfonso S\u00e1nchez Tabernero, y el comisario de la muestra, Javier Errea, han presentado esta ma\u00f1ana estas exposiciones, que se podr\u00e1n visitar en diferentes espacios del Palacio del Condestable hasta el s\u00e1bado 1 de abril. Ambas muestras se han organizado coincidiendo con la celebraci\u00f3n del 25\u00ba aniversario de la Cumbre Mundial y de los Premios Internacionales Malofiej de infograf\u00eda, que concede la Universidad de Navarra. Estos premios est\u00e1n considerados como los Pulitzer o los \u00d3scar de la infograf\u00eda, un g\u00e9nero de g\u00e9neros, que ha transformado decisivamente los medios de comunicaci\u00f3n en cualquiera de sus plataformas.<\/p>\n<p>Los Malofiej vienen desarroll\u00e1ndose en la Universidad de Navarra desde 1993, auspiciados por la Facultad de Comunicaci\u00f3n y la Society for News Design (SND). Al igual que la exposici\u00f3n, la cita tiene tambi\u00e9n una doble cara, por un lado, los premios de dise\u00f1o y, por otro, el congreso internacional con ponencias, conferencias, mesas redondas y talleres. Cada a\u00f1o, a finales del mes de marzo (en este 2017 del 26 al 31 de marzo) Pamplona se convierte en ciudad de referencia de la infograf\u00eda period\u00edstica. Durante estos a\u00f1os han viajado a Pamplona profesionales de los medios de comunicaci\u00f3n m\u00e1s importantes del mundo, como The New York Times, The Washington Post, National Geographic, The Guardian, Die Seit, Frankfurter Allgemeine, Politiken, Lib\u00e9ration, Le Monde, Clar\u00edn, La Naci\u00f3n&#8230; e incluso de \u00e1reas y pa\u00edses como el Golfo P\u00e9rsico, India, China o Jap\u00f3n, para dar cuenta de su trabajo, de la evoluci\u00f3n de la infograf\u00eda y del futuro de este g\u00e9nero.<\/p>\n<p><strong>Pamplona infogr\u00e1fica<\/strong><\/p>\n<p>Infograf\u00eda es una palabra relativamente reciente. El t\u00e9rmino procede de conjugar otros dos t\u00e9rminos, informaci\u00f3n y graf\u00eda, ya que con la infograf\u00eda se informa gr\u00e1ficamente. En realidad, la infograf\u00eda podr\u00eda decirse que existe desde el principio de los tiempos porque el ser humano siempre ha empleado la representaci\u00f3n gr\u00e1fica para comunicarse, desde las cuevas prehist\u00f3ricas hasta el 3D.<\/p>\n<p>\u2018Pamplona infogr\u00e1fica\u2019 pretende ser un retrato de la ciudad y de sus habitantes, basado en el rigor estad\u00edstico. El patio de la planta baja acoge 25 paneles de gran formato (850 mm. de ancho por 1.040 mm. de alto) muestran qui\u00e9nes y cu\u00e1ntos somos, c\u00f3mo vivimos y nos relacionamos, qu\u00e9 consumimos o qu\u00e9 nos interesa. La muestra toca asuntos variados como la demograf\u00eda, nacimientos y muertes, inmigraci\u00f3n, vivienda, educaci\u00f3n, tr\u00e1fico, relaciones sexuales, meteorolog\u00eda, fiestas, pol\u00edtica, deporte\u2026 No es arte, sino informaci\u00f3n, datos visualizados de forma atractiva. As\u00ed, cada panel en una oportunidad para descubrir miles de detalles que despertar\u00e1n el comentario, la sorpresa o incluso la nostalgia. La infograf\u00eda, como cualquier otro g\u00e9nero period\u00edstico, pretende informar, contextualizar y generar opini\u00f3n.<\/p>\n<p><strong>Mancomunidad infogr\u00e1fica<\/strong><\/p>\n<p>Por su parte, \u2018Mancomunidad infogr\u00e1fica\u2019 contiene 57 paneles divididos en seis \u00e1reas, que se exhiben en la primera planta de Condestable. Recopila una selecci\u00f3n de las infograf\u00edas creadas desde 2010 para la memoria de la Mancomunidad de la Comarca de Pamplona, una publicaci\u00f3n que presenta los principales indicadores de esta entidad, haciendo uso de infograf\u00edas y visualizaciones, expuestos de manera diferente recurriendo a la fotograf\u00eda, la pintura, el dibujo o las manualidades. Una muestra de las posibilidades que ofrece un g\u00e9nero h\u00edbrido e integrador como la infograf\u00eda, un lenguaje de lenguajes que no solo emplea la palabra y los gr\u00e1ficos m\u00e1s tradicionales (tartas, mapas&#8230;) sino que est\u00e1 abierto a otras artes.<\/p>\n<p>Se pueden ver siete paneles de 2010 en los que las personas usuarias de la Mancomunidad y la fotograf\u00eda de Jes\u00fas Caso fueron protagonistas; diez paneles de 2011 con dibujos de Jojo y Lupe Cruz; once paneles de 2012 con gr\u00e1ficos en papel de Nerea Armend\u00e1riz; ocho paneles de 2013 con textos de Grassa Toro e ilustraciones desplegadas de Ana Yael; once paneles de 2014 con fotograf\u00edas de Carlos C\u00e1novas; y diez de 2015, con graficos basados en cuadros de Pedro Salaberri.<\/p>\n<p>&nbsp;<\/p>\n","protected":false},"excerpt":{"rendered":"<p>Hasta el 1 de abril se muestra, a trav\u00e9s de diferentes infograf\u00edas, un retrato de la ciudad de Pamplona y de la labor de la Mancomunidad<\/p>\n","protected":false},"author":1,"featured_media":11008,"comment_status":"closed","ping_status":"closed","sticky":false,"template":"","format":"standard","meta":{"footnotes":""},"categories":[2],"tags":[],"class_list":["post-12176","post","type-post","status-publish","format-standard","has-post-thumbnail","hentry","category-ayuntamiento-pamplona"],"yoast_head":"<!-- This site is optimized with the Yoast SEO plugin v27.3 - https:\/\/yoast.com\/product\/yoast-seo-wordpress\/ -->\n<title>Condestable celebra con dos exposiciones los 25 a\u00f1os de los premios internacionales de infograf\u00eda Malofiej que otorga la Universidad de Navarra<\/title>\n<meta name=\"robots\" content=\"index, follow, max-snippet:-1, max-image-preview:large, max-video-preview:-1\" \/>\n<link rel=\"canonical\" href=\"https:\/\/www.laguiadepamplona.com\/actualidad\/condestable-celebra-con-dos-exposiciones-los-25-anos-de-los-premios-internacionales-de-infografia-malofiej-que-otorga-la-universidad-de-navarra\/\" \/>\n<meta property=\"og:locale\" content=\"es_ES\" \/>\n<meta property=\"og:type\" content=\"article\" \/>\n<meta property=\"og:title\" content=\"Condestable celebra con dos exposiciones los 25 a\u00f1os de los premios internacionales de infograf\u00eda Malofiej que otorga la Universidad de Navarra\" \/>\n<meta property=\"og:description\" content=\"Hasta el 1 de abril se muestra, a trav\u00e9s de diferentes infograf\u00edas, un retrato de la ciudad de Pamplona y de la labor de la Mancomunidad\" \/>\n<meta property=\"og:url\" content=\"https:\/\/www.laguiadepamplona.com\/actualidad\/condestable-celebra-con-dos-exposiciones-los-25-anos-de-los-premios-internacionales-de-infografia-malofiej-que-otorga-la-universidad-de-navarra\/\" \/>\n<meta property=\"og:site_name\" content=\"La Gu\u00eda de Pamplona\" \/>\n<meta property=\"article:publisher\" content=\"https:\/\/www.facebook.com\/laguiadepamplonacom-133175176762273\/?ref=hl\" \/>\n<meta property=\"article:published_time\" content=\"2017-03-09T12:44:52+00:00\" \/>\n<meta property=\"og:image\" content=\"https:\/\/www.laguiadepamplona.com\/actualidad\/wp-content\/uploads\/2016\/12\/palacio-condestable-civivox.jpg\" \/>\n\t<meta property=\"og:image:width\" content=\"900\" \/>\n\t<meta property=\"og:image:height\" content=\"675\" \/>\n\t<meta property=\"og:image:type\" content=\"image\/jpeg\" \/>\n<meta name=\"author\" content=\"La Gu\u00eda de Pamplona\" \/>\n<meta name=\"twitter:card\" content=\"summary_large_image\" \/>\n<meta name=\"twitter:creator\" content=\"@LaGuiadPamplona\" \/>\n<meta name=\"twitter:site\" content=\"@LaGuiadPamplona\" \/>\n<meta name=\"twitter:label1\" content=\"Escrito por\" \/>\n\t<meta name=\"twitter:data1\" content=\"La Gu\u00eda de Pamplona\" \/>\n\t<meta name=\"twitter:label2\" content=\"Tiempo de lectura\" \/>\n\t<meta name=\"twitter:data2\" content=\"4 minutos\" \/>\n<script type=\"application\/ld+json\" class=\"yoast-schema-graph\">{\"@context\":\"https:\\\/\\\/schema.org\",\"@graph\":[{\"@type\":\"Article\",\"@id\":\"https:\\\/\\\/www.laguiadepamplona.com\\\/actualidad\\\/condestable-celebra-con-dos-exposiciones-los-25-anos-de-los-premios-internacionales-de-infografia-malofiej-que-otorga-la-universidad-de-navarra\\\/#article\",\"isPartOf\":{\"@id\":\"https:\\\/\\\/www.laguiadepamplona.com\\\/actualidad\\\/condestable-celebra-con-dos-exposiciones-los-25-anos-de-los-premios-internacionales-de-infografia-malofiej-que-otorga-la-universidad-de-navarra\\\/\"},\"author\":{\"name\":\"La Gu\u00eda de Pamplona\",\"@id\":\"https:\\\/\\\/www.laguiadepamplona.com\\\/actualidad\\\/#\\\/schema\\\/person\\\/efe887376f0213d4657c93adc50b1fdb\"},\"headline\":\"Condestable celebra con dos exposiciones los 25 a\u00f1os de los premios internacionales de infograf\u00eda Malofiej que otorga la Universidad de Navarra\",\"datePublished\":\"2017-03-09T12:44:52+00:00\",\"mainEntityOfPage\":{\"@id\":\"https:\\\/\\\/www.laguiadepamplona.com\\\/actualidad\\\/condestable-celebra-con-dos-exposiciones-los-25-anos-de-los-premios-internacionales-de-infografia-malofiej-que-otorga-la-universidad-de-navarra\\\/\"},\"wordCount\":883,\"publisher\":{\"@id\":\"https:\\\/\\\/www.laguiadepamplona.com\\\/actualidad\\\/#organization\"},\"image\":{\"@id\":\"https:\\\/\\\/www.laguiadepamplona.com\\\/actualidad\\\/condestable-celebra-con-dos-exposiciones-los-25-anos-de-los-premios-internacionales-de-infografia-malofiej-que-otorga-la-universidad-de-navarra\\\/#primaryimage\"},\"thumbnailUrl\":\"https:\\\/\\\/www.laguiadepamplona.com\\\/actualidad\\\/wp-content\\\/uploads\\\/2016\\\/12\\\/palacio-condestable-civivox.jpg\",\"articleSection\":[\"Ayto Pamplona\"],\"inLanguage\":\"es\"},{\"@type\":\"WebPage\",\"@id\":\"https:\\\/\\\/www.laguiadepamplona.com\\\/actualidad\\\/condestable-celebra-con-dos-exposiciones-los-25-anos-de-los-premios-internacionales-de-infografia-malofiej-que-otorga-la-universidad-de-navarra\\\/\",\"url\":\"https:\\\/\\\/www.laguiadepamplona.com\\\/actualidad\\\/condestable-celebra-con-dos-exposiciones-los-25-anos-de-los-premios-internacionales-de-infografia-malofiej-que-otorga-la-universidad-de-navarra\\\/\",\"name\":\"Condestable celebra con dos exposiciones los 25 a\u00f1os de los premios internacionales de infograf\u00eda Malofiej que otorga la Universidad de Navarra\",\"isPartOf\":{\"@id\":\"https:\\\/\\\/www.laguiadepamplona.com\\\/actualidad\\\/#website\"},\"primaryImageOfPage\":{\"@id\":\"https:\\\/\\\/www.laguiadepamplona.com\\\/actualidad\\\/condestable-celebra-con-dos-exposiciones-los-25-anos-de-los-premios-internacionales-de-infografia-malofiej-que-otorga-la-universidad-de-navarra\\\/#primaryimage\"},\"image\":{\"@id\":\"https:\\\/\\\/www.laguiadepamplona.com\\\/actualidad\\\/condestable-celebra-con-dos-exposiciones-los-25-anos-de-los-premios-internacionales-de-infografia-malofiej-que-otorga-la-universidad-de-navarra\\\/#primaryimage\"},\"thumbnailUrl\":\"https:\\\/\\\/www.laguiadepamplona.com\\\/actualidad\\\/wp-content\\\/uploads\\\/2016\\\/12\\\/palacio-condestable-civivox.jpg\",\"datePublished\":\"2017-03-09T12:44:52+00:00\",\"breadcrumb\":{\"@id\":\"https:\\\/\\\/www.laguiadepamplona.com\\\/actualidad\\\/condestable-celebra-con-dos-exposiciones-los-25-anos-de-los-premios-internacionales-de-infografia-malofiej-que-otorga-la-universidad-de-navarra\\\/#breadcrumb\"},\"inLanguage\":\"es\",\"potentialAction\":[{\"@type\":\"ReadAction\",\"target\":[\"https:\\\/\\\/www.laguiadepamplona.com\\\/actualidad\\\/condestable-celebra-con-dos-exposiciones-los-25-anos-de-los-premios-internacionales-de-infografia-malofiej-que-otorga-la-universidad-de-navarra\\\/\"]}]},{\"@type\":\"ImageObject\",\"inLanguage\":\"es\",\"@id\":\"https:\\\/\\\/www.laguiadepamplona.com\\\/actualidad\\\/condestable-celebra-con-dos-exposiciones-los-25-anos-de-los-premios-internacionales-de-infografia-malofiej-que-otorga-la-universidad-de-navarra\\\/#primaryimage\",\"url\":\"https:\\\/\\\/www.laguiadepamplona.com\\\/actualidad\\\/wp-content\\\/uploads\\\/2016\\\/12\\\/palacio-condestable-civivox.jpg\",\"contentUrl\":\"https:\\\/\\\/www.laguiadepamplona.com\\\/actualidad\\\/wp-content\\\/uploads\\\/2016\\\/12\\\/palacio-condestable-civivox.jpg\",\"width\":900,\"height\":675},{\"@type\":\"BreadcrumbList\",\"@id\":\"https:\\\/\\\/www.laguiadepamplona.com\\\/actualidad\\\/condestable-celebra-con-dos-exposiciones-los-25-anos-de-los-premios-internacionales-de-infografia-malofiej-que-otorga-la-universidad-de-navarra\\\/#breadcrumb\",\"itemListElement\":[{\"@type\":\"ListItem\",\"position\":1,\"name\":\"Portada\",\"item\":\"https:\\\/\\\/www.laguiadepamplona.com\\\/actualidad\\\/\"},{\"@type\":\"ListItem\",\"position\":2,\"name\":\"Condestable celebra con dos exposiciones los 25 a\u00f1os de los premios internacionales de infograf\u00eda Malofiej que otorga la Universidad de Navarra\"}]},{\"@type\":\"WebSite\",\"@id\":\"https:\\\/\\\/www.laguiadepamplona.com\\\/actualidad\\\/#website\",\"url\":\"https:\\\/\\\/www.laguiadepamplona.com\\\/actualidad\\\/\",\"name\":\"La gu\u00eda de Pamplona\",\"description\":\"Noticias de Pamplona\",\"publisher\":{\"@id\":\"https:\\\/\\\/www.laguiadepamplona.com\\\/actualidad\\\/#organization\"},\"potentialAction\":[{\"@type\":\"SearchAction\",\"target\":{\"@type\":\"EntryPoint\",\"urlTemplate\":\"https:\\\/\\\/www.laguiadepamplona.com\\\/actualidad\\\/?s={search_term_string}\"},\"query-input\":{\"@type\":\"PropertyValueSpecification\",\"valueRequired\":true,\"valueName\":\"search_term_string\"}}],\"inLanguage\":\"es\"},{\"@type\":\"Organization\",\"@id\":\"https:\\\/\\\/www.laguiadepamplona.com\\\/actualidad\\\/#organization\",\"name\":\"La Gu\u00eda de Pamplona \\\/ Noticias\",\"url\":\"https:\\\/\\\/www.laguiadepamplona.com\\\/actualidad\\\/\",\"logo\":{\"@type\":\"ImageObject\",\"inLanguage\":\"es\",\"@id\":\"https:\\\/\\\/www.laguiadepamplona.com\\\/actualidad\\\/#\\\/schema\\\/logo\\\/image\\\/\",\"url\":\"https:\\\/\\\/www.laguiadepamplona.com\\\/actualidad\\\/wp-content\\\/uploads\\\/2018\\\/11\\\/logo-laguiadepamplona18-web1.png\",\"contentUrl\":\"https:\\\/\\\/www.laguiadepamplona.com\\\/actualidad\\\/wp-content\\\/uploads\\\/2018\\\/11\\\/logo-laguiadepamplona18-web1.png\",\"width\":600,\"height\":196,\"caption\":\"La Gu\u00eda de Pamplona \\\/ Noticias\"},\"image\":{\"@id\":\"https:\\\/\\\/www.laguiadepamplona.com\\\/actualidad\\\/#\\\/schema\\\/logo\\\/image\\\/\"},\"sameAs\":[\"https:\\\/\\\/www.facebook.com\\\/laguiadepamplonacom-133175176762273\\\/?ref=hl\",\"https:\\\/\\\/x.com\\\/LaGuiadPamplona\",\"https:\\\/\\\/www.instagram.com\\\/la_guia_de_pamplona\\\/\",\"https:\\\/\\\/www.youtube.com\\\/user\\\/laguiadepamplona\"]},{\"@type\":\"Person\",\"@id\":\"https:\\\/\\\/www.laguiadepamplona.com\\\/actualidad\\\/#\\\/schema\\\/person\\\/efe887376f0213d4657c93adc50b1fdb\",\"name\":\"La Gu\u00eda de Pamplona\",\"image\":{\"@type\":\"ImageObject\",\"inLanguage\":\"es\",\"@id\":\"https:\\\/\\\/secure.gravatar.com\\\/avatar\\\/b6992f131dc8d30ab0dff15446e9d346d9dbd95992de0fef795073f5ea83a81c?s=96&d=mm&r=g\",\"url\":\"https:\\\/\\\/secure.gravatar.com\\\/avatar\\\/b6992f131dc8d30ab0dff15446e9d346d9dbd95992de0fef795073f5ea83a81c?s=96&d=mm&r=g\",\"contentUrl\":\"https:\\\/\\\/secure.gravatar.com\\\/avatar\\\/b6992f131dc8d30ab0dff15446e9d346d9dbd95992de0fef795073f5ea83a81c?s=96&d=mm&r=g\",\"caption\":\"La Gu\u00eda de Pamplona\"}}]}<\/script>\n<!-- \/ Yoast SEO plugin. -->","yoast_head_json":{"title":"Condestable celebra con dos exposiciones los 25 a\u00f1os de los premios internacionales de infograf\u00eda Malofiej que otorga la Universidad de Navarra","robots":{"index":"index","follow":"follow","max-snippet":"max-snippet:-1","max-image-preview":"max-image-preview:large","max-video-preview":"max-video-preview:-1"},"canonical":"https:\/\/www.laguiadepamplona.com\/actualidad\/condestable-celebra-con-dos-exposiciones-los-25-anos-de-los-premios-internacionales-de-infografia-malofiej-que-otorga-la-universidad-de-navarra\/","og_locale":"es_ES","og_type":"article","og_title":"Condestable celebra con dos exposiciones los 25 a\u00f1os de los premios internacionales de infograf\u00eda Malofiej que otorga la Universidad de Navarra","og_description":"Hasta el 1 de abril se muestra, a trav\u00e9s de diferentes infograf\u00edas, un retrato de la ciudad de Pamplona y de la labor de la Mancomunidad","og_url":"https:\/\/www.laguiadepamplona.com\/actualidad\/condestable-celebra-con-dos-exposiciones-los-25-anos-de-los-premios-internacionales-de-infografia-malofiej-que-otorga-la-universidad-de-navarra\/","og_site_name":"La Gu\u00eda de Pamplona","article_publisher":"https:\/\/www.facebook.com\/laguiadepamplonacom-133175176762273\/?ref=hl","article_published_time":"2017-03-09T12:44:52+00:00","og_image":[{"width":900,"height":675,"url":"https:\/\/www.laguiadepamplona.com\/actualidad\/wp-content\/uploads\/2016\/12\/palacio-condestable-civivox.jpg","type":"image\/jpeg"}],"author":"La Gu\u00eda de Pamplona","twitter_card":"summary_large_image","twitter_creator":"@LaGuiadPamplona","twitter_site":"@LaGuiadPamplona","twitter_misc":{"Escrito por":"La Gu\u00eda de Pamplona","Tiempo de lectura":"4 minutos"},"schema":{"@context":"https:\/\/schema.org","@graph":[{"@type":"Article","@id":"https:\/\/www.laguiadepamplona.com\/actualidad\/condestable-celebra-con-dos-exposiciones-los-25-anos-de-los-premios-internacionales-de-infografia-malofiej-que-otorga-la-universidad-de-navarra\/#article","isPartOf":{"@id":"https:\/\/www.laguiadepamplona.com\/actualidad\/condestable-celebra-con-dos-exposiciones-los-25-anos-de-los-premios-internacionales-de-infografia-malofiej-que-otorga-la-universidad-de-navarra\/"},"author":{"name":"La Gu\u00eda de Pamplona","@id":"https:\/\/www.laguiadepamplona.com\/actualidad\/#\/schema\/person\/efe887376f0213d4657c93adc50b1fdb"},"headline":"Condestable celebra con dos exposiciones los 25 a\u00f1os de los premios internacionales de infograf\u00eda Malofiej que otorga la Universidad de Navarra","datePublished":"2017-03-09T12:44:52+00:00","mainEntityOfPage":{"@id":"https:\/\/www.laguiadepamplona.com\/actualidad\/condestable-celebra-con-dos-exposiciones-los-25-anos-de-los-premios-internacionales-de-infografia-malofiej-que-otorga-la-universidad-de-navarra\/"},"wordCount":883,"publisher":{"@id":"https:\/\/www.laguiadepamplona.com\/actualidad\/#organization"},"image":{"@id":"https:\/\/www.laguiadepamplona.com\/actualidad\/condestable-celebra-con-dos-exposiciones-los-25-anos-de-los-premios-internacionales-de-infografia-malofiej-que-otorga-la-universidad-de-navarra\/#primaryimage"},"thumbnailUrl":"https:\/\/www.laguiadepamplona.com\/actualidad\/wp-content\/uploads\/2016\/12\/palacio-condestable-civivox.jpg","articleSection":["Ayto Pamplona"],"inLanguage":"es"},{"@type":"WebPage","@id":"https:\/\/www.laguiadepamplona.com\/actualidad\/condestable-celebra-con-dos-exposiciones-los-25-anos-de-los-premios-internacionales-de-infografia-malofiej-que-otorga-la-universidad-de-navarra\/","url":"https:\/\/www.laguiadepamplona.com\/actualidad\/condestable-celebra-con-dos-exposiciones-los-25-anos-de-los-premios-internacionales-de-infografia-malofiej-que-otorga-la-universidad-de-navarra\/","name":"Condestable celebra con dos exposiciones los 25 a\u00f1os de los premios internacionales de infograf\u00eda Malofiej que otorga la Universidad de Navarra","isPartOf":{"@id":"https:\/\/www.laguiadepamplona.com\/actualidad\/#website"},"primaryImageOfPage":{"@id":"https:\/\/www.laguiadepamplona.com\/actualidad\/condestable-celebra-con-dos-exposiciones-los-25-anos-de-los-premios-internacionales-de-infografia-malofiej-que-otorga-la-universidad-de-navarra\/#primaryimage"},"image":{"@id":"https:\/\/www.laguiadepamplona.com\/actualidad\/condestable-celebra-con-dos-exposiciones-los-25-anos-de-los-premios-internacionales-de-infografia-malofiej-que-otorga-la-universidad-de-navarra\/#primaryimage"},"thumbnailUrl":"https:\/\/www.laguiadepamplona.com\/actualidad\/wp-content\/uploads\/2016\/12\/palacio-condestable-civivox.jpg","datePublished":"2017-03-09T12:44:52+00:00","breadcrumb":{"@id":"https:\/\/www.laguiadepamplona.com\/actualidad\/condestable-celebra-con-dos-exposiciones-los-25-anos-de-los-premios-internacionales-de-infografia-malofiej-que-otorga-la-universidad-de-navarra\/#breadcrumb"},"inLanguage":"es","potentialAction":[{"@type":"ReadAction","target":["https:\/\/www.laguiadepamplona.com\/actualidad\/condestable-celebra-con-dos-exposiciones-los-25-anos-de-los-premios-internacionales-de-infografia-malofiej-que-otorga-la-universidad-de-navarra\/"]}]},{"@type":"ImageObject","inLanguage":"es","@id":"https:\/\/www.laguiadepamplona.com\/actualidad\/condestable-celebra-con-dos-exposiciones-los-25-anos-de-los-premios-internacionales-de-infografia-malofiej-que-otorga-la-universidad-de-navarra\/#primaryimage","url":"https:\/\/www.laguiadepamplona.com\/actualidad\/wp-content\/uploads\/2016\/12\/palacio-condestable-civivox.jpg","contentUrl":"https:\/\/www.laguiadepamplona.com\/actualidad\/wp-content\/uploads\/2016\/12\/palacio-condestable-civivox.jpg","width":900,"height":675},{"@type":"BreadcrumbList","@id":"https:\/\/www.laguiadepamplona.com\/actualidad\/condestable-celebra-con-dos-exposiciones-los-25-anos-de-los-premios-internacionales-de-infografia-malofiej-que-otorga-la-universidad-de-navarra\/#breadcrumb","itemListElement":[{"@type":"ListItem","position":1,"name":"Portada","item":"https:\/\/www.laguiadepamplona.com\/actualidad\/"},{"@type":"ListItem","position":2,"name":"Condestable celebra con dos exposiciones los 25 a\u00f1os de los premios internacionales de infograf\u00eda Malofiej que otorga la Universidad de Navarra"}]},{"@type":"WebSite","@id":"https:\/\/www.laguiadepamplona.com\/actualidad\/#website","url":"https:\/\/www.laguiadepamplona.com\/actualidad\/","name":"La gu\u00eda de Pamplona","description":"Noticias de Pamplona","publisher":{"@id":"https:\/\/www.laguiadepamplona.com\/actualidad\/#organization"},"potentialAction":[{"@type":"SearchAction","target":{"@type":"EntryPoint","urlTemplate":"https:\/\/www.laguiadepamplona.com\/actualidad\/?s={search_term_string}"},"query-input":{"@type":"PropertyValueSpecification","valueRequired":true,"valueName":"search_term_string"}}],"inLanguage":"es"},{"@type":"Organization","@id":"https:\/\/www.laguiadepamplona.com\/actualidad\/#organization","name":"La Gu\u00eda de Pamplona \/ Noticias","url":"https:\/\/www.laguiadepamplona.com\/actualidad\/","logo":{"@type":"ImageObject","inLanguage":"es","@id":"https:\/\/www.laguiadepamplona.com\/actualidad\/#\/schema\/logo\/image\/","url":"https:\/\/www.laguiadepamplona.com\/actualidad\/wp-content\/uploads\/2018\/11\/logo-laguiadepamplona18-web1.png","contentUrl":"https:\/\/www.laguiadepamplona.com\/actualidad\/wp-content\/uploads\/2018\/11\/logo-laguiadepamplona18-web1.png","width":600,"height":196,"caption":"La Gu\u00eda de Pamplona \/ Noticias"},"image":{"@id":"https:\/\/www.laguiadepamplona.com\/actualidad\/#\/schema\/logo\/image\/"},"sameAs":["https:\/\/www.facebook.com\/laguiadepamplonacom-133175176762273\/?ref=hl","https:\/\/x.com\/LaGuiadPamplona","https:\/\/www.instagram.com\/la_guia_de_pamplona\/","https:\/\/www.youtube.com\/user\/laguiadepamplona"]},{"@type":"Person","@id":"https:\/\/www.laguiadepamplona.com\/actualidad\/#\/schema\/person\/efe887376f0213d4657c93adc50b1fdb","name":"La Gu\u00eda de Pamplona","image":{"@type":"ImageObject","inLanguage":"es","@id":"https:\/\/secure.gravatar.com\/avatar\/b6992f131dc8d30ab0dff15446e9d346d9dbd95992de0fef795073f5ea83a81c?s=96&d=mm&r=g","url":"https:\/\/secure.gravatar.com\/avatar\/b6992f131dc8d30ab0dff15446e9d346d9dbd95992de0fef795073f5ea83a81c?s=96&d=mm&r=g","contentUrl":"https:\/\/secure.gravatar.com\/avatar\/b6992f131dc8d30ab0dff15446e9d346d9dbd95992de0fef795073f5ea83a81c?s=96&d=mm&r=g","caption":"La Gu\u00eda de Pamplona"}}]}},"post_mailing_queue_ids":[],"_links":{"self":[{"href":"https:\/\/www.laguiadepamplona.com\/actualidad\/wp-json\/wp\/v2\/posts\/12176","targetHints":{"allow":["GET"]}}],"collection":[{"href":"https:\/\/www.laguiadepamplona.com\/actualidad\/wp-json\/wp\/v2\/posts"}],"about":[{"href":"https:\/\/www.laguiadepamplona.com\/actualidad\/wp-json\/wp\/v2\/types\/post"}],"author":[{"embeddable":true,"href":"https:\/\/www.laguiadepamplona.com\/actualidad\/wp-json\/wp\/v2\/users\/1"}],"replies":[{"embeddable":true,"href":"https:\/\/www.laguiadepamplona.com\/actualidad\/wp-json\/wp\/v2\/comments?post=12176"}],"version-history":[{"count":0,"href":"https:\/\/www.laguiadepamplona.com\/actualidad\/wp-json\/wp\/v2\/posts\/12176\/revisions"}],"wp:featuredmedia":[{"embeddable":true,"href":"https:\/\/www.laguiadepamplona.com\/actualidad\/wp-json\/wp\/v2\/media\/11008"}],"wp:attachment":[{"href":"https:\/\/www.laguiadepamplona.com\/actualidad\/wp-json\/wp\/v2\/media?parent=12176"}],"wp:term":[{"taxonomy":"category","embeddable":true,"href":"https:\/\/www.laguiadepamplona.com\/actualidad\/wp-json\/wp\/v2\/categories?post=12176"},{"taxonomy":"post_tag","embeddable":true,"href":"https:\/\/www.laguiadepamplona.com\/actualidad\/wp-json\/wp\/v2\/tags?post=12176"}],"curies":[{"name":"wp","href":"https:\/\/api.w.org\/{rel}","templated":true}]}}