{"id":1183,"date":"2014-04-11T10:36:42","date_gmt":"2014-04-11T09:36:42","guid":{"rendered":"http:\/\/laguiadepamplona.es\/noticias\/?p=1183"},"modified":"2014-04-11T10:36:42","modified_gmt":"2014-04-11T09:36:42","slug":"fundacion-osasuna-celebro-su-acto-oficial-de-establecimientos-promotores-osasunistas-y-simpatizantes-con-roberto-torres","status":"publish","type":"post","link":"https:\/\/www.laguiadepamplona.com\/actualidad\/fundacion-osasuna-celebro-su-acto-oficial-de-establecimientos-promotores-osasunistas-y-simpatizantes-con-roberto-torres\/","title":{"rendered":"Fundaci\u00f3n Osasuna celebr\u00f3 su \u2018acto oficial de establecimientos, promotores osasunistas y simpatizantes\u2019 con Roberto Torres"},"content":{"rendered":"<p><span style=\"color: black; font-family: Arial; font-size: small; line-height: 1.5em;\"><a href=\"http:\/\/laguiadepamplona.es\/noticias\/wp-content\/uploads\/2014\/04\/Foto-2.jpg\"><img loading=\"lazy\" decoding=\"async\" class=\"alignleft size-medium wp-image-1184\" alt=\"Foto 2\" src=\"http:\/\/laguiadepamplona.es\/noticias\/wp-content\/uploads\/2014\/04\/Foto-2-300x59.jpg\" width=\"300\" height=\"59\" \/><\/a>El pasado mi\u00e9rcoles, Fundaci\u00f3n Osasuna quiso premiar a sus empresas colaboradoras por su compromiso con el proyecto de la entidad. En concreto, celebr\u00f3 el \u2018acto oficial de establecimientos, promotores osasunistas y simpatizantes\u2019 en el que estaban convocadas 169 empresas. Roberto Torres acudi\u00f3 al evento y entreg\u00f3 un p\u00f3ster firmado a cada una de ellas, adem\u00e1s de dos entradas para el Osasuna-Valladolid. El jugador atendi\u00f3 con cari\u00f1o a todos aquellos que le demandaron una fotograf\u00eda o un aut\u00f3grafo.<\/span><\/p>\n<p><span style=\"color: black; font-family: Arial; font-size: small;\">\u00a0<\/span><\/p>\n<p><span style=\"color: black; font-family: Arial; font-size: small;\">El acto se inici\u00f3 con una fotograf\u00eda de familia, que se realiz\u00f3 en la grada de El Sadar. A continuaci\u00f3n, Manolo Ganuza, directivo del Club Atl\u00e9tico Osasuna, dirigi\u00f3 unas palabras de reconocimiento a los presentes, a quienes pidi\u00f3 que siguieran depositando su confianza en el trabajo de la Fundaci\u00f3n. Al acto tambi\u00e9n asisti\u00f3 el director de Fundaci\u00f3n Osasuna, Diego Maquirriain. \u00a0<\/span><\/p>\n","protected":false},"excerpt":{"rendered":"<p>El pasado mi\u00e9rcoles, Fundaci\u00f3n Osasuna quiso premiar a sus empresas colaboradoras por su compromiso con el proyecto de la entidad. En concreto, celebr\u00f3 el \u2018acto oficial de establecimientos, promotores osasunistas&#8230;<\/p>\n","protected":false},"author":1,"featured_media":1184,"comment_status":"open","ping_status":"open","sticky":false,"template":"","format":"standard","meta":{"footnotes":""},"categories":[3],"tags":[794,5,14,15,9,795,296,796],"class_list":["post-1183","post","type-post","status-publish","format-standard","has-post-thumbnail","hentry","category-fundacion-osasuna","tag-acto-oficial-de-establecimientos","tag-actualidad","tag-fundacion-osasuna-2","tag-osasuna","tag-pamplona","tag-promotores-osasunistas","tag-roberto-torres","tag-simpatizantes"],"yoast_head":"<!-- This site is optimized with the Yoast SEO plugin v27.5 - https:\/\/yoast.com\/product\/yoast-seo-wordpress\/ -->\n<title>Fundaci\u00f3n Osasuna celebr\u00f3 su \u2018acto oficial de establecimientos, promotores osasunistas y simpatizantes\u2019 con Roberto Torres<\/title>\n<meta name=\"robots\" content=\"index, follow, max-snippet:-1, max-image-preview:large, max-video-preview:-1\" \/>\n<link rel=\"canonical\" href=\"https:\/\/www.laguiadepamplona.com\/actualidad\/fundacion-osasuna-celebro-su-acto-oficial-de-establecimientos-promotores-osasunistas-y-simpatizantes-con-roberto-torres\/\" \/>\n<meta property=\"og:locale\" content=\"es_ES\" \/>\n<meta property=\"og:type\" content=\"article\" \/>\n<meta property=\"og:title\" content=\"Fundaci\u00f3n Osasuna celebr\u00f3 su \u2018acto oficial de establecimientos, promotores osasunistas y simpatizantes\u2019 con Roberto Torres\" \/>\n<meta property=\"og:description\" content=\"El pasado mi\u00e9rcoles, Fundaci\u00f3n Osasuna quiso premiar a sus empresas colaboradoras por su compromiso con el proyecto de la entidad. En concreto, celebr\u00f3 el \u2018acto oficial de establecimientos, promotores osasunistas...\" \/>\n<meta property=\"og:url\" content=\"https:\/\/www.laguiadepamplona.com\/actualidad\/fundacion-osasuna-celebro-su-acto-oficial-de-establecimientos-promotores-osasunistas-y-simpatizantes-con-roberto-torres\/\" \/>\n<meta property=\"og:site_name\" content=\"La Gu\u00eda de Pamplona\" \/>\n<meta property=\"article:publisher\" content=\"https:\/\/www.facebook.com\/laguiadepamplonacom-133175176762273\/?ref=hl\" \/>\n<meta property=\"article:published_time\" content=\"2014-04-11T09:36:42+00:00\" \/>\n<meta name=\"author\" content=\"La Gu\u00eda de Pamplona\" \/>\n<meta name=\"twitter:card\" content=\"summary_large_image\" \/>\n<meta name=\"twitter:creator\" content=\"@LaGuiadPamplona\" \/>\n<meta name=\"twitter:site\" content=\"@LaGuiadPamplona\" \/>\n<meta name=\"twitter:label1\" content=\"Escrito por\" \/>\n\t<meta name=\"twitter:data1\" content=\"La Gu\u00eda de Pamplona\" \/>\n\t<meta name=\"twitter:label2\" content=\"Tiempo de lectura\" \/>\n\t<meta name=\"twitter:data2\" content=\"1 minuto\" \/>\n<script type=\"application\/ld+json\" class=\"yoast-schema-graph\">{\"@context\":\"https:\\\/\\\/schema.org\",\"@graph\":[{\"@type\":\"Article\",\"@id\":\"https:\\\/\\\/www.laguiadepamplona.com\\\/actualidad\\\/fundacion-osasuna-celebro-su-acto-oficial-de-establecimientos-promotores-osasunistas-y-simpatizantes-con-roberto-torres\\\/#article\",\"isPartOf\":{\"@id\":\"https:\\\/\\\/www.laguiadepamplona.com\\\/actualidad\\\/fundacion-osasuna-celebro-su-acto-oficial-de-establecimientos-promotores-osasunistas-y-simpatizantes-con-roberto-torres\\\/\"},\"author\":{\"name\":\"La Gu\u00eda de Pamplona\",\"@id\":\"https:\\\/\\\/www.laguiadepamplona.com\\\/actualidad\\\/#\\\/schema\\\/person\\\/efe887376f0213d4657c93adc50b1fdb\"},\"headline\":\"Fundaci\u00f3n Osasuna celebr\u00f3 su \u2018acto oficial de establecimientos, promotores osasunistas y simpatizantes\u2019 con Roberto Torres\",\"datePublished\":\"2014-04-11T09:36:42+00:00\",\"mainEntityOfPage\":{\"@id\":\"https:\\\/\\\/www.laguiadepamplona.com\\\/actualidad\\\/fundacion-osasuna-celebro-su-acto-oficial-de-establecimientos-promotores-osasunistas-y-simpatizantes-con-roberto-torres\\\/\"},\"wordCount\":165,\"commentCount\":0,\"publisher\":{\"@id\":\"https:\\\/\\\/www.laguiadepamplona.com\\\/actualidad\\\/#organization\"},\"image\":{\"@id\":\"https:\\\/\\\/www.laguiadepamplona.com\\\/actualidad\\\/fundacion-osasuna-celebro-su-acto-oficial-de-establecimientos-promotores-osasunistas-y-simpatizantes-con-roberto-torres\\\/#primaryimage\"},\"thumbnailUrl\":\"\",\"keywords\":[\"acto oficial de establecimientos\",\"actualidad\",\"fundaci\u00f3n osasuna\",\"osasuna\",\"pamplona\",\"promotores osasunistas\",\"roberto torres\",\"simpatizantes\"],\"articleSection\":[\"Fundaci\u00f3n Osasuna\"],\"inLanguage\":\"es\",\"potentialAction\":[{\"@type\":\"CommentAction\",\"name\":\"Comment\",\"target\":[\"https:\\\/\\\/www.laguiadepamplona.com\\\/actualidad\\\/fundacion-osasuna-celebro-su-acto-oficial-de-establecimientos-promotores-osasunistas-y-simpatizantes-con-roberto-torres\\\/#respond\"]}]},{\"@type\":\"WebPage\",\"@id\":\"https:\\\/\\\/www.laguiadepamplona.com\\\/actualidad\\\/fundacion-osasuna-celebro-su-acto-oficial-de-establecimientos-promotores-osasunistas-y-simpatizantes-con-roberto-torres\\\/\",\"url\":\"https:\\\/\\\/www.laguiadepamplona.com\\\/actualidad\\\/fundacion-osasuna-celebro-su-acto-oficial-de-establecimientos-promotores-osasunistas-y-simpatizantes-con-roberto-torres\\\/\",\"name\":\"Fundaci\u00f3n Osasuna celebr\u00f3 su \u2018acto oficial de establecimientos, promotores osasunistas y simpatizantes\u2019 con Roberto Torres\",\"isPartOf\":{\"@id\":\"https:\\\/\\\/www.laguiadepamplona.com\\\/actualidad\\\/#website\"},\"primaryImageOfPage\":{\"@id\":\"https:\\\/\\\/www.laguiadepamplona.com\\\/actualidad\\\/fundacion-osasuna-celebro-su-acto-oficial-de-establecimientos-promotores-osasunistas-y-simpatizantes-con-roberto-torres\\\/#primaryimage\"},\"image\":{\"@id\":\"https:\\\/\\\/www.laguiadepamplona.com\\\/actualidad\\\/fundacion-osasuna-celebro-su-acto-oficial-de-establecimientos-promotores-osasunistas-y-simpatizantes-con-roberto-torres\\\/#primaryimage\"},\"thumbnailUrl\":\"\",\"datePublished\":\"2014-04-11T09:36:42+00:00\",\"breadcrumb\":{\"@id\":\"https:\\\/\\\/www.laguiadepamplona.com\\\/actualidad\\\/fundacion-osasuna-celebro-su-acto-oficial-de-establecimientos-promotores-osasunistas-y-simpatizantes-con-roberto-torres\\\/#breadcrumb\"},\"inLanguage\":\"es\",\"potentialAction\":[{\"@type\":\"ReadAction\",\"target\":[\"https:\\\/\\\/www.laguiadepamplona.com\\\/actualidad\\\/fundacion-osasuna-celebro-su-acto-oficial-de-establecimientos-promotores-osasunistas-y-simpatizantes-con-roberto-torres\\\/\"]}]},{\"@type\":\"ImageObject\",\"inLanguage\":\"es\",\"@id\":\"https:\\\/\\\/www.laguiadepamplona.com\\\/actualidad\\\/fundacion-osasuna-celebro-su-acto-oficial-de-establecimientos-promotores-osasunistas-y-simpatizantes-con-roberto-torres\\\/#primaryimage\",\"url\":\"\",\"contentUrl\":\"\"},{\"@type\":\"BreadcrumbList\",\"@id\":\"https:\\\/\\\/www.laguiadepamplona.com\\\/actualidad\\\/fundacion-osasuna-celebro-su-acto-oficial-de-establecimientos-promotores-osasunistas-y-simpatizantes-con-roberto-torres\\\/#breadcrumb\",\"itemListElement\":[{\"@type\":\"ListItem\",\"position\":1,\"name\":\"Portada\",\"item\":\"https:\\\/\\\/www.laguiadepamplona.com\\\/actualidad\\\/\"},{\"@type\":\"ListItem\",\"position\":2,\"name\":\"Fundaci\u00f3n Osasuna celebr\u00f3 su \u2018acto oficial de establecimientos, promotores osasunistas y simpatizantes\u2019 con Roberto Torres\"}]},{\"@type\":\"WebSite\",\"@id\":\"https:\\\/\\\/www.laguiadepamplona.com\\\/actualidad\\\/#website\",\"url\":\"https:\\\/\\\/www.laguiadepamplona.com\\\/actualidad\\\/\",\"name\":\"La gu\u00eda de Pamplona\",\"description\":\"Noticias de Pamplona\",\"publisher\":{\"@id\":\"https:\\\/\\\/www.laguiadepamplona.com\\\/actualidad\\\/#organization\"},\"potentialAction\":[{\"@type\":\"SearchAction\",\"target\":{\"@type\":\"EntryPoint\",\"urlTemplate\":\"https:\\\/\\\/www.laguiadepamplona.com\\\/actualidad\\\/?s={search_term_string}\"},\"query-input\":{\"@type\":\"PropertyValueSpecification\",\"valueRequired\":true,\"valueName\":\"search_term_string\"}}],\"inLanguage\":\"es\"},{\"@type\":\"Organization\",\"@id\":\"https:\\\/\\\/www.laguiadepamplona.com\\\/actualidad\\\/#organization\",\"name\":\"La Gu\u00eda de Pamplona \\\/ Noticias\",\"url\":\"https:\\\/\\\/www.laguiadepamplona.com\\\/actualidad\\\/\",\"logo\":{\"@type\":\"ImageObject\",\"inLanguage\":\"es\",\"@id\":\"https:\\\/\\\/www.laguiadepamplona.com\\\/actualidad\\\/#\\\/schema\\\/logo\\\/image\\\/\",\"url\":\"https:\\\/\\\/www.laguiadepamplona.com\\\/actualidad\\\/wp-content\\\/uploads\\\/2018\\\/11\\\/logo-laguiadepamplona18-web1.png\",\"contentUrl\":\"https:\\\/\\\/www.laguiadepamplona.com\\\/actualidad\\\/wp-content\\\/uploads\\\/2018\\\/11\\\/logo-laguiadepamplona18-web1.png\",\"width\":600,\"height\":196,\"caption\":\"La Gu\u00eda de Pamplona \\\/ Noticias\"},\"image\":{\"@id\":\"https:\\\/\\\/www.laguiadepamplona.com\\\/actualidad\\\/#\\\/schema\\\/logo\\\/image\\\/\"},\"sameAs\":[\"https:\\\/\\\/www.facebook.com\\\/laguiadepamplonacom-133175176762273\\\/?ref=hl\",\"https:\\\/\\\/x.com\\\/LaGuiadPamplona\",\"https:\\\/\\\/www.instagram.com\\\/la_guia_de_pamplona\\\/\",\"https:\\\/\\\/www.youtube.com\\\/user\\\/laguiadepamplona\"]},{\"@type\":\"Person\",\"@id\":\"https:\\\/\\\/www.laguiadepamplona.com\\\/actualidad\\\/#\\\/schema\\\/person\\\/efe887376f0213d4657c93adc50b1fdb\",\"name\":\"La Gu\u00eda de Pamplona\",\"image\":{\"@type\":\"ImageObject\",\"inLanguage\":\"es\",\"@id\":\"https:\\\/\\\/secure.gravatar.com\\\/avatar\\\/b6992f131dc8d30ab0dff15446e9d346d9dbd95992de0fef795073f5ea83a81c?s=96&d=mm&r=g\",\"url\":\"https:\\\/\\\/secure.gravatar.com\\\/avatar\\\/b6992f131dc8d30ab0dff15446e9d346d9dbd95992de0fef795073f5ea83a81c?s=96&d=mm&r=g\",\"contentUrl\":\"https:\\\/\\\/secure.gravatar.com\\\/avatar\\\/b6992f131dc8d30ab0dff15446e9d346d9dbd95992de0fef795073f5ea83a81c?s=96&d=mm&r=g\",\"caption\":\"La Gu\u00eda de Pamplona\"}}]}<\/script>\n<!-- \/ Yoast SEO plugin. -->","yoast_head_json":{"title":"Fundaci\u00f3n Osasuna celebr\u00f3 su \u2018acto oficial de establecimientos, promotores osasunistas y simpatizantes\u2019 con Roberto Torres","robots":{"index":"index","follow":"follow","max-snippet":"max-snippet:-1","max-image-preview":"max-image-preview:large","max-video-preview":"max-video-preview:-1"},"canonical":"https:\/\/www.laguiadepamplona.com\/actualidad\/fundacion-osasuna-celebro-su-acto-oficial-de-establecimientos-promotores-osasunistas-y-simpatizantes-con-roberto-torres\/","og_locale":"es_ES","og_type":"article","og_title":"Fundaci\u00f3n Osasuna celebr\u00f3 su \u2018acto oficial de establecimientos, promotores osasunistas y simpatizantes\u2019 con Roberto Torres","og_description":"El pasado mi\u00e9rcoles, Fundaci\u00f3n Osasuna quiso premiar a sus empresas colaboradoras por su compromiso con el proyecto de la entidad. En concreto, celebr\u00f3 el \u2018acto oficial de establecimientos, promotores osasunistas...","og_url":"https:\/\/www.laguiadepamplona.com\/actualidad\/fundacion-osasuna-celebro-su-acto-oficial-de-establecimientos-promotores-osasunistas-y-simpatizantes-con-roberto-torres\/","og_site_name":"La Gu\u00eda de Pamplona","article_publisher":"https:\/\/www.facebook.com\/laguiadepamplonacom-133175176762273\/?ref=hl","article_published_time":"2014-04-11T09:36:42+00:00","author":"La Gu\u00eda de Pamplona","twitter_card":"summary_large_image","twitter_creator":"@LaGuiadPamplona","twitter_site":"@LaGuiadPamplona","twitter_misc":{"Escrito por":"La Gu\u00eda de Pamplona","Tiempo de lectura":"1 minuto"},"schema":{"@context":"https:\/\/schema.org","@graph":[{"@type":"Article","@id":"https:\/\/www.laguiadepamplona.com\/actualidad\/fundacion-osasuna-celebro-su-acto-oficial-de-establecimientos-promotores-osasunistas-y-simpatizantes-con-roberto-torres\/#article","isPartOf":{"@id":"https:\/\/www.laguiadepamplona.com\/actualidad\/fundacion-osasuna-celebro-su-acto-oficial-de-establecimientos-promotores-osasunistas-y-simpatizantes-con-roberto-torres\/"},"author":{"name":"La Gu\u00eda de Pamplona","@id":"https:\/\/www.laguiadepamplona.com\/actualidad\/#\/schema\/person\/efe887376f0213d4657c93adc50b1fdb"},"headline":"Fundaci\u00f3n Osasuna celebr\u00f3 su \u2018acto oficial de establecimientos, promotores osasunistas y simpatizantes\u2019 con Roberto Torres","datePublished":"2014-04-11T09:36:42+00:00","mainEntityOfPage":{"@id":"https:\/\/www.laguiadepamplona.com\/actualidad\/fundacion-osasuna-celebro-su-acto-oficial-de-establecimientos-promotores-osasunistas-y-simpatizantes-con-roberto-torres\/"},"wordCount":165,"commentCount":0,"publisher":{"@id":"https:\/\/www.laguiadepamplona.com\/actualidad\/#organization"},"image":{"@id":"https:\/\/www.laguiadepamplona.com\/actualidad\/fundacion-osasuna-celebro-su-acto-oficial-de-establecimientos-promotores-osasunistas-y-simpatizantes-con-roberto-torres\/#primaryimage"},"thumbnailUrl":"","keywords":["acto oficial de establecimientos","actualidad","fundaci\u00f3n osasuna","osasuna","pamplona","promotores osasunistas","roberto torres","simpatizantes"],"articleSection":["Fundaci\u00f3n Osasuna"],"inLanguage":"es","potentialAction":[{"@type":"CommentAction","name":"Comment","target":["https:\/\/www.laguiadepamplona.com\/actualidad\/fundacion-osasuna-celebro-su-acto-oficial-de-establecimientos-promotores-osasunistas-y-simpatizantes-con-roberto-torres\/#respond"]}]},{"@type":"WebPage","@id":"https:\/\/www.laguiadepamplona.com\/actualidad\/fundacion-osasuna-celebro-su-acto-oficial-de-establecimientos-promotores-osasunistas-y-simpatizantes-con-roberto-torres\/","url":"https:\/\/www.laguiadepamplona.com\/actualidad\/fundacion-osasuna-celebro-su-acto-oficial-de-establecimientos-promotores-osasunistas-y-simpatizantes-con-roberto-torres\/","name":"Fundaci\u00f3n Osasuna celebr\u00f3 su \u2018acto oficial de establecimientos, promotores osasunistas y simpatizantes\u2019 con Roberto Torres","isPartOf":{"@id":"https:\/\/www.laguiadepamplona.com\/actualidad\/#website"},"primaryImageOfPage":{"@id":"https:\/\/www.laguiadepamplona.com\/actualidad\/fundacion-osasuna-celebro-su-acto-oficial-de-establecimientos-promotores-osasunistas-y-simpatizantes-con-roberto-torres\/#primaryimage"},"image":{"@id":"https:\/\/www.laguiadepamplona.com\/actualidad\/fundacion-osasuna-celebro-su-acto-oficial-de-establecimientos-promotores-osasunistas-y-simpatizantes-con-roberto-torres\/#primaryimage"},"thumbnailUrl":"","datePublished":"2014-04-11T09:36:42+00:00","breadcrumb":{"@id":"https:\/\/www.laguiadepamplona.com\/actualidad\/fundacion-osasuna-celebro-su-acto-oficial-de-establecimientos-promotores-osasunistas-y-simpatizantes-con-roberto-torres\/#breadcrumb"},"inLanguage":"es","potentialAction":[{"@type":"ReadAction","target":["https:\/\/www.laguiadepamplona.com\/actualidad\/fundacion-osasuna-celebro-su-acto-oficial-de-establecimientos-promotores-osasunistas-y-simpatizantes-con-roberto-torres\/"]}]},{"@type":"ImageObject","inLanguage":"es","@id":"https:\/\/www.laguiadepamplona.com\/actualidad\/fundacion-osasuna-celebro-su-acto-oficial-de-establecimientos-promotores-osasunistas-y-simpatizantes-con-roberto-torres\/#primaryimage","url":"","contentUrl":""},{"@type":"BreadcrumbList","@id":"https:\/\/www.laguiadepamplona.com\/actualidad\/fundacion-osasuna-celebro-su-acto-oficial-de-establecimientos-promotores-osasunistas-y-simpatizantes-con-roberto-torres\/#breadcrumb","itemListElement":[{"@type":"ListItem","position":1,"name":"Portada","item":"https:\/\/www.laguiadepamplona.com\/actualidad\/"},{"@type":"ListItem","position":2,"name":"Fundaci\u00f3n Osasuna celebr\u00f3 su \u2018acto oficial de establecimientos, promotores osasunistas y simpatizantes\u2019 con Roberto Torres"}]},{"@type":"WebSite","@id":"https:\/\/www.laguiadepamplona.com\/actualidad\/#website","url":"https:\/\/www.laguiadepamplona.com\/actualidad\/","name":"La gu\u00eda de Pamplona","description":"Noticias de Pamplona","publisher":{"@id":"https:\/\/www.laguiadepamplona.com\/actualidad\/#organization"},"potentialAction":[{"@type":"SearchAction","target":{"@type":"EntryPoint","urlTemplate":"https:\/\/www.laguiadepamplona.com\/actualidad\/?s={search_term_string}"},"query-input":{"@type":"PropertyValueSpecification","valueRequired":true,"valueName":"search_term_string"}}],"inLanguage":"es"},{"@type":"Organization","@id":"https:\/\/www.laguiadepamplona.com\/actualidad\/#organization","name":"La Gu\u00eda de Pamplona \/ Noticias","url":"https:\/\/www.laguiadepamplona.com\/actualidad\/","logo":{"@type":"ImageObject","inLanguage":"es","@id":"https:\/\/www.laguiadepamplona.com\/actualidad\/#\/schema\/logo\/image\/","url":"https:\/\/www.laguiadepamplona.com\/actualidad\/wp-content\/uploads\/2018\/11\/logo-laguiadepamplona18-web1.png","contentUrl":"https:\/\/www.laguiadepamplona.com\/actualidad\/wp-content\/uploads\/2018\/11\/logo-laguiadepamplona18-web1.png","width":600,"height":196,"caption":"La Gu\u00eda de Pamplona \/ Noticias"},"image":{"@id":"https:\/\/www.laguiadepamplona.com\/actualidad\/#\/schema\/logo\/image\/"},"sameAs":["https:\/\/www.facebook.com\/laguiadepamplonacom-133175176762273\/?ref=hl","https:\/\/x.com\/LaGuiadPamplona","https:\/\/www.instagram.com\/la_guia_de_pamplona\/","https:\/\/www.youtube.com\/user\/laguiadepamplona"]},{"@type":"Person","@id":"https:\/\/www.laguiadepamplona.com\/actualidad\/#\/schema\/person\/efe887376f0213d4657c93adc50b1fdb","name":"La Gu\u00eda de Pamplona","image":{"@type":"ImageObject","inLanguage":"es","@id":"https:\/\/secure.gravatar.com\/avatar\/b6992f131dc8d30ab0dff15446e9d346d9dbd95992de0fef795073f5ea83a81c?s=96&d=mm&r=g","url":"https:\/\/secure.gravatar.com\/avatar\/b6992f131dc8d30ab0dff15446e9d346d9dbd95992de0fef795073f5ea83a81c?s=96&d=mm&r=g","contentUrl":"https:\/\/secure.gravatar.com\/avatar\/b6992f131dc8d30ab0dff15446e9d346d9dbd95992de0fef795073f5ea83a81c?s=96&d=mm&r=g","caption":"La Gu\u00eda de Pamplona"}}]}},"post_mailing_queue_ids":[],"_links":{"self":[{"href":"https:\/\/www.laguiadepamplona.com\/actualidad\/wp-json\/wp\/v2\/posts\/1183","targetHints":{"allow":["GET"]}}],"collection":[{"href":"https:\/\/www.laguiadepamplona.com\/actualidad\/wp-json\/wp\/v2\/posts"}],"about":[{"href":"https:\/\/www.laguiadepamplona.com\/actualidad\/wp-json\/wp\/v2\/types\/post"}],"author":[{"embeddable":true,"href":"https:\/\/www.laguiadepamplona.com\/actualidad\/wp-json\/wp\/v2\/users\/1"}],"replies":[{"embeddable":true,"href":"https:\/\/www.laguiadepamplona.com\/actualidad\/wp-json\/wp\/v2\/comments?post=1183"}],"version-history":[{"count":0,"href":"https:\/\/www.laguiadepamplona.com\/actualidad\/wp-json\/wp\/v2\/posts\/1183\/revisions"}],"wp:featuredmedia":[{"embeddable":true,"href":"https:\/\/www.laguiadepamplona.com\/actualidad\/wp-json\/"}],"wp:attachment":[{"href":"https:\/\/www.laguiadepamplona.com\/actualidad\/wp-json\/wp\/v2\/media?parent=1183"}],"wp:term":[{"taxonomy":"category","embeddable":true,"href":"https:\/\/www.laguiadepamplona.com\/actualidad\/wp-json\/wp\/v2\/categories?post=1183"},{"taxonomy":"post_tag","embeddable":true,"href":"https:\/\/www.laguiadepamplona.com\/actualidad\/wp-json\/wp\/v2\/tags?post=1183"}],"curies":[{"name":"wp","href":"https:\/\/api.w.org\/{rel}","templated":true}]}}