{"id":1174,"date":"2014-04-10T12:48:20","date_gmt":"2014-04-10T11:48:20","guid":{"rendered":"http:\/\/laguiadepamplona.es\/noticias\/?p=1174"},"modified":"2014-04-10T12:48:20","modified_gmt":"2014-04-10T11:48:20","slug":"la-pamplonesa-celebra-el-domingo-en-el-teatro-gayarre-su-tradicional-concierto-en-colaboracion-con-la-escuela-municipal-de-musica-joaquin-maya","status":"publish","type":"post","link":"https:\/\/www.laguiadepamplona.com\/actualidad\/la-pamplonesa-celebra-el-domingo-en-el-teatro-gayarre-su-tradicional-concierto-en-colaboracion-con-la-escuela-municipal-de-musica-joaquin-maya\/","title":{"rendered":"La Pamplonesa celebra el domingo en el Teatro Gayarre su tradicional concierto en colaboraci\u00f3n con la Escuela Municipal de M\u00fasica Joaqu\u00edn Maya"},"content":{"rendered":"<h5>La actuaci\u00f3n comienza a las 12 horas con un repertorio que combinar\u00e1 m\u00fasica tradicional, m\u00fasica para cine y obras de Leroy Anderson<\/h5>\n<p><a href=\"http:\/\/laguiadepamplona.es\/noticias\/wp-content\/uploads\/2014\/02\/la-pamplonesa.jpg\"><img loading=\"lazy\" decoding=\"async\" class=\"alignleft size-medium wp-image-370\" alt=\"la-pamplonesa\" src=\"http:\/\/laguiadepamplona.es\/noticias\/wp-content\/uploads\/2014\/02\/la-pamplonesa-300x167.jpg\" width=\"300\" height=\"167\" \/><\/a>La Pamplonesa act\u00faa este domingo en el Teatro Gayarre en el concierto que cada a\u00f1o realiza en colaboraci\u00f3n con la Escuela Municipal de M\u00fasica Joaqu\u00edn Maya y en el que participan alumnos del centro. La actuaci\u00f3n comienza a las 12 horas con entradas al precio de 4 euros, que se pueden adquirir en taquilla o a trav\u00e9s de la web <a href=\"http:\/\/www.teatrogayarre.com\/\">www.teatrogayarre.com<\/a>.<\/p>\n<p>El programa del concierto est\u00e1 formado por un repertorio variado que incluye m\u00fasica tradicional, m\u00fasica para cine y obras de un autor cl\u00e1sico como Leroy Anderson, en las que la trompeta es la protagonista. Sonar\u00e1n, entre otros, temas de \u2018Tint\u00edn\u2019 que acercar\u00e1n al espectador al g\u00e9nero musical, composiciones de \u2018El libro de la selva\u2019, piezas como \u2018A trumpeter\u00b4s lullaby\u2019 o \u2018La fiesta de las trompetas\u2019 de Leroy Alderson o una obra moderna como \u2018The wind in the willows\u2019 de Johan de Meij, con distintas escenas descritas a trav\u00e9s de la m\u00fasica y que la banda interpretar\u00e1 por primera vez. La Pamplonesa estar\u00e1 dirigida por J. Vicent Egea.<\/p>\n<p>El concierto es una oportunidad para que los alumnos de la escuela Joaqu\u00edn Maya muestren sus cualidades en un escenario como el Teatro Gayarre y rodeados de una banda de m\u00fasica como La Pamplonesa. Adem\u00e1s, la actuaci\u00f3n contribuir\u00e1 a su formaci\u00f3n musical. Esta iniciativa se repite cada a\u00f1o como una iniciativa que reconoce el trabajo realizado por los integrantes de la banda de la Escuela de M\u00fasica Joaqu\u00edn Maya, encabezados por su director \u00c1ngel Otxotorena.<\/p>\n<p>Tras el concierto del domingo, habr\u00e1 que esperar hasta el 4 de mayo para volver a disfrutar de La Pamplonesa en el Teatro Gayarre. Ese d\u00eda, a las 12 horas, la banda municipal sorprender\u00e1 al p\u00fablico con un cuento m\u00fasico \u2013 did\u00e1ctico. Las entradas se venden tambi\u00e9n al precio de 4 euros.<\/p>\n<p>&nbsp;<\/p>\n<div>\n<p><strong>Repertorio del concierto<\/strong><\/p>\n<\/div>\n<ul>\n<li><strong>Folk songs and dances<\/strong>\u00a0&#8211; Arr. David E. Stone<\/li>\n<li><strong>El libro de la selva<\/strong>\u00a0&#8211; Sherman Bro &amp; Gilkynson<\/li>\n<li><strong>A trumpeter&#8217;s lullaby<\/strong>\u00a0&#8211; Leroy Anderson<\/li>\n<li><strong>La fiesta de las trompetas<\/strong>\u00a0&#8211; Leroy Anderson<\/li>\n<li><strong>The wind in the willows<\/strong>\u00a0&#8211; Johan de Meij<\/li>\n<li><strong>Tint\u00edn-Prisoners of the sun<\/strong>\u00a0&#8211;\u00a0Dirk Bross\u00e9<\/li>\n<li><strong>\u00b7\u00a0\u00a0\u00a0\u00a0\u00a0\u00a0\u00a0 <\/strong><strong>Escuela de M\u00fasica Joaqu\u00edn Maya<\/strong><strong><\/strong>\n<ul>\n<li><b>Banda \u201cCalle Mayor\u201d <\/b>&#8211; <b>Flauta<\/b>: Irati Alduntzin, Ane Esparza <b>Oboe:<\/b> Diego Arteaga, Marta Salinas <b>Clarinete:<\/b> Elisa Sot\u00e9s, Pablo Caba\u00f1as, V\u00edctor Gr\u00e1valos, Alex Ascunce, Aitor Ezker, Uxue Zunzarren, Andrea Recari, Laura Labiano <b>Saxof\u00f3n:<\/b> Paula Boneta, Patricia Astiz, Andrea Lafuente, Uxue Gar\u00edn, Camila Red\u00edn, Iker Alfonso <b>Trompeta<\/b>: Be\u00f1at Rodrigo, Nikolas Leonardo, Aritz Ezker, Josu G\u00e1rate, Samuel Morr\u00e1s <b>Trompa:<\/b> Julen Otxoa <b>Tromb\u00f3n:<\/b> \u00cd\u00f1igo Gonz\u00e1lez, Julen Etayo, Jon Esparza <b>Bombardino<\/b>: Amets Atozki <b>Tuba:<\/b> Be\u00f1at Rem\u00f3n, Xabier Villabona <b>Percusi\u00f3n<\/b>: Xabier Orla, \u00cd\u00f1igo Erro, \u00cd\u00f1igo Leoz, \u00cd\u00f1igo Soria<\/li>\n<li><b>Trompetas ex alumnos de la Escuela \u201cJoaqu\u00edn Maya\u201d<\/b> &#8211; Asier Ardaiz, Josu Orla, Ion Os\u00e9s, \u00cd\u00f1igo Legasa, Jes\u00fas Del Frago y Aitor Urrestarazu<\/li>\n<\/ul>\n<\/li>\n<\/ul>\n<p>&nbsp;<\/p>\n","protected":false},"excerpt":{"rendered":"<p>La actuaci\u00f3n comienza a las 12 horas con un repertorio que combinar\u00e1 m\u00fasica tradicional, m\u00fasica para cine y obras de Leroy Anderson La Pamplonesa act\u00faa este domingo en el Teatro&#8230;<\/p>\n","protected":false},"author":1,"featured_media":370,"comment_status":"open","ping_status":"open","sticky":false,"template":"","format":"standard","meta":{"footnotes":""},"categories":[2],"tags":[5,6,786,787,8,9,788,212],"class_list":["post-1174","post","type-post","status-publish","format-standard","has-post-thumbnail","hentry","category-ayuntamiento-pamplona","tag-actualidad","tag-ayto-pamplona","tag-escuela-municipal-de-musica-joaquin-maya","tag-musica-para-cine-y-obras-de-leroy-anderson","tag-noticias","tag-pamplona","tag-pamplonesa","tag-teatro-gayarre"],"yoast_head":"<!-- This site is optimized with the Yoast SEO plugin v27.5 - https:\/\/yoast.com\/product\/yoast-seo-wordpress\/ -->\n<title>La Pamplonesa celebra el domingo en el Teatro Gayarre su tradicional concierto en colaboraci\u00f3n con la Escuela Municipal de M\u00fasica Joaqu\u00edn Maya<\/title>\n<meta name=\"robots\" content=\"index, follow, max-snippet:-1, max-image-preview:large, max-video-preview:-1\" \/>\n<link rel=\"canonical\" href=\"https:\/\/www.laguiadepamplona.com\/actualidad\/la-pamplonesa-celebra-el-domingo-en-el-teatro-gayarre-su-tradicional-concierto-en-colaboracion-con-la-escuela-municipal-de-musica-joaquin-maya\/\" \/>\n<meta property=\"og:locale\" content=\"es_ES\" \/>\n<meta property=\"og:type\" content=\"article\" \/>\n<meta property=\"og:title\" content=\"La Pamplonesa celebra el domingo en el Teatro Gayarre su tradicional concierto en colaboraci\u00f3n con la Escuela Municipal de M\u00fasica Joaqu\u00edn Maya\" \/>\n<meta property=\"og:description\" content=\"La actuaci\u00f3n comienza a las 12 horas con un repertorio que combinar\u00e1 m\u00fasica tradicional, m\u00fasica para cine y obras de Leroy Anderson La Pamplonesa act\u00faa este domingo en el Teatro...\" \/>\n<meta property=\"og:url\" content=\"https:\/\/www.laguiadepamplona.com\/actualidad\/la-pamplonesa-celebra-el-domingo-en-el-teatro-gayarre-su-tradicional-concierto-en-colaboracion-con-la-escuela-municipal-de-musica-joaquin-maya\/\" \/>\n<meta property=\"og:site_name\" content=\"La Gu\u00eda de Pamplona\" \/>\n<meta property=\"article:publisher\" content=\"https:\/\/www.facebook.com\/laguiadepamplonacom-133175176762273\/?ref=hl\" \/>\n<meta property=\"article:published_time\" content=\"2014-04-10T11:48:20+00:00\" \/>\n<meta name=\"author\" content=\"La Gu\u00eda de Pamplona\" \/>\n<meta name=\"twitter:card\" content=\"summary_large_image\" \/>\n<meta name=\"twitter:creator\" content=\"@LaGuiadPamplona\" \/>\n<meta name=\"twitter:site\" content=\"@LaGuiadPamplona\" \/>\n<meta name=\"twitter:label1\" content=\"Escrito por\" \/>\n\t<meta name=\"twitter:data1\" content=\"La Gu\u00eda de Pamplona\" \/>\n\t<meta name=\"twitter:label2\" content=\"Tiempo de lectura\" \/>\n\t<meta name=\"twitter:data2\" content=\"3 minutos\" \/>\n<script type=\"application\/ld+json\" class=\"yoast-schema-graph\">{\"@context\":\"https:\\\/\\\/schema.org\",\"@graph\":[{\"@type\":\"Article\",\"@id\":\"https:\\\/\\\/www.laguiadepamplona.com\\\/actualidad\\\/la-pamplonesa-celebra-el-domingo-en-el-teatro-gayarre-su-tradicional-concierto-en-colaboracion-con-la-escuela-municipal-de-musica-joaquin-maya\\\/#article\",\"isPartOf\":{\"@id\":\"https:\\\/\\\/www.laguiadepamplona.com\\\/actualidad\\\/la-pamplonesa-celebra-el-domingo-en-el-teatro-gayarre-su-tradicional-concierto-en-colaboracion-con-la-escuela-municipal-de-musica-joaquin-maya\\\/\"},\"author\":{\"name\":\"La Gu\u00eda de Pamplona\",\"@id\":\"https:\\\/\\\/www.laguiadepamplona.com\\\/actualidad\\\/#\\\/schema\\\/person\\\/efe887376f0213d4657c93adc50b1fdb\"},\"headline\":\"La Pamplonesa celebra el domingo en el Teatro Gayarre su tradicional concierto en colaboraci\u00f3n con la Escuela Municipal de M\u00fasica Joaqu\u00edn Maya\",\"datePublished\":\"2014-04-10T11:48:20+00:00\",\"mainEntityOfPage\":{\"@id\":\"https:\\\/\\\/www.laguiadepamplona.com\\\/actualidad\\\/la-pamplonesa-celebra-el-domingo-en-el-teatro-gayarre-su-tradicional-concierto-en-colaboracion-con-la-escuela-municipal-de-musica-joaquin-maya\\\/\"},\"wordCount\":556,\"commentCount\":0,\"publisher\":{\"@id\":\"https:\\\/\\\/www.laguiadepamplona.com\\\/actualidad\\\/#organization\"},\"image\":{\"@id\":\"https:\\\/\\\/www.laguiadepamplona.com\\\/actualidad\\\/la-pamplonesa-celebra-el-domingo-en-el-teatro-gayarre-su-tradicional-concierto-en-colaboracion-con-la-escuela-municipal-de-musica-joaquin-maya\\\/#primaryimage\"},\"thumbnailUrl\":\"\",\"keywords\":[\"actualidad\",\"ayto pamplona\",\"escuela municipal de m\u00fasica joaquin maya\",\"m\u00fasica para cine y obras de Leroy Anderson\",\"noticias\",\"pamplona\",\"pamplonesa\",\"teatro gayarre\"],\"articleSection\":[\"Ayto Pamplona\"],\"inLanguage\":\"es\",\"potentialAction\":[{\"@type\":\"CommentAction\",\"name\":\"Comment\",\"target\":[\"https:\\\/\\\/www.laguiadepamplona.com\\\/actualidad\\\/la-pamplonesa-celebra-el-domingo-en-el-teatro-gayarre-su-tradicional-concierto-en-colaboracion-con-la-escuela-municipal-de-musica-joaquin-maya\\\/#respond\"]}]},{\"@type\":\"WebPage\",\"@id\":\"https:\\\/\\\/www.laguiadepamplona.com\\\/actualidad\\\/la-pamplonesa-celebra-el-domingo-en-el-teatro-gayarre-su-tradicional-concierto-en-colaboracion-con-la-escuela-municipal-de-musica-joaquin-maya\\\/\",\"url\":\"https:\\\/\\\/www.laguiadepamplona.com\\\/actualidad\\\/la-pamplonesa-celebra-el-domingo-en-el-teatro-gayarre-su-tradicional-concierto-en-colaboracion-con-la-escuela-municipal-de-musica-joaquin-maya\\\/\",\"name\":\"La Pamplonesa celebra el domingo en el Teatro Gayarre su tradicional concierto en colaboraci\u00f3n con la Escuela Municipal de M\u00fasica Joaqu\u00edn Maya\",\"isPartOf\":{\"@id\":\"https:\\\/\\\/www.laguiadepamplona.com\\\/actualidad\\\/#website\"},\"primaryImageOfPage\":{\"@id\":\"https:\\\/\\\/www.laguiadepamplona.com\\\/actualidad\\\/la-pamplonesa-celebra-el-domingo-en-el-teatro-gayarre-su-tradicional-concierto-en-colaboracion-con-la-escuela-municipal-de-musica-joaquin-maya\\\/#primaryimage\"},\"image\":{\"@id\":\"https:\\\/\\\/www.laguiadepamplona.com\\\/actualidad\\\/la-pamplonesa-celebra-el-domingo-en-el-teatro-gayarre-su-tradicional-concierto-en-colaboracion-con-la-escuela-municipal-de-musica-joaquin-maya\\\/#primaryimage\"},\"thumbnailUrl\":\"\",\"datePublished\":\"2014-04-10T11:48:20+00:00\",\"breadcrumb\":{\"@id\":\"https:\\\/\\\/www.laguiadepamplona.com\\\/actualidad\\\/la-pamplonesa-celebra-el-domingo-en-el-teatro-gayarre-su-tradicional-concierto-en-colaboracion-con-la-escuela-municipal-de-musica-joaquin-maya\\\/#breadcrumb\"},\"inLanguage\":\"es\",\"potentialAction\":[{\"@type\":\"ReadAction\",\"target\":[\"https:\\\/\\\/www.laguiadepamplona.com\\\/actualidad\\\/la-pamplonesa-celebra-el-domingo-en-el-teatro-gayarre-su-tradicional-concierto-en-colaboracion-con-la-escuela-municipal-de-musica-joaquin-maya\\\/\"]}]},{\"@type\":\"ImageObject\",\"inLanguage\":\"es\",\"@id\":\"https:\\\/\\\/www.laguiadepamplona.com\\\/actualidad\\\/la-pamplonesa-celebra-el-domingo-en-el-teatro-gayarre-su-tradicional-concierto-en-colaboracion-con-la-escuela-municipal-de-musica-joaquin-maya\\\/#primaryimage\",\"url\":\"\",\"contentUrl\":\"\"},{\"@type\":\"BreadcrumbList\",\"@id\":\"https:\\\/\\\/www.laguiadepamplona.com\\\/actualidad\\\/la-pamplonesa-celebra-el-domingo-en-el-teatro-gayarre-su-tradicional-concierto-en-colaboracion-con-la-escuela-municipal-de-musica-joaquin-maya\\\/#breadcrumb\",\"itemListElement\":[{\"@type\":\"ListItem\",\"position\":1,\"name\":\"Portada\",\"item\":\"https:\\\/\\\/www.laguiadepamplona.com\\\/actualidad\\\/\"},{\"@type\":\"ListItem\",\"position\":2,\"name\":\"La Pamplonesa celebra el domingo en el Teatro Gayarre su tradicional concierto en colaboraci\u00f3n con la Escuela Municipal de M\u00fasica Joaqu\u00edn Maya\"}]},{\"@type\":\"WebSite\",\"@id\":\"https:\\\/\\\/www.laguiadepamplona.com\\\/actualidad\\\/#website\",\"url\":\"https:\\\/\\\/www.laguiadepamplona.com\\\/actualidad\\\/\",\"name\":\"La gu\u00eda de Pamplona\",\"description\":\"Noticias de Pamplona\",\"publisher\":{\"@id\":\"https:\\\/\\\/www.laguiadepamplona.com\\\/actualidad\\\/#organization\"},\"potentialAction\":[{\"@type\":\"SearchAction\",\"target\":{\"@type\":\"EntryPoint\",\"urlTemplate\":\"https:\\\/\\\/www.laguiadepamplona.com\\\/actualidad\\\/?s={search_term_string}\"},\"query-input\":{\"@type\":\"PropertyValueSpecification\",\"valueRequired\":true,\"valueName\":\"search_term_string\"}}],\"inLanguage\":\"es\"},{\"@type\":\"Organization\",\"@id\":\"https:\\\/\\\/www.laguiadepamplona.com\\\/actualidad\\\/#organization\",\"name\":\"La Gu\u00eda de Pamplona \\\/ Noticias\",\"url\":\"https:\\\/\\\/www.laguiadepamplona.com\\\/actualidad\\\/\",\"logo\":{\"@type\":\"ImageObject\",\"inLanguage\":\"es\",\"@id\":\"https:\\\/\\\/www.laguiadepamplona.com\\\/actualidad\\\/#\\\/schema\\\/logo\\\/image\\\/\",\"url\":\"https:\\\/\\\/www.laguiadepamplona.com\\\/actualidad\\\/wp-content\\\/uploads\\\/2018\\\/11\\\/logo-laguiadepamplona18-web1.png\",\"contentUrl\":\"https:\\\/\\\/www.laguiadepamplona.com\\\/actualidad\\\/wp-content\\\/uploads\\\/2018\\\/11\\\/logo-laguiadepamplona18-web1.png\",\"width\":600,\"height\":196,\"caption\":\"La Gu\u00eda de Pamplona \\\/ Noticias\"},\"image\":{\"@id\":\"https:\\\/\\\/www.laguiadepamplona.com\\\/actualidad\\\/#\\\/schema\\\/logo\\\/image\\\/\"},\"sameAs\":[\"https:\\\/\\\/www.facebook.com\\\/laguiadepamplonacom-133175176762273\\\/?ref=hl\",\"https:\\\/\\\/x.com\\\/LaGuiadPamplona\",\"https:\\\/\\\/www.instagram.com\\\/la_guia_de_pamplona\\\/\",\"https:\\\/\\\/www.youtube.com\\\/user\\\/laguiadepamplona\"]},{\"@type\":\"Person\",\"@id\":\"https:\\\/\\\/www.laguiadepamplona.com\\\/actualidad\\\/#\\\/schema\\\/person\\\/efe887376f0213d4657c93adc50b1fdb\",\"name\":\"La Gu\u00eda de Pamplona\",\"image\":{\"@type\":\"ImageObject\",\"inLanguage\":\"es\",\"@id\":\"https:\\\/\\\/secure.gravatar.com\\\/avatar\\\/b6992f131dc8d30ab0dff15446e9d346d9dbd95992de0fef795073f5ea83a81c?s=96&d=mm&r=g\",\"url\":\"https:\\\/\\\/secure.gravatar.com\\\/avatar\\\/b6992f131dc8d30ab0dff15446e9d346d9dbd95992de0fef795073f5ea83a81c?s=96&d=mm&r=g\",\"contentUrl\":\"https:\\\/\\\/secure.gravatar.com\\\/avatar\\\/b6992f131dc8d30ab0dff15446e9d346d9dbd95992de0fef795073f5ea83a81c?s=96&d=mm&r=g\",\"caption\":\"La Gu\u00eda de Pamplona\"}}]}<\/script>\n<!-- \/ Yoast SEO plugin. -->","yoast_head_json":{"title":"La Pamplonesa celebra el domingo en el Teatro Gayarre su tradicional concierto en colaboraci\u00f3n con la Escuela Municipal de M\u00fasica Joaqu\u00edn Maya","robots":{"index":"index","follow":"follow","max-snippet":"max-snippet:-1","max-image-preview":"max-image-preview:large","max-video-preview":"max-video-preview:-1"},"canonical":"https:\/\/www.laguiadepamplona.com\/actualidad\/la-pamplonesa-celebra-el-domingo-en-el-teatro-gayarre-su-tradicional-concierto-en-colaboracion-con-la-escuela-municipal-de-musica-joaquin-maya\/","og_locale":"es_ES","og_type":"article","og_title":"La Pamplonesa celebra el domingo en el Teatro Gayarre su tradicional concierto en colaboraci\u00f3n con la Escuela Municipal de M\u00fasica Joaqu\u00edn Maya","og_description":"La actuaci\u00f3n comienza a las 12 horas con un repertorio que combinar\u00e1 m\u00fasica tradicional, m\u00fasica para cine y obras de Leroy Anderson La Pamplonesa act\u00faa este domingo en el Teatro...","og_url":"https:\/\/www.laguiadepamplona.com\/actualidad\/la-pamplonesa-celebra-el-domingo-en-el-teatro-gayarre-su-tradicional-concierto-en-colaboracion-con-la-escuela-municipal-de-musica-joaquin-maya\/","og_site_name":"La Gu\u00eda de Pamplona","article_publisher":"https:\/\/www.facebook.com\/laguiadepamplonacom-133175176762273\/?ref=hl","article_published_time":"2014-04-10T11:48:20+00:00","author":"La Gu\u00eda de Pamplona","twitter_card":"summary_large_image","twitter_creator":"@LaGuiadPamplona","twitter_site":"@LaGuiadPamplona","twitter_misc":{"Escrito por":"La Gu\u00eda de Pamplona","Tiempo de lectura":"3 minutos"},"schema":{"@context":"https:\/\/schema.org","@graph":[{"@type":"Article","@id":"https:\/\/www.laguiadepamplona.com\/actualidad\/la-pamplonesa-celebra-el-domingo-en-el-teatro-gayarre-su-tradicional-concierto-en-colaboracion-con-la-escuela-municipal-de-musica-joaquin-maya\/#article","isPartOf":{"@id":"https:\/\/www.laguiadepamplona.com\/actualidad\/la-pamplonesa-celebra-el-domingo-en-el-teatro-gayarre-su-tradicional-concierto-en-colaboracion-con-la-escuela-municipal-de-musica-joaquin-maya\/"},"author":{"name":"La Gu\u00eda de Pamplona","@id":"https:\/\/www.laguiadepamplona.com\/actualidad\/#\/schema\/person\/efe887376f0213d4657c93adc50b1fdb"},"headline":"La Pamplonesa celebra el domingo en el Teatro Gayarre su tradicional concierto en colaboraci\u00f3n con la Escuela Municipal de M\u00fasica Joaqu\u00edn Maya","datePublished":"2014-04-10T11:48:20+00:00","mainEntityOfPage":{"@id":"https:\/\/www.laguiadepamplona.com\/actualidad\/la-pamplonesa-celebra-el-domingo-en-el-teatro-gayarre-su-tradicional-concierto-en-colaboracion-con-la-escuela-municipal-de-musica-joaquin-maya\/"},"wordCount":556,"commentCount":0,"publisher":{"@id":"https:\/\/www.laguiadepamplona.com\/actualidad\/#organization"},"image":{"@id":"https:\/\/www.laguiadepamplona.com\/actualidad\/la-pamplonesa-celebra-el-domingo-en-el-teatro-gayarre-su-tradicional-concierto-en-colaboracion-con-la-escuela-municipal-de-musica-joaquin-maya\/#primaryimage"},"thumbnailUrl":"","keywords":["actualidad","ayto pamplona","escuela municipal de m\u00fasica joaquin maya","m\u00fasica para cine y obras de Leroy Anderson","noticias","pamplona","pamplonesa","teatro gayarre"],"articleSection":["Ayto Pamplona"],"inLanguage":"es","potentialAction":[{"@type":"CommentAction","name":"Comment","target":["https:\/\/www.laguiadepamplona.com\/actualidad\/la-pamplonesa-celebra-el-domingo-en-el-teatro-gayarre-su-tradicional-concierto-en-colaboracion-con-la-escuela-municipal-de-musica-joaquin-maya\/#respond"]}]},{"@type":"WebPage","@id":"https:\/\/www.laguiadepamplona.com\/actualidad\/la-pamplonesa-celebra-el-domingo-en-el-teatro-gayarre-su-tradicional-concierto-en-colaboracion-con-la-escuela-municipal-de-musica-joaquin-maya\/","url":"https:\/\/www.laguiadepamplona.com\/actualidad\/la-pamplonesa-celebra-el-domingo-en-el-teatro-gayarre-su-tradicional-concierto-en-colaboracion-con-la-escuela-municipal-de-musica-joaquin-maya\/","name":"La Pamplonesa celebra el domingo en el Teatro Gayarre su tradicional concierto en colaboraci\u00f3n con la Escuela Municipal de M\u00fasica Joaqu\u00edn Maya","isPartOf":{"@id":"https:\/\/www.laguiadepamplona.com\/actualidad\/#website"},"primaryImageOfPage":{"@id":"https:\/\/www.laguiadepamplona.com\/actualidad\/la-pamplonesa-celebra-el-domingo-en-el-teatro-gayarre-su-tradicional-concierto-en-colaboracion-con-la-escuela-municipal-de-musica-joaquin-maya\/#primaryimage"},"image":{"@id":"https:\/\/www.laguiadepamplona.com\/actualidad\/la-pamplonesa-celebra-el-domingo-en-el-teatro-gayarre-su-tradicional-concierto-en-colaboracion-con-la-escuela-municipal-de-musica-joaquin-maya\/#primaryimage"},"thumbnailUrl":"","datePublished":"2014-04-10T11:48:20+00:00","breadcrumb":{"@id":"https:\/\/www.laguiadepamplona.com\/actualidad\/la-pamplonesa-celebra-el-domingo-en-el-teatro-gayarre-su-tradicional-concierto-en-colaboracion-con-la-escuela-municipal-de-musica-joaquin-maya\/#breadcrumb"},"inLanguage":"es","potentialAction":[{"@type":"ReadAction","target":["https:\/\/www.laguiadepamplona.com\/actualidad\/la-pamplonesa-celebra-el-domingo-en-el-teatro-gayarre-su-tradicional-concierto-en-colaboracion-con-la-escuela-municipal-de-musica-joaquin-maya\/"]}]},{"@type":"ImageObject","inLanguage":"es","@id":"https:\/\/www.laguiadepamplona.com\/actualidad\/la-pamplonesa-celebra-el-domingo-en-el-teatro-gayarre-su-tradicional-concierto-en-colaboracion-con-la-escuela-municipal-de-musica-joaquin-maya\/#primaryimage","url":"","contentUrl":""},{"@type":"BreadcrumbList","@id":"https:\/\/www.laguiadepamplona.com\/actualidad\/la-pamplonesa-celebra-el-domingo-en-el-teatro-gayarre-su-tradicional-concierto-en-colaboracion-con-la-escuela-municipal-de-musica-joaquin-maya\/#breadcrumb","itemListElement":[{"@type":"ListItem","position":1,"name":"Portada","item":"https:\/\/www.laguiadepamplona.com\/actualidad\/"},{"@type":"ListItem","position":2,"name":"La Pamplonesa celebra el domingo en el Teatro Gayarre su tradicional concierto en colaboraci\u00f3n con la Escuela Municipal de M\u00fasica Joaqu\u00edn Maya"}]},{"@type":"WebSite","@id":"https:\/\/www.laguiadepamplona.com\/actualidad\/#website","url":"https:\/\/www.laguiadepamplona.com\/actualidad\/","name":"La gu\u00eda de Pamplona","description":"Noticias de Pamplona","publisher":{"@id":"https:\/\/www.laguiadepamplona.com\/actualidad\/#organization"},"potentialAction":[{"@type":"SearchAction","target":{"@type":"EntryPoint","urlTemplate":"https:\/\/www.laguiadepamplona.com\/actualidad\/?s={search_term_string}"},"query-input":{"@type":"PropertyValueSpecification","valueRequired":true,"valueName":"search_term_string"}}],"inLanguage":"es"},{"@type":"Organization","@id":"https:\/\/www.laguiadepamplona.com\/actualidad\/#organization","name":"La Gu\u00eda de Pamplona \/ Noticias","url":"https:\/\/www.laguiadepamplona.com\/actualidad\/","logo":{"@type":"ImageObject","inLanguage":"es","@id":"https:\/\/www.laguiadepamplona.com\/actualidad\/#\/schema\/logo\/image\/","url":"https:\/\/www.laguiadepamplona.com\/actualidad\/wp-content\/uploads\/2018\/11\/logo-laguiadepamplona18-web1.png","contentUrl":"https:\/\/www.laguiadepamplona.com\/actualidad\/wp-content\/uploads\/2018\/11\/logo-laguiadepamplona18-web1.png","width":600,"height":196,"caption":"La Gu\u00eda de Pamplona \/ Noticias"},"image":{"@id":"https:\/\/www.laguiadepamplona.com\/actualidad\/#\/schema\/logo\/image\/"},"sameAs":["https:\/\/www.facebook.com\/laguiadepamplonacom-133175176762273\/?ref=hl","https:\/\/x.com\/LaGuiadPamplona","https:\/\/www.instagram.com\/la_guia_de_pamplona\/","https:\/\/www.youtube.com\/user\/laguiadepamplona"]},{"@type":"Person","@id":"https:\/\/www.laguiadepamplona.com\/actualidad\/#\/schema\/person\/efe887376f0213d4657c93adc50b1fdb","name":"La Gu\u00eda de Pamplona","image":{"@type":"ImageObject","inLanguage":"es","@id":"https:\/\/secure.gravatar.com\/avatar\/b6992f131dc8d30ab0dff15446e9d346d9dbd95992de0fef795073f5ea83a81c?s=96&d=mm&r=g","url":"https:\/\/secure.gravatar.com\/avatar\/b6992f131dc8d30ab0dff15446e9d346d9dbd95992de0fef795073f5ea83a81c?s=96&d=mm&r=g","contentUrl":"https:\/\/secure.gravatar.com\/avatar\/b6992f131dc8d30ab0dff15446e9d346d9dbd95992de0fef795073f5ea83a81c?s=96&d=mm&r=g","caption":"La Gu\u00eda de Pamplona"}}]}},"post_mailing_queue_ids":[],"_links":{"self":[{"href":"https:\/\/www.laguiadepamplona.com\/actualidad\/wp-json\/wp\/v2\/posts\/1174","targetHints":{"allow":["GET"]}}],"collection":[{"href":"https:\/\/www.laguiadepamplona.com\/actualidad\/wp-json\/wp\/v2\/posts"}],"about":[{"href":"https:\/\/www.laguiadepamplona.com\/actualidad\/wp-json\/wp\/v2\/types\/post"}],"author":[{"embeddable":true,"href":"https:\/\/www.laguiadepamplona.com\/actualidad\/wp-json\/wp\/v2\/users\/1"}],"replies":[{"embeddable":true,"href":"https:\/\/www.laguiadepamplona.com\/actualidad\/wp-json\/wp\/v2\/comments?post=1174"}],"version-history":[{"count":0,"href":"https:\/\/www.laguiadepamplona.com\/actualidad\/wp-json\/wp\/v2\/posts\/1174\/revisions"}],"wp:featuredmedia":[{"embeddable":true,"href":"https:\/\/www.laguiadepamplona.com\/actualidad\/wp-json\/"}],"wp:attachment":[{"href":"https:\/\/www.laguiadepamplona.com\/actualidad\/wp-json\/wp\/v2\/media?parent=1174"}],"wp:term":[{"taxonomy":"category","embeddable":true,"href":"https:\/\/www.laguiadepamplona.com\/actualidad\/wp-json\/wp\/v2\/categories?post=1174"},{"taxonomy":"post_tag","embeddable":true,"href":"https:\/\/www.laguiadepamplona.com\/actualidad\/wp-json\/wp\/v2\/tags?post=1174"}],"curies":[{"name":"wp","href":"https:\/\/api.w.org\/{rel}","templated":true}]}}