{"id":1132,"date":"2014-04-09T11:05:21","date_gmt":"2014-04-09T10:05:21","guid":{"rendered":"http:\/\/laguiadepamplona.es\/noticias\/?p=1132"},"modified":"2014-04-09T11:05:21","modified_gmt":"2014-04-09T10:05:21","slug":"el-vison-europeo-sera-el-protagonista-de-una-doble-exposicion-en-el-museo-de-educacion-ambiental-hasta-el-proximo-miercoles-16-de-abril","status":"publish","type":"post","link":"https:\/\/www.laguiadepamplona.com\/actualidad\/el-vison-europeo-sera-el-protagonista-de-una-doble-exposicion-en-el-museo-de-educacion-ambiental-hasta-el-proximo-miercoles-16-de-abril\/","title":{"rendered":"El vis\u00f3n europeo ser\u00e1 el protagonista de una doble exposici\u00f3n en el Museo de Educaci\u00f3n Ambiental hasta el pr\u00f3ximo mi\u00e9rcoles 16 de abril"},"content":{"rendered":"<h6>El <i>Mustela lutreola<\/i> o vis\u00f3n europeo ser\u00e1 el foco de atenci\u00f3n de las exposiciones del proyecto LIFE+ y de la asociaci\u00f3n ecologista Alnus<\/h6>\n<p><a href=\"http:\/\/laguiadepamplona.es\/noticias\/wp-content\/uploads\/2014\/04\/exposicion_vison.jpg\"><img loading=\"lazy\" decoding=\"async\" class=\"alignleft size-medium wp-image-1133\" alt=\"exposicion_vison\" src=\"http:\/\/laguiadepamplona.es\/noticias\/wp-content\/uploads\/2014\/04\/exposicion_vison-300x225.jpg\" width=\"300\" height=\"225\" \/><\/a>El Museo de Educaci\u00f3n Ambiental acoge hasta el pr\u00f3ximo mi\u00e9rcoles 16 de abril una doble exposici\u00f3n sobre el <i>Mustela lutreola<\/i> o vis\u00f3n europeo. Una de las exposiciones es \u2018Territorio vis\u00f3n\u2019, un proyecto navarro financiado por la Comisi\u00f3n Europea a trav\u00e9s del programa LIFE+ \u2018Naturaleza y biodiversidad\u2019. La segunda muestra, \u2018Fauna invisible\u2019, pertenece a la asociaci\u00f3n ecologista Alnus, una organizaci\u00f3n de Marcilla con fines no lucrativos. El horario de visita ser\u00e1 de 10 a 13 horas y de 18 a 20 horas.<\/p>\n<p>El vis\u00f3n es un must\u00e9lido semiacu\u00e1tico de tama\u00f1o peque\u00f1o, de patas cortas y cuerpo alargado. Vive en r\u00edos de tama\u00f1o medio o peque\u00f1o, en los que encuentra abundante espacio para refugiarse y criar. Despu\u00e9s del lince ib\u00e9rico, es el mam\u00edfero carn\u00edvoro europeo m\u00e1s amenazado de Europa. En Espa\u00f1a la poblaci\u00f3n se estima en unos 500 ejemplares, de los cuales, entre la mitad y dos terceras partes habitan en Navarra. Tambi\u00e9n habita los r\u00edos de Pamplona.<\/p>\n<p>Este animal es de color marr\u00f3n chocolate uniforme en todo el cuerpo, a excepci\u00f3n de dos peque\u00f1as manchas blancas, una en el labio superior y otra en el inferior (se diferencia del americano porque \u00e9ste solo tiene en el inferior). El macho pesa aproximadamente 800 gramos y la hembra 400 gramos. Es un excelente nadador, ya que tiene membranas en manos y pies que le facilitan manejarse con soltura en el agua. Pero es en tierra donde mejor se desenvuelve, ya que su alargada figura, sus peque\u00f1as orejas y su corta cola le permiten moverse entre la densa vegetaci\u00f3n de ribera sin apenas ser visto.<\/p>\n<p><strong>Territorio Vis\u00f3n<\/strong><\/p>\n<p><a href=\"http:\/\/laguiadepamplona.es\/noticias\/wp-content\/uploads\/2014\/04\/exposicion_vison2.jpg\"><img loading=\"lazy\" decoding=\"async\" class=\"alignleft size-medium wp-image-1134\" alt=\"exposicion_vison2\" src=\"http:\/\/laguiadepamplona.es\/noticias\/wp-content\/uploads\/2014\/04\/exposicion_vison2-300x225.jpg\" width=\"300\" height=\"225\" \/><\/a>La muestra \u2018Territorio Vis\u00f3n\u2019 es un proyecto navarro perteneciente al programa LIFE+ \u2018Naturaleza y biodiversidad\u2019, financiado por la Comisi\u00f3n Europea. La exposici\u00f3n cuenta con una serie de roll-ups o paneles desplegables informativos sobre el proyecto, dirigido a la recuperaci\u00f3n de los h\u00e1bitats que utiliza el vis\u00f3n europeo en el curso inferior de los r\u00edos Arag\u00f3n y Arga.<\/p>\n<p>Este plan del programa LIFE+ se centra en dos focos de actuaci\u00f3n: la restauraci\u00f3n del h\u00e1bitat fluvial y la sensibilizaci\u00f3n y difusi\u00f3n. El primer objetivo se lleva acabo eliminando motas, conectando meandros abandonados y restaurando orillas de los r\u00edos, mientras que el segundo se realiza mediante informaci\u00f3n, campa\u00f1as de sensibilizaci\u00f3n dirigidas a escolares y j\u00f3venes, programas formativos y fomento del voluntariado y la participaci\u00f3n ciudadana. El proyecto cuenta con un punto de informaci\u00f3n en Falces y con un funcionamiento itinerante por los 12 municipios del denominado territorio vis\u00f3n.<\/p>\n<p><strong>Fauna invisible<\/strong><\/p>\n<p>La muestra de la asociaci\u00f3n Alnus, \u2018Fauna invisible\u2019, cuenta con 5 maquetas del vis\u00f3n europeo a tama\u00f1o natural, junto con 5 maquetas de sus h\u00e1bitats y otros animales como la gineta, la nutria, el tej\u00f3n y la gardu\u00f1a. Adem\u00e1s tiene roll-ups explicativos de las principales caracter\u00edsticas de estas especies, as\u00ed como del gato mont\u00e9s y el zorro.<\/p>\n<p>La asociaci\u00f3n ecologista Alnus es una organizaci\u00f3n de Marcilla que trabaja desde hace unos quince a\u00f1os en la defensa del patrimonio ambiental de la localidad. Se trata de una asociaci\u00f3n con fines no lucrativos. La formaci\u00f3n Alnus se centra en la recuperaci\u00f3n, mantenimiento y mejora del entorno ambiental de Marcilla, as\u00ed como del desarrollo de programas de educaci\u00f3n medioambiental y en la denuncia de las amenazas sobre el entorno y propuesta de soluciones.<\/p>\n<p>&nbsp;<\/p>\n<p>&nbsp;<\/p>\n<div>\n<p><strong>exposici\u00f3n \u2018territorio vis\u00f3n\u2019 y \u2018fauna invisible\u2019. museo de educaci\u00f3n ambiental<\/strong><\/p>\n<\/div>\n<ul>\n<li><b>Lugar: <\/b>Museo de Aducaci\u00f3n Ambiental<\/li>\n<li><b>Horario:<\/b> de 10 a 13 horas y de 18 a 20 horas<\/li>\n<li><b>Exposiciones:<\/b>\n<ul>\n<li><b>Territorio Vis\u00f3n:<\/b> Proyecto LIFE+<\/li>\n<li><b>Fauna Invisible: <\/b>Asociaci\u00f3n ecologista Alnus<\/li>\n<\/ul>\n<\/li>\n<\/ul>\n<p>&nbsp;<\/p>\n","protected":false},"excerpt":{"rendered":"<p>El Mustela lutreola o vis\u00f3n europeo ser\u00e1 el foco de atenci\u00f3n de las exposiciones del proyecto LIFE+ y de la asociaci\u00f3n ecologista Alnus El Museo de Educaci\u00f3n Ambiental acoge hasta&#8230;<\/p>\n","protected":false},"author":1,"featured_media":1133,"comment_status":"open","ping_status":"open","sticky":false,"template":"","format":"standard","meta":{"footnotes":""},"categories":[2],"tags":[5,6,758,100,8,9,759],"class_list":["post-1132","post","type-post","status-publish","format-standard","has-post-thumbnail","hentry","category-ayuntamiento-pamplona","tag-actualidad","tag-ayto-pamplona","tag-doble-exposicion","tag-museo-de-educacion-ambiental","tag-noticias","tag-pamplona","tag-vison-europeo"],"yoast_head":"<!-- This site is optimized with the Yoast SEO plugin v27.5 - https:\/\/yoast.com\/product\/yoast-seo-wordpress\/ -->\n<title>El vis\u00f3n europeo ser\u00e1 el protagonista de una doble exposici\u00f3n en el Museo de Educaci\u00f3n Ambiental hasta el pr\u00f3ximo mi\u00e9rcoles 16 de abril<\/title>\n<meta name=\"robots\" content=\"index, follow, max-snippet:-1, max-image-preview:large, max-video-preview:-1\" \/>\n<link rel=\"canonical\" href=\"https:\/\/www.laguiadepamplona.com\/actualidad\/el-vison-europeo-sera-el-protagonista-de-una-doble-exposicion-en-el-museo-de-educacion-ambiental-hasta-el-proximo-miercoles-16-de-abril\/\" \/>\n<meta property=\"og:locale\" content=\"es_ES\" \/>\n<meta property=\"og:type\" content=\"article\" \/>\n<meta property=\"og:title\" content=\"El vis\u00f3n europeo ser\u00e1 el protagonista de una doble exposici\u00f3n en el Museo de Educaci\u00f3n Ambiental hasta el pr\u00f3ximo mi\u00e9rcoles 16 de abril\" \/>\n<meta property=\"og:description\" content=\"El Mustela lutreola o vis\u00f3n europeo ser\u00e1 el foco de atenci\u00f3n de las exposiciones del proyecto LIFE+ y de la asociaci\u00f3n ecologista Alnus El Museo de Educaci\u00f3n Ambiental acoge hasta...\" \/>\n<meta property=\"og:url\" content=\"https:\/\/www.laguiadepamplona.com\/actualidad\/el-vison-europeo-sera-el-protagonista-de-una-doble-exposicion-en-el-museo-de-educacion-ambiental-hasta-el-proximo-miercoles-16-de-abril\/\" \/>\n<meta property=\"og:site_name\" content=\"La Gu\u00eda de Pamplona\" \/>\n<meta property=\"article:publisher\" content=\"https:\/\/www.facebook.com\/laguiadepamplonacom-133175176762273\/?ref=hl\" \/>\n<meta property=\"article:published_time\" content=\"2014-04-09T10:05:21+00:00\" \/>\n<meta name=\"author\" content=\"La Gu\u00eda de Pamplona\" \/>\n<meta name=\"twitter:card\" content=\"summary_large_image\" \/>\n<meta name=\"twitter:creator\" content=\"@LaGuiadPamplona\" \/>\n<meta name=\"twitter:site\" content=\"@LaGuiadPamplona\" \/>\n<meta name=\"twitter:label1\" content=\"Escrito por\" \/>\n\t<meta name=\"twitter:data1\" content=\"La Gu\u00eda de Pamplona\" \/>\n\t<meta name=\"twitter:label2\" content=\"Tiempo de lectura\" \/>\n\t<meta name=\"twitter:data2\" content=\"3 minutos\" \/>\n<script type=\"application\/ld+json\" class=\"yoast-schema-graph\">{\"@context\":\"https:\\\/\\\/schema.org\",\"@graph\":[{\"@type\":\"Article\",\"@id\":\"https:\\\/\\\/www.laguiadepamplona.com\\\/actualidad\\\/el-vison-europeo-sera-el-protagonista-de-una-doble-exposicion-en-el-museo-de-educacion-ambiental-hasta-el-proximo-miercoles-16-de-abril\\\/#article\",\"isPartOf\":{\"@id\":\"https:\\\/\\\/www.laguiadepamplona.com\\\/actualidad\\\/el-vison-europeo-sera-el-protagonista-de-una-doble-exposicion-en-el-museo-de-educacion-ambiental-hasta-el-proximo-miercoles-16-de-abril\\\/\"},\"author\":{\"name\":\"La Gu\u00eda de Pamplona\",\"@id\":\"https:\\\/\\\/www.laguiadepamplona.com\\\/actualidad\\\/#\\\/schema\\\/person\\\/efe887376f0213d4657c93adc50b1fdb\"},\"headline\":\"El vis\u00f3n europeo ser\u00e1 el protagonista de una doble exposici\u00f3n en el Museo de Educaci\u00f3n Ambiental hasta el pr\u00f3ximo mi\u00e9rcoles 16 de abril\",\"datePublished\":\"2014-04-09T10:05:21+00:00\",\"mainEntityOfPage\":{\"@id\":\"https:\\\/\\\/www.laguiadepamplona.com\\\/actualidad\\\/el-vison-europeo-sera-el-protagonista-de-una-doble-exposicion-en-el-museo-de-educacion-ambiental-hasta-el-proximo-miercoles-16-de-abril\\\/\"},\"wordCount\":694,\"commentCount\":0,\"publisher\":{\"@id\":\"https:\\\/\\\/www.laguiadepamplona.com\\\/actualidad\\\/#organization\"},\"image\":{\"@id\":\"https:\\\/\\\/www.laguiadepamplona.com\\\/actualidad\\\/el-vison-europeo-sera-el-protagonista-de-una-doble-exposicion-en-el-museo-de-educacion-ambiental-hasta-el-proximo-miercoles-16-de-abril\\\/#primaryimage\"},\"thumbnailUrl\":\"\",\"keywords\":[\"actualidad\",\"ayto pamplona\",\"doble exposici\u00f3n\",\"Museo de Educaci\u00f3n Ambiental\",\"noticias\",\"pamplona\",\"vis\u00f3n europeo\"],\"articleSection\":[\"Ayto Pamplona\"],\"inLanguage\":\"es\",\"potentialAction\":[{\"@type\":\"CommentAction\",\"name\":\"Comment\",\"target\":[\"https:\\\/\\\/www.laguiadepamplona.com\\\/actualidad\\\/el-vison-europeo-sera-el-protagonista-de-una-doble-exposicion-en-el-museo-de-educacion-ambiental-hasta-el-proximo-miercoles-16-de-abril\\\/#respond\"]}]},{\"@type\":\"WebPage\",\"@id\":\"https:\\\/\\\/www.laguiadepamplona.com\\\/actualidad\\\/el-vison-europeo-sera-el-protagonista-de-una-doble-exposicion-en-el-museo-de-educacion-ambiental-hasta-el-proximo-miercoles-16-de-abril\\\/\",\"url\":\"https:\\\/\\\/www.laguiadepamplona.com\\\/actualidad\\\/el-vison-europeo-sera-el-protagonista-de-una-doble-exposicion-en-el-museo-de-educacion-ambiental-hasta-el-proximo-miercoles-16-de-abril\\\/\",\"name\":\"El vis\u00f3n europeo ser\u00e1 el protagonista de una doble exposici\u00f3n en el Museo de Educaci\u00f3n Ambiental hasta el pr\u00f3ximo mi\u00e9rcoles 16 de abril\",\"isPartOf\":{\"@id\":\"https:\\\/\\\/www.laguiadepamplona.com\\\/actualidad\\\/#website\"},\"primaryImageOfPage\":{\"@id\":\"https:\\\/\\\/www.laguiadepamplona.com\\\/actualidad\\\/el-vison-europeo-sera-el-protagonista-de-una-doble-exposicion-en-el-museo-de-educacion-ambiental-hasta-el-proximo-miercoles-16-de-abril\\\/#primaryimage\"},\"image\":{\"@id\":\"https:\\\/\\\/www.laguiadepamplona.com\\\/actualidad\\\/el-vison-europeo-sera-el-protagonista-de-una-doble-exposicion-en-el-museo-de-educacion-ambiental-hasta-el-proximo-miercoles-16-de-abril\\\/#primaryimage\"},\"thumbnailUrl\":\"\",\"datePublished\":\"2014-04-09T10:05:21+00:00\",\"breadcrumb\":{\"@id\":\"https:\\\/\\\/www.laguiadepamplona.com\\\/actualidad\\\/el-vison-europeo-sera-el-protagonista-de-una-doble-exposicion-en-el-museo-de-educacion-ambiental-hasta-el-proximo-miercoles-16-de-abril\\\/#breadcrumb\"},\"inLanguage\":\"es\",\"potentialAction\":[{\"@type\":\"ReadAction\",\"target\":[\"https:\\\/\\\/www.laguiadepamplona.com\\\/actualidad\\\/el-vison-europeo-sera-el-protagonista-de-una-doble-exposicion-en-el-museo-de-educacion-ambiental-hasta-el-proximo-miercoles-16-de-abril\\\/\"]}]},{\"@type\":\"ImageObject\",\"inLanguage\":\"es\",\"@id\":\"https:\\\/\\\/www.laguiadepamplona.com\\\/actualidad\\\/el-vison-europeo-sera-el-protagonista-de-una-doble-exposicion-en-el-museo-de-educacion-ambiental-hasta-el-proximo-miercoles-16-de-abril\\\/#primaryimage\",\"url\":\"\",\"contentUrl\":\"\"},{\"@type\":\"BreadcrumbList\",\"@id\":\"https:\\\/\\\/www.laguiadepamplona.com\\\/actualidad\\\/el-vison-europeo-sera-el-protagonista-de-una-doble-exposicion-en-el-museo-de-educacion-ambiental-hasta-el-proximo-miercoles-16-de-abril\\\/#breadcrumb\",\"itemListElement\":[{\"@type\":\"ListItem\",\"position\":1,\"name\":\"Portada\",\"item\":\"https:\\\/\\\/www.laguiadepamplona.com\\\/actualidad\\\/\"},{\"@type\":\"ListItem\",\"position\":2,\"name\":\"El vis\u00f3n europeo ser\u00e1 el protagonista de una doble exposici\u00f3n en el Museo de Educaci\u00f3n Ambiental hasta el pr\u00f3ximo mi\u00e9rcoles 16 de abril\"}]},{\"@type\":\"WebSite\",\"@id\":\"https:\\\/\\\/www.laguiadepamplona.com\\\/actualidad\\\/#website\",\"url\":\"https:\\\/\\\/www.laguiadepamplona.com\\\/actualidad\\\/\",\"name\":\"La gu\u00eda de Pamplona\",\"description\":\"Noticias de Pamplona\",\"publisher\":{\"@id\":\"https:\\\/\\\/www.laguiadepamplona.com\\\/actualidad\\\/#organization\"},\"potentialAction\":[{\"@type\":\"SearchAction\",\"target\":{\"@type\":\"EntryPoint\",\"urlTemplate\":\"https:\\\/\\\/www.laguiadepamplona.com\\\/actualidad\\\/?s={search_term_string}\"},\"query-input\":{\"@type\":\"PropertyValueSpecification\",\"valueRequired\":true,\"valueName\":\"search_term_string\"}}],\"inLanguage\":\"es\"},{\"@type\":\"Organization\",\"@id\":\"https:\\\/\\\/www.laguiadepamplona.com\\\/actualidad\\\/#organization\",\"name\":\"La Gu\u00eda de Pamplona \\\/ Noticias\",\"url\":\"https:\\\/\\\/www.laguiadepamplona.com\\\/actualidad\\\/\",\"logo\":{\"@type\":\"ImageObject\",\"inLanguage\":\"es\",\"@id\":\"https:\\\/\\\/www.laguiadepamplona.com\\\/actualidad\\\/#\\\/schema\\\/logo\\\/image\\\/\",\"url\":\"https:\\\/\\\/www.laguiadepamplona.com\\\/actualidad\\\/wp-content\\\/uploads\\\/2018\\\/11\\\/logo-laguiadepamplona18-web1.png\",\"contentUrl\":\"https:\\\/\\\/www.laguiadepamplona.com\\\/actualidad\\\/wp-content\\\/uploads\\\/2018\\\/11\\\/logo-laguiadepamplona18-web1.png\",\"width\":600,\"height\":196,\"caption\":\"La Gu\u00eda de Pamplona \\\/ Noticias\"},\"image\":{\"@id\":\"https:\\\/\\\/www.laguiadepamplona.com\\\/actualidad\\\/#\\\/schema\\\/logo\\\/image\\\/\"},\"sameAs\":[\"https:\\\/\\\/www.facebook.com\\\/laguiadepamplonacom-133175176762273\\\/?ref=hl\",\"https:\\\/\\\/x.com\\\/LaGuiadPamplona\",\"https:\\\/\\\/www.instagram.com\\\/la_guia_de_pamplona\\\/\",\"https:\\\/\\\/www.youtube.com\\\/user\\\/laguiadepamplona\"]},{\"@type\":\"Person\",\"@id\":\"https:\\\/\\\/www.laguiadepamplona.com\\\/actualidad\\\/#\\\/schema\\\/person\\\/efe887376f0213d4657c93adc50b1fdb\",\"name\":\"La Gu\u00eda de Pamplona\",\"image\":{\"@type\":\"ImageObject\",\"inLanguage\":\"es\",\"@id\":\"https:\\\/\\\/secure.gravatar.com\\\/avatar\\\/b6992f131dc8d30ab0dff15446e9d346d9dbd95992de0fef795073f5ea83a81c?s=96&d=mm&r=g\",\"url\":\"https:\\\/\\\/secure.gravatar.com\\\/avatar\\\/b6992f131dc8d30ab0dff15446e9d346d9dbd95992de0fef795073f5ea83a81c?s=96&d=mm&r=g\",\"contentUrl\":\"https:\\\/\\\/secure.gravatar.com\\\/avatar\\\/b6992f131dc8d30ab0dff15446e9d346d9dbd95992de0fef795073f5ea83a81c?s=96&d=mm&r=g\",\"caption\":\"La Gu\u00eda de Pamplona\"}}]}<\/script>\n<!-- \/ Yoast SEO plugin. -->","yoast_head_json":{"title":"El vis\u00f3n europeo ser\u00e1 el protagonista de una doble exposici\u00f3n en el Museo de Educaci\u00f3n Ambiental hasta el pr\u00f3ximo mi\u00e9rcoles 16 de abril","robots":{"index":"index","follow":"follow","max-snippet":"max-snippet:-1","max-image-preview":"max-image-preview:large","max-video-preview":"max-video-preview:-1"},"canonical":"https:\/\/www.laguiadepamplona.com\/actualidad\/el-vison-europeo-sera-el-protagonista-de-una-doble-exposicion-en-el-museo-de-educacion-ambiental-hasta-el-proximo-miercoles-16-de-abril\/","og_locale":"es_ES","og_type":"article","og_title":"El vis\u00f3n europeo ser\u00e1 el protagonista de una doble exposici\u00f3n en el Museo de Educaci\u00f3n Ambiental hasta el pr\u00f3ximo mi\u00e9rcoles 16 de abril","og_description":"El Mustela lutreola o vis\u00f3n europeo ser\u00e1 el foco de atenci\u00f3n de las exposiciones del proyecto LIFE+ y de la asociaci\u00f3n ecologista Alnus El Museo de Educaci\u00f3n Ambiental acoge hasta...","og_url":"https:\/\/www.laguiadepamplona.com\/actualidad\/el-vison-europeo-sera-el-protagonista-de-una-doble-exposicion-en-el-museo-de-educacion-ambiental-hasta-el-proximo-miercoles-16-de-abril\/","og_site_name":"La Gu\u00eda de Pamplona","article_publisher":"https:\/\/www.facebook.com\/laguiadepamplonacom-133175176762273\/?ref=hl","article_published_time":"2014-04-09T10:05:21+00:00","author":"La Gu\u00eda de Pamplona","twitter_card":"summary_large_image","twitter_creator":"@LaGuiadPamplona","twitter_site":"@LaGuiadPamplona","twitter_misc":{"Escrito por":"La Gu\u00eda de Pamplona","Tiempo de lectura":"3 minutos"},"schema":{"@context":"https:\/\/schema.org","@graph":[{"@type":"Article","@id":"https:\/\/www.laguiadepamplona.com\/actualidad\/el-vison-europeo-sera-el-protagonista-de-una-doble-exposicion-en-el-museo-de-educacion-ambiental-hasta-el-proximo-miercoles-16-de-abril\/#article","isPartOf":{"@id":"https:\/\/www.laguiadepamplona.com\/actualidad\/el-vison-europeo-sera-el-protagonista-de-una-doble-exposicion-en-el-museo-de-educacion-ambiental-hasta-el-proximo-miercoles-16-de-abril\/"},"author":{"name":"La Gu\u00eda de Pamplona","@id":"https:\/\/www.laguiadepamplona.com\/actualidad\/#\/schema\/person\/efe887376f0213d4657c93adc50b1fdb"},"headline":"El vis\u00f3n europeo ser\u00e1 el protagonista de una doble exposici\u00f3n en el Museo de Educaci\u00f3n Ambiental hasta el pr\u00f3ximo mi\u00e9rcoles 16 de abril","datePublished":"2014-04-09T10:05:21+00:00","mainEntityOfPage":{"@id":"https:\/\/www.laguiadepamplona.com\/actualidad\/el-vison-europeo-sera-el-protagonista-de-una-doble-exposicion-en-el-museo-de-educacion-ambiental-hasta-el-proximo-miercoles-16-de-abril\/"},"wordCount":694,"commentCount":0,"publisher":{"@id":"https:\/\/www.laguiadepamplona.com\/actualidad\/#organization"},"image":{"@id":"https:\/\/www.laguiadepamplona.com\/actualidad\/el-vison-europeo-sera-el-protagonista-de-una-doble-exposicion-en-el-museo-de-educacion-ambiental-hasta-el-proximo-miercoles-16-de-abril\/#primaryimage"},"thumbnailUrl":"","keywords":["actualidad","ayto pamplona","doble exposici\u00f3n","Museo de Educaci\u00f3n Ambiental","noticias","pamplona","vis\u00f3n europeo"],"articleSection":["Ayto Pamplona"],"inLanguage":"es","potentialAction":[{"@type":"CommentAction","name":"Comment","target":["https:\/\/www.laguiadepamplona.com\/actualidad\/el-vison-europeo-sera-el-protagonista-de-una-doble-exposicion-en-el-museo-de-educacion-ambiental-hasta-el-proximo-miercoles-16-de-abril\/#respond"]}]},{"@type":"WebPage","@id":"https:\/\/www.laguiadepamplona.com\/actualidad\/el-vison-europeo-sera-el-protagonista-de-una-doble-exposicion-en-el-museo-de-educacion-ambiental-hasta-el-proximo-miercoles-16-de-abril\/","url":"https:\/\/www.laguiadepamplona.com\/actualidad\/el-vison-europeo-sera-el-protagonista-de-una-doble-exposicion-en-el-museo-de-educacion-ambiental-hasta-el-proximo-miercoles-16-de-abril\/","name":"El vis\u00f3n europeo ser\u00e1 el protagonista de una doble exposici\u00f3n en el Museo de Educaci\u00f3n Ambiental hasta el pr\u00f3ximo mi\u00e9rcoles 16 de abril","isPartOf":{"@id":"https:\/\/www.laguiadepamplona.com\/actualidad\/#website"},"primaryImageOfPage":{"@id":"https:\/\/www.laguiadepamplona.com\/actualidad\/el-vison-europeo-sera-el-protagonista-de-una-doble-exposicion-en-el-museo-de-educacion-ambiental-hasta-el-proximo-miercoles-16-de-abril\/#primaryimage"},"image":{"@id":"https:\/\/www.laguiadepamplona.com\/actualidad\/el-vison-europeo-sera-el-protagonista-de-una-doble-exposicion-en-el-museo-de-educacion-ambiental-hasta-el-proximo-miercoles-16-de-abril\/#primaryimage"},"thumbnailUrl":"","datePublished":"2014-04-09T10:05:21+00:00","breadcrumb":{"@id":"https:\/\/www.laguiadepamplona.com\/actualidad\/el-vison-europeo-sera-el-protagonista-de-una-doble-exposicion-en-el-museo-de-educacion-ambiental-hasta-el-proximo-miercoles-16-de-abril\/#breadcrumb"},"inLanguage":"es","potentialAction":[{"@type":"ReadAction","target":["https:\/\/www.laguiadepamplona.com\/actualidad\/el-vison-europeo-sera-el-protagonista-de-una-doble-exposicion-en-el-museo-de-educacion-ambiental-hasta-el-proximo-miercoles-16-de-abril\/"]}]},{"@type":"ImageObject","inLanguage":"es","@id":"https:\/\/www.laguiadepamplona.com\/actualidad\/el-vison-europeo-sera-el-protagonista-de-una-doble-exposicion-en-el-museo-de-educacion-ambiental-hasta-el-proximo-miercoles-16-de-abril\/#primaryimage","url":"","contentUrl":""},{"@type":"BreadcrumbList","@id":"https:\/\/www.laguiadepamplona.com\/actualidad\/el-vison-europeo-sera-el-protagonista-de-una-doble-exposicion-en-el-museo-de-educacion-ambiental-hasta-el-proximo-miercoles-16-de-abril\/#breadcrumb","itemListElement":[{"@type":"ListItem","position":1,"name":"Portada","item":"https:\/\/www.laguiadepamplona.com\/actualidad\/"},{"@type":"ListItem","position":2,"name":"El vis\u00f3n europeo ser\u00e1 el protagonista de una doble exposici\u00f3n en el Museo de Educaci\u00f3n Ambiental hasta el pr\u00f3ximo mi\u00e9rcoles 16 de abril"}]},{"@type":"WebSite","@id":"https:\/\/www.laguiadepamplona.com\/actualidad\/#website","url":"https:\/\/www.laguiadepamplona.com\/actualidad\/","name":"La gu\u00eda de Pamplona","description":"Noticias de Pamplona","publisher":{"@id":"https:\/\/www.laguiadepamplona.com\/actualidad\/#organization"},"potentialAction":[{"@type":"SearchAction","target":{"@type":"EntryPoint","urlTemplate":"https:\/\/www.laguiadepamplona.com\/actualidad\/?s={search_term_string}"},"query-input":{"@type":"PropertyValueSpecification","valueRequired":true,"valueName":"search_term_string"}}],"inLanguage":"es"},{"@type":"Organization","@id":"https:\/\/www.laguiadepamplona.com\/actualidad\/#organization","name":"La Gu\u00eda de Pamplona \/ Noticias","url":"https:\/\/www.laguiadepamplona.com\/actualidad\/","logo":{"@type":"ImageObject","inLanguage":"es","@id":"https:\/\/www.laguiadepamplona.com\/actualidad\/#\/schema\/logo\/image\/","url":"https:\/\/www.laguiadepamplona.com\/actualidad\/wp-content\/uploads\/2018\/11\/logo-laguiadepamplona18-web1.png","contentUrl":"https:\/\/www.laguiadepamplona.com\/actualidad\/wp-content\/uploads\/2018\/11\/logo-laguiadepamplona18-web1.png","width":600,"height":196,"caption":"La Gu\u00eda de Pamplona \/ Noticias"},"image":{"@id":"https:\/\/www.laguiadepamplona.com\/actualidad\/#\/schema\/logo\/image\/"},"sameAs":["https:\/\/www.facebook.com\/laguiadepamplonacom-133175176762273\/?ref=hl","https:\/\/x.com\/LaGuiadPamplona","https:\/\/www.instagram.com\/la_guia_de_pamplona\/","https:\/\/www.youtube.com\/user\/laguiadepamplona"]},{"@type":"Person","@id":"https:\/\/www.laguiadepamplona.com\/actualidad\/#\/schema\/person\/efe887376f0213d4657c93adc50b1fdb","name":"La Gu\u00eda de Pamplona","image":{"@type":"ImageObject","inLanguage":"es","@id":"https:\/\/secure.gravatar.com\/avatar\/b6992f131dc8d30ab0dff15446e9d346d9dbd95992de0fef795073f5ea83a81c?s=96&d=mm&r=g","url":"https:\/\/secure.gravatar.com\/avatar\/b6992f131dc8d30ab0dff15446e9d346d9dbd95992de0fef795073f5ea83a81c?s=96&d=mm&r=g","contentUrl":"https:\/\/secure.gravatar.com\/avatar\/b6992f131dc8d30ab0dff15446e9d346d9dbd95992de0fef795073f5ea83a81c?s=96&d=mm&r=g","caption":"La Gu\u00eda de Pamplona"}}]}},"post_mailing_queue_ids":[],"_links":{"self":[{"href":"https:\/\/www.laguiadepamplona.com\/actualidad\/wp-json\/wp\/v2\/posts\/1132","targetHints":{"allow":["GET"]}}],"collection":[{"href":"https:\/\/www.laguiadepamplona.com\/actualidad\/wp-json\/wp\/v2\/posts"}],"about":[{"href":"https:\/\/www.laguiadepamplona.com\/actualidad\/wp-json\/wp\/v2\/types\/post"}],"author":[{"embeddable":true,"href":"https:\/\/www.laguiadepamplona.com\/actualidad\/wp-json\/wp\/v2\/users\/1"}],"replies":[{"embeddable":true,"href":"https:\/\/www.laguiadepamplona.com\/actualidad\/wp-json\/wp\/v2\/comments?post=1132"}],"version-history":[{"count":0,"href":"https:\/\/www.laguiadepamplona.com\/actualidad\/wp-json\/wp\/v2\/posts\/1132\/revisions"}],"wp:featuredmedia":[{"embeddable":true,"href":"https:\/\/www.laguiadepamplona.com\/actualidad\/wp-json\/"}],"wp:attachment":[{"href":"https:\/\/www.laguiadepamplona.com\/actualidad\/wp-json\/wp\/v2\/media?parent=1132"}],"wp:term":[{"taxonomy":"category","embeddable":true,"href":"https:\/\/www.laguiadepamplona.com\/actualidad\/wp-json\/wp\/v2\/categories?post=1132"},{"taxonomy":"post_tag","embeddable":true,"href":"https:\/\/www.laguiadepamplona.com\/actualidad\/wp-json\/wp\/v2\/tags?post=1132"}],"curies":[{"name":"wp","href":"https:\/\/api.w.org\/{rel}","templated":true}]}}