{"id":11307,"date":"2017-01-02T10:55:16","date_gmt":"2017-01-02T09:55:16","guid":{"rendered":"http:\/\/laguiadepamplona.es\/actualidad\/?p=11307"},"modified":"2017-01-23T10:56:17","modified_gmt":"2017-01-23T09:56:17","slug":"detenidas-cinco-personas-la-semana-pasada-por-dar-positivo-en-alcohol-negarse-a-realizar-la-prueba-de-etilometria-o-conducir-sin-puntos-en-el-carne","status":"publish","type":"post","link":"https:\/\/www.laguiadepamplona.com\/actualidad\/detenidas-cinco-personas-la-semana-pasada-por-dar-positivo-en-alcohol-negarse-a-realizar-la-prueba-de-etilometria-o-conducir-sin-puntos-en-el-carne\/","title":{"rendered":"Detenidas cinco personas la semana pasada por dar positivo en alcohol, negarse a realizar la prueba de etilometr\u00eda o conducir sin puntos en el carn\u00e9"},"content":{"rendered":"<h3>El pasado lunes una cabina de radar de la avenida de Ar\u00f3stegui detect\u00f3 a un veh\u00edculo circulando a 119 km\/h<\/h3>\n<p><!--more--><\/p>\n<p>La Polic\u00eda Municipal de Pamplona detuvo la semana pasada a cinco personas como presuntas autoras de diferentes delitos contra el tr\u00e1fico y la seguridad vial en la ciudad. Tres personas dieron positivo en pruebas de etilometr\u00eda, una se neg\u00f3 a realizar la prueba por lo que se le acus\u00f3 tambi\u00e9n de un delito de conducci\u00f3n bajo los efectos del alcohol y una quinta persona conduc\u00eda sin puntos en el carn\u00e9.<\/p>\n<p>Las detenciones por etilometr\u00edas positivas tuvieron lugar el jueves, el s\u00e1bado y el domingo. Ayer tambi\u00e9n se arrest\u00f3 a la persona que se neg\u00f3 a realizar la prueba de etilometr\u00eda y el viernes se detuvo a quien conduc\u00eda sin puntos en el carn\u00e9.<\/p>\n<p>Adem\u00e1s, el pasado lunes un veh\u00edculo fue detectado por una cabina de radar de la avenida de Ar\u00f3stegui circulando a 119 kil\u00f3metros por hora. En ese punto la m\u00e1xima velocidad permitida es de 50 kil\u00f3metros por hora. En los pr\u00f3ximos d\u00edas se dar\u00e1 tr\u00e1mite al atestado ante la autoridad judicial por un presunto delito de exceso de velocidad.<\/p>\n<p>En otro orden de cosas, la Polic\u00eda Municipal de Pamplona denunci\u00f3 por v\u00eda administrativa entre el lunes y el domingo a nueve personas por dar positivo en controles de alcoholemia, pero sin alcanzar tasas constitutivas de delito, es decir, sin llegar a 0,60 mg\/l (0,64 mg\/l con los m\u00e1rgenes de error). El domingo, d\u00eda de A\u00f1o Nuevo, se sancion\u00f3 a siete personas por etilometr\u00edas positivas, el s\u00e1bado a una y el viernes a otra persona.<\/p>\n<p>&nbsp;<\/p>\n","protected":false},"excerpt":{"rendered":"<p>El pasado lunes una cabina de radar de la avenida de Ar\u00f3stegui detect\u00f3 a un veh\u00edculo circulando a 119 km\/h<\/p>\n","protected":false},"author":1,"featured_media":11153,"comment_status":"closed","ping_status":"closed","sticky":false,"template":"","format":"standard","meta":{"footnotes":""},"categories":[2],"tags":[],"class_list":["post-11307","post","type-post","status-publish","format-standard","has-post-thumbnail","hentry","category-ayuntamiento-pamplona"],"yoast_head":"<!-- This site is optimized with the Yoast SEO plugin v27.5 - https:\/\/yoast.com\/product\/yoast-seo-wordpress\/ -->\n<title>Detenidas cinco personas la semana pasada por dar positivo en alcohol, negarse a realizar la prueba de etilometr\u00eda o conducir sin puntos en el carn\u00e9<\/title>\n<meta name=\"robots\" content=\"index, follow, max-snippet:-1, max-image-preview:large, max-video-preview:-1\" \/>\n<link rel=\"canonical\" href=\"https:\/\/www.laguiadepamplona.com\/actualidad\/detenidas-cinco-personas-la-semana-pasada-por-dar-positivo-en-alcohol-negarse-a-realizar-la-prueba-de-etilometria-o-conducir-sin-puntos-en-el-carne\/\" \/>\n<meta property=\"og:locale\" content=\"es_ES\" \/>\n<meta property=\"og:type\" content=\"article\" \/>\n<meta property=\"og:title\" content=\"Detenidas cinco personas la semana pasada por dar positivo en alcohol, negarse a realizar la prueba de etilometr\u00eda o conducir sin puntos en el carn\u00e9\" \/>\n<meta property=\"og:description\" content=\"El pasado lunes una cabina de radar de la avenida de Ar\u00f3stegui detect\u00f3 a un veh\u00edculo circulando a 119 km\/h\" \/>\n<meta property=\"og:url\" content=\"https:\/\/www.laguiadepamplona.com\/actualidad\/detenidas-cinco-personas-la-semana-pasada-por-dar-positivo-en-alcohol-negarse-a-realizar-la-prueba-de-etilometria-o-conducir-sin-puntos-en-el-carne\/\" \/>\n<meta property=\"og:site_name\" content=\"La Gu\u00eda de Pamplona\" \/>\n<meta property=\"article:publisher\" content=\"https:\/\/www.facebook.com\/laguiadepamplonacom-133175176762273\/?ref=hl\" \/>\n<meta property=\"article:published_time\" content=\"2017-01-02T09:55:16+00:00\" \/>\n<meta property=\"article:modified_time\" content=\"2017-01-23T09:56:17+00:00\" \/>\n<meta property=\"og:image\" content=\"https:\/\/www.laguiadepamplona.com\/actualidad\/wp-content\/uploads\/2016\/12\/polic\u00eda-municipal-pamplona.jpg\" \/>\n\t<meta property=\"og:image:width\" content=\"800\" \/>\n\t<meta property=\"og:image:height\" content=\"596\" \/>\n\t<meta property=\"og:image:type\" content=\"image\/jpeg\" \/>\n<meta name=\"author\" content=\"La Gu\u00eda de Pamplona\" \/>\n<meta name=\"twitter:card\" content=\"summary_large_image\" \/>\n<meta name=\"twitter:creator\" content=\"@LaGuiadPamplona\" \/>\n<meta name=\"twitter:site\" content=\"@LaGuiadPamplona\" \/>\n<meta name=\"twitter:label1\" content=\"Escrito por\" \/>\n\t<meta name=\"twitter:data1\" content=\"La Gu\u00eda de Pamplona\" \/>\n\t<meta name=\"twitter:label2\" content=\"Tiempo de lectura\" \/>\n\t<meta name=\"twitter:data2\" content=\"1 minuto\" \/>\n<script type=\"application\/ld+json\" class=\"yoast-schema-graph\">{\"@context\":\"https:\\\/\\\/schema.org\",\"@graph\":[{\"@type\":\"Article\",\"@id\":\"https:\\\/\\\/www.laguiadepamplona.com\\\/actualidad\\\/detenidas-cinco-personas-la-semana-pasada-por-dar-positivo-en-alcohol-negarse-a-realizar-la-prueba-de-etilometria-o-conducir-sin-puntos-en-el-carne\\\/#article\",\"isPartOf\":{\"@id\":\"https:\\\/\\\/www.laguiadepamplona.com\\\/actualidad\\\/detenidas-cinco-personas-la-semana-pasada-por-dar-positivo-en-alcohol-negarse-a-realizar-la-prueba-de-etilometria-o-conducir-sin-puntos-en-el-carne\\\/\"},\"author\":{\"name\":\"La Gu\u00eda de Pamplona\",\"@id\":\"https:\\\/\\\/www.laguiadepamplona.com\\\/actualidad\\\/#\\\/schema\\\/person\\\/efe887376f0213d4657c93adc50b1fdb\"},\"headline\":\"Detenidas cinco personas la semana pasada por dar positivo en alcohol, negarse a realizar la prueba de etilometr\u00eda o conducir sin puntos en el carn\u00e9\",\"datePublished\":\"2017-01-02T09:55:16+00:00\",\"dateModified\":\"2017-01-23T09:56:17+00:00\",\"mainEntityOfPage\":{\"@id\":\"https:\\\/\\\/www.laguiadepamplona.com\\\/actualidad\\\/detenidas-cinco-personas-la-semana-pasada-por-dar-positivo-en-alcohol-negarse-a-realizar-la-prueba-de-etilometria-o-conducir-sin-puntos-en-el-carne\\\/\"},\"wordCount\":320,\"publisher\":{\"@id\":\"https:\\\/\\\/www.laguiadepamplona.com\\\/actualidad\\\/#organization\"},\"image\":{\"@id\":\"https:\\\/\\\/www.laguiadepamplona.com\\\/actualidad\\\/detenidas-cinco-personas-la-semana-pasada-por-dar-positivo-en-alcohol-negarse-a-realizar-la-prueba-de-etilometria-o-conducir-sin-puntos-en-el-carne\\\/#primaryimage\"},\"thumbnailUrl\":\"https:\\\/\\\/www.laguiadepamplona.com\\\/actualidad\\\/wp-content\\\/uploads\\\/2016\\\/12\\\/polic\u00eda-municipal-pamplona.jpg\",\"articleSection\":[\"Ayto Pamplona\"],\"inLanguage\":\"es\"},{\"@type\":\"WebPage\",\"@id\":\"https:\\\/\\\/www.laguiadepamplona.com\\\/actualidad\\\/detenidas-cinco-personas-la-semana-pasada-por-dar-positivo-en-alcohol-negarse-a-realizar-la-prueba-de-etilometria-o-conducir-sin-puntos-en-el-carne\\\/\",\"url\":\"https:\\\/\\\/www.laguiadepamplona.com\\\/actualidad\\\/detenidas-cinco-personas-la-semana-pasada-por-dar-positivo-en-alcohol-negarse-a-realizar-la-prueba-de-etilometria-o-conducir-sin-puntos-en-el-carne\\\/\",\"name\":\"Detenidas cinco personas la semana pasada por dar positivo en alcohol, negarse a realizar la prueba de etilometr\u00eda o conducir sin puntos en el carn\u00e9\",\"isPartOf\":{\"@id\":\"https:\\\/\\\/www.laguiadepamplona.com\\\/actualidad\\\/#website\"},\"primaryImageOfPage\":{\"@id\":\"https:\\\/\\\/www.laguiadepamplona.com\\\/actualidad\\\/detenidas-cinco-personas-la-semana-pasada-por-dar-positivo-en-alcohol-negarse-a-realizar-la-prueba-de-etilometria-o-conducir-sin-puntos-en-el-carne\\\/#primaryimage\"},\"image\":{\"@id\":\"https:\\\/\\\/www.laguiadepamplona.com\\\/actualidad\\\/detenidas-cinco-personas-la-semana-pasada-por-dar-positivo-en-alcohol-negarse-a-realizar-la-prueba-de-etilometria-o-conducir-sin-puntos-en-el-carne\\\/#primaryimage\"},\"thumbnailUrl\":\"https:\\\/\\\/www.laguiadepamplona.com\\\/actualidad\\\/wp-content\\\/uploads\\\/2016\\\/12\\\/polic\u00eda-municipal-pamplona.jpg\",\"datePublished\":\"2017-01-02T09:55:16+00:00\",\"dateModified\":\"2017-01-23T09:56:17+00:00\",\"breadcrumb\":{\"@id\":\"https:\\\/\\\/www.laguiadepamplona.com\\\/actualidad\\\/detenidas-cinco-personas-la-semana-pasada-por-dar-positivo-en-alcohol-negarse-a-realizar-la-prueba-de-etilometria-o-conducir-sin-puntos-en-el-carne\\\/#breadcrumb\"},\"inLanguage\":\"es\",\"potentialAction\":[{\"@type\":\"ReadAction\",\"target\":[\"https:\\\/\\\/www.laguiadepamplona.com\\\/actualidad\\\/detenidas-cinco-personas-la-semana-pasada-por-dar-positivo-en-alcohol-negarse-a-realizar-la-prueba-de-etilometria-o-conducir-sin-puntos-en-el-carne\\\/\"]}]},{\"@type\":\"ImageObject\",\"inLanguage\":\"es\",\"@id\":\"https:\\\/\\\/www.laguiadepamplona.com\\\/actualidad\\\/detenidas-cinco-personas-la-semana-pasada-por-dar-positivo-en-alcohol-negarse-a-realizar-la-prueba-de-etilometria-o-conducir-sin-puntos-en-el-carne\\\/#primaryimage\",\"url\":\"https:\\\/\\\/www.laguiadepamplona.com\\\/actualidad\\\/wp-content\\\/uploads\\\/2016\\\/12\\\/polic\u00eda-municipal-pamplona.jpg\",\"contentUrl\":\"https:\\\/\\\/www.laguiadepamplona.com\\\/actualidad\\\/wp-content\\\/uploads\\\/2016\\\/12\\\/polic\u00eda-municipal-pamplona.jpg\",\"width\":800,\"height\":596},{\"@type\":\"BreadcrumbList\",\"@id\":\"https:\\\/\\\/www.laguiadepamplona.com\\\/actualidad\\\/detenidas-cinco-personas-la-semana-pasada-por-dar-positivo-en-alcohol-negarse-a-realizar-la-prueba-de-etilometria-o-conducir-sin-puntos-en-el-carne\\\/#breadcrumb\",\"itemListElement\":[{\"@type\":\"ListItem\",\"position\":1,\"name\":\"Portada\",\"item\":\"https:\\\/\\\/www.laguiadepamplona.com\\\/actualidad\\\/\"},{\"@type\":\"ListItem\",\"position\":2,\"name\":\"Detenidas cinco personas la semana pasada por dar positivo en alcohol, negarse a realizar la prueba de etilometr\u00eda o conducir sin puntos en el carn\u00e9\"}]},{\"@type\":\"WebSite\",\"@id\":\"https:\\\/\\\/www.laguiadepamplona.com\\\/actualidad\\\/#website\",\"url\":\"https:\\\/\\\/www.laguiadepamplona.com\\\/actualidad\\\/\",\"name\":\"La gu\u00eda de Pamplona\",\"description\":\"Noticias de Pamplona\",\"publisher\":{\"@id\":\"https:\\\/\\\/www.laguiadepamplona.com\\\/actualidad\\\/#organization\"},\"potentialAction\":[{\"@type\":\"SearchAction\",\"target\":{\"@type\":\"EntryPoint\",\"urlTemplate\":\"https:\\\/\\\/www.laguiadepamplona.com\\\/actualidad\\\/?s={search_term_string}\"},\"query-input\":{\"@type\":\"PropertyValueSpecification\",\"valueRequired\":true,\"valueName\":\"search_term_string\"}}],\"inLanguage\":\"es\"},{\"@type\":\"Organization\",\"@id\":\"https:\\\/\\\/www.laguiadepamplona.com\\\/actualidad\\\/#organization\",\"name\":\"La Gu\u00eda de Pamplona \\\/ Noticias\",\"url\":\"https:\\\/\\\/www.laguiadepamplona.com\\\/actualidad\\\/\",\"logo\":{\"@type\":\"ImageObject\",\"inLanguage\":\"es\",\"@id\":\"https:\\\/\\\/www.laguiadepamplona.com\\\/actualidad\\\/#\\\/schema\\\/logo\\\/image\\\/\",\"url\":\"https:\\\/\\\/www.laguiadepamplona.com\\\/actualidad\\\/wp-content\\\/uploads\\\/2018\\\/11\\\/logo-laguiadepamplona18-web1.png\",\"contentUrl\":\"https:\\\/\\\/www.laguiadepamplona.com\\\/actualidad\\\/wp-content\\\/uploads\\\/2018\\\/11\\\/logo-laguiadepamplona18-web1.png\",\"width\":600,\"height\":196,\"caption\":\"La Gu\u00eda de Pamplona \\\/ Noticias\"},\"image\":{\"@id\":\"https:\\\/\\\/www.laguiadepamplona.com\\\/actualidad\\\/#\\\/schema\\\/logo\\\/image\\\/\"},\"sameAs\":[\"https:\\\/\\\/www.facebook.com\\\/laguiadepamplonacom-133175176762273\\\/?ref=hl\",\"https:\\\/\\\/x.com\\\/LaGuiadPamplona\",\"https:\\\/\\\/www.instagram.com\\\/la_guia_de_pamplona\\\/\",\"https:\\\/\\\/www.youtube.com\\\/user\\\/laguiadepamplona\"]},{\"@type\":\"Person\",\"@id\":\"https:\\\/\\\/www.laguiadepamplona.com\\\/actualidad\\\/#\\\/schema\\\/person\\\/efe887376f0213d4657c93adc50b1fdb\",\"name\":\"La Gu\u00eda de Pamplona\",\"image\":{\"@type\":\"ImageObject\",\"inLanguage\":\"es\",\"@id\":\"https:\\\/\\\/secure.gravatar.com\\\/avatar\\\/b6992f131dc8d30ab0dff15446e9d346d9dbd95992de0fef795073f5ea83a81c?s=96&d=mm&r=g\",\"url\":\"https:\\\/\\\/secure.gravatar.com\\\/avatar\\\/b6992f131dc8d30ab0dff15446e9d346d9dbd95992de0fef795073f5ea83a81c?s=96&d=mm&r=g\",\"contentUrl\":\"https:\\\/\\\/secure.gravatar.com\\\/avatar\\\/b6992f131dc8d30ab0dff15446e9d346d9dbd95992de0fef795073f5ea83a81c?s=96&d=mm&r=g\",\"caption\":\"La Gu\u00eda de Pamplona\"}}]}<\/script>\n<!-- \/ Yoast SEO plugin. -->","yoast_head_json":{"title":"Detenidas cinco personas la semana pasada por dar positivo en alcohol, negarse a realizar la prueba de etilometr\u00eda o conducir sin puntos en el carn\u00e9","robots":{"index":"index","follow":"follow","max-snippet":"max-snippet:-1","max-image-preview":"max-image-preview:large","max-video-preview":"max-video-preview:-1"},"canonical":"https:\/\/www.laguiadepamplona.com\/actualidad\/detenidas-cinco-personas-la-semana-pasada-por-dar-positivo-en-alcohol-negarse-a-realizar-la-prueba-de-etilometria-o-conducir-sin-puntos-en-el-carne\/","og_locale":"es_ES","og_type":"article","og_title":"Detenidas cinco personas la semana pasada por dar positivo en alcohol, negarse a realizar la prueba de etilometr\u00eda o conducir sin puntos en el carn\u00e9","og_description":"El pasado lunes una cabina de radar de la avenida de Ar\u00f3stegui detect\u00f3 a un veh\u00edculo circulando a 119 km\/h","og_url":"https:\/\/www.laguiadepamplona.com\/actualidad\/detenidas-cinco-personas-la-semana-pasada-por-dar-positivo-en-alcohol-negarse-a-realizar-la-prueba-de-etilometria-o-conducir-sin-puntos-en-el-carne\/","og_site_name":"La Gu\u00eda de Pamplona","article_publisher":"https:\/\/www.facebook.com\/laguiadepamplonacom-133175176762273\/?ref=hl","article_published_time":"2017-01-02T09:55:16+00:00","article_modified_time":"2017-01-23T09:56:17+00:00","og_image":[{"width":800,"height":596,"url":"https:\/\/www.laguiadepamplona.com\/actualidad\/wp-content\/uploads\/2016\/12\/polic\u00eda-municipal-pamplona.jpg","type":"image\/jpeg"}],"author":"La Gu\u00eda de Pamplona","twitter_card":"summary_large_image","twitter_creator":"@LaGuiadPamplona","twitter_site":"@LaGuiadPamplona","twitter_misc":{"Escrito por":"La Gu\u00eda de Pamplona","Tiempo de lectura":"1 minuto"},"schema":{"@context":"https:\/\/schema.org","@graph":[{"@type":"Article","@id":"https:\/\/www.laguiadepamplona.com\/actualidad\/detenidas-cinco-personas-la-semana-pasada-por-dar-positivo-en-alcohol-negarse-a-realizar-la-prueba-de-etilometria-o-conducir-sin-puntos-en-el-carne\/#article","isPartOf":{"@id":"https:\/\/www.laguiadepamplona.com\/actualidad\/detenidas-cinco-personas-la-semana-pasada-por-dar-positivo-en-alcohol-negarse-a-realizar-la-prueba-de-etilometria-o-conducir-sin-puntos-en-el-carne\/"},"author":{"name":"La Gu\u00eda de Pamplona","@id":"https:\/\/www.laguiadepamplona.com\/actualidad\/#\/schema\/person\/efe887376f0213d4657c93adc50b1fdb"},"headline":"Detenidas cinco personas la semana pasada por dar positivo en alcohol, negarse a realizar la prueba de etilometr\u00eda o conducir sin puntos en el carn\u00e9","datePublished":"2017-01-02T09:55:16+00:00","dateModified":"2017-01-23T09:56:17+00:00","mainEntityOfPage":{"@id":"https:\/\/www.laguiadepamplona.com\/actualidad\/detenidas-cinco-personas-la-semana-pasada-por-dar-positivo-en-alcohol-negarse-a-realizar-la-prueba-de-etilometria-o-conducir-sin-puntos-en-el-carne\/"},"wordCount":320,"publisher":{"@id":"https:\/\/www.laguiadepamplona.com\/actualidad\/#organization"},"image":{"@id":"https:\/\/www.laguiadepamplona.com\/actualidad\/detenidas-cinco-personas-la-semana-pasada-por-dar-positivo-en-alcohol-negarse-a-realizar-la-prueba-de-etilometria-o-conducir-sin-puntos-en-el-carne\/#primaryimage"},"thumbnailUrl":"https:\/\/www.laguiadepamplona.com\/actualidad\/wp-content\/uploads\/2016\/12\/polic\u00eda-municipal-pamplona.jpg","articleSection":["Ayto Pamplona"],"inLanguage":"es"},{"@type":"WebPage","@id":"https:\/\/www.laguiadepamplona.com\/actualidad\/detenidas-cinco-personas-la-semana-pasada-por-dar-positivo-en-alcohol-negarse-a-realizar-la-prueba-de-etilometria-o-conducir-sin-puntos-en-el-carne\/","url":"https:\/\/www.laguiadepamplona.com\/actualidad\/detenidas-cinco-personas-la-semana-pasada-por-dar-positivo-en-alcohol-negarse-a-realizar-la-prueba-de-etilometria-o-conducir-sin-puntos-en-el-carne\/","name":"Detenidas cinco personas la semana pasada por dar positivo en alcohol, negarse a realizar la prueba de etilometr\u00eda o conducir sin puntos en el carn\u00e9","isPartOf":{"@id":"https:\/\/www.laguiadepamplona.com\/actualidad\/#website"},"primaryImageOfPage":{"@id":"https:\/\/www.laguiadepamplona.com\/actualidad\/detenidas-cinco-personas-la-semana-pasada-por-dar-positivo-en-alcohol-negarse-a-realizar-la-prueba-de-etilometria-o-conducir-sin-puntos-en-el-carne\/#primaryimage"},"image":{"@id":"https:\/\/www.laguiadepamplona.com\/actualidad\/detenidas-cinco-personas-la-semana-pasada-por-dar-positivo-en-alcohol-negarse-a-realizar-la-prueba-de-etilometria-o-conducir-sin-puntos-en-el-carne\/#primaryimage"},"thumbnailUrl":"https:\/\/www.laguiadepamplona.com\/actualidad\/wp-content\/uploads\/2016\/12\/polic\u00eda-municipal-pamplona.jpg","datePublished":"2017-01-02T09:55:16+00:00","dateModified":"2017-01-23T09:56:17+00:00","breadcrumb":{"@id":"https:\/\/www.laguiadepamplona.com\/actualidad\/detenidas-cinco-personas-la-semana-pasada-por-dar-positivo-en-alcohol-negarse-a-realizar-la-prueba-de-etilometria-o-conducir-sin-puntos-en-el-carne\/#breadcrumb"},"inLanguage":"es","potentialAction":[{"@type":"ReadAction","target":["https:\/\/www.laguiadepamplona.com\/actualidad\/detenidas-cinco-personas-la-semana-pasada-por-dar-positivo-en-alcohol-negarse-a-realizar-la-prueba-de-etilometria-o-conducir-sin-puntos-en-el-carne\/"]}]},{"@type":"ImageObject","inLanguage":"es","@id":"https:\/\/www.laguiadepamplona.com\/actualidad\/detenidas-cinco-personas-la-semana-pasada-por-dar-positivo-en-alcohol-negarse-a-realizar-la-prueba-de-etilometria-o-conducir-sin-puntos-en-el-carne\/#primaryimage","url":"https:\/\/www.laguiadepamplona.com\/actualidad\/wp-content\/uploads\/2016\/12\/polic\u00eda-municipal-pamplona.jpg","contentUrl":"https:\/\/www.laguiadepamplona.com\/actualidad\/wp-content\/uploads\/2016\/12\/polic\u00eda-municipal-pamplona.jpg","width":800,"height":596},{"@type":"BreadcrumbList","@id":"https:\/\/www.laguiadepamplona.com\/actualidad\/detenidas-cinco-personas-la-semana-pasada-por-dar-positivo-en-alcohol-negarse-a-realizar-la-prueba-de-etilometria-o-conducir-sin-puntos-en-el-carne\/#breadcrumb","itemListElement":[{"@type":"ListItem","position":1,"name":"Portada","item":"https:\/\/www.laguiadepamplona.com\/actualidad\/"},{"@type":"ListItem","position":2,"name":"Detenidas cinco personas la semana pasada por dar positivo en alcohol, negarse a realizar la prueba de etilometr\u00eda o conducir sin puntos en el carn\u00e9"}]},{"@type":"WebSite","@id":"https:\/\/www.laguiadepamplona.com\/actualidad\/#website","url":"https:\/\/www.laguiadepamplona.com\/actualidad\/","name":"La gu\u00eda de Pamplona","description":"Noticias de Pamplona","publisher":{"@id":"https:\/\/www.laguiadepamplona.com\/actualidad\/#organization"},"potentialAction":[{"@type":"SearchAction","target":{"@type":"EntryPoint","urlTemplate":"https:\/\/www.laguiadepamplona.com\/actualidad\/?s={search_term_string}"},"query-input":{"@type":"PropertyValueSpecification","valueRequired":true,"valueName":"search_term_string"}}],"inLanguage":"es"},{"@type":"Organization","@id":"https:\/\/www.laguiadepamplona.com\/actualidad\/#organization","name":"La Gu\u00eda de Pamplona \/ Noticias","url":"https:\/\/www.laguiadepamplona.com\/actualidad\/","logo":{"@type":"ImageObject","inLanguage":"es","@id":"https:\/\/www.laguiadepamplona.com\/actualidad\/#\/schema\/logo\/image\/","url":"https:\/\/www.laguiadepamplona.com\/actualidad\/wp-content\/uploads\/2018\/11\/logo-laguiadepamplona18-web1.png","contentUrl":"https:\/\/www.laguiadepamplona.com\/actualidad\/wp-content\/uploads\/2018\/11\/logo-laguiadepamplona18-web1.png","width":600,"height":196,"caption":"La Gu\u00eda de Pamplona \/ Noticias"},"image":{"@id":"https:\/\/www.laguiadepamplona.com\/actualidad\/#\/schema\/logo\/image\/"},"sameAs":["https:\/\/www.facebook.com\/laguiadepamplonacom-133175176762273\/?ref=hl","https:\/\/x.com\/LaGuiadPamplona","https:\/\/www.instagram.com\/la_guia_de_pamplona\/","https:\/\/www.youtube.com\/user\/laguiadepamplona"]},{"@type":"Person","@id":"https:\/\/www.laguiadepamplona.com\/actualidad\/#\/schema\/person\/efe887376f0213d4657c93adc50b1fdb","name":"La Gu\u00eda de Pamplona","image":{"@type":"ImageObject","inLanguage":"es","@id":"https:\/\/secure.gravatar.com\/avatar\/b6992f131dc8d30ab0dff15446e9d346d9dbd95992de0fef795073f5ea83a81c?s=96&d=mm&r=g","url":"https:\/\/secure.gravatar.com\/avatar\/b6992f131dc8d30ab0dff15446e9d346d9dbd95992de0fef795073f5ea83a81c?s=96&d=mm&r=g","contentUrl":"https:\/\/secure.gravatar.com\/avatar\/b6992f131dc8d30ab0dff15446e9d346d9dbd95992de0fef795073f5ea83a81c?s=96&d=mm&r=g","caption":"La Gu\u00eda de Pamplona"}}]}},"post_mailing_queue_ids":[],"_links":{"self":[{"href":"https:\/\/www.laguiadepamplona.com\/actualidad\/wp-json\/wp\/v2\/posts\/11307","targetHints":{"allow":["GET"]}}],"collection":[{"href":"https:\/\/www.laguiadepamplona.com\/actualidad\/wp-json\/wp\/v2\/posts"}],"about":[{"href":"https:\/\/www.laguiadepamplona.com\/actualidad\/wp-json\/wp\/v2\/types\/post"}],"author":[{"embeddable":true,"href":"https:\/\/www.laguiadepamplona.com\/actualidad\/wp-json\/wp\/v2\/users\/1"}],"replies":[{"embeddable":true,"href":"https:\/\/www.laguiadepamplona.com\/actualidad\/wp-json\/wp\/v2\/comments?post=11307"}],"version-history":[{"count":0,"href":"https:\/\/www.laguiadepamplona.com\/actualidad\/wp-json\/wp\/v2\/posts\/11307\/revisions"}],"wp:featuredmedia":[{"embeddable":true,"href":"https:\/\/www.laguiadepamplona.com\/actualidad\/wp-json\/wp\/v2\/media\/11153"}],"wp:attachment":[{"href":"https:\/\/www.laguiadepamplona.com\/actualidad\/wp-json\/wp\/v2\/media?parent=11307"}],"wp:term":[{"taxonomy":"category","embeddable":true,"href":"https:\/\/www.laguiadepamplona.com\/actualidad\/wp-json\/wp\/v2\/categories?post=11307"},{"taxonomy":"post_tag","embeddable":true,"href":"https:\/\/www.laguiadepamplona.com\/actualidad\/wp-json\/wp\/v2\/tags?post=11307"}],"curies":[{"name":"wp","href":"https:\/\/api.w.org\/{rel}","templated":true}]}}