{"id":11304,"date":"2016-11-16T11:36:51","date_gmt":"2016-11-16T10:36:51","guid":{"rendered":"http:\/\/laguiadepamplona.es\/actualidad\/?p=11304"},"modified":"2016-12-09T11:37:39","modified_gmt":"2016-12-09T10:37:39","slug":"una-expedicion-navarra-a-groenlandia-con-esquis-y-cometas-centrara-la-conferencia-de-este-jueves-en-civivox-mendillorri-del-ciclo-sobre-otras-formas-de-aventura","status":"publish","type":"post","link":"https:\/\/www.laguiadepamplona.com\/actualidad\/una-expedicion-navarra-a-groenlandia-con-esquis-y-cometas-centrara-la-conferencia-de-este-jueves-en-civivox-mendillorri-del-ciclo-sobre-otras-formas-de-aventura\/","title":{"rendered":"Una expedici\u00f3n navarra a Groenlandia con esqu\u00eds y cometas centrar\u00e1 la conferencia de este jueves en Civivox Mendillorri del ciclo sobre otras formas de aventura"},"content":{"rendered":"<h3>La charla la impartir\u00e1 Fernando Belzunce y dar\u00e1 comienzo a las 19.30 horas, con entrada libre previa retirada de invitaci\u00f3n<\/h3>\n<p><!--more--><\/p>\n<p>En 2015 una expedici\u00f3n navarra cruz\u00f3 Groenlandia de sur a norte con esqu\u00eds y cometas. Esta traves\u00eda que llevaron a cabo Fernando Belzunce, Ferm\u00edn Izco y \u00c1ngel Zabalza durante 35 d\u00edas abrir\u00e1 este jueves el ciclo Otras formas de aventura, que acoge Civivox Mendillorri. La charla la impartir\u00e1 Fernando Belzunce a las 19.30 horas, con entrada libre, previa retirada de invitaciones desde una hora antes.<\/p>\n<p>Los tres aventureros navarros recorrieron 2.400 kil\u00f3metros desde la localidad de Narsaq hasta Qaanaaq (Thule), una de las localidades habitadas ubicada m\u00e1s al norte de todo el mundo. Lo hicieron, como se suele decir, en total autonom\u00eda, andando o impulsados por los trineos, esqu\u00eds y cometas que portaban. Durante m\u00e1s de un mes, 35 d\u00edas concretamente, atravesaron uno de los lugares m\u00e1s inh\u00f3spitos del planeta, con unas condiciones climatol\u00f3gicas muy complicadas, debido al fr\u00edo al viento. Una experiencia apasionante salpicada de an\u00e9cdotas, incidentes y paisajes de ensue\u00f1o que se compartir\u00e1n con el p\u00fablico asistente.<\/p>\n<p>El ciclo concluir\u00e1 con una segunda conferencia el jueves 1 de diciembre, tambi\u00e9n en Civivox Mendillorri, que bajo el t\u00edtulo \u2018Pedaleando por las personas refugiada\u2019, impartir\u00e1 Xabi Luna. En este caso se trata de un viaje de 4.000 kil\u00f3metros en bicicleta, de Atenas a Estocolmo, que\u00a0 muchas personas refugiadas han emprendido en busca de un futuro mejor.<\/p>\n<p>&nbsp;<\/p>\n<p><strong>Otras formas de aventura: el viaje deportivo\/personal y el viaje testimonial<\/strong><\/p>\n<ul>\n<li><strong>Jueves 17 de noviembre, 19.30 horas. Civivox Mendillorri <\/strong>\n<ul>\n<li><strong>Expedici\u00f3n Groenlandia con cometas<\/strong><\/li>\n<li>Ponente: Fernando Belzunce<\/li>\n<\/ul>\n<\/li>\n<li><strong>Jueves 1 de diciembre, 19.30 horas. Civivox Mendillorri<\/strong>\n<ul>\n<li><strong>Pedaleando por las personas refugiadas<\/strong><\/li>\n<li>Ponente: Xabi Luna<\/li>\n<\/ul>\n<\/li>\n<\/ul>\n<p>&nbsp;<\/p>\n<ul>\n<li>Entrada libre, previa retirada de invitaciones (con un m\u00e1ximo de dos por persona) desde una hora antes del comienzo de la actividad<\/li>\n<\/ul>\n<p>&nbsp;<\/p>\n","protected":false},"excerpt":{"rendered":"<p>La charla la impartir\u00e1 Fernando Belzunce y dar\u00e1 comienzo a las 19.30 horas, con entrada libre previa retirada de invitaci\u00f3n<\/p>\n","protected":false},"author":1,"featured_media":11011,"comment_status":"closed","ping_status":"closed","sticky":false,"template":"","format":"standard","meta":{"footnotes":""},"categories":[2],"tags":[],"class_list":["post-11304","post","type-post","status-publish","format-standard","has-post-thumbnail","hentry","category-ayuntamiento-pamplona"],"yoast_head":"<!-- This site is optimized with the Yoast SEO plugin v27.5 - https:\/\/yoast.com\/product\/yoast-seo-wordpress\/ -->\n<title>Una expedici\u00f3n navarra a Groenlandia con esqu\u00eds y cometas centrar\u00e1 la conferencia de este jueves en Civivox Mendillorri del ciclo sobre otras formas de aventura<\/title>\n<meta name=\"robots\" content=\"index, follow, max-snippet:-1, max-image-preview:large, max-video-preview:-1\" \/>\n<link rel=\"canonical\" href=\"https:\/\/www.laguiadepamplona.com\/actualidad\/una-expedicion-navarra-a-groenlandia-con-esquis-y-cometas-centrara-la-conferencia-de-este-jueves-en-civivox-mendillorri-del-ciclo-sobre-otras-formas-de-aventura\/\" \/>\n<meta property=\"og:locale\" content=\"es_ES\" \/>\n<meta property=\"og:type\" content=\"article\" \/>\n<meta property=\"og:title\" content=\"Una expedici\u00f3n navarra a Groenlandia con esqu\u00eds y cometas centrar\u00e1 la conferencia de este jueves en Civivox Mendillorri del ciclo sobre otras formas de aventura\" \/>\n<meta property=\"og:description\" content=\"La charla la impartir\u00e1 Fernando Belzunce y dar\u00e1 comienzo a las 19.30 horas, con entrada libre previa retirada de invitaci\u00f3n\" \/>\n<meta property=\"og:url\" content=\"https:\/\/www.laguiadepamplona.com\/actualidad\/una-expedicion-navarra-a-groenlandia-con-esquis-y-cometas-centrara-la-conferencia-de-este-jueves-en-civivox-mendillorri-del-ciclo-sobre-otras-formas-de-aventura\/\" \/>\n<meta property=\"og:site_name\" content=\"La Gu\u00eda de Pamplona\" \/>\n<meta property=\"article:publisher\" content=\"https:\/\/www.facebook.com\/laguiadepamplonacom-133175176762273\/?ref=hl\" \/>\n<meta property=\"article:published_time\" content=\"2016-11-16T10:36:51+00:00\" \/>\n<meta property=\"article:modified_time\" content=\"2016-12-09T10:37:39+00:00\" \/>\n<meta property=\"og:image\" content=\"https:\/\/www.laguiadepamplona.com\/actualidad\/wp-content\/uploads\/2016\/12\/civivox-mendillorri.jpg\" \/>\n\t<meta property=\"og:image:width\" content=\"870\" \/>\n\t<meta property=\"og:image:height\" content=\"390\" \/>\n\t<meta property=\"og:image:type\" content=\"image\/jpeg\" \/>\n<meta name=\"author\" content=\"La Gu\u00eda de Pamplona\" \/>\n<meta name=\"twitter:card\" content=\"summary_large_image\" \/>\n<meta name=\"twitter:creator\" content=\"@LaGuiadPamplona\" \/>\n<meta name=\"twitter:site\" content=\"@LaGuiadPamplona\" \/>\n<meta name=\"twitter:label1\" content=\"Escrito por\" \/>\n\t<meta name=\"twitter:data1\" content=\"La Gu\u00eda de Pamplona\" \/>\n\t<meta name=\"twitter:label2\" content=\"Tiempo de lectura\" \/>\n\t<meta name=\"twitter:data2\" content=\"2 minutos\" \/>\n<script type=\"application\/ld+json\" class=\"yoast-schema-graph\">{\"@context\":\"https:\\\/\\\/schema.org\",\"@graph\":[{\"@type\":\"Article\",\"@id\":\"https:\\\/\\\/www.laguiadepamplona.com\\\/actualidad\\\/una-expedicion-navarra-a-groenlandia-con-esquis-y-cometas-centrara-la-conferencia-de-este-jueves-en-civivox-mendillorri-del-ciclo-sobre-otras-formas-de-aventura\\\/#article\",\"isPartOf\":{\"@id\":\"https:\\\/\\\/www.laguiadepamplona.com\\\/actualidad\\\/una-expedicion-navarra-a-groenlandia-con-esquis-y-cometas-centrara-la-conferencia-de-este-jueves-en-civivox-mendillorri-del-ciclo-sobre-otras-formas-de-aventura\\\/\"},\"author\":{\"name\":\"La Gu\u00eda de Pamplona\",\"@id\":\"https:\\\/\\\/www.laguiadepamplona.com\\\/actualidad\\\/#\\\/schema\\\/person\\\/efe887376f0213d4657c93adc50b1fdb\"},\"headline\":\"Una expedici\u00f3n navarra a Groenlandia con esqu\u00eds y cometas centrar\u00e1 la conferencia de este jueves en Civivox Mendillorri del ciclo sobre otras formas de aventura\",\"datePublished\":\"2016-11-16T10:36:51+00:00\",\"dateModified\":\"2016-12-09T10:37:39+00:00\",\"mainEntityOfPage\":{\"@id\":\"https:\\\/\\\/www.laguiadepamplona.com\\\/actualidad\\\/una-expedicion-navarra-a-groenlandia-con-esquis-y-cometas-centrara-la-conferencia-de-este-jueves-en-civivox-mendillorri-del-ciclo-sobre-otras-formas-de-aventura\\\/\"},\"wordCount\":344,\"publisher\":{\"@id\":\"https:\\\/\\\/www.laguiadepamplona.com\\\/actualidad\\\/#organization\"},\"image\":{\"@id\":\"https:\\\/\\\/www.laguiadepamplona.com\\\/actualidad\\\/una-expedicion-navarra-a-groenlandia-con-esquis-y-cometas-centrara-la-conferencia-de-este-jueves-en-civivox-mendillorri-del-ciclo-sobre-otras-formas-de-aventura\\\/#primaryimage\"},\"thumbnailUrl\":\"https:\\\/\\\/www.laguiadepamplona.com\\\/actualidad\\\/wp-content\\\/uploads\\\/2016\\\/12\\\/civivox-mendillorri.jpg\",\"articleSection\":[\"Ayto Pamplona\"],\"inLanguage\":\"es\"},{\"@type\":\"WebPage\",\"@id\":\"https:\\\/\\\/www.laguiadepamplona.com\\\/actualidad\\\/una-expedicion-navarra-a-groenlandia-con-esquis-y-cometas-centrara-la-conferencia-de-este-jueves-en-civivox-mendillorri-del-ciclo-sobre-otras-formas-de-aventura\\\/\",\"url\":\"https:\\\/\\\/www.laguiadepamplona.com\\\/actualidad\\\/una-expedicion-navarra-a-groenlandia-con-esquis-y-cometas-centrara-la-conferencia-de-este-jueves-en-civivox-mendillorri-del-ciclo-sobre-otras-formas-de-aventura\\\/\",\"name\":\"Una expedici\u00f3n navarra a Groenlandia con esqu\u00eds y cometas centrar\u00e1 la conferencia de este jueves en Civivox Mendillorri del ciclo sobre otras formas de aventura\",\"isPartOf\":{\"@id\":\"https:\\\/\\\/www.laguiadepamplona.com\\\/actualidad\\\/#website\"},\"primaryImageOfPage\":{\"@id\":\"https:\\\/\\\/www.laguiadepamplona.com\\\/actualidad\\\/una-expedicion-navarra-a-groenlandia-con-esquis-y-cometas-centrara-la-conferencia-de-este-jueves-en-civivox-mendillorri-del-ciclo-sobre-otras-formas-de-aventura\\\/#primaryimage\"},\"image\":{\"@id\":\"https:\\\/\\\/www.laguiadepamplona.com\\\/actualidad\\\/una-expedicion-navarra-a-groenlandia-con-esquis-y-cometas-centrara-la-conferencia-de-este-jueves-en-civivox-mendillorri-del-ciclo-sobre-otras-formas-de-aventura\\\/#primaryimage\"},\"thumbnailUrl\":\"https:\\\/\\\/www.laguiadepamplona.com\\\/actualidad\\\/wp-content\\\/uploads\\\/2016\\\/12\\\/civivox-mendillorri.jpg\",\"datePublished\":\"2016-11-16T10:36:51+00:00\",\"dateModified\":\"2016-12-09T10:37:39+00:00\",\"breadcrumb\":{\"@id\":\"https:\\\/\\\/www.laguiadepamplona.com\\\/actualidad\\\/una-expedicion-navarra-a-groenlandia-con-esquis-y-cometas-centrara-la-conferencia-de-este-jueves-en-civivox-mendillorri-del-ciclo-sobre-otras-formas-de-aventura\\\/#breadcrumb\"},\"inLanguage\":\"es\",\"potentialAction\":[{\"@type\":\"ReadAction\",\"target\":[\"https:\\\/\\\/www.laguiadepamplona.com\\\/actualidad\\\/una-expedicion-navarra-a-groenlandia-con-esquis-y-cometas-centrara-la-conferencia-de-este-jueves-en-civivox-mendillorri-del-ciclo-sobre-otras-formas-de-aventura\\\/\"]}]},{\"@type\":\"ImageObject\",\"inLanguage\":\"es\",\"@id\":\"https:\\\/\\\/www.laguiadepamplona.com\\\/actualidad\\\/una-expedicion-navarra-a-groenlandia-con-esquis-y-cometas-centrara-la-conferencia-de-este-jueves-en-civivox-mendillorri-del-ciclo-sobre-otras-formas-de-aventura\\\/#primaryimage\",\"url\":\"https:\\\/\\\/www.laguiadepamplona.com\\\/actualidad\\\/wp-content\\\/uploads\\\/2016\\\/12\\\/civivox-mendillorri.jpg\",\"contentUrl\":\"https:\\\/\\\/www.laguiadepamplona.com\\\/actualidad\\\/wp-content\\\/uploads\\\/2016\\\/12\\\/civivox-mendillorri.jpg\",\"width\":870,\"height\":390},{\"@type\":\"BreadcrumbList\",\"@id\":\"https:\\\/\\\/www.laguiadepamplona.com\\\/actualidad\\\/una-expedicion-navarra-a-groenlandia-con-esquis-y-cometas-centrara-la-conferencia-de-este-jueves-en-civivox-mendillorri-del-ciclo-sobre-otras-formas-de-aventura\\\/#breadcrumb\",\"itemListElement\":[{\"@type\":\"ListItem\",\"position\":1,\"name\":\"Portada\",\"item\":\"https:\\\/\\\/www.laguiadepamplona.com\\\/actualidad\\\/\"},{\"@type\":\"ListItem\",\"position\":2,\"name\":\"Una expedici\u00f3n navarra a Groenlandia con esqu\u00eds y cometas centrar\u00e1 la conferencia de este jueves en Civivox Mendillorri del ciclo sobre otras formas de aventura\"}]},{\"@type\":\"WebSite\",\"@id\":\"https:\\\/\\\/www.laguiadepamplona.com\\\/actualidad\\\/#website\",\"url\":\"https:\\\/\\\/www.laguiadepamplona.com\\\/actualidad\\\/\",\"name\":\"La gu\u00eda de Pamplona\",\"description\":\"Noticias de Pamplona\",\"publisher\":{\"@id\":\"https:\\\/\\\/www.laguiadepamplona.com\\\/actualidad\\\/#organization\"},\"potentialAction\":[{\"@type\":\"SearchAction\",\"target\":{\"@type\":\"EntryPoint\",\"urlTemplate\":\"https:\\\/\\\/www.laguiadepamplona.com\\\/actualidad\\\/?s={search_term_string}\"},\"query-input\":{\"@type\":\"PropertyValueSpecification\",\"valueRequired\":true,\"valueName\":\"search_term_string\"}}],\"inLanguage\":\"es\"},{\"@type\":\"Organization\",\"@id\":\"https:\\\/\\\/www.laguiadepamplona.com\\\/actualidad\\\/#organization\",\"name\":\"La Gu\u00eda de Pamplona \\\/ Noticias\",\"url\":\"https:\\\/\\\/www.laguiadepamplona.com\\\/actualidad\\\/\",\"logo\":{\"@type\":\"ImageObject\",\"inLanguage\":\"es\",\"@id\":\"https:\\\/\\\/www.laguiadepamplona.com\\\/actualidad\\\/#\\\/schema\\\/logo\\\/image\\\/\",\"url\":\"https:\\\/\\\/www.laguiadepamplona.com\\\/actualidad\\\/wp-content\\\/uploads\\\/2018\\\/11\\\/logo-laguiadepamplona18-web1.png\",\"contentUrl\":\"https:\\\/\\\/www.laguiadepamplona.com\\\/actualidad\\\/wp-content\\\/uploads\\\/2018\\\/11\\\/logo-laguiadepamplona18-web1.png\",\"width\":600,\"height\":196,\"caption\":\"La Gu\u00eda de Pamplona \\\/ Noticias\"},\"image\":{\"@id\":\"https:\\\/\\\/www.laguiadepamplona.com\\\/actualidad\\\/#\\\/schema\\\/logo\\\/image\\\/\"},\"sameAs\":[\"https:\\\/\\\/www.facebook.com\\\/laguiadepamplonacom-133175176762273\\\/?ref=hl\",\"https:\\\/\\\/x.com\\\/LaGuiadPamplona\",\"https:\\\/\\\/www.instagram.com\\\/la_guia_de_pamplona\\\/\",\"https:\\\/\\\/www.youtube.com\\\/user\\\/laguiadepamplona\"]},{\"@type\":\"Person\",\"@id\":\"https:\\\/\\\/www.laguiadepamplona.com\\\/actualidad\\\/#\\\/schema\\\/person\\\/efe887376f0213d4657c93adc50b1fdb\",\"name\":\"La Gu\u00eda de Pamplona\",\"image\":{\"@type\":\"ImageObject\",\"inLanguage\":\"es\",\"@id\":\"https:\\\/\\\/secure.gravatar.com\\\/avatar\\\/b6992f131dc8d30ab0dff15446e9d346d9dbd95992de0fef795073f5ea83a81c?s=96&d=mm&r=g\",\"url\":\"https:\\\/\\\/secure.gravatar.com\\\/avatar\\\/b6992f131dc8d30ab0dff15446e9d346d9dbd95992de0fef795073f5ea83a81c?s=96&d=mm&r=g\",\"contentUrl\":\"https:\\\/\\\/secure.gravatar.com\\\/avatar\\\/b6992f131dc8d30ab0dff15446e9d346d9dbd95992de0fef795073f5ea83a81c?s=96&d=mm&r=g\",\"caption\":\"La Gu\u00eda de Pamplona\"}}]}<\/script>\n<!-- \/ Yoast SEO plugin. -->","yoast_head_json":{"title":"Una expedici\u00f3n navarra a Groenlandia con esqu\u00eds y cometas centrar\u00e1 la conferencia de este jueves en Civivox Mendillorri del ciclo sobre otras formas de aventura","robots":{"index":"index","follow":"follow","max-snippet":"max-snippet:-1","max-image-preview":"max-image-preview:large","max-video-preview":"max-video-preview:-1"},"canonical":"https:\/\/www.laguiadepamplona.com\/actualidad\/una-expedicion-navarra-a-groenlandia-con-esquis-y-cometas-centrara-la-conferencia-de-este-jueves-en-civivox-mendillorri-del-ciclo-sobre-otras-formas-de-aventura\/","og_locale":"es_ES","og_type":"article","og_title":"Una expedici\u00f3n navarra a Groenlandia con esqu\u00eds y cometas centrar\u00e1 la conferencia de este jueves en Civivox Mendillorri del ciclo sobre otras formas de aventura","og_description":"La charla la impartir\u00e1 Fernando Belzunce y dar\u00e1 comienzo a las 19.30 horas, con entrada libre previa retirada de invitaci\u00f3n","og_url":"https:\/\/www.laguiadepamplona.com\/actualidad\/una-expedicion-navarra-a-groenlandia-con-esquis-y-cometas-centrara-la-conferencia-de-este-jueves-en-civivox-mendillorri-del-ciclo-sobre-otras-formas-de-aventura\/","og_site_name":"La Gu\u00eda de Pamplona","article_publisher":"https:\/\/www.facebook.com\/laguiadepamplonacom-133175176762273\/?ref=hl","article_published_time":"2016-11-16T10:36:51+00:00","article_modified_time":"2016-12-09T10:37:39+00:00","og_image":[{"width":870,"height":390,"url":"https:\/\/www.laguiadepamplona.com\/actualidad\/wp-content\/uploads\/2016\/12\/civivox-mendillorri.jpg","type":"image\/jpeg"}],"author":"La Gu\u00eda de Pamplona","twitter_card":"summary_large_image","twitter_creator":"@LaGuiadPamplona","twitter_site":"@LaGuiadPamplona","twitter_misc":{"Escrito por":"La Gu\u00eda de Pamplona","Tiempo de lectura":"2 minutos"},"schema":{"@context":"https:\/\/schema.org","@graph":[{"@type":"Article","@id":"https:\/\/www.laguiadepamplona.com\/actualidad\/una-expedicion-navarra-a-groenlandia-con-esquis-y-cometas-centrara-la-conferencia-de-este-jueves-en-civivox-mendillorri-del-ciclo-sobre-otras-formas-de-aventura\/#article","isPartOf":{"@id":"https:\/\/www.laguiadepamplona.com\/actualidad\/una-expedicion-navarra-a-groenlandia-con-esquis-y-cometas-centrara-la-conferencia-de-este-jueves-en-civivox-mendillorri-del-ciclo-sobre-otras-formas-de-aventura\/"},"author":{"name":"La Gu\u00eda de Pamplona","@id":"https:\/\/www.laguiadepamplona.com\/actualidad\/#\/schema\/person\/efe887376f0213d4657c93adc50b1fdb"},"headline":"Una expedici\u00f3n navarra a Groenlandia con esqu\u00eds y cometas centrar\u00e1 la conferencia de este jueves en Civivox Mendillorri del ciclo sobre otras formas de aventura","datePublished":"2016-11-16T10:36:51+00:00","dateModified":"2016-12-09T10:37:39+00:00","mainEntityOfPage":{"@id":"https:\/\/www.laguiadepamplona.com\/actualidad\/una-expedicion-navarra-a-groenlandia-con-esquis-y-cometas-centrara-la-conferencia-de-este-jueves-en-civivox-mendillorri-del-ciclo-sobre-otras-formas-de-aventura\/"},"wordCount":344,"publisher":{"@id":"https:\/\/www.laguiadepamplona.com\/actualidad\/#organization"},"image":{"@id":"https:\/\/www.laguiadepamplona.com\/actualidad\/una-expedicion-navarra-a-groenlandia-con-esquis-y-cometas-centrara-la-conferencia-de-este-jueves-en-civivox-mendillorri-del-ciclo-sobre-otras-formas-de-aventura\/#primaryimage"},"thumbnailUrl":"https:\/\/www.laguiadepamplona.com\/actualidad\/wp-content\/uploads\/2016\/12\/civivox-mendillorri.jpg","articleSection":["Ayto Pamplona"],"inLanguage":"es"},{"@type":"WebPage","@id":"https:\/\/www.laguiadepamplona.com\/actualidad\/una-expedicion-navarra-a-groenlandia-con-esquis-y-cometas-centrara-la-conferencia-de-este-jueves-en-civivox-mendillorri-del-ciclo-sobre-otras-formas-de-aventura\/","url":"https:\/\/www.laguiadepamplona.com\/actualidad\/una-expedicion-navarra-a-groenlandia-con-esquis-y-cometas-centrara-la-conferencia-de-este-jueves-en-civivox-mendillorri-del-ciclo-sobre-otras-formas-de-aventura\/","name":"Una expedici\u00f3n navarra a Groenlandia con esqu\u00eds y cometas centrar\u00e1 la conferencia de este jueves en Civivox Mendillorri del ciclo sobre otras formas de aventura","isPartOf":{"@id":"https:\/\/www.laguiadepamplona.com\/actualidad\/#website"},"primaryImageOfPage":{"@id":"https:\/\/www.laguiadepamplona.com\/actualidad\/una-expedicion-navarra-a-groenlandia-con-esquis-y-cometas-centrara-la-conferencia-de-este-jueves-en-civivox-mendillorri-del-ciclo-sobre-otras-formas-de-aventura\/#primaryimage"},"image":{"@id":"https:\/\/www.laguiadepamplona.com\/actualidad\/una-expedicion-navarra-a-groenlandia-con-esquis-y-cometas-centrara-la-conferencia-de-este-jueves-en-civivox-mendillorri-del-ciclo-sobre-otras-formas-de-aventura\/#primaryimage"},"thumbnailUrl":"https:\/\/www.laguiadepamplona.com\/actualidad\/wp-content\/uploads\/2016\/12\/civivox-mendillorri.jpg","datePublished":"2016-11-16T10:36:51+00:00","dateModified":"2016-12-09T10:37:39+00:00","breadcrumb":{"@id":"https:\/\/www.laguiadepamplona.com\/actualidad\/una-expedicion-navarra-a-groenlandia-con-esquis-y-cometas-centrara-la-conferencia-de-este-jueves-en-civivox-mendillorri-del-ciclo-sobre-otras-formas-de-aventura\/#breadcrumb"},"inLanguage":"es","potentialAction":[{"@type":"ReadAction","target":["https:\/\/www.laguiadepamplona.com\/actualidad\/una-expedicion-navarra-a-groenlandia-con-esquis-y-cometas-centrara-la-conferencia-de-este-jueves-en-civivox-mendillorri-del-ciclo-sobre-otras-formas-de-aventura\/"]}]},{"@type":"ImageObject","inLanguage":"es","@id":"https:\/\/www.laguiadepamplona.com\/actualidad\/una-expedicion-navarra-a-groenlandia-con-esquis-y-cometas-centrara-la-conferencia-de-este-jueves-en-civivox-mendillorri-del-ciclo-sobre-otras-formas-de-aventura\/#primaryimage","url":"https:\/\/www.laguiadepamplona.com\/actualidad\/wp-content\/uploads\/2016\/12\/civivox-mendillorri.jpg","contentUrl":"https:\/\/www.laguiadepamplona.com\/actualidad\/wp-content\/uploads\/2016\/12\/civivox-mendillorri.jpg","width":870,"height":390},{"@type":"BreadcrumbList","@id":"https:\/\/www.laguiadepamplona.com\/actualidad\/una-expedicion-navarra-a-groenlandia-con-esquis-y-cometas-centrara-la-conferencia-de-este-jueves-en-civivox-mendillorri-del-ciclo-sobre-otras-formas-de-aventura\/#breadcrumb","itemListElement":[{"@type":"ListItem","position":1,"name":"Portada","item":"https:\/\/www.laguiadepamplona.com\/actualidad\/"},{"@type":"ListItem","position":2,"name":"Una expedici\u00f3n navarra a Groenlandia con esqu\u00eds y cometas centrar\u00e1 la conferencia de este jueves en Civivox Mendillorri del ciclo sobre otras formas de aventura"}]},{"@type":"WebSite","@id":"https:\/\/www.laguiadepamplona.com\/actualidad\/#website","url":"https:\/\/www.laguiadepamplona.com\/actualidad\/","name":"La gu\u00eda de Pamplona","description":"Noticias de Pamplona","publisher":{"@id":"https:\/\/www.laguiadepamplona.com\/actualidad\/#organization"},"potentialAction":[{"@type":"SearchAction","target":{"@type":"EntryPoint","urlTemplate":"https:\/\/www.laguiadepamplona.com\/actualidad\/?s={search_term_string}"},"query-input":{"@type":"PropertyValueSpecification","valueRequired":true,"valueName":"search_term_string"}}],"inLanguage":"es"},{"@type":"Organization","@id":"https:\/\/www.laguiadepamplona.com\/actualidad\/#organization","name":"La Gu\u00eda de Pamplona \/ Noticias","url":"https:\/\/www.laguiadepamplona.com\/actualidad\/","logo":{"@type":"ImageObject","inLanguage":"es","@id":"https:\/\/www.laguiadepamplona.com\/actualidad\/#\/schema\/logo\/image\/","url":"https:\/\/www.laguiadepamplona.com\/actualidad\/wp-content\/uploads\/2018\/11\/logo-laguiadepamplona18-web1.png","contentUrl":"https:\/\/www.laguiadepamplona.com\/actualidad\/wp-content\/uploads\/2018\/11\/logo-laguiadepamplona18-web1.png","width":600,"height":196,"caption":"La Gu\u00eda de Pamplona \/ Noticias"},"image":{"@id":"https:\/\/www.laguiadepamplona.com\/actualidad\/#\/schema\/logo\/image\/"},"sameAs":["https:\/\/www.facebook.com\/laguiadepamplonacom-133175176762273\/?ref=hl","https:\/\/x.com\/LaGuiadPamplona","https:\/\/www.instagram.com\/la_guia_de_pamplona\/","https:\/\/www.youtube.com\/user\/laguiadepamplona"]},{"@type":"Person","@id":"https:\/\/www.laguiadepamplona.com\/actualidad\/#\/schema\/person\/efe887376f0213d4657c93adc50b1fdb","name":"La Gu\u00eda de Pamplona","image":{"@type":"ImageObject","inLanguage":"es","@id":"https:\/\/secure.gravatar.com\/avatar\/b6992f131dc8d30ab0dff15446e9d346d9dbd95992de0fef795073f5ea83a81c?s=96&d=mm&r=g","url":"https:\/\/secure.gravatar.com\/avatar\/b6992f131dc8d30ab0dff15446e9d346d9dbd95992de0fef795073f5ea83a81c?s=96&d=mm&r=g","contentUrl":"https:\/\/secure.gravatar.com\/avatar\/b6992f131dc8d30ab0dff15446e9d346d9dbd95992de0fef795073f5ea83a81c?s=96&d=mm&r=g","caption":"La Gu\u00eda de Pamplona"}}]}},"post_mailing_queue_ids":[],"_links":{"self":[{"href":"https:\/\/www.laguiadepamplona.com\/actualidad\/wp-json\/wp\/v2\/posts\/11304","targetHints":{"allow":["GET"]}}],"collection":[{"href":"https:\/\/www.laguiadepamplona.com\/actualidad\/wp-json\/wp\/v2\/posts"}],"about":[{"href":"https:\/\/www.laguiadepamplona.com\/actualidad\/wp-json\/wp\/v2\/types\/post"}],"author":[{"embeddable":true,"href":"https:\/\/www.laguiadepamplona.com\/actualidad\/wp-json\/wp\/v2\/users\/1"}],"replies":[{"embeddable":true,"href":"https:\/\/www.laguiadepamplona.com\/actualidad\/wp-json\/wp\/v2\/comments?post=11304"}],"version-history":[{"count":0,"href":"https:\/\/www.laguiadepamplona.com\/actualidad\/wp-json\/wp\/v2\/posts\/11304\/revisions"}],"wp:featuredmedia":[{"embeddable":true,"href":"https:\/\/www.laguiadepamplona.com\/actualidad\/wp-json\/wp\/v2\/media\/11011"}],"wp:attachment":[{"href":"https:\/\/www.laguiadepamplona.com\/actualidad\/wp-json\/wp\/v2\/media?parent=11304"}],"wp:term":[{"taxonomy":"category","embeddable":true,"href":"https:\/\/www.laguiadepamplona.com\/actualidad\/wp-json\/wp\/v2\/categories?post=11304"},{"taxonomy":"post_tag","embeddable":true,"href":"https:\/\/www.laguiadepamplona.com\/actualidad\/wp-json\/wp\/v2\/tags?post=11304"}],"curies":[{"name":"wp","href":"https:\/\/api.w.org\/{rel}","templated":true}]}}