{"id":11302,"date":"2016-11-15T11:35:38","date_gmt":"2016-11-15T10:35:38","guid":{"rendered":"http:\/\/laguiadepamplona.es\/actualidad\/?p=11302"},"modified":"2016-12-09T11:36:16","modified_gmt":"2016-12-09T10:36:16","slug":"las-jornadas-enredate-en-san-jorge-sanduzelai-centradas-en-menores-jovenes-y-familias-abordan-temas-como-el-buen-trato-derechos-infantiles-y-deseos-de-futuro","status":"publish","type":"post","link":"https:\/\/www.laguiadepamplona.com\/actualidad\/las-jornadas-enredate-en-san-jorge-sanduzelai-centradas-en-menores-jovenes-y-familias-abordan-temas-como-el-buen-trato-derechos-infantiles-y-deseos-de-futuro\/","title":{"rendered":"Las jornadas \u2018EnREDate en San Jorge-Sanduzelai\u2019, centradas en menores, j\u00f3venes y familias, abordan temas como el buen trato, derechos infantiles y deseos de futuro"},"content":{"rendered":"<h3>Las tardes del 16, 17 y 18 de noviembre habr\u00e1 charlas y actividades y se compartir\u00e1n experiencias en la biblioteca y Civivox San Jorge.<\/h3>\n<p><!--more--><\/p>\n<p>Las jornadas \u2018EnREDate en San Jorge-Sanduzelai\u2019, que se van a celebrar del 16 al 18 de noviembre, abordar\u00e1n, tomando a menores y j\u00f3venes del barrio y a sus familias como protagonistas, temas relacionados con el buen trato, los derechos de la infancia, la prevenci\u00f3n, los recursos existentes, las actuaciones que se realizan en San Jorge y el futuro hacia donde se quiere ir. Ofrecer\u00e1n charlas y actividades complementarias y se compartir\u00e1n experiencias las tardes del 16, 17 y 18 de noviembre, de 17.30 a 19.30 horas, en la biblioteca y en Civivox San Jorge adem\u00e1s de en algunas calles y plazas.<\/p>\n<p>Las jornadas han sido propuestas por la Universidad Popular de Sandizelai y organizadas desde la Red de Infancia y Juventud de San Jorge-Sanduzelai, compuesta por profesionales de m\u00e1s de 15 entidades de educaci\u00f3n, salud, asociaciones comunitarias, unidad de barrio, etc. Estar\u00e1n abiertas a la participaci\u00f3n de las personas del barrio y de los colectivos y profesionales que en \u00e9l trabajan adem\u00e1s de quien quiera acercarse de otras zonas de la ciudad.<\/p>\n<p>La organizaci\u00f3n de la actividad surgi\u00f3 a ra\u00edz de los diferentes encuentros que mantienen las distintas entidades e instituciones que trabajan en el barrio con las personas que en \u00e9l conviven y en los que se detect\u00f3 la necesidad de crear espacios donde trabajando en \u2018Red\u2019 les ayudar\u00eda a visibilizar, entender y mejorar la situaci\u00f3n de la infancia, juventud y de las familias del barrio. El objetivo de estas jornadas es tambi\u00e9n el poder presentar y exponer el gran potencial educativo, social y comunitario existente.<\/p>\n<p>Se ha elegido esta fecha porque coincide con el D\u00eda Internacional de los Derechos de los Ni\u00f1os, Ni\u00f1as y Adolescentes que se conmemora el 20 de noviembre. Ser\u00e1 una oportunidad para poner en com\u00fan las formas de entender el trabajo de distintas entidades y lograr sinergias de colaboraci\u00f3n participativas entre ellas teniendo en cuenta las necesidades de menores, j\u00f3venes y sus familias que, adem\u00e1s de esta forma, conocer\u00e1n las acciones que se realizan y los recursos con los que cuentan.<\/p>\n<p>Las actividades comenzar\u00e1n el mi\u00e9rcoles 16 de noviembre con la presentaci\u00f3n, en el sal\u00f3n de actos de Civivox San Jorge, de experiencias con menores del barrio de alumnado ayudante, equipos de mediaci\u00f3n del instituto y Umevisi\u00f3n. Como el resto de actividades se desarrollar\u00e1 de cinco y media a siete y media de la tarde. Al d\u00eda siguiente se compartir\u00e1n las vivencias de varias familias que contar\u00e1n su \u2018d\u00eda a d\u00eda\u2019 en la Biblioteca P\u00fablica de San Jorge. Por \u00faltimo, el viernes 18, se realizar\u00e1 una reflexi\u00f3n sobre \u2018el barrio que tenemos y el que queremos\u2019 desde una perspectiva de los derechos de la Infancia. Para finalizar, habr\u00e1 una fiesta con chocolatada. Paralelamente, las tres tardes Civivox San Jorge acoger\u00e1 una exposici\u00f3n de trabajos infantiles en el que aparecer\u00e1n plasmados sus sue\u00f1os y sus deseos.<\/p>\n<p>&nbsp;<\/p>\n<p><strong>Jornadas de infancia y juventud en San Jorge \/ Sanduzelai<\/strong><\/p>\n<ul>\n<li><strong>16 de noviembre <\/strong><\/li>\n<li>Experiencias de participaci\u00f3n. Sal\u00f3n de actos Civivox San Jorge<\/li>\n<li>17:30 horas. Presentaci\u00f3n de las jornadas<\/li>\n<li>18:00 horas. Experiencias con menores y adolescentes del barrio: alumnado ayudante, mediaci\u00f3n en el instituto y Umevisi\u00f3n<\/li>\n<li><strong>17 de noviembre<\/strong><\/li>\n<li>Charlando en casa: las familias hablan. Biblioteca de Civivox San Jorge<\/li>\n<li>De 17:30 a 19:30 horas. Familias del barrio y multiculturalidad<\/li>\n<li><strong>18 de noviembre<\/strong><\/li>\n<li>El barrio que tenemos y el barrio que queremos. Sal\u00f3n de actos Civivox San Jorge<\/li>\n<li>De 17:30 a 19:30 horas. Mesa redonda y debate con UNICEF, Erdigune, Javier Gorr\u00e1iz, y Red de Infancia y Juventud San Jorge &#8211; Sanduzelai.<\/li>\n<li>De 19:30 a 21 horas. Clausura de jornadas con kalejira y chocolatada<\/li>\n<li><strong>Del 16 al 18 de noviembre<\/strong><\/li>\n<li>Exposici\u00f3n de trabajos infantiles con sue\u00f1os y deseos<\/li>\n<\/ul>\n<p>&nbsp;<\/p>\n","protected":false},"excerpt":{"rendered":"<p>Las tardes del 16, 17 y 18 de noviembre habr\u00e1 charlas y actividades y se compartir\u00e1n experiencias en la biblioteca y Civivox San Jorge.<\/p>\n","protected":false},"author":1,"featured_media":11047,"comment_status":"closed","ping_status":"closed","sticky":false,"template":"","format":"standard","meta":{"footnotes":""},"categories":[2],"tags":[],"class_list":["post-11302","post","type-post","status-publish","format-standard","has-post-thumbnail","hentry","category-ayuntamiento-pamplona"],"yoast_head":"<!-- This site is optimized with the Yoast SEO plugin v27.5 - https:\/\/yoast.com\/product\/yoast-seo-wordpress\/ -->\n<title>Las jornadas \u2018EnREDate en San Jorge-Sanduzelai\u2019, centradas en menores, j\u00f3venes y familias, abordan temas como el buen trato, derechos infantiles y deseos de futuro<\/title>\n<meta name=\"robots\" content=\"index, follow, max-snippet:-1, max-image-preview:large, max-video-preview:-1\" \/>\n<link rel=\"canonical\" href=\"https:\/\/www.laguiadepamplona.com\/actualidad\/las-jornadas-enredate-en-san-jorge-sanduzelai-centradas-en-menores-jovenes-y-familias-abordan-temas-como-el-buen-trato-derechos-infantiles-y-deseos-de-futuro\/\" \/>\n<meta property=\"og:locale\" content=\"es_ES\" \/>\n<meta property=\"og:type\" content=\"article\" \/>\n<meta property=\"og:title\" content=\"Las jornadas \u2018EnREDate en San Jorge-Sanduzelai\u2019, centradas en menores, j\u00f3venes y familias, abordan temas como el buen trato, derechos infantiles y deseos de futuro\" \/>\n<meta property=\"og:description\" content=\"Las tardes del 16, 17 y 18 de noviembre habr\u00e1 charlas y actividades y se compartir\u00e1n experiencias en la biblioteca y Civivox San Jorge.\" \/>\n<meta property=\"og:url\" content=\"https:\/\/www.laguiadepamplona.com\/actualidad\/las-jornadas-enredate-en-san-jorge-sanduzelai-centradas-en-menores-jovenes-y-familias-abordan-temas-como-el-buen-trato-derechos-infantiles-y-deseos-de-futuro\/\" \/>\n<meta property=\"og:site_name\" content=\"La Gu\u00eda de Pamplona\" \/>\n<meta property=\"article:publisher\" content=\"https:\/\/www.facebook.com\/laguiadepamplonacom-133175176762273\/?ref=hl\" \/>\n<meta property=\"article:published_time\" content=\"2016-11-15T10:35:38+00:00\" \/>\n<meta property=\"article:modified_time\" content=\"2016-12-09T10:36:16+00:00\" \/>\n<meta property=\"og:image\" content=\"https:\/\/www.laguiadepamplona.com\/actualidad\/wp-content\/uploads\/2016\/12\/civivox-san-jorge.jpg\" \/>\n\t<meta property=\"og:image:width\" content=\"900\" \/>\n\t<meta property=\"og:image:height\" content=\"675\" \/>\n\t<meta property=\"og:image:type\" content=\"image\/jpeg\" \/>\n<meta name=\"author\" content=\"La Gu\u00eda de Pamplona\" \/>\n<meta name=\"twitter:card\" content=\"summary_large_image\" \/>\n<meta name=\"twitter:creator\" content=\"@LaGuiadPamplona\" \/>\n<meta name=\"twitter:site\" content=\"@LaGuiadPamplona\" \/>\n<meta name=\"twitter:label1\" content=\"Escrito por\" \/>\n\t<meta name=\"twitter:data1\" content=\"La Gu\u00eda de Pamplona\" \/>\n\t<meta name=\"twitter:label2\" content=\"Tiempo de lectura\" \/>\n\t<meta name=\"twitter:data2\" content=\"3 minutos\" \/>\n<script type=\"application\/ld+json\" class=\"yoast-schema-graph\">{\"@context\":\"https:\\\/\\\/schema.org\",\"@graph\":[{\"@type\":\"Article\",\"@id\":\"https:\\\/\\\/www.laguiadepamplona.com\\\/actualidad\\\/las-jornadas-enredate-en-san-jorge-sanduzelai-centradas-en-menores-jovenes-y-familias-abordan-temas-como-el-buen-trato-derechos-infantiles-y-deseos-de-futuro\\\/#article\",\"isPartOf\":{\"@id\":\"https:\\\/\\\/www.laguiadepamplona.com\\\/actualidad\\\/las-jornadas-enredate-en-san-jorge-sanduzelai-centradas-en-menores-jovenes-y-familias-abordan-temas-como-el-buen-trato-derechos-infantiles-y-deseos-de-futuro\\\/\"},\"author\":{\"name\":\"La Gu\u00eda de Pamplona\",\"@id\":\"https:\\\/\\\/www.laguiadepamplona.com\\\/actualidad\\\/#\\\/schema\\\/person\\\/efe887376f0213d4657c93adc50b1fdb\"},\"headline\":\"Las jornadas \u2018EnREDate en San Jorge-Sanduzelai\u2019, centradas en menores, j\u00f3venes y familias, abordan temas como el buen trato, derechos infantiles y deseos de futuro\",\"datePublished\":\"2016-11-15T10:35:38+00:00\",\"dateModified\":\"2016-12-09T10:36:16+00:00\",\"mainEntityOfPage\":{\"@id\":\"https:\\\/\\\/www.laguiadepamplona.com\\\/actualidad\\\/las-jornadas-enredate-en-san-jorge-sanduzelai-centradas-en-menores-jovenes-y-familias-abordan-temas-como-el-buen-trato-derechos-infantiles-y-deseos-de-futuro\\\/\"},\"wordCount\":681,\"publisher\":{\"@id\":\"https:\\\/\\\/www.laguiadepamplona.com\\\/actualidad\\\/#organization\"},\"image\":{\"@id\":\"https:\\\/\\\/www.laguiadepamplona.com\\\/actualidad\\\/las-jornadas-enredate-en-san-jorge-sanduzelai-centradas-en-menores-jovenes-y-familias-abordan-temas-como-el-buen-trato-derechos-infantiles-y-deseos-de-futuro\\\/#primaryimage\"},\"thumbnailUrl\":\"https:\\\/\\\/www.laguiadepamplona.com\\\/actualidad\\\/wp-content\\\/uploads\\\/2016\\\/12\\\/civivox-san-jorge.jpg\",\"articleSection\":[\"Ayto Pamplona\"],\"inLanguage\":\"es\"},{\"@type\":\"WebPage\",\"@id\":\"https:\\\/\\\/www.laguiadepamplona.com\\\/actualidad\\\/las-jornadas-enredate-en-san-jorge-sanduzelai-centradas-en-menores-jovenes-y-familias-abordan-temas-como-el-buen-trato-derechos-infantiles-y-deseos-de-futuro\\\/\",\"url\":\"https:\\\/\\\/www.laguiadepamplona.com\\\/actualidad\\\/las-jornadas-enredate-en-san-jorge-sanduzelai-centradas-en-menores-jovenes-y-familias-abordan-temas-como-el-buen-trato-derechos-infantiles-y-deseos-de-futuro\\\/\",\"name\":\"Las jornadas \u2018EnREDate en San Jorge-Sanduzelai\u2019, centradas en menores, j\u00f3venes y familias, abordan temas como el buen trato, derechos infantiles y deseos de futuro\",\"isPartOf\":{\"@id\":\"https:\\\/\\\/www.laguiadepamplona.com\\\/actualidad\\\/#website\"},\"primaryImageOfPage\":{\"@id\":\"https:\\\/\\\/www.laguiadepamplona.com\\\/actualidad\\\/las-jornadas-enredate-en-san-jorge-sanduzelai-centradas-en-menores-jovenes-y-familias-abordan-temas-como-el-buen-trato-derechos-infantiles-y-deseos-de-futuro\\\/#primaryimage\"},\"image\":{\"@id\":\"https:\\\/\\\/www.laguiadepamplona.com\\\/actualidad\\\/las-jornadas-enredate-en-san-jorge-sanduzelai-centradas-en-menores-jovenes-y-familias-abordan-temas-como-el-buen-trato-derechos-infantiles-y-deseos-de-futuro\\\/#primaryimage\"},\"thumbnailUrl\":\"https:\\\/\\\/www.laguiadepamplona.com\\\/actualidad\\\/wp-content\\\/uploads\\\/2016\\\/12\\\/civivox-san-jorge.jpg\",\"datePublished\":\"2016-11-15T10:35:38+00:00\",\"dateModified\":\"2016-12-09T10:36:16+00:00\",\"breadcrumb\":{\"@id\":\"https:\\\/\\\/www.laguiadepamplona.com\\\/actualidad\\\/las-jornadas-enredate-en-san-jorge-sanduzelai-centradas-en-menores-jovenes-y-familias-abordan-temas-como-el-buen-trato-derechos-infantiles-y-deseos-de-futuro\\\/#breadcrumb\"},\"inLanguage\":\"es\",\"potentialAction\":[{\"@type\":\"ReadAction\",\"target\":[\"https:\\\/\\\/www.laguiadepamplona.com\\\/actualidad\\\/las-jornadas-enredate-en-san-jorge-sanduzelai-centradas-en-menores-jovenes-y-familias-abordan-temas-como-el-buen-trato-derechos-infantiles-y-deseos-de-futuro\\\/\"]}]},{\"@type\":\"ImageObject\",\"inLanguage\":\"es\",\"@id\":\"https:\\\/\\\/www.laguiadepamplona.com\\\/actualidad\\\/las-jornadas-enredate-en-san-jorge-sanduzelai-centradas-en-menores-jovenes-y-familias-abordan-temas-como-el-buen-trato-derechos-infantiles-y-deseos-de-futuro\\\/#primaryimage\",\"url\":\"https:\\\/\\\/www.laguiadepamplona.com\\\/actualidad\\\/wp-content\\\/uploads\\\/2016\\\/12\\\/civivox-san-jorge.jpg\",\"contentUrl\":\"https:\\\/\\\/www.laguiadepamplona.com\\\/actualidad\\\/wp-content\\\/uploads\\\/2016\\\/12\\\/civivox-san-jorge.jpg\",\"width\":900,\"height\":675},{\"@type\":\"BreadcrumbList\",\"@id\":\"https:\\\/\\\/www.laguiadepamplona.com\\\/actualidad\\\/las-jornadas-enredate-en-san-jorge-sanduzelai-centradas-en-menores-jovenes-y-familias-abordan-temas-como-el-buen-trato-derechos-infantiles-y-deseos-de-futuro\\\/#breadcrumb\",\"itemListElement\":[{\"@type\":\"ListItem\",\"position\":1,\"name\":\"Portada\",\"item\":\"https:\\\/\\\/www.laguiadepamplona.com\\\/actualidad\\\/\"},{\"@type\":\"ListItem\",\"position\":2,\"name\":\"Las jornadas \u2018EnREDate en San Jorge-Sanduzelai\u2019, centradas en menores, j\u00f3venes y familias, abordan temas como el buen trato, derechos infantiles y deseos de futuro\"}]},{\"@type\":\"WebSite\",\"@id\":\"https:\\\/\\\/www.laguiadepamplona.com\\\/actualidad\\\/#website\",\"url\":\"https:\\\/\\\/www.laguiadepamplona.com\\\/actualidad\\\/\",\"name\":\"La gu\u00eda de Pamplona\",\"description\":\"Noticias de Pamplona\",\"publisher\":{\"@id\":\"https:\\\/\\\/www.laguiadepamplona.com\\\/actualidad\\\/#organization\"},\"potentialAction\":[{\"@type\":\"SearchAction\",\"target\":{\"@type\":\"EntryPoint\",\"urlTemplate\":\"https:\\\/\\\/www.laguiadepamplona.com\\\/actualidad\\\/?s={search_term_string}\"},\"query-input\":{\"@type\":\"PropertyValueSpecification\",\"valueRequired\":true,\"valueName\":\"search_term_string\"}}],\"inLanguage\":\"es\"},{\"@type\":\"Organization\",\"@id\":\"https:\\\/\\\/www.laguiadepamplona.com\\\/actualidad\\\/#organization\",\"name\":\"La Gu\u00eda de Pamplona \\\/ Noticias\",\"url\":\"https:\\\/\\\/www.laguiadepamplona.com\\\/actualidad\\\/\",\"logo\":{\"@type\":\"ImageObject\",\"inLanguage\":\"es\",\"@id\":\"https:\\\/\\\/www.laguiadepamplona.com\\\/actualidad\\\/#\\\/schema\\\/logo\\\/image\\\/\",\"url\":\"https:\\\/\\\/www.laguiadepamplona.com\\\/actualidad\\\/wp-content\\\/uploads\\\/2018\\\/11\\\/logo-laguiadepamplona18-web1.png\",\"contentUrl\":\"https:\\\/\\\/www.laguiadepamplona.com\\\/actualidad\\\/wp-content\\\/uploads\\\/2018\\\/11\\\/logo-laguiadepamplona18-web1.png\",\"width\":600,\"height\":196,\"caption\":\"La Gu\u00eda de Pamplona \\\/ Noticias\"},\"image\":{\"@id\":\"https:\\\/\\\/www.laguiadepamplona.com\\\/actualidad\\\/#\\\/schema\\\/logo\\\/image\\\/\"},\"sameAs\":[\"https:\\\/\\\/www.facebook.com\\\/laguiadepamplonacom-133175176762273\\\/?ref=hl\",\"https:\\\/\\\/x.com\\\/LaGuiadPamplona\",\"https:\\\/\\\/www.instagram.com\\\/la_guia_de_pamplona\\\/\",\"https:\\\/\\\/www.youtube.com\\\/user\\\/laguiadepamplona\"]},{\"@type\":\"Person\",\"@id\":\"https:\\\/\\\/www.laguiadepamplona.com\\\/actualidad\\\/#\\\/schema\\\/person\\\/efe887376f0213d4657c93adc50b1fdb\",\"name\":\"La Gu\u00eda de Pamplona\",\"image\":{\"@type\":\"ImageObject\",\"inLanguage\":\"es\",\"@id\":\"https:\\\/\\\/secure.gravatar.com\\\/avatar\\\/b6992f131dc8d30ab0dff15446e9d346d9dbd95992de0fef795073f5ea83a81c?s=96&d=mm&r=g\",\"url\":\"https:\\\/\\\/secure.gravatar.com\\\/avatar\\\/b6992f131dc8d30ab0dff15446e9d346d9dbd95992de0fef795073f5ea83a81c?s=96&d=mm&r=g\",\"contentUrl\":\"https:\\\/\\\/secure.gravatar.com\\\/avatar\\\/b6992f131dc8d30ab0dff15446e9d346d9dbd95992de0fef795073f5ea83a81c?s=96&d=mm&r=g\",\"caption\":\"La Gu\u00eda de Pamplona\"}}]}<\/script>\n<!-- \/ Yoast SEO plugin. -->","yoast_head_json":{"title":"Las jornadas \u2018EnREDate en San Jorge-Sanduzelai\u2019, centradas en menores, j\u00f3venes y familias, abordan temas como el buen trato, derechos infantiles y deseos de futuro","robots":{"index":"index","follow":"follow","max-snippet":"max-snippet:-1","max-image-preview":"max-image-preview:large","max-video-preview":"max-video-preview:-1"},"canonical":"https:\/\/www.laguiadepamplona.com\/actualidad\/las-jornadas-enredate-en-san-jorge-sanduzelai-centradas-en-menores-jovenes-y-familias-abordan-temas-como-el-buen-trato-derechos-infantiles-y-deseos-de-futuro\/","og_locale":"es_ES","og_type":"article","og_title":"Las jornadas \u2018EnREDate en San Jorge-Sanduzelai\u2019, centradas en menores, j\u00f3venes y familias, abordan temas como el buen trato, derechos infantiles y deseos de futuro","og_description":"Las tardes del 16, 17 y 18 de noviembre habr\u00e1 charlas y actividades y se compartir\u00e1n experiencias en la biblioteca y Civivox San Jorge.","og_url":"https:\/\/www.laguiadepamplona.com\/actualidad\/las-jornadas-enredate-en-san-jorge-sanduzelai-centradas-en-menores-jovenes-y-familias-abordan-temas-como-el-buen-trato-derechos-infantiles-y-deseos-de-futuro\/","og_site_name":"La Gu\u00eda de Pamplona","article_publisher":"https:\/\/www.facebook.com\/laguiadepamplonacom-133175176762273\/?ref=hl","article_published_time":"2016-11-15T10:35:38+00:00","article_modified_time":"2016-12-09T10:36:16+00:00","og_image":[{"width":900,"height":675,"url":"https:\/\/www.laguiadepamplona.com\/actualidad\/wp-content\/uploads\/2016\/12\/civivox-san-jorge.jpg","type":"image\/jpeg"}],"author":"La Gu\u00eda de Pamplona","twitter_card":"summary_large_image","twitter_creator":"@LaGuiadPamplona","twitter_site":"@LaGuiadPamplona","twitter_misc":{"Escrito por":"La Gu\u00eda de Pamplona","Tiempo de lectura":"3 minutos"},"schema":{"@context":"https:\/\/schema.org","@graph":[{"@type":"Article","@id":"https:\/\/www.laguiadepamplona.com\/actualidad\/las-jornadas-enredate-en-san-jorge-sanduzelai-centradas-en-menores-jovenes-y-familias-abordan-temas-como-el-buen-trato-derechos-infantiles-y-deseos-de-futuro\/#article","isPartOf":{"@id":"https:\/\/www.laguiadepamplona.com\/actualidad\/las-jornadas-enredate-en-san-jorge-sanduzelai-centradas-en-menores-jovenes-y-familias-abordan-temas-como-el-buen-trato-derechos-infantiles-y-deseos-de-futuro\/"},"author":{"name":"La Gu\u00eda de Pamplona","@id":"https:\/\/www.laguiadepamplona.com\/actualidad\/#\/schema\/person\/efe887376f0213d4657c93adc50b1fdb"},"headline":"Las jornadas \u2018EnREDate en San Jorge-Sanduzelai\u2019, centradas en menores, j\u00f3venes y familias, abordan temas como el buen trato, derechos infantiles y deseos de futuro","datePublished":"2016-11-15T10:35:38+00:00","dateModified":"2016-12-09T10:36:16+00:00","mainEntityOfPage":{"@id":"https:\/\/www.laguiadepamplona.com\/actualidad\/las-jornadas-enredate-en-san-jorge-sanduzelai-centradas-en-menores-jovenes-y-familias-abordan-temas-como-el-buen-trato-derechos-infantiles-y-deseos-de-futuro\/"},"wordCount":681,"publisher":{"@id":"https:\/\/www.laguiadepamplona.com\/actualidad\/#organization"},"image":{"@id":"https:\/\/www.laguiadepamplona.com\/actualidad\/las-jornadas-enredate-en-san-jorge-sanduzelai-centradas-en-menores-jovenes-y-familias-abordan-temas-como-el-buen-trato-derechos-infantiles-y-deseos-de-futuro\/#primaryimage"},"thumbnailUrl":"https:\/\/www.laguiadepamplona.com\/actualidad\/wp-content\/uploads\/2016\/12\/civivox-san-jorge.jpg","articleSection":["Ayto Pamplona"],"inLanguage":"es"},{"@type":"WebPage","@id":"https:\/\/www.laguiadepamplona.com\/actualidad\/las-jornadas-enredate-en-san-jorge-sanduzelai-centradas-en-menores-jovenes-y-familias-abordan-temas-como-el-buen-trato-derechos-infantiles-y-deseos-de-futuro\/","url":"https:\/\/www.laguiadepamplona.com\/actualidad\/las-jornadas-enredate-en-san-jorge-sanduzelai-centradas-en-menores-jovenes-y-familias-abordan-temas-como-el-buen-trato-derechos-infantiles-y-deseos-de-futuro\/","name":"Las jornadas \u2018EnREDate en San Jorge-Sanduzelai\u2019, centradas en menores, j\u00f3venes y familias, abordan temas como el buen trato, derechos infantiles y deseos de futuro","isPartOf":{"@id":"https:\/\/www.laguiadepamplona.com\/actualidad\/#website"},"primaryImageOfPage":{"@id":"https:\/\/www.laguiadepamplona.com\/actualidad\/las-jornadas-enredate-en-san-jorge-sanduzelai-centradas-en-menores-jovenes-y-familias-abordan-temas-como-el-buen-trato-derechos-infantiles-y-deseos-de-futuro\/#primaryimage"},"image":{"@id":"https:\/\/www.laguiadepamplona.com\/actualidad\/las-jornadas-enredate-en-san-jorge-sanduzelai-centradas-en-menores-jovenes-y-familias-abordan-temas-como-el-buen-trato-derechos-infantiles-y-deseos-de-futuro\/#primaryimage"},"thumbnailUrl":"https:\/\/www.laguiadepamplona.com\/actualidad\/wp-content\/uploads\/2016\/12\/civivox-san-jorge.jpg","datePublished":"2016-11-15T10:35:38+00:00","dateModified":"2016-12-09T10:36:16+00:00","breadcrumb":{"@id":"https:\/\/www.laguiadepamplona.com\/actualidad\/las-jornadas-enredate-en-san-jorge-sanduzelai-centradas-en-menores-jovenes-y-familias-abordan-temas-como-el-buen-trato-derechos-infantiles-y-deseos-de-futuro\/#breadcrumb"},"inLanguage":"es","potentialAction":[{"@type":"ReadAction","target":["https:\/\/www.laguiadepamplona.com\/actualidad\/las-jornadas-enredate-en-san-jorge-sanduzelai-centradas-en-menores-jovenes-y-familias-abordan-temas-como-el-buen-trato-derechos-infantiles-y-deseos-de-futuro\/"]}]},{"@type":"ImageObject","inLanguage":"es","@id":"https:\/\/www.laguiadepamplona.com\/actualidad\/las-jornadas-enredate-en-san-jorge-sanduzelai-centradas-en-menores-jovenes-y-familias-abordan-temas-como-el-buen-trato-derechos-infantiles-y-deseos-de-futuro\/#primaryimage","url":"https:\/\/www.laguiadepamplona.com\/actualidad\/wp-content\/uploads\/2016\/12\/civivox-san-jorge.jpg","contentUrl":"https:\/\/www.laguiadepamplona.com\/actualidad\/wp-content\/uploads\/2016\/12\/civivox-san-jorge.jpg","width":900,"height":675},{"@type":"BreadcrumbList","@id":"https:\/\/www.laguiadepamplona.com\/actualidad\/las-jornadas-enredate-en-san-jorge-sanduzelai-centradas-en-menores-jovenes-y-familias-abordan-temas-como-el-buen-trato-derechos-infantiles-y-deseos-de-futuro\/#breadcrumb","itemListElement":[{"@type":"ListItem","position":1,"name":"Portada","item":"https:\/\/www.laguiadepamplona.com\/actualidad\/"},{"@type":"ListItem","position":2,"name":"Las jornadas \u2018EnREDate en San Jorge-Sanduzelai\u2019, centradas en menores, j\u00f3venes y familias, abordan temas como el buen trato, derechos infantiles y deseos de futuro"}]},{"@type":"WebSite","@id":"https:\/\/www.laguiadepamplona.com\/actualidad\/#website","url":"https:\/\/www.laguiadepamplona.com\/actualidad\/","name":"La gu\u00eda de Pamplona","description":"Noticias de Pamplona","publisher":{"@id":"https:\/\/www.laguiadepamplona.com\/actualidad\/#organization"},"potentialAction":[{"@type":"SearchAction","target":{"@type":"EntryPoint","urlTemplate":"https:\/\/www.laguiadepamplona.com\/actualidad\/?s={search_term_string}"},"query-input":{"@type":"PropertyValueSpecification","valueRequired":true,"valueName":"search_term_string"}}],"inLanguage":"es"},{"@type":"Organization","@id":"https:\/\/www.laguiadepamplona.com\/actualidad\/#organization","name":"La Gu\u00eda de Pamplona \/ Noticias","url":"https:\/\/www.laguiadepamplona.com\/actualidad\/","logo":{"@type":"ImageObject","inLanguage":"es","@id":"https:\/\/www.laguiadepamplona.com\/actualidad\/#\/schema\/logo\/image\/","url":"https:\/\/www.laguiadepamplona.com\/actualidad\/wp-content\/uploads\/2018\/11\/logo-laguiadepamplona18-web1.png","contentUrl":"https:\/\/www.laguiadepamplona.com\/actualidad\/wp-content\/uploads\/2018\/11\/logo-laguiadepamplona18-web1.png","width":600,"height":196,"caption":"La Gu\u00eda de Pamplona \/ Noticias"},"image":{"@id":"https:\/\/www.laguiadepamplona.com\/actualidad\/#\/schema\/logo\/image\/"},"sameAs":["https:\/\/www.facebook.com\/laguiadepamplonacom-133175176762273\/?ref=hl","https:\/\/x.com\/LaGuiadPamplona","https:\/\/www.instagram.com\/la_guia_de_pamplona\/","https:\/\/www.youtube.com\/user\/laguiadepamplona"]},{"@type":"Person","@id":"https:\/\/www.laguiadepamplona.com\/actualidad\/#\/schema\/person\/efe887376f0213d4657c93adc50b1fdb","name":"La Gu\u00eda de Pamplona","image":{"@type":"ImageObject","inLanguage":"es","@id":"https:\/\/secure.gravatar.com\/avatar\/b6992f131dc8d30ab0dff15446e9d346d9dbd95992de0fef795073f5ea83a81c?s=96&d=mm&r=g","url":"https:\/\/secure.gravatar.com\/avatar\/b6992f131dc8d30ab0dff15446e9d346d9dbd95992de0fef795073f5ea83a81c?s=96&d=mm&r=g","contentUrl":"https:\/\/secure.gravatar.com\/avatar\/b6992f131dc8d30ab0dff15446e9d346d9dbd95992de0fef795073f5ea83a81c?s=96&d=mm&r=g","caption":"La Gu\u00eda de Pamplona"}}]}},"post_mailing_queue_ids":[],"_links":{"self":[{"href":"https:\/\/www.laguiadepamplona.com\/actualidad\/wp-json\/wp\/v2\/posts\/11302","targetHints":{"allow":["GET"]}}],"collection":[{"href":"https:\/\/www.laguiadepamplona.com\/actualidad\/wp-json\/wp\/v2\/posts"}],"about":[{"href":"https:\/\/www.laguiadepamplona.com\/actualidad\/wp-json\/wp\/v2\/types\/post"}],"author":[{"embeddable":true,"href":"https:\/\/www.laguiadepamplona.com\/actualidad\/wp-json\/wp\/v2\/users\/1"}],"replies":[{"embeddable":true,"href":"https:\/\/www.laguiadepamplona.com\/actualidad\/wp-json\/wp\/v2\/comments?post=11302"}],"version-history":[{"count":0,"href":"https:\/\/www.laguiadepamplona.com\/actualidad\/wp-json\/wp\/v2\/posts\/11302\/revisions"}],"wp:featuredmedia":[{"embeddable":true,"href":"https:\/\/www.laguiadepamplona.com\/actualidad\/wp-json\/wp\/v2\/media\/11047"}],"wp:attachment":[{"href":"https:\/\/www.laguiadepamplona.com\/actualidad\/wp-json\/wp\/v2\/media?parent=11302"}],"wp:term":[{"taxonomy":"category","embeddable":true,"href":"https:\/\/www.laguiadepamplona.com\/actualidad\/wp-json\/wp\/v2\/categories?post=11302"},{"taxonomy":"post_tag","embeddable":true,"href":"https:\/\/www.laguiadepamplona.com\/actualidad\/wp-json\/wp\/v2\/tags?post=11302"}],"curies":[{"name":"wp","href":"https:\/\/api.w.org\/{rel}","templated":true}]}}