{"id":11298,"date":"2016-11-15T11:34:22","date_gmt":"2016-11-15T10:34:22","guid":{"rendered":"http:\/\/laguiadepamplona.es\/actualidad\/?p=11298"},"modified":"2016-12-09T11:34:56","modified_gmt":"2016-12-09T10:34:56","slug":"prorrogado-el-contrato-de-gestion-de-la-zona-de-estacionamiento-limitado-con-dornier-para-el-ano-2017","status":"publish","type":"post","link":"https:\/\/www.laguiadepamplona.com\/actualidad\/prorrogado-el-contrato-de-gestion-de-la-zona-de-estacionamiento-limitado-con-dornier-para-el-ano-2017\/","title":{"rendered":"Prorrogado el contrato de gesti\u00f3n de la zona de estacionamiento limitado con Dornier para el a\u00f1o 2017"},"content":{"rendered":"<h3>Pamplona tiene 21.227 plazas, de las que 10.463 son zona azul, 10.593 zona naranja y 171, zona roja<\/h3>\n<p><!--more--><\/p>\n<p>La Junta de Gobierno Local del Ayuntamiento de Pamplona ha acordado en su sesi\u00f3n de hoy la pr\u00f3rroga de los contratos para la gesti\u00f3n de la zona de estacionamiento limitado de la ciudad para el a\u00f1o 2017, por un importe de 7.389.338,01 euros. Se trata de dos contratos, uno para la zona de Casco Antiguo, Ensanche y Hospitales (2,5 millones de euros) y otro para Iturrama, San Juan, La Milagrosa, Azpilaga\u00f1a, Ermitaga\u00f1a, Mendebaldea y Etxabakoitz Norte (4,8 millones). La empresa Dornier S.A., adjudicataria de los dos contratos, seguir\u00e1 encargada en 2017 de gestionar este servicio. El precio del contrato se actualizar\u00e1 una vez que se conozca\u00a0 el IPC para el a\u00f1o 2016.<\/p>\n<p>Seg\u00fan recoge la memoria municipal de 2015, la zona de estacionamiento limitado comprende un total de 21.227 plazas, que se reparten casi a partes iguales entre zona azul (10.463) y zona naranja (10.593); adem\u00e1s, 171 corresponden a zona roja.<\/p>\n<p>Por sectores, el sector 1 (Casco Antiguo) tiene 221 plazas, la mayor parte de la zona azul (187) y una parte menor roja (34). El sector 2 (Ensanches) suma 4.315 plazas, de las que 3.367 son zona azul, 87 naranja y 69 roja. En el sector 3 (Milagrosa-Azpilaga\u00f1a) hay 3.374 plazas, de las que 2.478 son zona azul y 852 naranja. En el 4 (Iturrama), las plazas suman 4.819, con mayor\u00eda de plazas naranja, 2.455, adem\u00e1s de 2.028 plazas en zona azul. El sector 5 (Mendebaldea-Ermitaga\u00f1a, Etxabakoitz norte) suma 4.668 plazas, que se dividen en 3.489 naranja y 1.057 azul. Y el sector 6 (San Juan) cuenta con 3.797 plazas de estacionamiento limitado, de las que 2.606 son naranja, 1.075 son azul y 4, roja. Las plazas se completan con la zona de hospitales (sector 7), que tiene 583 plazas, 312 de ellas naranja y 271 azul; y con la zona de Renfe, que cuenta con 28 plazas, todas ellas de zona roja.<\/p>\n<p>Durante el a\u00f1o pasado, se expidieron 26.830 tarjetas a vecinos residentes y 617 tarjetas de actividad. Por sectores, para residentes en el sector 1 (Casco Antiguo) hay 2.008, en el 2 (Ensanche) se expiden 4.816, en el 3 (Milagrosa-Azpilaga\u00f1a) 3.669, en el 4 (Iturrama) 6.734, en el 5 (Mendebaldea-Ermitaga\u00f1a-Etxabakoitz Norte) 4.932 y en el 6 (San Juan) 4.671. De las tarjetas de actividad, el sector que mayor n\u00famero acumula es el sector 4, con 223, seguido del sector 6 con 162 tarjetas y el sector 5, con 158.<\/p>\n<p>&nbsp;<\/p>\n","protected":false},"excerpt":{"rendered":"<p>Pamplona tiene 21.227 plazas, de las que 10.463 son zona azul, 10.593 zona naranja y 171, zona roja<\/p>\n","protected":false},"author":1,"featured_media":10979,"comment_status":"closed","ping_status":"closed","sticky":false,"template":"","format":"standard","meta":{"footnotes":""},"categories":[2],"tags":[],"class_list":["post-11298","post","type-post","status-publish","format-standard","has-post-thumbnail","hentry","category-ayuntamiento-pamplona"],"yoast_head":"<!-- This site is optimized with the Yoast SEO plugin v27.5 - https:\/\/yoast.com\/product\/yoast-seo-wordpress\/ -->\n<title>Prorrogado el contrato de gesti\u00f3n de la zona de estacionamiento limitado con Dornier para el a\u00f1o 2017<\/title>\n<meta name=\"robots\" content=\"index, follow, max-snippet:-1, max-image-preview:large, max-video-preview:-1\" \/>\n<link rel=\"canonical\" href=\"https:\/\/www.laguiadepamplona.com\/actualidad\/prorrogado-el-contrato-de-gestion-de-la-zona-de-estacionamiento-limitado-con-dornier-para-el-ano-2017\/\" \/>\n<meta property=\"og:locale\" content=\"es_ES\" \/>\n<meta property=\"og:type\" content=\"article\" \/>\n<meta property=\"og:title\" content=\"Prorrogado el contrato de gesti\u00f3n de la zona de estacionamiento limitado con Dornier para el a\u00f1o 2017\" \/>\n<meta property=\"og:description\" content=\"Pamplona tiene 21.227 plazas, de las que 10.463 son zona azul, 10.593 zona naranja y 171, zona roja\" \/>\n<meta property=\"og:url\" content=\"https:\/\/www.laguiadepamplona.com\/actualidad\/prorrogado-el-contrato-de-gestion-de-la-zona-de-estacionamiento-limitado-con-dornier-para-el-ano-2017\/\" \/>\n<meta property=\"og:site_name\" content=\"La Gu\u00eda de Pamplona\" \/>\n<meta property=\"article:publisher\" content=\"https:\/\/www.facebook.com\/laguiadepamplonacom-133175176762273\/?ref=hl\" \/>\n<meta property=\"article:published_time\" content=\"2016-11-15T10:34:22+00:00\" \/>\n<meta property=\"article:modified_time\" content=\"2016-12-09T10:34:56+00:00\" \/>\n<meta property=\"og:image\" content=\"https:\/\/www.laguiadepamplona.com\/actualidad\/wp-content\/uploads\/2016\/11\/Ayto_Pamplona.jpg\" \/>\n\t<meta property=\"og:image:width\" content=\"900\" \/>\n\t<meta property=\"og:image:height\" content=\"675\" \/>\n\t<meta property=\"og:image:type\" content=\"image\/jpeg\" \/>\n<meta name=\"author\" content=\"La Gu\u00eda de Pamplona\" \/>\n<meta name=\"twitter:card\" content=\"summary_large_image\" \/>\n<meta name=\"twitter:creator\" content=\"@LaGuiadPamplona\" \/>\n<meta name=\"twitter:site\" content=\"@LaGuiadPamplona\" \/>\n<meta name=\"twitter:label1\" content=\"Escrito por\" \/>\n\t<meta name=\"twitter:data1\" content=\"La Gu\u00eda de Pamplona\" \/>\n\t<meta name=\"twitter:label2\" content=\"Tiempo de lectura\" \/>\n\t<meta name=\"twitter:data2\" content=\"2 minutos\" \/>\n<script type=\"application\/ld+json\" class=\"yoast-schema-graph\">{\"@context\":\"https:\\\/\\\/schema.org\",\"@graph\":[{\"@type\":\"Article\",\"@id\":\"https:\\\/\\\/www.laguiadepamplona.com\\\/actualidad\\\/prorrogado-el-contrato-de-gestion-de-la-zona-de-estacionamiento-limitado-con-dornier-para-el-ano-2017\\\/#article\",\"isPartOf\":{\"@id\":\"https:\\\/\\\/www.laguiadepamplona.com\\\/actualidad\\\/prorrogado-el-contrato-de-gestion-de-la-zona-de-estacionamiento-limitado-con-dornier-para-el-ano-2017\\\/\"},\"author\":{\"name\":\"La Gu\u00eda de Pamplona\",\"@id\":\"https:\\\/\\\/www.laguiadepamplona.com\\\/actualidad\\\/#\\\/schema\\\/person\\\/efe887376f0213d4657c93adc50b1fdb\"},\"headline\":\"Prorrogado el contrato de gesti\u00f3n de la zona de estacionamiento limitado con Dornier para el a\u00f1o 2017\",\"datePublished\":\"2016-11-15T10:34:22+00:00\",\"dateModified\":\"2016-12-09T10:34:56+00:00\",\"mainEntityOfPage\":{\"@id\":\"https:\\\/\\\/www.laguiadepamplona.com\\\/actualidad\\\/prorrogado-el-contrato-de-gestion-de-la-zona-de-estacionamiento-limitado-con-dornier-para-el-ano-2017\\\/\"},\"wordCount\":391,\"publisher\":{\"@id\":\"https:\\\/\\\/www.laguiadepamplona.com\\\/actualidad\\\/#organization\"},\"image\":{\"@id\":\"https:\\\/\\\/www.laguiadepamplona.com\\\/actualidad\\\/prorrogado-el-contrato-de-gestion-de-la-zona-de-estacionamiento-limitado-con-dornier-para-el-ano-2017\\\/#primaryimage\"},\"thumbnailUrl\":\"https:\\\/\\\/www.laguiadepamplona.com\\\/actualidad\\\/wp-content\\\/uploads\\\/2016\\\/11\\\/Ayto_Pamplona.jpg\",\"articleSection\":[\"Ayto Pamplona\"],\"inLanguage\":\"es\"},{\"@type\":\"WebPage\",\"@id\":\"https:\\\/\\\/www.laguiadepamplona.com\\\/actualidad\\\/prorrogado-el-contrato-de-gestion-de-la-zona-de-estacionamiento-limitado-con-dornier-para-el-ano-2017\\\/\",\"url\":\"https:\\\/\\\/www.laguiadepamplona.com\\\/actualidad\\\/prorrogado-el-contrato-de-gestion-de-la-zona-de-estacionamiento-limitado-con-dornier-para-el-ano-2017\\\/\",\"name\":\"Prorrogado el contrato de gesti\u00f3n de la zona de estacionamiento limitado con Dornier para el a\u00f1o 2017\",\"isPartOf\":{\"@id\":\"https:\\\/\\\/www.laguiadepamplona.com\\\/actualidad\\\/#website\"},\"primaryImageOfPage\":{\"@id\":\"https:\\\/\\\/www.laguiadepamplona.com\\\/actualidad\\\/prorrogado-el-contrato-de-gestion-de-la-zona-de-estacionamiento-limitado-con-dornier-para-el-ano-2017\\\/#primaryimage\"},\"image\":{\"@id\":\"https:\\\/\\\/www.laguiadepamplona.com\\\/actualidad\\\/prorrogado-el-contrato-de-gestion-de-la-zona-de-estacionamiento-limitado-con-dornier-para-el-ano-2017\\\/#primaryimage\"},\"thumbnailUrl\":\"https:\\\/\\\/www.laguiadepamplona.com\\\/actualidad\\\/wp-content\\\/uploads\\\/2016\\\/11\\\/Ayto_Pamplona.jpg\",\"datePublished\":\"2016-11-15T10:34:22+00:00\",\"dateModified\":\"2016-12-09T10:34:56+00:00\",\"breadcrumb\":{\"@id\":\"https:\\\/\\\/www.laguiadepamplona.com\\\/actualidad\\\/prorrogado-el-contrato-de-gestion-de-la-zona-de-estacionamiento-limitado-con-dornier-para-el-ano-2017\\\/#breadcrumb\"},\"inLanguage\":\"es\",\"potentialAction\":[{\"@type\":\"ReadAction\",\"target\":[\"https:\\\/\\\/www.laguiadepamplona.com\\\/actualidad\\\/prorrogado-el-contrato-de-gestion-de-la-zona-de-estacionamiento-limitado-con-dornier-para-el-ano-2017\\\/\"]}]},{\"@type\":\"ImageObject\",\"inLanguage\":\"es\",\"@id\":\"https:\\\/\\\/www.laguiadepamplona.com\\\/actualidad\\\/prorrogado-el-contrato-de-gestion-de-la-zona-de-estacionamiento-limitado-con-dornier-para-el-ano-2017\\\/#primaryimage\",\"url\":\"https:\\\/\\\/www.laguiadepamplona.com\\\/actualidad\\\/wp-content\\\/uploads\\\/2016\\\/11\\\/Ayto_Pamplona.jpg\",\"contentUrl\":\"https:\\\/\\\/www.laguiadepamplona.com\\\/actualidad\\\/wp-content\\\/uploads\\\/2016\\\/11\\\/Ayto_Pamplona.jpg\",\"width\":900,\"height\":675},{\"@type\":\"BreadcrumbList\",\"@id\":\"https:\\\/\\\/www.laguiadepamplona.com\\\/actualidad\\\/prorrogado-el-contrato-de-gestion-de-la-zona-de-estacionamiento-limitado-con-dornier-para-el-ano-2017\\\/#breadcrumb\",\"itemListElement\":[{\"@type\":\"ListItem\",\"position\":1,\"name\":\"Portada\",\"item\":\"https:\\\/\\\/www.laguiadepamplona.com\\\/actualidad\\\/\"},{\"@type\":\"ListItem\",\"position\":2,\"name\":\"Prorrogado el contrato de gesti\u00f3n de la zona de estacionamiento limitado con Dornier para el a\u00f1o 2017\"}]},{\"@type\":\"WebSite\",\"@id\":\"https:\\\/\\\/www.laguiadepamplona.com\\\/actualidad\\\/#website\",\"url\":\"https:\\\/\\\/www.laguiadepamplona.com\\\/actualidad\\\/\",\"name\":\"La gu\u00eda de Pamplona\",\"description\":\"Noticias de Pamplona\",\"publisher\":{\"@id\":\"https:\\\/\\\/www.laguiadepamplona.com\\\/actualidad\\\/#organization\"},\"potentialAction\":[{\"@type\":\"SearchAction\",\"target\":{\"@type\":\"EntryPoint\",\"urlTemplate\":\"https:\\\/\\\/www.laguiadepamplona.com\\\/actualidad\\\/?s={search_term_string}\"},\"query-input\":{\"@type\":\"PropertyValueSpecification\",\"valueRequired\":true,\"valueName\":\"search_term_string\"}}],\"inLanguage\":\"es\"},{\"@type\":\"Organization\",\"@id\":\"https:\\\/\\\/www.laguiadepamplona.com\\\/actualidad\\\/#organization\",\"name\":\"La Gu\u00eda de Pamplona \\\/ Noticias\",\"url\":\"https:\\\/\\\/www.laguiadepamplona.com\\\/actualidad\\\/\",\"logo\":{\"@type\":\"ImageObject\",\"inLanguage\":\"es\",\"@id\":\"https:\\\/\\\/www.laguiadepamplona.com\\\/actualidad\\\/#\\\/schema\\\/logo\\\/image\\\/\",\"url\":\"https:\\\/\\\/www.laguiadepamplona.com\\\/actualidad\\\/wp-content\\\/uploads\\\/2018\\\/11\\\/logo-laguiadepamplona18-web1.png\",\"contentUrl\":\"https:\\\/\\\/www.laguiadepamplona.com\\\/actualidad\\\/wp-content\\\/uploads\\\/2018\\\/11\\\/logo-laguiadepamplona18-web1.png\",\"width\":600,\"height\":196,\"caption\":\"La Gu\u00eda de Pamplona \\\/ Noticias\"},\"image\":{\"@id\":\"https:\\\/\\\/www.laguiadepamplona.com\\\/actualidad\\\/#\\\/schema\\\/logo\\\/image\\\/\"},\"sameAs\":[\"https:\\\/\\\/www.facebook.com\\\/laguiadepamplonacom-133175176762273\\\/?ref=hl\",\"https:\\\/\\\/x.com\\\/LaGuiadPamplona\",\"https:\\\/\\\/www.instagram.com\\\/la_guia_de_pamplona\\\/\",\"https:\\\/\\\/www.youtube.com\\\/user\\\/laguiadepamplona\"]},{\"@type\":\"Person\",\"@id\":\"https:\\\/\\\/www.laguiadepamplona.com\\\/actualidad\\\/#\\\/schema\\\/person\\\/efe887376f0213d4657c93adc50b1fdb\",\"name\":\"La Gu\u00eda de Pamplona\",\"image\":{\"@type\":\"ImageObject\",\"inLanguage\":\"es\",\"@id\":\"https:\\\/\\\/secure.gravatar.com\\\/avatar\\\/b6992f131dc8d30ab0dff15446e9d346d9dbd95992de0fef795073f5ea83a81c?s=96&d=mm&r=g\",\"url\":\"https:\\\/\\\/secure.gravatar.com\\\/avatar\\\/b6992f131dc8d30ab0dff15446e9d346d9dbd95992de0fef795073f5ea83a81c?s=96&d=mm&r=g\",\"contentUrl\":\"https:\\\/\\\/secure.gravatar.com\\\/avatar\\\/b6992f131dc8d30ab0dff15446e9d346d9dbd95992de0fef795073f5ea83a81c?s=96&d=mm&r=g\",\"caption\":\"La Gu\u00eda de Pamplona\"}}]}<\/script>\n<!-- \/ Yoast SEO plugin. -->","yoast_head_json":{"title":"Prorrogado el contrato de gesti\u00f3n de la zona de estacionamiento limitado con Dornier para el a\u00f1o 2017","robots":{"index":"index","follow":"follow","max-snippet":"max-snippet:-1","max-image-preview":"max-image-preview:large","max-video-preview":"max-video-preview:-1"},"canonical":"https:\/\/www.laguiadepamplona.com\/actualidad\/prorrogado-el-contrato-de-gestion-de-la-zona-de-estacionamiento-limitado-con-dornier-para-el-ano-2017\/","og_locale":"es_ES","og_type":"article","og_title":"Prorrogado el contrato de gesti\u00f3n de la zona de estacionamiento limitado con Dornier para el a\u00f1o 2017","og_description":"Pamplona tiene 21.227 plazas, de las que 10.463 son zona azul, 10.593 zona naranja y 171, zona roja","og_url":"https:\/\/www.laguiadepamplona.com\/actualidad\/prorrogado-el-contrato-de-gestion-de-la-zona-de-estacionamiento-limitado-con-dornier-para-el-ano-2017\/","og_site_name":"La Gu\u00eda de Pamplona","article_publisher":"https:\/\/www.facebook.com\/laguiadepamplonacom-133175176762273\/?ref=hl","article_published_time":"2016-11-15T10:34:22+00:00","article_modified_time":"2016-12-09T10:34:56+00:00","og_image":[{"width":900,"height":675,"url":"https:\/\/www.laguiadepamplona.com\/actualidad\/wp-content\/uploads\/2016\/11\/Ayto_Pamplona.jpg","type":"image\/jpeg"}],"author":"La Gu\u00eda de Pamplona","twitter_card":"summary_large_image","twitter_creator":"@LaGuiadPamplona","twitter_site":"@LaGuiadPamplona","twitter_misc":{"Escrito por":"La Gu\u00eda de Pamplona","Tiempo de lectura":"2 minutos"},"schema":{"@context":"https:\/\/schema.org","@graph":[{"@type":"Article","@id":"https:\/\/www.laguiadepamplona.com\/actualidad\/prorrogado-el-contrato-de-gestion-de-la-zona-de-estacionamiento-limitado-con-dornier-para-el-ano-2017\/#article","isPartOf":{"@id":"https:\/\/www.laguiadepamplona.com\/actualidad\/prorrogado-el-contrato-de-gestion-de-la-zona-de-estacionamiento-limitado-con-dornier-para-el-ano-2017\/"},"author":{"name":"La Gu\u00eda de Pamplona","@id":"https:\/\/www.laguiadepamplona.com\/actualidad\/#\/schema\/person\/efe887376f0213d4657c93adc50b1fdb"},"headline":"Prorrogado el contrato de gesti\u00f3n de la zona de estacionamiento limitado con Dornier para el a\u00f1o 2017","datePublished":"2016-11-15T10:34:22+00:00","dateModified":"2016-12-09T10:34:56+00:00","mainEntityOfPage":{"@id":"https:\/\/www.laguiadepamplona.com\/actualidad\/prorrogado-el-contrato-de-gestion-de-la-zona-de-estacionamiento-limitado-con-dornier-para-el-ano-2017\/"},"wordCount":391,"publisher":{"@id":"https:\/\/www.laguiadepamplona.com\/actualidad\/#organization"},"image":{"@id":"https:\/\/www.laguiadepamplona.com\/actualidad\/prorrogado-el-contrato-de-gestion-de-la-zona-de-estacionamiento-limitado-con-dornier-para-el-ano-2017\/#primaryimage"},"thumbnailUrl":"https:\/\/www.laguiadepamplona.com\/actualidad\/wp-content\/uploads\/2016\/11\/Ayto_Pamplona.jpg","articleSection":["Ayto Pamplona"],"inLanguage":"es"},{"@type":"WebPage","@id":"https:\/\/www.laguiadepamplona.com\/actualidad\/prorrogado-el-contrato-de-gestion-de-la-zona-de-estacionamiento-limitado-con-dornier-para-el-ano-2017\/","url":"https:\/\/www.laguiadepamplona.com\/actualidad\/prorrogado-el-contrato-de-gestion-de-la-zona-de-estacionamiento-limitado-con-dornier-para-el-ano-2017\/","name":"Prorrogado el contrato de gesti\u00f3n de la zona de estacionamiento limitado con Dornier para el a\u00f1o 2017","isPartOf":{"@id":"https:\/\/www.laguiadepamplona.com\/actualidad\/#website"},"primaryImageOfPage":{"@id":"https:\/\/www.laguiadepamplona.com\/actualidad\/prorrogado-el-contrato-de-gestion-de-la-zona-de-estacionamiento-limitado-con-dornier-para-el-ano-2017\/#primaryimage"},"image":{"@id":"https:\/\/www.laguiadepamplona.com\/actualidad\/prorrogado-el-contrato-de-gestion-de-la-zona-de-estacionamiento-limitado-con-dornier-para-el-ano-2017\/#primaryimage"},"thumbnailUrl":"https:\/\/www.laguiadepamplona.com\/actualidad\/wp-content\/uploads\/2016\/11\/Ayto_Pamplona.jpg","datePublished":"2016-11-15T10:34:22+00:00","dateModified":"2016-12-09T10:34:56+00:00","breadcrumb":{"@id":"https:\/\/www.laguiadepamplona.com\/actualidad\/prorrogado-el-contrato-de-gestion-de-la-zona-de-estacionamiento-limitado-con-dornier-para-el-ano-2017\/#breadcrumb"},"inLanguage":"es","potentialAction":[{"@type":"ReadAction","target":["https:\/\/www.laguiadepamplona.com\/actualidad\/prorrogado-el-contrato-de-gestion-de-la-zona-de-estacionamiento-limitado-con-dornier-para-el-ano-2017\/"]}]},{"@type":"ImageObject","inLanguage":"es","@id":"https:\/\/www.laguiadepamplona.com\/actualidad\/prorrogado-el-contrato-de-gestion-de-la-zona-de-estacionamiento-limitado-con-dornier-para-el-ano-2017\/#primaryimage","url":"https:\/\/www.laguiadepamplona.com\/actualidad\/wp-content\/uploads\/2016\/11\/Ayto_Pamplona.jpg","contentUrl":"https:\/\/www.laguiadepamplona.com\/actualidad\/wp-content\/uploads\/2016\/11\/Ayto_Pamplona.jpg","width":900,"height":675},{"@type":"BreadcrumbList","@id":"https:\/\/www.laguiadepamplona.com\/actualidad\/prorrogado-el-contrato-de-gestion-de-la-zona-de-estacionamiento-limitado-con-dornier-para-el-ano-2017\/#breadcrumb","itemListElement":[{"@type":"ListItem","position":1,"name":"Portada","item":"https:\/\/www.laguiadepamplona.com\/actualidad\/"},{"@type":"ListItem","position":2,"name":"Prorrogado el contrato de gesti\u00f3n de la zona de estacionamiento limitado con Dornier para el a\u00f1o 2017"}]},{"@type":"WebSite","@id":"https:\/\/www.laguiadepamplona.com\/actualidad\/#website","url":"https:\/\/www.laguiadepamplona.com\/actualidad\/","name":"La gu\u00eda de Pamplona","description":"Noticias de Pamplona","publisher":{"@id":"https:\/\/www.laguiadepamplona.com\/actualidad\/#organization"},"potentialAction":[{"@type":"SearchAction","target":{"@type":"EntryPoint","urlTemplate":"https:\/\/www.laguiadepamplona.com\/actualidad\/?s={search_term_string}"},"query-input":{"@type":"PropertyValueSpecification","valueRequired":true,"valueName":"search_term_string"}}],"inLanguage":"es"},{"@type":"Organization","@id":"https:\/\/www.laguiadepamplona.com\/actualidad\/#organization","name":"La Gu\u00eda de Pamplona \/ Noticias","url":"https:\/\/www.laguiadepamplona.com\/actualidad\/","logo":{"@type":"ImageObject","inLanguage":"es","@id":"https:\/\/www.laguiadepamplona.com\/actualidad\/#\/schema\/logo\/image\/","url":"https:\/\/www.laguiadepamplona.com\/actualidad\/wp-content\/uploads\/2018\/11\/logo-laguiadepamplona18-web1.png","contentUrl":"https:\/\/www.laguiadepamplona.com\/actualidad\/wp-content\/uploads\/2018\/11\/logo-laguiadepamplona18-web1.png","width":600,"height":196,"caption":"La Gu\u00eda de Pamplona \/ Noticias"},"image":{"@id":"https:\/\/www.laguiadepamplona.com\/actualidad\/#\/schema\/logo\/image\/"},"sameAs":["https:\/\/www.facebook.com\/laguiadepamplonacom-133175176762273\/?ref=hl","https:\/\/x.com\/LaGuiadPamplona","https:\/\/www.instagram.com\/la_guia_de_pamplona\/","https:\/\/www.youtube.com\/user\/laguiadepamplona"]},{"@type":"Person","@id":"https:\/\/www.laguiadepamplona.com\/actualidad\/#\/schema\/person\/efe887376f0213d4657c93adc50b1fdb","name":"La Gu\u00eda de Pamplona","image":{"@type":"ImageObject","inLanguage":"es","@id":"https:\/\/secure.gravatar.com\/avatar\/b6992f131dc8d30ab0dff15446e9d346d9dbd95992de0fef795073f5ea83a81c?s=96&d=mm&r=g","url":"https:\/\/secure.gravatar.com\/avatar\/b6992f131dc8d30ab0dff15446e9d346d9dbd95992de0fef795073f5ea83a81c?s=96&d=mm&r=g","contentUrl":"https:\/\/secure.gravatar.com\/avatar\/b6992f131dc8d30ab0dff15446e9d346d9dbd95992de0fef795073f5ea83a81c?s=96&d=mm&r=g","caption":"La Gu\u00eda de Pamplona"}}]}},"post_mailing_queue_ids":[],"_links":{"self":[{"href":"https:\/\/www.laguiadepamplona.com\/actualidad\/wp-json\/wp\/v2\/posts\/11298","targetHints":{"allow":["GET"]}}],"collection":[{"href":"https:\/\/www.laguiadepamplona.com\/actualidad\/wp-json\/wp\/v2\/posts"}],"about":[{"href":"https:\/\/www.laguiadepamplona.com\/actualidad\/wp-json\/wp\/v2\/types\/post"}],"author":[{"embeddable":true,"href":"https:\/\/www.laguiadepamplona.com\/actualidad\/wp-json\/wp\/v2\/users\/1"}],"replies":[{"embeddable":true,"href":"https:\/\/www.laguiadepamplona.com\/actualidad\/wp-json\/wp\/v2\/comments?post=11298"}],"version-history":[{"count":0,"href":"https:\/\/www.laguiadepamplona.com\/actualidad\/wp-json\/wp\/v2\/posts\/11298\/revisions"}],"wp:featuredmedia":[{"embeddable":true,"href":"https:\/\/www.laguiadepamplona.com\/actualidad\/wp-json\/wp\/v2\/media\/10979"}],"wp:attachment":[{"href":"https:\/\/www.laguiadepamplona.com\/actualidad\/wp-json\/wp\/v2\/media?parent=11298"}],"wp:term":[{"taxonomy":"category","embeddable":true,"href":"https:\/\/www.laguiadepamplona.com\/actualidad\/wp-json\/wp\/v2\/categories?post=11298"},{"taxonomy":"post_tag","embeddable":true,"href":"https:\/\/www.laguiadepamplona.com\/actualidad\/wp-json\/wp\/v2\/tags?post=11298"}],"curies":[{"name":"wp","href":"https:\/\/api.w.org\/{rel}","templated":true}]}}