{"id":11296,"date":"2016-11-14T11:33:42","date_gmt":"2016-11-14T10:33:42","guid":{"rendered":"http:\/\/laguiadepamplona.es\/actualidad\/?p=11296"},"modified":"2016-12-09T11:34:11","modified_gmt":"2016-12-09T10:34:11","slug":"adjudicadas-las-obras-de-reforma-en-los-colegios-azpilagana-patxi-larrainzar-san-juan-de-la-cadena-y-vazquez-de-mella-por-un-importe-de-280-387-euros","status":"publish","type":"post","link":"https:\/\/www.laguiadepamplona.com\/actualidad\/adjudicadas-las-obras-de-reforma-en-los-colegios-azpilagana-patxi-larrainzar-san-juan-de-la-cadena-y-vazquez-de-mella-por-un-importe-de-280-387-euros\/","title":{"rendered":"Adjudicadas las obras de reforma en los colegios Azpilaga\u00f1a, Patxi Larrainzar, San Juan de la Cadena y V\u00e1zquez de Mella por un importe de 280.387 euros"},"content":{"rendered":"<h3>Los trabajos comenzar\u00e1n en los pr\u00f3ximos d\u00edas y consistir\u00e1n en la reforma de los ba\u00f1os de los cuatro centros<\/h3>\n<p><!--more--><\/p>\n<p>La Junta de Gobierno Local del Ayuntamiento de Pamplona ha acordado en su sesi\u00f3n de hoy la adjudicaci\u00f3n de distintas obras de reforma en cuatro colegios p\u00fablicos de la ciudad. En total, el Ayuntamiento invertir\u00e1 280.387,13 euros para acometer distintas mejoras en los colegios de Azpilaga\u00f1a, Patxi Larrainzar, San Juan de la Cadena y V\u00e1zquez de Mella. Las obras han sido adjudicadas en cuatro lotes a otras tantas empresas o UTEs y comenzar\u00e1n en los pr\u00f3ximos d\u00edas.<\/p>\n<p>En concreto, la reforma de los ba\u00f1os del Colegio P\u00fablico Azpilaga\u00f1a ha sido adjudicada a la UTE formada por las empresas Harinsa Navasfalt S.A. y HNV Infraestructura S.L., por un precio de adjudicaci\u00f3n de 105.197,50 euros (IVA incluido). El plazo de ejecuci\u00f3n de estas obras es de 72 d\u00edas.<\/p>\n<p>Las obras en los aseos el Colegio P\u00fablico Patxi Larrainzar, con un coste de 48.400 euros, ser\u00e1n realizadas por INGEMAN S.A. La reforma de los ba\u00f1os del Colegio P\u00fablico San Juan de la Cadena han sido adjudicadas a Excavaciones Ferm\u00edn Os\u00e9s S.L. por un importe de 41.414,67 euros. Las obras en los ba\u00f1os del Colegio P\u00fablico V\u00e1zquez de Mella ser\u00e1n acometidas por Aguaser Suministros y Servicios S.L. por un importe de 51.698,29 euros. Estas 3 actuaciones deber\u00e1n finalizarse antes del 31 de diciembre.<\/p>\n<p><strong>Adaptaci\u00f3n a los requisitos de funcionalidad y seguridad<\/strong><\/p>\n<p>Tal y como recoge el texto del contrato, los ba\u00f1os existentes actualmente en estos cuatro centros escolares son antiguos; su disposici\u00f3n y dimensiones, as\u00ed como los materiales empleados en los acabados no cumplen con la normativa exigible. La intervenci\u00f3n consiste principalmente en adaptarlos a los requisitos actuales de funcionalidad y seguridad, adem\u00e1s de accesibilidad.<\/p>\n<p>Estas obras forman parte del programa de inversiones del Ayuntamiento de Pamplona en colegios, donde este a\u00f1o se destinar\u00e1n m\u00e1s de 880.000 euros a acometer reformas en una docena de colegios p\u00fablicos de la ciudad. El plan de obras inicialmente aprobado, dotado con 550.000 euros para intervenir en nueve centros p\u00fablicos, se ampli\u00f3 el pasado mes de julio en otros 334.000 euros en aplicaci\u00f3n del super\u00e1vit generado en la revisi\u00f3n de la ejecuci\u00f3n presupuestaria del a\u00f1o 2015. Gracias a esta ampliaci\u00f3n, se ha incluido la remodelaci\u00f3n de los ba\u00f1os de estos cuatro colegios, entre otras obras.<\/p>\n<p>&nbsp;<\/p>\n","protected":false},"excerpt":{"rendered":"<p>Los trabajos comenzar\u00e1n en los pr\u00f3ximos d\u00edas y consistir\u00e1n en la reforma de los ba\u00f1os de los cuatro centros<\/p>\n","protected":false},"author":1,"featured_media":10979,"comment_status":"closed","ping_status":"closed","sticky":false,"template":"","format":"standard","meta":{"footnotes":""},"categories":[2],"tags":[],"class_list":["post-11296","post","type-post","status-publish","format-standard","has-post-thumbnail","hentry","category-ayuntamiento-pamplona"],"yoast_head":"<!-- This site is optimized with the Yoast SEO plugin v27.5 - https:\/\/yoast.com\/product\/yoast-seo-wordpress\/ -->\n<title>Adjudicadas las obras de reforma en los colegios Azpilaga\u00f1a, Patxi Larrainzar, San Juan de la Cadena y V\u00e1zquez de Mella por un importe de 280.387 euros<\/title>\n<meta name=\"robots\" content=\"index, follow, max-snippet:-1, max-image-preview:large, max-video-preview:-1\" \/>\n<link rel=\"canonical\" href=\"https:\/\/www.laguiadepamplona.com\/actualidad\/adjudicadas-las-obras-de-reforma-en-los-colegios-azpilagana-patxi-larrainzar-san-juan-de-la-cadena-y-vazquez-de-mella-por-un-importe-de-280-387-euros\/\" \/>\n<meta property=\"og:locale\" content=\"es_ES\" \/>\n<meta property=\"og:type\" content=\"article\" \/>\n<meta property=\"og:title\" content=\"Adjudicadas las obras de reforma en los colegios Azpilaga\u00f1a, Patxi Larrainzar, San Juan de la Cadena y V\u00e1zquez de Mella por un importe de 280.387 euros\" \/>\n<meta property=\"og:description\" content=\"Los trabajos comenzar\u00e1n en los pr\u00f3ximos d\u00edas y consistir\u00e1n en la reforma de los ba\u00f1os de los cuatro centros\" \/>\n<meta property=\"og:url\" content=\"https:\/\/www.laguiadepamplona.com\/actualidad\/adjudicadas-las-obras-de-reforma-en-los-colegios-azpilagana-patxi-larrainzar-san-juan-de-la-cadena-y-vazquez-de-mella-por-un-importe-de-280-387-euros\/\" \/>\n<meta property=\"og:site_name\" content=\"La Gu\u00eda de Pamplona\" \/>\n<meta property=\"article:publisher\" content=\"https:\/\/www.facebook.com\/laguiadepamplonacom-133175176762273\/?ref=hl\" \/>\n<meta property=\"article:published_time\" content=\"2016-11-14T10:33:42+00:00\" \/>\n<meta property=\"article:modified_time\" content=\"2016-12-09T10:34:11+00:00\" \/>\n<meta property=\"og:image\" content=\"https:\/\/www.laguiadepamplona.com\/actualidad\/wp-content\/uploads\/2016\/11\/Ayto_Pamplona.jpg\" \/>\n\t<meta property=\"og:image:width\" content=\"900\" \/>\n\t<meta property=\"og:image:height\" content=\"675\" \/>\n\t<meta property=\"og:image:type\" content=\"image\/jpeg\" \/>\n<meta name=\"author\" content=\"La Gu\u00eda de Pamplona\" \/>\n<meta name=\"twitter:card\" content=\"summary_large_image\" \/>\n<meta name=\"twitter:creator\" content=\"@LaGuiadPamplona\" \/>\n<meta name=\"twitter:site\" content=\"@LaGuiadPamplona\" \/>\n<meta name=\"twitter:label1\" content=\"Escrito por\" \/>\n\t<meta name=\"twitter:data1\" content=\"La Gu\u00eda de Pamplona\" \/>\n\t<meta name=\"twitter:label2\" content=\"Tiempo de lectura\" \/>\n\t<meta name=\"twitter:data2\" content=\"2 minutos\" \/>\n<script type=\"application\/ld+json\" class=\"yoast-schema-graph\">{\"@context\":\"https:\\\/\\\/schema.org\",\"@graph\":[{\"@type\":\"Article\",\"@id\":\"https:\\\/\\\/www.laguiadepamplona.com\\\/actualidad\\\/adjudicadas-las-obras-de-reforma-en-los-colegios-azpilagana-patxi-larrainzar-san-juan-de-la-cadena-y-vazquez-de-mella-por-un-importe-de-280-387-euros\\\/#article\",\"isPartOf\":{\"@id\":\"https:\\\/\\\/www.laguiadepamplona.com\\\/actualidad\\\/adjudicadas-las-obras-de-reforma-en-los-colegios-azpilagana-patxi-larrainzar-san-juan-de-la-cadena-y-vazquez-de-mella-por-un-importe-de-280-387-euros\\\/\"},\"author\":{\"name\":\"La Gu\u00eda de Pamplona\",\"@id\":\"https:\\\/\\\/www.laguiadepamplona.com\\\/actualidad\\\/#\\\/schema\\\/person\\\/efe887376f0213d4657c93adc50b1fdb\"},\"headline\":\"Adjudicadas las obras de reforma en los colegios Azpilaga\u00f1a, Patxi Larrainzar, San Juan de la Cadena y V\u00e1zquez de Mella por un importe de 280.387 euros\",\"datePublished\":\"2016-11-14T10:33:42+00:00\",\"dateModified\":\"2016-12-09T10:34:11+00:00\",\"mainEntityOfPage\":{\"@id\":\"https:\\\/\\\/www.laguiadepamplona.com\\\/actualidad\\\/adjudicadas-las-obras-de-reforma-en-los-colegios-azpilagana-patxi-larrainzar-san-juan-de-la-cadena-y-vazquez-de-mella-por-un-importe-de-280-387-euros\\\/\"},\"wordCount\":455,\"publisher\":{\"@id\":\"https:\\\/\\\/www.laguiadepamplona.com\\\/actualidad\\\/#organization\"},\"image\":{\"@id\":\"https:\\\/\\\/www.laguiadepamplona.com\\\/actualidad\\\/adjudicadas-las-obras-de-reforma-en-los-colegios-azpilagana-patxi-larrainzar-san-juan-de-la-cadena-y-vazquez-de-mella-por-un-importe-de-280-387-euros\\\/#primaryimage\"},\"thumbnailUrl\":\"https:\\\/\\\/www.laguiadepamplona.com\\\/actualidad\\\/wp-content\\\/uploads\\\/2016\\\/11\\\/Ayto_Pamplona.jpg\",\"articleSection\":[\"Ayto Pamplona\"],\"inLanguage\":\"es\"},{\"@type\":\"WebPage\",\"@id\":\"https:\\\/\\\/www.laguiadepamplona.com\\\/actualidad\\\/adjudicadas-las-obras-de-reforma-en-los-colegios-azpilagana-patxi-larrainzar-san-juan-de-la-cadena-y-vazquez-de-mella-por-un-importe-de-280-387-euros\\\/\",\"url\":\"https:\\\/\\\/www.laguiadepamplona.com\\\/actualidad\\\/adjudicadas-las-obras-de-reforma-en-los-colegios-azpilagana-patxi-larrainzar-san-juan-de-la-cadena-y-vazquez-de-mella-por-un-importe-de-280-387-euros\\\/\",\"name\":\"Adjudicadas las obras de reforma en los colegios Azpilaga\u00f1a, Patxi Larrainzar, San Juan de la Cadena y V\u00e1zquez de Mella por un importe de 280.387 euros\",\"isPartOf\":{\"@id\":\"https:\\\/\\\/www.laguiadepamplona.com\\\/actualidad\\\/#website\"},\"primaryImageOfPage\":{\"@id\":\"https:\\\/\\\/www.laguiadepamplona.com\\\/actualidad\\\/adjudicadas-las-obras-de-reforma-en-los-colegios-azpilagana-patxi-larrainzar-san-juan-de-la-cadena-y-vazquez-de-mella-por-un-importe-de-280-387-euros\\\/#primaryimage\"},\"image\":{\"@id\":\"https:\\\/\\\/www.laguiadepamplona.com\\\/actualidad\\\/adjudicadas-las-obras-de-reforma-en-los-colegios-azpilagana-patxi-larrainzar-san-juan-de-la-cadena-y-vazquez-de-mella-por-un-importe-de-280-387-euros\\\/#primaryimage\"},\"thumbnailUrl\":\"https:\\\/\\\/www.laguiadepamplona.com\\\/actualidad\\\/wp-content\\\/uploads\\\/2016\\\/11\\\/Ayto_Pamplona.jpg\",\"datePublished\":\"2016-11-14T10:33:42+00:00\",\"dateModified\":\"2016-12-09T10:34:11+00:00\",\"breadcrumb\":{\"@id\":\"https:\\\/\\\/www.laguiadepamplona.com\\\/actualidad\\\/adjudicadas-las-obras-de-reforma-en-los-colegios-azpilagana-patxi-larrainzar-san-juan-de-la-cadena-y-vazquez-de-mella-por-un-importe-de-280-387-euros\\\/#breadcrumb\"},\"inLanguage\":\"es\",\"potentialAction\":[{\"@type\":\"ReadAction\",\"target\":[\"https:\\\/\\\/www.laguiadepamplona.com\\\/actualidad\\\/adjudicadas-las-obras-de-reforma-en-los-colegios-azpilagana-patxi-larrainzar-san-juan-de-la-cadena-y-vazquez-de-mella-por-un-importe-de-280-387-euros\\\/\"]}]},{\"@type\":\"ImageObject\",\"inLanguage\":\"es\",\"@id\":\"https:\\\/\\\/www.laguiadepamplona.com\\\/actualidad\\\/adjudicadas-las-obras-de-reforma-en-los-colegios-azpilagana-patxi-larrainzar-san-juan-de-la-cadena-y-vazquez-de-mella-por-un-importe-de-280-387-euros\\\/#primaryimage\",\"url\":\"https:\\\/\\\/www.laguiadepamplona.com\\\/actualidad\\\/wp-content\\\/uploads\\\/2016\\\/11\\\/Ayto_Pamplona.jpg\",\"contentUrl\":\"https:\\\/\\\/www.laguiadepamplona.com\\\/actualidad\\\/wp-content\\\/uploads\\\/2016\\\/11\\\/Ayto_Pamplona.jpg\",\"width\":900,\"height\":675},{\"@type\":\"BreadcrumbList\",\"@id\":\"https:\\\/\\\/www.laguiadepamplona.com\\\/actualidad\\\/adjudicadas-las-obras-de-reforma-en-los-colegios-azpilagana-patxi-larrainzar-san-juan-de-la-cadena-y-vazquez-de-mella-por-un-importe-de-280-387-euros\\\/#breadcrumb\",\"itemListElement\":[{\"@type\":\"ListItem\",\"position\":1,\"name\":\"Portada\",\"item\":\"https:\\\/\\\/www.laguiadepamplona.com\\\/actualidad\\\/\"},{\"@type\":\"ListItem\",\"position\":2,\"name\":\"Adjudicadas las obras de reforma en los colegios Azpilaga\u00f1a, Patxi Larrainzar, San Juan de la Cadena y V\u00e1zquez de Mella por un importe de 280.387 euros\"}]},{\"@type\":\"WebSite\",\"@id\":\"https:\\\/\\\/www.laguiadepamplona.com\\\/actualidad\\\/#website\",\"url\":\"https:\\\/\\\/www.laguiadepamplona.com\\\/actualidad\\\/\",\"name\":\"La gu\u00eda de Pamplona\",\"description\":\"Noticias de Pamplona\",\"publisher\":{\"@id\":\"https:\\\/\\\/www.laguiadepamplona.com\\\/actualidad\\\/#organization\"},\"potentialAction\":[{\"@type\":\"SearchAction\",\"target\":{\"@type\":\"EntryPoint\",\"urlTemplate\":\"https:\\\/\\\/www.laguiadepamplona.com\\\/actualidad\\\/?s={search_term_string}\"},\"query-input\":{\"@type\":\"PropertyValueSpecification\",\"valueRequired\":true,\"valueName\":\"search_term_string\"}}],\"inLanguage\":\"es\"},{\"@type\":\"Organization\",\"@id\":\"https:\\\/\\\/www.laguiadepamplona.com\\\/actualidad\\\/#organization\",\"name\":\"La Gu\u00eda de Pamplona \\\/ Noticias\",\"url\":\"https:\\\/\\\/www.laguiadepamplona.com\\\/actualidad\\\/\",\"logo\":{\"@type\":\"ImageObject\",\"inLanguage\":\"es\",\"@id\":\"https:\\\/\\\/www.laguiadepamplona.com\\\/actualidad\\\/#\\\/schema\\\/logo\\\/image\\\/\",\"url\":\"https:\\\/\\\/www.laguiadepamplona.com\\\/actualidad\\\/wp-content\\\/uploads\\\/2018\\\/11\\\/logo-laguiadepamplona18-web1.png\",\"contentUrl\":\"https:\\\/\\\/www.laguiadepamplona.com\\\/actualidad\\\/wp-content\\\/uploads\\\/2018\\\/11\\\/logo-laguiadepamplona18-web1.png\",\"width\":600,\"height\":196,\"caption\":\"La Gu\u00eda de Pamplona \\\/ Noticias\"},\"image\":{\"@id\":\"https:\\\/\\\/www.laguiadepamplona.com\\\/actualidad\\\/#\\\/schema\\\/logo\\\/image\\\/\"},\"sameAs\":[\"https:\\\/\\\/www.facebook.com\\\/laguiadepamplonacom-133175176762273\\\/?ref=hl\",\"https:\\\/\\\/x.com\\\/LaGuiadPamplona\",\"https:\\\/\\\/www.instagram.com\\\/la_guia_de_pamplona\\\/\",\"https:\\\/\\\/www.youtube.com\\\/user\\\/laguiadepamplona\"]},{\"@type\":\"Person\",\"@id\":\"https:\\\/\\\/www.laguiadepamplona.com\\\/actualidad\\\/#\\\/schema\\\/person\\\/efe887376f0213d4657c93adc50b1fdb\",\"name\":\"La Gu\u00eda de Pamplona\",\"image\":{\"@type\":\"ImageObject\",\"inLanguage\":\"es\",\"@id\":\"https:\\\/\\\/secure.gravatar.com\\\/avatar\\\/b6992f131dc8d30ab0dff15446e9d346d9dbd95992de0fef795073f5ea83a81c?s=96&d=mm&r=g\",\"url\":\"https:\\\/\\\/secure.gravatar.com\\\/avatar\\\/b6992f131dc8d30ab0dff15446e9d346d9dbd95992de0fef795073f5ea83a81c?s=96&d=mm&r=g\",\"contentUrl\":\"https:\\\/\\\/secure.gravatar.com\\\/avatar\\\/b6992f131dc8d30ab0dff15446e9d346d9dbd95992de0fef795073f5ea83a81c?s=96&d=mm&r=g\",\"caption\":\"La Gu\u00eda de Pamplona\"}}]}<\/script>\n<!-- \/ Yoast SEO plugin. -->","yoast_head_json":{"title":"Adjudicadas las obras de reforma en los colegios Azpilaga\u00f1a, Patxi Larrainzar, San Juan de la Cadena y V\u00e1zquez de Mella por un importe de 280.387 euros","robots":{"index":"index","follow":"follow","max-snippet":"max-snippet:-1","max-image-preview":"max-image-preview:large","max-video-preview":"max-video-preview:-1"},"canonical":"https:\/\/www.laguiadepamplona.com\/actualidad\/adjudicadas-las-obras-de-reforma-en-los-colegios-azpilagana-patxi-larrainzar-san-juan-de-la-cadena-y-vazquez-de-mella-por-un-importe-de-280-387-euros\/","og_locale":"es_ES","og_type":"article","og_title":"Adjudicadas las obras de reforma en los colegios Azpilaga\u00f1a, Patxi Larrainzar, San Juan de la Cadena y V\u00e1zquez de Mella por un importe de 280.387 euros","og_description":"Los trabajos comenzar\u00e1n en los pr\u00f3ximos d\u00edas y consistir\u00e1n en la reforma de los ba\u00f1os de los cuatro centros","og_url":"https:\/\/www.laguiadepamplona.com\/actualidad\/adjudicadas-las-obras-de-reforma-en-los-colegios-azpilagana-patxi-larrainzar-san-juan-de-la-cadena-y-vazquez-de-mella-por-un-importe-de-280-387-euros\/","og_site_name":"La Gu\u00eda de Pamplona","article_publisher":"https:\/\/www.facebook.com\/laguiadepamplonacom-133175176762273\/?ref=hl","article_published_time":"2016-11-14T10:33:42+00:00","article_modified_time":"2016-12-09T10:34:11+00:00","og_image":[{"width":900,"height":675,"url":"https:\/\/www.laguiadepamplona.com\/actualidad\/wp-content\/uploads\/2016\/11\/Ayto_Pamplona.jpg","type":"image\/jpeg"}],"author":"La Gu\u00eda de Pamplona","twitter_card":"summary_large_image","twitter_creator":"@LaGuiadPamplona","twitter_site":"@LaGuiadPamplona","twitter_misc":{"Escrito por":"La Gu\u00eda de Pamplona","Tiempo de lectura":"2 minutos"},"schema":{"@context":"https:\/\/schema.org","@graph":[{"@type":"Article","@id":"https:\/\/www.laguiadepamplona.com\/actualidad\/adjudicadas-las-obras-de-reforma-en-los-colegios-azpilagana-patxi-larrainzar-san-juan-de-la-cadena-y-vazquez-de-mella-por-un-importe-de-280-387-euros\/#article","isPartOf":{"@id":"https:\/\/www.laguiadepamplona.com\/actualidad\/adjudicadas-las-obras-de-reforma-en-los-colegios-azpilagana-patxi-larrainzar-san-juan-de-la-cadena-y-vazquez-de-mella-por-un-importe-de-280-387-euros\/"},"author":{"name":"La Gu\u00eda de Pamplona","@id":"https:\/\/www.laguiadepamplona.com\/actualidad\/#\/schema\/person\/efe887376f0213d4657c93adc50b1fdb"},"headline":"Adjudicadas las obras de reforma en los colegios Azpilaga\u00f1a, Patxi Larrainzar, San Juan de la Cadena y V\u00e1zquez de Mella por un importe de 280.387 euros","datePublished":"2016-11-14T10:33:42+00:00","dateModified":"2016-12-09T10:34:11+00:00","mainEntityOfPage":{"@id":"https:\/\/www.laguiadepamplona.com\/actualidad\/adjudicadas-las-obras-de-reforma-en-los-colegios-azpilagana-patxi-larrainzar-san-juan-de-la-cadena-y-vazquez-de-mella-por-un-importe-de-280-387-euros\/"},"wordCount":455,"publisher":{"@id":"https:\/\/www.laguiadepamplona.com\/actualidad\/#organization"},"image":{"@id":"https:\/\/www.laguiadepamplona.com\/actualidad\/adjudicadas-las-obras-de-reforma-en-los-colegios-azpilagana-patxi-larrainzar-san-juan-de-la-cadena-y-vazquez-de-mella-por-un-importe-de-280-387-euros\/#primaryimage"},"thumbnailUrl":"https:\/\/www.laguiadepamplona.com\/actualidad\/wp-content\/uploads\/2016\/11\/Ayto_Pamplona.jpg","articleSection":["Ayto Pamplona"],"inLanguage":"es"},{"@type":"WebPage","@id":"https:\/\/www.laguiadepamplona.com\/actualidad\/adjudicadas-las-obras-de-reforma-en-los-colegios-azpilagana-patxi-larrainzar-san-juan-de-la-cadena-y-vazquez-de-mella-por-un-importe-de-280-387-euros\/","url":"https:\/\/www.laguiadepamplona.com\/actualidad\/adjudicadas-las-obras-de-reforma-en-los-colegios-azpilagana-patxi-larrainzar-san-juan-de-la-cadena-y-vazquez-de-mella-por-un-importe-de-280-387-euros\/","name":"Adjudicadas las obras de reforma en los colegios Azpilaga\u00f1a, Patxi Larrainzar, San Juan de la Cadena y V\u00e1zquez de Mella por un importe de 280.387 euros","isPartOf":{"@id":"https:\/\/www.laguiadepamplona.com\/actualidad\/#website"},"primaryImageOfPage":{"@id":"https:\/\/www.laguiadepamplona.com\/actualidad\/adjudicadas-las-obras-de-reforma-en-los-colegios-azpilagana-patxi-larrainzar-san-juan-de-la-cadena-y-vazquez-de-mella-por-un-importe-de-280-387-euros\/#primaryimage"},"image":{"@id":"https:\/\/www.laguiadepamplona.com\/actualidad\/adjudicadas-las-obras-de-reforma-en-los-colegios-azpilagana-patxi-larrainzar-san-juan-de-la-cadena-y-vazquez-de-mella-por-un-importe-de-280-387-euros\/#primaryimage"},"thumbnailUrl":"https:\/\/www.laguiadepamplona.com\/actualidad\/wp-content\/uploads\/2016\/11\/Ayto_Pamplona.jpg","datePublished":"2016-11-14T10:33:42+00:00","dateModified":"2016-12-09T10:34:11+00:00","breadcrumb":{"@id":"https:\/\/www.laguiadepamplona.com\/actualidad\/adjudicadas-las-obras-de-reforma-en-los-colegios-azpilagana-patxi-larrainzar-san-juan-de-la-cadena-y-vazquez-de-mella-por-un-importe-de-280-387-euros\/#breadcrumb"},"inLanguage":"es","potentialAction":[{"@type":"ReadAction","target":["https:\/\/www.laguiadepamplona.com\/actualidad\/adjudicadas-las-obras-de-reforma-en-los-colegios-azpilagana-patxi-larrainzar-san-juan-de-la-cadena-y-vazquez-de-mella-por-un-importe-de-280-387-euros\/"]}]},{"@type":"ImageObject","inLanguage":"es","@id":"https:\/\/www.laguiadepamplona.com\/actualidad\/adjudicadas-las-obras-de-reforma-en-los-colegios-azpilagana-patxi-larrainzar-san-juan-de-la-cadena-y-vazquez-de-mella-por-un-importe-de-280-387-euros\/#primaryimage","url":"https:\/\/www.laguiadepamplona.com\/actualidad\/wp-content\/uploads\/2016\/11\/Ayto_Pamplona.jpg","contentUrl":"https:\/\/www.laguiadepamplona.com\/actualidad\/wp-content\/uploads\/2016\/11\/Ayto_Pamplona.jpg","width":900,"height":675},{"@type":"BreadcrumbList","@id":"https:\/\/www.laguiadepamplona.com\/actualidad\/adjudicadas-las-obras-de-reforma-en-los-colegios-azpilagana-patxi-larrainzar-san-juan-de-la-cadena-y-vazquez-de-mella-por-un-importe-de-280-387-euros\/#breadcrumb","itemListElement":[{"@type":"ListItem","position":1,"name":"Portada","item":"https:\/\/www.laguiadepamplona.com\/actualidad\/"},{"@type":"ListItem","position":2,"name":"Adjudicadas las obras de reforma en los colegios Azpilaga\u00f1a, Patxi Larrainzar, San Juan de la Cadena y V\u00e1zquez de Mella por un importe de 280.387 euros"}]},{"@type":"WebSite","@id":"https:\/\/www.laguiadepamplona.com\/actualidad\/#website","url":"https:\/\/www.laguiadepamplona.com\/actualidad\/","name":"La gu\u00eda de Pamplona","description":"Noticias de Pamplona","publisher":{"@id":"https:\/\/www.laguiadepamplona.com\/actualidad\/#organization"},"potentialAction":[{"@type":"SearchAction","target":{"@type":"EntryPoint","urlTemplate":"https:\/\/www.laguiadepamplona.com\/actualidad\/?s={search_term_string}"},"query-input":{"@type":"PropertyValueSpecification","valueRequired":true,"valueName":"search_term_string"}}],"inLanguage":"es"},{"@type":"Organization","@id":"https:\/\/www.laguiadepamplona.com\/actualidad\/#organization","name":"La Gu\u00eda de Pamplona \/ Noticias","url":"https:\/\/www.laguiadepamplona.com\/actualidad\/","logo":{"@type":"ImageObject","inLanguage":"es","@id":"https:\/\/www.laguiadepamplona.com\/actualidad\/#\/schema\/logo\/image\/","url":"https:\/\/www.laguiadepamplona.com\/actualidad\/wp-content\/uploads\/2018\/11\/logo-laguiadepamplona18-web1.png","contentUrl":"https:\/\/www.laguiadepamplona.com\/actualidad\/wp-content\/uploads\/2018\/11\/logo-laguiadepamplona18-web1.png","width":600,"height":196,"caption":"La Gu\u00eda de Pamplona \/ Noticias"},"image":{"@id":"https:\/\/www.laguiadepamplona.com\/actualidad\/#\/schema\/logo\/image\/"},"sameAs":["https:\/\/www.facebook.com\/laguiadepamplonacom-133175176762273\/?ref=hl","https:\/\/x.com\/LaGuiadPamplona","https:\/\/www.instagram.com\/la_guia_de_pamplona\/","https:\/\/www.youtube.com\/user\/laguiadepamplona"]},{"@type":"Person","@id":"https:\/\/www.laguiadepamplona.com\/actualidad\/#\/schema\/person\/efe887376f0213d4657c93adc50b1fdb","name":"La Gu\u00eda de Pamplona","image":{"@type":"ImageObject","inLanguage":"es","@id":"https:\/\/secure.gravatar.com\/avatar\/b6992f131dc8d30ab0dff15446e9d346d9dbd95992de0fef795073f5ea83a81c?s=96&d=mm&r=g","url":"https:\/\/secure.gravatar.com\/avatar\/b6992f131dc8d30ab0dff15446e9d346d9dbd95992de0fef795073f5ea83a81c?s=96&d=mm&r=g","contentUrl":"https:\/\/secure.gravatar.com\/avatar\/b6992f131dc8d30ab0dff15446e9d346d9dbd95992de0fef795073f5ea83a81c?s=96&d=mm&r=g","caption":"La Gu\u00eda de Pamplona"}}]}},"post_mailing_queue_ids":[],"_links":{"self":[{"href":"https:\/\/www.laguiadepamplona.com\/actualidad\/wp-json\/wp\/v2\/posts\/11296","targetHints":{"allow":["GET"]}}],"collection":[{"href":"https:\/\/www.laguiadepamplona.com\/actualidad\/wp-json\/wp\/v2\/posts"}],"about":[{"href":"https:\/\/www.laguiadepamplona.com\/actualidad\/wp-json\/wp\/v2\/types\/post"}],"author":[{"embeddable":true,"href":"https:\/\/www.laguiadepamplona.com\/actualidad\/wp-json\/wp\/v2\/users\/1"}],"replies":[{"embeddable":true,"href":"https:\/\/www.laguiadepamplona.com\/actualidad\/wp-json\/wp\/v2\/comments?post=11296"}],"version-history":[{"count":0,"href":"https:\/\/www.laguiadepamplona.com\/actualidad\/wp-json\/wp\/v2\/posts\/11296\/revisions"}],"wp:featuredmedia":[{"embeddable":true,"href":"https:\/\/www.laguiadepamplona.com\/actualidad\/wp-json\/wp\/v2\/media\/10979"}],"wp:attachment":[{"href":"https:\/\/www.laguiadepamplona.com\/actualidad\/wp-json\/wp\/v2\/media?parent=11296"}],"wp:term":[{"taxonomy":"category","embeddable":true,"href":"https:\/\/www.laguiadepamplona.com\/actualidad\/wp-json\/wp\/v2\/categories?post=11296"},{"taxonomy":"post_tag","embeddable":true,"href":"https:\/\/www.laguiadepamplona.com\/actualidad\/wp-json\/wp\/v2\/tags?post=11296"}],"curies":[{"name":"wp","href":"https:\/\/api.w.org\/{rel}","templated":true}]}}