{"id":11292,"date":"2016-11-15T11:32:00","date_gmt":"2016-11-15T10:32:00","guid":{"rendered":"http:\/\/laguiadepamplona.es\/actualidad\/?p=11292"},"modified":"2016-12-09T11:32:32","modified_gmt":"2016-12-09T10:32:32","slug":"civivox-milagrosa-acoge-este-miercoles-una-charla-sobre-la-actitud-ante-la-oportunidad-y-el-fracaso-dentro-del-ciclo-sobre-crecimiento-personal","status":"publish","type":"post","link":"https:\/\/www.laguiadepamplona.com\/actualidad\/civivox-milagrosa-acoge-este-miercoles-una-charla-sobre-la-actitud-ante-la-oportunidad-y-el-fracaso-dentro-del-ciclo-sobre-crecimiento-personal\/","title":{"rendered":"Civivox Milagrosa acoge este mi\u00e9rcoles una charla sobre la actitud ante la oportunidad y el fracaso dentro del ciclo sobre crecimiento personal"},"content":{"rendered":"<h3>La charla comenzar\u00e1 a las 19 horas, con entrada libre, y est\u00e1 adaptada a personas con discapacidad auditiva<\/h3>\n<p><!--more--><\/p>\n<p>Tercera conferencia del ciclo sobre crecimiento personal, autoestima, rutina y nuevas experiencias este mi\u00e9rcoles en Civivox Milagrosa. En esta ocasi\u00f3n se hablar\u00e1 sobre la actitud de las personas ante la oportunidad y el fracaso. La charla se iniciar\u00e1 a las 19 horas, con entrada libre. La actividad est\u00e1 adaptada a personas con discapacidad auditiva.<\/p>\n<p>La actitud ante la vida no debe depender del exterior sino de uno mismo. La importancia de la conducta de cada persona hacia las diferentes situaciones de la vida puede sumar o restar a la propia personalidad. La ponente ser\u00e1 la licenciada en Psicolog\u00eda, Cristina Gon\u00e7alves. Esta conferencia, al igual que el ciclo entero, permite a cada persona conocerse un poco m\u00e1s, buscar el equilibrio hacia una rutina positiva y saber c\u00f3mo la actitud de cada uno juega un papel muy importante en la estabilidad emocional. La rutina es en cada persona diferente y tiene sus partes positivas y necesarias.<\/p>\n<p>El ciclo finalizar\u00e1 la semana que viene, el mi\u00e9rcoles 23 de noviembre, a las 19 horas en Civivox Milagrosa, con una conferencia sobre el aprendizaje que otorgan los cambios. El diplomado social, Leonardo Serrano, hablar\u00e1 de c\u00f3mo afrontar una situaci\u00f3n buscando los recursos personales para aprender a vivir de la mejor manera posible y de c\u00f3mo es posible gestionar una frustraci\u00f3n o insatisfacci\u00f3n y alcanzar el equilibrio emocional.<\/p>\n<p>&nbsp;<\/p>\n<p><strong>Crecimiento personal, autoestima, rutina, nuevas experiencias y estabilidad emocional<\/strong><\/p>\n<ul>\n<li><strong>Mi\u00e9rcoles 16 de noviembre, 19 horas. Civivox Milagrosa<\/strong><\/li>\n<li>La actitud ante la oportunidad y el fracaso<\/li>\n<li>Ponente: Cristina Gon\u00e7alves, licenciada en Psicolog\u00eda<\/li>\n<li><strong>Mi\u00e9rcoles 23 de noviembre, 19 horas. Civivox Milagrosa<\/strong><\/li>\n<li>Aprendiendo de los cambios<\/li>\n<li>Ponente: Leonardo Resano, diplomado social<\/li>\n<\/ul>\n<p>&nbsp;<\/p>\n","protected":false},"excerpt":{"rendered":"<p>La charla comenzar\u00e1 a las 19 horas, con entrada libre, y est\u00e1 adaptada a personas con discapacidad auditiva<\/p>\n","protected":false},"author":1,"featured_media":11074,"comment_status":"closed","ping_status":"closed","sticky":false,"template":"","format":"standard","meta":{"footnotes":""},"categories":[2],"tags":[],"class_list":["post-11292","post","type-post","status-publish","format-standard","has-post-thumbnail","hentry","category-ayuntamiento-pamplona"],"yoast_head":"<!-- This site is optimized with the Yoast SEO plugin v27.5 - https:\/\/yoast.com\/product\/yoast-seo-wordpress\/ -->\n<title>Civivox Milagrosa acoge este mi\u00e9rcoles una charla sobre la actitud ante la oportunidad y el fracaso dentro del ciclo sobre crecimiento personal<\/title>\n<meta name=\"robots\" content=\"index, follow, max-snippet:-1, max-image-preview:large, max-video-preview:-1\" \/>\n<link rel=\"canonical\" href=\"https:\/\/www.laguiadepamplona.com\/actualidad\/civivox-milagrosa-acoge-este-miercoles-una-charla-sobre-la-actitud-ante-la-oportunidad-y-el-fracaso-dentro-del-ciclo-sobre-crecimiento-personal\/\" \/>\n<meta property=\"og:locale\" content=\"es_ES\" \/>\n<meta property=\"og:type\" content=\"article\" \/>\n<meta property=\"og:title\" content=\"Civivox Milagrosa acoge este mi\u00e9rcoles una charla sobre la actitud ante la oportunidad y el fracaso dentro del ciclo sobre crecimiento personal\" \/>\n<meta property=\"og:description\" content=\"La charla comenzar\u00e1 a las 19 horas, con entrada libre, y est\u00e1 adaptada a personas con discapacidad auditiva\" \/>\n<meta property=\"og:url\" content=\"https:\/\/www.laguiadepamplona.com\/actualidad\/civivox-milagrosa-acoge-este-miercoles-una-charla-sobre-la-actitud-ante-la-oportunidad-y-el-fracaso-dentro-del-ciclo-sobre-crecimiento-personal\/\" \/>\n<meta property=\"og:site_name\" content=\"La Gu\u00eda de Pamplona\" \/>\n<meta property=\"article:publisher\" content=\"https:\/\/www.facebook.com\/laguiadepamplonacom-133175176762273\/?ref=hl\" \/>\n<meta property=\"article:published_time\" content=\"2016-11-15T10:32:00+00:00\" \/>\n<meta property=\"article:modified_time\" content=\"2016-12-09T10:32:32+00:00\" \/>\n<meta property=\"og:image\" content=\"https:\/\/www.laguiadepamplona.com\/actualidad\/wp-content\/uploads\/2016\/12\/civivox-milagrosa-900x598.jpg\" \/>\n\t<meta property=\"og:image:width\" content=\"900\" \/>\n\t<meta property=\"og:image:height\" content=\"598\" \/>\n\t<meta property=\"og:image:type\" content=\"image\/jpeg\" \/>\n<meta name=\"author\" content=\"La Gu\u00eda de Pamplona\" \/>\n<meta name=\"twitter:card\" content=\"summary_large_image\" \/>\n<meta name=\"twitter:creator\" content=\"@LaGuiadPamplona\" \/>\n<meta name=\"twitter:site\" content=\"@LaGuiadPamplona\" \/>\n<meta name=\"twitter:label1\" content=\"Escrito por\" \/>\n\t<meta name=\"twitter:data1\" content=\"La Gu\u00eda de Pamplona\" \/>\n\t<meta name=\"twitter:label2\" content=\"Tiempo de lectura\" \/>\n\t<meta name=\"twitter:data2\" content=\"1 minuto\" \/>\n<script type=\"application\/ld+json\" class=\"yoast-schema-graph\">{\"@context\":\"https:\\\/\\\/schema.org\",\"@graph\":[{\"@type\":\"Article\",\"@id\":\"https:\\\/\\\/www.laguiadepamplona.com\\\/actualidad\\\/civivox-milagrosa-acoge-este-miercoles-una-charla-sobre-la-actitud-ante-la-oportunidad-y-el-fracaso-dentro-del-ciclo-sobre-crecimiento-personal\\\/#article\",\"isPartOf\":{\"@id\":\"https:\\\/\\\/www.laguiadepamplona.com\\\/actualidad\\\/civivox-milagrosa-acoge-este-miercoles-una-charla-sobre-la-actitud-ante-la-oportunidad-y-el-fracaso-dentro-del-ciclo-sobre-crecimiento-personal\\\/\"},\"author\":{\"name\":\"La Gu\u00eda de Pamplona\",\"@id\":\"https:\\\/\\\/www.laguiadepamplona.com\\\/actualidad\\\/#\\\/schema\\\/person\\\/efe887376f0213d4657c93adc50b1fdb\"},\"headline\":\"Civivox Milagrosa acoge este mi\u00e9rcoles una charla sobre la actitud ante la oportunidad y el fracaso dentro del ciclo sobre crecimiento personal\",\"datePublished\":\"2016-11-15T10:32:00+00:00\",\"dateModified\":\"2016-12-09T10:32:32+00:00\",\"mainEntityOfPage\":{\"@id\":\"https:\\\/\\\/www.laguiadepamplona.com\\\/actualidad\\\/civivox-milagrosa-acoge-este-miercoles-una-charla-sobre-la-actitud-ante-la-oportunidad-y-el-fracaso-dentro-del-ciclo-sobre-crecimiento-personal\\\/\"},\"wordCount\":321,\"publisher\":{\"@id\":\"https:\\\/\\\/www.laguiadepamplona.com\\\/actualidad\\\/#organization\"},\"image\":{\"@id\":\"https:\\\/\\\/www.laguiadepamplona.com\\\/actualidad\\\/civivox-milagrosa-acoge-este-miercoles-una-charla-sobre-la-actitud-ante-la-oportunidad-y-el-fracaso-dentro-del-ciclo-sobre-crecimiento-personal\\\/#primaryimage\"},\"thumbnailUrl\":\"https:\\\/\\\/www.laguiadepamplona.com\\\/actualidad\\\/wp-content\\\/uploads\\\/2016\\\/12\\\/civivox-milagrosa-900x598.jpg\",\"articleSection\":[\"Ayto Pamplona\"],\"inLanguage\":\"es\"},{\"@type\":\"WebPage\",\"@id\":\"https:\\\/\\\/www.laguiadepamplona.com\\\/actualidad\\\/civivox-milagrosa-acoge-este-miercoles-una-charla-sobre-la-actitud-ante-la-oportunidad-y-el-fracaso-dentro-del-ciclo-sobre-crecimiento-personal\\\/\",\"url\":\"https:\\\/\\\/www.laguiadepamplona.com\\\/actualidad\\\/civivox-milagrosa-acoge-este-miercoles-una-charla-sobre-la-actitud-ante-la-oportunidad-y-el-fracaso-dentro-del-ciclo-sobre-crecimiento-personal\\\/\",\"name\":\"Civivox Milagrosa acoge este mi\u00e9rcoles una charla sobre la actitud ante la oportunidad y el fracaso dentro del ciclo sobre crecimiento personal\",\"isPartOf\":{\"@id\":\"https:\\\/\\\/www.laguiadepamplona.com\\\/actualidad\\\/#website\"},\"primaryImageOfPage\":{\"@id\":\"https:\\\/\\\/www.laguiadepamplona.com\\\/actualidad\\\/civivox-milagrosa-acoge-este-miercoles-una-charla-sobre-la-actitud-ante-la-oportunidad-y-el-fracaso-dentro-del-ciclo-sobre-crecimiento-personal\\\/#primaryimage\"},\"image\":{\"@id\":\"https:\\\/\\\/www.laguiadepamplona.com\\\/actualidad\\\/civivox-milagrosa-acoge-este-miercoles-una-charla-sobre-la-actitud-ante-la-oportunidad-y-el-fracaso-dentro-del-ciclo-sobre-crecimiento-personal\\\/#primaryimage\"},\"thumbnailUrl\":\"https:\\\/\\\/www.laguiadepamplona.com\\\/actualidad\\\/wp-content\\\/uploads\\\/2016\\\/12\\\/civivox-milagrosa-900x598.jpg\",\"datePublished\":\"2016-11-15T10:32:00+00:00\",\"dateModified\":\"2016-12-09T10:32:32+00:00\",\"breadcrumb\":{\"@id\":\"https:\\\/\\\/www.laguiadepamplona.com\\\/actualidad\\\/civivox-milagrosa-acoge-este-miercoles-una-charla-sobre-la-actitud-ante-la-oportunidad-y-el-fracaso-dentro-del-ciclo-sobre-crecimiento-personal\\\/#breadcrumb\"},\"inLanguage\":\"es\",\"potentialAction\":[{\"@type\":\"ReadAction\",\"target\":[\"https:\\\/\\\/www.laguiadepamplona.com\\\/actualidad\\\/civivox-milagrosa-acoge-este-miercoles-una-charla-sobre-la-actitud-ante-la-oportunidad-y-el-fracaso-dentro-del-ciclo-sobre-crecimiento-personal\\\/\"]}]},{\"@type\":\"ImageObject\",\"inLanguage\":\"es\",\"@id\":\"https:\\\/\\\/www.laguiadepamplona.com\\\/actualidad\\\/civivox-milagrosa-acoge-este-miercoles-una-charla-sobre-la-actitud-ante-la-oportunidad-y-el-fracaso-dentro-del-ciclo-sobre-crecimiento-personal\\\/#primaryimage\",\"url\":\"https:\\\/\\\/www.laguiadepamplona.com\\\/actualidad\\\/wp-content\\\/uploads\\\/2016\\\/12\\\/civivox-milagrosa-900x598.jpg\",\"contentUrl\":\"https:\\\/\\\/www.laguiadepamplona.com\\\/actualidad\\\/wp-content\\\/uploads\\\/2016\\\/12\\\/civivox-milagrosa-900x598.jpg\",\"width\":900,\"height\":598},{\"@type\":\"BreadcrumbList\",\"@id\":\"https:\\\/\\\/www.laguiadepamplona.com\\\/actualidad\\\/civivox-milagrosa-acoge-este-miercoles-una-charla-sobre-la-actitud-ante-la-oportunidad-y-el-fracaso-dentro-del-ciclo-sobre-crecimiento-personal\\\/#breadcrumb\",\"itemListElement\":[{\"@type\":\"ListItem\",\"position\":1,\"name\":\"Portada\",\"item\":\"https:\\\/\\\/www.laguiadepamplona.com\\\/actualidad\\\/\"},{\"@type\":\"ListItem\",\"position\":2,\"name\":\"Civivox Milagrosa acoge este mi\u00e9rcoles una charla sobre la actitud ante la oportunidad y el fracaso dentro del ciclo sobre crecimiento personal\"}]},{\"@type\":\"WebSite\",\"@id\":\"https:\\\/\\\/www.laguiadepamplona.com\\\/actualidad\\\/#website\",\"url\":\"https:\\\/\\\/www.laguiadepamplona.com\\\/actualidad\\\/\",\"name\":\"La gu\u00eda de Pamplona\",\"description\":\"Noticias de Pamplona\",\"publisher\":{\"@id\":\"https:\\\/\\\/www.laguiadepamplona.com\\\/actualidad\\\/#organization\"},\"potentialAction\":[{\"@type\":\"SearchAction\",\"target\":{\"@type\":\"EntryPoint\",\"urlTemplate\":\"https:\\\/\\\/www.laguiadepamplona.com\\\/actualidad\\\/?s={search_term_string}\"},\"query-input\":{\"@type\":\"PropertyValueSpecification\",\"valueRequired\":true,\"valueName\":\"search_term_string\"}}],\"inLanguage\":\"es\"},{\"@type\":\"Organization\",\"@id\":\"https:\\\/\\\/www.laguiadepamplona.com\\\/actualidad\\\/#organization\",\"name\":\"La Gu\u00eda de Pamplona \\\/ Noticias\",\"url\":\"https:\\\/\\\/www.laguiadepamplona.com\\\/actualidad\\\/\",\"logo\":{\"@type\":\"ImageObject\",\"inLanguage\":\"es\",\"@id\":\"https:\\\/\\\/www.laguiadepamplona.com\\\/actualidad\\\/#\\\/schema\\\/logo\\\/image\\\/\",\"url\":\"https:\\\/\\\/www.laguiadepamplona.com\\\/actualidad\\\/wp-content\\\/uploads\\\/2018\\\/11\\\/logo-laguiadepamplona18-web1.png\",\"contentUrl\":\"https:\\\/\\\/www.laguiadepamplona.com\\\/actualidad\\\/wp-content\\\/uploads\\\/2018\\\/11\\\/logo-laguiadepamplona18-web1.png\",\"width\":600,\"height\":196,\"caption\":\"La Gu\u00eda de Pamplona \\\/ Noticias\"},\"image\":{\"@id\":\"https:\\\/\\\/www.laguiadepamplona.com\\\/actualidad\\\/#\\\/schema\\\/logo\\\/image\\\/\"},\"sameAs\":[\"https:\\\/\\\/www.facebook.com\\\/laguiadepamplonacom-133175176762273\\\/?ref=hl\",\"https:\\\/\\\/x.com\\\/LaGuiadPamplona\",\"https:\\\/\\\/www.instagram.com\\\/la_guia_de_pamplona\\\/\",\"https:\\\/\\\/www.youtube.com\\\/user\\\/laguiadepamplona\"]},{\"@type\":\"Person\",\"@id\":\"https:\\\/\\\/www.laguiadepamplona.com\\\/actualidad\\\/#\\\/schema\\\/person\\\/efe887376f0213d4657c93adc50b1fdb\",\"name\":\"La Gu\u00eda de Pamplona\",\"image\":{\"@type\":\"ImageObject\",\"inLanguage\":\"es\",\"@id\":\"https:\\\/\\\/secure.gravatar.com\\\/avatar\\\/b6992f131dc8d30ab0dff15446e9d346d9dbd95992de0fef795073f5ea83a81c?s=96&d=mm&r=g\",\"url\":\"https:\\\/\\\/secure.gravatar.com\\\/avatar\\\/b6992f131dc8d30ab0dff15446e9d346d9dbd95992de0fef795073f5ea83a81c?s=96&d=mm&r=g\",\"contentUrl\":\"https:\\\/\\\/secure.gravatar.com\\\/avatar\\\/b6992f131dc8d30ab0dff15446e9d346d9dbd95992de0fef795073f5ea83a81c?s=96&d=mm&r=g\",\"caption\":\"La Gu\u00eda de Pamplona\"}}]}<\/script>\n<!-- \/ Yoast SEO plugin. -->","yoast_head_json":{"title":"Civivox Milagrosa acoge este mi\u00e9rcoles una charla sobre la actitud ante la oportunidad y el fracaso dentro del ciclo sobre crecimiento personal","robots":{"index":"index","follow":"follow","max-snippet":"max-snippet:-1","max-image-preview":"max-image-preview:large","max-video-preview":"max-video-preview:-1"},"canonical":"https:\/\/www.laguiadepamplona.com\/actualidad\/civivox-milagrosa-acoge-este-miercoles-una-charla-sobre-la-actitud-ante-la-oportunidad-y-el-fracaso-dentro-del-ciclo-sobre-crecimiento-personal\/","og_locale":"es_ES","og_type":"article","og_title":"Civivox Milagrosa acoge este mi\u00e9rcoles una charla sobre la actitud ante la oportunidad y el fracaso dentro del ciclo sobre crecimiento personal","og_description":"La charla comenzar\u00e1 a las 19 horas, con entrada libre, y est\u00e1 adaptada a personas con discapacidad auditiva","og_url":"https:\/\/www.laguiadepamplona.com\/actualidad\/civivox-milagrosa-acoge-este-miercoles-una-charla-sobre-la-actitud-ante-la-oportunidad-y-el-fracaso-dentro-del-ciclo-sobre-crecimiento-personal\/","og_site_name":"La Gu\u00eda de Pamplona","article_publisher":"https:\/\/www.facebook.com\/laguiadepamplonacom-133175176762273\/?ref=hl","article_published_time":"2016-11-15T10:32:00+00:00","article_modified_time":"2016-12-09T10:32:32+00:00","og_image":[{"width":900,"height":598,"url":"https:\/\/www.laguiadepamplona.com\/actualidad\/wp-content\/uploads\/2016\/12\/civivox-milagrosa-900x598.jpg","type":"image\/jpeg"}],"author":"La Gu\u00eda de Pamplona","twitter_card":"summary_large_image","twitter_creator":"@LaGuiadPamplona","twitter_site":"@LaGuiadPamplona","twitter_misc":{"Escrito por":"La Gu\u00eda de Pamplona","Tiempo de lectura":"1 minuto"},"schema":{"@context":"https:\/\/schema.org","@graph":[{"@type":"Article","@id":"https:\/\/www.laguiadepamplona.com\/actualidad\/civivox-milagrosa-acoge-este-miercoles-una-charla-sobre-la-actitud-ante-la-oportunidad-y-el-fracaso-dentro-del-ciclo-sobre-crecimiento-personal\/#article","isPartOf":{"@id":"https:\/\/www.laguiadepamplona.com\/actualidad\/civivox-milagrosa-acoge-este-miercoles-una-charla-sobre-la-actitud-ante-la-oportunidad-y-el-fracaso-dentro-del-ciclo-sobre-crecimiento-personal\/"},"author":{"name":"La Gu\u00eda de Pamplona","@id":"https:\/\/www.laguiadepamplona.com\/actualidad\/#\/schema\/person\/efe887376f0213d4657c93adc50b1fdb"},"headline":"Civivox Milagrosa acoge este mi\u00e9rcoles una charla sobre la actitud ante la oportunidad y el fracaso dentro del ciclo sobre crecimiento personal","datePublished":"2016-11-15T10:32:00+00:00","dateModified":"2016-12-09T10:32:32+00:00","mainEntityOfPage":{"@id":"https:\/\/www.laguiadepamplona.com\/actualidad\/civivox-milagrosa-acoge-este-miercoles-una-charla-sobre-la-actitud-ante-la-oportunidad-y-el-fracaso-dentro-del-ciclo-sobre-crecimiento-personal\/"},"wordCount":321,"publisher":{"@id":"https:\/\/www.laguiadepamplona.com\/actualidad\/#organization"},"image":{"@id":"https:\/\/www.laguiadepamplona.com\/actualidad\/civivox-milagrosa-acoge-este-miercoles-una-charla-sobre-la-actitud-ante-la-oportunidad-y-el-fracaso-dentro-del-ciclo-sobre-crecimiento-personal\/#primaryimage"},"thumbnailUrl":"https:\/\/www.laguiadepamplona.com\/actualidad\/wp-content\/uploads\/2016\/12\/civivox-milagrosa-900x598.jpg","articleSection":["Ayto Pamplona"],"inLanguage":"es"},{"@type":"WebPage","@id":"https:\/\/www.laguiadepamplona.com\/actualidad\/civivox-milagrosa-acoge-este-miercoles-una-charla-sobre-la-actitud-ante-la-oportunidad-y-el-fracaso-dentro-del-ciclo-sobre-crecimiento-personal\/","url":"https:\/\/www.laguiadepamplona.com\/actualidad\/civivox-milagrosa-acoge-este-miercoles-una-charla-sobre-la-actitud-ante-la-oportunidad-y-el-fracaso-dentro-del-ciclo-sobre-crecimiento-personal\/","name":"Civivox Milagrosa acoge este mi\u00e9rcoles una charla sobre la actitud ante la oportunidad y el fracaso dentro del ciclo sobre crecimiento personal","isPartOf":{"@id":"https:\/\/www.laguiadepamplona.com\/actualidad\/#website"},"primaryImageOfPage":{"@id":"https:\/\/www.laguiadepamplona.com\/actualidad\/civivox-milagrosa-acoge-este-miercoles-una-charla-sobre-la-actitud-ante-la-oportunidad-y-el-fracaso-dentro-del-ciclo-sobre-crecimiento-personal\/#primaryimage"},"image":{"@id":"https:\/\/www.laguiadepamplona.com\/actualidad\/civivox-milagrosa-acoge-este-miercoles-una-charla-sobre-la-actitud-ante-la-oportunidad-y-el-fracaso-dentro-del-ciclo-sobre-crecimiento-personal\/#primaryimage"},"thumbnailUrl":"https:\/\/www.laguiadepamplona.com\/actualidad\/wp-content\/uploads\/2016\/12\/civivox-milagrosa-900x598.jpg","datePublished":"2016-11-15T10:32:00+00:00","dateModified":"2016-12-09T10:32:32+00:00","breadcrumb":{"@id":"https:\/\/www.laguiadepamplona.com\/actualidad\/civivox-milagrosa-acoge-este-miercoles-una-charla-sobre-la-actitud-ante-la-oportunidad-y-el-fracaso-dentro-del-ciclo-sobre-crecimiento-personal\/#breadcrumb"},"inLanguage":"es","potentialAction":[{"@type":"ReadAction","target":["https:\/\/www.laguiadepamplona.com\/actualidad\/civivox-milagrosa-acoge-este-miercoles-una-charla-sobre-la-actitud-ante-la-oportunidad-y-el-fracaso-dentro-del-ciclo-sobre-crecimiento-personal\/"]}]},{"@type":"ImageObject","inLanguage":"es","@id":"https:\/\/www.laguiadepamplona.com\/actualidad\/civivox-milagrosa-acoge-este-miercoles-una-charla-sobre-la-actitud-ante-la-oportunidad-y-el-fracaso-dentro-del-ciclo-sobre-crecimiento-personal\/#primaryimage","url":"https:\/\/www.laguiadepamplona.com\/actualidad\/wp-content\/uploads\/2016\/12\/civivox-milagrosa-900x598.jpg","contentUrl":"https:\/\/www.laguiadepamplona.com\/actualidad\/wp-content\/uploads\/2016\/12\/civivox-milagrosa-900x598.jpg","width":900,"height":598},{"@type":"BreadcrumbList","@id":"https:\/\/www.laguiadepamplona.com\/actualidad\/civivox-milagrosa-acoge-este-miercoles-una-charla-sobre-la-actitud-ante-la-oportunidad-y-el-fracaso-dentro-del-ciclo-sobre-crecimiento-personal\/#breadcrumb","itemListElement":[{"@type":"ListItem","position":1,"name":"Portada","item":"https:\/\/www.laguiadepamplona.com\/actualidad\/"},{"@type":"ListItem","position":2,"name":"Civivox Milagrosa acoge este mi\u00e9rcoles una charla sobre la actitud ante la oportunidad y el fracaso dentro del ciclo sobre crecimiento personal"}]},{"@type":"WebSite","@id":"https:\/\/www.laguiadepamplona.com\/actualidad\/#website","url":"https:\/\/www.laguiadepamplona.com\/actualidad\/","name":"La gu\u00eda de Pamplona","description":"Noticias de Pamplona","publisher":{"@id":"https:\/\/www.laguiadepamplona.com\/actualidad\/#organization"},"potentialAction":[{"@type":"SearchAction","target":{"@type":"EntryPoint","urlTemplate":"https:\/\/www.laguiadepamplona.com\/actualidad\/?s={search_term_string}"},"query-input":{"@type":"PropertyValueSpecification","valueRequired":true,"valueName":"search_term_string"}}],"inLanguage":"es"},{"@type":"Organization","@id":"https:\/\/www.laguiadepamplona.com\/actualidad\/#organization","name":"La Gu\u00eda de Pamplona \/ Noticias","url":"https:\/\/www.laguiadepamplona.com\/actualidad\/","logo":{"@type":"ImageObject","inLanguage":"es","@id":"https:\/\/www.laguiadepamplona.com\/actualidad\/#\/schema\/logo\/image\/","url":"https:\/\/www.laguiadepamplona.com\/actualidad\/wp-content\/uploads\/2018\/11\/logo-laguiadepamplona18-web1.png","contentUrl":"https:\/\/www.laguiadepamplona.com\/actualidad\/wp-content\/uploads\/2018\/11\/logo-laguiadepamplona18-web1.png","width":600,"height":196,"caption":"La Gu\u00eda de Pamplona \/ Noticias"},"image":{"@id":"https:\/\/www.laguiadepamplona.com\/actualidad\/#\/schema\/logo\/image\/"},"sameAs":["https:\/\/www.facebook.com\/laguiadepamplonacom-133175176762273\/?ref=hl","https:\/\/x.com\/LaGuiadPamplona","https:\/\/www.instagram.com\/la_guia_de_pamplona\/","https:\/\/www.youtube.com\/user\/laguiadepamplona"]},{"@type":"Person","@id":"https:\/\/www.laguiadepamplona.com\/actualidad\/#\/schema\/person\/efe887376f0213d4657c93adc50b1fdb","name":"La Gu\u00eda de Pamplona","image":{"@type":"ImageObject","inLanguage":"es","@id":"https:\/\/secure.gravatar.com\/avatar\/b6992f131dc8d30ab0dff15446e9d346d9dbd95992de0fef795073f5ea83a81c?s=96&d=mm&r=g","url":"https:\/\/secure.gravatar.com\/avatar\/b6992f131dc8d30ab0dff15446e9d346d9dbd95992de0fef795073f5ea83a81c?s=96&d=mm&r=g","contentUrl":"https:\/\/secure.gravatar.com\/avatar\/b6992f131dc8d30ab0dff15446e9d346d9dbd95992de0fef795073f5ea83a81c?s=96&d=mm&r=g","caption":"La Gu\u00eda de Pamplona"}}]}},"post_mailing_queue_ids":[],"_links":{"self":[{"href":"https:\/\/www.laguiadepamplona.com\/actualidad\/wp-json\/wp\/v2\/posts\/11292","targetHints":{"allow":["GET"]}}],"collection":[{"href":"https:\/\/www.laguiadepamplona.com\/actualidad\/wp-json\/wp\/v2\/posts"}],"about":[{"href":"https:\/\/www.laguiadepamplona.com\/actualidad\/wp-json\/wp\/v2\/types\/post"}],"author":[{"embeddable":true,"href":"https:\/\/www.laguiadepamplona.com\/actualidad\/wp-json\/wp\/v2\/users\/1"}],"replies":[{"embeddable":true,"href":"https:\/\/www.laguiadepamplona.com\/actualidad\/wp-json\/wp\/v2\/comments?post=11292"}],"version-history":[{"count":0,"href":"https:\/\/www.laguiadepamplona.com\/actualidad\/wp-json\/wp\/v2\/posts\/11292\/revisions"}],"wp:featuredmedia":[{"embeddable":true,"href":"https:\/\/www.laguiadepamplona.com\/actualidad\/wp-json\/wp\/v2\/media\/11074"}],"wp:attachment":[{"href":"https:\/\/www.laguiadepamplona.com\/actualidad\/wp-json\/wp\/v2\/media?parent=11292"}],"wp:term":[{"taxonomy":"category","embeddable":true,"href":"https:\/\/www.laguiadepamplona.com\/actualidad\/wp-json\/wp\/v2\/categories?post=11292"},{"taxonomy":"post_tag","embeddable":true,"href":"https:\/\/www.laguiadepamplona.com\/actualidad\/wp-json\/wp\/v2\/tags?post=11292"}],"curies":[{"name":"wp","href":"https:\/\/api.w.org\/{rel}","templated":true}]}}