{"id":11286,"date":"2016-11-15T11:29:43","date_gmt":"2016-11-15T10:29:43","guid":{"rendered":"http:\/\/laguiadepamplona.es\/actualidad\/?p=11286"},"modified":"2016-12-09T11:30:24","modified_gmt":"2016-12-09T10:30:24","slug":"la-grasa-los-azucares-y-las-aversiones-alimentarias-son-algunos-de-los-elementos-que-caracterizan-la-mala-alimentacion-infantil","status":"publish","type":"post","link":"https:\/\/www.laguiadepamplona.com\/actualidad\/la-grasa-los-azucares-y-las-aversiones-alimentarias-son-algunos-de-los-elementos-que-caracterizan-la-mala-alimentacion-infantil\/","title":{"rendered":"La grasa, los az\u00facares y las \u2018aversiones alimentarias\u2019 son algunos de los elementos que caracterizan la mala alimentaci\u00f3n infantil"},"content":{"rendered":"<h3>Ma\u00f1ana por la tarde una charla en euskera en Civivox Ensanche hablar\u00e1 de la correcta nutrici\u00f3n de los ni\u00f1os y dar\u00e1 pautas para hacerla saludable<\/h3>\n<p><!--more--><\/p>\n<p>Ma\u00f1ana, mi\u00e9rcoles 16 de noviembre, a las 18 horas, Civivox Ensanche acoger\u00e1 la charla en euskera \u2018Ganorazko elikadura gure umeentzat\/ Una alimentaci\u00f3n adecuada para nuestros ni\u00f1os\u2019. Es una de las dos sesiones de este mes destinada a la alimentaci\u00f3n en distintas etapas de la vida. La sesi\u00f3n correr\u00e1 a cargo de Eneritz Mujika Zuasti, graduada en Nutrici\u00f3n Humana y Diet\u00e9tica por la Universidad de Navarra. La entrada ser\u00e1 libre, previa retirada de invitaci\u00f3n desde una hora antes del comienzo de la actividad, con un m\u00e1ximo de dos por persona; la actividad estar\u00e1 adaptada para personas con discapacidad auditiva.<\/p>\n<p>Como explicar\u00e1 la ponente, dos de las caracter\u00edsticas de la alimentaci\u00f3n de los menores es la resistencia de muchos de ellos a comer determinados alimentos (aversiones alimentarias) y, paralelamente, el consumo de alimentos grasos y azucarados. En la sesi\u00f3n de ma\u00f1ana la especialista tratar\u00e1 de dar pautas para hacer un \u2018Plan nutricional\u2019 con recetas saludables y f\u00e1ciles y as\u00ed ayudar a una alimentaci\u00f3n saludable para los m\u00e1s peque\u00f1os, indicando los productos de temporada de mercados cercanos, e incidiendo en la importancia de la calidad y de la cantidad de los productos.<\/p>\n<p>La pr\u00f3xima sesi\u00f3n de este ciclo se centrar\u00e1, el 30 de noviembre, en la alimentaci\u00f3n para personas mayores. \u2018Los alimentos, la medicina de las personas mayores\u2019 ser\u00e1 la charla impartida por Cristina Fern\u00e1ndez, graduada en Nutrici\u00f3n humana y diet\u00e9tica por la Universidad de Navarra. La etapa de la vejez es un momento en el que hay que tener especial cuidado con lo que se ingiere, tanto en calidad como en equilibrio. Est\u00e1 demostrado que la alimentaci\u00f3n es uno de los factores que previene o reduce el riesgo, adem\u00e1s de servir de tratamiento de ciertas enfermedades y alteraciones org\u00e1nicas. Estas conferencias est\u00e1n organizadas por el Ayuntamiento de Pamplona en colaboraci\u00f3n con el Colegio Oficial de Dietistas-Nutricionistas de Navarra-CODINNA.<\/p>\n<p><strong>S\u00f3lo un 9% de las comidas se hacen en el comedor escolar<\/strong><\/p>\n<p>Con la vuelta al cole muchos padres creen que los men\u00fas especializados de los comedores escolares \u2018toman el relevo\u2019 en el cuidado de la alimentaci\u00f3n saludable de sus hijos. Pues bien, como explicar\u00e1 Mujika Zuasti, en realidad s\u00f3lo un 9% del total de comidas que hacen los ni\u00f1os al cabo del a\u00f1o se realizan en un comedor escolar, es decir: una de las cinco comidas diarias, que tiene lugar en cinco de los siete d\u00edas de la semana. As\u00ed que, aunque no lo parezca, el primer aprendizaje alimentario y el m\u00e1s importante se produce en el n\u00facleo familiar.<\/p>\n<p>El acto de comer, adem\u00e1s de ser un proceso nutritivo, tiene importantes connotaciones de convivencia \u2014proporci\u00f3n de placer, relaciones afectivas, identificaci\u00f3n social etc\u2026 que a la larga configurar\u00e1 el comportamiento alimentario de los futuros adultos y que pueden repercutir en el estado de salud del individuo. La comida es, tambi\u00e9n, sin duda un elemento de identificaci\u00f3n cultural; por lo tanto es importante mantener y potenciar los h\u00e1bitos alimentarios propios del \u00e1rea, en este caso la dieta mediterr\u00e1nea considerada una de las m\u00e1s saludables del mundo. Sin embargo se ha comprobado que entre la poblaci\u00f3n en edad escolar es frecuente consumir poca fruta, verdura, legumbres y pescado. Este bajo consumo puede ir acompa\u00f1ado, adem\u00e1s, de un consumo elevado de dulces, golosinas, bebidas azucaradas y productos c\u00e1rnicos procesados, o incluso de la supresi\u00f3n de alguna comida. La ponente trabar\u00e1 de introducir pautas para mejorar ese d\u00e9ficit.<\/p>\n<p><strong>Ciclo pautas de buena alimentaci\u00f3n. Pr\u00f3ximas actividades<\/strong><\/p>\n<p><strong>Civivox Ensanche. 18 horas. Entrada libre, previa retirada de invitaci\u00f3n desde una hora antes de la actividad (m\u00e1ximo dos por persona)<\/strong><\/p>\n<p><strong>Mi\u00e9rcoles 16 de noviembre<\/strong><\/p>\n<ul>\n<li>Conferencia<\/li>\n<li>Ganorazko elikadura gure umeentzat<\/li>\n<li>Ponente: Eneritz Mujika Zuasti, graduada en nutrici\u00f3n humana y diet\u00e9tica en la Universidad de Navarra<\/li>\n<\/ul>\n<p><strong>Mi\u00e9rcoles 30 de noviembre<\/strong><\/p>\n<ul>\n<li>Conferencia<\/li>\n<li>Los alimentos, la medicina de las personas mayores<\/li>\n<li>Ponente: Cristina Fern\u00e1ndez, graduada en Nutrici\u00f3n humana y diet\u00e9tica por la Universidad de Navarra<\/li>\n<\/ul>\n<p>&nbsp;<\/p>\n","protected":false},"excerpt":{"rendered":"<p>Ma\u00f1ana por la tarde una charla en euskera en Civivox Ensanche hablar\u00e1 de la correcta nutrici\u00f3n de los ni\u00f1os y dar\u00e1 pautas para hacerla saludable<\/p>\n","protected":false},"author":1,"featured_media":11186,"comment_status":"closed","ping_status":"closed","sticky":false,"template":"","format":"standard","meta":{"footnotes":""},"categories":[2],"tags":[],"class_list":["post-11286","post","type-post","status-publish","format-standard","has-post-thumbnail","hentry","category-ayuntamiento-pamplona"],"yoast_head":"<!-- This site is optimized with the Yoast SEO plugin v27.5 - https:\/\/yoast.com\/product\/yoast-seo-wordpress\/ -->\n<title>La grasa, los az\u00facares y las \u2018aversiones alimentarias\u2019 son algunos de los elementos que caracterizan la mala alimentaci\u00f3n infantil<\/title>\n<meta name=\"robots\" content=\"index, follow, max-snippet:-1, max-image-preview:large, max-video-preview:-1\" \/>\n<link rel=\"canonical\" href=\"https:\/\/www.laguiadepamplona.com\/actualidad\/la-grasa-los-azucares-y-las-aversiones-alimentarias-son-algunos-de-los-elementos-que-caracterizan-la-mala-alimentacion-infantil\/\" \/>\n<meta property=\"og:locale\" content=\"es_ES\" \/>\n<meta property=\"og:type\" content=\"article\" \/>\n<meta property=\"og:title\" content=\"La grasa, los az\u00facares y las \u2018aversiones alimentarias\u2019 son algunos de los elementos que caracterizan la mala alimentaci\u00f3n infantil\" \/>\n<meta property=\"og:description\" content=\"Ma\u00f1ana por la tarde una charla en euskera en Civivox Ensanche hablar\u00e1 de la correcta nutrici\u00f3n de los ni\u00f1os y dar\u00e1 pautas para hacerla saludable\" \/>\n<meta property=\"og:url\" content=\"https:\/\/www.laguiadepamplona.com\/actualidad\/la-grasa-los-azucares-y-las-aversiones-alimentarias-son-algunos-de-los-elementos-que-caracterizan-la-mala-alimentacion-infantil\/\" \/>\n<meta property=\"og:site_name\" content=\"La Gu\u00eda de Pamplona\" \/>\n<meta property=\"article:publisher\" content=\"https:\/\/www.facebook.com\/laguiadepamplonacom-133175176762273\/?ref=hl\" \/>\n<meta property=\"article:published_time\" content=\"2016-11-15T10:29:43+00:00\" \/>\n<meta property=\"article:modified_time\" content=\"2016-12-09T10:30:24+00:00\" \/>\n<meta property=\"og:image\" content=\"https:\/\/www.laguiadepamplona.com\/actualidad\/wp-content\/uploads\/2016\/12\/Civivox-ensanche.jpg\" \/>\n\t<meta property=\"og:image:width\" content=\"1024\" \/>\n\t<meta property=\"og:image:height\" content=\"768\" \/>\n\t<meta property=\"og:image:type\" content=\"image\/jpeg\" \/>\n<meta name=\"author\" content=\"La Gu\u00eda de Pamplona\" \/>\n<meta name=\"twitter:card\" content=\"summary_large_image\" \/>\n<meta name=\"twitter:creator\" content=\"@LaGuiadPamplona\" \/>\n<meta name=\"twitter:site\" content=\"@LaGuiadPamplona\" \/>\n<meta name=\"twitter:label1\" content=\"Escrito por\" \/>\n\t<meta name=\"twitter:data1\" content=\"La Gu\u00eda de Pamplona\" \/>\n\t<meta name=\"twitter:label2\" content=\"Tiempo de lectura\" \/>\n\t<meta name=\"twitter:data2\" content=\"4 minutos\" \/>\n<script type=\"application\/ld+json\" class=\"yoast-schema-graph\">{\"@context\":\"https:\\\/\\\/schema.org\",\"@graph\":[{\"@type\":\"Article\",\"@id\":\"https:\\\/\\\/www.laguiadepamplona.com\\\/actualidad\\\/la-grasa-los-azucares-y-las-aversiones-alimentarias-son-algunos-de-los-elementos-que-caracterizan-la-mala-alimentacion-infantil\\\/#article\",\"isPartOf\":{\"@id\":\"https:\\\/\\\/www.laguiadepamplona.com\\\/actualidad\\\/la-grasa-los-azucares-y-las-aversiones-alimentarias-son-algunos-de-los-elementos-que-caracterizan-la-mala-alimentacion-infantil\\\/\"},\"author\":{\"name\":\"La Gu\u00eda de Pamplona\",\"@id\":\"https:\\\/\\\/www.laguiadepamplona.com\\\/actualidad\\\/#\\\/schema\\\/person\\\/efe887376f0213d4657c93adc50b1fdb\"},\"headline\":\"La grasa, los az\u00facares y las \u2018aversiones alimentarias\u2019 son algunos de los elementos que caracterizan la mala alimentaci\u00f3n infantil\",\"datePublished\":\"2016-11-15T10:29:43+00:00\",\"dateModified\":\"2016-12-09T10:30:24+00:00\",\"mainEntityOfPage\":{\"@id\":\"https:\\\/\\\/www.laguiadepamplona.com\\\/actualidad\\\/la-grasa-los-azucares-y-las-aversiones-alimentarias-son-algunos-de-los-elementos-que-caracterizan-la-mala-alimentacion-infantil\\\/\"},\"wordCount\":744,\"publisher\":{\"@id\":\"https:\\\/\\\/www.laguiadepamplona.com\\\/actualidad\\\/#organization\"},\"image\":{\"@id\":\"https:\\\/\\\/www.laguiadepamplona.com\\\/actualidad\\\/la-grasa-los-azucares-y-las-aversiones-alimentarias-son-algunos-de-los-elementos-que-caracterizan-la-mala-alimentacion-infantil\\\/#primaryimage\"},\"thumbnailUrl\":\"https:\\\/\\\/www.laguiadepamplona.com\\\/actualidad\\\/wp-content\\\/uploads\\\/2016\\\/12\\\/Civivox-ensanche.jpg\",\"articleSection\":[\"Ayto Pamplona\"],\"inLanguage\":\"es\"},{\"@type\":\"WebPage\",\"@id\":\"https:\\\/\\\/www.laguiadepamplona.com\\\/actualidad\\\/la-grasa-los-azucares-y-las-aversiones-alimentarias-son-algunos-de-los-elementos-que-caracterizan-la-mala-alimentacion-infantil\\\/\",\"url\":\"https:\\\/\\\/www.laguiadepamplona.com\\\/actualidad\\\/la-grasa-los-azucares-y-las-aversiones-alimentarias-son-algunos-de-los-elementos-que-caracterizan-la-mala-alimentacion-infantil\\\/\",\"name\":\"La grasa, los az\u00facares y las \u2018aversiones alimentarias\u2019 son algunos de los elementos que caracterizan la mala alimentaci\u00f3n infantil\",\"isPartOf\":{\"@id\":\"https:\\\/\\\/www.laguiadepamplona.com\\\/actualidad\\\/#website\"},\"primaryImageOfPage\":{\"@id\":\"https:\\\/\\\/www.laguiadepamplona.com\\\/actualidad\\\/la-grasa-los-azucares-y-las-aversiones-alimentarias-son-algunos-de-los-elementos-que-caracterizan-la-mala-alimentacion-infantil\\\/#primaryimage\"},\"image\":{\"@id\":\"https:\\\/\\\/www.laguiadepamplona.com\\\/actualidad\\\/la-grasa-los-azucares-y-las-aversiones-alimentarias-son-algunos-de-los-elementos-que-caracterizan-la-mala-alimentacion-infantil\\\/#primaryimage\"},\"thumbnailUrl\":\"https:\\\/\\\/www.laguiadepamplona.com\\\/actualidad\\\/wp-content\\\/uploads\\\/2016\\\/12\\\/Civivox-ensanche.jpg\",\"datePublished\":\"2016-11-15T10:29:43+00:00\",\"dateModified\":\"2016-12-09T10:30:24+00:00\",\"breadcrumb\":{\"@id\":\"https:\\\/\\\/www.laguiadepamplona.com\\\/actualidad\\\/la-grasa-los-azucares-y-las-aversiones-alimentarias-son-algunos-de-los-elementos-que-caracterizan-la-mala-alimentacion-infantil\\\/#breadcrumb\"},\"inLanguage\":\"es\",\"potentialAction\":[{\"@type\":\"ReadAction\",\"target\":[\"https:\\\/\\\/www.laguiadepamplona.com\\\/actualidad\\\/la-grasa-los-azucares-y-las-aversiones-alimentarias-son-algunos-de-los-elementos-que-caracterizan-la-mala-alimentacion-infantil\\\/\"]}]},{\"@type\":\"ImageObject\",\"inLanguage\":\"es\",\"@id\":\"https:\\\/\\\/www.laguiadepamplona.com\\\/actualidad\\\/la-grasa-los-azucares-y-las-aversiones-alimentarias-son-algunos-de-los-elementos-que-caracterizan-la-mala-alimentacion-infantil\\\/#primaryimage\",\"url\":\"https:\\\/\\\/www.laguiadepamplona.com\\\/actualidad\\\/wp-content\\\/uploads\\\/2016\\\/12\\\/Civivox-ensanche.jpg\",\"contentUrl\":\"https:\\\/\\\/www.laguiadepamplona.com\\\/actualidad\\\/wp-content\\\/uploads\\\/2016\\\/12\\\/Civivox-ensanche.jpg\",\"width\":1024,\"height\":768},{\"@type\":\"BreadcrumbList\",\"@id\":\"https:\\\/\\\/www.laguiadepamplona.com\\\/actualidad\\\/la-grasa-los-azucares-y-las-aversiones-alimentarias-son-algunos-de-los-elementos-que-caracterizan-la-mala-alimentacion-infantil\\\/#breadcrumb\",\"itemListElement\":[{\"@type\":\"ListItem\",\"position\":1,\"name\":\"Portada\",\"item\":\"https:\\\/\\\/www.laguiadepamplona.com\\\/actualidad\\\/\"},{\"@type\":\"ListItem\",\"position\":2,\"name\":\"La grasa, los az\u00facares y las \u2018aversiones alimentarias\u2019 son algunos de los elementos que caracterizan la mala alimentaci\u00f3n infantil\"}]},{\"@type\":\"WebSite\",\"@id\":\"https:\\\/\\\/www.laguiadepamplona.com\\\/actualidad\\\/#website\",\"url\":\"https:\\\/\\\/www.laguiadepamplona.com\\\/actualidad\\\/\",\"name\":\"La gu\u00eda de Pamplona\",\"description\":\"Noticias de Pamplona\",\"publisher\":{\"@id\":\"https:\\\/\\\/www.laguiadepamplona.com\\\/actualidad\\\/#organization\"},\"potentialAction\":[{\"@type\":\"SearchAction\",\"target\":{\"@type\":\"EntryPoint\",\"urlTemplate\":\"https:\\\/\\\/www.laguiadepamplona.com\\\/actualidad\\\/?s={search_term_string}\"},\"query-input\":{\"@type\":\"PropertyValueSpecification\",\"valueRequired\":true,\"valueName\":\"search_term_string\"}}],\"inLanguage\":\"es\"},{\"@type\":\"Organization\",\"@id\":\"https:\\\/\\\/www.laguiadepamplona.com\\\/actualidad\\\/#organization\",\"name\":\"La Gu\u00eda de Pamplona \\\/ Noticias\",\"url\":\"https:\\\/\\\/www.laguiadepamplona.com\\\/actualidad\\\/\",\"logo\":{\"@type\":\"ImageObject\",\"inLanguage\":\"es\",\"@id\":\"https:\\\/\\\/www.laguiadepamplona.com\\\/actualidad\\\/#\\\/schema\\\/logo\\\/image\\\/\",\"url\":\"https:\\\/\\\/www.laguiadepamplona.com\\\/actualidad\\\/wp-content\\\/uploads\\\/2018\\\/11\\\/logo-laguiadepamplona18-web1.png\",\"contentUrl\":\"https:\\\/\\\/www.laguiadepamplona.com\\\/actualidad\\\/wp-content\\\/uploads\\\/2018\\\/11\\\/logo-laguiadepamplona18-web1.png\",\"width\":600,\"height\":196,\"caption\":\"La Gu\u00eda de Pamplona \\\/ Noticias\"},\"image\":{\"@id\":\"https:\\\/\\\/www.laguiadepamplona.com\\\/actualidad\\\/#\\\/schema\\\/logo\\\/image\\\/\"},\"sameAs\":[\"https:\\\/\\\/www.facebook.com\\\/laguiadepamplonacom-133175176762273\\\/?ref=hl\",\"https:\\\/\\\/x.com\\\/LaGuiadPamplona\",\"https:\\\/\\\/www.instagram.com\\\/la_guia_de_pamplona\\\/\",\"https:\\\/\\\/www.youtube.com\\\/user\\\/laguiadepamplona\"]},{\"@type\":\"Person\",\"@id\":\"https:\\\/\\\/www.laguiadepamplona.com\\\/actualidad\\\/#\\\/schema\\\/person\\\/efe887376f0213d4657c93adc50b1fdb\",\"name\":\"La Gu\u00eda de Pamplona\",\"image\":{\"@type\":\"ImageObject\",\"inLanguage\":\"es\",\"@id\":\"https:\\\/\\\/secure.gravatar.com\\\/avatar\\\/b6992f131dc8d30ab0dff15446e9d346d9dbd95992de0fef795073f5ea83a81c?s=96&d=mm&r=g\",\"url\":\"https:\\\/\\\/secure.gravatar.com\\\/avatar\\\/b6992f131dc8d30ab0dff15446e9d346d9dbd95992de0fef795073f5ea83a81c?s=96&d=mm&r=g\",\"contentUrl\":\"https:\\\/\\\/secure.gravatar.com\\\/avatar\\\/b6992f131dc8d30ab0dff15446e9d346d9dbd95992de0fef795073f5ea83a81c?s=96&d=mm&r=g\",\"caption\":\"La Gu\u00eda de Pamplona\"}}]}<\/script>\n<!-- \/ Yoast SEO plugin. -->","yoast_head_json":{"title":"La grasa, los az\u00facares y las \u2018aversiones alimentarias\u2019 son algunos de los elementos que caracterizan la mala alimentaci\u00f3n infantil","robots":{"index":"index","follow":"follow","max-snippet":"max-snippet:-1","max-image-preview":"max-image-preview:large","max-video-preview":"max-video-preview:-1"},"canonical":"https:\/\/www.laguiadepamplona.com\/actualidad\/la-grasa-los-azucares-y-las-aversiones-alimentarias-son-algunos-de-los-elementos-que-caracterizan-la-mala-alimentacion-infantil\/","og_locale":"es_ES","og_type":"article","og_title":"La grasa, los az\u00facares y las \u2018aversiones alimentarias\u2019 son algunos de los elementos que caracterizan la mala alimentaci\u00f3n infantil","og_description":"Ma\u00f1ana por la tarde una charla en euskera en Civivox Ensanche hablar\u00e1 de la correcta nutrici\u00f3n de los ni\u00f1os y dar\u00e1 pautas para hacerla saludable","og_url":"https:\/\/www.laguiadepamplona.com\/actualidad\/la-grasa-los-azucares-y-las-aversiones-alimentarias-son-algunos-de-los-elementos-que-caracterizan-la-mala-alimentacion-infantil\/","og_site_name":"La Gu\u00eda de Pamplona","article_publisher":"https:\/\/www.facebook.com\/laguiadepamplonacom-133175176762273\/?ref=hl","article_published_time":"2016-11-15T10:29:43+00:00","article_modified_time":"2016-12-09T10:30:24+00:00","og_image":[{"width":1024,"height":768,"url":"https:\/\/www.laguiadepamplona.com\/actualidad\/wp-content\/uploads\/2016\/12\/Civivox-ensanche.jpg","type":"image\/jpeg"}],"author":"La Gu\u00eda de Pamplona","twitter_card":"summary_large_image","twitter_creator":"@LaGuiadPamplona","twitter_site":"@LaGuiadPamplona","twitter_misc":{"Escrito por":"La Gu\u00eda de Pamplona","Tiempo de lectura":"4 minutos"},"schema":{"@context":"https:\/\/schema.org","@graph":[{"@type":"Article","@id":"https:\/\/www.laguiadepamplona.com\/actualidad\/la-grasa-los-azucares-y-las-aversiones-alimentarias-son-algunos-de-los-elementos-que-caracterizan-la-mala-alimentacion-infantil\/#article","isPartOf":{"@id":"https:\/\/www.laguiadepamplona.com\/actualidad\/la-grasa-los-azucares-y-las-aversiones-alimentarias-son-algunos-de-los-elementos-que-caracterizan-la-mala-alimentacion-infantil\/"},"author":{"name":"La Gu\u00eda de Pamplona","@id":"https:\/\/www.laguiadepamplona.com\/actualidad\/#\/schema\/person\/efe887376f0213d4657c93adc50b1fdb"},"headline":"La grasa, los az\u00facares y las \u2018aversiones alimentarias\u2019 son algunos de los elementos que caracterizan la mala alimentaci\u00f3n infantil","datePublished":"2016-11-15T10:29:43+00:00","dateModified":"2016-12-09T10:30:24+00:00","mainEntityOfPage":{"@id":"https:\/\/www.laguiadepamplona.com\/actualidad\/la-grasa-los-azucares-y-las-aversiones-alimentarias-son-algunos-de-los-elementos-que-caracterizan-la-mala-alimentacion-infantil\/"},"wordCount":744,"publisher":{"@id":"https:\/\/www.laguiadepamplona.com\/actualidad\/#organization"},"image":{"@id":"https:\/\/www.laguiadepamplona.com\/actualidad\/la-grasa-los-azucares-y-las-aversiones-alimentarias-son-algunos-de-los-elementos-que-caracterizan-la-mala-alimentacion-infantil\/#primaryimage"},"thumbnailUrl":"https:\/\/www.laguiadepamplona.com\/actualidad\/wp-content\/uploads\/2016\/12\/Civivox-ensanche.jpg","articleSection":["Ayto Pamplona"],"inLanguage":"es"},{"@type":"WebPage","@id":"https:\/\/www.laguiadepamplona.com\/actualidad\/la-grasa-los-azucares-y-las-aversiones-alimentarias-son-algunos-de-los-elementos-que-caracterizan-la-mala-alimentacion-infantil\/","url":"https:\/\/www.laguiadepamplona.com\/actualidad\/la-grasa-los-azucares-y-las-aversiones-alimentarias-son-algunos-de-los-elementos-que-caracterizan-la-mala-alimentacion-infantil\/","name":"La grasa, los az\u00facares y las \u2018aversiones alimentarias\u2019 son algunos de los elementos que caracterizan la mala alimentaci\u00f3n infantil","isPartOf":{"@id":"https:\/\/www.laguiadepamplona.com\/actualidad\/#website"},"primaryImageOfPage":{"@id":"https:\/\/www.laguiadepamplona.com\/actualidad\/la-grasa-los-azucares-y-las-aversiones-alimentarias-son-algunos-de-los-elementos-que-caracterizan-la-mala-alimentacion-infantil\/#primaryimage"},"image":{"@id":"https:\/\/www.laguiadepamplona.com\/actualidad\/la-grasa-los-azucares-y-las-aversiones-alimentarias-son-algunos-de-los-elementos-que-caracterizan-la-mala-alimentacion-infantil\/#primaryimage"},"thumbnailUrl":"https:\/\/www.laguiadepamplona.com\/actualidad\/wp-content\/uploads\/2016\/12\/Civivox-ensanche.jpg","datePublished":"2016-11-15T10:29:43+00:00","dateModified":"2016-12-09T10:30:24+00:00","breadcrumb":{"@id":"https:\/\/www.laguiadepamplona.com\/actualidad\/la-grasa-los-azucares-y-las-aversiones-alimentarias-son-algunos-de-los-elementos-que-caracterizan-la-mala-alimentacion-infantil\/#breadcrumb"},"inLanguage":"es","potentialAction":[{"@type":"ReadAction","target":["https:\/\/www.laguiadepamplona.com\/actualidad\/la-grasa-los-azucares-y-las-aversiones-alimentarias-son-algunos-de-los-elementos-que-caracterizan-la-mala-alimentacion-infantil\/"]}]},{"@type":"ImageObject","inLanguage":"es","@id":"https:\/\/www.laguiadepamplona.com\/actualidad\/la-grasa-los-azucares-y-las-aversiones-alimentarias-son-algunos-de-los-elementos-que-caracterizan-la-mala-alimentacion-infantil\/#primaryimage","url":"https:\/\/www.laguiadepamplona.com\/actualidad\/wp-content\/uploads\/2016\/12\/Civivox-ensanche.jpg","contentUrl":"https:\/\/www.laguiadepamplona.com\/actualidad\/wp-content\/uploads\/2016\/12\/Civivox-ensanche.jpg","width":1024,"height":768},{"@type":"BreadcrumbList","@id":"https:\/\/www.laguiadepamplona.com\/actualidad\/la-grasa-los-azucares-y-las-aversiones-alimentarias-son-algunos-de-los-elementos-que-caracterizan-la-mala-alimentacion-infantil\/#breadcrumb","itemListElement":[{"@type":"ListItem","position":1,"name":"Portada","item":"https:\/\/www.laguiadepamplona.com\/actualidad\/"},{"@type":"ListItem","position":2,"name":"La grasa, los az\u00facares y las \u2018aversiones alimentarias\u2019 son algunos de los elementos que caracterizan la mala alimentaci\u00f3n infantil"}]},{"@type":"WebSite","@id":"https:\/\/www.laguiadepamplona.com\/actualidad\/#website","url":"https:\/\/www.laguiadepamplona.com\/actualidad\/","name":"La gu\u00eda de Pamplona","description":"Noticias de Pamplona","publisher":{"@id":"https:\/\/www.laguiadepamplona.com\/actualidad\/#organization"},"potentialAction":[{"@type":"SearchAction","target":{"@type":"EntryPoint","urlTemplate":"https:\/\/www.laguiadepamplona.com\/actualidad\/?s={search_term_string}"},"query-input":{"@type":"PropertyValueSpecification","valueRequired":true,"valueName":"search_term_string"}}],"inLanguage":"es"},{"@type":"Organization","@id":"https:\/\/www.laguiadepamplona.com\/actualidad\/#organization","name":"La Gu\u00eda de Pamplona \/ Noticias","url":"https:\/\/www.laguiadepamplona.com\/actualidad\/","logo":{"@type":"ImageObject","inLanguage":"es","@id":"https:\/\/www.laguiadepamplona.com\/actualidad\/#\/schema\/logo\/image\/","url":"https:\/\/www.laguiadepamplona.com\/actualidad\/wp-content\/uploads\/2018\/11\/logo-laguiadepamplona18-web1.png","contentUrl":"https:\/\/www.laguiadepamplona.com\/actualidad\/wp-content\/uploads\/2018\/11\/logo-laguiadepamplona18-web1.png","width":600,"height":196,"caption":"La Gu\u00eda de Pamplona \/ Noticias"},"image":{"@id":"https:\/\/www.laguiadepamplona.com\/actualidad\/#\/schema\/logo\/image\/"},"sameAs":["https:\/\/www.facebook.com\/laguiadepamplonacom-133175176762273\/?ref=hl","https:\/\/x.com\/LaGuiadPamplona","https:\/\/www.instagram.com\/la_guia_de_pamplona\/","https:\/\/www.youtube.com\/user\/laguiadepamplona"]},{"@type":"Person","@id":"https:\/\/www.laguiadepamplona.com\/actualidad\/#\/schema\/person\/efe887376f0213d4657c93adc50b1fdb","name":"La Gu\u00eda de Pamplona","image":{"@type":"ImageObject","inLanguage":"es","@id":"https:\/\/secure.gravatar.com\/avatar\/b6992f131dc8d30ab0dff15446e9d346d9dbd95992de0fef795073f5ea83a81c?s=96&d=mm&r=g","url":"https:\/\/secure.gravatar.com\/avatar\/b6992f131dc8d30ab0dff15446e9d346d9dbd95992de0fef795073f5ea83a81c?s=96&d=mm&r=g","contentUrl":"https:\/\/secure.gravatar.com\/avatar\/b6992f131dc8d30ab0dff15446e9d346d9dbd95992de0fef795073f5ea83a81c?s=96&d=mm&r=g","caption":"La Gu\u00eda de Pamplona"}}]}},"post_mailing_queue_ids":[],"_links":{"self":[{"href":"https:\/\/www.laguiadepamplona.com\/actualidad\/wp-json\/wp\/v2\/posts\/11286","targetHints":{"allow":["GET"]}}],"collection":[{"href":"https:\/\/www.laguiadepamplona.com\/actualidad\/wp-json\/wp\/v2\/posts"}],"about":[{"href":"https:\/\/www.laguiadepamplona.com\/actualidad\/wp-json\/wp\/v2\/types\/post"}],"author":[{"embeddable":true,"href":"https:\/\/www.laguiadepamplona.com\/actualidad\/wp-json\/wp\/v2\/users\/1"}],"replies":[{"embeddable":true,"href":"https:\/\/www.laguiadepamplona.com\/actualidad\/wp-json\/wp\/v2\/comments?post=11286"}],"version-history":[{"count":0,"href":"https:\/\/www.laguiadepamplona.com\/actualidad\/wp-json\/wp\/v2\/posts\/11286\/revisions"}],"wp:featuredmedia":[{"embeddable":true,"href":"https:\/\/www.laguiadepamplona.com\/actualidad\/wp-json\/wp\/v2\/media\/11186"}],"wp:attachment":[{"href":"https:\/\/www.laguiadepamplona.com\/actualidad\/wp-json\/wp\/v2\/media?parent=11286"}],"wp:term":[{"taxonomy":"category","embeddable":true,"href":"https:\/\/www.laguiadepamplona.com\/actualidad\/wp-json\/wp\/v2\/categories?post=11286"},{"taxonomy":"post_tag","embeddable":true,"href":"https:\/\/www.laguiadepamplona.com\/actualidad\/wp-json\/wp\/v2\/tags?post=11286"}],"curies":[{"name":"wp","href":"https:\/\/api.w.org\/{rel}","templated":true}]}}