{"id":11284,"date":"2016-11-15T11:28:32","date_gmt":"2016-11-15T10:28:32","guid":{"rendered":"http:\/\/laguiadepamplona.es\/actualidad\/?p=11284"},"modified":"2016-12-09T11:29:32","modified_gmt":"2016-12-09T10:29:32","slug":"un-auto-judicial-avala-la-exhumacion-de-los-restos-mortales-de-la-cripta-del-monumento-a-los-caidos-siempre-que-se-ejecute-con-las-garantias-ofrecidas-por-el-ayuntamiento","status":"publish","type":"post","link":"https:\/\/www.laguiadepamplona.com\/actualidad\/un-auto-judicial-avala-la-exhumacion-de-los-restos-mortales-de-la-cripta-del-monumento-a-los-caidos-siempre-que-se-ejecute-con-las-garantias-ofrecidas-por-el-ayuntamiento\/","title":{"rendered":"Un auto judicial avala la exhumaci\u00f3n de los restos mortales de la cripta del Monumento a los Ca\u00eddos, \u201csiempre que se ejecute con las garant\u00edas ofrecidas por el Ayuntamiento\u201d"},"content":{"rendered":"<h3>Otro auto suspende lo relativo a la cremaci\u00f3n de los restos porque \u201char\u00eda imposible una posterior reposici\u00f3n\u201d en caso de sentencia favorable<\/h3>\n<p><!--more--><\/p>\n<p>El Juzgado de lo Contencioso Administrativo n\u00ba 2 ha revocado esta ma\u00f1ana la medida cautelar tomada ayer de suspender la resoluci\u00f3n del Ayuntamiento de Pamplona de clausurar el cementerio de la cripta del Monumento a los Ca\u00eddos y exhumar los restos mortales que acoge. Por auto judicial del lunes 14 de noviembre se acord\u00f3 esa medida cautelar hasta la comparecencia de las partes implicadas en el proceso, prevista para esta ma\u00f1ana, por un lado familiares de una de las personas all\u00ed enterradas y por otra el Ayuntamiento convocada para esta ma\u00f1ana.<\/p>\n<p>Este procedimiento est\u00e1 regulado en el art\u00edculo 135 de la Ley de la Jurisdicci\u00f3n Contencioso-Administrativa \u201ccuando los interesados alegaran la concurrencia de circunstancias de especial urgencia\u201d. En este caso, escuchadas las partes y las alegaciones del Ayuntamiento, como \u201cparte contraria\u201d en el proceso, el juez ha decidido en un auto revocar la medida cautelar de suspender la ejecuci\u00f3n de la resoluci\u00f3n de Alcald\u00eda de 8 de noviembre, \u201csiempre que se ejecute con las garant\u00edas ofrecidas por la representaci\u00f3n letrada de dicho Ayuntamiento\u201d y que constan en el acta de la vista celebrada hoy.<\/p>\n<p>Por Resoluci\u00f3n de Alcald\u00eda del 8 de noviembre se acord\u00f3 aprobar de forma definitiva el expediente de clausura de la cripta situada en el Monumento a los Ca\u00eddos como lugar de enterramiento, desestimar las alegaciones presentadas por familiares y descendientes de las personas all\u00ed enterradas e iniciar los trabajos de exhumaci\u00f3n de esos restos mortales el 16 de noviembre.<\/p>\n<p><strong>Acuerdo con el Arzobispado con garant\u00edas para las exhumaciones<\/strong><\/p>\n<p>El auto recoge aspectos del acuerdo suscrito por el Ayuntamiento de Pamplona y el Arzobispado con fecha 7 de noviembre en el que constan una serie de garant\u00edas a las que se compromete el Consistorio. La primera es que \u201clas exhumaciones se realizar\u00e1n en absoluta intimidad, interviniendo en las mismas el personal t\u00e9cnico imprescindible del Ayuntamiento, debiendo informar previamente el Ayuntamiento al Arzobispado del n\u00famero de personas, as\u00ed c\u00f3mo las funciones de los mismos en las operaciones de exhumaci\u00f3n\u201d.<\/p>\n<p>Adem\u00e1s, en un segundo punto, se se\u00f1ala que \u201cno se permitir\u00e1 el acceso a los medios de prensa, ni se sacar\u00e1n fotos de las exhumaciones, salvo que las familias lo autoricen, siendo tambi\u00e9n un derecho de las familias determinar las personas y el personal t\u00e9cnico que podr\u00e1n estar en las exhumaciones, debiendo en este caso comunicar su autorizaci\u00f3n por escrito\u201d. En un tercer punto, \u201csi se entiende preciso por parte del Ayuntamiento documentar dichas exhumaciones, esto se realizar\u00e1 con la intervenci\u00f3n \u00fanica y exclusiva del Notario que designe la familia o en su defecto el personal t\u00e9cnico que el Ayuntamiento de Pamplona designe\u201d.<\/p>\n<p>Tal y como se\u00f1ala el auto judicial dictado hoy, el Ayuntamiento \u201calega su derecho como propietario y la ley de memoria hist\u00f3rica\u201d y que \u201cla resoluci\u00f3n cuyo objeto es el cierre definitivo de la cripta tiene la presunci\u00f3n de legalidad y es inmediatamente ejecutiva, salvo excepci\u00f3n en caso de dictado de medidas cautelares\u201d, medidas que la decisi\u00f3n judicial revoca. El Consistorio pretende \u201cemplear un equipo multidisciplinar, civil y religioso con los profesionales necesarios para que se respete debidamente los derechos de la recurrente, evitando que se convierta la ejecuci\u00f3n del acto en una cuesti\u00f3n medi\u00e1tica\u201d.<\/p>\n<p><strong>Suspensi\u00f3n parcial en lo relativo a la cremaci\u00f3n de los restos<\/strong><\/p>\n<p>Esta ma\u00f1ana tambi\u00e9n el Juzgado de lo Contencioso Administrativo n\u00ba1 ha emitido otro auto relacionado con las exhumaciones de la cripta del Monumento a los Ca\u00eddos tras solicitud de otros familiares de personas all\u00ed enterradas. En \u00e9l, acuerda la suspensi\u00f3n parcial del acto, \u00fanicamente en lo relativo a la cremaci\u00f3n de restos acordada.<\/p>\n<p>En la Resoluci\u00f3n de Alcald\u00eda del 8 de noviembre se se\u00f1ala que \u201cel Ayuntamiento de Pamplona cumplir\u00e1 con el ordenamiento jur\u00eddico cremando los restos mortales que no sean reclamados como hace normalmente con los restos mortales del cementerio municipal San Jos\u00e9 una vez que caduca el plazo para el uso de nichos o las concesiones de panteones\u201d. El auto refleja esa suspensi\u00f3n parcial porque \u201cla cremaci\u00f3n har\u00eda imposible, en su caso, una posterior reposici\u00f3n de la situaci\u00f3n en caso de sentencia de fondo favorable a la recurrente\u201d.<\/p>\n<p>\u201cPor el contrario \u2013 se\u00f1ala el auto- la ejecuci\u00f3n de la clausura del cementerio y la exhumaci\u00f3n de restos en modo alguno justifican la adopci\u00f3n de una suspensi\u00f3n cautelar de tales decisiones administrativas, pues no existe impedimento alguno para la reposici\u00f3n futura en ese mismo hipot\u00e9tico escenario de sentencia de fondo favorable\u201d.<\/p>\n<p>&nbsp;<\/p>\n","protected":false},"excerpt":{"rendered":"<p>Otro auto suspende lo relativo a la cremaci\u00f3n de los restos porque \u201char\u00eda imposible una posterior reposici\u00f3n\u201d en caso de sentencia favorable<\/p>\n","protected":false},"author":1,"featured_media":10979,"comment_status":"closed","ping_status":"closed","sticky":false,"template":"","format":"standard","meta":{"footnotes":""},"categories":[2],"tags":[],"class_list":["post-11284","post","type-post","status-publish","format-standard","has-post-thumbnail","hentry","category-ayuntamiento-pamplona"],"yoast_head":"<!-- This site is optimized with the Yoast SEO plugin v27.5 - https:\/\/yoast.com\/product\/yoast-seo-wordpress\/ -->\n<title>Un auto judicial avala la exhumaci\u00f3n de los restos mortales de la cripta del Monumento a los Ca\u00eddos, \u201csiempre que se ejecute con las garant\u00edas ofrecidas por el Ayuntamiento\u201d<\/title>\n<meta name=\"robots\" content=\"index, follow, max-snippet:-1, max-image-preview:large, max-video-preview:-1\" \/>\n<link rel=\"canonical\" href=\"https:\/\/www.laguiadepamplona.com\/actualidad\/un-auto-judicial-avala-la-exhumacion-de-los-restos-mortales-de-la-cripta-del-monumento-a-los-caidos-siempre-que-se-ejecute-con-las-garantias-ofrecidas-por-el-ayuntamiento\/\" \/>\n<meta property=\"og:locale\" content=\"es_ES\" \/>\n<meta property=\"og:type\" content=\"article\" \/>\n<meta property=\"og:title\" content=\"Un auto judicial avala la exhumaci\u00f3n de los restos mortales de la cripta del Monumento a los Ca\u00eddos, \u201csiempre que se ejecute con las garant\u00edas ofrecidas por el Ayuntamiento\u201d\" \/>\n<meta property=\"og:description\" content=\"Otro auto suspende lo relativo a la cremaci\u00f3n de los restos porque \u201char\u00eda imposible una posterior reposici\u00f3n\u201d en caso de sentencia favorable\" \/>\n<meta property=\"og:url\" content=\"https:\/\/www.laguiadepamplona.com\/actualidad\/un-auto-judicial-avala-la-exhumacion-de-los-restos-mortales-de-la-cripta-del-monumento-a-los-caidos-siempre-que-se-ejecute-con-las-garantias-ofrecidas-por-el-ayuntamiento\/\" \/>\n<meta property=\"og:site_name\" content=\"La Gu\u00eda de Pamplona\" \/>\n<meta property=\"article:publisher\" content=\"https:\/\/www.facebook.com\/laguiadepamplonacom-133175176762273\/?ref=hl\" \/>\n<meta property=\"article:published_time\" content=\"2016-11-15T10:28:32+00:00\" \/>\n<meta property=\"article:modified_time\" content=\"2016-12-09T10:29:32+00:00\" \/>\n<meta property=\"og:image\" content=\"https:\/\/www.laguiadepamplona.com\/actualidad\/wp-content\/uploads\/2016\/11\/Ayto_Pamplona.jpg\" \/>\n\t<meta property=\"og:image:width\" content=\"900\" \/>\n\t<meta property=\"og:image:height\" content=\"675\" \/>\n\t<meta property=\"og:image:type\" content=\"image\/jpeg\" \/>\n<meta name=\"author\" content=\"La Gu\u00eda de Pamplona\" \/>\n<meta name=\"twitter:card\" content=\"summary_large_image\" \/>\n<meta name=\"twitter:creator\" content=\"@LaGuiadPamplona\" \/>\n<meta name=\"twitter:site\" content=\"@LaGuiadPamplona\" \/>\n<meta name=\"twitter:label1\" content=\"Escrito por\" \/>\n\t<meta name=\"twitter:data1\" content=\"La Gu\u00eda de Pamplona\" \/>\n\t<meta name=\"twitter:label2\" content=\"Tiempo de lectura\" \/>\n\t<meta name=\"twitter:data2\" content=\"4 minutos\" \/>\n<script type=\"application\/ld+json\" class=\"yoast-schema-graph\">{\"@context\":\"https:\\\/\\\/schema.org\",\"@graph\":[{\"@type\":\"Article\",\"@id\":\"https:\\\/\\\/www.laguiadepamplona.com\\\/actualidad\\\/un-auto-judicial-avala-la-exhumacion-de-los-restos-mortales-de-la-cripta-del-monumento-a-los-caidos-siempre-que-se-ejecute-con-las-garantias-ofrecidas-por-el-ayuntamiento\\\/#article\",\"isPartOf\":{\"@id\":\"https:\\\/\\\/www.laguiadepamplona.com\\\/actualidad\\\/un-auto-judicial-avala-la-exhumacion-de-los-restos-mortales-de-la-cripta-del-monumento-a-los-caidos-siempre-que-se-ejecute-con-las-garantias-ofrecidas-por-el-ayuntamiento\\\/\"},\"author\":{\"name\":\"La Gu\u00eda de Pamplona\",\"@id\":\"https:\\\/\\\/www.laguiadepamplona.com\\\/actualidad\\\/#\\\/schema\\\/person\\\/efe887376f0213d4657c93adc50b1fdb\"},\"headline\":\"Un auto judicial avala la exhumaci\u00f3n de los restos mortales de la cripta del Monumento a los Ca\u00eddos, \u201csiempre que se ejecute con las garant\u00edas ofrecidas por el Ayuntamiento\u201d\",\"datePublished\":\"2016-11-15T10:28:32+00:00\",\"dateModified\":\"2016-12-09T10:29:32+00:00\",\"mainEntityOfPage\":{\"@id\":\"https:\\\/\\\/www.laguiadepamplona.com\\\/actualidad\\\/un-auto-judicial-avala-la-exhumacion-de-los-restos-mortales-de-la-cripta-del-monumento-a-los-caidos-siempre-que-se-ejecute-con-las-garantias-ofrecidas-por-el-ayuntamiento\\\/\"},\"wordCount\":845,\"publisher\":{\"@id\":\"https:\\\/\\\/www.laguiadepamplona.com\\\/actualidad\\\/#organization\"},\"image\":{\"@id\":\"https:\\\/\\\/www.laguiadepamplona.com\\\/actualidad\\\/un-auto-judicial-avala-la-exhumacion-de-los-restos-mortales-de-la-cripta-del-monumento-a-los-caidos-siempre-que-se-ejecute-con-las-garantias-ofrecidas-por-el-ayuntamiento\\\/#primaryimage\"},\"thumbnailUrl\":\"https:\\\/\\\/www.laguiadepamplona.com\\\/actualidad\\\/wp-content\\\/uploads\\\/2016\\\/11\\\/Ayto_Pamplona.jpg\",\"articleSection\":[\"Ayto Pamplona\"],\"inLanguage\":\"es\"},{\"@type\":\"WebPage\",\"@id\":\"https:\\\/\\\/www.laguiadepamplona.com\\\/actualidad\\\/un-auto-judicial-avala-la-exhumacion-de-los-restos-mortales-de-la-cripta-del-monumento-a-los-caidos-siempre-que-se-ejecute-con-las-garantias-ofrecidas-por-el-ayuntamiento\\\/\",\"url\":\"https:\\\/\\\/www.laguiadepamplona.com\\\/actualidad\\\/un-auto-judicial-avala-la-exhumacion-de-los-restos-mortales-de-la-cripta-del-monumento-a-los-caidos-siempre-que-se-ejecute-con-las-garantias-ofrecidas-por-el-ayuntamiento\\\/\",\"name\":\"Un auto judicial avala la exhumaci\u00f3n de los restos mortales de la cripta del Monumento a los Ca\u00eddos, \u201csiempre que se ejecute con las garant\u00edas ofrecidas por el Ayuntamiento\u201d\",\"isPartOf\":{\"@id\":\"https:\\\/\\\/www.laguiadepamplona.com\\\/actualidad\\\/#website\"},\"primaryImageOfPage\":{\"@id\":\"https:\\\/\\\/www.laguiadepamplona.com\\\/actualidad\\\/un-auto-judicial-avala-la-exhumacion-de-los-restos-mortales-de-la-cripta-del-monumento-a-los-caidos-siempre-que-se-ejecute-con-las-garantias-ofrecidas-por-el-ayuntamiento\\\/#primaryimage\"},\"image\":{\"@id\":\"https:\\\/\\\/www.laguiadepamplona.com\\\/actualidad\\\/un-auto-judicial-avala-la-exhumacion-de-los-restos-mortales-de-la-cripta-del-monumento-a-los-caidos-siempre-que-se-ejecute-con-las-garantias-ofrecidas-por-el-ayuntamiento\\\/#primaryimage\"},\"thumbnailUrl\":\"https:\\\/\\\/www.laguiadepamplona.com\\\/actualidad\\\/wp-content\\\/uploads\\\/2016\\\/11\\\/Ayto_Pamplona.jpg\",\"datePublished\":\"2016-11-15T10:28:32+00:00\",\"dateModified\":\"2016-12-09T10:29:32+00:00\",\"breadcrumb\":{\"@id\":\"https:\\\/\\\/www.laguiadepamplona.com\\\/actualidad\\\/un-auto-judicial-avala-la-exhumacion-de-los-restos-mortales-de-la-cripta-del-monumento-a-los-caidos-siempre-que-se-ejecute-con-las-garantias-ofrecidas-por-el-ayuntamiento\\\/#breadcrumb\"},\"inLanguage\":\"es\",\"potentialAction\":[{\"@type\":\"ReadAction\",\"target\":[\"https:\\\/\\\/www.laguiadepamplona.com\\\/actualidad\\\/un-auto-judicial-avala-la-exhumacion-de-los-restos-mortales-de-la-cripta-del-monumento-a-los-caidos-siempre-que-se-ejecute-con-las-garantias-ofrecidas-por-el-ayuntamiento\\\/\"]}]},{\"@type\":\"ImageObject\",\"inLanguage\":\"es\",\"@id\":\"https:\\\/\\\/www.laguiadepamplona.com\\\/actualidad\\\/un-auto-judicial-avala-la-exhumacion-de-los-restos-mortales-de-la-cripta-del-monumento-a-los-caidos-siempre-que-se-ejecute-con-las-garantias-ofrecidas-por-el-ayuntamiento\\\/#primaryimage\",\"url\":\"https:\\\/\\\/www.laguiadepamplona.com\\\/actualidad\\\/wp-content\\\/uploads\\\/2016\\\/11\\\/Ayto_Pamplona.jpg\",\"contentUrl\":\"https:\\\/\\\/www.laguiadepamplona.com\\\/actualidad\\\/wp-content\\\/uploads\\\/2016\\\/11\\\/Ayto_Pamplona.jpg\",\"width\":900,\"height\":675},{\"@type\":\"BreadcrumbList\",\"@id\":\"https:\\\/\\\/www.laguiadepamplona.com\\\/actualidad\\\/un-auto-judicial-avala-la-exhumacion-de-los-restos-mortales-de-la-cripta-del-monumento-a-los-caidos-siempre-que-se-ejecute-con-las-garantias-ofrecidas-por-el-ayuntamiento\\\/#breadcrumb\",\"itemListElement\":[{\"@type\":\"ListItem\",\"position\":1,\"name\":\"Portada\",\"item\":\"https:\\\/\\\/www.laguiadepamplona.com\\\/actualidad\\\/\"},{\"@type\":\"ListItem\",\"position\":2,\"name\":\"Un auto judicial avala la exhumaci\u00f3n de los restos mortales de la cripta del Monumento a los Ca\u00eddos, \u201csiempre que se ejecute con las garant\u00edas ofrecidas por el Ayuntamiento\u201d\"}]},{\"@type\":\"WebSite\",\"@id\":\"https:\\\/\\\/www.laguiadepamplona.com\\\/actualidad\\\/#website\",\"url\":\"https:\\\/\\\/www.laguiadepamplona.com\\\/actualidad\\\/\",\"name\":\"La gu\u00eda de Pamplona\",\"description\":\"Noticias de Pamplona\",\"publisher\":{\"@id\":\"https:\\\/\\\/www.laguiadepamplona.com\\\/actualidad\\\/#organization\"},\"potentialAction\":[{\"@type\":\"SearchAction\",\"target\":{\"@type\":\"EntryPoint\",\"urlTemplate\":\"https:\\\/\\\/www.laguiadepamplona.com\\\/actualidad\\\/?s={search_term_string}\"},\"query-input\":{\"@type\":\"PropertyValueSpecification\",\"valueRequired\":true,\"valueName\":\"search_term_string\"}}],\"inLanguage\":\"es\"},{\"@type\":\"Organization\",\"@id\":\"https:\\\/\\\/www.laguiadepamplona.com\\\/actualidad\\\/#organization\",\"name\":\"La Gu\u00eda de Pamplona \\\/ Noticias\",\"url\":\"https:\\\/\\\/www.laguiadepamplona.com\\\/actualidad\\\/\",\"logo\":{\"@type\":\"ImageObject\",\"inLanguage\":\"es\",\"@id\":\"https:\\\/\\\/www.laguiadepamplona.com\\\/actualidad\\\/#\\\/schema\\\/logo\\\/image\\\/\",\"url\":\"https:\\\/\\\/www.laguiadepamplona.com\\\/actualidad\\\/wp-content\\\/uploads\\\/2018\\\/11\\\/logo-laguiadepamplona18-web1.png\",\"contentUrl\":\"https:\\\/\\\/www.laguiadepamplona.com\\\/actualidad\\\/wp-content\\\/uploads\\\/2018\\\/11\\\/logo-laguiadepamplona18-web1.png\",\"width\":600,\"height\":196,\"caption\":\"La Gu\u00eda de Pamplona \\\/ Noticias\"},\"image\":{\"@id\":\"https:\\\/\\\/www.laguiadepamplona.com\\\/actualidad\\\/#\\\/schema\\\/logo\\\/image\\\/\"},\"sameAs\":[\"https:\\\/\\\/www.facebook.com\\\/laguiadepamplonacom-133175176762273\\\/?ref=hl\",\"https:\\\/\\\/x.com\\\/LaGuiadPamplona\",\"https:\\\/\\\/www.instagram.com\\\/la_guia_de_pamplona\\\/\",\"https:\\\/\\\/www.youtube.com\\\/user\\\/laguiadepamplona\"]},{\"@type\":\"Person\",\"@id\":\"https:\\\/\\\/www.laguiadepamplona.com\\\/actualidad\\\/#\\\/schema\\\/person\\\/efe887376f0213d4657c93adc50b1fdb\",\"name\":\"La Gu\u00eda de Pamplona\",\"image\":{\"@type\":\"ImageObject\",\"inLanguage\":\"es\",\"@id\":\"https:\\\/\\\/secure.gravatar.com\\\/avatar\\\/b6992f131dc8d30ab0dff15446e9d346d9dbd95992de0fef795073f5ea83a81c?s=96&d=mm&r=g\",\"url\":\"https:\\\/\\\/secure.gravatar.com\\\/avatar\\\/b6992f131dc8d30ab0dff15446e9d346d9dbd95992de0fef795073f5ea83a81c?s=96&d=mm&r=g\",\"contentUrl\":\"https:\\\/\\\/secure.gravatar.com\\\/avatar\\\/b6992f131dc8d30ab0dff15446e9d346d9dbd95992de0fef795073f5ea83a81c?s=96&d=mm&r=g\",\"caption\":\"La Gu\u00eda de Pamplona\"}}]}<\/script>\n<!-- \/ Yoast SEO plugin. -->","yoast_head_json":{"title":"Un auto judicial avala la exhumaci\u00f3n de los restos mortales de la cripta del Monumento a los Ca\u00eddos, \u201csiempre que se ejecute con las garant\u00edas ofrecidas por el Ayuntamiento\u201d","robots":{"index":"index","follow":"follow","max-snippet":"max-snippet:-1","max-image-preview":"max-image-preview:large","max-video-preview":"max-video-preview:-1"},"canonical":"https:\/\/www.laguiadepamplona.com\/actualidad\/un-auto-judicial-avala-la-exhumacion-de-los-restos-mortales-de-la-cripta-del-monumento-a-los-caidos-siempre-que-se-ejecute-con-las-garantias-ofrecidas-por-el-ayuntamiento\/","og_locale":"es_ES","og_type":"article","og_title":"Un auto judicial avala la exhumaci\u00f3n de los restos mortales de la cripta del Monumento a los Ca\u00eddos, \u201csiempre que se ejecute con las garant\u00edas ofrecidas por el Ayuntamiento\u201d","og_description":"Otro auto suspende lo relativo a la cremaci\u00f3n de los restos porque \u201char\u00eda imposible una posterior reposici\u00f3n\u201d en caso de sentencia favorable","og_url":"https:\/\/www.laguiadepamplona.com\/actualidad\/un-auto-judicial-avala-la-exhumacion-de-los-restos-mortales-de-la-cripta-del-monumento-a-los-caidos-siempre-que-se-ejecute-con-las-garantias-ofrecidas-por-el-ayuntamiento\/","og_site_name":"La Gu\u00eda de Pamplona","article_publisher":"https:\/\/www.facebook.com\/laguiadepamplonacom-133175176762273\/?ref=hl","article_published_time":"2016-11-15T10:28:32+00:00","article_modified_time":"2016-12-09T10:29:32+00:00","og_image":[{"width":900,"height":675,"url":"https:\/\/www.laguiadepamplona.com\/actualidad\/wp-content\/uploads\/2016\/11\/Ayto_Pamplona.jpg","type":"image\/jpeg"}],"author":"La Gu\u00eda de Pamplona","twitter_card":"summary_large_image","twitter_creator":"@LaGuiadPamplona","twitter_site":"@LaGuiadPamplona","twitter_misc":{"Escrito por":"La Gu\u00eda de Pamplona","Tiempo de lectura":"4 minutos"},"schema":{"@context":"https:\/\/schema.org","@graph":[{"@type":"Article","@id":"https:\/\/www.laguiadepamplona.com\/actualidad\/un-auto-judicial-avala-la-exhumacion-de-los-restos-mortales-de-la-cripta-del-monumento-a-los-caidos-siempre-que-se-ejecute-con-las-garantias-ofrecidas-por-el-ayuntamiento\/#article","isPartOf":{"@id":"https:\/\/www.laguiadepamplona.com\/actualidad\/un-auto-judicial-avala-la-exhumacion-de-los-restos-mortales-de-la-cripta-del-monumento-a-los-caidos-siempre-que-se-ejecute-con-las-garantias-ofrecidas-por-el-ayuntamiento\/"},"author":{"name":"La Gu\u00eda de Pamplona","@id":"https:\/\/www.laguiadepamplona.com\/actualidad\/#\/schema\/person\/efe887376f0213d4657c93adc50b1fdb"},"headline":"Un auto judicial avala la exhumaci\u00f3n de los restos mortales de la cripta del Monumento a los Ca\u00eddos, \u201csiempre que se ejecute con las garant\u00edas ofrecidas por el Ayuntamiento\u201d","datePublished":"2016-11-15T10:28:32+00:00","dateModified":"2016-12-09T10:29:32+00:00","mainEntityOfPage":{"@id":"https:\/\/www.laguiadepamplona.com\/actualidad\/un-auto-judicial-avala-la-exhumacion-de-los-restos-mortales-de-la-cripta-del-monumento-a-los-caidos-siempre-que-se-ejecute-con-las-garantias-ofrecidas-por-el-ayuntamiento\/"},"wordCount":845,"publisher":{"@id":"https:\/\/www.laguiadepamplona.com\/actualidad\/#organization"},"image":{"@id":"https:\/\/www.laguiadepamplona.com\/actualidad\/un-auto-judicial-avala-la-exhumacion-de-los-restos-mortales-de-la-cripta-del-monumento-a-los-caidos-siempre-que-se-ejecute-con-las-garantias-ofrecidas-por-el-ayuntamiento\/#primaryimage"},"thumbnailUrl":"https:\/\/www.laguiadepamplona.com\/actualidad\/wp-content\/uploads\/2016\/11\/Ayto_Pamplona.jpg","articleSection":["Ayto Pamplona"],"inLanguage":"es"},{"@type":"WebPage","@id":"https:\/\/www.laguiadepamplona.com\/actualidad\/un-auto-judicial-avala-la-exhumacion-de-los-restos-mortales-de-la-cripta-del-monumento-a-los-caidos-siempre-que-se-ejecute-con-las-garantias-ofrecidas-por-el-ayuntamiento\/","url":"https:\/\/www.laguiadepamplona.com\/actualidad\/un-auto-judicial-avala-la-exhumacion-de-los-restos-mortales-de-la-cripta-del-monumento-a-los-caidos-siempre-que-se-ejecute-con-las-garantias-ofrecidas-por-el-ayuntamiento\/","name":"Un auto judicial avala la exhumaci\u00f3n de los restos mortales de la cripta del Monumento a los Ca\u00eddos, \u201csiempre que se ejecute con las garant\u00edas ofrecidas por el Ayuntamiento\u201d","isPartOf":{"@id":"https:\/\/www.laguiadepamplona.com\/actualidad\/#website"},"primaryImageOfPage":{"@id":"https:\/\/www.laguiadepamplona.com\/actualidad\/un-auto-judicial-avala-la-exhumacion-de-los-restos-mortales-de-la-cripta-del-monumento-a-los-caidos-siempre-que-se-ejecute-con-las-garantias-ofrecidas-por-el-ayuntamiento\/#primaryimage"},"image":{"@id":"https:\/\/www.laguiadepamplona.com\/actualidad\/un-auto-judicial-avala-la-exhumacion-de-los-restos-mortales-de-la-cripta-del-monumento-a-los-caidos-siempre-que-se-ejecute-con-las-garantias-ofrecidas-por-el-ayuntamiento\/#primaryimage"},"thumbnailUrl":"https:\/\/www.laguiadepamplona.com\/actualidad\/wp-content\/uploads\/2016\/11\/Ayto_Pamplona.jpg","datePublished":"2016-11-15T10:28:32+00:00","dateModified":"2016-12-09T10:29:32+00:00","breadcrumb":{"@id":"https:\/\/www.laguiadepamplona.com\/actualidad\/un-auto-judicial-avala-la-exhumacion-de-los-restos-mortales-de-la-cripta-del-monumento-a-los-caidos-siempre-que-se-ejecute-con-las-garantias-ofrecidas-por-el-ayuntamiento\/#breadcrumb"},"inLanguage":"es","potentialAction":[{"@type":"ReadAction","target":["https:\/\/www.laguiadepamplona.com\/actualidad\/un-auto-judicial-avala-la-exhumacion-de-los-restos-mortales-de-la-cripta-del-monumento-a-los-caidos-siempre-que-se-ejecute-con-las-garantias-ofrecidas-por-el-ayuntamiento\/"]}]},{"@type":"ImageObject","inLanguage":"es","@id":"https:\/\/www.laguiadepamplona.com\/actualidad\/un-auto-judicial-avala-la-exhumacion-de-los-restos-mortales-de-la-cripta-del-monumento-a-los-caidos-siempre-que-se-ejecute-con-las-garantias-ofrecidas-por-el-ayuntamiento\/#primaryimage","url":"https:\/\/www.laguiadepamplona.com\/actualidad\/wp-content\/uploads\/2016\/11\/Ayto_Pamplona.jpg","contentUrl":"https:\/\/www.laguiadepamplona.com\/actualidad\/wp-content\/uploads\/2016\/11\/Ayto_Pamplona.jpg","width":900,"height":675},{"@type":"BreadcrumbList","@id":"https:\/\/www.laguiadepamplona.com\/actualidad\/un-auto-judicial-avala-la-exhumacion-de-los-restos-mortales-de-la-cripta-del-monumento-a-los-caidos-siempre-que-se-ejecute-con-las-garantias-ofrecidas-por-el-ayuntamiento\/#breadcrumb","itemListElement":[{"@type":"ListItem","position":1,"name":"Portada","item":"https:\/\/www.laguiadepamplona.com\/actualidad\/"},{"@type":"ListItem","position":2,"name":"Un auto judicial avala la exhumaci\u00f3n de los restos mortales de la cripta del Monumento a los Ca\u00eddos, \u201csiempre que se ejecute con las garant\u00edas ofrecidas por el Ayuntamiento\u201d"}]},{"@type":"WebSite","@id":"https:\/\/www.laguiadepamplona.com\/actualidad\/#website","url":"https:\/\/www.laguiadepamplona.com\/actualidad\/","name":"La gu\u00eda de Pamplona","description":"Noticias de Pamplona","publisher":{"@id":"https:\/\/www.laguiadepamplona.com\/actualidad\/#organization"},"potentialAction":[{"@type":"SearchAction","target":{"@type":"EntryPoint","urlTemplate":"https:\/\/www.laguiadepamplona.com\/actualidad\/?s={search_term_string}"},"query-input":{"@type":"PropertyValueSpecification","valueRequired":true,"valueName":"search_term_string"}}],"inLanguage":"es"},{"@type":"Organization","@id":"https:\/\/www.laguiadepamplona.com\/actualidad\/#organization","name":"La Gu\u00eda de Pamplona \/ Noticias","url":"https:\/\/www.laguiadepamplona.com\/actualidad\/","logo":{"@type":"ImageObject","inLanguage":"es","@id":"https:\/\/www.laguiadepamplona.com\/actualidad\/#\/schema\/logo\/image\/","url":"https:\/\/www.laguiadepamplona.com\/actualidad\/wp-content\/uploads\/2018\/11\/logo-laguiadepamplona18-web1.png","contentUrl":"https:\/\/www.laguiadepamplona.com\/actualidad\/wp-content\/uploads\/2018\/11\/logo-laguiadepamplona18-web1.png","width":600,"height":196,"caption":"La Gu\u00eda de Pamplona \/ Noticias"},"image":{"@id":"https:\/\/www.laguiadepamplona.com\/actualidad\/#\/schema\/logo\/image\/"},"sameAs":["https:\/\/www.facebook.com\/laguiadepamplonacom-133175176762273\/?ref=hl","https:\/\/x.com\/LaGuiadPamplona","https:\/\/www.instagram.com\/la_guia_de_pamplona\/","https:\/\/www.youtube.com\/user\/laguiadepamplona"]},{"@type":"Person","@id":"https:\/\/www.laguiadepamplona.com\/actualidad\/#\/schema\/person\/efe887376f0213d4657c93adc50b1fdb","name":"La Gu\u00eda de Pamplona","image":{"@type":"ImageObject","inLanguage":"es","@id":"https:\/\/secure.gravatar.com\/avatar\/b6992f131dc8d30ab0dff15446e9d346d9dbd95992de0fef795073f5ea83a81c?s=96&d=mm&r=g","url":"https:\/\/secure.gravatar.com\/avatar\/b6992f131dc8d30ab0dff15446e9d346d9dbd95992de0fef795073f5ea83a81c?s=96&d=mm&r=g","contentUrl":"https:\/\/secure.gravatar.com\/avatar\/b6992f131dc8d30ab0dff15446e9d346d9dbd95992de0fef795073f5ea83a81c?s=96&d=mm&r=g","caption":"La Gu\u00eda de Pamplona"}}]}},"post_mailing_queue_ids":[],"_links":{"self":[{"href":"https:\/\/www.laguiadepamplona.com\/actualidad\/wp-json\/wp\/v2\/posts\/11284","targetHints":{"allow":["GET"]}}],"collection":[{"href":"https:\/\/www.laguiadepamplona.com\/actualidad\/wp-json\/wp\/v2\/posts"}],"about":[{"href":"https:\/\/www.laguiadepamplona.com\/actualidad\/wp-json\/wp\/v2\/types\/post"}],"author":[{"embeddable":true,"href":"https:\/\/www.laguiadepamplona.com\/actualidad\/wp-json\/wp\/v2\/users\/1"}],"replies":[{"embeddable":true,"href":"https:\/\/www.laguiadepamplona.com\/actualidad\/wp-json\/wp\/v2\/comments?post=11284"}],"version-history":[{"count":0,"href":"https:\/\/www.laguiadepamplona.com\/actualidad\/wp-json\/wp\/v2\/posts\/11284\/revisions"}],"wp:featuredmedia":[{"embeddable":true,"href":"https:\/\/www.laguiadepamplona.com\/actualidad\/wp-json\/wp\/v2\/media\/10979"}],"wp:attachment":[{"href":"https:\/\/www.laguiadepamplona.com\/actualidad\/wp-json\/wp\/v2\/media?parent=11284"}],"wp:term":[{"taxonomy":"category","embeddable":true,"href":"https:\/\/www.laguiadepamplona.com\/actualidad\/wp-json\/wp\/v2\/categories?post=11284"},{"taxonomy":"post_tag","embeddable":true,"href":"https:\/\/www.laguiadepamplona.com\/actualidad\/wp-json\/wp\/v2\/tags?post=11284"}],"curies":[{"name":"wp","href":"https:\/\/api.w.org\/{rel}","templated":true}]}}