{"id":11277,"date":"2016-11-14T11:23:27","date_gmt":"2016-11-14T10:23:27","guid":{"rendered":"http:\/\/laguiadepamplona.es\/actualidad\/?p=11277"},"modified":"2016-12-09T11:27:13","modified_gmt":"2016-12-09T10:27:13","slug":"el-ciclo-de-teatro-en-euskera-antzerki-aroa-con-tres-espectaculos-programados-hasta-diciembre-comienza-el-miercoles-con-malmo-de-la-compania-khea-ziater","status":"publish","type":"post","link":"https:\/\/www.laguiadepamplona.com\/actualidad\/el-ciclo-de-teatro-en-euskera-antzerki-aroa-con-tres-espectaculos-programados-hasta-diciembre-comienza-el-miercoles-con-malmo-de-la-compania-khea-ziater\/","title":{"rendered":"El ciclo de teatro en euskera Antzerki Aroa, con tres espect\u00e1culos programados hasta diciembre, comienza el mi\u00e9rcoles con \u2018Malm\u00f6\u2019, de la compa\u00f1\u00eda Khea Ziater"},"content":{"rendered":"<h3>El 23 se preestrenar\u00e1 en versi\u00f3n reducida \u201cLu eta Le\u201d, montaje producido por la Capitalidad Cultural Donostia &#8211; San Sebasti\u00e1n 2016<\/h3>\n<p><!--more--><\/p>\n<p>El mi\u00e9rcoles comienza una nueva edici\u00f3n del ciclo de teatro en euskera Antzerki Aroa, que organiza el Ayuntamiento de Pamplona y que contar\u00e1 con la representaci\u00f3n de tres obras dirigidas a p\u00fablico adulto. Se pondr\u00e1n en escena \u201cMalm\u00f6\u201d de la compa\u00f1\u00eda Khea Ziater, \u201cFrancoren bilobari gutuna (Cartas a la nieta de Franco)\u201d de Artedrama, Le PTDP y Dejabu y se podr\u00e1 ver el preestreno, en una versi\u00f3n reducida, de \u201cLu eta Le\u201d, de Ados Teatroa, un montaje producido por la Capitalidad Europea de la Cultura Donostia \u2013 San Sebasti\u00e1n 2016.<\/p>\n<p>Todas las funciones del programa se llevar\u00e1n a cabo en la Escuela Navarra de Teatro, a las 20 horas. El 16 de noviembre se representar\u00e1\u00a0 Malm\u00f6, el mi\u00e9rcoles 23 de noviembre la obra \u201cLu eta Le\u201d y el 1 de diciembre, \u201cFrancoren bilobari gutuna\u201d. La directora de Cultura, Pol\u00edtica Ling\u00fc\u00edstica, Educaci\u00f3n y Deporte, Maitena Muruz\u00e1bal, ha presentado esta ma\u00f1ana los detalles de la programaci\u00f3n de Antzerki Aroa, junto al representante de una de las compa\u00f1\u00edas que actuar\u00e1n en el ciclo, \u00c1lex Gerediaga, de Khea Ziater.<\/p>\n<p>Las entradas para los espect\u00e1culos est\u00e1n ya a la venta en las taquillas de la Escuela Navarra de Teatro. El precio de la entrada a cada obra es de 8 euros. Como suele ser habitual en el ciclo, los grupos de estudiantes pueden adquirir sus entradas con un coste de 5 euros.<\/p>\n<p><strong>Malm\u00f6<\/strong><\/p>\n<p>Este mi\u00e9rcoles 16 de noviembre abrir\u00e1 el tel\u00f3n de la Escuela Navarra de Teatro la obra \u2018Malm\u00f6\u2019, que presentar\u00e1 la compa\u00f1\u00eda Khea Ziater. Narra la amistad entre dos mujeres, Claudia y Saga, que se conocieron hace m\u00e1s de cinco a\u00f1os y que juntas pasaron sus d\u00edas m\u00e1s locos. Pero algo cambi\u00f3 una noche en Malm\u00f6. La que parec\u00eda una amistad inquebrantable se rompi\u00f3 aquel d\u00eda. Hoy, despu\u00e9s de un tiempo, Saga vuelve a visitar a Claudia y entre el equipaje lleva su venganza. El punto de partida del montaje es un retrato sobre la tradici\u00f3n y la posterior venganza entre dos amigas. Un intenso viaje desde la exposici\u00f3n del rencor y los sentimientos m\u00e1s infectos, a la comprensi\u00f3n y el perd\u00f3n.<\/p>\n<p>\u2018Malm\u00f6\u2019 est\u00e1 dirigida por \u00c1lex Gerediaga y cuenta en el reparto, en los papeles de Claudia y Saga, con Mar\u00eda Ucelay y Ainhoa Jauregi. Los textos de este <em>thriller<\/em> son obra de Mikel Somi\u00f1ona.<\/p>\n<p>Preestreno de \u2018Lu eta Le\u2019, en una versi\u00f3n reducida<\/p>\n<p>La segunda obra del ciclo se representar\u00e1 el mi\u00e9rcoles 23 de noviembre, tambi\u00e9n en la Escuela Navarra de Teatro. Se trata de \u2018Lu eta Le\u2019, basada en textos del escritor Bernardo Atxaga, que pondr\u00e1 en escena la compa\u00f1\u00eda Ados Teatroa. Se trata de un preestreno, en una versi\u00f3n reducida, de un montaje producido por la Capitalidad Europea de la Cultura Donostia \u2013 San Sebasti\u00e1n 2016, que se representar\u00e1 en su totalidad en el mes de diciembre en el teatro Victoria Eugenia.<\/p>\n<p>La obra est\u00e1 dirigida por Garbi Losada y tiene como protagonistas con Ram\u00f3n Agirre y Joseba Apaolaza, dos experimentados actores de amplia trayectoria sobre los escenarios. La obra, a pesar de ser una versi\u00f3n reducida de la que se estrenar\u00e1 el mes que viene, cuenta con una parte musical, compuesta por el m\u00fasico Juan Karlos P\u00e9rez, a cargo de la cantante Klara Mendizabal y del percusionista Jabi Alonso.<\/p>\n<p>Lourdes Iriondo (Lu) y Xabier Lete (Le) fueron miembros del grupo Ez dok amairu, que actualiz\u00f3 e impuls\u00f3 la cultura vasca. Lu es una mujer brillante, cantante y escritora, y Le, adem\u00e1s de ser cantautor, ha desarrollado una importante actividad po\u00e9tica por la que recibi\u00f3 en 2008 el Premio de la Cr\u00edtica. Los dos, adem\u00e1s, vivieron experiencias muy cercanas a la muerte. Lu padece una enfermedad del coraz\u00f3n desde los 18 a\u00f1os y Le se ha enfrentado a un s\u00edndrome de origen gen\u00e9tico sin tratamiento, que afecta al aparato digestivo. La obra, con un total de sutil iron\u00eda, relata la relaci\u00f3n que mantienen ambos con la muerte: ella intenta conquistarles y ellos se rebelan. Sin embargo, saben que un d\u00eda les atrapar\u00e1 irremediablemente.<\/p>\n<p><strong>Francoren bilobari gutuna<\/strong><\/p>\n<p>Cerrar\u00e1 el ciclo la tragicomedia \u2018Francoren bilobari gutuna (Carta a la nieta de Franco)\u2019, que pondr\u00e1n en escena el jueves 1 de diciembre las compa\u00f1\u00edas Artedrama, Le PTDT y Dejabu. Ambientada en un hospital sin futuro, la historia entrelaza las vivencias de sus protagonistas, I\u00f1aki de 10 a\u00f1os y enfermo de leucemia, Joxan de 246 con un trozo de metralla de la Guerra Civil en el cerebro y Miguel y Cristina como m\u00e9dicos del centro con sus propios sue\u00f1os. En las salas de espera del hospital se van escuchando, en orden alfab\u00e9tico, listas de pacientes que nunca aparecen, mientras que la nieta de Franco, Carmen Mart\u00ednez Bordi\u00fa, ocupa las portadas de las revistas del coraz\u00f3n.<\/p>\n<p>El montaje se presenta como radiograf\u00eda de una comunidad enferma y de la necesidad de supervivencia de sus pacientes. La obra est\u00e1 basada en un texto de Unai Iturriaga e Igor Elortza y dirigida por Ximun Fuchs. En el reparto est\u00e1n Ander Lipus, Patri Urrutia, Manex Fuchs, Zoila Berastegi, Urko Redondo, Pako Revueltas y Erika Olaizola.<\/p>\n<p>&nbsp;<\/p>\n<p><strong>Antzerki Aroa 2016. Ciclo de teatro en euskera<\/strong><\/p>\n<ul>\n<li>Mi\u00e9rcoles 16 de noviembre\n<ul>\n<li>\u2018Malm\u00f6\u2019. Compa\u00f1\u00eda Khea Ziater<\/li>\n<\/ul>\n<\/li>\n<li>Mi\u00e9rcoles 23 de noviembre\n<ul>\n<li>\u2018Lu eta Le\u2019. Compa\u00f1\u00eda Ados Teatroa. Producido por DSS2016EU Capital Europea de la Cultura. Preestreno de una versi\u00f3n reducida de la obra. La obra \u00edntegra se estrenar\u00e1 el diciembre en el teatro Victoria Eugenia de San Sebasti\u00e1n<\/li>\n<\/ul>\n<\/li>\n<li>Jueves 1 de diciembre\n<ul>\n<li>\u2018Francoe bilobari gutuna\u2019. Artedrama &amp; Le PTDP &amp; Dejabu<\/li>\n<\/ul>\n<\/li>\n<\/ul>\n<p>&nbsp;<\/p>\n<ul>\n<li>Las tres actuaciones tendr\u00e1n lugar en la Escuela Navarra de Teatro, a las 20 horas. El precio de la entrada para cada espect\u00e1culo es de 8 euros. Para grupos de estudiantes, la entrada tiene un precio de 5 euros.<\/li>\n<\/ul>\n<h2><a href=\"http:\/\/laguiadepamplona.es\/actualidad\/wp-content\/uploads\/2016\/12\/antzerki16C.pdf\" target=\"_blank\">antzerki16.pdf<\/a><\/h2>\n","protected":false},"excerpt":{"rendered":"<p>El 23 se preestrenar\u00e1 en versi\u00f3n reducida \u201cLu eta Le\u201d, montaje producido por la Capitalidad Cultural Donostia &#8211; San Sebasti\u00e1n 2016<\/p>\n","protected":false},"author":1,"featured_media":11279,"comment_status":"closed","ping_status":"closed","sticky":false,"template":"","format":"standard","meta":{"footnotes":""},"categories":[2],"tags":[],"class_list":["post-11277","post","type-post","status-publish","format-standard","has-post-thumbnail","hentry","category-ayuntamiento-pamplona"],"yoast_head":"<!-- This site is optimized with the Yoast SEO plugin v27.5 - https:\/\/yoast.com\/product\/yoast-seo-wordpress\/ -->\n<title>El ciclo de teatro en euskera Antzerki Aroa, con tres espect\u00e1culos programados hasta diciembre, comienza el mi\u00e9rcoles con \u2018Malm\u00f6\u2019, de la compa\u00f1\u00eda Khea Ziater<\/title>\n<meta name=\"robots\" content=\"index, follow, max-snippet:-1, max-image-preview:large, max-video-preview:-1\" \/>\n<link rel=\"canonical\" href=\"https:\/\/www.laguiadepamplona.com\/actualidad\/el-ciclo-de-teatro-en-euskera-antzerki-aroa-con-tres-espectaculos-programados-hasta-diciembre-comienza-el-miercoles-con-malmo-de-la-compania-khea-ziater\/\" \/>\n<meta property=\"og:locale\" content=\"es_ES\" \/>\n<meta property=\"og:type\" content=\"article\" \/>\n<meta property=\"og:title\" content=\"El ciclo de teatro en euskera Antzerki Aroa, con tres espect\u00e1culos programados hasta diciembre, comienza el mi\u00e9rcoles con \u2018Malm\u00f6\u2019, de la compa\u00f1\u00eda Khea Ziater\" \/>\n<meta property=\"og:description\" content=\"El 23 se preestrenar\u00e1 en versi\u00f3n reducida \u201cLu eta Le\u201d, montaje producido por la Capitalidad Cultural Donostia &#8211; San Sebasti\u00e1n 2016\" \/>\n<meta property=\"og:url\" content=\"https:\/\/www.laguiadepamplona.com\/actualidad\/el-ciclo-de-teatro-en-euskera-antzerki-aroa-con-tres-espectaculos-programados-hasta-diciembre-comienza-el-miercoles-con-malmo-de-la-compania-khea-ziater\/\" \/>\n<meta property=\"og:site_name\" content=\"La Gu\u00eda de Pamplona\" \/>\n<meta property=\"article:publisher\" content=\"https:\/\/www.facebook.com\/laguiadepamplonacom-133175176762273\/?ref=hl\" \/>\n<meta property=\"article:published_time\" content=\"2016-11-14T10:23:27+00:00\" \/>\n<meta property=\"article:modified_time\" content=\"2016-12-09T10:27:13+00:00\" \/>\n<meta property=\"og:image\" content=\"https:\/\/www.laguiadepamplona.com\/actualidad\/wp-content\/uploads\/2016\/12\/antzerki16C-1.jpg\" \/>\n\t<meta property=\"og:image:width\" content=\"1000\" \/>\n\t<meta property=\"og:image:height\" content=\"1000\" \/>\n\t<meta property=\"og:image:type\" content=\"image\/jpeg\" \/>\n<meta name=\"author\" content=\"La Gu\u00eda de Pamplona\" \/>\n<meta name=\"twitter:card\" content=\"summary_large_image\" \/>\n<meta name=\"twitter:creator\" content=\"@LaGuiadPamplona\" \/>\n<meta name=\"twitter:site\" content=\"@LaGuiadPamplona\" \/>\n<meta name=\"twitter:label1\" content=\"Escrito por\" \/>\n\t<meta name=\"twitter:data1\" content=\"La Gu\u00eda de Pamplona\" \/>\n\t<meta name=\"twitter:label2\" content=\"Tiempo de lectura\" \/>\n\t<meta name=\"twitter:data2\" content=\"5 minutos\" \/>\n<script type=\"application\/ld+json\" class=\"yoast-schema-graph\">{\"@context\":\"https:\\\/\\\/schema.org\",\"@graph\":[{\"@type\":\"Article\",\"@id\":\"https:\\\/\\\/www.laguiadepamplona.com\\\/actualidad\\\/el-ciclo-de-teatro-en-euskera-antzerki-aroa-con-tres-espectaculos-programados-hasta-diciembre-comienza-el-miercoles-con-malmo-de-la-compania-khea-ziater\\\/#article\",\"isPartOf\":{\"@id\":\"https:\\\/\\\/www.laguiadepamplona.com\\\/actualidad\\\/el-ciclo-de-teatro-en-euskera-antzerki-aroa-con-tres-espectaculos-programados-hasta-diciembre-comienza-el-miercoles-con-malmo-de-la-compania-khea-ziater\\\/\"},\"author\":{\"name\":\"La Gu\u00eda de Pamplona\",\"@id\":\"https:\\\/\\\/www.laguiadepamplona.com\\\/actualidad\\\/#\\\/schema\\\/person\\\/efe887376f0213d4657c93adc50b1fdb\"},\"headline\":\"El ciclo de teatro en euskera Antzerki Aroa, con tres espect\u00e1culos programados hasta diciembre, comienza el mi\u00e9rcoles con \u2018Malm\u00f6\u2019, de la compa\u00f1\u00eda Khea Ziater\",\"datePublished\":\"2016-11-14T10:23:27+00:00\",\"dateModified\":\"2016-12-09T10:27:13+00:00\",\"mainEntityOfPage\":{\"@id\":\"https:\\\/\\\/www.laguiadepamplona.com\\\/actualidad\\\/el-ciclo-de-teatro-en-euskera-antzerki-aroa-con-tres-espectaculos-programados-hasta-diciembre-comienza-el-miercoles-con-malmo-de-la-compania-khea-ziater\\\/\"},\"wordCount\":1053,\"publisher\":{\"@id\":\"https:\\\/\\\/www.laguiadepamplona.com\\\/actualidad\\\/#organization\"},\"image\":{\"@id\":\"https:\\\/\\\/www.laguiadepamplona.com\\\/actualidad\\\/el-ciclo-de-teatro-en-euskera-antzerki-aroa-con-tres-espectaculos-programados-hasta-diciembre-comienza-el-miercoles-con-malmo-de-la-compania-khea-ziater\\\/#primaryimage\"},\"thumbnailUrl\":\"https:\\\/\\\/www.laguiadepamplona.com\\\/actualidad\\\/wp-content\\\/uploads\\\/2016\\\/12\\\/antzerki16C-1.jpg\",\"articleSection\":[\"Ayto Pamplona\"],\"inLanguage\":\"es\"},{\"@type\":\"WebPage\",\"@id\":\"https:\\\/\\\/www.laguiadepamplona.com\\\/actualidad\\\/el-ciclo-de-teatro-en-euskera-antzerki-aroa-con-tres-espectaculos-programados-hasta-diciembre-comienza-el-miercoles-con-malmo-de-la-compania-khea-ziater\\\/\",\"url\":\"https:\\\/\\\/www.laguiadepamplona.com\\\/actualidad\\\/el-ciclo-de-teatro-en-euskera-antzerki-aroa-con-tres-espectaculos-programados-hasta-diciembre-comienza-el-miercoles-con-malmo-de-la-compania-khea-ziater\\\/\",\"name\":\"El ciclo de teatro en euskera Antzerki Aroa, con tres espect\u00e1culos programados hasta diciembre, comienza el mi\u00e9rcoles con \u2018Malm\u00f6\u2019, de la compa\u00f1\u00eda Khea Ziater\",\"isPartOf\":{\"@id\":\"https:\\\/\\\/www.laguiadepamplona.com\\\/actualidad\\\/#website\"},\"primaryImageOfPage\":{\"@id\":\"https:\\\/\\\/www.laguiadepamplona.com\\\/actualidad\\\/el-ciclo-de-teatro-en-euskera-antzerki-aroa-con-tres-espectaculos-programados-hasta-diciembre-comienza-el-miercoles-con-malmo-de-la-compania-khea-ziater\\\/#primaryimage\"},\"image\":{\"@id\":\"https:\\\/\\\/www.laguiadepamplona.com\\\/actualidad\\\/el-ciclo-de-teatro-en-euskera-antzerki-aroa-con-tres-espectaculos-programados-hasta-diciembre-comienza-el-miercoles-con-malmo-de-la-compania-khea-ziater\\\/#primaryimage\"},\"thumbnailUrl\":\"https:\\\/\\\/www.laguiadepamplona.com\\\/actualidad\\\/wp-content\\\/uploads\\\/2016\\\/12\\\/antzerki16C-1.jpg\",\"datePublished\":\"2016-11-14T10:23:27+00:00\",\"dateModified\":\"2016-12-09T10:27:13+00:00\",\"breadcrumb\":{\"@id\":\"https:\\\/\\\/www.laguiadepamplona.com\\\/actualidad\\\/el-ciclo-de-teatro-en-euskera-antzerki-aroa-con-tres-espectaculos-programados-hasta-diciembre-comienza-el-miercoles-con-malmo-de-la-compania-khea-ziater\\\/#breadcrumb\"},\"inLanguage\":\"es\",\"potentialAction\":[{\"@type\":\"ReadAction\",\"target\":[\"https:\\\/\\\/www.laguiadepamplona.com\\\/actualidad\\\/el-ciclo-de-teatro-en-euskera-antzerki-aroa-con-tres-espectaculos-programados-hasta-diciembre-comienza-el-miercoles-con-malmo-de-la-compania-khea-ziater\\\/\"]}]},{\"@type\":\"ImageObject\",\"inLanguage\":\"es\",\"@id\":\"https:\\\/\\\/www.laguiadepamplona.com\\\/actualidad\\\/el-ciclo-de-teatro-en-euskera-antzerki-aroa-con-tres-espectaculos-programados-hasta-diciembre-comienza-el-miercoles-con-malmo-de-la-compania-khea-ziater\\\/#primaryimage\",\"url\":\"https:\\\/\\\/www.laguiadepamplona.com\\\/actualidad\\\/wp-content\\\/uploads\\\/2016\\\/12\\\/antzerki16C-1.jpg\",\"contentUrl\":\"https:\\\/\\\/www.laguiadepamplona.com\\\/actualidad\\\/wp-content\\\/uploads\\\/2016\\\/12\\\/antzerki16C-1.jpg\",\"width\":1000,\"height\":1000},{\"@type\":\"BreadcrumbList\",\"@id\":\"https:\\\/\\\/www.laguiadepamplona.com\\\/actualidad\\\/el-ciclo-de-teatro-en-euskera-antzerki-aroa-con-tres-espectaculos-programados-hasta-diciembre-comienza-el-miercoles-con-malmo-de-la-compania-khea-ziater\\\/#breadcrumb\",\"itemListElement\":[{\"@type\":\"ListItem\",\"position\":1,\"name\":\"Portada\",\"item\":\"https:\\\/\\\/www.laguiadepamplona.com\\\/actualidad\\\/\"},{\"@type\":\"ListItem\",\"position\":2,\"name\":\"El ciclo de teatro en euskera Antzerki Aroa, con tres espect\u00e1culos programados hasta diciembre, comienza el mi\u00e9rcoles con \u2018Malm\u00f6\u2019, de la compa\u00f1\u00eda Khea Ziater\"}]},{\"@type\":\"WebSite\",\"@id\":\"https:\\\/\\\/www.laguiadepamplona.com\\\/actualidad\\\/#website\",\"url\":\"https:\\\/\\\/www.laguiadepamplona.com\\\/actualidad\\\/\",\"name\":\"La gu\u00eda de Pamplona\",\"description\":\"Noticias de Pamplona\",\"publisher\":{\"@id\":\"https:\\\/\\\/www.laguiadepamplona.com\\\/actualidad\\\/#organization\"},\"potentialAction\":[{\"@type\":\"SearchAction\",\"target\":{\"@type\":\"EntryPoint\",\"urlTemplate\":\"https:\\\/\\\/www.laguiadepamplona.com\\\/actualidad\\\/?s={search_term_string}\"},\"query-input\":{\"@type\":\"PropertyValueSpecification\",\"valueRequired\":true,\"valueName\":\"search_term_string\"}}],\"inLanguage\":\"es\"},{\"@type\":\"Organization\",\"@id\":\"https:\\\/\\\/www.laguiadepamplona.com\\\/actualidad\\\/#organization\",\"name\":\"La Gu\u00eda de Pamplona \\\/ Noticias\",\"url\":\"https:\\\/\\\/www.laguiadepamplona.com\\\/actualidad\\\/\",\"logo\":{\"@type\":\"ImageObject\",\"inLanguage\":\"es\",\"@id\":\"https:\\\/\\\/www.laguiadepamplona.com\\\/actualidad\\\/#\\\/schema\\\/logo\\\/image\\\/\",\"url\":\"https:\\\/\\\/www.laguiadepamplona.com\\\/actualidad\\\/wp-content\\\/uploads\\\/2018\\\/11\\\/logo-laguiadepamplona18-web1.png\",\"contentUrl\":\"https:\\\/\\\/www.laguiadepamplona.com\\\/actualidad\\\/wp-content\\\/uploads\\\/2018\\\/11\\\/logo-laguiadepamplona18-web1.png\",\"width\":600,\"height\":196,\"caption\":\"La Gu\u00eda de Pamplona \\\/ Noticias\"},\"image\":{\"@id\":\"https:\\\/\\\/www.laguiadepamplona.com\\\/actualidad\\\/#\\\/schema\\\/logo\\\/image\\\/\"},\"sameAs\":[\"https:\\\/\\\/www.facebook.com\\\/laguiadepamplonacom-133175176762273\\\/?ref=hl\",\"https:\\\/\\\/x.com\\\/LaGuiadPamplona\",\"https:\\\/\\\/www.instagram.com\\\/la_guia_de_pamplona\\\/\",\"https:\\\/\\\/www.youtube.com\\\/user\\\/laguiadepamplona\"]},{\"@type\":\"Person\",\"@id\":\"https:\\\/\\\/www.laguiadepamplona.com\\\/actualidad\\\/#\\\/schema\\\/person\\\/efe887376f0213d4657c93adc50b1fdb\",\"name\":\"La Gu\u00eda de Pamplona\",\"image\":{\"@type\":\"ImageObject\",\"inLanguage\":\"es\",\"@id\":\"https:\\\/\\\/secure.gravatar.com\\\/avatar\\\/b6992f131dc8d30ab0dff15446e9d346d9dbd95992de0fef795073f5ea83a81c?s=96&d=mm&r=g\",\"url\":\"https:\\\/\\\/secure.gravatar.com\\\/avatar\\\/b6992f131dc8d30ab0dff15446e9d346d9dbd95992de0fef795073f5ea83a81c?s=96&d=mm&r=g\",\"contentUrl\":\"https:\\\/\\\/secure.gravatar.com\\\/avatar\\\/b6992f131dc8d30ab0dff15446e9d346d9dbd95992de0fef795073f5ea83a81c?s=96&d=mm&r=g\",\"caption\":\"La Gu\u00eda de Pamplona\"}}]}<\/script>\n<!-- \/ Yoast SEO plugin. -->","yoast_head_json":{"title":"El ciclo de teatro en euskera Antzerki Aroa, con tres espect\u00e1culos programados hasta diciembre, comienza el mi\u00e9rcoles con \u2018Malm\u00f6\u2019, de la compa\u00f1\u00eda Khea Ziater","robots":{"index":"index","follow":"follow","max-snippet":"max-snippet:-1","max-image-preview":"max-image-preview:large","max-video-preview":"max-video-preview:-1"},"canonical":"https:\/\/www.laguiadepamplona.com\/actualidad\/el-ciclo-de-teatro-en-euskera-antzerki-aroa-con-tres-espectaculos-programados-hasta-diciembre-comienza-el-miercoles-con-malmo-de-la-compania-khea-ziater\/","og_locale":"es_ES","og_type":"article","og_title":"El ciclo de teatro en euskera Antzerki Aroa, con tres espect\u00e1culos programados hasta diciembre, comienza el mi\u00e9rcoles con \u2018Malm\u00f6\u2019, de la compa\u00f1\u00eda Khea Ziater","og_description":"El 23 se preestrenar\u00e1 en versi\u00f3n reducida \u201cLu eta Le\u201d, montaje producido por la Capitalidad Cultural Donostia &#8211; San Sebasti\u00e1n 2016","og_url":"https:\/\/www.laguiadepamplona.com\/actualidad\/el-ciclo-de-teatro-en-euskera-antzerki-aroa-con-tres-espectaculos-programados-hasta-diciembre-comienza-el-miercoles-con-malmo-de-la-compania-khea-ziater\/","og_site_name":"La Gu\u00eda de Pamplona","article_publisher":"https:\/\/www.facebook.com\/laguiadepamplonacom-133175176762273\/?ref=hl","article_published_time":"2016-11-14T10:23:27+00:00","article_modified_time":"2016-12-09T10:27:13+00:00","og_image":[{"width":1000,"height":1000,"url":"https:\/\/www.laguiadepamplona.com\/actualidad\/wp-content\/uploads\/2016\/12\/antzerki16C-1.jpg","type":"image\/jpeg"}],"author":"La Gu\u00eda de Pamplona","twitter_card":"summary_large_image","twitter_creator":"@LaGuiadPamplona","twitter_site":"@LaGuiadPamplona","twitter_misc":{"Escrito por":"La Gu\u00eda de Pamplona","Tiempo de lectura":"5 minutos"},"schema":{"@context":"https:\/\/schema.org","@graph":[{"@type":"Article","@id":"https:\/\/www.laguiadepamplona.com\/actualidad\/el-ciclo-de-teatro-en-euskera-antzerki-aroa-con-tres-espectaculos-programados-hasta-diciembre-comienza-el-miercoles-con-malmo-de-la-compania-khea-ziater\/#article","isPartOf":{"@id":"https:\/\/www.laguiadepamplona.com\/actualidad\/el-ciclo-de-teatro-en-euskera-antzerki-aroa-con-tres-espectaculos-programados-hasta-diciembre-comienza-el-miercoles-con-malmo-de-la-compania-khea-ziater\/"},"author":{"name":"La Gu\u00eda de Pamplona","@id":"https:\/\/www.laguiadepamplona.com\/actualidad\/#\/schema\/person\/efe887376f0213d4657c93adc50b1fdb"},"headline":"El ciclo de teatro en euskera Antzerki Aroa, con tres espect\u00e1culos programados hasta diciembre, comienza el mi\u00e9rcoles con \u2018Malm\u00f6\u2019, de la compa\u00f1\u00eda Khea Ziater","datePublished":"2016-11-14T10:23:27+00:00","dateModified":"2016-12-09T10:27:13+00:00","mainEntityOfPage":{"@id":"https:\/\/www.laguiadepamplona.com\/actualidad\/el-ciclo-de-teatro-en-euskera-antzerki-aroa-con-tres-espectaculos-programados-hasta-diciembre-comienza-el-miercoles-con-malmo-de-la-compania-khea-ziater\/"},"wordCount":1053,"publisher":{"@id":"https:\/\/www.laguiadepamplona.com\/actualidad\/#organization"},"image":{"@id":"https:\/\/www.laguiadepamplona.com\/actualidad\/el-ciclo-de-teatro-en-euskera-antzerki-aroa-con-tres-espectaculos-programados-hasta-diciembre-comienza-el-miercoles-con-malmo-de-la-compania-khea-ziater\/#primaryimage"},"thumbnailUrl":"https:\/\/www.laguiadepamplona.com\/actualidad\/wp-content\/uploads\/2016\/12\/antzerki16C-1.jpg","articleSection":["Ayto Pamplona"],"inLanguage":"es"},{"@type":"WebPage","@id":"https:\/\/www.laguiadepamplona.com\/actualidad\/el-ciclo-de-teatro-en-euskera-antzerki-aroa-con-tres-espectaculos-programados-hasta-diciembre-comienza-el-miercoles-con-malmo-de-la-compania-khea-ziater\/","url":"https:\/\/www.laguiadepamplona.com\/actualidad\/el-ciclo-de-teatro-en-euskera-antzerki-aroa-con-tres-espectaculos-programados-hasta-diciembre-comienza-el-miercoles-con-malmo-de-la-compania-khea-ziater\/","name":"El ciclo de teatro en euskera Antzerki Aroa, con tres espect\u00e1culos programados hasta diciembre, comienza el mi\u00e9rcoles con \u2018Malm\u00f6\u2019, de la compa\u00f1\u00eda Khea Ziater","isPartOf":{"@id":"https:\/\/www.laguiadepamplona.com\/actualidad\/#website"},"primaryImageOfPage":{"@id":"https:\/\/www.laguiadepamplona.com\/actualidad\/el-ciclo-de-teatro-en-euskera-antzerki-aroa-con-tres-espectaculos-programados-hasta-diciembre-comienza-el-miercoles-con-malmo-de-la-compania-khea-ziater\/#primaryimage"},"image":{"@id":"https:\/\/www.laguiadepamplona.com\/actualidad\/el-ciclo-de-teatro-en-euskera-antzerki-aroa-con-tres-espectaculos-programados-hasta-diciembre-comienza-el-miercoles-con-malmo-de-la-compania-khea-ziater\/#primaryimage"},"thumbnailUrl":"https:\/\/www.laguiadepamplona.com\/actualidad\/wp-content\/uploads\/2016\/12\/antzerki16C-1.jpg","datePublished":"2016-11-14T10:23:27+00:00","dateModified":"2016-12-09T10:27:13+00:00","breadcrumb":{"@id":"https:\/\/www.laguiadepamplona.com\/actualidad\/el-ciclo-de-teatro-en-euskera-antzerki-aroa-con-tres-espectaculos-programados-hasta-diciembre-comienza-el-miercoles-con-malmo-de-la-compania-khea-ziater\/#breadcrumb"},"inLanguage":"es","potentialAction":[{"@type":"ReadAction","target":["https:\/\/www.laguiadepamplona.com\/actualidad\/el-ciclo-de-teatro-en-euskera-antzerki-aroa-con-tres-espectaculos-programados-hasta-diciembre-comienza-el-miercoles-con-malmo-de-la-compania-khea-ziater\/"]}]},{"@type":"ImageObject","inLanguage":"es","@id":"https:\/\/www.laguiadepamplona.com\/actualidad\/el-ciclo-de-teatro-en-euskera-antzerki-aroa-con-tres-espectaculos-programados-hasta-diciembre-comienza-el-miercoles-con-malmo-de-la-compania-khea-ziater\/#primaryimage","url":"https:\/\/www.laguiadepamplona.com\/actualidad\/wp-content\/uploads\/2016\/12\/antzerki16C-1.jpg","contentUrl":"https:\/\/www.laguiadepamplona.com\/actualidad\/wp-content\/uploads\/2016\/12\/antzerki16C-1.jpg","width":1000,"height":1000},{"@type":"BreadcrumbList","@id":"https:\/\/www.laguiadepamplona.com\/actualidad\/el-ciclo-de-teatro-en-euskera-antzerki-aroa-con-tres-espectaculos-programados-hasta-diciembre-comienza-el-miercoles-con-malmo-de-la-compania-khea-ziater\/#breadcrumb","itemListElement":[{"@type":"ListItem","position":1,"name":"Portada","item":"https:\/\/www.laguiadepamplona.com\/actualidad\/"},{"@type":"ListItem","position":2,"name":"El ciclo de teatro en euskera Antzerki Aroa, con tres espect\u00e1culos programados hasta diciembre, comienza el mi\u00e9rcoles con \u2018Malm\u00f6\u2019, de la compa\u00f1\u00eda Khea Ziater"}]},{"@type":"WebSite","@id":"https:\/\/www.laguiadepamplona.com\/actualidad\/#website","url":"https:\/\/www.laguiadepamplona.com\/actualidad\/","name":"La gu\u00eda de Pamplona","description":"Noticias de Pamplona","publisher":{"@id":"https:\/\/www.laguiadepamplona.com\/actualidad\/#organization"},"potentialAction":[{"@type":"SearchAction","target":{"@type":"EntryPoint","urlTemplate":"https:\/\/www.laguiadepamplona.com\/actualidad\/?s={search_term_string}"},"query-input":{"@type":"PropertyValueSpecification","valueRequired":true,"valueName":"search_term_string"}}],"inLanguage":"es"},{"@type":"Organization","@id":"https:\/\/www.laguiadepamplona.com\/actualidad\/#organization","name":"La Gu\u00eda de Pamplona \/ Noticias","url":"https:\/\/www.laguiadepamplona.com\/actualidad\/","logo":{"@type":"ImageObject","inLanguage":"es","@id":"https:\/\/www.laguiadepamplona.com\/actualidad\/#\/schema\/logo\/image\/","url":"https:\/\/www.laguiadepamplona.com\/actualidad\/wp-content\/uploads\/2018\/11\/logo-laguiadepamplona18-web1.png","contentUrl":"https:\/\/www.laguiadepamplona.com\/actualidad\/wp-content\/uploads\/2018\/11\/logo-laguiadepamplona18-web1.png","width":600,"height":196,"caption":"La Gu\u00eda de Pamplona \/ Noticias"},"image":{"@id":"https:\/\/www.laguiadepamplona.com\/actualidad\/#\/schema\/logo\/image\/"},"sameAs":["https:\/\/www.facebook.com\/laguiadepamplonacom-133175176762273\/?ref=hl","https:\/\/x.com\/LaGuiadPamplona","https:\/\/www.instagram.com\/la_guia_de_pamplona\/","https:\/\/www.youtube.com\/user\/laguiadepamplona"]},{"@type":"Person","@id":"https:\/\/www.laguiadepamplona.com\/actualidad\/#\/schema\/person\/efe887376f0213d4657c93adc50b1fdb","name":"La Gu\u00eda de Pamplona","image":{"@type":"ImageObject","inLanguage":"es","@id":"https:\/\/secure.gravatar.com\/avatar\/b6992f131dc8d30ab0dff15446e9d346d9dbd95992de0fef795073f5ea83a81c?s=96&d=mm&r=g","url":"https:\/\/secure.gravatar.com\/avatar\/b6992f131dc8d30ab0dff15446e9d346d9dbd95992de0fef795073f5ea83a81c?s=96&d=mm&r=g","contentUrl":"https:\/\/secure.gravatar.com\/avatar\/b6992f131dc8d30ab0dff15446e9d346d9dbd95992de0fef795073f5ea83a81c?s=96&d=mm&r=g","caption":"La Gu\u00eda de Pamplona"}}]}},"post_mailing_queue_ids":[],"_links":{"self":[{"href":"https:\/\/www.laguiadepamplona.com\/actualidad\/wp-json\/wp\/v2\/posts\/11277","targetHints":{"allow":["GET"]}}],"collection":[{"href":"https:\/\/www.laguiadepamplona.com\/actualidad\/wp-json\/wp\/v2\/posts"}],"about":[{"href":"https:\/\/www.laguiadepamplona.com\/actualidad\/wp-json\/wp\/v2\/types\/post"}],"author":[{"embeddable":true,"href":"https:\/\/www.laguiadepamplona.com\/actualidad\/wp-json\/wp\/v2\/users\/1"}],"replies":[{"embeddable":true,"href":"https:\/\/www.laguiadepamplona.com\/actualidad\/wp-json\/wp\/v2\/comments?post=11277"}],"version-history":[{"count":0,"href":"https:\/\/www.laguiadepamplona.com\/actualidad\/wp-json\/wp\/v2\/posts\/11277\/revisions"}],"wp:featuredmedia":[{"embeddable":true,"href":"https:\/\/www.laguiadepamplona.com\/actualidad\/wp-json\/wp\/v2\/media\/11279"}],"wp:attachment":[{"href":"https:\/\/www.laguiadepamplona.com\/actualidad\/wp-json\/wp\/v2\/media?parent=11277"}],"wp:term":[{"taxonomy":"category","embeddable":true,"href":"https:\/\/www.laguiadepamplona.com\/actualidad\/wp-json\/wp\/v2\/categories?post=11277"},{"taxonomy":"post_tag","embeddable":true,"href":"https:\/\/www.laguiadepamplona.com\/actualidad\/wp-json\/wp\/v2\/tags?post=11277"}],"curies":[{"name":"wp","href":"https:\/\/api.w.org\/{rel}","templated":true}]}}