{"id":11275,"date":"2016-11-14T11:22:37","date_gmt":"2016-11-14T10:22:37","guid":{"rendered":"http:\/\/laguiadepamplona.es\/actualidad\/?p=11275"},"modified":"2016-12-09T11:23:19","modified_gmt":"2016-12-09T10:23:19","slug":"la-ciudadania-podra-analizar-y-aportar-sus-ideas-sobre-huertos-urbanos-manana-en-el-observatorio-de-ecologia-urbana","status":"publish","type":"post","link":"https:\/\/www.laguiadepamplona.com\/actualidad\/la-ciudadania-podra-analizar-y-aportar-sus-ideas-sobre-huertos-urbanos-manana-en-el-observatorio-de-ecologia-urbana\/","title":{"rendered":"La ciudadan\u00eda podr\u00e1 analizar y aportar sus ideas sobre huertos urbanos ma\u00f1ana en el Observatorio de Ecolog\u00eda Urbana"},"content":{"rendered":"<h3>La reuni\u00f3n ser\u00e1 este martes a las 18 horas en el Museo de Educaci\u00f3n Ambiental, con entrada libre y participaci\u00f3n abierta<\/h3>\n<p><!--more--><\/p>\n<p>El Observatorio de Ecolog\u00eda Urbana celebra esta ma\u00f1ana una nueva reuni\u00f3n para recabar la opini\u00f3n y aportaciones de la ciudadan\u00eda. En esta ocasi\u00f3n, se analizar\u00e1n las actuaciones realizadas por el Ayuntamiento de Pamplona sobre huertos urbanos. La charla ser\u00e1 a las 18 horas en el Museo de Educaci\u00f3n Ambiental y la participaci\u00f3n es libre, sin necesidad de inscripci\u00f3n previa. La duraci\u00f3n aproximada es de hora y media.<\/p>\n<p>El objetivo del encuentro de ma\u00f1ana es hablar de los huertos urbanos y solucionar las dudas que puedan surgir, adem\u00e1s de recibir propuestas para traslad\u00e1rselas a los t\u00e9cnicos competentes en la materia, explicar las actuaciones desde el Ayuntamiento y abrir una ronda de sugerencias de temas para trabajar en posteriores reuniones. La reuni\u00f3n no se centrar\u00e1 exclusivamente en el tema de huertos comunitarios, ya que se abordar\u00e1n tambi\u00e9n los de Aranzadi, Magdalena, casa Gurbindo, as\u00ed como huertos de ocio, huertos sociales, huertos escolares y otros temas relacionados.<\/p>\n<p>El Observatorio de Ecolog\u00eda Urbana forma parte del Servicio de Ecolog\u00eda Urbana del Ayuntamiento de Pamplona. Se trata de un espacio de participaci\u00f3n abierto concebido como un consejo asesor ciudadano. No es un foro representativo ni deliberativo. Sus propuestas y conclusiones no son de obligatorio cumplimiento. El objetivo de este Observatorio es vigilar, debatir y analizar la situaci\u00f3n ambiental de la ciudad y hacer propuestas al Ayuntamiento de Pamplona.<\/p>\n<p>En el Observatorio puede participar cualquier persona con inter\u00e9s en los temas que se traten, aportando su opini\u00f3n, experiencia personal o profesional, etc. En el Observatorio se tratan temas como residuos, derechos de los animales, energ\u00eda, biodiversidad, cambio clim\u00e1tico, ruido, educaci\u00f3n ambiental, consumo, agricultura ecol\u00f3gica, etc.<\/p>\n<p>El Observatorio est\u00e1 moderado por un equipo externo, y en sus reuniones contar\u00e1 con la participaci\u00f3n, seg\u00fan los temas, de t\u00e9cnicos municipales, para as\u00ed poder transmitir las propuestas y sugerencias a los servicios implicados.<\/p>\n<p>El Observatorio tiene un apartado en la p\u00e1gina web municipal <a href=\"http:\/\/www.pamplona.es\/\" target=\"_blank\">www.pamplona.es<\/a>, en el que se publican las actas de las reuniones y donde hay un buz\u00f3n de sugerencias: <a href=\"http:\/\/www.pamplona.es\/verPagina.asp?idPag=1948&amp;idioma=1\" target=\"_blank\">http:\/\/www.pamplona.es\/verPagina.asp?idPag=1948&amp;idioma=1<\/a>.<\/p>\n<p>&nbsp;<\/p>\n<p><strong>Observatorio de Ecolog\u00eda Urbana. Pr\u00f3ximos encuentros oto\u00f1o 2016<\/strong><\/p>\n<ul>\n<li><strong>Martes 15 de noviembre<\/strong><\/li>\n<\/ul>\n<p>Grupo de trabajo: Agricultura urbana<\/p>\n<p>Tema: Desarrollo de la red de huertos urbanos municipal en 2016. Retos para 2017<\/p>\n<p>Hora: 18.00 \u2013 19.30<\/p>\n<ul>\n<li><strong>Jueves 17 de noviembre<\/strong><\/li>\n<\/ul>\n<p>Grupo de trabajo: Urbanismo Sostenible<\/p>\n<p>Tema: Sesi\u00f3n de trabajo para definir contenidos y plan de trabajo para 2017<\/p>\n<p>Hora: 18.00 \u2013 19.30<\/p>\n<ul>\n<li><strong>Jueves 24 de noviembre<\/strong><\/li>\n<\/ul>\n<p>Grupo de trabajo: Derechos de los animales<\/p>\n<p>Tema: \u00bfQu\u00e9 hacemos con el mini-zoo de la Taconera? (II parte)<\/p>\n<p>Hora: 18.00 \u2013 19.30<\/p>\n<ul>\n<li><strong>Jueves 15 de diciembr<\/strong>e<\/li>\n<\/ul>\n<p>Grupo de trabajo: Foro General<\/p>\n<p>Tema: Puesta en com\u00fan y conclusiones del Observatorio 2016<\/p>\n<p>Hora: 18.00 \u2013 19.30<\/p>\n","protected":false},"excerpt":{"rendered":"<p>La reuni\u00f3n ser\u00e1 este martes a las 18 horas en el Museo de Educaci\u00f3n Ambiental, con entrada libre y participaci\u00f3n abierta<\/p>\n","protected":false},"author":1,"featured_media":11071,"comment_status":"closed","ping_status":"closed","sticky":false,"template":"","format":"standard","meta":{"footnotes":""},"categories":[2],"tags":[],"class_list":["post-11275","post","type-post","status-publish","format-standard","has-post-thumbnail","hentry","category-ayuntamiento-pamplona"],"yoast_head":"<!-- This site is optimized with the Yoast SEO plugin v27.5 - https:\/\/yoast.com\/product\/yoast-seo-wordpress\/ -->\n<title>La ciudadan\u00eda podr\u00e1 analizar y aportar sus ideas sobre huertos urbanos ma\u00f1ana en el Observatorio de Ecolog\u00eda Urbana<\/title>\n<meta name=\"robots\" content=\"index, follow, max-snippet:-1, max-image-preview:large, max-video-preview:-1\" \/>\n<link rel=\"canonical\" href=\"https:\/\/www.laguiadepamplona.com\/actualidad\/la-ciudadania-podra-analizar-y-aportar-sus-ideas-sobre-huertos-urbanos-manana-en-el-observatorio-de-ecologia-urbana\/\" \/>\n<meta property=\"og:locale\" content=\"es_ES\" \/>\n<meta property=\"og:type\" content=\"article\" \/>\n<meta property=\"og:title\" content=\"La ciudadan\u00eda podr\u00e1 analizar y aportar sus ideas sobre huertos urbanos ma\u00f1ana en el Observatorio de Ecolog\u00eda Urbana\" \/>\n<meta property=\"og:description\" content=\"La reuni\u00f3n ser\u00e1 este martes a las 18 horas en el Museo de Educaci\u00f3n Ambiental, con entrada libre y participaci\u00f3n abierta\" \/>\n<meta property=\"og:url\" content=\"https:\/\/www.laguiadepamplona.com\/actualidad\/la-ciudadania-podra-analizar-y-aportar-sus-ideas-sobre-huertos-urbanos-manana-en-el-observatorio-de-ecologia-urbana\/\" \/>\n<meta property=\"og:site_name\" content=\"La Gu\u00eda de Pamplona\" \/>\n<meta property=\"article:publisher\" content=\"https:\/\/www.facebook.com\/laguiadepamplonacom-133175176762273\/?ref=hl\" \/>\n<meta property=\"article:published_time\" content=\"2016-11-14T10:22:37+00:00\" \/>\n<meta property=\"article:modified_time\" content=\"2016-12-09T10:23:19+00:00\" \/>\n<meta property=\"og:image\" content=\"https:\/\/www.laguiadepamplona.com\/actualidad\/wp-content\/uploads\/2016\/12\/Museo-Educacion-Ambiental-Pamplona.jpg\" \/>\n\t<meta property=\"og:image:width\" content=\"627\" \/>\n\t<meta property=\"og:image:height\" content=\"352\" \/>\n\t<meta property=\"og:image:type\" content=\"image\/jpeg\" \/>\n<meta name=\"author\" content=\"La Gu\u00eda de Pamplona\" \/>\n<meta name=\"twitter:card\" content=\"summary_large_image\" \/>\n<meta name=\"twitter:creator\" content=\"@LaGuiadPamplona\" \/>\n<meta name=\"twitter:site\" content=\"@LaGuiadPamplona\" \/>\n<meta name=\"twitter:label1\" content=\"Escrito por\" \/>\n\t<meta name=\"twitter:data1\" content=\"La Gu\u00eda de Pamplona\" \/>\n\t<meta name=\"twitter:label2\" content=\"Tiempo de lectura\" \/>\n\t<meta name=\"twitter:data2\" content=\"2 minutos\" \/>\n<script type=\"application\/ld+json\" class=\"yoast-schema-graph\">{\"@context\":\"https:\\\/\\\/schema.org\",\"@graph\":[{\"@type\":\"Article\",\"@id\":\"https:\\\/\\\/www.laguiadepamplona.com\\\/actualidad\\\/la-ciudadania-podra-analizar-y-aportar-sus-ideas-sobre-huertos-urbanos-manana-en-el-observatorio-de-ecologia-urbana\\\/#article\",\"isPartOf\":{\"@id\":\"https:\\\/\\\/www.laguiadepamplona.com\\\/actualidad\\\/la-ciudadania-podra-analizar-y-aportar-sus-ideas-sobre-huertos-urbanos-manana-en-el-observatorio-de-ecologia-urbana\\\/\"},\"author\":{\"name\":\"La Gu\u00eda de Pamplona\",\"@id\":\"https:\\\/\\\/www.laguiadepamplona.com\\\/actualidad\\\/#\\\/schema\\\/person\\\/efe887376f0213d4657c93adc50b1fdb\"},\"headline\":\"La ciudadan\u00eda podr\u00e1 analizar y aportar sus ideas sobre huertos urbanos ma\u00f1ana en el Observatorio de Ecolog\u00eda Urbana\",\"datePublished\":\"2016-11-14T10:22:37+00:00\",\"dateModified\":\"2016-12-09T10:23:19+00:00\",\"mainEntityOfPage\":{\"@id\":\"https:\\\/\\\/www.laguiadepamplona.com\\\/actualidad\\\/la-ciudadania-podra-analizar-y-aportar-sus-ideas-sobre-huertos-urbanos-manana-en-el-observatorio-de-ecologia-urbana\\\/\"},\"wordCount\":512,\"publisher\":{\"@id\":\"https:\\\/\\\/www.laguiadepamplona.com\\\/actualidad\\\/#organization\"},\"image\":{\"@id\":\"https:\\\/\\\/www.laguiadepamplona.com\\\/actualidad\\\/la-ciudadania-podra-analizar-y-aportar-sus-ideas-sobre-huertos-urbanos-manana-en-el-observatorio-de-ecologia-urbana\\\/#primaryimage\"},\"thumbnailUrl\":\"https:\\\/\\\/www.laguiadepamplona.com\\\/actualidad\\\/wp-content\\\/uploads\\\/2016\\\/12\\\/Museo-Educacion-Ambiental-Pamplona.jpg\",\"articleSection\":[\"Ayto Pamplona\"],\"inLanguage\":\"es\"},{\"@type\":\"WebPage\",\"@id\":\"https:\\\/\\\/www.laguiadepamplona.com\\\/actualidad\\\/la-ciudadania-podra-analizar-y-aportar-sus-ideas-sobre-huertos-urbanos-manana-en-el-observatorio-de-ecologia-urbana\\\/\",\"url\":\"https:\\\/\\\/www.laguiadepamplona.com\\\/actualidad\\\/la-ciudadania-podra-analizar-y-aportar-sus-ideas-sobre-huertos-urbanos-manana-en-el-observatorio-de-ecologia-urbana\\\/\",\"name\":\"La ciudadan\u00eda podr\u00e1 analizar y aportar sus ideas sobre huertos urbanos ma\u00f1ana en el Observatorio de Ecolog\u00eda Urbana\",\"isPartOf\":{\"@id\":\"https:\\\/\\\/www.laguiadepamplona.com\\\/actualidad\\\/#website\"},\"primaryImageOfPage\":{\"@id\":\"https:\\\/\\\/www.laguiadepamplona.com\\\/actualidad\\\/la-ciudadania-podra-analizar-y-aportar-sus-ideas-sobre-huertos-urbanos-manana-en-el-observatorio-de-ecologia-urbana\\\/#primaryimage\"},\"image\":{\"@id\":\"https:\\\/\\\/www.laguiadepamplona.com\\\/actualidad\\\/la-ciudadania-podra-analizar-y-aportar-sus-ideas-sobre-huertos-urbanos-manana-en-el-observatorio-de-ecologia-urbana\\\/#primaryimage\"},\"thumbnailUrl\":\"https:\\\/\\\/www.laguiadepamplona.com\\\/actualidad\\\/wp-content\\\/uploads\\\/2016\\\/12\\\/Museo-Educacion-Ambiental-Pamplona.jpg\",\"datePublished\":\"2016-11-14T10:22:37+00:00\",\"dateModified\":\"2016-12-09T10:23:19+00:00\",\"breadcrumb\":{\"@id\":\"https:\\\/\\\/www.laguiadepamplona.com\\\/actualidad\\\/la-ciudadania-podra-analizar-y-aportar-sus-ideas-sobre-huertos-urbanos-manana-en-el-observatorio-de-ecologia-urbana\\\/#breadcrumb\"},\"inLanguage\":\"es\",\"potentialAction\":[{\"@type\":\"ReadAction\",\"target\":[\"https:\\\/\\\/www.laguiadepamplona.com\\\/actualidad\\\/la-ciudadania-podra-analizar-y-aportar-sus-ideas-sobre-huertos-urbanos-manana-en-el-observatorio-de-ecologia-urbana\\\/\"]}]},{\"@type\":\"ImageObject\",\"inLanguage\":\"es\",\"@id\":\"https:\\\/\\\/www.laguiadepamplona.com\\\/actualidad\\\/la-ciudadania-podra-analizar-y-aportar-sus-ideas-sobre-huertos-urbanos-manana-en-el-observatorio-de-ecologia-urbana\\\/#primaryimage\",\"url\":\"https:\\\/\\\/www.laguiadepamplona.com\\\/actualidad\\\/wp-content\\\/uploads\\\/2016\\\/12\\\/Museo-Educacion-Ambiental-Pamplona.jpg\",\"contentUrl\":\"https:\\\/\\\/www.laguiadepamplona.com\\\/actualidad\\\/wp-content\\\/uploads\\\/2016\\\/12\\\/Museo-Educacion-Ambiental-Pamplona.jpg\",\"width\":627,\"height\":352},{\"@type\":\"BreadcrumbList\",\"@id\":\"https:\\\/\\\/www.laguiadepamplona.com\\\/actualidad\\\/la-ciudadania-podra-analizar-y-aportar-sus-ideas-sobre-huertos-urbanos-manana-en-el-observatorio-de-ecologia-urbana\\\/#breadcrumb\",\"itemListElement\":[{\"@type\":\"ListItem\",\"position\":1,\"name\":\"Portada\",\"item\":\"https:\\\/\\\/www.laguiadepamplona.com\\\/actualidad\\\/\"},{\"@type\":\"ListItem\",\"position\":2,\"name\":\"La ciudadan\u00eda podr\u00e1 analizar y aportar sus ideas sobre huertos urbanos ma\u00f1ana en el Observatorio de Ecolog\u00eda Urbana\"}]},{\"@type\":\"WebSite\",\"@id\":\"https:\\\/\\\/www.laguiadepamplona.com\\\/actualidad\\\/#website\",\"url\":\"https:\\\/\\\/www.laguiadepamplona.com\\\/actualidad\\\/\",\"name\":\"La gu\u00eda de Pamplona\",\"description\":\"Noticias de Pamplona\",\"publisher\":{\"@id\":\"https:\\\/\\\/www.laguiadepamplona.com\\\/actualidad\\\/#organization\"},\"potentialAction\":[{\"@type\":\"SearchAction\",\"target\":{\"@type\":\"EntryPoint\",\"urlTemplate\":\"https:\\\/\\\/www.laguiadepamplona.com\\\/actualidad\\\/?s={search_term_string}\"},\"query-input\":{\"@type\":\"PropertyValueSpecification\",\"valueRequired\":true,\"valueName\":\"search_term_string\"}}],\"inLanguage\":\"es\"},{\"@type\":\"Organization\",\"@id\":\"https:\\\/\\\/www.laguiadepamplona.com\\\/actualidad\\\/#organization\",\"name\":\"La Gu\u00eda de Pamplona \\\/ Noticias\",\"url\":\"https:\\\/\\\/www.laguiadepamplona.com\\\/actualidad\\\/\",\"logo\":{\"@type\":\"ImageObject\",\"inLanguage\":\"es\",\"@id\":\"https:\\\/\\\/www.laguiadepamplona.com\\\/actualidad\\\/#\\\/schema\\\/logo\\\/image\\\/\",\"url\":\"https:\\\/\\\/www.laguiadepamplona.com\\\/actualidad\\\/wp-content\\\/uploads\\\/2018\\\/11\\\/logo-laguiadepamplona18-web1.png\",\"contentUrl\":\"https:\\\/\\\/www.laguiadepamplona.com\\\/actualidad\\\/wp-content\\\/uploads\\\/2018\\\/11\\\/logo-laguiadepamplona18-web1.png\",\"width\":600,\"height\":196,\"caption\":\"La Gu\u00eda de Pamplona \\\/ Noticias\"},\"image\":{\"@id\":\"https:\\\/\\\/www.laguiadepamplona.com\\\/actualidad\\\/#\\\/schema\\\/logo\\\/image\\\/\"},\"sameAs\":[\"https:\\\/\\\/www.facebook.com\\\/laguiadepamplonacom-133175176762273\\\/?ref=hl\",\"https:\\\/\\\/x.com\\\/LaGuiadPamplona\",\"https:\\\/\\\/www.instagram.com\\\/la_guia_de_pamplona\\\/\",\"https:\\\/\\\/www.youtube.com\\\/user\\\/laguiadepamplona\"]},{\"@type\":\"Person\",\"@id\":\"https:\\\/\\\/www.laguiadepamplona.com\\\/actualidad\\\/#\\\/schema\\\/person\\\/efe887376f0213d4657c93adc50b1fdb\",\"name\":\"La Gu\u00eda de Pamplona\",\"image\":{\"@type\":\"ImageObject\",\"inLanguage\":\"es\",\"@id\":\"https:\\\/\\\/secure.gravatar.com\\\/avatar\\\/b6992f131dc8d30ab0dff15446e9d346d9dbd95992de0fef795073f5ea83a81c?s=96&d=mm&r=g\",\"url\":\"https:\\\/\\\/secure.gravatar.com\\\/avatar\\\/b6992f131dc8d30ab0dff15446e9d346d9dbd95992de0fef795073f5ea83a81c?s=96&d=mm&r=g\",\"contentUrl\":\"https:\\\/\\\/secure.gravatar.com\\\/avatar\\\/b6992f131dc8d30ab0dff15446e9d346d9dbd95992de0fef795073f5ea83a81c?s=96&d=mm&r=g\",\"caption\":\"La Gu\u00eda de Pamplona\"}}]}<\/script>\n<!-- \/ Yoast SEO plugin. -->","yoast_head_json":{"title":"La ciudadan\u00eda podr\u00e1 analizar y aportar sus ideas sobre huertos urbanos ma\u00f1ana en el Observatorio de Ecolog\u00eda Urbana","robots":{"index":"index","follow":"follow","max-snippet":"max-snippet:-1","max-image-preview":"max-image-preview:large","max-video-preview":"max-video-preview:-1"},"canonical":"https:\/\/www.laguiadepamplona.com\/actualidad\/la-ciudadania-podra-analizar-y-aportar-sus-ideas-sobre-huertos-urbanos-manana-en-el-observatorio-de-ecologia-urbana\/","og_locale":"es_ES","og_type":"article","og_title":"La ciudadan\u00eda podr\u00e1 analizar y aportar sus ideas sobre huertos urbanos ma\u00f1ana en el Observatorio de Ecolog\u00eda Urbana","og_description":"La reuni\u00f3n ser\u00e1 este martes a las 18 horas en el Museo de Educaci\u00f3n Ambiental, con entrada libre y participaci\u00f3n abierta","og_url":"https:\/\/www.laguiadepamplona.com\/actualidad\/la-ciudadania-podra-analizar-y-aportar-sus-ideas-sobre-huertos-urbanos-manana-en-el-observatorio-de-ecologia-urbana\/","og_site_name":"La Gu\u00eda de Pamplona","article_publisher":"https:\/\/www.facebook.com\/laguiadepamplonacom-133175176762273\/?ref=hl","article_published_time":"2016-11-14T10:22:37+00:00","article_modified_time":"2016-12-09T10:23:19+00:00","og_image":[{"width":627,"height":352,"url":"https:\/\/www.laguiadepamplona.com\/actualidad\/wp-content\/uploads\/2016\/12\/Museo-Educacion-Ambiental-Pamplona.jpg","type":"image\/jpeg"}],"author":"La Gu\u00eda de Pamplona","twitter_card":"summary_large_image","twitter_creator":"@LaGuiadPamplona","twitter_site":"@LaGuiadPamplona","twitter_misc":{"Escrito por":"La Gu\u00eda de Pamplona","Tiempo de lectura":"2 minutos"},"schema":{"@context":"https:\/\/schema.org","@graph":[{"@type":"Article","@id":"https:\/\/www.laguiadepamplona.com\/actualidad\/la-ciudadania-podra-analizar-y-aportar-sus-ideas-sobre-huertos-urbanos-manana-en-el-observatorio-de-ecologia-urbana\/#article","isPartOf":{"@id":"https:\/\/www.laguiadepamplona.com\/actualidad\/la-ciudadania-podra-analizar-y-aportar-sus-ideas-sobre-huertos-urbanos-manana-en-el-observatorio-de-ecologia-urbana\/"},"author":{"name":"La Gu\u00eda de Pamplona","@id":"https:\/\/www.laguiadepamplona.com\/actualidad\/#\/schema\/person\/efe887376f0213d4657c93adc50b1fdb"},"headline":"La ciudadan\u00eda podr\u00e1 analizar y aportar sus ideas sobre huertos urbanos ma\u00f1ana en el Observatorio de Ecolog\u00eda Urbana","datePublished":"2016-11-14T10:22:37+00:00","dateModified":"2016-12-09T10:23:19+00:00","mainEntityOfPage":{"@id":"https:\/\/www.laguiadepamplona.com\/actualidad\/la-ciudadania-podra-analizar-y-aportar-sus-ideas-sobre-huertos-urbanos-manana-en-el-observatorio-de-ecologia-urbana\/"},"wordCount":512,"publisher":{"@id":"https:\/\/www.laguiadepamplona.com\/actualidad\/#organization"},"image":{"@id":"https:\/\/www.laguiadepamplona.com\/actualidad\/la-ciudadania-podra-analizar-y-aportar-sus-ideas-sobre-huertos-urbanos-manana-en-el-observatorio-de-ecologia-urbana\/#primaryimage"},"thumbnailUrl":"https:\/\/www.laguiadepamplona.com\/actualidad\/wp-content\/uploads\/2016\/12\/Museo-Educacion-Ambiental-Pamplona.jpg","articleSection":["Ayto Pamplona"],"inLanguage":"es"},{"@type":"WebPage","@id":"https:\/\/www.laguiadepamplona.com\/actualidad\/la-ciudadania-podra-analizar-y-aportar-sus-ideas-sobre-huertos-urbanos-manana-en-el-observatorio-de-ecologia-urbana\/","url":"https:\/\/www.laguiadepamplona.com\/actualidad\/la-ciudadania-podra-analizar-y-aportar-sus-ideas-sobre-huertos-urbanos-manana-en-el-observatorio-de-ecologia-urbana\/","name":"La ciudadan\u00eda podr\u00e1 analizar y aportar sus ideas sobre huertos urbanos ma\u00f1ana en el Observatorio de Ecolog\u00eda Urbana","isPartOf":{"@id":"https:\/\/www.laguiadepamplona.com\/actualidad\/#website"},"primaryImageOfPage":{"@id":"https:\/\/www.laguiadepamplona.com\/actualidad\/la-ciudadania-podra-analizar-y-aportar-sus-ideas-sobre-huertos-urbanos-manana-en-el-observatorio-de-ecologia-urbana\/#primaryimage"},"image":{"@id":"https:\/\/www.laguiadepamplona.com\/actualidad\/la-ciudadania-podra-analizar-y-aportar-sus-ideas-sobre-huertos-urbanos-manana-en-el-observatorio-de-ecologia-urbana\/#primaryimage"},"thumbnailUrl":"https:\/\/www.laguiadepamplona.com\/actualidad\/wp-content\/uploads\/2016\/12\/Museo-Educacion-Ambiental-Pamplona.jpg","datePublished":"2016-11-14T10:22:37+00:00","dateModified":"2016-12-09T10:23:19+00:00","breadcrumb":{"@id":"https:\/\/www.laguiadepamplona.com\/actualidad\/la-ciudadania-podra-analizar-y-aportar-sus-ideas-sobre-huertos-urbanos-manana-en-el-observatorio-de-ecologia-urbana\/#breadcrumb"},"inLanguage":"es","potentialAction":[{"@type":"ReadAction","target":["https:\/\/www.laguiadepamplona.com\/actualidad\/la-ciudadania-podra-analizar-y-aportar-sus-ideas-sobre-huertos-urbanos-manana-en-el-observatorio-de-ecologia-urbana\/"]}]},{"@type":"ImageObject","inLanguage":"es","@id":"https:\/\/www.laguiadepamplona.com\/actualidad\/la-ciudadania-podra-analizar-y-aportar-sus-ideas-sobre-huertos-urbanos-manana-en-el-observatorio-de-ecologia-urbana\/#primaryimage","url":"https:\/\/www.laguiadepamplona.com\/actualidad\/wp-content\/uploads\/2016\/12\/Museo-Educacion-Ambiental-Pamplona.jpg","contentUrl":"https:\/\/www.laguiadepamplona.com\/actualidad\/wp-content\/uploads\/2016\/12\/Museo-Educacion-Ambiental-Pamplona.jpg","width":627,"height":352},{"@type":"BreadcrumbList","@id":"https:\/\/www.laguiadepamplona.com\/actualidad\/la-ciudadania-podra-analizar-y-aportar-sus-ideas-sobre-huertos-urbanos-manana-en-el-observatorio-de-ecologia-urbana\/#breadcrumb","itemListElement":[{"@type":"ListItem","position":1,"name":"Portada","item":"https:\/\/www.laguiadepamplona.com\/actualidad\/"},{"@type":"ListItem","position":2,"name":"La ciudadan\u00eda podr\u00e1 analizar y aportar sus ideas sobre huertos urbanos ma\u00f1ana en el Observatorio de Ecolog\u00eda Urbana"}]},{"@type":"WebSite","@id":"https:\/\/www.laguiadepamplona.com\/actualidad\/#website","url":"https:\/\/www.laguiadepamplona.com\/actualidad\/","name":"La gu\u00eda de Pamplona","description":"Noticias de Pamplona","publisher":{"@id":"https:\/\/www.laguiadepamplona.com\/actualidad\/#organization"},"potentialAction":[{"@type":"SearchAction","target":{"@type":"EntryPoint","urlTemplate":"https:\/\/www.laguiadepamplona.com\/actualidad\/?s={search_term_string}"},"query-input":{"@type":"PropertyValueSpecification","valueRequired":true,"valueName":"search_term_string"}}],"inLanguage":"es"},{"@type":"Organization","@id":"https:\/\/www.laguiadepamplona.com\/actualidad\/#organization","name":"La Gu\u00eda de Pamplona \/ Noticias","url":"https:\/\/www.laguiadepamplona.com\/actualidad\/","logo":{"@type":"ImageObject","inLanguage":"es","@id":"https:\/\/www.laguiadepamplona.com\/actualidad\/#\/schema\/logo\/image\/","url":"https:\/\/www.laguiadepamplona.com\/actualidad\/wp-content\/uploads\/2018\/11\/logo-laguiadepamplona18-web1.png","contentUrl":"https:\/\/www.laguiadepamplona.com\/actualidad\/wp-content\/uploads\/2018\/11\/logo-laguiadepamplona18-web1.png","width":600,"height":196,"caption":"La Gu\u00eda de Pamplona \/ Noticias"},"image":{"@id":"https:\/\/www.laguiadepamplona.com\/actualidad\/#\/schema\/logo\/image\/"},"sameAs":["https:\/\/www.facebook.com\/laguiadepamplonacom-133175176762273\/?ref=hl","https:\/\/x.com\/LaGuiadPamplona","https:\/\/www.instagram.com\/la_guia_de_pamplona\/","https:\/\/www.youtube.com\/user\/laguiadepamplona"]},{"@type":"Person","@id":"https:\/\/www.laguiadepamplona.com\/actualidad\/#\/schema\/person\/efe887376f0213d4657c93adc50b1fdb","name":"La Gu\u00eda de Pamplona","image":{"@type":"ImageObject","inLanguage":"es","@id":"https:\/\/secure.gravatar.com\/avatar\/b6992f131dc8d30ab0dff15446e9d346d9dbd95992de0fef795073f5ea83a81c?s=96&d=mm&r=g","url":"https:\/\/secure.gravatar.com\/avatar\/b6992f131dc8d30ab0dff15446e9d346d9dbd95992de0fef795073f5ea83a81c?s=96&d=mm&r=g","contentUrl":"https:\/\/secure.gravatar.com\/avatar\/b6992f131dc8d30ab0dff15446e9d346d9dbd95992de0fef795073f5ea83a81c?s=96&d=mm&r=g","caption":"La Gu\u00eda de Pamplona"}}]}},"post_mailing_queue_ids":[],"_links":{"self":[{"href":"https:\/\/www.laguiadepamplona.com\/actualidad\/wp-json\/wp\/v2\/posts\/11275","targetHints":{"allow":["GET"]}}],"collection":[{"href":"https:\/\/www.laguiadepamplona.com\/actualidad\/wp-json\/wp\/v2\/posts"}],"about":[{"href":"https:\/\/www.laguiadepamplona.com\/actualidad\/wp-json\/wp\/v2\/types\/post"}],"author":[{"embeddable":true,"href":"https:\/\/www.laguiadepamplona.com\/actualidad\/wp-json\/wp\/v2\/users\/1"}],"replies":[{"embeddable":true,"href":"https:\/\/www.laguiadepamplona.com\/actualidad\/wp-json\/wp\/v2\/comments?post=11275"}],"version-history":[{"count":0,"href":"https:\/\/www.laguiadepamplona.com\/actualidad\/wp-json\/wp\/v2\/posts\/11275\/revisions"}],"wp:featuredmedia":[{"embeddable":true,"href":"https:\/\/www.laguiadepamplona.com\/actualidad\/wp-json\/wp\/v2\/media\/11071"}],"wp:attachment":[{"href":"https:\/\/www.laguiadepamplona.com\/actualidad\/wp-json\/wp\/v2\/media?parent=11275"}],"wp:term":[{"taxonomy":"category","embeddable":true,"href":"https:\/\/www.laguiadepamplona.com\/actualidad\/wp-json\/wp\/v2\/categories?post=11275"},{"taxonomy":"post_tag","embeddable":true,"href":"https:\/\/www.laguiadepamplona.com\/actualidad\/wp-json\/wp\/v2\/tags?post=11275"}],"curies":[{"name":"wp","href":"https:\/\/api.w.org\/{rel}","templated":true}]}}