{"id":11271,"date":"2016-11-14T11:21:05","date_gmt":"2016-11-14T10:21:05","guid":{"rendered":"http:\/\/laguiadepamplona.es\/actualidad\/?p=11271"},"modified":"2016-12-09T11:21:47","modified_gmt":"2016-12-09T10:21:47","slug":"el-ayuntamiento-programa-este-martes-un-taller-para-analizar-el-papel-de-los-medios-de-comunicacion-frente-a-las-noticias-de-violencia-hacia-las-mujeres","status":"publish","type":"post","link":"https:\/\/www.laguiadepamplona.com\/actualidad\/el-ayuntamiento-programa-este-martes-un-taller-para-analizar-el-papel-de-los-medios-de-comunicacion-frente-a-las-noticias-de-violencia-hacia-las-mujeres\/","title":{"rendered":"El Ayuntamiento programa este martes un taller para analizar el papel de los medios de comunicaci\u00f3n frente a las noticias de violencia hacia las mujeres"},"content":{"rendered":"<h3>El taller, abierto a la ciudadan\u00eda, se celebrar\u00e1 en Condestable de 19 a 21 horas y es necesaria la inscripci\u00f3n previa<\/h3>\n<p><!--more--><\/p>\n<p>El Ayuntamiento de Pamplona ha organizado ma\u00f1ana martes un taller abierto a la ciudadan\u00eda para analizar y debatir el papel de los medios de comunicaci\u00f3n frente a las noticias de violencia hacia las mujeres. La sesi\u00f3n se celebrar\u00e1 en Civivox Condestable, de 19 a 21 horas. Para participar, es necesaria la inscripci\u00f3n previa que las personas interesadas pueden realizar en el tel\u00e9fono 948 420 150 o en el correo electr\u00f3nico <a href=\"mailto:igualdad@pamplona.es\">igualdad@pamplona.es<\/a>.<\/p>\n<p>El taller estar\u00e1 coordinado por la fil\u00f3loga y profesora colaboradora con diversas universidades y con el CSIC, Eul\u00e0lia Lled\u00f3, y se presenta bajo el t\u00edtulo de \u2018Por una ciudadan\u00eda IMPLICADA contra la violencia hacia las mujeres&#8230; todos los d\u00edas, en todos los lugares y \u00e1mbitos, apoyando a las violentadas, contra quienes las violentan\u201d. En la sesi\u00f3n se hablar\u00e1 de las informaciones aparecidas en los medios de comunicaci\u00f3n durante las pasadas fiestas de San Ferm\u00edn y tambi\u00e9n en otros momentos, relacionadas con la violencia hacia las mujeres, y se identificar\u00e1n aspectos mejorables en el tratamiento de esas noticias. Este taller continuar\u00e1 con una segunda sesi\u00f3n el jueves 15 de diciembre, tambi\u00e9n en Condestable, de 19 a 21 horas.<\/p>\n<p>Adem\u00e1s de este taller abierto a la ciudadan\u00eda, el Ayuntamiento de Pamplona ha organizado dos sesiones con los propios medios de comunicaci\u00f3n locales y regionales para reflexionar tambi\u00e9n sobre los contenidos informativos que se difunden en casos relacionados con violencia hacia las mujeres. El mi\u00e9rcoles se ha citado en el hotel Maisonnave a una decena de medios de comunicaci\u00f3n de prensa escrita y digitales y el jueves a emisoras de radio y de televisi\u00f3n, en dos sesiones de aproximadamente dos horas de duraci\u00f3n. La ponente en ambas sesiones ser\u00e1 tambi\u00e9n Eul\u00e0lia Lled\u00f3.<\/p>\n<p>Ambas iniciativas se incluyen dentro de las actividades que el Ayuntamiento de Pamplona est\u00e1 organizando en torno al 25 de noviembre, D\u00eda Internacional para la Eliminaci\u00f3n de la Violencia hacia las Mujeres.<\/p>\n<p>&nbsp;<\/p>\n<p><strong>Por una ciudadan\u00eda IMPLICADA contra la violencia hacia las mujeres&#8230;<\/strong><\/p>\n<ul>\n<li><strong>Programa \u2018Medios y ciudadan\u00eda frente a las noticias de violencia: aciertos y desaciertos en la comunicaci\u00f3n de las noticias\u201d<\/strong>\n<ul>\n<li>Taller dirigido a la ciudadan\u00eda<\/li>\n<li>Ponente: Eul\u00e0lia Lled\u00f3<\/li>\n<li>Fecha: martes 15 de noviembre y 15 de diciembre, de 19 a 21 horas<\/li>\n<li>Lugar: Condestable Sala 4<\/li>\n<li>Inscripciones: en el tel\u00e9fono 948 420 150 o en el correo electr\u00f3nico igualdad@pamplona.es<\/li>\n<\/ul>\n<\/li>\n<li><strong>I Encuentro con los medios de comunicaci\u00f3n<\/strong>\n<ul>\n<li>Mi\u00e9rcoles 16 de noviembre, de 8.30 a 10.30 horas \u2013 prensa escrita y medios digitales<\/li>\n<li>Jueves 17 de noviembre, de 8.30 a 10.30 horas \u2013 radio y televisi\u00f3n<\/li>\n<li>Ponente: Eul\u00e0lia Lled\u00f3<\/li>\n<li>Hotel Maisonnave<\/li>\n<li>Inscripciones: en el tel\u00e9fono 948 420 150 o en el correo electr\u00f3nico p.mayo@pamplona.es<\/li>\n<\/ul>\n<\/li>\n<\/ul>\n<p>&nbsp;<\/p>\n","protected":false},"excerpt":{"rendered":"<p>El taller, abierto a la ciudadan\u00eda, se celebrar\u00e1 en Condestable de 19 a 21 horas y es necesaria la inscripci\u00f3n previa<\/p>\n","protected":false},"author":1,"featured_media":11008,"comment_status":"closed","ping_status":"closed","sticky":false,"template":"","format":"standard","meta":{"footnotes":""},"categories":[2],"tags":[],"class_list":["post-11271","post","type-post","status-publish","format-standard","has-post-thumbnail","hentry","category-ayuntamiento-pamplona"],"yoast_head":"<!-- This site is optimized with the Yoast SEO plugin v27.5 - https:\/\/yoast.com\/product\/yoast-seo-wordpress\/ -->\n<title>El Ayuntamiento programa este martes un taller para analizar el papel de los medios de comunicaci\u00f3n frente a las noticias de violencia hacia las mujeres<\/title>\n<meta name=\"robots\" content=\"index, follow, max-snippet:-1, max-image-preview:large, max-video-preview:-1\" \/>\n<link rel=\"canonical\" href=\"https:\/\/www.laguiadepamplona.com\/actualidad\/el-ayuntamiento-programa-este-martes-un-taller-para-analizar-el-papel-de-los-medios-de-comunicacion-frente-a-las-noticias-de-violencia-hacia-las-mujeres\/\" \/>\n<meta property=\"og:locale\" content=\"es_ES\" \/>\n<meta property=\"og:type\" content=\"article\" \/>\n<meta property=\"og:title\" content=\"El Ayuntamiento programa este martes un taller para analizar el papel de los medios de comunicaci\u00f3n frente a las noticias de violencia hacia las mujeres\" \/>\n<meta property=\"og:description\" content=\"El taller, abierto a la ciudadan\u00eda, se celebrar\u00e1 en Condestable de 19 a 21 horas y es necesaria la inscripci\u00f3n previa\" \/>\n<meta property=\"og:url\" content=\"https:\/\/www.laguiadepamplona.com\/actualidad\/el-ayuntamiento-programa-este-martes-un-taller-para-analizar-el-papel-de-los-medios-de-comunicacion-frente-a-las-noticias-de-violencia-hacia-las-mujeres\/\" \/>\n<meta property=\"og:site_name\" content=\"La Gu\u00eda de Pamplona\" \/>\n<meta property=\"article:publisher\" content=\"https:\/\/www.facebook.com\/laguiadepamplonacom-133175176762273\/?ref=hl\" \/>\n<meta property=\"article:published_time\" content=\"2016-11-14T10:21:05+00:00\" \/>\n<meta property=\"article:modified_time\" content=\"2016-12-09T10:21:47+00:00\" \/>\n<meta property=\"og:image\" content=\"https:\/\/www.laguiadepamplona.com\/actualidad\/wp-content\/uploads\/2016\/12\/palacio-condestable-civivox.jpg\" \/>\n\t<meta property=\"og:image:width\" content=\"900\" \/>\n\t<meta property=\"og:image:height\" content=\"675\" \/>\n\t<meta property=\"og:image:type\" content=\"image\/jpeg\" \/>\n<meta name=\"author\" content=\"La Gu\u00eda de Pamplona\" \/>\n<meta name=\"twitter:card\" content=\"summary_large_image\" \/>\n<meta name=\"twitter:creator\" content=\"@LaGuiadPamplona\" \/>\n<meta name=\"twitter:site\" content=\"@LaGuiadPamplona\" \/>\n<meta name=\"twitter:label1\" content=\"Escrito por\" \/>\n\t<meta name=\"twitter:data1\" content=\"La Gu\u00eda de Pamplona\" \/>\n\t<meta name=\"twitter:label2\" content=\"Tiempo de lectura\" \/>\n\t<meta name=\"twitter:data2\" content=\"2 minutos\" \/>\n<script type=\"application\/ld+json\" class=\"yoast-schema-graph\">{\"@context\":\"https:\\\/\\\/schema.org\",\"@graph\":[{\"@type\":\"Article\",\"@id\":\"https:\\\/\\\/www.laguiadepamplona.com\\\/actualidad\\\/el-ayuntamiento-programa-este-martes-un-taller-para-analizar-el-papel-de-los-medios-de-comunicacion-frente-a-las-noticias-de-violencia-hacia-las-mujeres\\\/#article\",\"isPartOf\":{\"@id\":\"https:\\\/\\\/www.laguiadepamplona.com\\\/actualidad\\\/el-ayuntamiento-programa-este-martes-un-taller-para-analizar-el-papel-de-los-medios-de-comunicacion-frente-a-las-noticias-de-violencia-hacia-las-mujeres\\\/\"},\"author\":{\"name\":\"La Gu\u00eda de Pamplona\",\"@id\":\"https:\\\/\\\/www.laguiadepamplona.com\\\/actualidad\\\/#\\\/schema\\\/person\\\/efe887376f0213d4657c93adc50b1fdb\"},\"headline\":\"El Ayuntamiento programa este martes un taller para analizar el papel de los medios de comunicaci\u00f3n frente a las noticias de violencia hacia las mujeres\",\"datePublished\":\"2016-11-14T10:21:05+00:00\",\"dateModified\":\"2016-12-09T10:21:47+00:00\",\"mainEntityOfPage\":{\"@id\":\"https:\\\/\\\/www.laguiadepamplona.com\\\/actualidad\\\/el-ayuntamiento-programa-este-martes-un-taller-para-analizar-el-papel-de-los-medios-de-comunicacion-frente-a-las-noticias-de-violencia-hacia-las-mujeres\\\/\"},\"wordCount\":505,\"publisher\":{\"@id\":\"https:\\\/\\\/www.laguiadepamplona.com\\\/actualidad\\\/#organization\"},\"image\":{\"@id\":\"https:\\\/\\\/www.laguiadepamplona.com\\\/actualidad\\\/el-ayuntamiento-programa-este-martes-un-taller-para-analizar-el-papel-de-los-medios-de-comunicacion-frente-a-las-noticias-de-violencia-hacia-las-mujeres\\\/#primaryimage\"},\"thumbnailUrl\":\"https:\\\/\\\/www.laguiadepamplona.com\\\/actualidad\\\/wp-content\\\/uploads\\\/2016\\\/12\\\/palacio-condestable-civivox.jpg\",\"articleSection\":[\"Ayto Pamplona\"],\"inLanguage\":\"es\"},{\"@type\":\"WebPage\",\"@id\":\"https:\\\/\\\/www.laguiadepamplona.com\\\/actualidad\\\/el-ayuntamiento-programa-este-martes-un-taller-para-analizar-el-papel-de-los-medios-de-comunicacion-frente-a-las-noticias-de-violencia-hacia-las-mujeres\\\/\",\"url\":\"https:\\\/\\\/www.laguiadepamplona.com\\\/actualidad\\\/el-ayuntamiento-programa-este-martes-un-taller-para-analizar-el-papel-de-los-medios-de-comunicacion-frente-a-las-noticias-de-violencia-hacia-las-mujeres\\\/\",\"name\":\"El Ayuntamiento programa este martes un taller para analizar el papel de los medios de comunicaci\u00f3n frente a las noticias de violencia hacia las mujeres\",\"isPartOf\":{\"@id\":\"https:\\\/\\\/www.laguiadepamplona.com\\\/actualidad\\\/#website\"},\"primaryImageOfPage\":{\"@id\":\"https:\\\/\\\/www.laguiadepamplona.com\\\/actualidad\\\/el-ayuntamiento-programa-este-martes-un-taller-para-analizar-el-papel-de-los-medios-de-comunicacion-frente-a-las-noticias-de-violencia-hacia-las-mujeres\\\/#primaryimage\"},\"image\":{\"@id\":\"https:\\\/\\\/www.laguiadepamplona.com\\\/actualidad\\\/el-ayuntamiento-programa-este-martes-un-taller-para-analizar-el-papel-de-los-medios-de-comunicacion-frente-a-las-noticias-de-violencia-hacia-las-mujeres\\\/#primaryimage\"},\"thumbnailUrl\":\"https:\\\/\\\/www.laguiadepamplona.com\\\/actualidad\\\/wp-content\\\/uploads\\\/2016\\\/12\\\/palacio-condestable-civivox.jpg\",\"datePublished\":\"2016-11-14T10:21:05+00:00\",\"dateModified\":\"2016-12-09T10:21:47+00:00\",\"breadcrumb\":{\"@id\":\"https:\\\/\\\/www.laguiadepamplona.com\\\/actualidad\\\/el-ayuntamiento-programa-este-martes-un-taller-para-analizar-el-papel-de-los-medios-de-comunicacion-frente-a-las-noticias-de-violencia-hacia-las-mujeres\\\/#breadcrumb\"},\"inLanguage\":\"es\",\"potentialAction\":[{\"@type\":\"ReadAction\",\"target\":[\"https:\\\/\\\/www.laguiadepamplona.com\\\/actualidad\\\/el-ayuntamiento-programa-este-martes-un-taller-para-analizar-el-papel-de-los-medios-de-comunicacion-frente-a-las-noticias-de-violencia-hacia-las-mujeres\\\/\"]}]},{\"@type\":\"ImageObject\",\"inLanguage\":\"es\",\"@id\":\"https:\\\/\\\/www.laguiadepamplona.com\\\/actualidad\\\/el-ayuntamiento-programa-este-martes-un-taller-para-analizar-el-papel-de-los-medios-de-comunicacion-frente-a-las-noticias-de-violencia-hacia-las-mujeres\\\/#primaryimage\",\"url\":\"https:\\\/\\\/www.laguiadepamplona.com\\\/actualidad\\\/wp-content\\\/uploads\\\/2016\\\/12\\\/palacio-condestable-civivox.jpg\",\"contentUrl\":\"https:\\\/\\\/www.laguiadepamplona.com\\\/actualidad\\\/wp-content\\\/uploads\\\/2016\\\/12\\\/palacio-condestable-civivox.jpg\",\"width\":900,\"height\":675},{\"@type\":\"BreadcrumbList\",\"@id\":\"https:\\\/\\\/www.laguiadepamplona.com\\\/actualidad\\\/el-ayuntamiento-programa-este-martes-un-taller-para-analizar-el-papel-de-los-medios-de-comunicacion-frente-a-las-noticias-de-violencia-hacia-las-mujeres\\\/#breadcrumb\",\"itemListElement\":[{\"@type\":\"ListItem\",\"position\":1,\"name\":\"Portada\",\"item\":\"https:\\\/\\\/www.laguiadepamplona.com\\\/actualidad\\\/\"},{\"@type\":\"ListItem\",\"position\":2,\"name\":\"El Ayuntamiento programa este martes un taller para analizar el papel de los medios de comunicaci\u00f3n frente a las noticias de violencia hacia las mujeres\"}]},{\"@type\":\"WebSite\",\"@id\":\"https:\\\/\\\/www.laguiadepamplona.com\\\/actualidad\\\/#website\",\"url\":\"https:\\\/\\\/www.laguiadepamplona.com\\\/actualidad\\\/\",\"name\":\"La gu\u00eda de Pamplona\",\"description\":\"Noticias de Pamplona\",\"publisher\":{\"@id\":\"https:\\\/\\\/www.laguiadepamplona.com\\\/actualidad\\\/#organization\"},\"potentialAction\":[{\"@type\":\"SearchAction\",\"target\":{\"@type\":\"EntryPoint\",\"urlTemplate\":\"https:\\\/\\\/www.laguiadepamplona.com\\\/actualidad\\\/?s={search_term_string}\"},\"query-input\":{\"@type\":\"PropertyValueSpecification\",\"valueRequired\":true,\"valueName\":\"search_term_string\"}}],\"inLanguage\":\"es\"},{\"@type\":\"Organization\",\"@id\":\"https:\\\/\\\/www.laguiadepamplona.com\\\/actualidad\\\/#organization\",\"name\":\"La Gu\u00eda de Pamplona \\\/ Noticias\",\"url\":\"https:\\\/\\\/www.laguiadepamplona.com\\\/actualidad\\\/\",\"logo\":{\"@type\":\"ImageObject\",\"inLanguage\":\"es\",\"@id\":\"https:\\\/\\\/www.laguiadepamplona.com\\\/actualidad\\\/#\\\/schema\\\/logo\\\/image\\\/\",\"url\":\"https:\\\/\\\/www.laguiadepamplona.com\\\/actualidad\\\/wp-content\\\/uploads\\\/2018\\\/11\\\/logo-laguiadepamplona18-web1.png\",\"contentUrl\":\"https:\\\/\\\/www.laguiadepamplona.com\\\/actualidad\\\/wp-content\\\/uploads\\\/2018\\\/11\\\/logo-laguiadepamplona18-web1.png\",\"width\":600,\"height\":196,\"caption\":\"La Gu\u00eda de Pamplona \\\/ Noticias\"},\"image\":{\"@id\":\"https:\\\/\\\/www.laguiadepamplona.com\\\/actualidad\\\/#\\\/schema\\\/logo\\\/image\\\/\"},\"sameAs\":[\"https:\\\/\\\/www.facebook.com\\\/laguiadepamplonacom-133175176762273\\\/?ref=hl\",\"https:\\\/\\\/x.com\\\/LaGuiadPamplona\",\"https:\\\/\\\/www.instagram.com\\\/la_guia_de_pamplona\\\/\",\"https:\\\/\\\/www.youtube.com\\\/user\\\/laguiadepamplona\"]},{\"@type\":\"Person\",\"@id\":\"https:\\\/\\\/www.laguiadepamplona.com\\\/actualidad\\\/#\\\/schema\\\/person\\\/efe887376f0213d4657c93adc50b1fdb\",\"name\":\"La Gu\u00eda de Pamplona\",\"image\":{\"@type\":\"ImageObject\",\"inLanguage\":\"es\",\"@id\":\"https:\\\/\\\/secure.gravatar.com\\\/avatar\\\/b6992f131dc8d30ab0dff15446e9d346d9dbd95992de0fef795073f5ea83a81c?s=96&d=mm&r=g\",\"url\":\"https:\\\/\\\/secure.gravatar.com\\\/avatar\\\/b6992f131dc8d30ab0dff15446e9d346d9dbd95992de0fef795073f5ea83a81c?s=96&d=mm&r=g\",\"contentUrl\":\"https:\\\/\\\/secure.gravatar.com\\\/avatar\\\/b6992f131dc8d30ab0dff15446e9d346d9dbd95992de0fef795073f5ea83a81c?s=96&d=mm&r=g\",\"caption\":\"La Gu\u00eda de Pamplona\"}}]}<\/script>\n<!-- \/ Yoast SEO plugin. -->","yoast_head_json":{"title":"El Ayuntamiento programa este martes un taller para analizar el papel de los medios de comunicaci\u00f3n frente a las noticias de violencia hacia las mujeres","robots":{"index":"index","follow":"follow","max-snippet":"max-snippet:-1","max-image-preview":"max-image-preview:large","max-video-preview":"max-video-preview:-1"},"canonical":"https:\/\/www.laguiadepamplona.com\/actualidad\/el-ayuntamiento-programa-este-martes-un-taller-para-analizar-el-papel-de-los-medios-de-comunicacion-frente-a-las-noticias-de-violencia-hacia-las-mujeres\/","og_locale":"es_ES","og_type":"article","og_title":"El Ayuntamiento programa este martes un taller para analizar el papel de los medios de comunicaci\u00f3n frente a las noticias de violencia hacia las mujeres","og_description":"El taller, abierto a la ciudadan\u00eda, se celebrar\u00e1 en Condestable de 19 a 21 horas y es necesaria la inscripci\u00f3n previa","og_url":"https:\/\/www.laguiadepamplona.com\/actualidad\/el-ayuntamiento-programa-este-martes-un-taller-para-analizar-el-papel-de-los-medios-de-comunicacion-frente-a-las-noticias-de-violencia-hacia-las-mujeres\/","og_site_name":"La Gu\u00eda de Pamplona","article_publisher":"https:\/\/www.facebook.com\/laguiadepamplonacom-133175176762273\/?ref=hl","article_published_time":"2016-11-14T10:21:05+00:00","article_modified_time":"2016-12-09T10:21:47+00:00","og_image":[{"width":900,"height":675,"url":"https:\/\/www.laguiadepamplona.com\/actualidad\/wp-content\/uploads\/2016\/12\/palacio-condestable-civivox.jpg","type":"image\/jpeg"}],"author":"La Gu\u00eda de Pamplona","twitter_card":"summary_large_image","twitter_creator":"@LaGuiadPamplona","twitter_site":"@LaGuiadPamplona","twitter_misc":{"Escrito por":"La Gu\u00eda de Pamplona","Tiempo de lectura":"2 minutos"},"schema":{"@context":"https:\/\/schema.org","@graph":[{"@type":"Article","@id":"https:\/\/www.laguiadepamplona.com\/actualidad\/el-ayuntamiento-programa-este-martes-un-taller-para-analizar-el-papel-de-los-medios-de-comunicacion-frente-a-las-noticias-de-violencia-hacia-las-mujeres\/#article","isPartOf":{"@id":"https:\/\/www.laguiadepamplona.com\/actualidad\/el-ayuntamiento-programa-este-martes-un-taller-para-analizar-el-papel-de-los-medios-de-comunicacion-frente-a-las-noticias-de-violencia-hacia-las-mujeres\/"},"author":{"name":"La Gu\u00eda de Pamplona","@id":"https:\/\/www.laguiadepamplona.com\/actualidad\/#\/schema\/person\/efe887376f0213d4657c93adc50b1fdb"},"headline":"El Ayuntamiento programa este martes un taller para analizar el papel de los medios de comunicaci\u00f3n frente a las noticias de violencia hacia las mujeres","datePublished":"2016-11-14T10:21:05+00:00","dateModified":"2016-12-09T10:21:47+00:00","mainEntityOfPage":{"@id":"https:\/\/www.laguiadepamplona.com\/actualidad\/el-ayuntamiento-programa-este-martes-un-taller-para-analizar-el-papel-de-los-medios-de-comunicacion-frente-a-las-noticias-de-violencia-hacia-las-mujeres\/"},"wordCount":505,"publisher":{"@id":"https:\/\/www.laguiadepamplona.com\/actualidad\/#organization"},"image":{"@id":"https:\/\/www.laguiadepamplona.com\/actualidad\/el-ayuntamiento-programa-este-martes-un-taller-para-analizar-el-papel-de-los-medios-de-comunicacion-frente-a-las-noticias-de-violencia-hacia-las-mujeres\/#primaryimage"},"thumbnailUrl":"https:\/\/www.laguiadepamplona.com\/actualidad\/wp-content\/uploads\/2016\/12\/palacio-condestable-civivox.jpg","articleSection":["Ayto Pamplona"],"inLanguage":"es"},{"@type":"WebPage","@id":"https:\/\/www.laguiadepamplona.com\/actualidad\/el-ayuntamiento-programa-este-martes-un-taller-para-analizar-el-papel-de-los-medios-de-comunicacion-frente-a-las-noticias-de-violencia-hacia-las-mujeres\/","url":"https:\/\/www.laguiadepamplona.com\/actualidad\/el-ayuntamiento-programa-este-martes-un-taller-para-analizar-el-papel-de-los-medios-de-comunicacion-frente-a-las-noticias-de-violencia-hacia-las-mujeres\/","name":"El Ayuntamiento programa este martes un taller para analizar el papel de los medios de comunicaci\u00f3n frente a las noticias de violencia hacia las mujeres","isPartOf":{"@id":"https:\/\/www.laguiadepamplona.com\/actualidad\/#website"},"primaryImageOfPage":{"@id":"https:\/\/www.laguiadepamplona.com\/actualidad\/el-ayuntamiento-programa-este-martes-un-taller-para-analizar-el-papel-de-los-medios-de-comunicacion-frente-a-las-noticias-de-violencia-hacia-las-mujeres\/#primaryimage"},"image":{"@id":"https:\/\/www.laguiadepamplona.com\/actualidad\/el-ayuntamiento-programa-este-martes-un-taller-para-analizar-el-papel-de-los-medios-de-comunicacion-frente-a-las-noticias-de-violencia-hacia-las-mujeres\/#primaryimage"},"thumbnailUrl":"https:\/\/www.laguiadepamplona.com\/actualidad\/wp-content\/uploads\/2016\/12\/palacio-condestable-civivox.jpg","datePublished":"2016-11-14T10:21:05+00:00","dateModified":"2016-12-09T10:21:47+00:00","breadcrumb":{"@id":"https:\/\/www.laguiadepamplona.com\/actualidad\/el-ayuntamiento-programa-este-martes-un-taller-para-analizar-el-papel-de-los-medios-de-comunicacion-frente-a-las-noticias-de-violencia-hacia-las-mujeres\/#breadcrumb"},"inLanguage":"es","potentialAction":[{"@type":"ReadAction","target":["https:\/\/www.laguiadepamplona.com\/actualidad\/el-ayuntamiento-programa-este-martes-un-taller-para-analizar-el-papel-de-los-medios-de-comunicacion-frente-a-las-noticias-de-violencia-hacia-las-mujeres\/"]}]},{"@type":"ImageObject","inLanguage":"es","@id":"https:\/\/www.laguiadepamplona.com\/actualidad\/el-ayuntamiento-programa-este-martes-un-taller-para-analizar-el-papel-de-los-medios-de-comunicacion-frente-a-las-noticias-de-violencia-hacia-las-mujeres\/#primaryimage","url":"https:\/\/www.laguiadepamplona.com\/actualidad\/wp-content\/uploads\/2016\/12\/palacio-condestable-civivox.jpg","contentUrl":"https:\/\/www.laguiadepamplona.com\/actualidad\/wp-content\/uploads\/2016\/12\/palacio-condestable-civivox.jpg","width":900,"height":675},{"@type":"BreadcrumbList","@id":"https:\/\/www.laguiadepamplona.com\/actualidad\/el-ayuntamiento-programa-este-martes-un-taller-para-analizar-el-papel-de-los-medios-de-comunicacion-frente-a-las-noticias-de-violencia-hacia-las-mujeres\/#breadcrumb","itemListElement":[{"@type":"ListItem","position":1,"name":"Portada","item":"https:\/\/www.laguiadepamplona.com\/actualidad\/"},{"@type":"ListItem","position":2,"name":"El Ayuntamiento programa este martes un taller para analizar el papel de los medios de comunicaci\u00f3n frente a las noticias de violencia hacia las mujeres"}]},{"@type":"WebSite","@id":"https:\/\/www.laguiadepamplona.com\/actualidad\/#website","url":"https:\/\/www.laguiadepamplona.com\/actualidad\/","name":"La gu\u00eda de Pamplona","description":"Noticias de Pamplona","publisher":{"@id":"https:\/\/www.laguiadepamplona.com\/actualidad\/#organization"},"potentialAction":[{"@type":"SearchAction","target":{"@type":"EntryPoint","urlTemplate":"https:\/\/www.laguiadepamplona.com\/actualidad\/?s={search_term_string}"},"query-input":{"@type":"PropertyValueSpecification","valueRequired":true,"valueName":"search_term_string"}}],"inLanguage":"es"},{"@type":"Organization","@id":"https:\/\/www.laguiadepamplona.com\/actualidad\/#organization","name":"La Gu\u00eda de Pamplona \/ Noticias","url":"https:\/\/www.laguiadepamplona.com\/actualidad\/","logo":{"@type":"ImageObject","inLanguage":"es","@id":"https:\/\/www.laguiadepamplona.com\/actualidad\/#\/schema\/logo\/image\/","url":"https:\/\/www.laguiadepamplona.com\/actualidad\/wp-content\/uploads\/2018\/11\/logo-laguiadepamplona18-web1.png","contentUrl":"https:\/\/www.laguiadepamplona.com\/actualidad\/wp-content\/uploads\/2018\/11\/logo-laguiadepamplona18-web1.png","width":600,"height":196,"caption":"La Gu\u00eda de Pamplona \/ Noticias"},"image":{"@id":"https:\/\/www.laguiadepamplona.com\/actualidad\/#\/schema\/logo\/image\/"},"sameAs":["https:\/\/www.facebook.com\/laguiadepamplonacom-133175176762273\/?ref=hl","https:\/\/x.com\/LaGuiadPamplona","https:\/\/www.instagram.com\/la_guia_de_pamplona\/","https:\/\/www.youtube.com\/user\/laguiadepamplona"]},{"@type":"Person","@id":"https:\/\/www.laguiadepamplona.com\/actualidad\/#\/schema\/person\/efe887376f0213d4657c93adc50b1fdb","name":"La Gu\u00eda de Pamplona","image":{"@type":"ImageObject","inLanguage":"es","@id":"https:\/\/secure.gravatar.com\/avatar\/b6992f131dc8d30ab0dff15446e9d346d9dbd95992de0fef795073f5ea83a81c?s=96&d=mm&r=g","url":"https:\/\/secure.gravatar.com\/avatar\/b6992f131dc8d30ab0dff15446e9d346d9dbd95992de0fef795073f5ea83a81c?s=96&d=mm&r=g","contentUrl":"https:\/\/secure.gravatar.com\/avatar\/b6992f131dc8d30ab0dff15446e9d346d9dbd95992de0fef795073f5ea83a81c?s=96&d=mm&r=g","caption":"La Gu\u00eda de Pamplona"}}]}},"post_mailing_queue_ids":[],"_links":{"self":[{"href":"https:\/\/www.laguiadepamplona.com\/actualidad\/wp-json\/wp\/v2\/posts\/11271","targetHints":{"allow":["GET"]}}],"collection":[{"href":"https:\/\/www.laguiadepamplona.com\/actualidad\/wp-json\/wp\/v2\/posts"}],"about":[{"href":"https:\/\/www.laguiadepamplona.com\/actualidad\/wp-json\/wp\/v2\/types\/post"}],"author":[{"embeddable":true,"href":"https:\/\/www.laguiadepamplona.com\/actualidad\/wp-json\/wp\/v2\/users\/1"}],"replies":[{"embeddable":true,"href":"https:\/\/www.laguiadepamplona.com\/actualidad\/wp-json\/wp\/v2\/comments?post=11271"}],"version-history":[{"count":0,"href":"https:\/\/www.laguiadepamplona.com\/actualidad\/wp-json\/wp\/v2\/posts\/11271\/revisions"}],"wp:featuredmedia":[{"embeddable":true,"href":"https:\/\/www.laguiadepamplona.com\/actualidad\/wp-json\/wp\/v2\/media\/11008"}],"wp:attachment":[{"href":"https:\/\/www.laguiadepamplona.com\/actualidad\/wp-json\/wp\/v2\/media?parent=11271"}],"wp:term":[{"taxonomy":"category","embeddable":true,"href":"https:\/\/www.laguiadepamplona.com\/actualidad\/wp-json\/wp\/v2\/categories?post=11271"},{"taxonomy":"post_tag","embeddable":true,"href":"https:\/\/www.laguiadepamplona.com\/actualidad\/wp-json\/wp\/v2\/tags?post=11271"}],"curies":[{"name":"wp","href":"https:\/\/api.w.org\/{rel}","templated":true}]}}