{"id":11269,"date":"2016-11-14T11:19:56","date_gmt":"2016-11-14T10:19:56","guid":{"rendered":"http:\/\/laguiadepamplona.es\/actualidad\/?p=11269"},"modified":"2016-12-09T11:28:22","modified_gmt":"2016-12-09T10:28:22","slug":"este-viernes-el-foro-contra-la-pobreza-y-la-precariedad-abordara-en-una-sesion-participativa-el-concepto-y-las-consecuencias-de-la-pobreza-energetica","status":"publish","type":"post","link":"https:\/\/www.laguiadepamplona.com\/actualidad\/este-viernes-el-foro-contra-la-pobreza-y-la-precariedad-abordara-en-una-sesion-participativa-el-concepto-y-las-consecuencias-de-la-pobreza-energetica\/","title":{"rendered":"Este viernes el Foro contra la pobreza y la precariedad abordar\u00e1 en una sesi\u00f3n participativa el concepto y las consecuencias de la Pobreza energ\u00e9tica"},"content":{"rendered":"<h3>Tendr\u00e1 lugar a las 18 horas en Civivox Iturrama y contar\u00e1 con la presencia de especialistas de otras localidades<\/h3>\n<p><!--more--><\/p>\n<p>El Ayuntamiento de Pamplona trabaja desde febrero de este a\u00f1o con la ciudadan\u00eda y diversos colectivos en el \u201cForo contra la pobreza y la precariedad &#8211; Grupo Derechos Sociales\u201d. La Pobreza energ\u00e9tica es un concepto que se est\u00e1 abordando en uno de los grupos sectoriales que, este viernes, se re\u00fane por tercera vez. En este caso ser\u00e1 una jornada monogr\u00e1fica que tendr\u00e1 lugar en Civivox Iturrama, de 18 a 21 horas. El objetivo de esta sesi\u00f3n es seguir intercambiando informaci\u00f3n e ideas sobre c\u00f3mo abordar <strong>la dificultad de un hogar para satisfacer una cantidad m\u00ednima de servicios de energ\u00eda para sus necesidades b\u00e1sicas<\/strong>.<\/p>\n<p>La sesi\u00f3n participativa para la ciudadan\u00eda, las asociaciones y los afectados estar\u00e1 estructurada en tres partes. En un primer momento hablar\u00e1n Mar\u00eda Campuzano y Pablo Cotarelo; la primera relatar\u00e1 su experiencia como activista integrada en movimientos que han realizado interlocuci\u00f3n con el Ayuntamiento de Barcelona. El segundo, asesor sobre la transici\u00f3n energ\u00e9tica del Ayuntamiento de Barcelona, se encargar\u00e1 de abordar la ponencia \u2018Empoderamiento y autoconsumo\u2019.<\/p>\n<p>Despu\u00e9s de primera parte te\u00f3rica los asistentes se dividir\u00e1n en tres grupos de trabajo paralelos que abordar\u00e1n durante una hora los elementos fundamentales del concepto, sus consecuencias y las posibles acciones para luchar contra esas situaciones. La sesi\u00f3n culminar\u00e1, en una \u00faltima fase, con una puesta en com\u00fan del trabajo realizado.<\/p>\n<p><strong>Viernes 18 de noviembre. Civivox Iturrama (de 18 a 21 horas)<\/strong><\/p>\n<ul>\n<li>Acogida y Presentaci\u00f3n<\/li>\n<\/ul>\n<p>Armando Cuenca, concejal delegado de Ecolog\u00eda Urbana y Movilidad y Edurne Eguino concejala delegada de Acci\u00f3n Social y Desarrollo Comunitario<\/p>\n<ul>\n<li>Presentaci\u00f3n de ponencias (1 hora)<\/li>\n<\/ul>\n<p>Mar\u00eda Campuzano (Barcelona): Pobreza energ\u00e9tica: la experiencia activista, y la feminizaci\u00f3n de la pobreza.<\/p>\n<p>Pablo Cotarelo (Barcelona) : Empoderamiento y autoconsumo.<\/p>\n<ul>\n<li>Descanso \/ Reparto en tres grupos (15\u2019)<\/li>\n<li>Talleres en grupo (1 hora)<\/li>\n<li>Coloquio final y clausura (30\u2019)<\/li>\n<\/ul>\n<p>&nbsp;<\/p>\n","protected":false},"excerpt":{"rendered":"<p>Tendr\u00e1 lugar a las 18 horas en Civivox Iturrama y contar\u00e1 con la presencia de especialistas de otras localidades<\/p>\n","protected":false},"author":1,"featured_media":11278,"comment_status":"closed","ping_status":"closed","sticky":false,"template":"","format":"standard","meta":{"footnotes":""},"categories":[2],"tags":[],"class_list":["post-11269","post","type-post","status-publish","format-standard","has-post-thumbnail","hentry","category-ayuntamiento-pamplona"],"yoast_head":"<!-- This site is optimized with the Yoast SEO plugin v27.5 - https:\/\/yoast.com\/product\/yoast-seo-wordpress\/ -->\n<title>Este viernes el Foro contra la pobreza y la precariedad abordar\u00e1 en una sesi\u00f3n participativa el concepto y las consecuencias de la Pobreza energ\u00e9tica<\/title>\n<meta name=\"robots\" content=\"index, follow, max-snippet:-1, max-image-preview:large, max-video-preview:-1\" \/>\n<link rel=\"canonical\" href=\"https:\/\/www.laguiadepamplona.com\/actualidad\/este-viernes-el-foro-contra-la-pobreza-y-la-precariedad-abordara-en-una-sesion-participativa-el-concepto-y-las-consecuencias-de-la-pobreza-energetica\/\" \/>\n<meta property=\"og:locale\" content=\"es_ES\" \/>\n<meta property=\"og:type\" content=\"article\" \/>\n<meta property=\"og:title\" content=\"Este viernes el Foro contra la pobreza y la precariedad abordar\u00e1 en una sesi\u00f3n participativa el concepto y las consecuencias de la Pobreza energ\u00e9tica\" \/>\n<meta property=\"og:description\" content=\"Tendr\u00e1 lugar a las 18 horas en Civivox Iturrama y contar\u00e1 con la presencia de especialistas de otras localidades\" \/>\n<meta property=\"og:url\" content=\"https:\/\/www.laguiadepamplona.com\/actualidad\/este-viernes-el-foro-contra-la-pobreza-y-la-precariedad-abordara-en-una-sesion-participativa-el-concepto-y-las-consecuencias-de-la-pobreza-energetica\/\" \/>\n<meta property=\"og:site_name\" content=\"La Gu\u00eda de Pamplona\" \/>\n<meta property=\"article:publisher\" content=\"https:\/\/www.facebook.com\/laguiadepamplonacom-133175176762273\/?ref=hl\" \/>\n<meta property=\"article:published_time\" content=\"2016-11-14T10:19:56+00:00\" \/>\n<meta property=\"article:modified_time\" content=\"2016-12-09T10:28:22+00:00\" \/>\n<meta property=\"og:image\" content=\"https:\/\/www.laguiadepamplona.com\/actualidad\/wp-content\/uploads\/2016\/12\/Pobreza_energetica_cartel.jpg\" \/>\n\t<meta property=\"og:image:width\" content=\"707\" \/>\n\t<meta property=\"og:image:height\" content=\"1000\" \/>\n\t<meta property=\"og:image:type\" content=\"image\/jpeg\" \/>\n<meta name=\"author\" content=\"La Gu\u00eda de Pamplona\" \/>\n<meta name=\"twitter:card\" content=\"summary_large_image\" \/>\n<meta name=\"twitter:creator\" content=\"@LaGuiadPamplona\" \/>\n<meta name=\"twitter:site\" content=\"@LaGuiadPamplona\" \/>\n<meta name=\"twitter:label1\" content=\"Escrito por\" \/>\n\t<meta name=\"twitter:data1\" content=\"La Gu\u00eda de Pamplona\" \/>\n\t<meta name=\"twitter:label2\" content=\"Tiempo de lectura\" \/>\n\t<meta name=\"twitter:data2\" content=\"2 minutos\" \/>\n<script type=\"application\/ld+json\" class=\"yoast-schema-graph\">{\"@context\":\"https:\\\/\\\/schema.org\",\"@graph\":[{\"@type\":\"Article\",\"@id\":\"https:\\\/\\\/www.laguiadepamplona.com\\\/actualidad\\\/este-viernes-el-foro-contra-la-pobreza-y-la-precariedad-abordara-en-una-sesion-participativa-el-concepto-y-las-consecuencias-de-la-pobreza-energetica\\\/#article\",\"isPartOf\":{\"@id\":\"https:\\\/\\\/www.laguiadepamplona.com\\\/actualidad\\\/este-viernes-el-foro-contra-la-pobreza-y-la-precariedad-abordara-en-una-sesion-participativa-el-concepto-y-las-consecuencias-de-la-pobreza-energetica\\\/\"},\"author\":{\"name\":\"La Gu\u00eda de Pamplona\",\"@id\":\"https:\\\/\\\/www.laguiadepamplona.com\\\/actualidad\\\/#\\\/schema\\\/person\\\/efe887376f0213d4657c93adc50b1fdb\"},\"headline\":\"Este viernes el Foro contra la pobreza y la precariedad abordar\u00e1 en una sesi\u00f3n participativa el concepto y las consecuencias de la Pobreza energ\u00e9tica\",\"datePublished\":\"2016-11-14T10:19:56+00:00\",\"dateModified\":\"2016-12-09T10:28:22+00:00\",\"mainEntityOfPage\":{\"@id\":\"https:\\\/\\\/www.laguiadepamplona.com\\\/actualidad\\\/este-viernes-el-foro-contra-la-pobreza-y-la-precariedad-abordara-en-una-sesion-participativa-el-concepto-y-las-consecuencias-de-la-pobreza-energetica\\\/\"},\"wordCount\":361,\"publisher\":{\"@id\":\"https:\\\/\\\/www.laguiadepamplona.com\\\/actualidad\\\/#organization\"},\"image\":{\"@id\":\"https:\\\/\\\/www.laguiadepamplona.com\\\/actualidad\\\/este-viernes-el-foro-contra-la-pobreza-y-la-precariedad-abordara-en-una-sesion-participativa-el-concepto-y-las-consecuencias-de-la-pobreza-energetica\\\/#primaryimage\"},\"thumbnailUrl\":\"https:\\\/\\\/www.laguiadepamplona.com\\\/actualidad\\\/wp-content\\\/uploads\\\/2016\\\/12\\\/Pobreza_energetica_cartel.jpg\",\"articleSection\":[\"Ayto Pamplona\"],\"inLanguage\":\"es\"},{\"@type\":\"WebPage\",\"@id\":\"https:\\\/\\\/www.laguiadepamplona.com\\\/actualidad\\\/este-viernes-el-foro-contra-la-pobreza-y-la-precariedad-abordara-en-una-sesion-participativa-el-concepto-y-las-consecuencias-de-la-pobreza-energetica\\\/\",\"url\":\"https:\\\/\\\/www.laguiadepamplona.com\\\/actualidad\\\/este-viernes-el-foro-contra-la-pobreza-y-la-precariedad-abordara-en-una-sesion-participativa-el-concepto-y-las-consecuencias-de-la-pobreza-energetica\\\/\",\"name\":\"Este viernes el Foro contra la pobreza y la precariedad abordar\u00e1 en una sesi\u00f3n participativa el concepto y las consecuencias de la Pobreza energ\u00e9tica\",\"isPartOf\":{\"@id\":\"https:\\\/\\\/www.laguiadepamplona.com\\\/actualidad\\\/#website\"},\"primaryImageOfPage\":{\"@id\":\"https:\\\/\\\/www.laguiadepamplona.com\\\/actualidad\\\/este-viernes-el-foro-contra-la-pobreza-y-la-precariedad-abordara-en-una-sesion-participativa-el-concepto-y-las-consecuencias-de-la-pobreza-energetica\\\/#primaryimage\"},\"image\":{\"@id\":\"https:\\\/\\\/www.laguiadepamplona.com\\\/actualidad\\\/este-viernes-el-foro-contra-la-pobreza-y-la-precariedad-abordara-en-una-sesion-participativa-el-concepto-y-las-consecuencias-de-la-pobreza-energetica\\\/#primaryimage\"},\"thumbnailUrl\":\"https:\\\/\\\/www.laguiadepamplona.com\\\/actualidad\\\/wp-content\\\/uploads\\\/2016\\\/12\\\/Pobreza_energetica_cartel.jpg\",\"datePublished\":\"2016-11-14T10:19:56+00:00\",\"dateModified\":\"2016-12-09T10:28:22+00:00\",\"breadcrumb\":{\"@id\":\"https:\\\/\\\/www.laguiadepamplona.com\\\/actualidad\\\/este-viernes-el-foro-contra-la-pobreza-y-la-precariedad-abordara-en-una-sesion-participativa-el-concepto-y-las-consecuencias-de-la-pobreza-energetica\\\/#breadcrumb\"},\"inLanguage\":\"es\",\"potentialAction\":[{\"@type\":\"ReadAction\",\"target\":[\"https:\\\/\\\/www.laguiadepamplona.com\\\/actualidad\\\/este-viernes-el-foro-contra-la-pobreza-y-la-precariedad-abordara-en-una-sesion-participativa-el-concepto-y-las-consecuencias-de-la-pobreza-energetica\\\/\"]}]},{\"@type\":\"ImageObject\",\"inLanguage\":\"es\",\"@id\":\"https:\\\/\\\/www.laguiadepamplona.com\\\/actualidad\\\/este-viernes-el-foro-contra-la-pobreza-y-la-precariedad-abordara-en-una-sesion-participativa-el-concepto-y-las-consecuencias-de-la-pobreza-energetica\\\/#primaryimage\",\"url\":\"https:\\\/\\\/www.laguiadepamplona.com\\\/actualidad\\\/wp-content\\\/uploads\\\/2016\\\/12\\\/Pobreza_energetica_cartel.jpg\",\"contentUrl\":\"https:\\\/\\\/www.laguiadepamplona.com\\\/actualidad\\\/wp-content\\\/uploads\\\/2016\\\/12\\\/Pobreza_energetica_cartel.jpg\",\"width\":707,\"height\":1000},{\"@type\":\"BreadcrumbList\",\"@id\":\"https:\\\/\\\/www.laguiadepamplona.com\\\/actualidad\\\/este-viernes-el-foro-contra-la-pobreza-y-la-precariedad-abordara-en-una-sesion-participativa-el-concepto-y-las-consecuencias-de-la-pobreza-energetica\\\/#breadcrumb\",\"itemListElement\":[{\"@type\":\"ListItem\",\"position\":1,\"name\":\"Portada\",\"item\":\"https:\\\/\\\/www.laguiadepamplona.com\\\/actualidad\\\/\"},{\"@type\":\"ListItem\",\"position\":2,\"name\":\"Este viernes el Foro contra la pobreza y la precariedad abordar\u00e1 en una sesi\u00f3n participativa el concepto y las consecuencias de la Pobreza energ\u00e9tica\"}]},{\"@type\":\"WebSite\",\"@id\":\"https:\\\/\\\/www.laguiadepamplona.com\\\/actualidad\\\/#website\",\"url\":\"https:\\\/\\\/www.laguiadepamplona.com\\\/actualidad\\\/\",\"name\":\"La gu\u00eda de Pamplona\",\"description\":\"Noticias de Pamplona\",\"publisher\":{\"@id\":\"https:\\\/\\\/www.laguiadepamplona.com\\\/actualidad\\\/#organization\"},\"potentialAction\":[{\"@type\":\"SearchAction\",\"target\":{\"@type\":\"EntryPoint\",\"urlTemplate\":\"https:\\\/\\\/www.laguiadepamplona.com\\\/actualidad\\\/?s={search_term_string}\"},\"query-input\":{\"@type\":\"PropertyValueSpecification\",\"valueRequired\":true,\"valueName\":\"search_term_string\"}}],\"inLanguage\":\"es\"},{\"@type\":\"Organization\",\"@id\":\"https:\\\/\\\/www.laguiadepamplona.com\\\/actualidad\\\/#organization\",\"name\":\"La Gu\u00eda de Pamplona \\\/ Noticias\",\"url\":\"https:\\\/\\\/www.laguiadepamplona.com\\\/actualidad\\\/\",\"logo\":{\"@type\":\"ImageObject\",\"inLanguage\":\"es\",\"@id\":\"https:\\\/\\\/www.laguiadepamplona.com\\\/actualidad\\\/#\\\/schema\\\/logo\\\/image\\\/\",\"url\":\"https:\\\/\\\/www.laguiadepamplona.com\\\/actualidad\\\/wp-content\\\/uploads\\\/2018\\\/11\\\/logo-laguiadepamplona18-web1.png\",\"contentUrl\":\"https:\\\/\\\/www.laguiadepamplona.com\\\/actualidad\\\/wp-content\\\/uploads\\\/2018\\\/11\\\/logo-laguiadepamplona18-web1.png\",\"width\":600,\"height\":196,\"caption\":\"La Gu\u00eda de Pamplona \\\/ Noticias\"},\"image\":{\"@id\":\"https:\\\/\\\/www.laguiadepamplona.com\\\/actualidad\\\/#\\\/schema\\\/logo\\\/image\\\/\"},\"sameAs\":[\"https:\\\/\\\/www.facebook.com\\\/laguiadepamplonacom-133175176762273\\\/?ref=hl\",\"https:\\\/\\\/x.com\\\/LaGuiadPamplona\",\"https:\\\/\\\/www.instagram.com\\\/la_guia_de_pamplona\\\/\",\"https:\\\/\\\/www.youtube.com\\\/user\\\/laguiadepamplona\"]},{\"@type\":\"Person\",\"@id\":\"https:\\\/\\\/www.laguiadepamplona.com\\\/actualidad\\\/#\\\/schema\\\/person\\\/efe887376f0213d4657c93adc50b1fdb\",\"name\":\"La Gu\u00eda de Pamplona\",\"image\":{\"@type\":\"ImageObject\",\"inLanguage\":\"es\",\"@id\":\"https:\\\/\\\/secure.gravatar.com\\\/avatar\\\/b6992f131dc8d30ab0dff15446e9d346d9dbd95992de0fef795073f5ea83a81c?s=96&d=mm&r=g\",\"url\":\"https:\\\/\\\/secure.gravatar.com\\\/avatar\\\/b6992f131dc8d30ab0dff15446e9d346d9dbd95992de0fef795073f5ea83a81c?s=96&d=mm&r=g\",\"contentUrl\":\"https:\\\/\\\/secure.gravatar.com\\\/avatar\\\/b6992f131dc8d30ab0dff15446e9d346d9dbd95992de0fef795073f5ea83a81c?s=96&d=mm&r=g\",\"caption\":\"La Gu\u00eda de Pamplona\"}}]}<\/script>\n<!-- \/ Yoast SEO plugin. -->","yoast_head_json":{"title":"Este viernes el Foro contra la pobreza y la precariedad abordar\u00e1 en una sesi\u00f3n participativa el concepto y las consecuencias de la Pobreza energ\u00e9tica","robots":{"index":"index","follow":"follow","max-snippet":"max-snippet:-1","max-image-preview":"max-image-preview:large","max-video-preview":"max-video-preview:-1"},"canonical":"https:\/\/www.laguiadepamplona.com\/actualidad\/este-viernes-el-foro-contra-la-pobreza-y-la-precariedad-abordara-en-una-sesion-participativa-el-concepto-y-las-consecuencias-de-la-pobreza-energetica\/","og_locale":"es_ES","og_type":"article","og_title":"Este viernes el Foro contra la pobreza y la precariedad abordar\u00e1 en una sesi\u00f3n participativa el concepto y las consecuencias de la Pobreza energ\u00e9tica","og_description":"Tendr\u00e1 lugar a las 18 horas en Civivox Iturrama y contar\u00e1 con la presencia de especialistas de otras localidades","og_url":"https:\/\/www.laguiadepamplona.com\/actualidad\/este-viernes-el-foro-contra-la-pobreza-y-la-precariedad-abordara-en-una-sesion-participativa-el-concepto-y-las-consecuencias-de-la-pobreza-energetica\/","og_site_name":"La Gu\u00eda de Pamplona","article_publisher":"https:\/\/www.facebook.com\/laguiadepamplonacom-133175176762273\/?ref=hl","article_published_time":"2016-11-14T10:19:56+00:00","article_modified_time":"2016-12-09T10:28:22+00:00","og_image":[{"width":707,"height":1000,"url":"https:\/\/www.laguiadepamplona.com\/actualidad\/wp-content\/uploads\/2016\/12\/Pobreza_energetica_cartel.jpg","type":"image\/jpeg"}],"author":"La Gu\u00eda de Pamplona","twitter_card":"summary_large_image","twitter_creator":"@LaGuiadPamplona","twitter_site":"@LaGuiadPamplona","twitter_misc":{"Escrito por":"La Gu\u00eda de Pamplona","Tiempo de lectura":"2 minutos"},"schema":{"@context":"https:\/\/schema.org","@graph":[{"@type":"Article","@id":"https:\/\/www.laguiadepamplona.com\/actualidad\/este-viernes-el-foro-contra-la-pobreza-y-la-precariedad-abordara-en-una-sesion-participativa-el-concepto-y-las-consecuencias-de-la-pobreza-energetica\/#article","isPartOf":{"@id":"https:\/\/www.laguiadepamplona.com\/actualidad\/este-viernes-el-foro-contra-la-pobreza-y-la-precariedad-abordara-en-una-sesion-participativa-el-concepto-y-las-consecuencias-de-la-pobreza-energetica\/"},"author":{"name":"La Gu\u00eda de Pamplona","@id":"https:\/\/www.laguiadepamplona.com\/actualidad\/#\/schema\/person\/efe887376f0213d4657c93adc50b1fdb"},"headline":"Este viernes el Foro contra la pobreza y la precariedad abordar\u00e1 en una sesi\u00f3n participativa el concepto y las consecuencias de la Pobreza energ\u00e9tica","datePublished":"2016-11-14T10:19:56+00:00","dateModified":"2016-12-09T10:28:22+00:00","mainEntityOfPage":{"@id":"https:\/\/www.laguiadepamplona.com\/actualidad\/este-viernes-el-foro-contra-la-pobreza-y-la-precariedad-abordara-en-una-sesion-participativa-el-concepto-y-las-consecuencias-de-la-pobreza-energetica\/"},"wordCount":361,"publisher":{"@id":"https:\/\/www.laguiadepamplona.com\/actualidad\/#organization"},"image":{"@id":"https:\/\/www.laguiadepamplona.com\/actualidad\/este-viernes-el-foro-contra-la-pobreza-y-la-precariedad-abordara-en-una-sesion-participativa-el-concepto-y-las-consecuencias-de-la-pobreza-energetica\/#primaryimage"},"thumbnailUrl":"https:\/\/www.laguiadepamplona.com\/actualidad\/wp-content\/uploads\/2016\/12\/Pobreza_energetica_cartel.jpg","articleSection":["Ayto Pamplona"],"inLanguage":"es"},{"@type":"WebPage","@id":"https:\/\/www.laguiadepamplona.com\/actualidad\/este-viernes-el-foro-contra-la-pobreza-y-la-precariedad-abordara-en-una-sesion-participativa-el-concepto-y-las-consecuencias-de-la-pobreza-energetica\/","url":"https:\/\/www.laguiadepamplona.com\/actualidad\/este-viernes-el-foro-contra-la-pobreza-y-la-precariedad-abordara-en-una-sesion-participativa-el-concepto-y-las-consecuencias-de-la-pobreza-energetica\/","name":"Este viernes el Foro contra la pobreza y la precariedad abordar\u00e1 en una sesi\u00f3n participativa el concepto y las consecuencias de la Pobreza energ\u00e9tica","isPartOf":{"@id":"https:\/\/www.laguiadepamplona.com\/actualidad\/#website"},"primaryImageOfPage":{"@id":"https:\/\/www.laguiadepamplona.com\/actualidad\/este-viernes-el-foro-contra-la-pobreza-y-la-precariedad-abordara-en-una-sesion-participativa-el-concepto-y-las-consecuencias-de-la-pobreza-energetica\/#primaryimage"},"image":{"@id":"https:\/\/www.laguiadepamplona.com\/actualidad\/este-viernes-el-foro-contra-la-pobreza-y-la-precariedad-abordara-en-una-sesion-participativa-el-concepto-y-las-consecuencias-de-la-pobreza-energetica\/#primaryimage"},"thumbnailUrl":"https:\/\/www.laguiadepamplona.com\/actualidad\/wp-content\/uploads\/2016\/12\/Pobreza_energetica_cartel.jpg","datePublished":"2016-11-14T10:19:56+00:00","dateModified":"2016-12-09T10:28:22+00:00","breadcrumb":{"@id":"https:\/\/www.laguiadepamplona.com\/actualidad\/este-viernes-el-foro-contra-la-pobreza-y-la-precariedad-abordara-en-una-sesion-participativa-el-concepto-y-las-consecuencias-de-la-pobreza-energetica\/#breadcrumb"},"inLanguage":"es","potentialAction":[{"@type":"ReadAction","target":["https:\/\/www.laguiadepamplona.com\/actualidad\/este-viernes-el-foro-contra-la-pobreza-y-la-precariedad-abordara-en-una-sesion-participativa-el-concepto-y-las-consecuencias-de-la-pobreza-energetica\/"]}]},{"@type":"ImageObject","inLanguage":"es","@id":"https:\/\/www.laguiadepamplona.com\/actualidad\/este-viernes-el-foro-contra-la-pobreza-y-la-precariedad-abordara-en-una-sesion-participativa-el-concepto-y-las-consecuencias-de-la-pobreza-energetica\/#primaryimage","url":"https:\/\/www.laguiadepamplona.com\/actualidad\/wp-content\/uploads\/2016\/12\/Pobreza_energetica_cartel.jpg","contentUrl":"https:\/\/www.laguiadepamplona.com\/actualidad\/wp-content\/uploads\/2016\/12\/Pobreza_energetica_cartel.jpg","width":707,"height":1000},{"@type":"BreadcrumbList","@id":"https:\/\/www.laguiadepamplona.com\/actualidad\/este-viernes-el-foro-contra-la-pobreza-y-la-precariedad-abordara-en-una-sesion-participativa-el-concepto-y-las-consecuencias-de-la-pobreza-energetica\/#breadcrumb","itemListElement":[{"@type":"ListItem","position":1,"name":"Portada","item":"https:\/\/www.laguiadepamplona.com\/actualidad\/"},{"@type":"ListItem","position":2,"name":"Este viernes el Foro contra la pobreza y la precariedad abordar\u00e1 en una sesi\u00f3n participativa el concepto y las consecuencias de la Pobreza energ\u00e9tica"}]},{"@type":"WebSite","@id":"https:\/\/www.laguiadepamplona.com\/actualidad\/#website","url":"https:\/\/www.laguiadepamplona.com\/actualidad\/","name":"La gu\u00eda de Pamplona","description":"Noticias de Pamplona","publisher":{"@id":"https:\/\/www.laguiadepamplona.com\/actualidad\/#organization"},"potentialAction":[{"@type":"SearchAction","target":{"@type":"EntryPoint","urlTemplate":"https:\/\/www.laguiadepamplona.com\/actualidad\/?s={search_term_string}"},"query-input":{"@type":"PropertyValueSpecification","valueRequired":true,"valueName":"search_term_string"}}],"inLanguage":"es"},{"@type":"Organization","@id":"https:\/\/www.laguiadepamplona.com\/actualidad\/#organization","name":"La Gu\u00eda de Pamplona \/ Noticias","url":"https:\/\/www.laguiadepamplona.com\/actualidad\/","logo":{"@type":"ImageObject","inLanguage":"es","@id":"https:\/\/www.laguiadepamplona.com\/actualidad\/#\/schema\/logo\/image\/","url":"https:\/\/www.laguiadepamplona.com\/actualidad\/wp-content\/uploads\/2018\/11\/logo-laguiadepamplona18-web1.png","contentUrl":"https:\/\/www.laguiadepamplona.com\/actualidad\/wp-content\/uploads\/2018\/11\/logo-laguiadepamplona18-web1.png","width":600,"height":196,"caption":"La Gu\u00eda de Pamplona \/ Noticias"},"image":{"@id":"https:\/\/www.laguiadepamplona.com\/actualidad\/#\/schema\/logo\/image\/"},"sameAs":["https:\/\/www.facebook.com\/laguiadepamplonacom-133175176762273\/?ref=hl","https:\/\/x.com\/LaGuiadPamplona","https:\/\/www.instagram.com\/la_guia_de_pamplona\/","https:\/\/www.youtube.com\/user\/laguiadepamplona"]},{"@type":"Person","@id":"https:\/\/www.laguiadepamplona.com\/actualidad\/#\/schema\/person\/efe887376f0213d4657c93adc50b1fdb","name":"La Gu\u00eda de Pamplona","image":{"@type":"ImageObject","inLanguage":"es","@id":"https:\/\/secure.gravatar.com\/avatar\/b6992f131dc8d30ab0dff15446e9d346d9dbd95992de0fef795073f5ea83a81c?s=96&d=mm&r=g","url":"https:\/\/secure.gravatar.com\/avatar\/b6992f131dc8d30ab0dff15446e9d346d9dbd95992de0fef795073f5ea83a81c?s=96&d=mm&r=g","contentUrl":"https:\/\/secure.gravatar.com\/avatar\/b6992f131dc8d30ab0dff15446e9d346d9dbd95992de0fef795073f5ea83a81c?s=96&d=mm&r=g","caption":"La Gu\u00eda de Pamplona"}}]}},"post_mailing_queue_ids":[],"_links":{"self":[{"href":"https:\/\/www.laguiadepamplona.com\/actualidad\/wp-json\/wp\/v2\/posts\/11269","targetHints":{"allow":["GET"]}}],"collection":[{"href":"https:\/\/www.laguiadepamplona.com\/actualidad\/wp-json\/wp\/v2\/posts"}],"about":[{"href":"https:\/\/www.laguiadepamplona.com\/actualidad\/wp-json\/wp\/v2\/types\/post"}],"author":[{"embeddable":true,"href":"https:\/\/www.laguiadepamplona.com\/actualidad\/wp-json\/wp\/v2\/users\/1"}],"replies":[{"embeddable":true,"href":"https:\/\/www.laguiadepamplona.com\/actualidad\/wp-json\/wp\/v2\/comments?post=11269"}],"version-history":[{"count":0,"href":"https:\/\/www.laguiadepamplona.com\/actualidad\/wp-json\/wp\/v2\/posts\/11269\/revisions"}],"wp:featuredmedia":[{"embeddable":true,"href":"https:\/\/www.laguiadepamplona.com\/actualidad\/wp-json\/wp\/v2\/media\/11278"}],"wp:attachment":[{"href":"https:\/\/www.laguiadepamplona.com\/actualidad\/wp-json\/wp\/v2\/media?parent=11269"}],"wp:term":[{"taxonomy":"category","embeddable":true,"href":"https:\/\/www.laguiadepamplona.com\/actualidad\/wp-json\/wp\/v2\/categories?post=11269"},{"taxonomy":"post_tag","embeddable":true,"href":"https:\/\/www.laguiadepamplona.com\/actualidad\/wp-json\/wp\/v2\/tags?post=11269"}],"curies":[{"name":"wp","href":"https:\/\/api.w.org\/{rel}","templated":true}]}}