{"id":11265,"date":"2016-11-14T11:17:17","date_gmt":"2016-11-14T10:17:17","guid":{"rendered":"http:\/\/laguiadepamplona.es\/actualidad\/?p=11265"},"modified":"2016-12-09T11:18:58","modified_gmt":"2016-12-09T10:18:58","slug":"la-comision-de-presidencia-del-ayuntamiento-aprueba-una-declaracion-que-pide-revocar-la-cesion-del-chalet-de-caparroso-a-la-asociacion-astindu","status":"publish","type":"post","link":"https:\/\/www.laguiadepamplona.com\/actualidad\/la-comision-de-presidencia-del-ayuntamiento-aprueba-una-declaracion-que-pide-revocar-la-cesion-del-chalet-de-caparroso-a-la-asociacion-astindu\/","title":{"rendered":"La comisi\u00f3n de Presidencia del Ayuntamiento aprueba una declaraci\u00f3n que pide revocar la cesi\u00f3n del chalet de Caparroso a la asociaci\u00f3n Astindu"},"content":{"rendered":"<p><!--more--><\/p>\n<p>La comisi\u00f3n de Presidencia del Ayuntamiento de Pamplona ha aprobado por mayor\u00eda una declaraci\u00f3n en la que se solicita \u201crevocar la cesi\u00f3n del chalet de Caparroso a la asociaci\u00f3n Astindu por incumplimiento grave del punto 5\u201d. Dicho punto de las condiciones que regulan la cesi\u00f3n del inmueble recog\u00eda que \u201ccualquier reforma que quiera realizarse en el inmueble deber\u00e1 contar con autorizaci\u00f3n municipal del Servicio de Patrimonio\u201d y que \u201cla cesionaria deber\u00e1 solicitar y obtener cuantas licencias municipales necesite, en su caso, para tal adecuaci\u00f3n y para el desarrollo de la actividad, que ser\u00e1 conforme al planeamiento y normativa vigentes\u201d.<\/p>\n<p>El texto de la declaraci\u00f3n aprobada solicita adem\u00e1s el cierre del edificio \u201cde manera que se pueda proceder a recuperar la seguridad del mismo, tras las obras realizadas sin control t\u00e9cnico y sin licencia municipal\u201d y \u201cla reconversi\u00f3n del inmueble en espacio dotacional\u201d.<\/p>\n<p>El texto de la declaraci\u00f3n se ha aprobado con 8 votos a favor y 3 abstenciones.<\/p>\n<p>&nbsp;<\/p>\n","protected":false},"excerpt":{"rendered":"","protected":false},"author":1,"featured_media":11170,"comment_status":"closed","ping_status":"closed","sticky":false,"template":"","format":"standard","meta":{"footnotes":""},"categories":[2],"tags":[],"class_list":["post-11265","post","type-post","status-publish","format-standard","has-post-thumbnail","hentry","category-ayuntamiento-pamplona"],"yoast_head":"<!-- This site is optimized with the Yoast SEO plugin v27.5 - https:\/\/yoast.com\/product\/yoast-seo-wordpress\/ -->\n<title>La comisi\u00f3n de Presidencia del Ayuntamiento aprueba una declaraci\u00f3n que pide revocar la cesi\u00f3n del chalet de Caparroso a la asociaci\u00f3n Astindu<\/title>\n<meta name=\"robots\" content=\"index, follow, max-snippet:-1, max-image-preview:large, max-video-preview:-1\" \/>\n<link rel=\"canonical\" href=\"https:\/\/www.laguiadepamplona.com\/actualidad\/la-comision-de-presidencia-del-ayuntamiento-aprueba-una-declaracion-que-pide-revocar-la-cesion-del-chalet-de-caparroso-a-la-asociacion-astindu\/\" \/>\n<meta property=\"og:locale\" content=\"es_ES\" \/>\n<meta property=\"og:type\" content=\"article\" \/>\n<meta property=\"og:title\" content=\"La comisi\u00f3n de Presidencia del Ayuntamiento aprueba una declaraci\u00f3n que pide revocar la cesi\u00f3n del chalet de Caparroso a la asociaci\u00f3n Astindu\" \/>\n<meta property=\"og:url\" content=\"https:\/\/www.laguiadepamplona.com\/actualidad\/la-comision-de-presidencia-del-ayuntamiento-aprueba-una-declaracion-que-pide-revocar-la-cesion-del-chalet-de-caparroso-a-la-asociacion-astindu\/\" \/>\n<meta property=\"og:site_name\" content=\"La Gu\u00eda de Pamplona\" \/>\n<meta property=\"article:publisher\" content=\"https:\/\/www.facebook.com\/laguiadepamplonacom-133175176762273\/?ref=hl\" \/>\n<meta property=\"article:published_time\" content=\"2016-11-14T10:17:17+00:00\" \/>\n<meta property=\"article:modified_time\" content=\"2016-12-09T10:18:58+00:00\" \/>\n<meta property=\"og:image\" content=\"https:\/\/www.laguiadepamplona.com\/actualidad\/wp-content\/uploads\/2016\/12\/chalet_caparroso_obras.jpg\" \/>\n\t<meta property=\"og:image:width\" content=\"894\" \/>\n\t<meta property=\"og:image:height\" content=\"670\" \/>\n\t<meta property=\"og:image:type\" content=\"image\/jpeg\" \/>\n<meta name=\"author\" content=\"La Gu\u00eda de Pamplona\" \/>\n<meta name=\"twitter:card\" content=\"summary_large_image\" \/>\n<meta name=\"twitter:creator\" content=\"@LaGuiadPamplona\" \/>\n<meta name=\"twitter:site\" content=\"@LaGuiadPamplona\" \/>\n<meta name=\"twitter:label1\" content=\"Escrito por\" \/>\n\t<meta name=\"twitter:data1\" content=\"La Gu\u00eda de Pamplona\" \/>\n\t<meta name=\"twitter:label2\" content=\"Tiempo de lectura\" \/>\n\t<meta name=\"twitter:data2\" content=\"1 minuto\" \/>\n<script type=\"application\/ld+json\" class=\"yoast-schema-graph\">{\"@context\":\"https:\\\/\\\/schema.org\",\"@graph\":[{\"@type\":\"Article\",\"@id\":\"https:\\\/\\\/www.laguiadepamplona.com\\\/actualidad\\\/la-comision-de-presidencia-del-ayuntamiento-aprueba-una-declaracion-que-pide-revocar-la-cesion-del-chalet-de-caparroso-a-la-asociacion-astindu\\\/#article\",\"isPartOf\":{\"@id\":\"https:\\\/\\\/www.laguiadepamplona.com\\\/actualidad\\\/la-comision-de-presidencia-del-ayuntamiento-aprueba-una-declaracion-que-pide-revocar-la-cesion-del-chalet-de-caparroso-a-la-asociacion-astindu\\\/\"},\"author\":{\"name\":\"La Gu\u00eda de Pamplona\",\"@id\":\"https:\\\/\\\/www.laguiadepamplona.com\\\/actualidad\\\/#\\\/schema\\\/person\\\/efe887376f0213d4657c93adc50b1fdb\"},\"headline\":\"La comisi\u00f3n de Presidencia del Ayuntamiento aprueba una declaraci\u00f3n que pide revocar la cesi\u00f3n del chalet de Caparroso a la asociaci\u00f3n Astindu\",\"datePublished\":\"2016-11-14T10:17:17+00:00\",\"dateModified\":\"2016-12-09T10:18:58+00:00\",\"mainEntityOfPage\":{\"@id\":\"https:\\\/\\\/www.laguiadepamplona.com\\\/actualidad\\\/la-comision-de-presidencia-del-ayuntamiento-aprueba-una-declaracion-que-pide-revocar-la-cesion-del-chalet-de-caparroso-a-la-asociacion-astindu\\\/\"},\"wordCount\":196,\"publisher\":{\"@id\":\"https:\\\/\\\/www.laguiadepamplona.com\\\/actualidad\\\/#organization\"},\"image\":{\"@id\":\"https:\\\/\\\/www.laguiadepamplona.com\\\/actualidad\\\/la-comision-de-presidencia-del-ayuntamiento-aprueba-una-declaracion-que-pide-revocar-la-cesion-del-chalet-de-caparroso-a-la-asociacion-astindu\\\/#primaryimage\"},\"thumbnailUrl\":\"https:\\\/\\\/www.laguiadepamplona.com\\\/actualidad\\\/wp-content\\\/uploads\\\/2016\\\/12\\\/chalet_caparroso_obras.jpg\",\"articleSection\":[\"Ayto Pamplona\"],\"inLanguage\":\"es\"},{\"@type\":\"WebPage\",\"@id\":\"https:\\\/\\\/www.laguiadepamplona.com\\\/actualidad\\\/la-comision-de-presidencia-del-ayuntamiento-aprueba-una-declaracion-que-pide-revocar-la-cesion-del-chalet-de-caparroso-a-la-asociacion-astindu\\\/\",\"url\":\"https:\\\/\\\/www.laguiadepamplona.com\\\/actualidad\\\/la-comision-de-presidencia-del-ayuntamiento-aprueba-una-declaracion-que-pide-revocar-la-cesion-del-chalet-de-caparroso-a-la-asociacion-astindu\\\/\",\"name\":\"La comisi\u00f3n de Presidencia del Ayuntamiento aprueba una declaraci\u00f3n que pide revocar la cesi\u00f3n del chalet de Caparroso a la asociaci\u00f3n Astindu\",\"isPartOf\":{\"@id\":\"https:\\\/\\\/www.laguiadepamplona.com\\\/actualidad\\\/#website\"},\"primaryImageOfPage\":{\"@id\":\"https:\\\/\\\/www.laguiadepamplona.com\\\/actualidad\\\/la-comision-de-presidencia-del-ayuntamiento-aprueba-una-declaracion-que-pide-revocar-la-cesion-del-chalet-de-caparroso-a-la-asociacion-astindu\\\/#primaryimage\"},\"image\":{\"@id\":\"https:\\\/\\\/www.laguiadepamplona.com\\\/actualidad\\\/la-comision-de-presidencia-del-ayuntamiento-aprueba-una-declaracion-que-pide-revocar-la-cesion-del-chalet-de-caparroso-a-la-asociacion-astindu\\\/#primaryimage\"},\"thumbnailUrl\":\"https:\\\/\\\/www.laguiadepamplona.com\\\/actualidad\\\/wp-content\\\/uploads\\\/2016\\\/12\\\/chalet_caparroso_obras.jpg\",\"datePublished\":\"2016-11-14T10:17:17+00:00\",\"dateModified\":\"2016-12-09T10:18:58+00:00\",\"breadcrumb\":{\"@id\":\"https:\\\/\\\/www.laguiadepamplona.com\\\/actualidad\\\/la-comision-de-presidencia-del-ayuntamiento-aprueba-una-declaracion-que-pide-revocar-la-cesion-del-chalet-de-caparroso-a-la-asociacion-astindu\\\/#breadcrumb\"},\"inLanguage\":\"es\",\"potentialAction\":[{\"@type\":\"ReadAction\",\"target\":[\"https:\\\/\\\/www.laguiadepamplona.com\\\/actualidad\\\/la-comision-de-presidencia-del-ayuntamiento-aprueba-una-declaracion-que-pide-revocar-la-cesion-del-chalet-de-caparroso-a-la-asociacion-astindu\\\/\"]}]},{\"@type\":\"ImageObject\",\"inLanguage\":\"es\",\"@id\":\"https:\\\/\\\/www.laguiadepamplona.com\\\/actualidad\\\/la-comision-de-presidencia-del-ayuntamiento-aprueba-una-declaracion-que-pide-revocar-la-cesion-del-chalet-de-caparroso-a-la-asociacion-astindu\\\/#primaryimage\",\"url\":\"https:\\\/\\\/www.laguiadepamplona.com\\\/actualidad\\\/wp-content\\\/uploads\\\/2016\\\/12\\\/chalet_caparroso_obras.jpg\",\"contentUrl\":\"https:\\\/\\\/www.laguiadepamplona.com\\\/actualidad\\\/wp-content\\\/uploads\\\/2016\\\/12\\\/chalet_caparroso_obras.jpg\",\"width\":894,\"height\":670},{\"@type\":\"BreadcrumbList\",\"@id\":\"https:\\\/\\\/www.laguiadepamplona.com\\\/actualidad\\\/la-comision-de-presidencia-del-ayuntamiento-aprueba-una-declaracion-que-pide-revocar-la-cesion-del-chalet-de-caparroso-a-la-asociacion-astindu\\\/#breadcrumb\",\"itemListElement\":[{\"@type\":\"ListItem\",\"position\":1,\"name\":\"Portada\",\"item\":\"https:\\\/\\\/www.laguiadepamplona.com\\\/actualidad\\\/\"},{\"@type\":\"ListItem\",\"position\":2,\"name\":\"La comisi\u00f3n de Presidencia del Ayuntamiento aprueba una declaraci\u00f3n que pide revocar la cesi\u00f3n del chalet de Caparroso a la asociaci\u00f3n Astindu\"}]},{\"@type\":\"WebSite\",\"@id\":\"https:\\\/\\\/www.laguiadepamplona.com\\\/actualidad\\\/#website\",\"url\":\"https:\\\/\\\/www.laguiadepamplona.com\\\/actualidad\\\/\",\"name\":\"La gu\u00eda de Pamplona\",\"description\":\"Noticias de Pamplona\",\"publisher\":{\"@id\":\"https:\\\/\\\/www.laguiadepamplona.com\\\/actualidad\\\/#organization\"},\"potentialAction\":[{\"@type\":\"SearchAction\",\"target\":{\"@type\":\"EntryPoint\",\"urlTemplate\":\"https:\\\/\\\/www.laguiadepamplona.com\\\/actualidad\\\/?s={search_term_string}\"},\"query-input\":{\"@type\":\"PropertyValueSpecification\",\"valueRequired\":true,\"valueName\":\"search_term_string\"}}],\"inLanguage\":\"es\"},{\"@type\":\"Organization\",\"@id\":\"https:\\\/\\\/www.laguiadepamplona.com\\\/actualidad\\\/#organization\",\"name\":\"La Gu\u00eda de Pamplona \\\/ Noticias\",\"url\":\"https:\\\/\\\/www.laguiadepamplona.com\\\/actualidad\\\/\",\"logo\":{\"@type\":\"ImageObject\",\"inLanguage\":\"es\",\"@id\":\"https:\\\/\\\/www.laguiadepamplona.com\\\/actualidad\\\/#\\\/schema\\\/logo\\\/image\\\/\",\"url\":\"https:\\\/\\\/www.laguiadepamplona.com\\\/actualidad\\\/wp-content\\\/uploads\\\/2018\\\/11\\\/logo-laguiadepamplona18-web1.png\",\"contentUrl\":\"https:\\\/\\\/www.laguiadepamplona.com\\\/actualidad\\\/wp-content\\\/uploads\\\/2018\\\/11\\\/logo-laguiadepamplona18-web1.png\",\"width\":600,\"height\":196,\"caption\":\"La Gu\u00eda de Pamplona \\\/ Noticias\"},\"image\":{\"@id\":\"https:\\\/\\\/www.laguiadepamplona.com\\\/actualidad\\\/#\\\/schema\\\/logo\\\/image\\\/\"},\"sameAs\":[\"https:\\\/\\\/www.facebook.com\\\/laguiadepamplonacom-133175176762273\\\/?ref=hl\",\"https:\\\/\\\/x.com\\\/LaGuiadPamplona\",\"https:\\\/\\\/www.instagram.com\\\/la_guia_de_pamplona\\\/\",\"https:\\\/\\\/www.youtube.com\\\/user\\\/laguiadepamplona\"]},{\"@type\":\"Person\",\"@id\":\"https:\\\/\\\/www.laguiadepamplona.com\\\/actualidad\\\/#\\\/schema\\\/person\\\/efe887376f0213d4657c93adc50b1fdb\",\"name\":\"La Gu\u00eda de Pamplona\",\"image\":{\"@type\":\"ImageObject\",\"inLanguage\":\"es\",\"@id\":\"https:\\\/\\\/secure.gravatar.com\\\/avatar\\\/b6992f131dc8d30ab0dff15446e9d346d9dbd95992de0fef795073f5ea83a81c?s=96&d=mm&r=g\",\"url\":\"https:\\\/\\\/secure.gravatar.com\\\/avatar\\\/b6992f131dc8d30ab0dff15446e9d346d9dbd95992de0fef795073f5ea83a81c?s=96&d=mm&r=g\",\"contentUrl\":\"https:\\\/\\\/secure.gravatar.com\\\/avatar\\\/b6992f131dc8d30ab0dff15446e9d346d9dbd95992de0fef795073f5ea83a81c?s=96&d=mm&r=g\",\"caption\":\"La Gu\u00eda de Pamplona\"}}]}<\/script>\n<!-- \/ Yoast SEO plugin. -->","yoast_head_json":{"title":"La comisi\u00f3n de Presidencia del Ayuntamiento aprueba una declaraci\u00f3n que pide revocar la cesi\u00f3n del chalet de Caparroso a la asociaci\u00f3n Astindu","robots":{"index":"index","follow":"follow","max-snippet":"max-snippet:-1","max-image-preview":"max-image-preview:large","max-video-preview":"max-video-preview:-1"},"canonical":"https:\/\/www.laguiadepamplona.com\/actualidad\/la-comision-de-presidencia-del-ayuntamiento-aprueba-una-declaracion-que-pide-revocar-la-cesion-del-chalet-de-caparroso-a-la-asociacion-astindu\/","og_locale":"es_ES","og_type":"article","og_title":"La comisi\u00f3n de Presidencia del Ayuntamiento aprueba una declaraci\u00f3n que pide revocar la cesi\u00f3n del chalet de Caparroso a la asociaci\u00f3n Astindu","og_url":"https:\/\/www.laguiadepamplona.com\/actualidad\/la-comision-de-presidencia-del-ayuntamiento-aprueba-una-declaracion-que-pide-revocar-la-cesion-del-chalet-de-caparroso-a-la-asociacion-astindu\/","og_site_name":"La Gu\u00eda de Pamplona","article_publisher":"https:\/\/www.facebook.com\/laguiadepamplonacom-133175176762273\/?ref=hl","article_published_time":"2016-11-14T10:17:17+00:00","article_modified_time":"2016-12-09T10:18:58+00:00","og_image":[{"width":894,"height":670,"url":"https:\/\/www.laguiadepamplona.com\/actualidad\/wp-content\/uploads\/2016\/12\/chalet_caparroso_obras.jpg","type":"image\/jpeg"}],"author":"La Gu\u00eda de Pamplona","twitter_card":"summary_large_image","twitter_creator":"@LaGuiadPamplona","twitter_site":"@LaGuiadPamplona","twitter_misc":{"Escrito por":"La Gu\u00eda de Pamplona","Tiempo de lectura":"1 minuto"},"schema":{"@context":"https:\/\/schema.org","@graph":[{"@type":"Article","@id":"https:\/\/www.laguiadepamplona.com\/actualidad\/la-comision-de-presidencia-del-ayuntamiento-aprueba-una-declaracion-que-pide-revocar-la-cesion-del-chalet-de-caparroso-a-la-asociacion-astindu\/#article","isPartOf":{"@id":"https:\/\/www.laguiadepamplona.com\/actualidad\/la-comision-de-presidencia-del-ayuntamiento-aprueba-una-declaracion-que-pide-revocar-la-cesion-del-chalet-de-caparroso-a-la-asociacion-astindu\/"},"author":{"name":"La Gu\u00eda de Pamplona","@id":"https:\/\/www.laguiadepamplona.com\/actualidad\/#\/schema\/person\/efe887376f0213d4657c93adc50b1fdb"},"headline":"La comisi\u00f3n de Presidencia del Ayuntamiento aprueba una declaraci\u00f3n que pide revocar la cesi\u00f3n del chalet de Caparroso a la asociaci\u00f3n Astindu","datePublished":"2016-11-14T10:17:17+00:00","dateModified":"2016-12-09T10:18:58+00:00","mainEntityOfPage":{"@id":"https:\/\/www.laguiadepamplona.com\/actualidad\/la-comision-de-presidencia-del-ayuntamiento-aprueba-una-declaracion-que-pide-revocar-la-cesion-del-chalet-de-caparroso-a-la-asociacion-astindu\/"},"wordCount":196,"publisher":{"@id":"https:\/\/www.laguiadepamplona.com\/actualidad\/#organization"},"image":{"@id":"https:\/\/www.laguiadepamplona.com\/actualidad\/la-comision-de-presidencia-del-ayuntamiento-aprueba-una-declaracion-que-pide-revocar-la-cesion-del-chalet-de-caparroso-a-la-asociacion-astindu\/#primaryimage"},"thumbnailUrl":"https:\/\/www.laguiadepamplona.com\/actualidad\/wp-content\/uploads\/2016\/12\/chalet_caparroso_obras.jpg","articleSection":["Ayto Pamplona"],"inLanguage":"es"},{"@type":"WebPage","@id":"https:\/\/www.laguiadepamplona.com\/actualidad\/la-comision-de-presidencia-del-ayuntamiento-aprueba-una-declaracion-que-pide-revocar-la-cesion-del-chalet-de-caparroso-a-la-asociacion-astindu\/","url":"https:\/\/www.laguiadepamplona.com\/actualidad\/la-comision-de-presidencia-del-ayuntamiento-aprueba-una-declaracion-que-pide-revocar-la-cesion-del-chalet-de-caparroso-a-la-asociacion-astindu\/","name":"La comisi\u00f3n de Presidencia del Ayuntamiento aprueba una declaraci\u00f3n que pide revocar la cesi\u00f3n del chalet de Caparroso a la asociaci\u00f3n Astindu","isPartOf":{"@id":"https:\/\/www.laguiadepamplona.com\/actualidad\/#website"},"primaryImageOfPage":{"@id":"https:\/\/www.laguiadepamplona.com\/actualidad\/la-comision-de-presidencia-del-ayuntamiento-aprueba-una-declaracion-que-pide-revocar-la-cesion-del-chalet-de-caparroso-a-la-asociacion-astindu\/#primaryimage"},"image":{"@id":"https:\/\/www.laguiadepamplona.com\/actualidad\/la-comision-de-presidencia-del-ayuntamiento-aprueba-una-declaracion-que-pide-revocar-la-cesion-del-chalet-de-caparroso-a-la-asociacion-astindu\/#primaryimage"},"thumbnailUrl":"https:\/\/www.laguiadepamplona.com\/actualidad\/wp-content\/uploads\/2016\/12\/chalet_caparroso_obras.jpg","datePublished":"2016-11-14T10:17:17+00:00","dateModified":"2016-12-09T10:18:58+00:00","breadcrumb":{"@id":"https:\/\/www.laguiadepamplona.com\/actualidad\/la-comision-de-presidencia-del-ayuntamiento-aprueba-una-declaracion-que-pide-revocar-la-cesion-del-chalet-de-caparroso-a-la-asociacion-astindu\/#breadcrumb"},"inLanguage":"es","potentialAction":[{"@type":"ReadAction","target":["https:\/\/www.laguiadepamplona.com\/actualidad\/la-comision-de-presidencia-del-ayuntamiento-aprueba-una-declaracion-que-pide-revocar-la-cesion-del-chalet-de-caparroso-a-la-asociacion-astindu\/"]}]},{"@type":"ImageObject","inLanguage":"es","@id":"https:\/\/www.laguiadepamplona.com\/actualidad\/la-comision-de-presidencia-del-ayuntamiento-aprueba-una-declaracion-que-pide-revocar-la-cesion-del-chalet-de-caparroso-a-la-asociacion-astindu\/#primaryimage","url":"https:\/\/www.laguiadepamplona.com\/actualidad\/wp-content\/uploads\/2016\/12\/chalet_caparroso_obras.jpg","contentUrl":"https:\/\/www.laguiadepamplona.com\/actualidad\/wp-content\/uploads\/2016\/12\/chalet_caparroso_obras.jpg","width":894,"height":670},{"@type":"BreadcrumbList","@id":"https:\/\/www.laguiadepamplona.com\/actualidad\/la-comision-de-presidencia-del-ayuntamiento-aprueba-una-declaracion-que-pide-revocar-la-cesion-del-chalet-de-caparroso-a-la-asociacion-astindu\/#breadcrumb","itemListElement":[{"@type":"ListItem","position":1,"name":"Portada","item":"https:\/\/www.laguiadepamplona.com\/actualidad\/"},{"@type":"ListItem","position":2,"name":"La comisi\u00f3n de Presidencia del Ayuntamiento aprueba una declaraci\u00f3n que pide revocar la cesi\u00f3n del chalet de Caparroso a la asociaci\u00f3n Astindu"}]},{"@type":"WebSite","@id":"https:\/\/www.laguiadepamplona.com\/actualidad\/#website","url":"https:\/\/www.laguiadepamplona.com\/actualidad\/","name":"La gu\u00eda de Pamplona","description":"Noticias de Pamplona","publisher":{"@id":"https:\/\/www.laguiadepamplona.com\/actualidad\/#organization"},"potentialAction":[{"@type":"SearchAction","target":{"@type":"EntryPoint","urlTemplate":"https:\/\/www.laguiadepamplona.com\/actualidad\/?s={search_term_string}"},"query-input":{"@type":"PropertyValueSpecification","valueRequired":true,"valueName":"search_term_string"}}],"inLanguage":"es"},{"@type":"Organization","@id":"https:\/\/www.laguiadepamplona.com\/actualidad\/#organization","name":"La Gu\u00eda de Pamplona \/ Noticias","url":"https:\/\/www.laguiadepamplona.com\/actualidad\/","logo":{"@type":"ImageObject","inLanguage":"es","@id":"https:\/\/www.laguiadepamplona.com\/actualidad\/#\/schema\/logo\/image\/","url":"https:\/\/www.laguiadepamplona.com\/actualidad\/wp-content\/uploads\/2018\/11\/logo-laguiadepamplona18-web1.png","contentUrl":"https:\/\/www.laguiadepamplona.com\/actualidad\/wp-content\/uploads\/2018\/11\/logo-laguiadepamplona18-web1.png","width":600,"height":196,"caption":"La Gu\u00eda de Pamplona \/ Noticias"},"image":{"@id":"https:\/\/www.laguiadepamplona.com\/actualidad\/#\/schema\/logo\/image\/"},"sameAs":["https:\/\/www.facebook.com\/laguiadepamplonacom-133175176762273\/?ref=hl","https:\/\/x.com\/LaGuiadPamplona","https:\/\/www.instagram.com\/la_guia_de_pamplona\/","https:\/\/www.youtube.com\/user\/laguiadepamplona"]},{"@type":"Person","@id":"https:\/\/www.laguiadepamplona.com\/actualidad\/#\/schema\/person\/efe887376f0213d4657c93adc50b1fdb","name":"La Gu\u00eda de Pamplona","image":{"@type":"ImageObject","inLanguage":"es","@id":"https:\/\/secure.gravatar.com\/avatar\/b6992f131dc8d30ab0dff15446e9d346d9dbd95992de0fef795073f5ea83a81c?s=96&d=mm&r=g","url":"https:\/\/secure.gravatar.com\/avatar\/b6992f131dc8d30ab0dff15446e9d346d9dbd95992de0fef795073f5ea83a81c?s=96&d=mm&r=g","contentUrl":"https:\/\/secure.gravatar.com\/avatar\/b6992f131dc8d30ab0dff15446e9d346d9dbd95992de0fef795073f5ea83a81c?s=96&d=mm&r=g","caption":"La Gu\u00eda de Pamplona"}}]}},"post_mailing_queue_ids":[],"_links":{"self":[{"href":"https:\/\/www.laguiadepamplona.com\/actualidad\/wp-json\/wp\/v2\/posts\/11265","targetHints":{"allow":["GET"]}}],"collection":[{"href":"https:\/\/www.laguiadepamplona.com\/actualidad\/wp-json\/wp\/v2\/posts"}],"about":[{"href":"https:\/\/www.laguiadepamplona.com\/actualidad\/wp-json\/wp\/v2\/types\/post"}],"author":[{"embeddable":true,"href":"https:\/\/www.laguiadepamplona.com\/actualidad\/wp-json\/wp\/v2\/users\/1"}],"replies":[{"embeddable":true,"href":"https:\/\/www.laguiadepamplona.com\/actualidad\/wp-json\/wp\/v2\/comments?post=11265"}],"version-history":[{"count":0,"href":"https:\/\/www.laguiadepamplona.com\/actualidad\/wp-json\/wp\/v2\/posts\/11265\/revisions"}],"wp:featuredmedia":[{"embeddable":true,"href":"https:\/\/www.laguiadepamplona.com\/actualidad\/wp-json\/wp\/v2\/media\/11170"}],"wp:attachment":[{"href":"https:\/\/www.laguiadepamplona.com\/actualidad\/wp-json\/wp\/v2\/media?parent=11265"}],"wp:term":[{"taxonomy":"category","embeddable":true,"href":"https:\/\/www.laguiadepamplona.com\/actualidad\/wp-json\/wp\/v2\/categories?post=11265"},{"taxonomy":"post_tag","embeddable":true,"href":"https:\/\/www.laguiadepamplona.com\/actualidad\/wp-json\/wp\/v2\/tags?post=11265"}],"curies":[{"name":"wp","href":"https:\/\/api.w.org\/{rel}","templated":true}]}}