{"id":11260,"date":"2016-11-11T13:08:55","date_gmt":"2016-11-11T12:08:55","guid":{"rendered":"http:\/\/laguiadepamplona.es\/actualidad\/?p=11260"},"modified":"2016-12-07T13:09:27","modified_gmt":"2016-12-07T12:09:27","slug":"suspendido-el-concierto-de-la-cantautora-cubana-haydee-milanes-previsto-para-el-proximo-30-de-noviembre-en-civivox-iturrama-debido-a-la-cancelacion-de-su-gira","status":"publish","type":"post","link":"https:\/\/www.laguiadepamplona.com\/actualidad\/suspendido-el-concierto-de-la-cantautora-cubana-haydee-milanes-previsto-para-el-proximo-30-de-noviembre-en-civivox-iturrama-debido-a-la-cancelacion-de-su-gira\/","title":{"rendered":"Suspendido el concierto de la cantautora cubana Hayd\u00e9e Milan\u00e9s, previsto para el pr\u00f3ximo 30 de noviembre en Civivox Iturrama, debido a la cancelaci\u00f3n de su gira"},"content":{"rendered":"<p><!--more--><\/p>\n<p>El concierto de la cantautora cubana Hayd\u00e9e Milan\u00e9s, previsto para el mi\u00e9rcoles 30 de noviembre en Civivox Iturrama, se ha suspendido debido a la cancelaci\u00f3n de la gira de actuaciones en ac\u00fastico que la artista caribe\u00f1a iba a realizar en Espa\u00f1a. Su actuaci\u00f3n formaba parte del ciclo Escenarios, dentro de la programaci\u00f3n para el \u00faltimo trimestre del a\u00f1o de la red Civivox.<\/p>\n<p>Hayd\u00e9e Milan\u00e9s, hija del cantautor Pablo Milan\u00e9s, iba a interpretar composiciones propias y tambi\u00e9n algunas de las m\u00edticas canciones de su padre, en un concierto homenaje especial. Un recorrido por la canci\u00f3n cubana, el son, el bolero o la trova, en el que se habr\u00edan podido escuchar composiciones como \u2018Para vivir\u2019, \u2018De qu\u00e9 callada manera\u2019 y otros grandes \u00e9xitos de la canci\u00f3n cubana. Hayd\u00e9e Milan\u00e9s (La Habana \u2013 Cuba, 1980) tiene un estilo inconfundible marcado por su sensibilidad interpretativa y los matices jazz\u00edsticos de su voz y su m\u00fasica.<\/p>\n<p>El concierto estaba previsto para las 20 horas del 30 de noviembre, con entradas al precio de 6 euros. A aquellas personas que ya hab\u00edan adquirido su entrada se les devolver\u00e1 el importe pagado.<\/p>\n<p>&nbsp;<\/p>\n","protected":false},"excerpt":{"rendered":"","protected":false},"author":1,"featured_media":11097,"comment_status":"closed","ping_status":"closed","sticky":false,"template":"","format":"standard","meta":{"footnotes":""},"categories":[2],"tags":[],"class_list":["post-11260","post","type-post","status-publish","format-standard","has-post-thumbnail","hentry","category-ayuntamiento-pamplona"],"yoast_head":"<!-- This site is optimized with the Yoast SEO plugin v27.5 - https:\/\/yoast.com\/product\/yoast-seo-wordpress\/ -->\n<title>Suspendido el concierto de la cantautora cubana Hayd\u00e9e Milan\u00e9s, previsto para el pr\u00f3ximo 30 de noviembre en Civivox Iturrama, debido a la cancelaci\u00f3n de su gira<\/title>\n<meta name=\"robots\" content=\"index, follow, max-snippet:-1, max-image-preview:large, max-video-preview:-1\" \/>\n<link rel=\"canonical\" href=\"https:\/\/www.laguiadepamplona.com\/actualidad\/suspendido-el-concierto-de-la-cantautora-cubana-haydee-milanes-previsto-para-el-proximo-30-de-noviembre-en-civivox-iturrama-debido-a-la-cancelacion-de-su-gira\/\" \/>\n<meta property=\"og:locale\" content=\"es_ES\" \/>\n<meta property=\"og:type\" content=\"article\" \/>\n<meta property=\"og:title\" content=\"Suspendido el concierto de la cantautora cubana Hayd\u00e9e Milan\u00e9s, previsto para el pr\u00f3ximo 30 de noviembre en Civivox Iturrama, debido a la cancelaci\u00f3n de su gira\" \/>\n<meta property=\"og:url\" content=\"https:\/\/www.laguiadepamplona.com\/actualidad\/suspendido-el-concierto-de-la-cantautora-cubana-haydee-milanes-previsto-para-el-proximo-30-de-noviembre-en-civivox-iturrama-debido-a-la-cancelacion-de-su-gira\/\" \/>\n<meta property=\"og:site_name\" content=\"La Gu\u00eda de Pamplona\" \/>\n<meta property=\"article:publisher\" content=\"https:\/\/www.facebook.com\/laguiadepamplonacom-133175176762273\/?ref=hl\" \/>\n<meta property=\"article:published_time\" content=\"2016-11-11T12:08:55+00:00\" \/>\n<meta property=\"article:modified_time\" content=\"2016-12-07T12:09:27+00:00\" \/>\n<meta property=\"og:image\" content=\"https:\/\/www.laguiadepamplona.com\/actualidad\/wp-content\/uploads\/2016\/12\/civivox-de-iturrama.jpg\" \/>\n\t<meta property=\"og:image:width\" content=\"500\" \/>\n\t<meta property=\"og:image:height\" content=\"333\" \/>\n\t<meta property=\"og:image:type\" content=\"image\/jpeg\" \/>\n<meta name=\"author\" content=\"La Gu\u00eda de Pamplona\" \/>\n<meta name=\"twitter:card\" content=\"summary_large_image\" \/>\n<meta name=\"twitter:creator\" content=\"@LaGuiadPamplona\" \/>\n<meta name=\"twitter:site\" content=\"@LaGuiadPamplona\" \/>\n<meta name=\"twitter:label1\" content=\"Escrito por\" \/>\n\t<meta name=\"twitter:data1\" content=\"La Gu\u00eda de Pamplona\" \/>\n\t<meta name=\"twitter:label2\" content=\"Tiempo de lectura\" \/>\n\t<meta name=\"twitter:data2\" content=\"1 minuto\" \/>\n<script type=\"application\/ld+json\" class=\"yoast-schema-graph\">{\"@context\":\"https:\\\/\\\/schema.org\",\"@graph\":[{\"@type\":\"Article\",\"@id\":\"https:\\\/\\\/www.laguiadepamplona.com\\\/actualidad\\\/suspendido-el-concierto-de-la-cantautora-cubana-haydee-milanes-previsto-para-el-proximo-30-de-noviembre-en-civivox-iturrama-debido-a-la-cancelacion-de-su-gira\\\/#article\",\"isPartOf\":{\"@id\":\"https:\\\/\\\/www.laguiadepamplona.com\\\/actualidad\\\/suspendido-el-concierto-de-la-cantautora-cubana-haydee-milanes-previsto-para-el-proximo-30-de-noviembre-en-civivox-iturrama-debido-a-la-cancelacion-de-su-gira\\\/\"},\"author\":{\"name\":\"La Gu\u00eda de Pamplona\",\"@id\":\"https:\\\/\\\/www.laguiadepamplona.com\\\/actualidad\\\/#\\\/schema\\\/person\\\/efe887376f0213d4657c93adc50b1fdb\"},\"headline\":\"Suspendido el concierto de la cantautora cubana Hayd\u00e9e Milan\u00e9s, previsto para el pr\u00f3ximo 30 de noviembre en Civivox Iturrama, debido a la cancelaci\u00f3n de su gira\",\"datePublished\":\"2016-11-11T12:08:55+00:00\",\"dateModified\":\"2016-12-07T12:09:27+00:00\",\"mainEntityOfPage\":{\"@id\":\"https:\\\/\\\/www.laguiadepamplona.com\\\/actualidad\\\/suspendido-el-concierto-de-la-cantautora-cubana-haydee-milanes-previsto-para-el-proximo-30-de-noviembre-en-civivox-iturrama-debido-a-la-cancelacion-de-su-gira\\\/\"},\"wordCount\":232,\"publisher\":{\"@id\":\"https:\\\/\\\/www.laguiadepamplona.com\\\/actualidad\\\/#organization\"},\"image\":{\"@id\":\"https:\\\/\\\/www.laguiadepamplona.com\\\/actualidad\\\/suspendido-el-concierto-de-la-cantautora-cubana-haydee-milanes-previsto-para-el-proximo-30-de-noviembre-en-civivox-iturrama-debido-a-la-cancelacion-de-su-gira\\\/#primaryimage\"},\"thumbnailUrl\":\"https:\\\/\\\/www.laguiadepamplona.com\\\/actualidad\\\/wp-content\\\/uploads\\\/2016\\\/12\\\/civivox-de-iturrama.jpg\",\"articleSection\":[\"Ayto Pamplona\"],\"inLanguage\":\"es\"},{\"@type\":\"WebPage\",\"@id\":\"https:\\\/\\\/www.laguiadepamplona.com\\\/actualidad\\\/suspendido-el-concierto-de-la-cantautora-cubana-haydee-milanes-previsto-para-el-proximo-30-de-noviembre-en-civivox-iturrama-debido-a-la-cancelacion-de-su-gira\\\/\",\"url\":\"https:\\\/\\\/www.laguiadepamplona.com\\\/actualidad\\\/suspendido-el-concierto-de-la-cantautora-cubana-haydee-milanes-previsto-para-el-proximo-30-de-noviembre-en-civivox-iturrama-debido-a-la-cancelacion-de-su-gira\\\/\",\"name\":\"Suspendido el concierto de la cantautora cubana Hayd\u00e9e Milan\u00e9s, previsto para el pr\u00f3ximo 30 de noviembre en Civivox Iturrama, debido a la cancelaci\u00f3n de su gira\",\"isPartOf\":{\"@id\":\"https:\\\/\\\/www.laguiadepamplona.com\\\/actualidad\\\/#website\"},\"primaryImageOfPage\":{\"@id\":\"https:\\\/\\\/www.laguiadepamplona.com\\\/actualidad\\\/suspendido-el-concierto-de-la-cantautora-cubana-haydee-milanes-previsto-para-el-proximo-30-de-noviembre-en-civivox-iturrama-debido-a-la-cancelacion-de-su-gira\\\/#primaryimage\"},\"image\":{\"@id\":\"https:\\\/\\\/www.laguiadepamplona.com\\\/actualidad\\\/suspendido-el-concierto-de-la-cantautora-cubana-haydee-milanes-previsto-para-el-proximo-30-de-noviembre-en-civivox-iturrama-debido-a-la-cancelacion-de-su-gira\\\/#primaryimage\"},\"thumbnailUrl\":\"https:\\\/\\\/www.laguiadepamplona.com\\\/actualidad\\\/wp-content\\\/uploads\\\/2016\\\/12\\\/civivox-de-iturrama.jpg\",\"datePublished\":\"2016-11-11T12:08:55+00:00\",\"dateModified\":\"2016-12-07T12:09:27+00:00\",\"breadcrumb\":{\"@id\":\"https:\\\/\\\/www.laguiadepamplona.com\\\/actualidad\\\/suspendido-el-concierto-de-la-cantautora-cubana-haydee-milanes-previsto-para-el-proximo-30-de-noviembre-en-civivox-iturrama-debido-a-la-cancelacion-de-su-gira\\\/#breadcrumb\"},\"inLanguage\":\"es\",\"potentialAction\":[{\"@type\":\"ReadAction\",\"target\":[\"https:\\\/\\\/www.laguiadepamplona.com\\\/actualidad\\\/suspendido-el-concierto-de-la-cantautora-cubana-haydee-milanes-previsto-para-el-proximo-30-de-noviembre-en-civivox-iturrama-debido-a-la-cancelacion-de-su-gira\\\/\"]}]},{\"@type\":\"ImageObject\",\"inLanguage\":\"es\",\"@id\":\"https:\\\/\\\/www.laguiadepamplona.com\\\/actualidad\\\/suspendido-el-concierto-de-la-cantautora-cubana-haydee-milanes-previsto-para-el-proximo-30-de-noviembre-en-civivox-iturrama-debido-a-la-cancelacion-de-su-gira\\\/#primaryimage\",\"url\":\"https:\\\/\\\/www.laguiadepamplona.com\\\/actualidad\\\/wp-content\\\/uploads\\\/2016\\\/12\\\/civivox-de-iturrama.jpg\",\"contentUrl\":\"https:\\\/\\\/www.laguiadepamplona.com\\\/actualidad\\\/wp-content\\\/uploads\\\/2016\\\/12\\\/civivox-de-iturrama.jpg\",\"width\":500,\"height\":333},{\"@type\":\"BreadcrumbList\",\"@id\":\"https:\\\/\\\/www.laguiadepamplona.com\\\/actualidad\\\/suspendido-el-concierto-de-la-cantautora-cubana-haydee-milanes-previsto-para-el-proximo-30-de-noviembre-en-civivox-iturrama-debido-a-la-cancelacion-de-su-gira\\\/#breadcrumb\",\"itemListElement\":[{\"@type\":\"ListItem\",\"position\":1,\"name\":\"Portada\",\"item\":\"https:\\\/\\\/www.laguiadepamplona.com\\\/actualidad\\\/\"},{\"@type\":\"ListItem\",\"position\":2,\"name\":\"Suspendido el concierto de la cantautora cubana Hayd\u00e9e Milan\u00e9s, previsto para el pr\u00f3ximo 30 de noviembre en Civivox Iturrama, debido a la cancelaci\u00f3n de su gira\"}]},{\"@type\":\"WebSite\",\"@id\":\"https:\\\/\\\/www.laguiadepamplona.com\\\/actualidad\\\/#website\",\"url\":\"https:\\\/\\\/www.laguiadepamplona.com\\\/actualidad\\\/\",\"name\":\"La gu\u00eda de Pamplona\",\"description\":\"Noticias de Pamplona\",\"publisher\":{\"@id\":\"https:\\\/\\\/www.laguiadepamplona.com\\\/actualidad\\\/#organization\"},\"potentialAction\":[{\"@type\":\"SearchAction\",\"target\":{\"@type\":\"EntryPoint\",\"urlTemplate\":\"https:\\\/\\\/www.laguiadepamplona.com\\\/actualidad\\\/?s={search_term_string}\"},\"query-input\":{\"@type\":\"PropertyValueSpecification\",\"valueRequired\":true,\"valueName\":\"search_term_string\"}}],\"inLanguage\":\"es\"},{\"@type\":\"Organization\",\"@id\":\"https:\\\/\\\/www.laguiadepamplona.com\\\/actualidad\\\/#organization\",\"name\":\"La Gu\u00eda de Pamplona \\\/ Noticias\",\"url\":\"https:\\\/\\\/www.laguiadepamplona.com\\\/actualidad\\\/\",\"logo\":{\"@type\":\"ImageObject\",\"inLanguage\":\"es\",\"@id\":\"https:\\\/\\\/www.laguiadepamplona.com\\\/actualidad\\\/#\\\/schema\\\/logo\\\/image\\\/\",\"url\":\"https:\\\/\\\/www.laguiadepamplona.com\\\/actualidad\\\/wp-content\\\/uploads\\\/2018\\\/11\\\/logo-laguiadepamplona18-web1.png\",\"contentUrl\":\"https:\\\/\\\/www.laguiadepamplona.com\\\/actualidad\\\/wp-content\\\/uploads\\\/2018\\\/11\\\/logo-laguiadepamplona18-web1.png\",\"width\":600,\"height\":196,\"caption\":\"La Gu\u00eda de Pamplona \\\/ Noticias\"},\"image\":{\"@id\":\"https:\\\/\\\/www.laguiadepamplona.com\\\/actualidad\\\/#\\\/schema\\\/logo\\\/image\\\/\"},\"sameAs\":[\"https:\\\/\\\/www.facebook.com\\\/laguiadepamplonacom-133175176762273\\\/?ref=hl\",\"https:\\\/\\\/x.com\\\/LaGuiadPamplona\",\"https:\\\/\\\/www.instagram.com\\\/la_guia_de_pamplona\\\/\",\"https:\\\/\\\/www.youtube.com\\\/user\\\/laguiadepamplona\"]},{\"@type\":\"Person\",\"@id\":\"https:\\\/\\\/www.laguiadepamplona.com\\\/actualidad\\\/#\\\/schema\\\/person\\\/efe887376f0213d4657c93adc50b1fdb\",\"name\":\"La Gu\u00eda de Pamplona\",\"image\":{\"@type\":\"ImageObject\",\"inLanguage\":\"es\",\"@id\":\"https:\\\/\\\/secure.gravatar.com\\\/avatar\\\/b6992f131dc8d30ab0dff15446e9d346d9dbd95992de0fef795073f5ea83a81c?s=96&d=mm&r=g\",\"url\":\"https:\\\/\\\/secure.gravatar.com\\\/avatar\\\/b6992f131dc8d30ab0dff15446e9d346d9dbd95992de0fef795073f5ea83a81c?s=96&d=mm&r=g\",\"contentUrl\":\"https:\\\/\\\/secure.gravatar.com\\\/avatar\\\/b6992f131dc8d30ab0dff15446e9d346d9dbd95992de0fef795073f5ea83a81c?s=96&d=mm&r=g\",\"caption\":\"La Gu\u00eda de Pamplona\"}}]}<\/script>\n<!-- \/ Yoast SEO plugin. -->","yoast_head_json":{"title":"Suspendido el concierto de la cantautora cubana Hayd\u00e9e Milan\u00e9s, previsto para el pr\u00f3ximo 30 de noviembre en Civivox Iturrama, debido a la cancelaci\u00f3n de su gira","robots":{"index":"index","follow":"follow","max-snippet":"max-snippet:-1","max-image-preview":"max-image-preview:large","max-video-preview":"max-video-preview:-1"},"canonical":"https:\/\/www.laguiadepamplona.com\/actualidad\/suspendido-el-concierto-de-la-cantautora-cubana-haydee-milanes-previsto-para-el-proximo-30-de-noviembre-en-civivox-iturrama-debido-a-la-cancelacion-de-su-gira\/","og_locale":"es_ES","og_type":"article","og_title":"Suspendido el concierto de la cantautora cubana Hayd\u00e9e Milan\u00e9s, previsto para el pr\u00f3ximo 30 de noviembre en Civivox Iturrama, debido a la cancelaci\u00f3n de su gira","og_url":"https:\/\/www.laguiadepamplona.com\/actualidad\/suspendido-el-concierto-de-la-cantautora-cubana-haydee-milanes-previsto-para-el-proximo-30-de-noviembre-en-civivox-iturrama-debido-a-la-cancelacion-de-su-gira\/","og_site_name":"La Gu\u00eda de Pamplona","article_publisher":"https:\/\/www.facebook.com\/laguiadepamplonacom-133175176762273\/?ref=hl","article_published_time":"2016-11-11T12:08:55+00:00","article_modified_time":"2016-12-07T12:09:27+00:00","og_image":[{"width":500,"height":333,"url":"https:\/\/www.laguiadepamplona.com\/actualidad\/wp-content\/uploads\/2016\/12\/civivox-de-iturrama.jpg","type":"image\/jpeg"}],"author":"La Gu\u00eda de Pamplona","twitter_card":"summary_large_image","twitter_creator":"@LaGuiadPamplona","twitter_site":"@LaGuiadPamplona","twitter_misc":{"Escrito por":"La Gu\u00eda de Pamplona","Tiempo de lectura":"1 minuto"},"schema":{"@context":"https:\/\/schema.org","@graph":[{"@type":"Article","@id":"https:\/\/www.laguiadepamplona.com\/actualidad\/suspendido-el-concierto-de-la-cantautora-cubana-haydee-milanes-previsto-para-el-proximo-30-de-noviembre-en-civivox-iturrama-debido-a-la-cancelacion-de-su-gira\/#article","isPartOf":{"@id":"https:\/\/www.laguiadepamplona.com\/actualidad\/suspendido-el-concierto-de-la-cantautora-cubana-haydee-milanes-previsto-para-el-proximo-30-de-noviembre-en-civivox-iturrama-debido-a-la-cancelacion-de-su-gira\/"},"author":{"name":"La Gu\u00eda de Pamplona","@id":"https:\/\/www.laguiadepamplona.com\/actualidad\/#\/schema\/person\/efe887376f0213d4657c93adc50b1fdb"},"headline":"Suspendido el concierto de la cantautora cubana Hayd\u00e9e Milan\u00e9s, previsto para el pr\u00f3ximo 30 de noviembre en Civivox Iturrama, debido a la cancelaci\u00f3n de su gira","datePublished":"2016-11-11T12:08:55+00:00","dateModified":"2016-12-07T12:09:27+00:00","mainEntityOfPage":{"@id":"https:\/\/www.laguiadepamplona.com\/actualidad\/suspendido-el-concierto-de-la-cantautora-cubana-haydee-milanes-previsto-para-el-proximo-30-de-noviembre-en-civivox-iturrama-debido-a-la-cancelacion-de-su-gira\/"},"wordCount":232,"publisher":{"@id":"https:\/\/www.laguiadepamplona.com\/actualidad\/#organization"},"image":{"@id":"https:\/\/www.laguiadepamplona.com\/actualidad\/suspendido-el-concierto-de-la-cantautora-cubana-haydee-milanes-previsto-para-el-proximo-30-de-noviembre-en-civivox-iturrama-debido-a-la-cancelacion-de-su-gira\/#primaryimage"},"thumbnailUrl":"https:\/\/www.laguiadepamplona.com\/actualidad\/wp-content\/uploads\/2016\/12\/civivox-de-iturrama.jpg","articleSection":["Ayto Pamplona"],"inLanguage":"es"},{"@type":"WebPage","@id":"https:\/\/www.laguiadepamplona.com\/actualidad\/suspendido-el-concierto-de-la-cantautora-cubana-haydee-milanes-previsto-para-el-proximo-30-de-noviembre-en-civivox-iturrama-debido-a-la-cancelacion-de-su-gira\/","url":"https:\/\/www.laguiadepamplona.com\/actualidad\/suspendido-el-concierto-de-la-cantautora-cubana-haydee-milanes-previsto-para-el-proximo-30-de-noviembre-en-civivox-iturrama-debido-a-la-cancelacion-de-su-gira\/","name":"Suspendido el concierto de la cantautora cubana Hayd\u00e9e Milan\u00e9s, previsto para el pr\u00f3ximo 30 de noviembre en Civivox Iturrama, debido a la cancelaci\u00f3n de su gira","isPartOf":{"@id":"https:\/\/www.laguiadepamplona.com\/actualidad\/#website"},"primaryImageOfPage":{"@id":"https:\/\/www.laguiadepamplona.com\/actualidad\/suspendido-el-concierto-de-la-cantautora-cubana-haydee-milanes-previsto-para-el-proximo-30-de-noviembre-en-civivox-iturrama-debido-a-la-cancelacion-de-su-gira\/#primaryimage"},"image":{"@id":"https:\/\/www.laguiadepamplona.com\/actualidad\/suspendido-el-concierto-de-la-cantautora-cubana-haydee-milanes-previsto-para-el-proximo-30-de-noviembre-en-civivox-iturrama-debido-a-la-cancelacion-de-su-gira\/#primaryimage"},"thumbnailUrl":"https:\/\/www.laguiadepamplona.com\/actualidad\/wp-content\/uploads\/2016\/12\/civivox-de-iturrama.jpg","datePublished":"2016-11-11T12:08:55+00:00","dateModified":"2016-12-07T12:09:27+00:00","breadcrumb":{"@id":"https:\/\/www.laguiadepamplona.com\/actualidad\/suspendido-el-concierto-de-la-cantautora-cubana-haydee-milanes-previsto-para-el-proximo-30-de-noviembre-en-civivox-iturrama-debido-a-la-cancelacion-de-su-gira\/#breadcrumb"},"inLanguage":"es","potentialAction":[{"@type":"ReadAction","target":["https:\/\/www.laguiadepamplona.com\/actualidad\/suspendido-el-concierto-de-la-cantautora-cubana-haydee-milanes-previsto-para-el-proximo-30-de-noviembre-en-civivox-iturrama-debido-a-la-cancelacion-de-su-gira\/"]}]},{"@type":"ImageObject","inLanguage":"es","@id":"https:\/\/www.laguiadepamplona.com\/actualidad\/suspendido-el-concierto-de-la-cantautora-cubana-haydee-milanes-previsto-para-el-proximo-30-de-noviembre-en-civivox-iturrama-debido-a-la-cancelacion-de-su-gira\/#primaryimage","url":"https:\/\/www.laguiadepamplona.com\/actualidad\/wp-content\/uploads\/2016\/12\/civivox-de-iturrama.jpg","contentUrl":"https:\/\/www.laguiadepamplona.com\/actualidad\/wp-content\/uploads\/2016\/12\/civivox-de-iturrama.jpg","width":500,"height":333},{"@type":"BreadcrumbList","@id":"https:\/\/www.laguiadepamplona.com\/actualidad\/suspendido-el-concierto-de-la-cantautora-cubana-haydee-milanes-previsto-para-el-proximo-30-de-noviembre-en-civivox-iturrama-debido-a-la-cancelacion-de-su-gira\/#breadcrumb","itemListElement":[{"@type":"ListItem","position":1,"name":"Portada","item":"https:\/\/www.laguiadepamplona.com\/actualidad\/"},{"@type":"ListItem","position":2,"name":"Suspendido el concierto de la cantautora cubana Hayd\u00e9e Milan\u00e9s, previsto para el pr\u00f3ximo 30 de noviembre en Civivox Iturrama, debido a la cancelaci\u00f3n de su gira"}]},{"@type":"WebSite","@id":"https:\/\/www.laguiadepamplona.com\/actualidad\/#website","url":"https:\/\/www.laguiadepamplona.com\/actualidad\/","name":"La gu\u00eda de Pamplona","description":"Noticias de Pamplona","publisher":{"@id":"https:\/\/www.laguiadepamplona.com\/actualidad\/#organization"},"potentialAction":[{"@type":"SearchAction","target":{"@type":"EntryPoint","urlTemplate":"https:\/\/www.laguiadepamplona.com\/actualidad\/?s={search_term_string}"},"query-input":{"@type":"PropertyValueSpecification","valueRequired":true,"valueName":"search_term_string"}}],"inLanguage":"es"},{"@type":"Organization","@id":"https:\/\/www.laguiadepamplona.com\/actualidad\/#organization","name":"La Gu\u00eda de Pamplona \/ Noticias","url":"https:\/\/www.laguiadepamplona.com\/actualidad\/","logo":{"@type":"ImageObject","inLanguage":"es","@id":"https:\/\/www.laguiadepamplona.com\/actualidad\/#\/schema\/logo\/image\/","url":"https:\/\/www.laguiadepamplona.com\/actualidad\/wp-content\/uploads\/2018\/11\/logo-laguiadepamplona18-web1.png","contentUrl":"https:\/\/www.laguiadepamplona.com\/actualidad\/wp-content\/uploads\/2018\/11\/logo-laguiadepamplona18-web1.png","width":600,"height":196,"caption":"La Gu\u00eda de Pamplona \/ Noticias"},"image":{"@id":"https:\/\/www.laguiadepamplona.com\/actualidad\/#\/schema\/logo\/image\/"},"sameAs":["https:\/\/www.facebook.com\/laguiadepamplonacom-133175176762273\/?ref=hl","https:\/\/x.com\/LaGuiadPamplona","https:\/\/www.instagram.com\/la_guia_de_pamplona\/","https:\/\/www.youtube.com\/user\/laguiadepamplona"]},{"@type":"Person","@id":"https:\/\/www.laguiadepamplona.com\/actualidad\/#\/schema\/person\/efe887376f0213d4657c93adc50b1fdb","name":"La Gu\u00eda de Pamplona","image":{"@type":"ImageObject","inLanguage":"es","@id":"https:\/\/secure.gravatar.com\/avatar\/b6992f131dc8d30ab0dff15446e9d346d9dbd95992de0fef795073f5ea83a81c?s=96&d=mm&r=g","url":"https:\/\/secure.gravatar.com\/avatar\/b6992f131dc8d30ab0dff15446e9d346d9dbd95992de0fef795073f5ea83a81c?s=96&d=mm&r=g","contentUrl":"https:\/\/secure.gravatar.com\/avatar\/b6992f131dc8d30ab0dff15446e9d346d9dbd95992de0fef795073f5ea83a81c?s=96&d=mm&r=g","caption":"La Gu\u00eda de Pamplona"}}]}},"post_mailing_queue_ids":[],"_links":{"self":[{"href":"https:\/\/www.laguiadepamplona.com\/actualidad\/wp-json\/wp\/v2\/posts\/11260","targetHints":{"allow":["GET"]}}],"collection":[{"href":"https:\/\/www.laguiadepamplona.com\/actualidad\/wp-json\/wp\/v2\/posts"}],"about":[{"href":"https:\/\/www.laguiadepamplona.com\/actualidad\/wp-json\/wp\/v2\/types\/post"}],"author":[{"embeddable":true,"href":"https:\/\/www.laguiadepamplona.com\/actualidad\/wp-json\/wp\/v2\/users\/1"}],"replies":[{"embeddable":true,"href":"https:\/\/www.laguiadepamplona.com\/actualidad\/wp-json\/wp\/v2\/comments?post=11260"}],"version-history":[{"count":0,"href":"https:\/\/www.laguiadepamplona.com\/actualidad\/wp-json\/wp\/v2\/posts\/11260\/revisions"}],"wp:featuredmedia":[{"embeddable":true,"href":"https:\/\/www.laguiadepamplona.com\/actualidad\/wp-json\/wp\/v2\/media\/11097"}],"wp:attachment":[{"href":"https:\/\/www.laguiadepamplona.com\/actualidad\/wp-json\/wp\/v2\/media?parent=11260"}],"wp:term":[{"taxonomy":"category","embeddable":true,"href":"https:\/\/www.laguiadepamplona.com\/actualidad\/wp-json\/wp\/v2\/categories?post=11260"},{"taxonomy":"post_tag","embeddable":true,"href":"https:\/\/www.laguiadepamplona.com\/actualidad\/wp-json\/wp\/v2\/tags?post=11260"}],"curies":[{"name":"wp","href":"https:\/\/api.w.org\/{rel}","templated":true}]}}