{"id":11254,"date":"2016-11-11T13:04:49","date_gmt":"2016-11-11T12:04:49","guid":{"rendered":"http:\/\/laguiadepamplona.es\/actualidad\/?p=11254"},"modified":"2016-12-07T13:05:29","modified_gmt":"2016-12-07T12:05:29","slug":"pobreza-energetica-sus-perfiles-y-como-abordar-sus-consecuencias-centro-del-tercer-encuentro-del-foro-contra-la-pobreza-y-la-precariedad-sobre-este-problema","status":"publish","type":"post","link":"https:\/\/www.laguiadepamplona.com\/actualidad\/pobreza-energetica-sus-perfiles-y-como-abordar-sus-consecuencias-centro-del-tercer-encuentro-del-foro-contra-la-pobreza-y-la-precariedad-sobre-este-problema\/","title":{"rendered":"Pobreza energ\u00e9tica: sus perfiles y c\u00f3mo abordar sus consecuencias, centro del tercer encuentro del Foro contra la pobreza y la precariedad sobre este problema"},"content":{"rendered":"<h3>La sesi\u00f3n participativa ser\u00e1 el viernes 18 en Civivox Iturrama y a ella est\u00e1n convocadas la ciudadan\u00eda en general, afectados directos y colectivos<\/h3>\n<p><!--more--><\/p>\n<p>La pobreza energ\u00e9tica, seg\u00fan datos de la C\u00e1tedra de Investigaci\u00f3n para la Igualdad y la Integraci\u00f3n Social de la UPNA, afecta a unas 96.000 personas en Navarra; las estimaciones hablan de 29.000 personas en esta situaci\u00f3n en la ciudad. El pr\u00f3ximo viernes la ciudadan\u00eda de Pamplona en general, los hogares afectados por la llamada \u2018Pobreza Energ\u00e9tica\u2019 y los colectivos que trabajan cuestiones relacionadas con ella est\u00e1n llamados a participar en una jornada monogr\u00e1fica, que tendr\u00e1 lugar en Civivox Iturrama, de 18 a 21 horas. El objetivo de esta sesi\u00f3n que organiza el Ayuntamiento de Pamplona es seguir intercambiando informaci\u00f3n e ideas sobre c\u00f3mo abordar <strong>la dificultad de un hogar para satisfacer una cantidad m\u00ednima de servicios de energ\u00eda para sus necesidades b\u00e1sicas<\/strong>.<\/p>\n<p>El Consistorio est\u00e1 elaborando en estos momentos el primer estudio sobre Pobreza energ\u00e9tica en la ciudad. Adem\u00e1s, desde la administraci\u00f3n municipal se han abordado en paralelo dos l\u00edneas de trabajo. Por un lado, como en la acci\u00f3n de la semana que viene, se busca el intercambio de informaci\u00f3n y percepciones con afectados y colectivos para definir los perfiles de la precariedad energ\u00e9tica y las expectativas sociales creadas sobre los recursos que deber\u00eda articular la administraci\u00f3n. Por otro, actuando directamente con personas con escasos recursos econ\u00f3micos y muy vulnerables para, mediante formaci\u00f3n sobre administraci\u00f3n y gesti\u00f3n, dotarlas de herramientas para reorganizar su econom\u00eda y optimizar sus recursos. Esta \u00faltima tarea se est\u00e1 realizando en colaboraci\u00f3n con el Colectivo Alaiz.<\/p>\n<p>El Foro del viernes, el tercero que trata del tema en 2016, estar\u00e1 estructurado en tres partes. En un primer momento se podr\u00e1 escuchar a Mar\u00eda Campuzano que relatar\u00e1 su experiencia como activista en este \u00e1mbito, integrada en movimientos que han realizado interlocuci\u00f3n con al Ayuntamiento de Barcelona. Adem\u00e1s, abordar\u00e1 algunas ideas sobre la feminizaci\u00f3n de la pobreza. Tras ella intervendr\u00e1 Pablo Cotarelo, asesor sobre la transici\u00f3n energ\u00e9tica del Ayuntamiento de Barcelona, en una ponencia titulada \u2018Empoderamiento y autoconsumo\u2019. Tras las dos charlas, los asistentes se dividir\u00e1n en tres grupos de trabajo que abordar\u00e1n por separado las mismas preguntas clave durante una hora. Despu\u00e9s, la sesi\u00f3n culminar\u00e1 con una puesta en com\u00fan del trabajo realizado.<\/p>\n<p>Este foro sectorial quiere ser un espacio participativo de trabajo y forma parte de otro m\u00e1s general: el \u201cForo contra la pobreza y la precariedad &#8211; Grupo Derechos Sociales\u201d que comenz\u00f3 su trabajo en febrero de 2016. Entre otros asuntos, trabaja en destinar recursos a las situaciones econ\u00f3micas precarias desde las convocatorias de ayudas p\u00fablicas y apoyar la existencia de bonos sociales ante las compa\u00f1\u00edas suministradoras. En estos momentos est\u00e1 en marcha el estudio jur\u00eddico para dise\u00f1ar una comercializadora municipal de energ\u00eda que gestione eficazmente la actual instalaci\u00f3n municipal.<\/p>\n<p><strong>Viernes 18 de noviembre. Civivox Iturrama (de 18 a 21 horas)<\/strong><\/p>\n<ul>\n<li>Acogida y Presentaci\u00f3n<\/li>\n<\/ul>\n<p>Armando Cuenca, concejal delegado de Ecolog\u00eda Urbana y Movilidad y Edurne Eguino concejala delegada de Acci\u00f3n Social y Desarrollo Comunitario<\/p>\n<ul>\n<li>Presentaci\u00f3n de ponencias (1 hora)<\/li>\n<\/ul>\n<p>Mar\u00eda Campuzano (Barcelona): Pobreza energ\u00e9tica: la experiencia activista, y la feminizaci\u00f3n de la pobreza.<\/p>\n<p>Pablo Cotarelo (Barcelona) : Empoderamiento y autoconsumo.<\/p>\n<ul>\n<li>Descanso \/ Reparto en tres grupos (15\u2019)<\/li>\n<li>Talleres en grupo (1 hora)<\/li>\n<li>Coloquio final y clausura (30\u2019)<\/li>\n<\/ul>\n<p>&nbsp;<\/p>\n","protected":false},"excerpt":{"rendered":"<p>La sesi\u00f3n participativa ser\u00e1 el viernes 18 en Civivox Iturrama y a ella est\u00e1n convocadas la ciudadan\u00eda en general, afectados directos y colectivos<\/p>\n","protected":false},"author":1,"featured_media":11097,"comment_status":"closed","ping_status":"closed","sticky":false,"template":"","format":"standard","meta":{"footnotes":""},"categories":[2],"tags":[],"class_list":["post-11254","post","type-post","status-publish","format-standard","has-post-thumbnail","hentry","category-ayuntamiento-pamplona"],"yoast_head":"<!-- This site is optimized with the Yoast SEO plugin v27.5 - https:\/\/yoast.com\/product\/yoast-seo-wordpress\/ -->\n<title>Pobreza energ\u00e9tica: sus perfiles y c\u00f3mo abordar sus consecuencias, centro del tercer encuentro del Foro contra la pobreza y la precariedad sobre este problema<\/title>\n<meta name=\"robots\" content=\"index, follow, max-snippet:-1, max-image-preview:large, max-video-preview:-1\" \/>\n<link rel=\"canonical\" href=\"https:\/\/www.laguiadepamplona.com\/actualidad\/pobreza-energetica-sus-perfiles-y-como-abordar-sus-consecuencias-centro-del-tercer-encuentro-del-foro-contra-la-pobreza-y-la-precariedad-sobre-este-problema\/\" \/>\n<meta property=\"og:locale\" content=\"es_ES\" \/>\n<meta property=\"og:type\" content=\"article\" \/>\n<meta property=\"og:title\" content=\"Pobreza energ\u00e9tica: sus perfiles y c\u00f3mo abordar sus consecuencias, centro del tercer encuentro del Foro contra la pobreza y la precariedad sobre este problema\" \/>\n<meta property=\"og:description\" content=\"La sesi\u00f3n participativa ser\u00e1 el viernes 18 en Civivox Iturrama y a ella est\u00e1n convocadas la ciudadan\u00eda en general, afectados directos y colectivos\" \/>\n<meta property=\"og:url\" content=\"https:\/\/www.laguiadepamplona.com\/actualidad\/pobreza-energetica-sus-perfiles-y-como-abordar-sus-consecuencias-centro-del-tercer-encuentro-del-foro-contra-la-pobreza-y-la-precariedad-sobre-este-problema\/\" \/>\n<meta property=\"og:site_name\" content=\"La Gu\u00eda de Pamplona\" \/>\n<meta property=\"article:publisher\" content=\"https:\/\/www.facebook.com\/laguiadepamplonacom-133175176762273\/?ref=hl\" \/>\n<meta property=\"article:published_time\" content=\"2016-11-11T12:04:49+00:00\" \/>\n<meta property=\"article:modified_time\" content=\"2016-12-07T12:05:29+00:00\" \/>\n<meta property=\"og:image\" content=\"https:\/\/www.laguiadepamplona.com\/actualidad\/wp-content\/uploads\/2016\/12\/civivox-de-iturrama.jpg\" \/>\n\t<meta property=\"og:image:width\" content=\"500\" \/>\n\t<meta property=\"og:image:height\" content=\"333\" \/>\n\t<meta property=\"og:image:type\" content=\"image\/jpeg\" \/>\n<meta name=\"author\" content=\"La Gu\u00eda de Pamplona\" \/>\n<meta name=\"twitter:card\" content=\"summary_large_image\" \/>\n<meta name=\"twitter:creator\" content=\"@LaGuiadPamplona\" \/>\n<meta name=\"twitter:site\" content=\"@LaGuiadPamplona\" \/>\n<meta name=\"twitter:label1\" content=\"Escrito por\" \/>\n\t<meta name=\"twitter:data1\" content=\"La Gu\u00eda de Pamplona\" \/>\n\t<meta name=\"twitter:label2\" content=\"Tiempo de lectura\" \/>\n\t<meta name=\"twitter:data2\" content=\"3 minutos\" \/>\n<script type=\"application\/ld+json\" class=\"yoast-schema-graph\">{\"@context\":\"https:\\\/\\\/schema.org\",\"@graph\":[{\"@type\":\"Article\",\"@id\":\"https:\\\/\\\/www.laguiadepamplona.com\\\/actualidad\\\/pobreza-energetica-sus-perfiles-y-como-abordar-sus-consecuencias-centro-del-tercer-encuentro-del-foro-contra-la-pobreza-y-la-precariedad-sobre-este-problema\\\/#article\",\"isPartOf\":{\"@id\":\"https:\\\/\\\/www.laguiadepamplona.com\\\/actualidad\\\/pobreza-energetica-sus-perfiles-y-como-abordar-sus-consecuencias-centro-del-tercer-encuentro-del-foro-contra-la-pobreza-y-la-precariedad-sobre-este-problema\\\/\"},\"author\":{\"name\":\"La Gu\u00eda de Pamplona\",\"@id\":\"https:\\\/\\\/www.laguiadepamplona.com\\\/actualidad\\\/#\\\/schema\\\/person\\\/efe887376f0213d4657c93adc50b1fdb\"},\"headline\":\"Pobreza energ\u00e9tica: sus perfiles y c\u00f3mo abordar sus consecuencias, centro del tercer encuentro del Foro contra la pobreza y la precariedad sobre este problema\",\"datePublished\":\"2016-11-11T12:04:49+00:00\",\"dateModified\":\"2016-12-07T12:05:29+00:00\",\"mainEntityOfPage\":{\"@id\":\"https:\\\/\\\/www.laguiadepamplona.com\\\/actualidad\\\/pobreza-energetica-sus-perfiles-y-como-abordar-sus-consecuencias-centro-del-tercer-encuentro-del-foro-contra-la-pobreza-y-la-precariedad-sobre-este-problema\\\/\"},\"wordCount\":616,\"publisher\":{\"@id\":\"https:\\\/\\\/www.laguiadepamplona.com\\\/actualidad\\\/#organization\"},\"image\":{\"@id\":\"https:\\\/\\\/www.laguiadepamplona.com\\\/actualidad\\\/pobreza-energetica-sus-perfiles-y-como-abordar-sus-consecuencias-centro-del-tercer-encuentro-del-foro-contra-la-pobreza-y-la-precariedad-sobre-este-problema\\\/#primaryimage\"},\"thumbnailUrl\":\"https:\\\/\\\/www.laguiadepamplona.com\\\/actualidad\\\/wp-content\\\/uploads\\\/2016\\\/12\\\/civivox-de-iturrama.jpg\",\"articleSection\":[\"Ayto Pamplona\"],\"inLanguage\":\"es\"},{\"@type\":\"WebPage\",\"@id\":\"https:\\\/\\\/www.laguiadepamplona.com\\\/actualidad\\\/pobreza-energetica-sus-perfiles-y-como-abordar-sus-consecuencias-centro-del-tercer-encuentro-del-foro-contra-la-pobreza-y-la-precariedad-sobre-este-problema\\\/\",\"url\":\"https:\\\/\\\/www.laguiadepamplona.com\\\/actualidad\\\/pobreza-energetica-sus-perfiles-y-como-abordar-sus-consecuencias-centro-del-tercer-encuentro-del-foro-contra-la-pobreza-y-la-precariedad-sobre-este-problema\\\/\",\"name\":\"Pobreza energ\u00e9tica: sus perfiles y c\u00f3mo abordar sus consecuencias, centro del tercer encuentro del Foro contra la pobreza y la precariedad sobre este problema\",\"isPartOf\":{\"@id\":\"https:\\\/\\\/www.laguiadepamplona.com\\\/actualidad\\\/#website\"},\"primaryImageOfPage\":{\"@id\":\"https:\\\/\\\/www.laguiadepamplona.com\\\/actualidad\\\/pobreza-energetica-sus-perfiles-y-como-abordar-sus-consecuencias-centro-del-tercer-encuentro-del-foro-contra-la-pobreza-y-la-precariedad-sobre-este-problema\\\/#primaryimage\"},\"image\":{\"@id\":\"https:\\\/\\\/www.laguiadepamplona.com\\\/actualidad\\\/pobreza-energetica-sus-perfiles-y-como-abordar-sus-consecuencias-centro-del-tercer-encuentro-del-foro-contra-la-pobreza-y-la-precariedad-sobre-este-problema\\\/#primaryimage\"},\"thumbnailUrl\":\"https:\\\/\\\/www.laguiadepamplona.com\\\/actualidad\\\/wp-content\\\/uploads\\\/2016\\\/12\\\/civivox-de-iturrama.jpg\",\"datePublished\":\"2016-11-11T12:04:49+00:00\",\"dateModified\":\"2016-12-07T12:05:29+00:00\",\"breadcrumb\":{\"@id\":\"https:\\\/\\\/www.laguiadepamplona.com\\\/actualidad\\\/pobreza-energetica-sus-perfiles-y-como-abordar-sus-consecuencias-centro-del-tercer-encuentro-del-foro-contra-la-pobreza-y-la-precariedad-sobre-este-problema\\\/#breadcrumb\"},\"inLanguage\":\"es\",\"potentialAction\":[{\"@type\":\"ReadAction\",\"target\":[\"https:\\\/\\\/www.laguiadepamplona.com\\\/actualidad\\\/pobreza-energetica-sus-perfiles-y-como-abordar-sus-consecuencias-centro-del-tercer-encuentro-del-foro-contra-la-pobreza-y-la-precariedad-sobre-este-problema\\\/\"]}]},{\"@type\":\"ImageObject\",\"inLanguage\":\"es\",\"@id\":\"https:\\\/\\\/www.laguiadepamplona.com\\\/actualidad\\\/pobreza-energetica-sus-perfiles-y-como-abordar-sus-consecuencias-centro-del-tercer-encuentro-del-foro-contra-la-pobreza-y-la-precariedad-sobre-este-problema\\\/#primaryimage\",\"url\":\"https:\\\/\\\/www.laguiadepamplona.com\\\/actualidad\\\/wp-content\\\/uploads\\\/2016\\\/12\\\/civivox-de-iturrama.jpg\",\"contentUrl\":\"https:\\\/\\\/www.laguiadepamplona.com\\\/actualidad\\\/wp-content\\\/uploads\\\/2016\\\/12\\\/civivox-de-iturrama.jpg\",\"width\":500,\"height\":333},{\"@type\":\"BreadcrumbList\",\"@id\":\"https:\\\/\\\/www.laguiadepamplona.com\\\/actualidad\\\/pobreza-energetica-sus-perfiles-y-como-abordar-sus-consecuencias-centro-del-tercer-encuentro-del-foro-contra-la-pobreza-y-la-precariedad-sobre-este-problema\\\/#breadcrumb\",\"itemListElement\":[{\"@type\":\"ListItem\",\"position\":1,\"name\":\"Portada\",\"item\":\"https:\\\/\\\/www.laguiadepamplona.com\\\/actualidad\\\/\"},{\"@type\":\"ListItem\",\"position\":2,\"name\":\"Pobreza energ\u00e9tica: sus perfiles y c\u00f3mo abordar sus consecuencias, centro del tercer encuentro del Foro contra la pobreza y la precariedad sobre este problema\"}]},{\"@type\":\"WebSite\",\"@id\":\"https:\\\/\\\/www.laguiadepamplona.com\\\/actualidad\\\/#website\",\"url\":\"https:\\\/\\\/www.laguiadepamplona.com\\\/actualidad\\\/\",\"name\":\"La gu\u00eda de Pamplona\",\"description\":\"Noticias de Pamplona\",\"publisher\":{\"@id\":\"https:\\\/\\\/www.laguiadepamplona.com\\\/actualidad\\\/#organization\"},\"potentialAction\":[{\"@type\":\"SearchAction\",\"target\":{\"@type\":\"EntryPoint\",\"urlTemplate\":\"https:\\\/\\\/www.laguiadepamplona.com\\\/actualidad\\\/?s={search_term_string}\"},\"query-input\":{\"@type\":\"PropertyValueSpecification\",\"valueRequired\":true,\"valueName\":\"search_term_string\"}}],\"inLanguage\":\"es\"},{\"@type\":\"Organization\",\"@id\":\"https:\\\/\\\/www.laguiadepamplona.com\\\/actualidad\\\/#organization\",\"name\":\"La Gu\u00eda de Pamplona \\\/ Noticias\",\"url\":\"https:\\\/\\\/www.laguiadepamplona.com\\\/actualidad\\\/\",\"logo\":{\"@type\":\"ImageObject\",\"inLanguage\":\"es\",\"@id\":\"https:\\\/\\\/www.laguiadepamplona.com\\\/actualidad\\\/#\\\/schema\\\/logo\\\/image\\\/\",\"url\":\"https:\\\/\\\/www.laguiadepamplona.com\\\/actualidad\\\/wp-content\\\/uploads\\\/2018\\\/11\\\/logo-laguiadepamplona18-web1.png\",\"contentUrl\":\"https:\\\/\\\/www.laguiadepamplona.com\\\/actualidad\\\/wp-content\\\/uploads\\\/2018\\\/11\\\/logo-laguiadepamplona18-web1.png\",\"width\":600,\"height\":196,\"caption\":\"La Gu\u00eda de Pamplona \\\/ Noticias\"},\"image\":{\"@id\":\"https:\\\/\\\/www.laguiadepamplona.com\\\/actualidad\\\/#\\\/schema\\\/logo\\\/image\\\/\"},\"sameAs\":[\"https:\\\/\\\/www.facebook.com\\\/laguiadepamplonacom-133175176762273\\\/?ref=hl\",\"https:\\\/\\\/x.com\\\/LaGuiadPamplona\",\"https:\\\/\\\/www.instagram.com\\\/la_guia_de_pamplona\\\/\",\"https:\\\/\\\/www.youtube.com\\\/user\\\/laguiadepamplona\"]},{\"@type\":\"Person\",\"@id\":\"https:\\\/\\\/www.laguiadepamplona.com\\\/actualidad\\\/#\\\/schema\\\/person\\\/efe887376f0213d4657c93adc50b1fdb\",\"name\":\"La Gu\u00eda de Pamplona\",\"image\":{\"@type\":\"ImageObject\",\"inLanguage\":\"es\",\"@id\":\"https:\\\/\\\/secure.gravatar.com\\\/avatar\\\/b6992f131dc8d30ab0dff15446e9d346d9dbd95992de0fef795073f5ea83a81c?s=96&d=mm&r=g\",\"url\":\"https:\\\/\\\/secure.gravatar.com\\\/avatar\\\/b6992f131dc8d30ab0dff15446e9d346d9dbd95992de0fef795073f5ea83a81c?s=96&d=mm&r=g\",\"contentUrl\":\"https:\\\/\\\/secure.gravatar.com\\\/avatar\\\/b6992f131dc8d30ab0dff15446e9d346d9dbd95992de0fef795073f5ea83a81c?s=96&d=mm&r=g\",\"caption\":\"La Gu\u00eda de Pamplona\"}}]}<\/script>\n<!-- \/ Yoast SEO plugin. -->","yoast_head_json":{"title":"Pobreza energ\u00e9tica: sus perfiles y c\u00f3mo abordar sus consecuencias, centro del tercer encuentro del Foro contra la pobreza y la precariedad sobre este problema","robots":{"index":"index","follow":"follow","max-snippet":"max-snippet:-1","max-image-preview":"max-image-preview:large","max-video-preview":"max-video-preview:-1"},"canonical":"https:\/\/www.laguiadepamplona.com\/actualidad\/pobreza-energetica-sus-perfiles-y-como-abordar-sus-consecuencias-centro-del-tercer-encuentro-del-foro-contra-la-pobreza-y-la-precariedad-sobre-este-problema\/","og_locale":"es_ES","og_type":"article","og_title":"Pobreza energ\u00e9tica: sus perfiles y c\u00f3mo abordar sus consecuencias, centro del tercer encuentro del Foro contra la pobreza y la precariedad sobre este problema","og_description":"La sesi\u00f3n participativa ser\u00e1 el viernes 18 en Civivox Iturrama y a ella est\u00e1n convocadas la ciudadan\u00eda en general, afectados directos y colectivos","og_url":"https:\/\/www.laguiadepamplona.com\/actualidad\/pobreza-energetica-sus-perfiles-y-como-abordar-sus-consecuencias-centro-del-tercer-encuentro-del-foro-contra-la-pobreza-y-la-precariedad-sobre-este-problema\/","og_site_name":"La Gu\u00eda de Pamplona","article_publisher":"https:\/\/www.facebook.com\/laguiadepamplonacom-133175176762273\/?ref=hl","article_published_time":"2016-11-11T12:04:49+00:00","article_modified_time":"2016-12-07T12:05:29+00:00","og_image":[{"width":500,"height":333,"url":"https:\/\/www.laguiadepamplona.com\/actualidad\/wp-content\/uploads\/2016\/12\/civivox-de-iturrama.jpg","type":"image\/jpeg"}],"author":"La Gu\u00eda de Pamplona","twitter_card":"summary_large_image","twitter_creator":"@LaGuiadPamplona","twitter_site":"@LaGuiadPamplona","twitter_misc":{"Escrito por":"La Gu\u00eda de Pamplona","Tiempo de lectura":"3 minutos"},"schema":{"@context":"https:\/\/schema.org","@graph":[{"@type":"Article","@id":"https:\/\/www.laguiadepamplona.com\/actualidad\/pobreza-energetica-sus-perfiles-y-como-abordar-sus-consecuencias-centro-del-tercer-encuentro-del-foro-contra-la-pobreza-y-la-precariedad-sobre-este-problema\/#article","isPartOf":{"@id":"https:\/\/www.laguiadepamplona.com\/actualidad\/pobreza-energetica-sus-perfiles-y-como-abordar-sus-consecuencias-centro-del-tercer-encuentro-del-foro-contra-la-pobreza-y-la-precariedad-sobre-este-problema\/"},"author":{"name":"La Gu\u00eda de Pamplona","@id":"https:\/\/www.laguiadepamplona.com\/actualidad\/#\/schema\/person\/efe887376f0213d4657c93adc50b1fdb"},"headline":"Pobreza energ\u00e9tica: sus perfiles y c\u00f3mo abordar sus consecuencias, centro del tercer encuentro del Foro contra la pobreza y la precariedad sobre este problema","datePublished":"2016-11-11T12:04:49+00:00","dateModified":"2016-12-07T12:05:29+00:00","mainEntityOfPage":{"@id":"https:\/\/www.laguiadepamplona.com\/actualidad\/pobreza-energetica-sus-perfiles-y-como-abordar-sus-consecuencias-centro-del-tercer-encuentro-del-foro-contra-la-pobreza-y-la-precariedad-sobre-este-problema\/"},"wordCount":616,"publisher":{"@id":"https:\/\/www.laguiadepamplona.com\/actualidad\/#organization"},"image":{"@id":"https:\/\/www.laguiadepamplona.com\/actualidad\/pobreza-energetica-sus-perfiles-y-como-abordar-sus-consecuencias-centro-del-tercer-encuentro-del-foro-contra-la-pobreza-y-la-precariedad-sobre-este-problema\/#primaryimage"},"thumbnailUrl":"https:\/\/www.laguiadepamplona.com\/actualidad\/wp-content\/uploads\/2016\/12\/civivox-de-iturrama.jpg","articleSection":["Ayto Pamplona"],"inLanguage":"es"},{"@type":"WebPage","@id":"https:\/\/www.laguiadepamplona.com\/actualidad\/pobreza-energetica-sus-perfiles-y-como-abordar-sus-consecuencias-centro-del-tercer-encuentro-del-foro-contra-la-pobreza-y-la-precariedad-sobre-este-problema\/","url":"https:\/\/www.laguiadepamplona.com\/actualidad\/pobreza-energetica-sus-perfiles-y-como-abordar-sus-consecuencias-centro-del-tercer-encuentro-del-foro-contra-la-pobreza-y-la-precariedad-sobre-este-problema\/","name":"Pobreza energ\u00e9tica: sus perfiles y c\u00f3mo abordar sus consecuencias, centro del tercer encuentro del Foro contra la pobreza y la precariedad sobre este problema","isPartOf":{"@id":"https:\/\/www.laguiadepamplona.com\/actualidad\/#website"},"primaryImageOfPage":{"@id":"https:\/\/www.laguiadepamplona.com\/actualidad\/pobreza-energetica-sus-perfiles-y-como-abordar-sus-consecuencias-centro-del-tercer-encuentro-del-foro-contra-la-pobreza-y-la-precariedad-sobre-este-problema\/#primaryimage"},"image":{"@id":"https:\/\/www.laguiadepamplona.com\/actualidad\/pobreza-energetica-sus-perfiles-y-como-abordar-sus-consecuencias-centro-del-tercer-encuentro-del-foro-contra-la-pobreza-y-la-precariedad-sobre-este-problema\/#primaryimage"},"thumbnailUrl":"https:\/\/www.laguiadepamplona.com\/actualidad\/wp-content\/uploads\/2016\/12\/civivox-de-iturrama.jpg","datePublished":"2016-11-11T12:04:49+00:00","dateModified":"2016-12-07T12:05:29+00:00","breadcrumb":{"@id":"https:\/\/www.laguiadepamplona.com\/actualidad\/pobreza-energetica-sus-perfiles-y-como-abordar-sus-consecuencias-centro-del-tercer-encuentro-del-foro-contra-la-pobreza-y-la-precariedad-sobre-este-problema\/#breadcrumb"},"inLanguage":"es","potentialAction":[{"@type":"ReadAction","target":["https:\/\/www.laguiadepamplona.com\/actualidad\/pobreza-energetica-sus-perfiles-y-como-abordar-sus-consecuencias-centro-del-tercer-encuentro-del-foro-contra-la-pobreza-y-la-precariedad-sobre-este-problema\/"]}]},{"@type":"ImageObject","inLanguage":"es","@id":"https:\/\/www.laguiadepamplona.com\/actualidad\/pobreza-energetica-sus-perfiles-y-como-abordar-sus-consecuencias-centro-del-tercer-encuentro-del-foro-contra-la-pobreza-y-la-precariedad-sobre-este-problema\/#primaryimage","url":"https:\/\/www.laguiadepamplona.com\/actualidad\/wp-content\/uploads\/2016\/12\/civivox-de-iturrama.jpg","contentUrl":"https:\/\/www.laguiadepamplona.com\/actualidad\/wp-content\/uploads\/2016\/12\/civivox-de-iturrama.jpg","width":500,"height":333},{"@type":"BreadcrumbList","@id":"https:\/\/www.laguiadepamplona.com\/actualidad\/pobreza-energetica-sus-perfiles-y-como-abordar-sus-consecuencias-centro-del-tercer-encuentro-del-foro-contra-la-pobreza-y-la-precariedad-sobre-este-problema\/#breadcrumb","itemListElement":[{"@type":"ListItem","position":1,"name":"Portada","item":"https:\/\/www.laguiadepamplona.com\/actualidad\/"},{"@type":"ListItem","position":2,"name":"Pobreza energ\u00e9tica: sus perfiles y c\u00f3mo abordar sus consecuencias, centro del tercer encuentro del Foro contra la pobreza y la precariedad sobre este problema"}]},{"@type":"WebSite","@id":"https:\/\/www.laguiadepamplona.com\/actualidad\/#website","url":"https:\/\/www.laguiadepamplona.com\/actualidad\/","name":"La gu\u00eda de Pamplona","description":"Noticias de Pamplona","publisher":{"@id":"https:\/\/www.laguiadepamplona.com\/actualidad\/#organization"},"potentialAction":[{"@type":"SearchAction","target":{"@type":"EntryPoint","urlTemplate":"https:\/\/www.laguiadepamplona.com\/actualidad\/?s={search_term_string}"},"query-input":{"@type":"PropertyValueSpecification","valueRequired":true,"valueName":"search_term_string"}}],"inLanguage":"es"},{"@type":"Organization","@id":"https:\/\/www.laguiadepamplona.com\/actualidad\/#organization","name":"La Gu\u00eda de Pamplona \/ Noticias","url":"https:\/\/www.laguiadepamplona.com\/actualidad\/","logo":{"@type":"ImageObject","inLanguage":"es","@id":"https:\/\/www.laguiadepamplona.com\/actualidad\/#\/schema\/logo\/image\/","url":"https:\/\/www.laguiadepamplona.com\/actualidad\/wp-content\/uploads\/2018\/11\/logo-laguiadepamplona18-web1.png","contentUrl":"https:\/\/www.laguiadepamplona.com\/actualidad\/wp-content\/uploads\/2018\/11\/logo-laguiadepamplona18-web1.png","width":600,"height":196,"caption":"La Gu\u00eda de Pamplona \/ Noticias"},"image":{"@id":"https:\/\/www.laguiadepamplona.com\/actualidad\/#\/schema\/logo\/image\/"},"sameAs":["https:\/\/www.facebook.com\/laguiadepamplonacom-133175176762273\/?ref=hl","https:\/\/x.com\/LaGuiadPamplona","https:\/\/www.instagram.com\/la_guia_de_pamplona\/","https:\/\/www.youtube.com\/user\/laguiadepamplona"]},{"@type":"Person","@id":"https:\/\/www.laguiadepamplona.com\/actualidad\/#\/schema\/person\/efe887376f0213d4657c93adc50b1fdb","name":"La Gu\u00eda de Pamplona","image":{"@type":"ImageObject","inLanguage":"es","@id":"https:\/\/secure.gravatar.com\/avatar\/b6992f131dc8d30ab0dff15446e9d346d9dbd95992de0fef795073f5ea83a81c?s=96&d=mm&r=g","url":"https:\/\/secure.gravatar.com\/avatar\/b6992f131dc8d30ab0dff15446e9d346d9dbd95992de0fef795073f5ea83a81c?s=96&d=mm&r=g","contentUrl":"https:\/\/secure.gravatar.com\/avatar\/b6992f131dc8d30ab0dff15446e9d346d9dbd95992de0fef795073f5ea83a81c?s=96&d=mm&r=g","caption":"La Gu\u00eda de Pamplona"}}]}},"post_mailing_queue_ids":[],"_links":{"self":[{"href":"https:\/\/www.laguiadepamplona.com\/actualidad\/wp-json\/wp\/v2\/posts\/11254","targetHints":{"allow":["GET"]}}],"collection":[{"href":"https:\/\/www.laguiadepamplona.com\/actualidad\/wp-json\/wp\/v2\/posts"}],"about":[{"href":"https:\/\/www.laguiadepamplona.com\/actualidad\/wp-json\/wp\/v2\/types\/post"}],"author":[{"embeddable":true,"href":"https:\/\/www.laguiadepamplona.com\/actualidad\/wp-json\/wp\/v2\/users\/1"}],"replies":[{"embeddable":true,"href":"https:\/\/www.laguiadepamplona.com\/actualidad\/wp-json\/wp\/v2\/comments?post=11254"}],"version-history":[{"count":0,"href":"https:\/\/www.laguiadepamplona.com\/actualidad\/wp-json\/wp\/v2\/posts\/11254\/revisions"}],"wp:featuredmedia":[{"embeddable":true,"href":"https:\/\/www.laguiadepamplona.com\/actualidad\/wp-json\/wp\/v2\/media\/11097"}],"wp:attachment":[{"href":"https:\/\/www.laguiadepamplona.com\/actualidad\/wp-json\/wp\/v2\/media?parent=11254"}],"wp:term":[{"taxonomy":"category","embeddable":true,"href":"https:\/\/www.laguiadepamplona.com\/actualidad\/wp-json\/wp\/v2\/categories?post=11254"},{"taxonomy":"post_tag","embeddable":true,"href":"https:\/\/www.laguiadepamplona.com\/actualidad\/wp-json\/wp\/v2\/tags?post=11254"}],"curies":[{"name":"wp","href":"https:\/\/api.w.org\/{rel}","templated":true}]}}