{"id":11251,"date":"2016-11-11T13:03:11","date_gmt":"2016-11-11T12:03:11","guid":{"rendered":"http:\/\/laguiadepamplona.es\/actualidad\/?p=11251"},"modified":"2016-12-07T13:04:41","modified_gmt":"2016-12-07T12:04:41","slug":"el-lunes-termina-el-plazo-del-concurso-de-fotografia-enfoca-pamplona-que-premiara-las-mejores-instantaneas-de-rincones-de-la-ciudad","status":"publish","type":"post","link":"https:\/\/www.laguiadepamplona.com\/actualidad\/el-lunes-termina-el-plazo-del-concurso-de-fotografia-enfoca-pamplona-que-premiara-las-mejores-instantaneas-de-rincones-de-la-ciudad\/","title":{"rendered":"El lunes termina el plazo del concurso de fotograf\u00eda Enfoca Pamplona, que premiar\u00e1 las mejores instant\u00e1neas de rincones de la ciudad"},"content":{"rendered":"<h3>Cada participante puede presentar un m\u00e1ximo de 3 fotograf\u00edas in\u00e9ditas antes de las 21 horas del lunes 14 en civivox San Jorge<\/h3>\n<p><!--more--><\/p>\n<p>\u00daltimas horas para participar en el concurso de fotograf\u00eda Enfoca Pamplona. Este lunes 14 de noviembre termina el plazo para presentar im\u00e1genes a este certamen, que premiar\u00e1 las mejores instant\u00e1neas de rincones de la ciudad. El concurso est\u00e1 abierto a la participaci\u00f3n de cualquier persona: el \u00fanico requisito es presentar un m\u00e1ximo de 3 fotograf\u00edas in\u00e9ditas de Pamplona que reflejen una mirada personal de la ciudad. El plazo concluye a las 21 horas del lunes y las im\u00e1genes deben presentarse en Civivox San Jorge, personalmente o por correo ordinario.<\/p>\n<p>Se trata de la vig\u00e9sima edici\u00f3n de este concurso, en el que el a\u00f1o pasado participaron un total de 175 fotograf\u00edas presentadas por 72 autores diferentes. La fotograf\u00eda ganadora fue \u2018La Tramontana\u2019, presentada por Roberto Vidaurre Lorenzo, que obtuvo los 800 euros con los que est\u00e1 dotado el primer premio de este concurso.<\/p>\n<p><strong>Bases del concurso<\/strong><\/p>\n<p>Cada participante puede presentar un m\u00e1ximo de tres fotograf\u00edas in\u00e9ditas. No se admitir\u00e1n a concurso im\u00e1genes ya publicadas o premiadas en otros cert\u00e1menes. Esas fotos se presentar\u00e1n obligatoriamente en papel fotogr\u00e1fico, con unas medidas de 30 x 40 cent\u00edmetros. El tama\u00f1o de la mancha de la foto es libre, aunque se establece una dimensi\u00f3n m\u00e1xima de 28 x 38 cent\u00edmetros para coincidir con el material de enmarcaci\u00f3n. No se admitir\u00e1n im\u00e1genes que se presenten sobre soporte cartulina, passepartout o similares. Para facilitar el trabajo del jurado t\u00e9cnico, formado por profesionales de la fotograf\u00eda y personal t\u00e9cnico del Ayuntamiento de Pamplona, quien presente las fotograf\u00edas se hace responsable de la autorizaci\u00f3n y\/o consentimiento de la persona o personas que aparecen en las instant\u00e1neas.<\/p>\n<p>Las fotograf\u00edas tienen que presentarse en Civivox San Jorge (plaza Dr. Gortari, s\/n. Tel\u00e9fono 948 13 64 00), personalmente o por correo ordinario. En este \u00faltimo caso, las fotos deben estar debidamente protegidas para evitar da\u00f1os durante el env\u00edo. El horario de recepci\u00f3n de fotograf\u00edas es de 9 a 14 horas por la ma\u00f1ana y de 17 a 21 horas por la tarde. El domingo est\u00e1 cerrado.<\/p>\n<p>Las fotograf\u00edas se identificar\u00e1n en Civivox San Jorge en el momento de su recepci\u00f3n y no es necesario escribir ni pegar anotaciones para evitar da\u00f1ar el papel fotogr\u00e1fico. Como informaci\u00f3n necesaria de la foto para poder participar, se requiere la fecha de realizaci\u00f3n, el lugar exacto y una breve descripci\u00f3n de la instant\u00e1nea. En un sobre cerrado se incluir\u00e1n los datos personales del autor, es decir, nombre y apellidos, DNI, domicilio, tel\u00e9fono, edad o fecha de nacimiento, y una breve descripci\u00f3n de la fotograf\u00eda.<\/p>\n<p>El primer premio est\u00e1 dotado con 800 euros, el segundo con 500 euros y el tercero con 400 euros. Adem\u00e1s, las bases establecen el premio a la mejor fotograf\u00eda de los nuevos emplazamientos e infraestructuras y del crecimiento de la ciudad del siglo XXI, dotado con 500 euros. Si el jurado lo estima conveniente, se podr\u00e1n conceder hasta un m\u00e1ximo de cinco menciones especiales. La entrega de premios se llevar\u00e1 a cabo en el mes de noviembre en Civivox San Jorge, coincidiendo con la apertura al p\u00fablico de la exposici\u00f3n que recoge las mejores fotograf\u00edas presentadas al concurso. Esa muestra se podr\u00e1 ver en Civivox San Jorge hasta el 10 de enero de 2017. La devoluci\u00f3n de las fotograf\u00edas presentadas al concurso se realizar\u00e1 a partir del 18 de enero en Civivox San Jorge.<\/p>\n<p>&nbsp;<\/p>\n","protected":false},"excerpt":{"rendered":"<p>Cada participante puede presentar un m\u00e1ximo de 3 fotograf\u00edas in\u00e9ditas antes de las 21 horas del lunes 14 en civivox San Jorge<\/p>\n","protected":false},"author":1,"featured_media":11252,"comment_status":"closed","ping_status":"closed","sticky":false,"template":"","format":"standard","meta":{"footnotes":""},"categories":[2],"tags":[],"class_list":["post-11251","post","type-post","status-publish","format-standard","has-post-thumbnail","hentry","category-ayuntamiento-pamplona"],"yoast_head":"<!-- This site is optimized with the Yoast SEO plugin v27.5 - https:\/\/yoast.com\/product\/yoast-seo-wordpress\/ -->\n<title>El lunes termina el plazo del concurso de fotograf\u00eda Enfoca Pamplona, que premiar\u00e1 las mejores instant\u00e1neas de rincones de la ciudad<\/title>\n<meta name=\"robots\" content=\"index, follow, max-snippet:-1, max-image-preview:large, max-video-preview:-1\" \/>\n<link rel=\"canonical\" href=\"https:\/\/www.laguiadepamplona.com\/actualidad\/el-lunes-termina-el-plazo-del-concurso-de-fotografia-enfoca-pamplona-que-premiara-las-mejores-instantaneas-de-rincones-de-la-ciudad\/\" \/>\n<meta property=\"og:locale\" content=\"es_ES\" \/>\n<meta property=\"og:type\" content=\"article\" \/>\n<meta property=\"og:title\" content=\"El lunes termina el plazo del concurso de fotograf\u00eda Enfoca Pamplona, que premiar\u00e1 las mejores instant\u00e1neas de rincones de la ciudad\" \/>\n<meta property=\"og:description\" content=\"Cada participante puede presentar un m\u00e1ximo de 3 fotograf\u00edas in\u00e9ditas antes de las 21 horas del lunes 14 en civivox San Jorge\" \/>\n<meta property=\"og:url\" content=\"https:\/\/www.laguiadepamplona.com\/actualidad\/el-lunes-termina-el-plazo-del-concurso-de-fotografia-enfoca-pamplona-que-premiara-las-mejores-instantaneas-de-rincones-de-la-ciudad\/\" \/>\n<meta property=\"og:site_name\" content=\"La Gu\u00eda de Pamplona\" \/>\n<meta property=\"article:publisher\" content=\"https:\/\/www.facebook.com\/laguiadepamplonacom-133175176762273\/?ref=hl\" \/>\n<meta property=\"article:published_time\" content=\"2016-11-11T12:03:11+00:00\" \/>\n<meta property=\"article:modified_time\" content=\"2016-12-07T12:04:41+00:00\" \/>\n<meta property=\"og:image\" content=\"https:\/\/www.laguiadepamplona.com\/actualidad\/wp-content\/uploads\/2016\/12\/Rally-Fotografico-Pamplona.jpg\" \/>\n\t<meta property=\"og:image:width\" content=\"627\" \/>\n\t<meta property=\"og:image:height\" content=\"352\" \/>\n\t<meta property=\"og:image:type\" content=\"image\/jpeg\" \/>\n<meta name=\"author\" content=\"La Gu\u00eda de Pamplona\" \/>\n<meta name=\"twitter:card\" content=\"summary_large_image\" \/>\n<meta name=\"twitter:creator\" content=\"@LaGuiadPamplona\" \/>\n<meta name=\"twitter:site\" content=\"@LaGuiadPamplona\" \/>\n<meta name=\"twitter:label1\" content=\"Escrito por\" \/>\n\t<meta name=\"twitter:data1\" content=\"La Gu\u00eda de Pamplona\" \/>\n\t<meta name=\"twitter:label2\" content=\"Tiempo de lectura\" \/>\n\t<meta name=\"twitter:data2\" content=\"3 minutos\" \/>\n<script type=\"application\/ld+json\" class=\"yoast-schema-graph\">{\"@context\":\"https:\\\/\\\/schema.org\",\"@graph\":[{\"@type\":\"Article\",\"@id\":\"https:\\\/\\\/www.laguiadepamplona.com\\\/actualidad\\\/el-lunes-termina-el-plazo-del-concurso-de-fotografia-enfoca-pamplona-que-premiara-las-mejores-instantaneas-de-rincones-de-la-ciudad\\\/#article\",\"isPartOf\":{\"@id\":\"https:\\\/\\\/www.laguiadepamplona.com\\\/actualidad\\\/el-lunes-termina-el-plazo-del-concurso-de-fotografia-enfoca-pamplona-que-premiara-las-mejores-instantaneas-de-rincones-de-la-ciudad\\\/\"},\"author\":{\"name\":\"La Gu\u00eda de Pamplona\",\"@id\":\"https:\\\/\\\/www.laguiadepamplona.com\\\/actualidad\\\/#\\\/schema\\\/person\\\/efe887376f0213d4657c93adc50b1fdb\"},\"headline\":\"El lunes termina el plazo del concurso de fotograf\u00eda Enfoca Pamplona, que premiar\u00e1 las mejores instant\u00e1neas de rincones de la ciudad\",\"datePublished\":\"2016-11-11T12:03:11+00:00\",\"dateModified\":\"2016-12-07T12:04:41+00:00\",\"mainEntityOfPage\":{\"@id\":\"https:\\\/\\\/www.laguiadepamplona.com\\\/actualidad\\\/el-lunes-termina-el-plazo-del-concurso-de-fotografia-enfoca-pamplona-que-premiara-las-mejores-instantaneas-de-rincones-de-la-ciudad\\\/\"},\"wordCount\":639,\"publisher\":{\"@id\":\"https:\\\/\\\/www.laguiadepamplona.com\\\/actualidad\\\/#organization\"},\"image\":{\"@id\":\"https:\\\/\\\/www.laguiadepamplona.com\\\/actualidad\\\/el-lunes-termina-el-plazo-del-concurso-de-fotografia-enfoca-pamplona-que-premiara-las-mejores-instantaneas-de-rincones-de-la-ciudad\\\/#primaryimage\"},\"thumbnailUrl\":\"https:\\\/\\\/www.laguiadepamplona.com\\\/actualidad\\\/wp-content\\\/uploads\\\/2016\\\/12\\\/Rally-Fotografico-Pamplona.jpg\",\"articleSection\":[\"Ayto Pamplona\"],\"inLanguage\":\"es\"},{\"@type\":\"WebPage\",\"@id\":\"https:\\\/\\\/www.laguiadepamplona.com\\\/actualidad\\\/el-lunes-termina-el-plazo-del-concurso-de-fotografia-enfoca-pamplona-que-premiara-las-mejores-instantaneas-de-rincones-de-la-ciudad\\\/\",\"url\":\"https:\\\/\\\/www.laguiadepamplona.com\\\/actualidad\\\/el-lunes-termina-el-plazo-del-concurso-de-fotografia-enfoca-pamplona-que-premiara-las-mejores-instantaneas-de-rincones-de-la-ciudad\\\/\",\"name\":\"El lunes termina el plazo del concurso de fotograf\u00eda Enfoca Pamplona, que premiar\u00e1 las mejores instant\u00e1neas de rincones de la ciudad\",\"isPartOf\":{\"@id\":\"https:\\\/\\\/www.laguiadepamplona.com\\\/actualidad\\\/#website\"},\"primaryImageOfPage\":{\"@id\":\"https:\\\/\\\/www.laguiadepamplona.com\\\/actualidad\\\/el-lunes-termina-el-plazo-del-concurso-de-fotografia-enfoca-pamplona-que-premiara-las-mejores-instantaneas-de-rincones-de-la-ciudad\\\/#primaryimage\"},\"image\":{\"@id\":\"https:\\\/\\\/www.laguiadepamplona.com\\\/actualidad\\\/el-lunes-termina-el-plazo-del-concurso-de-fotografia-enfoca-pamplona-que-premiara-las-mejores-instantaneas-de-rincones-de-la-ciudad\\\/#primaryimage\"},\"thumbnailUrl\":\"https:\\\/\\\/www.laguiadepamplona.com\\\/actualidad\\\/wp-content\\\/uploads\\\/2016\\\/12\\\/Rally-Fotografico-Pamplona.jpg\",\"datePublished\":\"2016-11-11T12:03:11+00:00\",\"dateModified\":\"2016-12-07T12:04:41+00:00\",\"breadcrumb\":{\"@id\":\"https:\\\/\\\/www.laguiadepamplona.com\\\/actualidad\\\/el-lunes-termina-el-plazo-del-concurso-de-fotografia-enfoca-pamplona-que-premiara-las-mejores-instantaneas-de-rincones-de-la-ciudad\\\/#breadcrumb\"},\"inLanguage\":\"es\",\"potentialAction\":[{\"@type\":\"ReadAction\",\"target\":[\"https:\\\/\\\/www.laguiadepamplona.com\\\/actualidad\\\/el-lunes-termina-el-plazo-del-concurso-de-fotografia-enfoca-pamplona-que-premiara-las-mejores-instantaneas-de-rincones-de-la-ciudad\\\/\"]}]},{\"@type\":\"ImageObject\",\"inLanguage\":\"es\",\"@id\":\"https:\\\/\\\/www.laguiadepamplona.com\\\/actualidad\\\/el-lunes-termina-el-plazo-del-concurso-de-fotografia-enfoca-pamplona-que-premiara-las-mejores-instantaneas-de-rincones-de-la-ciudad\\\/#primaryimage\",\"url\":\"https:\\\/\\\/www.laguiadepamplona.com\\\/actualidad\\\/wp-content\\\/uploads\\\/2016\\\/12\\\/Rally-Fotografico-Pamplona.jpg\",\"contentUrl\":\"https:\\\/\\\/www.laguiadepamplona.com\\\/actualidad\\\/wp-content\\\/uploads\\\/2016\\\/12\\\/Rally-Fotografico-Pamplona.jpg\",\"width\":627,\"height\":352},{\"@type\":\"BreadcrumbList\",\"@id\":\"https:\\\/\\\/www.laguiadepamplona.com\\\/actualidad\\\/el-lunes-termina-el-plazo-del-concurso-de-fotografia-enfoca-pamplona-que-premiara-las-mejores-instantaneas-de-rincones-de-la-ciudad\\\/#breadcrumb\",\"itemListElement\":[{\"@type\":\"ListItem\",\"position\":1,\"name\":\"Portada\",\"item\":\"https:\\\/\\\/www.laguiadepamplona.com\\\/actualidad\\\/\"},{\"@type\":\"ListItem\",\"position\":2,\"name\":\"El lunes termina el plazo del concurso de fotograf\u00eda Enfoca Pamplona, que premiar\u00e1 las mejores instant\u00e1neas de rincones de la ciudad\"}]},{\"@type\":\"WebSite\",\"@id\":\"https:\\\/\\\/www.laguiadepamplona.com\\\/actualidad\\\/#website\",\"url\":\"https:\\\/\\\/www.laguiadepamplona.com\\\/actualidad\\\/\",\"name\":\"La gu\u00eda de Pamplona\",\"description\":\"Noticias de Pamplona\",\"publisher\":{\"@id\":\"https:\\\/\\\/www.laguiadepamplona.com\\\/actualidad\\\/#organization\"},\"potentialAction\":[{\"@type\":\"SearchAction\",\"target\":{\"@type\":\"EntryPoint\",\"urlTemplate\":\"https:\\\/\\\/www.laguiadepamplona.com\\\/actualidad\\\/?s={search_term_string}\"},\"query-input\":{\"@type\":\"PropertyValueSpecification\",\"valueRequired\":true,\"valueName\":\"search_term_string\"}}],\"inLanguage\":\"es\"},{\"@type\":\"Organization\",\"@id\":\"https:\\\/\\\/www.laguiadepamplona.com\\\/actualidad\\\/#organization\",\"name\":\"La Gu\u00eda de Pamplona \\\/ Noticias\",\"url\":\"https:\\\/\\\/www.laguiadepamplona.com\\\/actualidad\\\/\",\"logo\":{\"@type\":\"ImageObject\",\"inLanguage\":\"es\",\"@id\":\"https:\\\/\\\/www.laguiadepamplona.com\\\/actualidad\\\/#\\\/schema\\\/logo\\\/image\\\/\",\"url\":\"https:\\\/\\\/www.laguiadepamplona.com\\\/actualidad\\\/wp-content\\\/uploads\\\/2018\\\/11\\\/logo-laguiadepamplona18-web1.png\",\"contentUrl\":\"https:\\\/\\\/www.laguiadepamplona.com\\\/actualidad\\\/wp-content\\\/uploads\\\/2018\\\/11\\\/logo-laguiadepamplona18-web1.png\",\"width\":600,\"height\":196,\"caption\":\"La Gu\u00eda de Pamplona \\\/ Noticias\"},\"image\":{\"@id\":\"https:\\\/\\\/www.laguiadepamplona.com\\\/actualidad\\\/#\\\/schema\\\/logo\\\/image\\\/\"},\"sameAs\":[\"https:\\\/\\\/www.facebook.com\\\/laguiadepamplonacom-133175176762273\\\/?ref=hl\",\"https:\\\/\\\/x.com\\\/LaGuiadPamplona\",\"https:\\\/\\\/www.instagram.com\\\/la_guia_de_pamplona\\\/\",\"https:\\\/\\\/www.youtube.com\\\/user\\\/laguiadepamplona\"]},{\"@type\":\"Person\",\"@id\":\"https:\\\/\\\/www.laguiadepamplona.com\\\/actualidad\\\/#\\\/schema\\\/person\\\/efe887376f0213d4657c93adc50b1fdb\",\"name\":\"La Gu\u00eda de Pamplona\",\"image\":{\"@type\":\"ImageObject\",\"inLanguage\":\"es\",\"@id\":\"https:\\\/\\\/secure.gravatar.com\\\/avatar\\\/b6992f131dc8d30ab0dff15446e9d346d9dbd95992de0fef795073f5ea83a81c?s=96&d=mm&r=g\",\"url\":\"https:\\\/\\\/secure.gravatar.com\\\/avatar\\\/b6992f131dc8d30ab0dff15446e9d346d9dbd95992de0fef795073f5ea83a81c?s=96&d=mm&r=g\",\"contentUrl\":\"https:\\\/\\\/secure.gravatar.com\\\/avatar\\\/b6992f131dc8d30ab0dff15446e9d346d9dbd95992de0fef795073f5ea83a81c?s=96&d=mm&r=g\",\"caption\":\"La Gu\u00eda de Pamplona\"}}]}<\/script>\n<!-- \/ Yoast SEO plugin. -->","yoast_head_json":{"title":"El lunes termina el plazo del concurso de fotograf\u00eda Enfoca Pamplona, que premiar\u00e1 las mejores instant\u00e1neas de rincones de la ciudad","robots":{"index":"index","follow":"follow","max-snippet":"max-snippet:-1","max-image-preview":"max-image-preview:large","max-video-preview":"max-video-preview:-1"},"canonical":"https:\/\/www.laguiadepamplona.com\/actualidad\/el-lunes-termina-el-plazo-del-concurso-de-fotografia-enfoca-pamplona-que-premiara-las-mejores-instantaneas-de-rincones-de-la-ciudad\/","og_locale":"es_ES","og_type":"article","og_title":"El lunes termina el plazo del concurso de fotograf\u00eda Enfoca Pamplona, que premiar\u00e1 las mejores instant\u00e1neas de rincones de la ciudad","og_description":"Cada participante puede presentar un m\u00e1ximo de 3 fotograf\u00edas in\u00e9ditas antes de las 21 horas del lunes 14 en civivox San Jorge","og_url":"https:\/\/www.laguiadepamplona.com\/actualidad\/el-lunes-termina-el-plazo-del-concurso-de-fotografia-enfoca-pamplona-que-premiara-las-mejores-instantaneas-de-rincones-de-la-ciudad\/","og_site_name":"La Gu\u00eda de Pamplona","article_publisher":"https:\/\/www.facebook.com\/laguiadepamplonacom-133175176762273\/?ref=hl","article_published_time":"2016-11-11T12:03:11+00:00","article_modified_time":"2016-12-07T12:04:41+00:00","og_image":[{"width":627,"height":352,"url":"https:\/\/www.laguiadepamplona.com\/actualidad\/wp-content\/uploads\/2016\/12\/Rally-Fotografico-Pamplona.jpg","type":"image\/jpeg"}],"author":"La Gu\u00eda de Pamplona","twitter_card":"summary_large_image","twitter_creator":"@LaGuiadPamplona","twitter_site":"@LaGuiadPamplona","twitter_misc":{"Escrito por":"La Gu\u00eda de Pamplona","Tiempo de lectura":"3 minutos"},"schema":{"@context":"https:\/\/schema.org","@graph":[{"@type":"Article","@id":"https:\/\/www.laguiadepamplona.com\/actualidad\/el-lunes-termina-el-plazo-del-concurso-de-fotografia-enfoca-pamplona-que-premiara-las-mejores-instantaneas-de-rincones-de-la-ciudad\/#article","isPartOf":{"@id":"https:\/\/www.laguiadepamplona.com\/actualidad\/el-lunes-termina-el-plazo-del-concurso-de-fotografia-enfoca-pamplona-que-premiara-las-mejores-instantaneas-de-rincones-de-la-ciudad\/"},"author":{"name":"La Gu\u00eda de Pamplona","@id":"https:\/\/www.laguiadepamplona.com\/actualidad\/#\/schema\/person\/efe887376f0213d4657c93adc50b1fdb"},"headline":"El lunes termina el plazo del concurso de fotograf\u00eda Enfoca Pamplona, que premiar\u00e1 las mejores instant\u00e1neas de rincones de la ciudad","datePublished":"2016-11-11T12:03:11+00:00","dateModified":"2016-12-07T12:04:41+00:00","mainEntityOfPage":{"@id":"https:\/\/www.laguiadepamplona.com\/actualidad\/el-lunes-termina-el-plazo-del-concurso-de-fotografia-enfoca-pamplona-que-premiara-las-mejores-instantaneas-de-rincones-de-la-ciudad\/"},"wordCount":639,"publisher":{"@id":"https:\/\/www.laguiadepamplona.com\/actualidad\/#organization"},"image":{"@id":"https:\/\/www.laguiadepamplona.com\/actualidad\/el-lunes-termina-el-plazo-del-concurso-de-fotografia-enfoca-pamplona-que-premiara-las-mejores-instantaneas-de-rincones-de-la-ciudad\/#primaryimage"},"thumbnailUrl":"https:\/\/www.laguiadepamplona.com\/actualidad\/wp-content\/uploads\/2016\/12\/Rally-Fotografico-Pamplona.jpg","articleSection":["Ayto Pamplona"],"inLanguage":"es"},{"@type":"WebPage","@id":"https:\/\/www.laguiadepamplona.com\/actualidad\/el-lunes-termina-el-plazo-del-concurso-de-fotografia-enfoca-pamplona-que-premiara-las-mejores-instantaneas-de-rincones-de-la-ciudad\/","url":"https:\/\/www.laguiadepamplona.com\/actualidad\/el-lunes-termina-el-plazo-del-concurso-de-fotografia-enfoca-pamplona-que-premiara-las-mejores-instantaneas-de-rincones-de-la-ciudad\/","name":"El lunes termina el plazo del concurso de fotograf\u00eda Enfoca Pamplona, que premiar\u00e1 las mejores instant\u00e1neas de rincones de la ciudad","isPartOf":{"@id":"https:\/\/www.laguiadepamplona.com\/actualidad\/#website"},"primaryImageOfPage":{"@id":"https:\/\/www.laguiadepamplona.com\/actualidad\/el-lunes-termina-el-plazo-del-concurso-de-fotografia-enfoca-pamplona-que-premiara-las-mejores-instantaneas-de-rincones-de-la-ciudad\/#primaryimage"},"image":{"@id":"https:\/\/www.laguiadepamplona.com\/actualidad\/el-lunes-termina-el-plazo-del-concurso-de-fotografia-enfoca-pamplona-que-premiara-las-mejores-instantaneas-de-rincones-de-la-ciudad\/#primaryimage"},"thumbnailUrl":"https:\/\/www.laguiadepamplona.com\/actualidad\/wp-content\/uploads\/2016\/12\/Rally-Fotografico-Pamplona.jpg","datePublished":"2016-11-11T12:03:11+00:00","dateModified":"2016-12-07T12:04:41+00:00","breadcrumb":{"@id":"https:\/\/www.laguiadepamplona.com\/actualidad\/el-lunes-termina-el-plazo-del-concurso-de-fotografia-enfoca-pamplona-que-premiara-las-mejores-instantaneas-de-rincones-de-la-ciudad\/#breadcrumb"},"inLanguage":"es","potentialAction":[{"@type":"ReadAction","target":["https:\/\/www.laguiadepamplona.com\/actualidad\/el-lunes-termina-el-plazo-del-concurso-de-fotografia-enfoca-pamplona-que-premiara-las-mejores-instantaneas-de-rincones-de-la-ciudad\/"]}]},{"@type":"ImageObject","inLanguage":"es","@id":"https:\/\/www.laguiadepamplona.com\/actualidad\/el-lunes-termina-el-plazo-del-concurso-de-fotografia-enfoca-pamplona-que-premiara-las-mejores-instantaneas-de-rincones-de-la-ciudad\/#primaryimage","url":"https:\/\/www.laguiadepamplona.com\/actualidad\/wp-content\/uploads\/2016\/12\/Rally-Fotografico-Pamplona.jpg","contentUrl":"https:\/\/www.laguiadepamplona.com\/actualidad\/wp-content\/uploads\/2016\/12\/Rally-Fotografico-Pamplona.jpg","width":627,"height":352},{"@type":"BreadcrumbList","@id":"https:\/\/www.laguiadepamplona.com\/actualidad\/el-lunes-termina-el-plazo-del-concurso-de-fotografia-enfoca-pamplona-que-premiara-las-mejores-instantaneas-de-rincones-de-la-ciudad\/#breadcrumb","itemListElement":[{"@type":"ListItem","position":1,"name":"Portada","item":"https:\/\/www.laguiadepamplona.com\/actualidad\/"},{"@type":"ListItem","position":2,"name":"El lunes termina el plazo del concurso de fotograf\u00eda Enfoca Pamplona, que premiar\u00e1 las mejores instant\u00e1neas de rincones de la ciudad"}]},{"@type":"WebSite","@id":"https:\/\/www.laguiadepamplona.com\/actualidad\/#website","url":"https:\/\/www.laguiadepamplona.com\/actualidad\/","name":"La gu\u00eda de Pamplona","description":"Noticias de Pamplona","publisher":{"@id":"https:\/\/www.laguiadepamplona.com\/actualidad\/#organization"},"potentialAction":[{"@type":"SearchAction","target":{"@type":"EntryPoint","urlTemplate":"https:\/\/www.laguiadepamplona.com\/actualidad\/?s={search_term_string}"},"query-input":{"@type":"PropertyValueSpecification","valueRequired":true,"valueName":"search_term_string"}}],"inLanguage":"es"},{"@type":"Organization","@id":"https:\/\/www.laguiadepamplona.com\/actualidad\/#organization","name":"La Gu\u00eda de Pamplona \/ Noticias","url":"https:\/\/www.laguiadepamplona.com\/actualidad\/","logo":{"@type":"ImageObject","inLanguage":"es","@id":"https:\/\/www.laguiadepamplona.com\/actualidad\/#\/schema\/logo\/image\/","url":"https:\/\/www.laguiadepamplona.com\/actualidad\/wp-content\/uploads\/2018\/11\/logo-laguiadepamplona18-web1.png","contentUrl":"https:\/\/www.laguiadepamplona.com\/actualidad\/wp-content\/uploads\/2018\/11\/logo-laguiadepamplona18-web1.png","width":600,"height":196,"caption":"La Gu\u00eda de Pamplona \/ Noticias"},"image":{"@id":"https:\/\/www.laguiadepamplona.com\/actualidad\/#\/schema\/logo\/image\/"},"sameAs":["https:\/\/www.facebook.com\/laguiadepamplonacom-133175176762273\/?ref=hl","https:\/\/x.com\/LaGuiadPamplona","https:\/\/www.instagram.com\/la_guia_de_pamplona\/","https:\/\/www.youtube.com\/user\/laguiadepamplona"]},{"@type":"Person","@id":"https:\/\/www.laguiadepamplona.com\/actualidad\/#\/schema\/person\/efe887376f0213d4657c93adc50b1fdb","name":"La Gu\u00eda de Pamplona","image":{"@type":"ImageObject","inLanguage":"es","@id":"https:\/\/secure.gravatar.com\/avatar\/b6992f131dc8d30ab0dff15446e9d346d9dbd95992de0fef795073f5ea83a81c?s=96&d=mm&r=g","url":"https:\/\/secure.gravatar.com\/avatar\/b6992f131dc8d30ab0dff15446e9d346d9dbd95992de0fef795073f5ea83a81c?s=96&d=mm&r=g","contentUrl":"https:\/\/secure.gravatar.com\/avatar\/b6992f131dc8d30ab0dff15446e9d346d9dbd95992de0fef795073f5ea83a81c?s=96&d=mm&r=g","caption":"La Gu\u00eda de Pamplona"}}]}},"post_mailing_queue_ids":[],"_links":{"self":[{"href":"https:\/\/www.laguiadepamplona.com\/actualidad\/wp-json\/wp\/v2\/posts\/11251","targetHints":{"allow":["GET"]}}],"collection":[{"href":"https:\/\/www.laguiadepamplona.com\/actualidad\/wp-json\/wp\/v2\/posts"}],"about":[{"href":"https:\/\/www.laguiadepamplona.com\/actualidad\/wp-json\/wp\/v2\/types\/post"}],"author":[{"embeddable":true,"href":"https:\/\/www.laguiadepamplona.com\/actualidad\/wp-json\/wp\/v2\/users\/1"}],"replies":[{"embeddable":true,"href":"https:\/\/www.laguiadepamplona.com\/actualidad\/wp-json\/wp\/v2\/comments?post=11251"}],"version-history":[{"count":0,"href":"https:\/\/www.laguiadepamplona.com\/actualidad\/wp-json\/wp\/v2\/posts\/11251\/revisions"}],"wp:featuredmedia":[{"embeddable":true,"href":"https:\/\/www.laguiadepamplona.com\/actualidad\/wp-json\/wp\/v2\/media\/11252"}],"wp:attachment":[{"href":"https:\/\/www.laguiadepamplona.com\/actualidad\/wp-json\/wp\/v2\/media?parent=11251"}],"wp:term":[{"taxonomy":"category","embeddable":true,"href":"https:\/\/www.laguiadepamplona.com\/actualidad\/wp-json\/wp\/v2\/categories?post=11251"},{"taxonomy":"post_tag","embeddable":true,"href":"https:\/\/www.laguiadepamplona.com\/actualidad\/wp-json\/wp\/v2\/tags?post=11251"}],"curies":[{"name":"wp","href":"https:\/\/api.w.org\/{rel}","templated":true}]}}