{"id":11248,"date":"2016-11-11T13:02:01","date_gmt":"2016-11-11T12:02:01","guid":{"rendered":"http:\/\/laguiadepamplona.es\/actualidad\/?p=11248"},"modified":"2016-12-07T13:03:02","modified_gmt":"2016-12-07T12:03:02","slug":"el-tudelano-cesar-sancho-presenta-en-el-polvorin-de-la-ciudadela-su-particular-delirio-creativo","status":"publish","type":"post","link":"https:\/\/www.laguiadepamplona.com\/actualidad\/el-tudelano-cesar-sancho-presenta-en-el-polvorin-de-la-ciudadela-su-particular-delirio-creativo\/","title":{"rendered":"El tudelano C\u00e9sar Sancho presenta en el Polvor\u00edn de la Ciudadela su particular \u2018Delirio\u2019 creativo"},"content":{"rendered":"<h3>La muestra, la primera que el autor realiza en la Ciudadela, se puede visitar hasta el 11 de diciembre<\/h3>\n<p><!--more--><\/p>\n<p>Lienzos con predominio de los colores oscuros, montajes con elementos como sillas, cajas, mangueras o biombos, simbolog\u00eda&#8230; Son los componentes de \u2018Delirio\u2019 la propuesta que el artista tudelano C\u00e9sar Sancho presenta en el Polvor\u00edn para la que es su primera exposici\u00f3n en la Ciudadela. Como su propio t\u00edtulo indica, \u2018Delirio\u2019 busca a trav\u00e9s de casi una treintena de piezas que el p\u00fablico huya de la racionalidad y encuentre sensaciones, impresiones o im\u00e1genes en el peculiar universo creativo que el autor propone.<\/p>\n<p>El t\u00e9cnico de artes pl\u00e1sticas del Ayuntamiento de Pamplona, Javier Manzanos, y el propio C\u00e9sar Sancho, han presentado una muestra que se concibe como una envolvente de im\u00e1genes y sensaciones que transportan al p\u00fablico a un mundo interior rico y sensible. Bajo una aparente aura de sencillez, el artista muestra un delirio abierto donde las obras sugieren, interrogan, inquietan y dejan un poso de belleza y sugesti\u00f3n en los espectadores.<\/p>\n<p>El autor quiere que el espectador se deje llevar a trav\u00e9s de su locura, dejando a un lado la continua b\u00fasqueda de l\u00f3gica de lo que se muestra ante sus ojos. Sancho propone la evasi\u00f3n de lo que a priori el cerebro entiende e ir m\u00e1s all\u00e1, para as\u00ed introducirse en su mente y ver a trav\u00e9s de su coherencia, de su delirio. Si se consigue este efecto, el espectador podr\u00e1 viajar a los colores, formas y trazados que le envolver\u00e1n en una espiral demente, de sombras y oscuridad y, por qu\u00e9 no, de im\u00e1genes atormentadas en la mente del artista.<\/p>\n<p>La exposici\u00f3n \u2018Delirio\u2019 se podr\u00e1 visitar de este viernes hasta el 11 de diciembre en horario de martes a viernes de 18.30 a 20.30 horas; los s\u00e1bados de 12 a 14 horas por la ma\u00f1ana y de 18.30 a 20.30 horas por la tarde; y los domingos y festivos, solo en horario matinal, de 12 a 14 horas.<\/p>\n<p><strong>Piezas, montajes, lienzos&#8230; para un caos ordenado<\/strong><\/p>\n<p>La exposici\u00f3n est\u00e1 repleta de simbolog\u00eda, de materiales reciclados, de piezas \u00fanicas, que trasladan a quien acuda al Polvor\u00edn a un ambiente hospitalario, medicinal, sagrado. Lienzos con un colorido oscuro, cajas que encierran pensamientos turbados, escenarios fundidos a negro con huesos, vendas, cruces, cuerdas, alfileres&#8230; Un caos en penumbra, meticulosamente ordenado, como en un acto lit\u00fargico, para mostrarse de la manera en la que se ve.<\/p>\n<p>As\u00ed presenta Sancho su visi\u00f3n de lo art\u00edsticamente perfecto, con un conjunto de piezas, montajes y cuadros que plasman el delirio de un creador que busca la coherencia a trav\u00e9s de su obra. Una coherencia que se manifiesta en la conexi\u00f3n que establecen las piezas expuestas que incluso parecen salidas de las pinturas presentes. El delirio del artista es la cordura de su obra, una obra que una vez terminada, hace que el delirio desaparezca.<\/p>\n<p>C\u00e9sar Sancho Prieto (Tudela, 1969) se estrena en Ciudadela con su \u2018Delirio\u2019, despu\u00e9s de haber protagonizado exposiciones individuales en galer\u00edas, tiendas, bares y otros locales. Su obra se ha podido ver en lugares como la librer\u00eda La Hormiga At\u00f3mica, el Mes\u00f3n de la Navarrer\u00eda, la librer\u00eda Me quiero vivir, la tienda Chonbag, la Taska del Pikasso dentro de la iniciativa del Barrio de los Artistas o como en la galer\u00eda Dormitaler\u00eda 54.<\/p>\n<p>Adem\u00e1s, en los \u00faltimos cinco a\u00f1os, ha formado parte con sus obras de muestras colectivas en las galer\u00edas San Ant\u00f3n, Orizuru y Dormitaler\u00eda 54 en Pamplona as\u00ed como en proyectos del Barrio de los Artistas. Sancho fue finalista en la s\u00e9ptima edici\u00f3n del certamen de minicuadros Muz-Mart\u00ednez de la galer\u00eda de arte San Vicente de San Vicente del Raspeig (Alicante).<\/p>\n<p>&nbsp;<\/p>\n","protected":false},"excerpt":{"rendered":"<p>La muestra, la primera que el autor realiza en la Ciudadela, se puede visitar hasta el 11 de diciembre<\/p>\n","protected":false},"author":1,"featured_media":11249,"comment_status":"closed","ping_status":"closed","sticky":false,"template":"","format":"standard","meta":{"footnotes":""},"categories":[2],"tags":[],"class_list":["post-11248","post","type-post","status-publish","format-standard","has-post-thumbnail","hentry","category-ayuntamiento-pamplona"],"yoast_head":"<!-- This site is optimized with the Yoast SEO plugin v27.5 - https:\/\/yoast.com\/product\/yoast-seo-wordpress\/ -->\n<title>El tudelano C\u00e9sar Sancho presenta en el Polvor\u00edn de la Ciudadela su particular \u2018Delirio\u2019 creativo<\/title>\n<meta name=\"robots\" content=\"index, follow, max-snippet:-1, max-image-preview:large, max-video-preview:-1\" \/>\n<link rel=\"canonical\" href=\"https:\/\/www.laguiadepamplona.com\/actualidad\/el-tudelano-cesar-sancho-presenta-en-el-polvorin-de-la-ciudadela-su-particular-delirio-creativo\/\" \/>\n<meta property=\"og:locale\" content=\"es_ES\" \/>\n<meta property=\"og:type\" content=\"article\" \/>\n<meta property=\"og:title\" content=\"El tudelano C\u00e9sar Sancho presenta en el Polvor\u00edn de la Ciudadela su particular \u2018Delirio\u2019 creativo\" \/>\n<meta property=\"og:description\" content=\"La muestra, la primera que el autor realiza en la Ciudadela, se puede visitar hasta el 11 de diciembre\" \/>\n<meta property=\"og:url\" content=\"https:\/\/www.laguiadepamplona.com\/actualidad\/el-tudelano-cesar-sancho-presenta-en-el-polvorin-de-la-ciudadela-su-particular-delirio-creativo\/\" \/>\n<meta property=\"og:site_name\" content=\"La Gu\u00eda de Pamplona\" \/>\n<meta property=\"article:publisher\" content=\"https:\/\/www.facebook.com\/laguiadepamplonacom-133175176762273\/?ref=hl\" \/>\n<meta property=\"article:published_time\" content=\"2016-11-11T12:02:01+00:00\" \/>\n<meta property=\"article:modified_time\" content=\"2016-12-07T12:03:02+00:00\" \/>\n<meta property=\"og:image\" content=\"https:\/\/www.laguiadepamplona.com\/actualidad\/wp-content\/uploads\/2016\/12\/polvorin-ciudadela.jpg\" \/>\n\t<meta property=\"og:image:width\" content=\"640\" \/>\n\t<meta property=\"og:image:height\" content=\"488\" \/>\n\t<meta property=\"og:image:type\" content=\"image\/jpeg\" \/>\n<meta name=\"author\" content=\"La Gu\u00eda de Pamplona\" \/>\n<meta name=\"twitter:card\" content=\"summary_large_image\" \/>\n<meta name=\"twitter:creator\" content=\"@LaGuiadPamplona\" \/>\n<meta name=\"twitter:site\" content=\"@LaGuiadPamplona\" \/>\n<meta name=\"twitter:label1\" content=\"Escrito por\" \/>\n\t<meta name=\"twitter:data1\" content=\"La Gu\u00eda de Pamplona\" \/>\n\t<meta name=\"twitter:label2\" content=\"Tiempo de lectura\" \/>\n\t<meta name=\"twitter:data2\" content=\"3 minutos\" \/>\n<script type=\"application\/ld+json\" class=\"yoast-schema-graph\">{\"@context\":\"https:\\\/\\\/schema.org\",\"@graph\":[{\"@type\":\"Article\",\"@id\":\"https:\\\/\\\/www.laguiadepamplona.com\\\/actualidad\\\/el-tudelano-cesar-sancho-presenta-en-el-polvorin-de-la-ciudadela-su-particular-delirio-creativo\\\/#article\",\"isPartOf\":{\"@id\":\"https:\\\/\\\/www.laguiadepamplona.com\\\/actualidad\\\/el-tudelano-cesar-sancho-presenta-en-el-polvorin-de-la-ciudadela-su-particular-delirio-creativo\\\/\"},\"author\":{\"name\":\"La Gu\u00eda de Pamplona\",\"@id\":\"https:\\\/\\\/www.laguiadepamplona.com\\\/actualidad\\\/#\\\/schema\\\/person\\\/efe887376f0213d4657c93adc50b1fdb\"},\"headline\":\"El tudelano C\u00e9sar Sancho presenta en el Polvor\u00edn de la Ciudadela su particular \u2018Delirio\u2019 creativo\",\"datePublished\":\"2016-11-11T12:02:01+00:00\",\"dateModified\":\"2016-12-07T12:03:02+00:00\",\"mainEntityOfPage\":{\"@id\":\"https:\\\/\\\/www.laguiadepamplona.com\\\/actualidad\\\/el-tudelano-cesar-sancho-presenta-en-el-polvorin-de-la-ciudadela-su-particular-delirio-creativo\\\/\"},\"wordCount\":666,\"publisher\":{\"@id\":\"https:\\\/\\\/www.laguiadepamplona.com\\\/actualidad\\\/#organization\"},\"image\":{\"@id\":\"https:\\\/\\\/www.laguiadepamplona.com\\\/actualidad\\\/el-tudelano-cesar-sancho-presenta-en-el-polvorin-de-la-ciudadela-su-particular-delirio-creativo\\\/#primaryimage\"},\"thumbnailUrl\":\"https:\\\/\\\/www.laguiadepamplona.com\\\/actualidad\\\/wp-content\\\/uploads\\\/2016\\\/12\\\/polvorin-ciudadela.jpg\",\"articleSection\":[\"Ayto Pamplona\"],\"inLanguage\":\"es\"},{\"@type\":\"WebPage\",\"@id\":\"https:\\\/\\\/www.laguiadepamplona.com\\\/actualidad\\\/el-tudelano-cesar-sancho-presenta-en-el-polvorin-de-la-ciudadela-su-particular-delirio-creativo\\\/\",\"url\":\"https:\\\/\\\/www.laguiadepamplona.com\\\/actualidad\\\/el-tudelano-cesar-sancho-presenta-en-el-polvorin-de-la-ciudadela-su-particular-delirio-creativo\\\/\",\"name\":\"El tudelano C\u00e9sar Sancho presenta en el Polvor\u00edn de la Ciudadela su particular \u2018Delirio\u2019 creativo\",\"isPartOf\":{\"@id\":\"https:\\\/\\\/www.laguiadepamplona.com\\\/actualidad\\\/#website\"},\"primaryImageOfPage\":{\"@id\":\"https:\\\/\\\/www.laguiadepamplona.com\\\/actualidad\\\/el-tudelano-cesar-sancho-presenta-en-el-polvorin-de-la-ciudadela-su-particular-delirio-creativo\\\/#primaryimage\"},\"image\":{\"@id\":\"https:\\\/\\\/www.laguiadepamplona.com\\\/actualidad\\\/el-tudelano-cesar-sancho-presenta-en-el-polvorin-de-la-ciudadela-su-particular-delirio-creativo\\\/#primaryimage\"},\"thumbnailUrl\":\"https:\\\/\\\/www.laguiadepamplona.com\\\/actualidad\\\/wp-content\\\/uploads\\\/2016\\\/12\\\/polvorin-ciudadela.jpg\",\"datePublished\":\"2016-11-11T12:02:01+00:00\",\"dateModified\":\"2016-12-07T12:03:02+00:00\",\"breadcrumb\":{\"@id\":\"https:\\\/\\\/www.laguiadepamplona.com\\\/actualidad\\\/el-tudelano-cesar-sancho-presenta-en-el-polvorin-de-la-ciudadela-su-particular-delirio-creativo\\\/#breadcrumb\"},\"inLanguage\":\"es\",\"potentialAction\":[{\"@type\":\"ReadAction\",\"target\":[\"https:\\\/\\\/www.laguiadepamplona.com\\\/actualidad\\\/el-tudelano-cesar-sancho-presenta-en-el-polvorin-de-la-ciudadela-su-particular-delirio-creativo\\\/\"]}]},{\"@type\":\"ImageObject\",\"inLanguage\":\"es\",\"@id\":\"https:\\\/\\\/www.laguiadepamplona.com\\\/actualidad\\\/el-tudelano-cesar-sancho-presenta-en-el-polvorin-de-la-ciudadela-su-particular-delirio-creativo\\\/#primaryimage\",\"url\":\"https:\\\/\\\/www.laguiadepamplona.com\\\/actualidad\\\/wp-content\\\/uploads\\\/2016\\\/12\\\/polvorin-ciudadela.jpg\",\"contentUrl\":\"https:\\\/\\\/www.laguiadepamplona.com\\\/actualidad\\\/wp-content\\\/uploads\\\/2016\\\/12\\\/polvorin-ciudadela.jpg\",\"width\":640,\"height\":488},{\"@type\":\"BreadcrumbList\",\"@id\":\"https:\\\/\\\/www.laguiadepamplona.com\\\/actualidad\\\/el-tudelano-cesar-sancho-presenta-en-el-polvorin-de-la-ciudadela-su-particular-delirio-creativo\\\/#breadcrumb\",\"itemListElement\":[{\"@type\":\"ListItem\",\"position\":1,\"name\":\"Portada\",\"item\":\"https:\\\/\\\/www.laguiadepamplona.com\\\/actualidad\\\/\"},{\"@type\":\"ListItem\",\"position\":2,\"name\":\"El tudelano C\u00e9sar Sancho presenta en el Polvor\u00edn de la Ciudadela su particular \u2018Delirio\u2019 creativo\"}]},{\"@type\":\"WebSite\",\"@id\":\"https:\\\/\\\/www.laguiadepamplona.com\\\/actualidad\\\/#website\",\"url\":\"https:\\\/\\\/www.laguiadepamplona.com\\\/actualidad\\\/\",\"name\":\"La gu\u00eda de Pamplona\",\"description\":\"Noticias de Pamplona\",\"publisher\":{\"@id\":\"https:\\\/\\\/www.laguiadepamplona.com\\\/actualidad\\\/#organization\"},\"potentialAction\":[{\"@type\":\"SearchAction\",\"target\":{\"@type\":\"EntryPoint\",\"urlTemplate\":\"https:\\\/\\\/www.laguiadepamplona.com\\\/actualidad\\\/?s={search_term_string}\"},\"query-input\":{\"@type\":\"PropertyValueSpecification\",\"valueRequired\":true,\"valueName\":\"search_term_string\"}}],\"inLanguage\":\"es\"},{\"@type\":\"Organization\",\"@id\":\"https:\\\/\\\/www.laguiadepamplona.com\\\/actualidad\\\/#organization\",\"name\":\"La Gu\u00eda de Pamplona \\\/ Noticias\",\"url\":\"https:\\\/\\\/www.laguiadepamplona.com\\\/actualidad\\\/\",\"logo\":{\"@type\":\"ImageObject\",\"inLanguage\":\"es\",\"@id\":\"https:\\\/\\\/www.laguiadepamplona.com\\\/actualidad\\\/#\\\/schema\\\/logo\\\/image\\\/\",\"url\":\"https:\\\/\\\/www.laguiadepamplona.com\\\/actualidad\\\/wp-content\\\/uploads\\\/2018\\\/11\\\/logo-laguiadepamplona18-web1.png\",\"contentUrl\":\"https:\\\/\\\/www.laguiadepamplona.com\\\/actualidad\\\/wp-content\\\/uploads\\\/2018\\\/11\\\/logo-laguiadepamplona18-web1.png\",\"width\":600,\"height\":196,\"caption\":\"La Gu\u00eda de Pamplona \\\/ Noticias\"},\"image\":{\"@id\":\"https:\\\/\\\/www.laguiadepamplona.com\\\/actualidad\\\/#\\\/schema\\\/logo\\\/image\\\/\"},\"sameAs\":[\"https:\\\/\\\/www.facebook.com\\\/laguiadepamplonacom-133175176762273\\\/?ref=hl\",\"https:\\\/\\\/x.com\\\/LaGuiadPamplona\",\"https:\\\/\\\/www.instagram.com\\\/la_guia_de_pamplona\\\/\",\"https:\\\/\\\/www.youtube.com\\\/user\\\/laguiadepamplona\"]},{\"@type\":\"Person\",\"@id\":\"https:\\\/\\\/www.laguiadepamplona.com\\\/actualidad\\\/#\\\/schema\\\/person\\\/efe887376f0213d4657c93adc50b1fdb\",\"name\":\"La Gu\u00eda de Pamplona\",\"image\":{\"@type\":\"ImageObject\",\"inLanguage\":\"es\",\"@id\":\"https:\\\/\\\/secure.gravatar.com\\\/avatar\\\/b6992f131dc8d30ab0dff15446e9d346d9dbd95992de0fef795073f5ea83a81c?s=96&d=mm&r=g\",\"url\":\"https:\\\/\\\/secure.gravatar.com\\\/avatar\\\/b6992f131dc8d30ab0dff15446e9d346d9dbd95992de0fef795073f5ea83a81c?s=96&d=mm&r=g\",\"contentUrl\":\"https:\\\/\\\/secure.gravatar.com\\\/avatar\\\/b6992f131dc8d30ab0dff15446e9d346d9dbd95992de0fef795073f5ea83a81c?s=96&d=mm&r=g\",\"caption\":\"La Gu\u00eda de Pamplona\"}}]}<\/script>\n<!-- \/ Yoast SEO plugin. -->","yoast_head_json":{"title":"El tudelano C\u00e9sar Sancho presenta en el Polvor\u00edn de la Ciudadela su particular \u2018Delirio\u2019 creativo","robots":{"index":"index","follow":"follow","max-snippet":"max-snippet:-1","max-image-preview":"max-image-preview:large","max-video-preview":"max-video-preview:-1"},"canonical":"https:\/\/www.laguiadepamplona.com\/actualidad\/el-tudelano-cesar-sancho-presenta-en-el-polvorin-de-la-ciudadela-su-particular-delirio-creativo\/","og_locale":"es_ES","og_type":"article","og_title":"El tudelano C\u00e9sar Sancho presenta en el Polvor\u00edn de la Ciudadela su particular \u2018Delirio\u2019 creativo","og_description":"La muestra, la primera que el autor realiza en la Ciudadela, se puede visitar hasta el 11 de diciembre","og_url":"https:\/\/www.laguiadepamplona.com\/actualidad\/el-tudelano-cesar-sancho-presenta-en-el-polvorin-de-la-ciudadela-su-particular-delirio-creativo\/","og_site_name":"La Gu\u00eda de Pamplona","article_publisher":"https:\/\/www.facebook.com\/laguiadepamplonacom-133175176762273\/?ref=hl","article_published_time":"2016-11-11T12:02:01+00:00","article_modified_time":"2016-12-07T12:03:02+00:00","og_image":[{"width":640,"height":488,"url":"https:\/\/www.laguiadepamplona.com\/actualidad\/wp-content\/uploads\/2016\/12\/polvorin-ciudadela.jpg","type":"image\/jpeg"}],"author":"La Gu\u00eda de Pamplona","twitter_card":"summary_large_image","twitter_creator":"@LaGuiadPamplona","twitter_site":"@LaGuiadPamplona","twitter_misc":{"Escrito por":"La Gu\u00eda de Pamplona","Tiempo de lectura":"3 minutos"},"schema":{"@context":"https:\/\/schema.org","@graph":[{"@type":"Article","@id":"https:\/\/www.laguiadepamplona.com\/actualidad\/el-tudelano-cesar-sancho-presenta-en-el-polvorin-de-la-ciudadela-su-particular-delirio-creativo\/#article","isPartOf":{"@id":"https:\/\/www.laguiadepamplona.com\/actualidad\/el-tudelano-cesar-sancho-presenta-en-el-polvorin-de-la-ciudadela-su-particular-delirio-creativo\/"},"author":{"name":"La Gu\u00eda de Pamplona","@id":"https:\/\/www.laguiadepamplona.com\/actualidad\/#\/schema\/person\/efe887376f0213d4657c93adc50b1fdb"},"headline":"El tudelano C\u00e9sar Sancho presenta en el Polvor\u00edn de la Ciudadela su particular \u2018Delirio\u2019 creativo","datePublished":"2016-11-11T12:02:01+00:00","dateModified":"2016-12-07T12:03:02+00:00","mainEntityOfPage":{"@id":"https:\/\/www.laguiadepamplona.com\/actualidad\/el-tudelano-cesar-sancho-presenta-en-el-polvorin-de-la-ciudadela-su-particular-delirio-creativo\/"},"wordCount":666,"publisher":{"@id":"https:\/\/www.laguiadepamplona.com\/actualidad\/#organization"},"image":{"@id":"https:\/\/www.laguiadepamplona.com\/actualidad\/el-tudelano-cesar-sancho-presenta-en-el-polvorin-de-la-ciudadela-su-particular-delirio-creativo\/#primaryimage"},"thumbnailUrl":"https:\/\/www.laguiadepamplona.com\/actualidad\/wp-content\/uploads\/2016\/12\/polvorin-ciudadela.jpg","articleSection":["Ayto Pamplona"],"inLanguage":"es"},{"@type":"WebPage","@id":"https:\/\/www.laguiadepamplona.com\/actualidad\/el-tudelano-cesar-sancho-presenta-en-el-polvorin-de-la-ciudadela-su-particular-delirio-creativo\/","url":"https:\/\/www.laguiadepamplona.com\/actualidad\/el-tudelano-cesar-sancho-presenta-en-el-polvorin-de-la-ciudadela-su-particular-delirio-creativo\/","name":"El tudelano C\u00e9sar Sancho presenta en el Polvor\u00edn de la Ciudadela su particular \u2018Delirio\u2019 creativo","isPartOf":{"@id":"https:\/\/www.laguiadepamplona.com\/actualidad\/#website"},"primaryImageOfPage":{"@id":"https:\/\/www.laguiadepamplona.com\/actualidad\/el-tudelano-cesar-sancho-presenta-en-el-polvorin-de-la-ciudadela-su-particular-delirio-creativo\/#primaryimage"},"image":{"@id":"https:\/\/www.laguiadepamplona.com\/actualidad\/el-tudelano-cesar-sancho-presenta-en-el-polvorin-de-la-ciudadela-su-particular-delirio-creativo\/#primaryimage"},"thumbnailUrl":"https:\/\/www.laguiadepamplona.com\/actualidad\/wp-content\/uploads\/2016\/12\/polvorin-ciudadela.jpg","datePublished":"2016-11-11T12:02:01+00:00","dateModified":"2016-12-07T12:03:02+00:00","breadcrumb":{"@id":"https:\/\/www.laguiadepamplona.com\/actualidad\/el-tudelano-cesar-sancho-presenta-en-el-polvorin-de-la-ciudadela-su-particular-delirio-creativo\/#breadcrumb"},"inLanguage":"es","potentialAction":[{"@type":"ReadAction","target":["https:\/\/www.laguiadepamplona.com\/actualidad\/el-tudelano-cesar-sancho-presenta-en-el-polvorin-de-la-ciudadela-su-particular-delirio-creativo\/"]}]},{"@type":"ImageObject","inLanguage":"es","@id":"https:\/\/www.laguiadepamplona.com\/actualidad\/el-tudelano-cesar-sancho-presenta-en-el-polvorin-de-la-ciudadela-su-particular-delirio-creativo\/#primaryimage","url":"https:\/\/www.laguiadepamplona.com\/actualidad\/wp-content\/uploads\/2016\/12\/polvorin-ciudadela.jpg","contentUrl":"https:\/\/www.laguiadepamplona.com\/actualidad\/wp-content\/uploads\/2016\/12\/polvorin-ciudadela.jpg","width":640,"height":488},{"@type":"BreadcrumbList","@id":"https:\/\/www.laguiadepamplona.com\/actualidad\/el-tudelano-cesar-sancho-presenta-en-el-polvorin-de-la-ciudadela-su-particular-delirio-creativo\/#breadcrumb","itemListElement":[{"@type":"ListItem","position":1,"name":"Portada","item":"https:\/\/www.laguiadepamplona.com\/actualidad\/"},{"@type":"ListItem","position":2,"name":"El tudelano C\u00e9sar Sancho presenta en el Polvor\u00edn de la Ciudadela su particular \u2018Delirio\u2019 creativo"}]},{"@type":"WebSite","@id":"https:\/\/www.laguiadepamplona.com\/actualidad\/#website","url":"https:\/\/www.laguiadepamplona.com\/actualidad\/","name":"La gu\u00eda de Pamplona","description":"Noticias de Pamplona","publisher":{"@id":"https:\/\/www.laguiadepamplona.com\/actualidad\/#organization"},"potentialAction":[{"@type":"SearchAction","target":{"@type":"EntryPoint","urlTemplate":"https:\/\/www.laguiadepamplona.com\/actualidad\/?s={search_term_string}"},"query-input":{"@type":"PropertyValueSpecification","valueRequired":true,"valueName":"search_term_string"}}],"inLanguage":"es"},{"@type":"Organization","@id":"https:\/\/www.laguiadepamplona.com\/actualidad\/#organization","name":"La Gu\u00eda de Pamplona \/ Noticias","url":"https:\/\/www.laguiadepamplona.com\/actualidad\/","logo":{"@type":"ImageObject","inLanguage":"es","@id":"https:\/\/www.laguiadepamplona.com\/actualidad\/#\/schema\/logo\/image\/","url":"https:\/\/www.laguiadepamplona.com\/actualidad\/wp-content\/uploads\/2018\/11\/logo-laguiadepamplona18-web1.png","contentUrl":"https:\/\/www.laguiadepamplona.com\/actualidad\/wp-content\/uploads\/2018\/11\/logo-laguiadepamplona18-web1.png","width":600,"height":196,"caption":"La Gu\u00eda de Pamplona \/ Noticias"},"image":{"@id":"https:\/\/www.laguiadepamplona.com\/actualidad\/#\/schema\/logo\/image\/"},"sameAs":["https:\/\/www.facebook.com\/laguiadepamplonacom-133175176762273\/?ref=hl","https:\/\/x.com\/LaGuiadPamplona","https:\/\/www.instagram.com\/la_guia_de_pamplona\/","https:\/\/www.youtube.com\/user\/laguiadepamplona"]},{"@type":"Person","@id":"https:\/\/www.laguiadepamplona.com\/actualidad\/#\/schema\/person\/efe887376f0213d4657c93adc50b1fdb","name":"La Gu\u00eda de Pamplona","image":{"@type":"ImageObject","inLanguage":"es","@id":"https:\/\/secure.gravatar.com\/avatar\/b6992f131dc8d30ab0dff15446e9d346d9dbd95992de0fef795073f5ea83a81c?s=96&d=mm&r=g","url":"https:\/\/secure.gravatar.com\/avatar\/b6992f131dc8d30ab0dff15446e9d346d9dbd95992de0fef795073f5ea83a81c?s=96&d=mm&r=g","contentUrl":"https:\/\/secure.gravatar.com\/avatar\/b6992f131dc8d30ab0dff15446e9d346d9dbd95992de0fef795073f5ea83a81c?s=96&d=mm&r=g","caption":"La Gu\u00eda de Pamplona"}}]}},"post_mailing_queue_ids":[],"_links":{"self":[{"href":"https:\/\/www.laguiadepamplona.com\/actualidad\/wp-json\/wp\/v2\/posts\/11248","targetHints":{"allow":["GET"]}}],"collection":[{"href":"https:\/\/www.laguiadepamplona.com\/actualidad\/wp-json\/wp\/v2\/posts"}],"about":[{"href":"https:\/\/www.laguiadepamplona.com\/actualidad\/wp-json\/wp\/v2\/types\/post"}],"author":[{"embeddable":true,"href":"https:\/\/www.laguiadepamplona.com\/actualidad\/wp-json\/wp\/v2\/users\/1"}],"replies":[{"embeddable":true,"href":"https:\/\/www.laguiadepamplona.com\/actualidad\/wp-json\/wp\/v2\/comments?post=11248"}],"version-history":[{"count":0,"href":"https:\/\/www.laguiadepamplona.com\/actualidad\/wp-json\/wp\/v2\/posts\/11248\/revisions"}],"wp:featuredmedia":[{"embeddable":true,"href":"https:\/\/www.laguiadepamplona.com\/actualidad\/wp-json\/wp\/v2\/media\/11249"}],"wp:attachment":[{"href":"https:\/\/www.laguiadepamplona.com\/actualidad\/wp-json\/wp\/v2\/media?parent=11248"}],"wp:term":[{"taxonomy":"category","embeddable":true,"href":"https:\/\/www.laguiadepamplona.com\/actualidad\/wp-json\/wp\/v2\/categories?post=11248"},{"taxonomy":"post_tag","embeddable":true,"href":"https:\/\/www.laguiadepamplona.com\/actualidad\/wp-json\/wp\/v2\/tags?post=11248"}],"curies":[{"name":"wp","href":"https:\/\/api.w.org\/{rel}","templated":true}]}}