{"id":11239,"date":"2016-11-10T12:58:13","date_gmt":"2016-11-10T11:58:13","guid":{"rendered":"http:\/\/laguiadepamplona.es\/actualidad\/?p=11239"},"modified":"2016-12-07T12:59:24","modified_gmt":"2016-12-07T11:59:24","slug":"el-ayuntamiento-ensena-a-los-escolares-de-9-a-12-anos-a-aprender-a-comer-sano-en-los-mercados-municipales","status":"publish","type":"post","link":"https:\/\/www.laguiadepamplona.com\/actualidad\/el-ayuntamiento-ensena-a-los-escolares-de-9-a-12-anos-a-aprender-a-comer-sano-en-los-mercados-municipales\/","title":{"rendered":"El Ayuntamiento ense\u00f1a a los escolares de 9 a 12 a\u00f1os a aprender a comer sano en los mercados municipales"},"content":{"rendered":"<h3>Una clase de 6\u00ba de Primaria del Colegio Vedruna ha participado esta ma\u00f1ana en el Mercado del Ensanche, y ma\u00f1ana acudir\u00e1 otro grupo<\/h3>\n<p><!--more--><\/p>\n<p><img loading=\"lazy\" decoding=\"async\" class=\"size-medium wp-image-11241 alignleft\" src=\"http:\/\/laguiadepamplona.es\/actualidad\/wp-content\/uploads\/2016\/12\/Talleres-escolares-mercados_2-300x200.jpg\" alt=\"\" width=\"300\" height=\"200\" srcset=\"https:\/\/www.laguiadepamplona.com\/actualidad\/wp-content\/uploads\/2016\/12\/Talleres-escolares-mercados_2-300x200.jpg 300w, https:\/\/www.laguiadepamplona.com\/actualidad\/wp-content\/uploads\/2016\/12\/Talleres-escolares-mercados_2-768x511.jpg 768w, https:\/\/www.laguiadepamplona.com\/actualidad\/wp-content\/uploads\/2016\/12\/Talleres-escolares-mercados_2.jpg 1000w\" sizes=\"auto, (max-width: 300px) 100vw, 300px\" \/> El Ayuntamiento de Pamplona ha iniciado un nuevo curso los talleres escolares para aprender a comer sano. Se trata de un programa dirigido a alumnado de 4\u00ba, 5\u00ba y 6\u00ba curso de Educaci\u00f3n Primaria, en el que un cocinero y nutricionista busca concienciar a estos escolares de 9 a 12 a\u00f1os de la importancia de una correcta alimentaci\u00f3n, transmiti\u00e9ndoles valores vinculados al producto sano, cercano y de calidad que se encuentra en los mercados municipales.<\/p>\n<p><img loading=\"lazy\" decoding=\"async\" class=\"size-medium wp-image-11242 alignleft\" src=\"http:\/\/laguiadepamplona.es\/actualidad\/wp-content\/uploads\/2016\/12\/Talleres-escolares-mercados_3-300x200.jpg\" alt=\"\" width=\"300\" height=\"200\" srcset=\"https:\/\/www.laguiadepamplona.com\/actualidad\/wp-content\/uploads\/2016\/12\/Talleres-escolares-mercados_3-300x200.jpg 300w, https:\/\/www.laguiadepamplona.com\/actualidad\/wp-content\/uploads\/2016\/12\/Talleres-escolares-mercados_3-768x511.jpg 768w, https:\/\/www.laguiadepamplona.com\/actualidad\/wp-content\/uploads\/2016\/12\/Talleres-escolares-mercados_3.jpg 1000w\" sizes=\"auto, (max-width: 300px) 100vw, 300px\" \/>Una clase de 6\u00ba curso de Primaria Colegio Vedruna ha participado esta ma\u00f1ana en el taller en el mercado del Ensanche con el cocinero y nutricionista Juan Carlos Fern\u00e1ndez. El taller se titula \u2018Alim\u00e9ntate bien con los productos de nuestra tierra\u2019. Durante una hora y media, los escolares han paseado por los puestos del mercado para ver y conocer los productos de cerca, y familiarizarse con conceptos como alimentos kil\u00f3metro 0 y slow food. Despu\u00e9s el cocinero ha preparado como complemento a su explicaci\u00f3n una receta de temporada, tataki de bonito, que han podido degustar ellos mismos como almuerzo.<\/p>\n<p>Ma\u00f1ana viernes, otro grupo de 6\u00ba de Primaria del Colegio Vedruna realizar\u00e1 el taller, desde las 10 hasta las 11.30 horas, tambi\u00e9n en el mercado del Ensanche.<\/p>\n<p>El Ayuntamiento, en colaboraci\u00f3n con los mercados municipales del Ensanche y Ermitaga\u00f1a, ha ofrecido a todos los centros escolares de Primaria de Pamplona la oportunidad de participar en estos talleres. Se trata de una iniciativa gratuita con la que el Consistorio pretende fomentar h\u00e1bitos saludables y a valorar la alimentaci\u00f3n como fuente de salud y bienestar, en unas edades especialmente sensibles para su crecimiento tanto f\u00edsico e intelectual. Asimismo, se busca promocionar el producto fresco y de calidad que se vende en los mercados.<\/p>\n<p>El n\u00famero de ni\u00f1os y ni\u00f1as por taller es aproximadamente de 25 y las plazas para los colegios se asignan por orden de inscripci\u00f3n. Los centros interesados pueden apuntarse llamando a la secci\u00f3n de Comercio del \u00c1rea de Econom\u00eda Local Sostenible, en el tel\u00e9fono 948 420735.<\/p>\n","protected":false},"excerpt":{"rendered":"<p>Una clase de 6\u00ba de Primaria del Colegio Vedruna ha participado esta ma\u00f1ana en el Mercado del Ensanche, y ma\u00f1ana acudir\u00e1 otro grupo<\/p>\n","protected":false},"author":1,"featured_media":11240,"comment_status":"closed","ping_status":"closed","sticky":false,"template":"","format":"standard","meta":{"footnotes":""},"categories":[2],"tags":[],"class_list":["post-11239","post","type-post","status-publish","format-standard","has-post-thumbnail","hentry","category-ayuntamiento-pamplona"],"yoast_head":"<!-- This site is optimized with the Yoast SEO plugin v27.5 - https:\/\/yoast.com\/product\/yoast-seo-wordpress\/ -->\n<title>El Ayuntamiento ense\u00f1a a los escolares de 9 a 12 a\u00f1os a aprender a comer sano en los mercados municipales<\/title>\n<meta name=\"robots\" content=\"index, follow, max-snippet:-1, max-image-preview:large, max-video-preview:-1\" \/>\n<link rel=\"canonical\" href=\"https:\/\/www.laguiadepamplona.com\/actualidad\/el-ayuntamiento-ensena-a-los-escolares-de-9-a-12-anos-a-aprender-a-comer-sano-en-los-mercados-municipales\/\" \/>\n<meta property=\"og:locale\" content=\"es_ES\" \/>\n<meta property=\"og:type\" content=\"article\" \/>\n<meta property=\"og:title\" content=\"El Ayuntamiento ense\u00f1a a los escolares de 9 a 12 a\u00f1os a aprender a comer sano en los mercados municipales\" \/>\n<meta property=\"og:description\" content=\"Una clase de 6\u00ba de Primaria del Colegio Vedruna ha participado esta ma\u00f1ana en el Mercado del Ensanche, y ma\u00f1ana acudir\u00e1 otro grupo\" \/>\n<meta property=\"og:url\" content=\"https:\/\/www.laguiadepamplona.com\/actualidad\/el-ayuntamiento-ensena-a-los-escolares-de-9-a-12-anos-a-aprender-a-comer-sano-en-los-mercados-municipales\/\" \/>\n<meta property=\"og:site_name\" content=\"La Gu\u00eda de Pamplona\" \/>\n<meta property=\"article:publisher\" content=\"https:\/\/www.facebook.com\/laguiadepamplonacom-133175176762273\/?ref=hl\" \/>\n<meta property=\"article:published_time\" content=\"2016-11-10T11:58:13+00:00\" \/>\n<meta property=\"article:modified_time\" content=\"2016-12-07T11:59:24+00:00\" \/>\n<meta property=\"og:image\" content=\"https:\/\/www.laguiadepamplona.com\/actualidad\/wp-content\/uploads\/2016\/12\/Talleres-escolares-mercados_1.jpg\" \/>\n\t<meta property=\"og:image:width\" content=\"1000\" \/>\n\t<meta property=\"og:image:height\" content=\"666\" \/>\n\t<meta property=\"og:image:type\" content=\"image\/jpeg\" \/>\n<meta name=\"author\" content=\"La Gu\u00eda de Pamplona\" \/>\n<meta name=\"twitter:card\" content=\"summary_large_image\" \/>\n<meta name=\"twitter:creator\" content=\"@LaGuiadPamplona\" \/>\n<meta name=\"twitter:site\" content=\"@LaGuiadPamplona\" \/>\n<meta name=\"twitter:label1\" content=\"Escrito por\" \/>\n\t<meta name=\"twitter:data1\" content=\"La Gu\u00eda de Pamplona\" \/>\n\t<meta name=\"twitter:label2\" content=\"Tiempo de lectura\" \/>\n\t<meta name=\"twitter:data2\" content=\"2 minutos\" \/>\n<script type=\"application\/ld+json\" class=\"yoast-schema-graph\">{\"@context\":\"https:\\\/\\\/schema.org\",\"@graph\":[{\"@type\":\"Article\",\"@id\":\"https:\\\/\\\/www.laguiadepamplona.com\\\/actualidad\\\/el-ayuntamiento-ensena-a-los-escolares-de-9-a-12-anos-a-aprender-a-comer-sano-en-los-mercados-municipales\\\/#article\",\"isPartOf\":{\"@id\":\"https:\\\/\\\/www.laguiadepamplona.com\\\/actualidad\\\/el-ayuntamiento-ensena-a-los-escolares-de-9-a-12-anos-a-aprender-a-comer-sano-en-los-mercados-municipales\\\/\"},\"author\":{\"name\":\"La Gu\u00eda de Pamplona\",\"@id\":\"https:\\\/\\\/www.laguiadepamplona.com\\\/actualidad\\\/#\\\/schema\\\/person\\\/efe887376f0213d4657c93adc50b1fdb\"},\"headline\":\"El Ayuntamiento ense\u00f1a a los escolares de 9 a 12 a\u00f1os a aprender a comer sano en los mercados municipales\",\"datePublished\":\"2016-11-10T11:58:13+00:00\",\"dateModified\":\"2016-12-07T11:59:24+00:00\",\"mainEntityOfPage\":{\"@id\":\"https:\\\/\\\/www.laguiadepamplona.com\\\/actualidad\\\/el-ayuntamiento-ensena-a-los-escolares-de-9-a-12-anos-a-aprender-a-comer-sano-en-los-mercados-municipales\\\/\"},\"wordCount\":386,\"publisher\":{\"@id\":\"https:\\\/\\\/www.laguiadepamplona.com\\\/actualidad\\\/#organization\"},\"image\":{\"@id\":\"https:\\\/\\\/www.laguiadepamplona.com\\\/actualidad\\\/el-ayuntamiento-ensena-a-los-escolares-de-9-a-12-anos-a-aprender-a-comer-sano-en-los-mercados-municipales\\\/#primaryimage\"},\"thumbnailUrl\":\"https:\\\/\\\/www.laguiadepamplona.com\\\/actualidad\\\/wp-content\\\/uploads\\\/2016\\\/12\\\/Talleres-escolares-mercados_1.jpg\",\"articleSection\":[\"Ayto Pamplona\"],\"inLanguage\":\"es\"},{\"@type\":\"WebPage\",\"@id\":\"https:\\\/\\\/www.laguiadepamplona.com\\\/actualidad\\\/el-ayuntamiento-ensena-a-los-escolares-de-9-a-12-anos-a-aprender-a-comer-sano-en-los-mercados-municipales\\\/\",\"url\":\"https:\\\/\\\/www.laguiadepamplona.com\\\/actualidad\\\/el-ayuntamiento-ensena-a-los-escolares-de-9-a-12-anos-a-aprender-a-comer-sano-en-los-mercados-municipales\\\/\",\"name\":\"El Ayuntamiento ense\u00f1a a los escolares de 9 a 12 a\u00f1os a aprender a comer sano en los mercados municipales\",\"isPartOf\":{\"@id\":\"https:\\\/\\\/www.laguiadepamplona.com\\\/actualidad\\\/#website\"},\"primaryImageOfPage\":{\"@id\":\"https:\\\/\\\/www.laguiadepamplona.com\\\/actualidad\\\/el-ayuntamiento-ensena-a-los-escolares-de-9-a-12-anos-a-aprender-a-comer-sano-en-los-mercados-municipales\\\/#primaryimage\"},\"image\":{\"@id\":\"https:\\\/\\\/www.laguiadepamplona.com\\\/actualidad\\\/el-ayuntamiento-ensena-a-los-escolares-de-9-a-12-anos-a-aprender-a-comer-sano-en-los-mercados-municipales\\\/#primaryimage\"},\"thumbnailUrl\":\"https:\\\/\\\/www.laguiadepamplona.com\\\/actualidad\\\/wp-content\\\/uploads\\\/2016\\\/12\\\/Talleres-escolares-mercados_1.jpg\",\"datePublished\":\"2016-11-10T11:58:13+00:00\",\"dateModified\":\"2016-12-07T11:59:24+00:00\",\"breadcrumb\":{\"@id\":\"https:\\\/\\\/www.laguiadepamplona.com\\\/actualidad\\\/el-ayuntamiento-ensena-a-los-escolares-de-9-a-12-anos-a-aprender-a-comer-sano-en-los-mercados-municipales\\\/#breadcrumb\"},\"inLanguage\":\"es\",\"potentialAction\":[{\"@type\":\"ReadAction\",\"target\":[\"https:\\\/\\\/www.laguiadepamplona.com\\\/actualidad\\\/el-ayuntamiento-ensena-a-los-escolares-de-9-a-12-anos-a-aprender-a-comer-sano-en-los-mercados-municipales\\\/\"]}]},{\"@type\":\"ImageObject\",\"inLanguage\":\"es\",\"@id\":\"https:\\\/\\\/www.laguiadepamplona.com\\\/actualidad\\\/el-ayuntamiento-ensena-a-los-escolares-de-9-a-12-anos-a-aprender-a-comer-sano-en-los-mercados-municipales\\\/#primaryimage\",\"url\":\"https:\\\/\\\/www.laguiadepamplona.com\\\/actualidad\\\/wp-content\\\/uploads\\\/2016\\\/12\\\/Talleres-escolares-mercados_1.jpg\",\"contentUrl\":\"https:\\\/\\\/www.laguiadepamplona.com\\\/actualidad\\\/wp-content\\\/uploads\\\/2016\\\/12\\\/Talleres-escolares-mercados_1.jpg\",\"width\":1000,\"height\":666},{\"@type\":\"BreadcrumbList\",\"@id\":\"https:\\\/\\\/www.laguiadepamplona.com\\\/actualidad\\\/el-ayuntamiento-ensena-a-los-escolares-de-9-a-12-anos-a-aprender-a-comer-sano-en-los-mercados-municipales\\\/#breadcrumb\",\"itemListElement\":[{\"@type\":\"ListItem\",\"position\":1,\"name\":\"Portada\",\"item\":\"https:\\\/\\\/www.laguiadepamplona.com\\\/actualidad\\\/\"},{\"@type\":\"ListItem\",\"position\":2,\"name\":\"El Ayuntamiento ense\u00f1a a los escolares de 9 a 12 a\u00f1os a aprender a comer sano en los mercados municipales\"}]},{\"@type\":\"WebSite\",\"@id\":\"https:\\\/\\\/www.laguiadepamplona.com\\\/actualidad\\\/#website\",\"url\":\"https:\\\/\\\/www.laguiadepamplona.com\\\/actualidad\\\/\",\"name\":\"La gu\u00eda de Pamplona\",\"description\":\"Noticias de Pamplona\",\"publisher\":{\"@id\":\"https:\\\/\\\/www.laguiadepamplona.com\\\/actualidad\\\/#organization\"},\"potentialAction\":[{\"@type\":\"SearchAction\",\"target\":{\"@type\":\"EntryPoint\",\"urlTemplate\":\"https:\\\/\\\/www.laguiadepamplona.com\\\/actualidad\\\/?s={search_term_string}\"},\"query-input\":{\"@type\":\"PropertyValueSpecification\",\"valueRequired\":true,\"valueName\":\"search_term_string\"}}],\"inLanguage\":\"es\"},{\"@type\":\"Organization\",\"@id\":\"https:\\\/\\\/www.laguiadepamplona.com\\\/actualidad\\\/#organization\",\"name\":\"La Gu\u00eda de Pamplona \\\/ Noticias\",\"url\":\"https:\\\/\\\/www.laguiadepamplona.com\\\/actualidad\\\/\",\"logo\":{\"@type\":\"ImageObject\",\"inLanguage\":\"es\",\"@id\":\"https:\\\/\\\/www.laguiadepamplona.com\\\/actualidad\\\/#\\\/schema\\\/logo\\\/image\\\/\",\"url\":\"https:\\\/\\\/www.laguiadepamplona.com\\\/actualidad\\\/wp-content\\\/uploads\\\/2018\\\/11\\\/logo-laguiadepamplona18-web1.png\",\"contentUrl\":\"https:\\\/\\\/www.laguiadepamplona.com\\\/actualidad\\\/wp-content\\\/uploads\\\/2018\\\/11\\\/logo-laguiadepamplona18-web1.png\",\"width\":600,\"height\":196,\"caption\":\"La Gu\u00eda de Pamplona \\\/ Noticias\"},\"image\":{\"@id\":\"https:\\\/\\\/www.laguiadepamplona.com\\\/actualidad\\\/#\\\/schema\\\/logo\\\/image\\\/\"},\"sameAs\":[\"https:\\\/\\\/www.facebook.com\\\/laguiadepamplonacom-133175176762273\\\/?ref=hl\",\"https:\\\/\\\/x.com\\\/LaGuiadPamplona\",\"https:\\\/\\\/www.instagram.com\\\/la_guia_de_pamplona\\\/\",\"https:\\\/\\\/www.youtube.com\\\/user\\\/laguiadepamplona\"]},{\"@type\":\"Person\",\"@id\":\"https:\\\/\\\/www.laguiadepamplona.com\\\/actualidad\\\/#\\\/schema\\\/person\\\/efe887376f0213d4657c93adc50b1fdb\",\"name\":\"La Gu\u00eda de Pamplona\",\"image\":{\"@type\":\"ImageObject\",\"inLanguage\":\"es\",\"@id\":\"https:\\\/\\\/secure.gravatar.com\\\/avatar\\\/b6992f131dc8d30ab0dff15446e9d346d9dbd95992de0fef795073f5ea83a81c?s=96&d=mm&r=g\",\"url\":\"https:\\\/\\\/secure.gravatar.com\\\/avatar\\\/b6992f131dc8d30ab0dff15446e9d346d9dbd95992de0fef795073f5ea83a81c?s=96&d=mm&r=g\",\"contentUrl\":\"https:\\\/\\\/secure.gravatar.com\\\/avatar\\\/b6992f131dc8d30ab0dff15446e9d346d9dbd95992de0fef795073f5ea83a81c?s=96&d=mm&r=g\",\"caption\":\"La Gu\u00eda de Pamplona\"}}]}<\/script>\n<!-- \/ Yoast SEO plugin. -->","yoast_head_json":{"title":"El Ayuntamiento ense\u00f1a a los escolares de 9 a 12 a\u00f1os a aprender a comer sano en los mercados municipales","robots":{"index":"index","follow":"follow","max-snippet":"max-snippet:-1","max-image-preview":"max-image-preview:large","max-video-preview":"max-video-preview:-1"},"canonical":"https:\/\/www.laguiadepamplona.com\/actualidad\/el-ayuntamiento-ensena-a-los-escolares-de-9-a-12-anos-a-aprender-a-comer-sano-en-los-mercados-municipales\/","og_locale":"es_ES","og_type":"article","og_title":"El Ayuntamiento ense\u00f1a a los escolares de 9 a 12 a\u00f1os a aprender a comer sano en los mercados municipales","og_description":"Una clase de 6\u00ba de Primaria del Colegio Vedruna ha participado esta ma\u00f1ana en el Mercado del Ensanche, y ma\u00f1ana acudir\u00e1 otro grupo","og_url":"https:\/\/www.laguiadepamplona.com\/actualidad\/el-ayuntamiento-ensena-a-los-escolares-de-9-a-12-anos-a-aprender-a-comer-sano-en-los-mercados-municipales\/","og_site_name":"La Gu\u00eda de Pamplona","article_publisher":"https:\/\/www.facebook.com\/laguiadepamplonacom-133175176762273\/?ref=hl","article_published_time":"2016-11-10T11:58:13+00:00","article_modified_time":"2016-12-07T11:59:24+00:00","og_image":[{"width":1000,"height":666,"url":"https:\/\/www.laguiadepamplona.com\/actualidad\/wp-content\/uploads\/2016\/12\/Talleres-escolares-mercados_1.jpg","type":"image\/jpeg"}],"author":"La Gu\u00eda de Pamplona","twitter_card":"summary_large_image","twitter_creator":"@LaGuiadPamplona","twitter_site":"@LaGuiadPamplona","twitter_misc":{"Escrito por":"La Gu\u00eda de Pamplona","Tiempo de lectura":"2 minutos"},"schema":{"@context":"https:\/\/schema.org","@graph":[{"@type":"Article","@id":"https:\/\/www.laguiadepamplona.com\/actualidad\/el-ayuntamiento-ensena-a-los-escolares-de-9-a-12-anos-a-aprender-a-comer-sano-en-los-mercados-municipales\/#article","isPartOf":{"@id":"https:\/\/www.laguiadepamplona.com\/actualidad\/el-ayuntamiento-ensena-a-los-escolares-de-9-a-12-anos-a-aprender-a-comer-sano-en-los-mercados-municipales\/"},"author":{"name":"La Gu\u00eda de Pamplona","@id":"https:\/\/www.laguiadepamplona.com\/actualidad\/#\/schema\/person\/efe887376f0213d4657c93adc50b1fdb"},"headline":"El Ayuntamiento ense\u00f1a a los escolares de 9 a 12 a\u00f1os a aprender a comer sano en los mercados municipales","datePublished":"2016-11-10T11:58:13+00:00","dateModified":"2016-12-07T11:59:24+00:00","mainEntityOfPage":{"@id":"https:\/\/www.laguiadepamplona.com\/actualidad\/el-ayuntamiento-ensena-a-los-escolares-de-9-a-12-anos-a-aprender-a-comer-sano-en-los-mercados-municipales\/"},"wordCount":386,"publisher":{"@id":"https:\/\/www.laguiadepamplona.com\/actualidad\/#organization"},"image":{"@id":"https:\/\/www.laguiadepamplona.com\/actualidad\/el-ayuntamiento-ensena-a-los-escolares-de-9-a-12-anos-a-aprender-a-comer-sano-en-los-mercados-municipales\/#primaryimage"},"thumbnailUrl":"https:\/\/www.laguiadepamplona.com\/actualidad\/wp-content\/uploads\/2016\/12\/Talleres-escolares-mercados_1.jpg","articleSection":["Ayto Pamplona"],"inLanguage":"es"},{"@type":"WebPage","@id":"https:\/\/www.laguiadepamplona.com\/actualidad\/el-ayuntamiento-ensena-a-los-escolares-de-9-a-12-anos-a-aprender-a-comer-sano-en-los-mercados-municipales\/","url":"https:\/\/www.laguiadepamplona.com\/actualidad\/el-ayuntamiento-ensena-a-los-escolares-de-9-a-12-anos-a-aprender-a-comer-sano-en-los-mercados-municipales\/","name":"El Ayuntamiento ense\u00f1a a los escolares de 9 a 12 a\u00f1os a aprender a comer sano en los mercados municipales","isPartOf":{"@id":"https:\/\/www.laguiadepamplona.com\/actualidad\/#website"},"primaryImageOfPage":{"@id":"https:\/\/www.laguiadepamplona.com\/actualidad\/el-ayuntamiento-ensena-a-los-escolares-de-9-a-12-anos-a-aprender-a-comer-sano-en-los-mercados-municipales\/#primaryimage"},"image":{"@id":"https:\/\/www.laguiadepamplona.com\/actualidad\/el-ayuntamiento-ensena-a-los-escolares-de-9-a-12-anos-a-aprender-a-comer-sano-en-los-mercados-municipales\/#primaryimage"},"thumbnailUrl":"https:\/\/www.laguiadepamplona.com\/actualidad\/wp-content\/uploads\/2016\/12\/Talleres-escolares-mercados_1.jpg","datePublished":"2016-11-10T11:58:13+00:00","dateModified":"2016-12-07T11:59:24+00:00","breadcrumb":{"@id":"https:\/\/www.laguiadepamplona.com\/actualidad\/el-ayuntamiento-ensena-a-los-escolares-de-9-a-12-anos-a-aprender-a-comer-sano-en-los-mercados-municipales\/#breadcrumb"},"inLanguage":"es","potentialAction":[{"@type":"ReadAction","target":["https:\/\/www.laguiadepamplona.com\/actualidad\/el-ayuntamiento-ensena-a-los-escolares-de-9-a-12-anos-a-aprender-a-comer-sano-en-los-mercados-municipales\/"]}]},{"@type":"ImageObject","inLanguage":"es","@id":"https:\/\/www.laguiadepamplona.com\/actualidad\/el-ayuntamiento-ensena-a-los-escolares-de-9-a-12-anos-a-aprender-a-comer-sano-en-los-mercados-municipales\/#primaryimage","url":"https:\/\/www.laguiadepamplona.com\/actualidad\/wp-content\/uploads\/2016\/12\/Talleres-escolares-mercados_1.jpg","contentUrl":"https:\/\/www.laguiadepamplona.com\/actualidad\/wp-content\/uploads\/2016\/12\/Talleres-escolares-mercados_1.jpg","width":1000,"height":666},{"@type":"BreadcrumbList","@id":"https:\/\/www.laguiadepamplona.com\/actualidad\/el-ayuntamiento-ensena-a-los-escolares-de-9-a-12-anos-a-aprender-a-comer-sano-en-los-mercados-municipales\/#breadcrumb","itemListElement":[{"@type":"ListItem","position":1,"name":"Portada","item":"https:\/\/www.laguiadepamplona.com\/actualidad\/"},{"@type":"ListItem","position":2,"name":"El Ayuntamiento ense\u00f1a a los escolares de 9 a 12 a\u00f1os a aprender a comer sano en los mercados municipales"}]},{"@type":"WebSite","@id":"https:\/\/www.laguiadepamplona.com\/actualidad\/#website","url":"https:\/\/www.laguiadepamplona.com\/actualidad\/","name":"La gu\u00eda de Pamplona","description":"Noticias de Pamplona","publisher":{"@id":"https:\/\/www.laguiadepamplona.com\/actualidad\/#organization"},"potentialAction":[{"@type":"SearchAction","target":{"@type":"EntryPoint","urlTemplate":"https:\/\/www.laguiadepamplona.com\/actualidad\/?s={search_term_string}"},"query-input":{"@type":"PropertyValueSpecification","valueRequired":true,"valueName":"search_term_string"}}],"inLanguage":"es"},{"@type":"Organization","@id":"https:\/\/www.laguiadepamplona.com\/actualidad\/#organization","name":"La Gu\u00eda de Pamplona \/ Noticias","url":"https:\/\/www.laguiadepamplona.com\/actualidad\/","logo":{"@type":"ImageObject","inLanguage":"es","@id":"https:\/\/www.laguiadepamplona.com\/actualidad\/#\/schema\/logo\/image\/","url":"https:\/\/www.laguiadepamplona.com\/actualidad\/wp-content\/uploads\/2018\/11\/logo-laguiadepamplona18-web1.png","contentUrl":"https:\/\/www.laguiadepamplona.com\/actualidad\/wp-content\/uploads\/2018\/11\/logo-laguiadepamplona18-web1.png","width":600,"height":196,"caption":"La Gu\u00eda de Pamplona \/ Noticias"},"image":{"@id":"https:\/\/www.laguiadepamplona.com\/actualidad\/#\/schema\/logo\/image\/"},"sameAs":["https:\/\/www.facebook.com\/laguiadepamplonacom-133175176762273\/?ref=hl","https:\/\/x.com\/LaGuiadPamplona","https:\/\/www.instagram.com\/la_guia_de_pamplona\/","https:\/\/www.youtube.com\/user\/laguiadepamplona"]},{"@type":"Person","@id":"https:\/\/www.laguiadepamplona.com\/actualidad\/#\/schema\/person\/efe887376f0213d4657c93adc50b1fdb","name":"La Gu\u00eda de Pamplona","image":{"@type":"ImageObject","inLanguage":"es","@id":"https:\/\/secure.gravatar.com\/avatar\/b6992f131dc8d30ab0dff15446e9d346d9dbd95992de0fef795073f5ea83a81c?s=96&d=mm&r=g","url":"https:\/\/secure.gravatar.com\/avatar\/b6992f131dc8d30ab0dff15446e9d346d9dbd95992de0fef795073f5ea83a81c?s=96&d=mm&r=g","contentUrl":"https:\/\/secure.gravatar.com\/avatar\/b6992f131dc8d30ab0dff15446e9d346d9dbd95992de0fef795073f5ea83a81c?s=96&d=mm&r=g","caption":"La Gu\u00eda de Pamplona"}}]}},"post_mailing_queue_ids":[],"_links":{"self":[{"href":"https:\/\/www.laguiadepamplona.com\/actualidad\/wp-json\/wp\/v2\/posts\/11239","targetHints":{"allow":["GET"]}}],"collection":[{"href":"https:\/\/www.laguiadepamplona.com\/actualidad\/wp-json\/wp\/v2\/posts"}],"about":[{"href":"https:\/\/www.laguiadepamplona.com\/actualidad\/wp-json\/wp\/v2\/types\/post"}],"author":[{"embeddable":true,"href":"https:\/\/www.laguiadepamplona.com\/actualidad\/wp-json\/wp\/v2\/users\/1"}],"replies":[{"embeddable":true,"href":"https:\/\/www.laguiadepamplona.com\/actualidad\/wp-json\/wp\/v2\/comments?post=11239"}],"version-history":[{"count":0,"href":"https:\/\/www.laguiadepamplona.com\/actualidad\/wp-json\/wp\/v2\/posts\/11239\/revisions"}],"wp:featuredmedia":[{"embeddable":true,"href":"https:\/\/www.laguiadepamplona.com\/actualidad\/wp-json\/wp\/v2\/media\/11240"}],"wp:attachment":[{"href":"https:\/\/www.laguiadepamplona.com\/actualidad\/wp-json\/wp\/v2\/media?parent=11239"}],"wp:term":[{"taxonomy":"category","embeddable":true,"href":"https:\/\/www.laguiadepamplona.com\/actualidad\/wp-json\/wp\/v2\/categories?post=11239"},{"taxonomy":"post_tag","embeddable":true,"href":"https:\/\/www.laguiadepamplona.com\/actualidad\/wp-json\/wp\/v2\/tags?post=11239"}],"curies":[{"name":"wp","href":"https:\/\/api.w.org\/{rel}","templated":true}]}}