{"id":11237,"date":"2016-11-10T12:56:55","date_gmt":"2016-11-10T11:56:55","guid":{"rendered":"http:\/\/laguiadepamplona.es\/actualidad\/?p=11237"},"modified":"2016-12-07T12:57:26","modified_gmt":"2016-12-07T11:57:26","slug":"la-sala-museo-pablo-sarasate-del-palacio-del-condestable-acoge-el-sabado-un-taller-familiar-gratuito-en-euskera-sobre-el-violin-de-sarasate","status":"publish","type":"post","link":"https:\/\/www.laguiadepamplona.com\/actualidad\/la-sala-museo-pablo-sarasate-del-palacio-del-condestable-acoge-el-sabado-un-taller-familiar-gratuito-en-euskera-sobre-el-violin-de-sarasate\/","title":{"rendered":"La Sala Museo Pablo Sarasate del Palacio del Condestable acoge el s\u00e1bado un taller familiar gratuito en euskera sobre el viol\u00edn de Sarasate"},"content":{"rendered":"<p><!--more--><\/p>\n<p>La Sala Museo Pablo Sarasate situada en el Palacio del Condestable acoger\u00e1 este s\u00e1bado 12 de noviembre, de 12 a 13.30 horas, el taller art\u00edstico familiar \u2018Sarasateren biolina\u2019. Las inscripciones son gratuitas y pueden apuntarse los menores de 5 a 10 a\u00f1os acompa\u00f1ados de un adulto. Las inscripciones se realizan en los siete centros de la red civivox o del tel\u00e9fono de atenci\u00f3n ciudadana 010 (948 420 100 para llamadas desde fuera de Pamplona o desde tel\u00e9fono m\u00f3vil) hasta que se terminen las 16 plazas disponibles.<\/p>\n<p>En la sesi\u00f3n, impartida por la educadora infantil Amaia Artica, se visitar\u00e1 y se conocer\u00e1 la sala, haciendo especial hincapi\u00e9 en los violines y sus formas para despu\u00e9s construir sus propios violines de cart\u00f3n.<\/p>\n<p>Adem\u00e1s, el fin de semana siguiente seguir\u00e1n las visitas guiadas a la Sala Museo Pablo Sarasate. El viernes 18 la visita ser\u00e1 en euskera a las 18.30 horas y el s\u00e1bado 19, en castellano a las 12 horas. La inscripci\u00f3n es gratuita y para participar, hay que apuntarse en civivox o en el tel\u00e9fono 010. La visita, que tendr\u00e1 una duraci\u00f3n de unos 40 minutos, contar\u00e1 con 15 asistentes como m\u00e1ximo.<\/p>\n<p>La Sala Museo recoge lo m\u00e1s significativo del legado del violinista y compositor pamplon\u00e9s. Durante las visitas, los asistentes podr\u00e1n descubrir la trayectoria de Sarasate a trav\u00e9s del recorrido que ofrece la sala por su vida y por su carrera art\u00edstica. Adem\u00e1s de conocer y explicar los objetos m\u00e1s llamativos de su legado y de hablar sobre las principales figuras que intervinieron en su vida, se conocer\u00e1n an\u00e9cdotas que dejar\u00e1n entrever el car\u00e1cter y la personalidad de uno de los referentes hist\u00f3ricos de la m\u00fasica cl\u00e1sica espa\u00f1ola de finales del siglo XIX.<\/p>\n<p>La Sala Museo Pablo Sarasate es un espacio que presenta enseres personales del violinista y piezas relacionadas con su profesi\u00f3n de m\u00fasico, adem\u00e1s de diversos objetos relacionados con el ambiente musical de su \u00e9poca. Asimismo, la exposici\u00f3n incluye informaci\u00f3n sobre la vida, la obra y la carrera de este m\u00fasico internacional. Est\u00e1 integrada fundamentalmente por el legado que el Pablo Sarasate dej\u00f3 al Ayuntamiento de Pamplona. Pueden verse fotograf\u00edas, obsequios, condecoraciones de reyes y emperadores, partituras, un retrato de gran tama\u00f1o, el busto en bronce de Mariano Benlliure, los violines Vuillaume y Gand and Bernardel o el piano Bechstein.<\/p>\n","protected":false},"excerpt":{"rendered":"","protected":false},"author":1,"featured_media":10998,"comment_status":"closed","ping_status":"closed","sticky":false,"template":"","format":"standard","meta":{"footnotes":""},"categories":[2],"tags":[],"class_list":["post-11237","post","type-post","status-publish","format-standard","has-post-thumbnail","hentry","category-ayuntamiento-pamplona"],"yoast_head":"<!-- This site is optimized with the Yoast SEO plugin v27.5 - https:\/\/yoast.com\/product\/yoast-seo-wordpress\/ -->\n<title>La Sala Museo Pablo Sarasate del Palacio del Condestable acoge el s\u00e1bado un taller familiar gratuito en euskera sobre el viol\u00edn de Sarasate<\/title>\n<meta name=\"robots\" content=\"index, follow, max-snippet:-1, max-image-preview:large, max-video-preview:-1\" \/>\n<link rel=\"canonical\" href=\"https:\/\/www.laguiadepamplona.com\/actualidad\/la-sala-museo-pablo-sarasate-del-palacio-del-condestable-acoge-el-sabado-un-taller-familiar-gratuito-en-euskera-sobre-el-violin-de-sarasate\/\" \/>\n<meta property=\"og:locale\" content=\"es_ES\" \/>\n<meta property=\"og:type\" content=\"article\" \/>\n<meta property=\"og:title\" content=\"La Sala Museo Pablo Sarasate del Palacio del Condestable acoge el s\u00e1bado un taller familiar gratuito en euskera sobre el viol\u00edn de Sarasate\" \/>\n<meta property=\"og:url\" content=\"https:\/\/www.laguiadepamplona.com\/actualidad\/la-sala-museo-pablo-sarasate-del-palacio-del-condestable-acoge-el-sabado-un-taller-familiar-gratuito-en-euskera-sobre-el-violin-de-sarasate\/\" \/>\n<meta property=\"og:site_name\" content=\"La Gu\u00eda de Pamplona\" \/>\n<meta property=\"article:publisher\" content=\"https:\/\/www.facebook.com\/laguiadepamplonacom-133175176762273\/?ref=hl\" \/>\n<meta property=\"article:published_time\" content=\"2016-11-10T11:56:55+00:00\" \/>\n<meta property=\"article:modified_time\" content=\"2016-12-07T11:57:26+00:00\" \/>\n<meta property=\"og:image\" content=\"https:\/\/www.laguiadepamplona.com\/actualidad\/wp-content\/uploads\/2016\/12\/pablo_sarasate_sala_museo.jpg\" \/>\n\t<meta property=\"og:image:width\" content=\"1000\" \/>\n\t<meta property=\"og:image:height\" content=\"563\" \/>\n\t<meta property=\"og:image:type\" content=\"image\/jpeg\" \/>\n<meta name=\"author\" content=\"La Gu\u00eda de Pamplona\" \/>\n<meta name=\"twitter:card\" content=\"summary_large_image\" \/>\n<meta name=\"twitter:creator\" content=\"@LaGuiadPamplona\" \/>\n<meta name=\"twitter:site\" content=\"@LaGuiadPamplona\" \/>\n<meta name=\"twitter:label1\" content=\"Escrito por\" \/>\n\t<meta name=\"twitter:data1\" content=\"La Gu\u00eda de Pamplona\" \/>\n\t<meta name=\"twitter:label2\" content=\"Tiempo de lectura\" \/>\n\t<meta name=\"twitter:data2\" content=\"2 minutos\" \/>\n<script type=\"application\/ld+json\" class=\"yoast-schema-graph\">{\"@context\":\"https:\\\/\\\/schema.org\",\"@graph\":[{\"@type\":\"Article\",\"@id\":\"https:\\\/\\\/www.laguiadepamplona.com\\\/actualidad\\\/la-sala-museo-pablo-sarasate-del-palacio-del-condestable-acoge-el-sabado-un-taller-familiar-gratuito-en-euskera-sobre-el-violin-de-sarasate\\\/#article\",\"isPartOf\":{\"@id\":\"https:\\\/\\\/www.laguiadepamplona.com\\\/actualidad\\\/la-sala-museo-pablo-sarasate-del-palacio-del-condestable-acoge-el-sabado-un-taller-familiar-gratuito-en-euskera-sobre-el-violin-de-sarasate\\\/\"},\"author\":{\"name\":\"La Gu\u00eda de Pamplona\",\"@id\":\"https:\\\/\\\/www.laguiadepamplona.com\\\/actualidad\\\/#\\\/schema\\\/person\\\/efe887376f0213d4657c93adc50b1fdb\"},\"headline\":\"La Sala Museo Pablo Sarasate del Palacio del Condestable acoge el s\u00e1bado un taller familiar gratuito en euskera sobre el viol\u00edn de Sarasate\",\"datePublished\":\"2016-11-10T11:56:55+00:00\",\"dateModified\":\"2016-12-07T11:57:26+00:00\",\"mainEntityOfPage\":{\"@id\":\"https:\\\/\\\/www.laguiadepamplona.com\\\/actualidad\\\/la-sala-museo-pablo-sarasate-del-palacio-del-condestable-acoge-el-sabado-un-taller-familiar-gratuito-en-euskera-sobre-el-violin-de-sarasate\\\/\"},\"wordCount\":431,\"publisher\":{\"@id\":\"https:\\\/\\\/www.laguiadepamplona.com\\\/actualidad\\\/#organization\"},\"image\":{\"@id\":\"https:\\\/\\\/www.laguiadepamplona.com\\\/actualidad\\\/la-sala-museo-pablo-sarasate-del-palacio-del-condestable-acoge-el-sabado-un-taller-familiar-gratuito-en-euskera-sobre-el-violin-de-sarasate\\\/#primaryimage\"},\"thumbnailUrl\":\"https:\\\/\\\/www.laguiadepamplona.com\\\/actualidad\\\/wp-content\\\/uploads\\\/2016\\\/12\\\/pablo_sarasate_sala_museo.jpg\",\"articleSection\":[\"Ayto Pamplona\"],\"inLanguage\":\"es\"},{\"@type\":\"WebPage\",\"@id\":\"https:\\\/\\\/www.laguiadepamplona.com\\\/actualidad\\\/la-sala-museo-pablo-sarasate-del-palacio-del-condestable-acoge-el-sabado-un-taller-familiar-gratuito-en-euskera-sobre-el-violin-de-sarasate\\\/\",\"url\":\"https:\\\/\\\/www.laguiadepamplona.com\\\/actualidad\\\/la-sala-museo-pablo-sarasate-del-palacio-del-condestable-acoge-el-sabado-un-taller-familiar-gratuito-en-euskera-sobre-el-violin-de-sarasate\\\/\",\"name\":\"La Sala Museo Pablo Sarasate del Palacio del Condestable acoge el s\u00e1bado un taller familiar gratuito en euskera sobre el viol\u00edn de Sarasate\",\"isPartOf\":{\"@id\":\"https:\\\/\\\/www.laguiadepamplona.com\\\/actualidad\\\/#website\"},\"primaryImageOfPage\":{\"@id\":\"https:\\\/\\\/www.laguiadepamplona.com\\\/actualidad\\\/la-sala-museo-pablo-sarasate-del-palacio-del-condestable-acoge-el-sabado-un-taller-familiar-gratuito-en-euskera-sobre-el-violin-de-sarasate\\\/#primaryimage\"},\"image\":{\"@id\":\"https:\\\/\\\/www.laguiadepamplona.com\\\/actualidad\\\/la-sala-museo-pablo-sarasate-del-palacio-del-condestable-acoge-el-sabado-un-taller-familiar-gratuito-en-euskera-sobre-el-violin-de-sarasate\\\/#primaryimage\"},\"thumbnailUrl\":\"https:\\\/\\\/www.laguiadepamplona.com\\\/actualidad\\\/wp-content\\\/uploads\\\/2016\\\/12\\\/pablo_sarasate_sala_museo.jpg\",\"datePublished\":\"2016-11-10T11:56:55+00:00\",\"dateModified\":\"2016-12-07T11:57:26+00:00\",\"breadcrumb\":{\"@id\":\"https:\\\/\\\/www.laguiadepamplona.com\\\/actualidad\\\/la-sala-museo-pablo-sarasate-del-palacio-del-condestable-acoge-el-sabado-un-taller-familiar-gratuito-en-euskera-sobre-el-violin-de-sarasate\\\/#breadcrumb\"},\"inLanguage\":\"es\",\"potentialAction\":[{\"@type\":\"ReadAction\",\"target\":[\"https:\\\/\\\/www.laguiadepamplona.com\\\/actualidad\\\/la-sala-museo-pablo-sarasate-del-palacio-del-condestable-acoge-el-sabado-un-taller-familiar-gratuito-en-euskera-sobre-el-violin-de-sarasate\\\/\"]}]},{\"@type\":\"ImageObject\",\"inLanguage\":\"es\",\"@id\":\"https:\\\/\\\/www.laguiadepamplona.com\\\/actualidad\\\/la-sala-museo-pablo-sarasate-del-palacio-del-condestable-acoge-el-sabado-un-taller-familiar-gratuito-en-euskera-sobre-el-violin-de-sarasate\\\/#primaryimage\",\"url\":\"https:\\\/\\\/www.laguiadepamplona.com\\\/actualidad\\\/wp-content\\\/uploads\\\/2016\\\/12\\\/pablo_sarasate_sala_museo.jpg\",\"contentUrl\":\"https:\\\/\\\/www.laguiadepamplona.com\\\/actualidad\\\/wp-content\\\/uploads\\\/2016\\\/12\\\/pablo_sarasate_sala_museo.jpg\",\"width\":1000,\"height\":563},{\"@type\":\"BreadcrumbList\",\"@id\":\"https:\\\/\\\/www.laguiadepamplona.com\\\/actualidad\\\/la-sala-museo-pablo-sarasate-del-palacio-del-condestable-acoge-el-sabado-un-taller-familiar-gratuito-en-euskera-sobre-el-violin-de-sarasate\\\/#breadcrumb\",\"itemListElement\":[{\"@type\":\"ListItem\",\"position\":1,\"name\":\"Portada\",\"item\":\"https:\\\/\\\/www.laguiadepamplona.com\\\/actualidad\\\/\"},{\"@type\":\"ListItem\",\"position\":2,\"name\":\"La Sala Museo Pablo Sarasate del Palacio del Condestable acoge el s\u00e1bado un taller familiar gratuito en euskera sobre el viol\u00edn de Sarasate\"}]},{\"@type\":\"WebSite\",\"@id\":\"https:\\\/\\\/www.laguiadepamplona.com\\\/actualidad\\\/#website\",\"url\":\"https:\\\/\\\/www.laguiadepamplona.com\\\/actualidad\\\/\",\"name\":\"La gu\u00eda de Pamplona\",\"description\":\"Noticias de Pamplona\",\"publisher\":{\"@id\":\"https:\\\/\\\/www.laguiadepamplona.com\\\/actualidad\\\/#organization\"},\"potentialAction\":[{\"@type\":\"SearchAction\",\"target\":{\"@type\":\"EntryPoint\",\"urlTemplate\":\"https:\\\/\\\/www.laguiadepamplona.com\\\/actualidad\\\/?s={search_term_string}\"},\"query-input\":{\"@type\":\"PropertyValueSpecification\",\"valueRequired\":true,\"valueName\":\"search_term_string\"}}],\"inLanguage\":\"es\"},{\"@type\":\"Organization\",\"@id\":\"https:\\\/\\\/www.laguiadepamplona.com\\\/actualidad\\\/#organization\",\"name\":\"La Gu\u00eda de Pamplona \\\/ Noticias\",\"url\":\"https:\\\/\\\/www.laguiadepamplona.com\\\/actualidad\\\/\",\"logo\":{\"@type\":\"ImageObject\",\"inLanguage\":\"es\",\"@id\":\"https:\\\/\\\/www.laguiadepamplona.com\\\/actualidad\\\/#\\\/schema\\\/logo\\\/image\\\/\",\"url\":\"https:\\\/\\\/www.laguiadepamplona.com\\\/actualidad\\\/wp-content\\\/uploads\\\/2018\\\/11\\\/logo-laguiadepamplona18-web1.png\",\"contentUrl\":\"https:\\\/\\\/www.laguiadepamplona.com\\\/actualidad\\\/wp-content\\\/uploads\\\/2018\\\/11\\\/logo-laguiadepamplona18-web1.png\",\"width\":600,\"height\":196,\"caption\":\"La Gu\u00eda de Pamplona \\\/ Noticias\"},\"image\":{\"@id\":\"https:\\\/\\\/www.laguiadepamplona.com\\\/actualidad\\\/#\\\/schema\\\/logo\\\/image\\\/\"},\"sameAs\":[\"https:\\\/\\\/www.facebook.com\\\/laguiadepamplonacom-133175176762273\\\/?ref=hl\",\"https:\\\/\\\/x.com\\\/LaGuiadPamplona\",\"https:\\\/\\\/www.instagram.com\\\/la_guia_de_pamplona\\\/\",\"https:\\\/\\\/www.youtube.com\\\/user\\\/laguiadepamplona\"]},{\"@type\":\"Person\",\"@id\":\"https:\\\/\\\/www.laguiadepamplona.com\\\/actualidad\\\/#\\\/schema\\\/person\\\/efe887376f0213d4657c93adc50b1fdb\",\"name\":\"La Gu\u00eda de Pamplona\",\"image\":{\"@type\":\"ImageObject\",\"inLanguage\":\"es\",\"@id\":\"https:\\\/\\\/secure.gravatar.com\\\/avatar\\\/b6992f131dc8d30ab0dff15446e9d346d9dbd95992de0fef795073f5ea83a81c?s=96&d=mm&r=g\",\"url\":\"https:\\\/\\\/secure.gravatar.com\\\/avatar\\\/b6992f131dc8d30ab0dff15446e9d346d9dbd95992de0fef795073f5ea83a81c?s=96&d=mm&r=g\",\"contentUrl\":\"https:\\\/\\\/secure.gravatar.com\\\/avatar\\\/b6992f131dc8d30ab0dff15446e9d346d9dbd95992de0fef795073f5ea83a81c?s=96&d=mm&r=g\",\"caption\":\"La Gu\u00eda de Pamplona\"}}]}<\/script>\n<!-- \/ Yoast SEO plugin. -->","yoast_head_json":{"title":"La Sala Museo Pablo Sarasate del Palacio del Condestable acoge el s\u00e1bado un taller familiar gratuito en euskera sobre el viol\u00edn de Sarasate","robots":{"index":"index","follow":"follow","max-snippet":"max-snippet:-1","max-image-preview":"max-image-preview:large","max-video-preview":"max-video-preview:-1"},"canonical":"https:\/\/www.laguiadepamplona.com\/actualidad\/la-sala-museo-pablo-sarasate-del-palacio-del-condestable-acoge-el-sabado-un-taller-familiar-gratuito-en-euskera-sobre-el-violin-de-sarasate\/","og_locale":"es_ES","og_type":"article","og_title":"La Sala Museo Pablo Sarasate del Palacio del Condestable acoge el s\u00e1bado un taller familiar gratuito en euskera sobre el viol\u00edn de Sarasate","og_url":"https:\/\/www.laguiadepamplona.com\/actualidad\/la-sala-museo-pablo-sarasate-del-palacio-del-condestable-acoge-el-sabado-un-taller-familiar-gratuito-en-euskera-sobre-el-violin-de-sarasate\/","og_site_name":"La Gu\u00eda de Pamplona","article_publisher":"https:\/\/www.facebook.com\/laguiadepamplonacom-133175176762273\/?ref=hl","article_published_time":"2016-11-10T11:56:55+00:00","article_modified_time":"2016-12-07T11:57:26+00:00","og_image":[{"width":1000,"height":563,"url":"https:\/\/www.laguiadepamplona.com\/actualidad\/wp-content\/uploads\/2016\/12\/pablo_sarasate_sala_museo.jpg","type":"image\/jpeg"}],"author":"La Gu\u00eda de Pamplona","twitter_card":"summary_large_image","twitter_creator":"@LaGuiadPamplona","twitter_site":"@LaGuiadPamplona","twitter_misc":{"Escrito por":"La Gu\u00eda de Pamplona","Tiempo de lectura":"2 minutos"},"schema":{"@context":"https:\/\/schema.org","@graph":[{"@type":"Article","@id":"https:\/\/www.laguiadepamplona.com\/actualidad\/la-sala-museo-pablo-sarasate-del-palacio-del-condestable-acoge-el-sabado-un-taller-familiar-gratuito-en-euskera-sobre-el-violin-de-sarasate\/#article","isPartOf":{"@id":"https:\/\/www.laguiadepamplona.com\/actualidad\/la-sala-museo-pablo-sarasate-del-palacio-del-condestable-acoge-el-sabado-un-taller-familiar-gratuito-en-euskera-sobre-el-violin-de-sarasate\/"},"author":{"name":"La Gu\u00eda de Pamplona","@id":"https:\/\/www.laguiadepamplona.com\/actualidad\/#\/schema\/person\/efe887376f0213d4657c93adc50b1fdb"},"headline":"La Sala Museo Pablo Sarasate del Palacio del Condestable acoge el s\u00e1bado un taller familiar gratuito en euskera sobre el viol\u00edn de Sarasate","datePublished":"2016-11-10T11:56:55+00:00","dateModified":"2016-12-07T11:57:26+00:00","mainEntityOfPage":{"@id":"https:\/\/www.laguiadepamplona.com\/actualidad\/la-sala-museo-pablo-sarasate-del-palacio-del-condestable-acoge-el-sabado-un-taller-familiar-gratuito-en-euskera-sobre-el-violin-de-sarasate\/"},"wordCount":431,"publisher":{"@id":"https:\/\/www.laguiadepamplona.com\/actualidad\/#organization"},"image":{"@id":"https:\/\/www.laguiadepamplona.com\/actualidad\/la-sala-museo-pablo-sarasate-del-palacio-del-condestable-acoge-el-sabado-un-taller-familiar-gratuito-en-euskera-sobre-el-violin-de-sarasate\/#primaryimage"},"thumbnailUrl":"https:\/\/www.laguiadepamplona.com\/actualidad\/wp-content\/uploads\/2016\/12\/pablo_sarasate_sala_museo.jpg","articleSection":["Ayto Pamplona"],"inLanguage":"es"},{"@type":"WebPage","@id":"https:\/\/www.laguiadepamplona.com\/actualidad\/la-sala-museo-pablo-sarasate-del-palacio-del-condestable-acoge-el-sabado-un-taller-familiar-gratuito-en-euskera-sobre-el-violin-de-sarasate\/","url":"https:\/\/www.laguiadepamplona.com\/actualidad\/la-sala-museo-pablo-sarasate-del-palacio-del-condestable-acoge-el-sabado-un-taller-familiar-gratuito-en-euskera-sobre-el-violin-de-sarasate\/","name":"La Sala Museo Pablo Sarasate del Palacio del Condestable acoge el s\u00e1bado un taller familiar gratuito en euskera sobre el viol\u00edn de Sarasate","isPartOf":{"@id":"https:\/\/www.laguiadepamplona.com\/actualidad\/#website"},"primaryImageOfPage":{"@id":"https:\/\/www.laguiadepamplona.com\/actualidad\/la-sala-museo-pablo-sarasate-del-palacio-del-condestable-acoge-el-sabado-un-taller-familiar-gratuito-en-euskera-sobre-el-violin-de-sarasate\/#primaryimage"},"image":{"@id":"https:\/\/www.laguiadepamplona.com\/actualidad\/la-sala-museo-pablo-sarasate-del-palacio-del-condestable-acoge-el-sabado-un-taller-familiar-gratuito-en-euskera-sobre-el-violin-de-sarasate\/#primaryimage"},"thumbnailUrl":"https:\/\/www.laguiadepamplona.com\/actualidad\/wp-content\/uploads\/2016\/12\/pablo_sarasate_sala_museo.jpg","datePublished":"2016-11-10T11:56:55+00:00","dateModified":"2016-12-07T11:57:26+00:00","breadcrumb":{"@id":"https:\/\/www.laguiadepamplona.com\/actualidad\/la-sala-museo-pablo-sarasate-del-palacio-del-condestable-acoge-el-sabado-un-taller-familiar-gratuito-en-euskera-sobre-el-violin-de-sarasate\/#breadcrumb"},"inLanguage":"es","potentialAction":[{"@type":"ReadAction","target":["https:\/\/www.laguiadepamplona.com\/actualidad\/la-sala-museo-pablo-sarasate-del-palacio-del-condestable-acoge-el-sabado-un-taller-familiar-gratuito-en-euskera-sobre-el-violin-de-sarasate\/"]}]},{"@type":"ImageObject","inLanguage":"es","@id":"https:\/\/www.laguiadepamplona.com\/actualidad\/la-sala-museo-pablo-sarasate-del-palacio-del-condestable-acoge-el-sabado-un-taller-familiar-gratuito-en-euskera-sobre-el-violin-de-sarasate\/#primaryimage","url":"https:\/\/www.laguiadepamplona.com\/actualidad\/wp-content\/uploads\/2016\/12\/pablo_sarasate_sala_museo.jpg","contentUrl":"https:\/\/www.laguiadepamplona.com\/actualidad\/wp-content\/uploads\/2016\/12\/pablo_sarasate_sala_museo.jpg","width":1000,"height":563},{"@type":"BreadcrumbList","@id":"https:\/\/www.laguiadepamplona.com\/actualidad\/la-sala-museo-pablo-sarasate-del-palacio-del-condestable-acoge-el-sabado-un-taller-familiar-gratuito-en-euskera-sobre-el-violin-de-sarasate\/#breadcrumb","itemListElement":[{"@type":"ListItem","position":1,"name":"Portada","item":"https:\/\/www.laguiadepamplona.com\/actualidad\/"},{"@type":"ListItem","position":2,"name":"La Sala Museo Pablo Sarasate del Palacio del Condestable acoge el s\u00e1bado un taller familiar gratuito en euskera sobre el viol\u00edn de Sarasate"}]},{"@type":"WebSite","@id":"https:\/\/www.laguiadepamplona.com\/actualidad\/#website","url":"https:\/\/www.laguiadepamplona.com\/actualidad\/","name":"La gu\u00eda de Pamplona","description":"Noticias de Pamplona","publisher":{"@id":"https:\/\/www.laguiadepamplona.com\/actualidad\/#organization"},"potentialAction":[{"@type":"SearchAction","target":{"@type":"EntryPoint","urlTemplate":"https:\/\/www.laguiadepamplona.com\/actualidad\/?s={search_term_string}"},"query-input":{"@type":"PropertyValueSpecification","valueRequired":true,"valueName":"search_term_string"}}],"inLanguage":"es"},{"@type":"Organization","@id":"https:\/\/www.laguiadepamplona.com\/actualidad\/#organization","name":"La Gu\u00eda de Pamplona \/ Noticias","url":"https:\/\/www.laguiadepamplona.com\/actualidad\/","logo":{"@type":"ImageObject","inLanguage":"es","@id":"https:\/\/www.laguiadepamplona.com\/actualidad\/#\/schema\/logo\/image\/","url":"https:\/\/www.laguiadepamplona.com\/actualidad\/wp-content\/uploads\/2018\/11\/logo-laguiadepamplona18-web1.png","contentUrl":"https:\/\/www.laguiadepamplona.com\/actualidad\/wp-content\/uploads\/2018\/11\/logo-laguiadepamplona18-web1.png","width":600,"height":196,"caption":"La Gu\u00eda de Pamplona \/ Noticias"},"image":{"@id":"https:\/\/www.laguiadepamplona.com\/actualidad\/#\/schema\/logo\/image\/"},"sameAs":["https:\/\/www.facebook.com\/laguiadepamplonacom-133175176762273\/?ref=hl","https:\/\/x.com\/LaGuiadPamplona","https:\/\/www.instagram.com\/la_guia_de_pamplona\/","https:\/\/www.youtube.com\/user\/laguiadepamplona"]},{"@type":"Person","@id":"https:\/\/www.laguiadepamplona.com\/actualidad\/#\/schema\/person\/efe887376f0213d4657c93adc50b1fdb","name":"La Gu\u00eda de Pamplona","image":{"@type":"ImageObject","inLanguage":"es","@id":"https:\/\/secure.gravatar.com\/avatar\/b6992f131dc8d30ab0dff15446e9d346d9dbd95992de0fef795073f5ea83a81c?s=96&d=mm&r=g","url":"https:\/\/secure.gravatar.com\/avatar\/b6992f131dc8d30ab0dff15446e9d346d9dbd95992de0fef795073f5ea83a81c?s=96&d=mm&r=g","contentUrl":"https:\/\/secure.gravatar.com\/avatar\/b6992f131dc8d30ab0dff15446e9d346d9dbd95992de0fef795073f5ea83a81c?s=96&d=mm&r=g","caption":"La Gu\u00eda de Pamplona"}}]}},"post_mailing_queue_ids":[],"_links":{"self":[{"href":"https:\/\/www.laguiadepamplona.com\/actualidad\/wp-json\/wp\/v2\/posts\/11237","targetHints":{"allow":["GET"]}}],"collection":[{"href":"https:\/\/www.laguiadepamplona.com\/actualidad\/wp-json\/wp\/v2\/posts"}],"about":[{"href":"https:\/\/www.laguiadepamplona.com\/actualidad\/wp-json\/wp\/v2\/types\/post"}],"author":[{"embeddable":true,"href":"https:\/\/www.laguiadepamplona.com\/actualidad\/wp-json\/wp\/v2\/users\/1"}],"replies":[{"embeddable":true,"href":"https:\/\/www.laguiadepamplona.com\/actualidad\/wp-json\/wp\/v2\/comments?post=11237"}],"version-history":[{"count":0,"href":"https:\/\/www.laguiadepamplona.com\/actualidad\/wp-json\/wp\/v2\/posts\/11237\/revisions"}],"wp:featuredmedia":[{"embeddable":true,"href":"https:\/\/www.laguiadepamplona.com\/actualidad\/wp-json\/wp\/v2\/media\/10998"}],"wp:attachment":[{"href":"https:\/\/www.laguiadepamplona.com\/actualidad\/wp-json\/wp\/v2\/media?parent=11237"}],"wp:term":[{"taxonomy":"category","embeddable":true,"href":"https:\/\/www.laguiadepamplona.com\/actualidad\/wp-json\/wp\/v2\/categories?post=11237"},{"taxonomy":"post_tag","embeddable":true,"href":"https:\/\/www.laguiadepamplona.com\/actualidad\/wp-json\/wp\/v2\/tags?post=11237"}],"curies":[{"name":"wp","href":"https:\/\/api.w.org\/{rel}","templated":true}]}}