{"id":11230,"date":"2016-11-10T12:54:06","date_gmt":"2016-11-10T11:54:06","guid":{"rendered":"http:\/\/laguiadepamplona.es\/actualidad\/?p=11230"},"modified":"2016-12-07T12:54:45","modified_gmt":"2016-12-07T11:54:45","slug":"del-amor-tragico-al-sentido-del-ridiculo-condestable-acogera-manana-un-abanico-de-emociones-con-la-narradora-eugenia-manzanera","status":"publish","type":"post","link":"https:\/\/www.laguiadepamplona.com\/actualidad\/del-amor-tragico-al-sentido-del-ridiculo-condestable-acogera-manana-un-abanico-de-emociones-con-la-narradora-eugenia-manzanera\/","title":{"rendered":"Del amor tr\u00e1gico al sentido del rid\u00edculo: Condestable acoger\u00e1 ma\u00f1ana un abanico de emociones con la narradora Eugenia Manzanera"},"content":{"rendered":"<h4>Contin\u00faan las Jornadas Literarias de Narraci\u00f3n Oral con un encuentro con estudiantes por la ma\u00f1ana y una sesi\u00f3n vespertina abierta al p\u00fablico<\/h4>\n<p><!--more--><\/p>\n<p>Contin\u00faan las V Jornadas literarias de narraci\u00f3n oral, una propuesta de la Red Civivox del Ayuntamiento de Pamplona que de nuevo se estructura en sesiones de narraciones abiertas al p\u00fablico general por las tardes y encuentros con estudiantes por las ma\u00f1anas.<\/p>\n<p>Ma\u00f1ana hay previstas ambos tipos de actividades. A las 12 del mediod\u00eda alumnos de Secundaria del IES Plaza de la Cruz y del Colegio Escolapios participar\u00e1n en un espect\u00e1culo de narraci\u00f3n titulado \u2018De amor y de muerte\u2019, con la artista Eugenia Manzanera. La misma cuentista e int\u00e9rprete, ofrecer\u00e1 por la tarde, a las 19.30 horas, \u2018Por la boca \u00bfmuere el pez?\u2019. Esta sesi\u00f3n, destinada a p\u00fablico generalista, tendr\u00e1 entrada libre.<\/p>\n<p>Hasta el 18 de noviembre en Civivox Condestable se podr\u00e1 ver una panor\u00e1mica de diferentes lenguajes literarios, del teatro y de la comunicaci\u00f3n presentes en la narraci\u00f3n oral. Las Jornadas Literarias de Narraci\u00f3n Oral de noviembre son parte de un proyecto que tiene tambi\u00e9n sendas citas en los meses de febrero y abril.<\/p>\n<p>\u2018Con otras palabras\u2019 es una propuesta triple para abordar a lo largo del a\u00f1o el hecho comunicativo en sus diferentes lenguajes art\u00edsticos de transmisi\u00f3n (literatura, poes\u00eda, teatro, m\u00fasica etc.).<\/p>\n<p><strong>Del amor tr\u00e1gico a las meteduras de pata<\/strong><\/p>\n<p>Las obras que presenta ma\u00f1ana tienen un largo recorrido. La sesi\u00f3n de la tarde, \u2018Por la boca \u00bfmuere el pez?\u2019 se puso en escena en 2009 y trata ayudar al espectador a decidir si es mejor callar o por el contrario, resulta indicado decir lo que se piensa&#8230; siempre. La autora presenta un mar de historias divertidas, disparatadas, po\u00e9ticas, sensuales&#8230; o sea la vida misma.<\/p>\n<p>Por la ma\u00f1ana los adolescentes que asistan al encuentro con estudiantes podr\u00e1n escuchar \u2018De amor y de muerte\u2019, ocho historias de amor en las que alguno de los amantes muere. La artista fundi\u00f3 en esa sesi\u00f3n cuentacuentos, teatro y canci\u00f3n en unos relatos muy variopintos, desde surrealistas y cl\u00e1sicos revisados hasta copla y dramatizaci\u00f3n, siempre con abundantes golpes de humor.<\/p>\n<p><strong>Eugenia Manzanera, artista polifac\u00e9tica<\/strong><\/p>\n<p>Eugenia Manzanera (Salamanca, 1970) domina los lenguajes de la narraci\u00f3n. Adem\u00e1s de sesiones narrativas como las que ofrecer\u00e1 ma\u00f1ana en Condestable, ha hecho cine, teatro y televisi\u00f3n y posee un amplio curriculum de formaci\u00f3n (Clown, direcci\u00f3n de actores, canto, interpretaci\u00f3n, improvisaci\u00f3n&#8230;). Debut\u00f3 en un escenario a los 19 a\u00f1os y, desde entonces, no ha parado.<\/p>\n<p>Como narradora oral ha participado en numerosos festivales y encuentros de narraci\u00f3n oral Guadalajara-Marat\u00f3n, Hell\u00edn, Salamanca, Madrid de cuento, Festival de la Palabra Alcal\u00e1 de Henares, Festival de Almagro, Plan de fomento de la lectura Badajoz y Fundaci\u00f3n Germ\u00e1n S\u00e1nchez Ruip\u00e9rez, III Festival internacional unipersonal de Zigoitia, Contarte V festival de la oralidad Barbastro, Semana del cuento Salamanca Casa de las Conchas, Festival del cuento Zamora, HAY festival Cartagena de Indias Colombia y HAY Festival Segovia, Festival de las Artes Castilla y Le\u00f3n, Festival de Teatro Cl\u00e1sico de Olite\u2026<\/p>\n<p><strong>V Jornadas literarias de narraci\u00f3n oral. Pr\u00f3ximas actividades<\/strong><\/p>\n<ul>\n<li>Viernes 11 de noviembre<\/li>\n<\/ul>\n<p><strong>Encuentro did\u00e1ctico con estudiantes<\/strong><\/p>\n<p>De amor y de muerte<\/p>\n<p>Espect\u00e1culo de narraci\u00f3n en castellano. Autora e int\u00e9rprete: Eugenia Manzanera<\/p>\n<p>Civivox Condestable. 12 horas. Entrada libre. Inscripci\u00f3n previa en civivox<\/p>\n<p><strong>El patio a escena<\/strong><\/p>\n<p>Por la boca \u00bfmuere el pez?<\/p>\n<p>Idea e int\u00e9rprete: Eugenia Manzanera, actriz y narradora<\/p>\n<p>Civivox Condestable. 19.30 horas. Entrada libre<\/p>\n<ul>\n<li>Mi\u00e9rcoles 16 de noviembre<\/li>\n<\/ul>\n<p><strong>Encuentro did\u00e1ctico con estudiantes<\/strong><\/p>\n<p>Zer daramagu emakumeok poltsoan?<\/p>\n<p>Espect\u00e1culo de narraci\u00f3n en euskera. Autora e int\u00e9rprete: In\u00e9s Bengoa<\/p>\n<p>Civivox Condestable. 12 horas. Entrada libre. Inscripci\u00f3n previa en civivox<\/p>\n<ul>\n<li>Viernes 18 de noviembre<\/li>\n<\/ul>\n<p><strong>El patio a escena<\/strong><\/p>\n<p>Maitasunaren arbola. Ipuin pre-erotikoak<\/p>\n<p>Espect\u00e1culo de narraci\u00f3n en euskera. Idea e int\u00e9rprete: Joxemari Carrere, narrador<\/p>\n<p>Civivox Condestable. 19.30 horas. Entrada libre<\/p>\n","protected":false},"excerpt":{"rendered":"<p>Contin\u00faan las Jornadas Literarias de Narraci\u00f3n Oral con un encuentro con estudiantes por la ma\u00f1ana y una sesi\u00f3n vespertina abierta al p\u00fablico<\/p>\n","protected":false},"author":1,"featured_media":11231,"comment_status":"closed","ping_status":"closed","sticky":false,"template":"","format":"standard","meta":{"footnotes":""},"categories":[2],"tags":[],"class_list":["post-11230","post","type-post","status-publish","format-standard","has-post-thumbnail","hentry","category-ayuntamiento-pamplona"],"yoast_head":"<!-- This site is optimized with the Yoast SEO plugin v27.5 - https:\/\/yoast.com\/product\/yoast-seo-wordpress\/ -->\n<title>Del amor tr\u00e1gico al sentido del rid\u00edculo: Condestable acoger\u00e1 ma\u00f1ana un abanico de emociones con la narradora Eugenia Manzanera<\/title>\n<meta name=\"robots\" content=\"index, follow, max-snippet:-1, max-image-preview:large, max-video-preview:-1\" \/>\n<link rel=\"canonical\" href=\"https:\/\/www.laguiadepamplona.com\/actualidad\/del-amor-tragico-al-sentido-del-ridiculo-condestable-acogera-manana-un-abanico-de-emociones-con-la-narradora-eugenia-manzanera\/\" \/>\n<meta property=\"og:locale\" content=\"es_ES\" \/>\n<meta property=\"og:type\" content=\"article\" \/>\n<meta property=\"og:title\" content=\"Del amor tr\u00e1gico al sentido del rid\u00edculo: Condestable acoger\u00e1 ma\u00f1ana un abanico de emociones con la narradora Eugenia Manzanera\" \/>\n<meta property=\"og:description\" content=\"Contin\u00faan las Jornadas Literarias de Narraci\u00f3n Oral con un encuentro con estudiantes por la ma\u00f1ana y una sesi\u00f3n vespertina abierta al p\u00fablico\" \/>\n<meta property=\"og:url\" content=\"https:\/\/www.laguiadepamplona.com\/actualidad\/del-amor-tragico-al-sentido-del-ridiculo-condestable-acogera-manana-un-abanico-de-emociones-con-la-narradora-eugenia-manzanera\/\" \/>\n<meta property=\"og:site_name\" content=\"La Gu\u00eda de Pamplona\" \/>\n<meta property=\"article:publisher\" content=\"https:\/\/www.facebook.com\/laguiadepamplonacom-133175176762273\/?ref=hl\" \/>\n<meta property=\"article:published_time\" content=\"2016-11-10T11:54:06+00:00\" \/>\n<meta property=\"article:modified_time\" content=\"2016-12-07T11:54:45+00:00\" \/>\n<meta property=\"og:image\" content=\"https:\/\/www.laguiadepamplona.com\/actualidad\/wp-content\/uploads\/2016\/12\/narracion-oral.jpg\" \/>\n\t<meta property=\"og:image:width\" content=\"1000\" \/>\n\t<meta property=\"og:image:height\" content=\"672\" \/>\n\t<meta property=\"og:image:type\" content=\"image\/jpeg\" \/>\n<meta name=\"author\" content=\"La Gu\u00eda de Pamplona\" \/>\n<meta name=\"twitter:card\" content=\"summary_large_image\" \/>\n<meta name=\"twitter:creator\" content=\"@LaGuiadPamplona\" \/>\n<meta name=\"twitter:site\" content=\"@LaGuiadPamplona\" \/>\n<meta name=\"twitter:label1\" content=\"Escrito por\" \/>\n\t<meta name=\"twitter:data1\" content=\"La Gu\u00eda de Pamplona\" \/>\n\t<meta name=\"twitter:label2\" content=\"Tiempo de lectura\" \/>\n\t<meta name=\"twitter:data2\" content=\"3 minutos\" \/>\n<script type=\"application\/ld+json\" class=\"yoast-schema-graph\">{\"@context\":\"https:\\\/\\\/schema.org\",\"@graph\":[{\"@type\":\"Article\",\"@id\":\"https:\\\/\\\/www.laguiadepamplona.com\\\/actualidad\\\/del-amor-tragico-al-sentido-del-ridiculo-condestable-acogera-manana-un-abanico-de-emociones-con-la-narradora-eugenia-manzanera\\\/#article\",\"isPartOf\":{\"@id\":\"https:\\\/\\\/www.laguiadepamplona.com\\\/actualidad\\\/del-amor-tragico-al-sentido-del-ridiculo-condestable-acogera-manana-un-abanico-de-emociones-con-la-narradora-eugenia-manzanera\\\/\"},\"author\":{\"name\":\"La Gu\u00eda de Pamplona\",\"@id\":\"https:\\\/\\\/www.laguiadepamplona.com\\\/actualidad\\\/#\\\/schema\\\/person\\\/efe887376f0213d4657c93adc50b1fdb\"},\"headline\":\"Del amor tr\u00e1gico al sentido del rid\u00edculo: Condestable acoger\u00e1 ma\u00f1ana un abanico de emociones con la narradora Eugenia Manzanera\",\"datePublished\":\"2016-11-10T11:54:06+00:00\",\"dateModified\":\"2016-12-07T11:54:45+00:00\",\"mainEntityOfPage\":{\"@id\":\"https:\\\/\\\/www.laguiadepamplona.com\\\/actualidad\\\/del-amor-tragico-al-sentido-del-ridiculo-condestable-acogera-manana-un-abanico-de-emociones-con-la-narradora-eugenia-manzanera\\\/\"},\"wordCount\":705,\"publisher\":{\"@id\":\"https:\\\/\\\/www.laguiadepamplona.com\\\/actualidad\\\/#organization\"},\"image\":{\"@id\":\"https:\\\/\\\/www.laguiadepamplona.com\\\/actualidad\\\/del-amor-tragico-al-sentido-del-ridiculo-condestable-acogera-manana-un-abanico-de-emociones-con-la-narradora-eugenia-manzanera\\\/#primaryimage\"},\"thumbnailUrl\":\"https:\\\/\\\/www.laguiadepamplona.com\\\/actualidad\\\/wp-content\\\/uploads\\\/2016\\\/12\\\/narracion-oral.jpg\",\"articleSection\":[\"Ayto Pamplona\"],\"inLanguage\":\"es\"},{\"@type\":\"WebPage\",\"@id\":\"https:\\\/\\\/www.laguiadepamplona.com\\\/actualidad\\\/del-amor-tragico-al-sentido-del-ridiculo-condestable-acogera-manana-un-abanico-de-emociones-con-la-narradora-eugenia-manzanera\\\/\",\"url\":\"https:\\\/\\\/www.laguiadepamplona.com\\\/actualidad\\\/del-amor-tragico-al-sentido-del-ridiculo-condestable-acogera-manana-un-abanico-de-emociones-con-la-narradora-eugenia-manzanera\\\/\",\"name\":\"Del amor tr\u00e1gico al sentido del rid\u00edculo: Condestable acoger\u00e1 ma\u00f1ana un abanico de emociones con la narradora Eugenia Manzanera\",\"isPartOf\":{\"@id\":\"https:\\\/\\\/www.laguiadepamplona.com\\\/actualidad\\\/#website\"},\"primaryImageOfPage\":{\"@id\":\"https:\\\/\\\/www.laguiadepamplona.com\\\/actualidad\\\/del-amor-tragico-al-sentido-del-ridiculo-condestable-acogera-manana-un-abanico-de-emociones-con-la-narradora-eugenia-manzanera\\\/#primaryimage\"},\"image\":{\"@id\":\"https:\\\/\\\/www.laguiadepamplona.com\\\/actualidad\\\/del-amor-tragico-al-sentido-del-ridiculo-condestable-acogera-manana-un-abanico-de-emociones-con-la-narradora-eugenia-manzanera\\\/#primaryimage\"},\"thumbnailUrl\":\"https:\\\/\\\/www.laguiadepamplona.com\\\/actualidad\\\/wp-content\\\/uploads\\\/2016\\\/12\\\/narracion-oral.jpg\",\"datePublished\":\"2016-11-10T11:54:06+00:00\",\"dateModified\":\"2016-12-07T11:54:45+00:00\",\"breadcrumb\":{\"@id\":\"https:\\\/\\\/www.laguiadepamplona.com\\\/actualidad\\\/del-amor-tragico-al-sentido-del-ridiculo-condestable-acogera-manana-un-abanico-de-emociones-con-la-narradora-eugenia-manzanera\\\/#breadcrumb\"},\"inLanguage\":\"es\",\"potentialAction\":[{\"@type\":\"ReadAction\",\"target\":[\"https:\\\/\\\/www.laguiadepamplona.com\\\/actualidad\\\/del-amor-tragico-al-sentido-del-ridiculo-condestable-acogera-manana-un-abanico-de-emociones-con-la-narradora-eugenia-manzanera\\\/\"]}]},{\"@type\":\"ImageObject\",\"inLanguage\":\"es\",\"@id\":\"https:\\\/\\\/www.laguiadepamplona.com\\\/actualidad\\\/del-amor-tragico-al-sentido-del-ridiculo-condestable-acogera-manana-un-abanico-de-emociones-con-la-narradora-eugenia-manzanera\\\/#primaryimage\",\"url\":\"https:\\\/\\\/www.laguiadepamplona.com\\\/actualidad\\\/wp-content\\\/uploads\\\/2016\\\/12\\\/narracion-oral.jpg\",\"contentUrl\":\"https:\\\/\\\/www.laguiadepamplona.com\\\/actualidad\\\/wp-content\\\/uploads\\\/2016\\\/12\\\/narracion-oral.jpg\",\"width\":1000,\"height\":672},{\"@type\":\"BreadcrumbList\",\"@id\":\"https:\\\/\\\/www.laguiadepamplona.com\\\/actualidad\\\/del-amor-tragico-al-sentido-del-ridiculo-condestable-acogera-manana-un-abanico-de-emociones-con-la-narradora-eugenia-manzanera\\\/#breadcrumb\",\"itemListElement\":[{\"@type\":\"ListItem\",\"position\":1,\"name\":\"Portada\",\"item\":\"https:\\\/\\\/www.laguiadepamplona.com\\\/actualidad\\\/\"},{\"@type\":\"ListItem\",\"position\":2,\"name\":\"Del amor tr\u00e1gico al sentido del rid\u00edculo: Condestable acoger\u00e1 ma\u00f1ana un abanico de emociones con la narradora Eugenia Manzanera\"}]},{\"@type\":\"WebSite\",\"@id\":\"https:\\\/\\\/www.laguiadepamplona.com\\\/actualidad\\\/#website\",\"url\":\"https:\\\/\\\/www.laguiadepamplona.com\\\/actualidad\\\/\",\"name\":\"La gu\u00eda de Pamplona\",\"description\":\"Noticias de Pamplona\",\"publisher\":{\"@id\":\"https:\\\/\\\/www.laguiadepamplona.com\\\/actualidad\\\/#organization\"},\"potentialAction\":[{\"@type\":\"SearchAction\",\"target\":{\"@type\":\"EntryPoint\",\"urlTemplate\":\"https:\\\/\\\/www.laguiadepamplona.com\\\/actualidad\\\/?s={search_term_string}\"},\"query-input\":{\"@type\":\"PropertyValueSpecification\",\"valueRequired\":true,\"valueName\":\"search_term_string\"}}],\"inLanguage\":\"es\"},{\"@type\":\"Organization\",\"@id\":\"https:\\\/\\\/www.laguiadepamplona.com\\\/actualidad\\\/#organization\",\"name\":\"La Gu\u00eda de Pamplona \\\/ Noticias\",\"url\":\"https:\\\/\\\/www.laguiadepamplona.com\\\/actualidad\\\/\",\"logo\":{\"@type\":\"ImageObject\",\"inLanguage\":\"es\",\"@id\":\"https:\\\/\\\/www.laguiadepamplona.com\\\/actualidad\\\/#\\\/schema\\\/logo\\\/image\\\/\",\"url\":\"https:\\\/\\\/www.laguiadepamplona.com\\\/actualidad\\\/wp-content\\\/uploads\\\/2018\\\/11\\\/logo-laguiadepamplona18-web1.png\",\"contentUrl\":\"https:\\\/\\\/www.laguiadepamplona.com\\\/actualidad\\\/wp-content\\\/uploads\\\/2018\\\/11\\\/logo-laguiadepamplona18-web1.png\",\"width\":600,\"height\":196,\"caption\":\"La Gu\u00eda de Pamplona \\\/ Noticias\"},\"image\":{\"@id\":\"https:\\\/\\\/www.laguiadepamplona.com\\\/actualidad\\\/#\\\/schema\\\/logo\\\/image\\\/\"},\"sameAs\":[\"https:\\\/\\\/www.facebook.com\\\/laguiadepamplonacom-133175176762273\\\/?ref=hl\",\"https:\\\/\\\/x.com\\\/LaGuiadPamplona\",\"https:\\\/\\\/www.instagram.com\\\/la_guia_de_pamplona\\\/\",\"https:\\\/\\\/www.youtube.com\\\/user\\\/laguiadepamplona\"]},{\"@type\":\"Person\",\"@id\":\"https:\\\/\\\/www.laguiadepamplona.com\\\/actualidad\\\/#\\\/schema\\\/person\\\/efe887376f0213d4657c93adc50b1fdb\",\"name\":\"La Gu\u00eda de Pamplona\",\"image\":{\"@type\":\"ImageObject\",\"inLanguage\":\"es\",\"@id\":\"https:\\\/\\\/secure.gravatar.com\\\/avatar\\\/b6992f131dc8d30ab0dff15446e9d346d9dbd95992de0fef795073f5ea83a81c?s=96&d=mm&r=g\",\"url\":\"https:\\\/\\\/secure.gravatar.com\\\/avatar\\\/b6992f131dc8d30ab0dff15446e9d346d9dbd95992de0fef795073f5ea83a81c?s=96&d=mm&r=g\",\"contentUrl\":\"https:\\\/\\\/secure.gravatar.com\\\/avatar\\\/b6992f131dc8d30ab0dff15446e9d346d9dbd95992de0fef795073f5ea83a81c?s=96&d=mm&r=g\",\"caption\":\"La Gu\u00eda de Pamplona\"}}]}<\/script>\n<!-- \/ Yoast SEO plugin. -->","yoast_head_json":{"title":"Del amor tr\u00e1gico al sentido del rid\u00edculo: Condestable acoger\u00e1 ma\u00f1ana un abanico de emociones con la narradora Eugenia Manzanera","robots":{"index":"index","follow":"follow","max-snippet":"max-snippet:-1","max-image-preview":"max-image-preview:large","max-video-preview":"max-video-preview:-1"},"canonical":"https:\/\/www.laguiadepamplona.com\/actualidad\/del-amor-tragico-al-sentido-del-ridiculo-condestable-acogera-manana-un-abanico-de-emociones-con-la-narradora-eugenia-manzanera\/","og_locale":"es_ES","og_type":"article","og_title":"Del amor tr\u00e1gico al sentido del rid\u00edculo: Condestable acoger\u00e1 ma\u00f1ana un abanico de emociones con la narradora Eugenia Manzanera","og_description":"Contin\u00faan las Jornadas Literarias de Narraci\u00f3n Oral con un encuentro con estudiantes por la ma\u00f1ana y una sesi\u00f3n vespertina abierta al p\u00fablico","og_url":"https:\/\/www.laguiadepamplona.com\/actualidad\/del-amor-tragico-al-sentido-del-ridiculo-condestable-acogera-manana-un-abanico-de-emociones-con-la-narradora-eugenia-manzanera\/","og_site_name":"La Gu\u00eda de Pamplona","article_publisher":"https:\/\/www.facebook.com\/laguiadepamplonacom-133175176762273\/?ref=hl","article_published_time":"2016-11-10T11:54:06+00:00","article_modified_time":"2016-12-07T11:54:45+00:00","og_image":[{"width":1000,"height":672,"url":"https:\/\/www.laguiadepamplona.com\/actualidad\/wp-content\/uploads\/2016\/12\/narracion-oral.jpg","type":"image\/jpeg"}],"author":"La Gu\u00eda de Pamplona","twitter_card":"summary_large_image","twitter_creator":"@LaGuiadPamplona","twitter_site":"@LaGuiadPamplona","twitter_misc":{"Escrito por":"La Gu\u00eda de Pamplona","Tiempo de lectura":"3 minutos"},"schema":{"@context":"https:\/\/schema.org","@graph":[{"@type":"Article","@id":"https:\/\/www.laguiadepamplona.com\/actualidad\/del-amor-tragico-al-sentido-del-ridiculo-condestable-acogera-manana-un-abanico-de-emociones-con-la-narradora-eugenia-manzanera\/#article","isPartOf":{"@id":"https:\/\/www.laguiadepamplona.com\/actualidad\/del-amor-tragico-al-sentido-del-ridiculo-condestable-acogera-manana-un-abanico-de-emociones-con-la-narradora-eugenia-manzanera\/"},"author":{"name":"La Gu\u00eda de Pamplona","@id":"https:\/\/www.laguiadepamplona.com\/actualidad\/#\/schema\/person\/efe887376f0213d4657c93adc50b1fdb"},"headline":"Del amor tr\u00e1gico al sentido del rid\u00edculo: Condestable acoger\u00e1 ma\u00f1ana un abanico de emociones con la narradora Eugenia Manzanera","datePublished":"2016-11-10T11:54:06+00:00","dateModified":"2016-12-07T11:54:45+00:00","mainEntityOfPage":{"@id":"https:\/\/www.laguiadepamplona.com\/actualidad\/del-amor-tragico-al-sentido-del-ridiculo-condestable-acogera-manana-un-abanico-de-emociones-con-la-narradora-eugenia-manzanera\/"},"wordCount":705,"publisher":{"@id":"https:\/\/www.laguiadepamplona.com\/actualidad\/#organization"},"image":{"@id":"https:\/\/www.laguiadepamplona.com\/actualidad\/del-amor-tragico-al-sentido-del-ridiculo-condestable-acogera-manana-un-abanico-de-emociones-con-la-narradora-eugenia-manzanera\/#primaryimage"},"thumbnailUrl":"https:\/\/www.laguiadepamplona.com\/actualidad\/wp-content\/uploads\/2016\/12\/narracion-oral.jpg","articleSection":["Ayto Pamplona"],"inLanguage":"es"},{"@type":"WebPage","@id":"https:\/\/www.laguiadepamplona.com\/actualidad\/del-amor-tragico-al-sentido-del-ridiculo-condestable-acogera-manana-un-abanico-de-emociones-con-la-narradora-eugenia-manzanera\/","url":"https:\/\/www.laguiadepamplona.com\/actualidad\/del-amor-tragico-al-sentido-del-ridiculo-condestable-acogera-manana-un-abanico-de-emociones-con-la-narradora-eugenia-manzanera\/","name":"Del amor tr\u00e1gico al sentido del rid\u00edculo: Condestable acoger\u00e1 ma\u00f1ana un abanico de emociones con la narradora Eugenia Manzanera","isPartOf":{"@id":"https:\/\/www.laguiadepamplona.com\/actualidad\/#website"},"primaryImageOfPage":{"@id":"https:\/\/www.laguiadepamplona.com\/actualidad\/del-amor-tragico-al-sentido-del-ridiculo-condestable-acogera-manana-un-abanico-de-emociones-con-la-narradora-eugenia-manzanera\/#primaryimage"},"image":{"@id":"https:\/\/www.laguiadepamplona.com\/actualidad\/del-amor-tragico-al-sentido-del-ridiculo-condestable-acogera-manana-un-abanico-de-emociones-con-la-narradora-eugenia-manzanera\/#primaryimage"},"thumbnailUrl":"https:\/\/www.laguiadepamplona.com\/actualidad\/wp-content\/uploads\/2016\/12\/narracion-oral.jpg","datePublished":"2016-11-10T11:54:06+00:00","dateModified":"2016-12-07T11:54:45+00:00","breadcrumb":{"@id":"https:\/\/www.laguiadepamplona.com\/actualidad\/del-amor-tragico-al-sentido-del-ridiculo-condestable-acogera-manana-un-abanico-de-emociones-con-la-narradora-eugenia-manzanera\/#breadcrumb"},"inLanguage":"es","potentialAction":[{"@type":"ReadAction","target":["https:\/\/www.laguiadepamplona.com\/actualidad\/del-amor-tragico-al-sentido-del-ridiculo-condestable-acogera-manana-un-abanico-de-emociones-con-la-narradora-eugenia-manzanera\/"]}]},{"@type":"ImageObject","inLanguage":"es","@id":"https:\/\/www.laguiadepamplona.com\/actualidad\/del-amor-tragico-al-sentido-del-ridiculo-condestable-acogera-manana-un-abanico-de-emociones-con-la-narradora-eugenia-manzanera\/#primaryimage","url":"https:\/\/www.laguiadepamplona.com\/actualidad\/wp-content\/uploads\/2016\/12\/narracion-oral.jpg","contentUrl":"https:\/\/www.laguiadepamplona.com\/actualidad\/wp-content\/uploads\/2016\/12\/narracion-oral.jpg","width":1000,"height":672},{"@type":"BreadcrumbList","@id":"https:\/\/www.laguiadepamplona.com\/actualidad\/del-amor-tragico-al-sentido-del-ridiculo-condestable-acogera-manana-un-abanico-de-emociones-con-la-narradora-eugenia-manzanera\/#breadcrumb","itemListElement":[{"@type":"ListItem","position":1,"name":"Portada","item":"https:\/\/www.laguiadepamplona.com\/actualidad\/"},{"@type":"ListItem","position":2,"name":"Del amor tr\u00e1gico al sentido del rid\u00edculo: Condestable acoger\u00e1 ma\u00f1ana un abanico de emociones con la narradora Eugenia Manzanera"}]},{"@type":"WebSite","@id":"https:\/\/www.laguiadepamplona.com\/actualidad\/#website","url":"https:\/\/www.laguiadepamplona.com\/actualidad\/","name":"La gu\u00eda de Pamplona","description":"Noticias de Pamplona","publisher":{"@id":"https:\/\/www.laguiadepamplona.com\/actualidad\/#organization"},"potentialAction":[{"@type":"SearchAction","target":{"@type":"EntryPoint","urlTemplate":"https:\/\/www.laguiadepamplona.com\/actualidad\/?s={search_term_string}"},"query-input":{"@type":"PropertyValueSpecification","valueRequired":true,"valueName":"search_term_string"}}],"inLanguage":"es"},{"@type":"Organization","@id":"https:\/\/www.laguiadepamplona.com\/actualidad\/#organization","name":"La Gu\u00eda de Pamplona \/ Noticias","url":"https:\/\/www.laguiadepamplona.com\/actualidad\/","logo":{"@type":"ImageObject","inLanguage":"es","@id":"https:\/\/www.laguiadepamplona.com\/actualidad\/#\/schema\/logo\/image\/","url":"https:\/\/www.laguiadepamplona.com\/actualidad\/wp-content\/uploads\/2018\/11\/logo-laguiadepamplona18-web1.png","contentUrl":"https:\/\/www.laguiadepamplona.com\/actualidad\/wp-content\/uploads\/2018\/11\/logo-laguiadepamplona18-web1.png","width":600,"height":196,"caption":"La Gu\u00eda de Pamplona \/ Noticias"},"image":{"@id":"https:\/\/www.laguiadepamplona.com\/actualidad\/#\/schema\/logo\/image\/"},"sameAs":["https:\/\/www.facebook.com\/laguiadepamplonacom-133175176762273\/?ref=hl","https:\/\/x.com\/LaGuiadPamplona","https:\/\/www.instagram.com\/la_guia_de_pamplona\/","https:\/\/www.youtube.com\/user\/laguiadepamplona"]},{"@type":"Person","@id":"https:\/\/www.laguiadepamplona.com\/actualidad\/#\/schema\/person\/efe887376f0213d4657c93adc50b1fdb","name":"La Gu\u00eda de Pamplona","image":{"@type":"ImageObject","inLanguage":"es","@id":"https:\/\/secure.gravatar.com\/avatar\/b6992f131dc8d30ab0dff15446e9d346d9dbd95992de0fef795073f5ea83a81c?s=96&d=mm&r=g","url":"https:\/\/secure.gravatar.com\/avatar\/b6992f131dc8d30ab0dff15446e9d346d9dbd95992de0fef795073f5ea83a81c?s=96&d=mm&r=g","contentUrl":"https:\/\/secure.gravatar.com\/avatar\/b6992f131dc8d30ab0dff15446e9d346d9dbd95992de0fef795073f5ea83a81c?s=96&d=mm&r=g","caption":"La Gu\u00eda de Pamplona"}}]}},"post_mailing_queue_ids":[],"_links":{"self":[{"href":"https:\/\/www.laguiadepamplona.com\/actualidad\/wp-json\/wp\/v2\/posts\/11230","targetHints":{"allow":["GET"]}}],"collection":[{"href":"https:\/\/www.laguiadepamplona.com\/actualidad\/wp-json\/wp\/v2\/posts"}],"about":[{"href":"https:\/\/www.laguiadepamplona.com\/actualidad\/wp-json\/wp\/v2\/types\/post"}],"author":[{"embeddable":true,"href":"https:\/\/www.laguiadepamplona.com\/actualidad\/wp-json\/wp\/v2\/users\/1"}],"replies":[{"embeddable":true,"href":"https:\/\/www.laguiadepamplona.com\/actualidad\/wp-json\/wp\/v2\/comments?post=11230"}],"version-history":[{"count":0,"href":"https:\/\/www.laguiadepamplona.com\/actualidad\/wp-json\/wp\/v2\/posts\/11230\/revisions"}],"wp:featuredmedia":[{"embeddable":true,"href":"https:\/\/www.laguiadepamplona.com\/actualidad\/wp-json\/wp\/v2\/media\/11231"}],"wp:attachment":[{"href":"https:\/\/www.laguiadepamplona.com\/actualidad\/wp-json\/wp\/v2\/media?parent=11230"}],"wp:term":[{"taxonomy":"category","embeddable":true,"href":"https:\/\/www.laguiadepamplona.com\/actualidad\/wp-json\/wp\/v2\/categories?post=11230"},{"taxonomy":"post_tag","embeddable":true,"href":"https:\/\/www.laguiadepamplona.com\/actualidad\/wp-json\/wp\/v2\/tags?post=11230"}],"curies":[{"name":"wp","href":"https:\/\/api.w.org\/{rel}","templated":true}]}}