{"id":11228,"date":"2016-11-10T12:52:27","date_gmt":"2016-11-10T11:52:27","guid":{"rendered":"http:\/\/laguiadepamplona.es\/actualidad\/?p=11228"},"modified":"2016-12-07T12:53:18","modified_gmt":"2016-12-07T11:53:18","slug":"una-reflexion-sobre-los-limites-del-arte-y-un-dialogo-fotografico-con-obras-de-da-vinci-gaudi-monet-u-oteiza-nueva-propuesta-expositiva-del-pabellon-de-mixtos","status":"publish","type":"post","link":"https:\/\/www.laguiadepamplona.com\/actualidad\/una-reflexion-sobre-los-limites-del-arte-y-un-dialogo-fotografico-con-obras-de-da-vinci-gaudi-monet-u-oteiza-nueva-propuesta-expositiva-del-pabellon-de-mixtos\/","title":{"rendered":"Una reflexi\u00f3n sobre los l\u00edmites del arte y un di\u00e1logo fotogr\u00e1fico con obras de Da Vinci, Gaud\u00ed, Monet u Oteiza: nueva propuesta expositiva del Pabell\u00f3n de Mixtos"},"content":{"rendered":"<h3>Cuatro autores del Colectivo Zzzz funden su creatividad con otras propuestas art\u00edsticas como performance, m\u00fasica, literatura, tango o magia<\/h3>\n<p><!--more--><\/p>\n<p>Fotograf\u00edas de Enrique Aparicio, Jos\u00e9 Antonio Larrasoa\u00f1a, Ignacio de \u00c1lava y Paco Sada, realizadas a partir de una propuesta de trabajo conjunta en el seno del Colectivo Zzzz, son el centro de una exposici\u00f3n que abrir\u00e1 ma\u00f1ana sus puertas en el Pabell\u00f3n de Mixtos de la Ciudadela. La muestra, dem\u00e1s de una exposici\u00f3n, quiere ser una reflexi\u00f3n sobre el arte, concretamente, sobre qu\u00e9 es el arte y qu\u00e9 papel ocupa en \u00e9l la fotograf\u00eda. Tambi\u00e9n sobre la percepci\u00f3n hist\u00f3rica de la relevancia de las creaciones: la fotograf\u00eda digital de los autores, una tecnolog\u00eda infinitamente reproducible, quiere entablar un di\u00e1logo con creadores de obras unitarias, consideradas maestras, como las de Leonardo Da Vinci, Gaud\u00ed, Monet u Oteiza.<\/p>\n<p>Esta ma\u00f1ana los cuatro autores, junto con la directora del \u00c1rea de Cultura, Educaci\u00f3n, Pol\u00edtica Ling\u00fc\u00edstica y Deporte, Maitena Muruzabal, han presentado p\u00fablicamente los contenidos de la exposici\u00f3n y los par\u00e1metros de reflexi\u00f3n que hay detr\u00e1s de \u201cArte con min\u00fascula\u201d. La muestra, que se mantendr\u00e1 en la sala hasta el 8 de enero, est\u00e1 comisariada por Jorge Latorre, doctor en Historia del Arte y especialista en cr\u00edtica y cultura de la imagen, literatura comparada e imagolog\u00eda (estudios visuales). Podr\u00e1 visitarse de martes a viernes de 18 a 20.30 horas, los s\u00e1bados de 12 a 14 y de 18 a 20.30 horas, y los domingos y festivos, de 12 a 14 horas.<\/p>\n<p>En esa din\u00e1mica de exploraci\u00f3n de la creatividad, adem\u00e1s de las habituales visitas guiadas a la exposici\u00f3n, que en este caso tendr\u00e1n lugar los d\u00edas 19 y 26 de noviembre y 11 de diciembre con los autores, y el d\u00eda 22 de diciembre con el comisario, en esta ocasi\u00f3n est\u00e1n previstas otras manifestaciones art\u00edsticas complementarias como performance, m\u00fasica de distintos estilos, literatura, poes\u00eda, tango o magia. Todas ellas tendr\u00e1n lugar en el Pabell\u00f3n de Mixtos en distintas fechas y horarios. El Colectivo Zzzz, del que los cuatro autores son cofundadores,celebr\u00f3 su primera reuni\u00f3n un 30 de mayo de 2013 y quiere ser un espacio de encuentro, descubrimiento y creaci\u00f3n donde cada integrante sigue teniendo su enfoque personal y proyecto propio con un nexo: la fotograf\u00eda.<\/p>\n<p><strong>Los autores\/ Colectivo Zzzz<\/strong><\/p>\n<p><strong><u>Enrique Aparicio<\/u><\/strong><\/p>\n<p>Pamplona, 1954. Comenz\u00f3 su andadura fotogr\u00e1fica cuando era un ni\u00f1o y, tras obtener el carn\u00e9 de fot\u00f3grafo profesional, trabaj\u00f3 en el sector durante 12 a\u00f1os en los realiz\u00f3 varias exposiciones en Pamplona, Burlada, Tudela, y Madrid, ganando varios premios nacionales. En 1985 cambi\u00f3 de oficio y desde entonces solo se dedicaba a las fotos familiares. Cuando en 2003 compr\u00f3 su primera c\u00e1mara compacta digital retom\u00f3 su pasi\u00f3n por la fotograf\u00eda centrado en temas de naturaleza. Desde 2008 tiene su pagina web y en 2013 fue uno de los cofundadores del Colectivo Zzzz.<\/p>\n<p><strong><u>Ignacio De \u00c1lava<\/u><\/strong><\/p>\n<p>Pamplona, 1974. Se inici\u00f3 en la fotograf\u00eda a temprana edad, de forma que a lo largo de los a\u00f1os ha trabajado en formato qu\u00edmico y digital. Desde la llegada de la fotograf\u00eda digital ha ido mejorando su aprendizaje y su t\u00e9cnica en el taller de fotograf\u00eda de Zizur Mayor impartido por Carlos C\u00e1novas. Ha trabajado el mundo del espect\u00e1culo, del arte, del teatro, las gentes y sus aficiones, hasta poder hablar de temas como fotograf\u00eda social y de viaje, aunque poco a poco ha ido desplazando su quehacer hacia temas m\u00e1s abstractos. Desde el a\u00f1o 2013, ha sido dinamizador fotogr\u00e1fico a trav\u00e9s del Colectivo Zzzz en Pamplona, del que es cofundador. Dise\u00f1o este proyecto colectivo que inicialmente integraba a m\u00e1s autores bajo el nombre \u201cA prop\u00f3sito de\u201d.<\/p>\n<p><strong><u>Jos\u00e9 Antonio Larrasoa\u00f1a<\/u><\/strong><\/p>\n<p>Pamplona, 1966. Inici\u00f3 su temprana andadura fotogr\u00e1fica sin alcanzar la mayor\u00eda de edad, primero por la inercia de su familia y luego bajo el concepto autodidacta. Pero quiz\u00e1s la visi\u00f3n fotogr\u00e1fica como una disciplina art\u00edstica le fue marcada por Carlos C\u00e1novas. En la era digital, primero hubo una fase de participaci\u00f3n en concursos fotogr\u00e1ficos nacionales y locales, donde aparte de obtener alg\u00fan premio, le permiti\u00f3 experimentar para configurar su propio estilo fotogr\u00e1fico. En los \u00faltimos a\u00f1os, en los que evoluciona hacia un trabajo en proyectos como \u201cAtrapados\u201d, \u201cVida en el r\u00edo\u201d o \u201cEnmascarados\u201d, participa en varias exposiciones colectivas de diversas tem\u00e1ticas. Tambi\u00e9n fue confundador del Colectivo Zzzz.<\/p>\n<p><strong><u>Paco Sada<\/u><\/strong><\/p>\n<p>San Mart\u00edn de Unx, 1961. Se inici\u00f3 en la fotograf\u00eda de manera aficionada, autodidacta y relativamente tarde, ya en entorno digital. Su progresi\u00f3n como fot\u00f3grafo ha venido a trav\u00e9s del fot\u00f3grafo y profesor, Carlos C\u00e1novas. Sus primeros trabajos son de tem\u00e1tica paisajista, evolucionando hacia temas m\u00e1s abstractos, buscando la geometr\u00eda, la textura, el movimiento. Desde el a\u00f1o 2013, ha sido dinamizador fotogr\u00e1fico a trav\u00e9s de la fundaci\u00f3n del Colectivo Zzzz en Pamplona y participa desde hace a\u00f1os en el Colectivo Higuera de Tafalla.<\/p>\n<p><strong>Programa de actividades y visitas guiadas. Sala de Mixtos (1\u00aa planta)<\/strong><\/p>\n<p><strong><u>VISITAS GUIADAS<\/u><\/strong><\/p>\n<ul>\n<li><strong>Visitas guiadas por los autores<\/strong><\/li>\n<\/ul>\n<p><strong>Fechas: <\/strong>s\u00e1bados 19 y 26 de noviembre, y 11 de diciembre<\/p>\n<p><strong>Hora: <\/strong>12 horas<\/p>\n<p><strong>Duraci\u00f3n: <\/strong>40 minutos<\/p>\n<ul>\n<li><strong>Visita guiada con el comisario de la exposici\u00f3n, Jorge Latorre<\/strong><\/li>\n<\/ul>\n<p><strong>Fecha: <\/strong>jueves 22 de diciembre<\/p>\n<p><strong>Hora: <\/strong>19 horas<\/p>\n<p><strong>Duraci\u00f3n: <\/strong>40 minutos<\/p>\n<p><strong><u>ACTIVIDADES<\/u><\/strong><\/p>\n<ul>\n<li><strong>S\u00e1bado 12 de noviembre. 19 horas<\/strong><\/li>\n<\/ul>\n<p><strong>Argirik. <\/strong>Acci\u00f3n performativa de Aitziber Urtasun: encuentro con la poes\u00eda de Oteiza y las fotograf\u00edas de Ignacio de \u00c1lava<\/p>\n<ul>\n<li><strong>S\u00e1bado 19 de noviembre. 19 horas<\/strong><\/li>\n<\/ul>\n<p><strong>Concierto de Descalzos 66. <\/strong>Encuentro de la m\u00fasica de Descalzos 66 con las fotograf\u00edas de Enrique Aparicio, Ignacio de \u00c1lava, Jos\u00e9 A. Larrasoa\u00f1a y Paco Sada<\/p>\n<ul>\n<li><strong>Mi\u00e9rcoles 23 de noviembre. 19 horas<\/strong><\/li>\n<\/ul>\n<p><strong>FOTObook. <\/strong>Lleva tu libro favorito, comenta por qu\u00e9 te gusta y d\u00e9janoslo ver<\/p>\n<ul>\n<li><strong>S\u00e1bado 26 de noviembre. 19 horas<\/strong><\/li>\n<\/ul>\n<p><strong>Divertimento po\u00e9tico sobre Monet. <\/strong>Lectura del divertimento de Oteiza sobre Monet. Atr\u00e9vete a leerla con nosotros, con la ayuda de la actriz Rosa Nagore, y descubrir su significado para ti<\/p>\n<ul>\n<li><strong>S\u00e1bado 10 de diciembre. 12 y 18 horas<\/strong><\/li>\n<\/ul>\n<p><strong>Tango. <\/strong>Con motivo de la celebraci\u00f3n del d\u00eda mundial del tango, recital de poes\u00eda y tangos a las 12 horas y Milonga a las 18 horas. Encuentro del baile del tango, de la poes\u00eda y de las fotograf\u00edas de Enrique Aparicio, Ignacio de \u00c1lava, Jos\u00e9 A. Larrasoa\u00f1a y Paco Sada<\/p>\n<ul>\n<li><strong>S\u00e1bado 17 de diciembre. 19.30 horas<\/strong><\/li>\n<\/ul>\n<p><strong>D\u00fao Biselle. <\/strong>Encuentro de la m\u00fasica de las flautas de Idoia Izura e Irene Rumayor con las fotograf\u00edas de Enrique Aparicio<\/p>\n<ul>\n<li><strong>Viernes 23 de diciembre. 19 horas<\/strong><\/li>\n<\/ul>\n<p><strong>El mago Numis. <\/strong>Encuentro con la magia del mago Numis con las fotograf\u00edas de Enrique Aparicio, Ignacio de \u00c1lava, Jos\u00e9 A. Larrasoa\u00f1a y Paco Sada<\/p>\n<p>&nbsp;<\/p>\n","protected":false},"excerpt":{"rendered":"<p>Cuatro autores del Colectivo Zzzz funden su creatividad con otras propuestas art\u00edsticas como performance, m\u00fasica, literatura, tango o magia<\/p>\n","protected":false},"author":1,"featured_media":11088,"comment_status":"closed","ping_status":"closed","sticky":false,"template":"","format":"standard","meta":{"footnotes":""},"categories":[2],"tags":[],"class_list":["post-11228","post","type-post","status-publish","format-standard","has-post-thumbnail","hentry","category-ayuntamiento-pamplona"],"yoast_head":"<!-- This site is optimized with the Yoast SEO plugin v27.5 - https:\/\/yoast.com\/product\/yoast-seo-wordpress\/ -->\n<title>Una reflexi\u00f3n sobre los l\u00edmites del arte y un di\u00e1logo fotogr\u00e1fico con obras de Da Vinci, Gaud\u00ed, Monet u Oteiza: nueva propuesta expositiva del Pabell\u00f3n de Mixtos<\/title>\n<meta name=\"robots\" content=\"index, follow, max-snippet:-1, max-image-preview:large, max-video-preview:-1\" \/>\n<link rel=\"canonical\" href=\"https:\/\/www.laguiadepamplona.com\/actualidad\/una-reflexion-sobre-los-limites-del-arte-y-un-dialogo-fotografico-con-obras-de-da-vinci-gaudi-monet-u-oteiza-nueva-propuesta-expositiva-del-pabellon-de-mixtos\/\" \/>\n<meta property=\"og:locale\" content=\"es_ES\" \/>\n<meta property=\"og:type\" content=\"article\" \/>\n<meta property=\"og:title\" content=\"Una reflexi\u00f3n sobre los l\u00edmites del arte y un di\u00e1logo fotogr\u00e1fico con obras de Da Vinci, Gaud\u00ed, Monet u Oteiza: nueva propuesta expositiva del Pabell\u00f3n de Mixtos\" \/>\n<meta property=\"og:description\" content=\"Cuatro autores del Colectivo Zzzz funden su creatividad con otras propuestas art\u00edsticas como performance, m\u00fasica, literatura, tango o magia\" \/>\n<meta property=\"og:url\" content=\"https:\/\/www.laguiadepamplona.com\/actualidad\/una-reflexion-sobre-los-limites-del-arte-y-un-dialogo-fotografico-con-obras-de-da-vinci-gaudi-monet-u-oteiza-nueva-propuesta-expositiva-del-pabellon-de-mixtos\/\" \/>\n<meta property=\"og:site_name\" content=\"La Gu\u00eda de Pamplona\" \/>\n<meta property=\"article:publisher\" content=\"https:\/\/www.facebook.com\/laguiadepamplonacom-133175176762273\/?ref=hl\" \/>\n<meta property=\"article:published_time\" content=\"2016-11-10T11:52:27+00:00\" \/>\n<meta property=\"article:modified_time\" content=\"2016-12-07T11:53:18+00:00\" \/>\n<meta property=\"og:image\" content=\"https:\/\/www.laguiadepamplona.com\/actualidad\/wp-content\/uploads\/2016\/12\/pabellon_mixtos_ciudadela.jpg\" \/>\n\t<meta property=\"og:image:width\" content=\"1000\" \/>\n\t<meta property=\"og:image:height\" content=\"667\" \/>\n\t<meta property=\"og:image:type\" content=\"image\/jpeg\" \/>\n<meta name=\"author\" content=\"La Gu\u00eda de Pamplona\" \/>\n<meta name=\"twitter:card\" content=\"summary_large_image\" \/>\n<meta name=\"twitter:creator\" content=\"@LaGuiadPamplona\" \/>\n<meta name=\"twitter:site\" content=\"@LaGuiadPamplona\" \/>\n<meta name=\"twitter:label1\" content=\"Escrito por\" \/>\n\t<meta name=\"twitter:data1\" content=\"La Gu\u00eda de Pamplona\" \/>\n\t<meta name=\"twitter:label2\" content=\"Tiempo de lectura\" \/>\n\t<meta name=\"twitter:data2\" content=\"6 minutos\" \/>\n<script type=\"application\/ld+json\" class=\"yoast-schema-graph\">{\"@context\":\"https:\\\/\\\/schema.org\",\"@graph\":[{\"@type\":\"Article\",\"@id\":\"https:\\\/\\\/www.laguiadepamplona.com\\\/actualidad\\\/una-reflexion-sobre-los-limites-del-arte-y-un-dialogo-fotografico-con-obras-de-da-vinci-gaudi-monet-u-oteiza-nueva-propuesta-expositiva-del-pabellon-de-mixtos\\\/#article\",\"isPartOf\":{\"@id\":\"https:\\\/\\\/www.laguiadepamplona.com\\\/actualidad\\\/una-reflexion-sobre-los-limites-del-arte-y-un-dialogo-fotografico-con-obras-de-da-vinci-gaudi-monet-u-oteiza-nueva-propuesta-expositiva-del-pabellon-de-mixtos\\\/\"},\"author\":{\"name\":\"La Gu\u00eda de Pamplona\",\"@id\":\"https:\\\/\\\/www.laguiadepamplona.com\\\/actualidad\\\/#\\\/schema\\\/person\\\/efe887376f0213d4657c93adc50b1fdb\"},\"headline\":\"Una reflexi\u00f3n sobre los l\u00edmites del arte y un di\u00e1logo fotogr\u00e1fico con obras de Da Vinci, Gaud\u00ed, Monet u Oteiza: nueva propuesta expositiva del Pabell\u00f3n de Mixtos\",\"datePublished\":\"2016-11-10T11:52:27+00:00\",\"dateModified\":\"2016-12-07T11:53:18+00:00\",\"mainEntityOfPage\":{\"@id\":\"https:\\\/\\\/www.laguiadepamplona.com\\\/actualidad\\\/una-reflexion-sobre-los-limites-del-arte-y-un-dialogo-fotografico-con-obras-de-da-vinci-gaudi-monet-u-oteiza-nueva-propuesta-expositiva-del-pabellon-de-mixtos\\\/\"},\"wordCount\":1190,\"publisher\":{\"@id\":\"https:\\\/\\\/www.laguiadepamplona.com\\\/actualidad\\\/#organization\"},\"image\":{\"@id\":\"https:\\\/\\\/www.laguiadepamplona.com\\\/actualidad\\\/una-reflexion-sobre-los-limites-del-arte-y-un-dialogo-fotografico-con-obras-de-da-vinci-gaudi-monet-u-oteiza-nueva-propuesta-expositiva-del-pabellon-de-mixtos\\\/#primaryimage\"},\"thumbnailUrl\":\"https:\\\/\\\/www.laguiadepamplona.com\\\/actualidad\\\/wp-content\\\/uploads\\\/2016\\\/12\\\/pabellon_mixtos_ciudadela.jpg\",\"articleSection\":[\"Ayto Pamplona\"],\"inLanguage\":\"es\"},{\"@type\":\"WebPage\",\"@id\":\"https:\\\/\\\/www.laguiadepamplona.com\\\/actualidad\\\/una-reflexion-sobre-los-limites-del-arte-y-un-dialogo-fotografico-con-obras-de-da-vinci-gaudi-monet-u-oteiza-nueva-propuesta-expositiva-del-pabellon-de-mixtos\\\/\",\"url\":\"https:\\\/\\\/www.laguiadepamplona.com\\\/actualidad\\\/una-reflexion-sobre-los-limites-del-arte-y-un-dialogo-fotografico-con-obras-de-da-vinci-gaudi-monet-u-oteiza-nueva-propuesta-expositiva-del-pabellon-de-mixtos\\\/\",\"name\":\"Una reflexi\u00f3n sobre los l\u00edmites del arte y un di\u00e1logo fotogr\u00e1fico con obras de Da Vinci, Gaud\u00ed, Monet u Oteiza: nueva propuesta expositiva del Pabell\u00f3n de Mixtos\",\"isPartOf\":{\"@id\":\"https:\\\/\\\/www.laguiadepamplona.com\\\/actualidad\\\/#website\"},\"primaryImageOfPage\":{\"@id\":\"https:\\\/\\\/www.laguiadepamplona.com\\\/actualidad\\\/una-reflexion-sobre-los-limites-del-arte-y-un-dialogo-fotografico-con-obras-de-da-vinci-gaudi-monet-u-oteiza-nueva-propuesta-expositiva-del-pabellon-de-mixtos\\\/#primaryimage\"},\"image\":{\"@id\":\"https:\\\/\\\/www.laguiadepamplona.com\\\/actualidad\\\/una-reflexion-sobre-los-limites-del-arte-y-un-dialogo-fotografico-con-obras-de-da-vinci-gaudi-monet-u-oteiza-nueva-propuesta-expositiva-del-pabellon-de-mixtos\\\/#primaryimage\"},\"thumbnailUrl\":\"https:\\\/\\\/www.laguiadepamplona.com\\\/actualidad\\\/wp-content\\\/uploads\\\/2016\\\/12\\\/pabellon_mixtos_ciudadela.jpg\",\"datePublished\":\"2016-11-10T11:52:27+00:00\",\"dateModified\":\"2016-12-07T11:53:18+00:00\",\"breadcrumb\":{\"@id\":\"https:\\\/\\\/www.laguiadepamplona.com\\\/actualidad\\\/una-reflexion-sobre-los-limites-del-arte-y-un-dialogo-fotografico-con-obras-de-da-vinci-gaudi-monet-u-oteiza-nueva-propuesta-expositiva-del-pabellon-de-mixtos\\\/#breadcrumb\"},\"inLanguage\":\"es\",\"potentialAction\":[{\"@type\":\"ReadAction\",\"target\":[\"https:\\\/\\\/www.laguiadepamplona.com\\\/actualidad\\\/una-reflexion-sobre-los-limites-del-arte-y-un-dialogo-fotografico-con-obras-de-da-vinci-gaudi-monet-u-oteiza-nueva-propuesta-expositiva-del-pabellon-de-mixtos\\\/\"]}]},{\"@type\":\"ImageObject\",\"inLanguage\":\"es\",\"@id\":\"https:\\\/\\\/www.laguiadepamplona.com\\\/actualidad\\\/una-reflexion-sobre-los-limites-del-arte-y-un-dialogo-fotografico-con-obras-de-da-vinci-gaudi-monet-u-oteiza-nueva-propuesta-expositiva-del-pabellon-de-mixtos\\\/#primaryimage\",\"url\":\"https:\\\/\\\/www.laguiadepamplona.com\\\/actualidad\\\/wp-content\\\/uploads\\\/2016\\\/12\\\/pabellon_mixtos_ciudadela.jpg\",\"contentUrl\":\"https:\\\/\\\/www.laguiadepamplona.com\\\/actualidad\\\/wp-content\\\/uploads\\\/2016\\\/12\\\/pabellon_mixtos_ciudadela.jpg\",\"width\":1000,\"height\":667},{\"@type\":\"BreadcrumbList\",\"@id\":\"https:\\\/\\\/www.laguiadepamplona.com\\\/actualidad\\\/una-reflexion-sobre-los-limites-del-arte-y-un-dialogo-fotografico-con-obras-de-da-vinci-gaudi-monet-u-oteiza-nueva-propuesta-expositiva-del-pabellon-de-mixtos\\\/#breadcrumb\",\"itemListElement\":[{\"@type\":\"ListItem\",\"position\":1,\"name\":\"Portada\",\"item\":\"https:\\\/\\\/www.laguiadepamplona.com\\\/actualidad\\\/\"},{\"@type\":\"ListItem\",\"position\":2,\"name\":\"Una reflexi\u00f3n sobre los l\u00edmites del arte y un di\u00e1logo fotogr\u00e1fico con obras de Da Vinci, Gaud\u00ed, Monet u Oteiza: nueva propuesta expositiva del Pabell\u00f3n de Mixtos\"}]},{\"@type\":\"WebSite\",\"@id\":\"https:\\\/\\\/www.laguiadepamplona.com\\\/actualidad\\\/#website\",\"url\":\"https:\\\/\\\/www.laguiadepamplona.com\\\/actualidad\\\/\",\"name\":\"La gu\u00eda de Pamplona\",\"description\":\"Noticias de Pamplona\",\"publisher\":{\"@id\":\"https:\\\/\\\/www.laguiadepamplona.com\\\/actualidad\\\/#organization\"},\"potentialAction\":[{\"@type\":\"SearchAction\",\"target\":{\"@type\":\"EntryPoint\",\"urlTemplate\":\"https:\\\/\\\/www.laguiadepamplona.com\\\/actualidad\\\/?s={search_term_string}\"},\"query-input\":{\"@type\":\"PropertyValueSpecification\",\"valueRequired\":true,\"valueName\":\"search_term_string\"}}],\"inLanguage\":\"es\"},{\"@type\":\"Organization\",\"@id\":\"https:\\\/\\\/www.laguiadepamplona.com\\\/actualidad\\\/#organization\",\"name\":\"La Gu\u00eda de Pamplona \\\/ Noticias\",\"url\":\"https:\\\/\\\/www.laguiadepamplona.com\\\/actualidad\\\/\",\"logo\":{\"@type\":\"ImageObject\",\"inLanguage\":\"es\",\"@id\":\"https:\\\/\\\/www.laguiadepamplona.com\\\/actualidad\\\/#\\\/schema\\\/logo\\\/image\\\/\",\"url\":\"https:\\\/\\\/www.laguiadepamplona.com\\\/actualidad\\\/wp-content\\\/uploads\\\/2018\\\/11\\\/logo-laguiadepamplona18-web1.png\",\"contentUrl\":\"https:\\\/\\\/www.laguiadepamplona.com\\\/actualidad\\\/wp-content\\\/uploads\\\/2018\\\/11\\\/logo-laguiadepamplona18-web1.png\",\"width\":600,\"height\":196,\"caption\":\"La Gu\u00eda de Pamplona \\\/ Noticias\"},\"image\":{\"@id\":\"https:\\\/\\\/www.laguiadepamplona.com\\\/actualidad\\\/#\\\/schema\\\/logo\\\/image\\\/\"},\"sameAs\":[\"https:\\\/\\\/www.facebook.com\\\/laguiadepamplonacom-133175176762273\\\/?ref=hl\",\"https:\\\/\\\/x.com\\\/LaGuiadPamplona\",\"https:\\\/\\\/www.instagram.com\\\/la_guia_de_pamplona\\\/\",\"https:\\\/\\\/www.youtube.com\\\/user\\\/laguiadepamplona\"]},{\"@type\":\"Person\",\"@id\":\"https:\\\/\\\/www.laguiadepamplona.com\\\/actualidad\\\/#\\\/schema\\\/person\\\/efe887376f0213d4657c93adc50b1fdb\",\"name\":\"La Gu\u00eda de Pamplona\",\"image\":{\"@type\":\"ImageObject\",\"inLanguage\":\"es\",\"@id\":\"https:\\\/\\\/secure.gravatar.com\\\/avatar\\\/b6992f131dc8d30ab0dff15446e9d346d9dbd95992de0fef795073f5ea83a81c?s=96&d=mm&r=g\",\"url\":\"https:\\\/\\\/secure.gravatar.com\\\/avatar\\\/b6992f131dc8d30ab0dff15446e9d346d9dbd95992de0fef795073f5ea83a81c?s=96&d=mm&r=g\",\"contentUrl\":\"https:\\\/\\\/secure.gravatar.com\\\/avatar\\\/b6992f131dc8d30ab0dff15446e9d346d9dbd95992de0fef795073f5ea83a81c?s=96&d=mm&r=g\",\"caption\":\"La Gu\u00eda de Pamplona\"}}]}<\/script>\n<!-- \/ Yoast SEO plugin. -->","yoast_head_json":{"title":"Una reflexi\u00f3n sobre los l\u00edmites del arte y un di\u00e1logo fotogr\u00e1fico con obras de Da Vinci, Gaud\u00ed, Monet u Oteiza: nueva propuesta expositiva del Pabell\u00f3n de Mixtos","robots":{"index":"index","follow":"follow","max-snippet":"max-snippet:-1","max-image-preview":"max-image-preview:large","max-video-preview":"max-video-preview:-1"},"canonical":"https:\/\/www.laguiadepamplona.com\/actualidad\/una-reflexion-sobre-los-limites-del-arte-y-un-dialogo-fotografico-con-obras-de-da-vinci-gaudi-monet-u-oteiza-nueva-propuesta-expositiva-del-pabellon-de-mixtos\/","og_locale":"es_ES","og_type":"article","og_title":"Una reflexi\u00f3n sobre los l\u00edmites del arte y un di\u00e1logo fotogr\u00e1fico con obras de Da Vinci, Gaud\u00ed, Monet u Oteiza: nueva propuesta expositiva del Pabell\u00f3n de Mixtos","og_description":"Cuatro autores del Colectivo Zzzz funden su creatividad con otras propuestas art\u00edsticas como performance, m\u00fasica, literatura, tango o magia","og_url":"https:\/\/www.laguiadepamplona.com\/actualidad\/una-reflexion-sobre-los-limites-del-arte-y-un-dialogo-fotografico-con-obras-de-da-vinci-gaudi-monet-u-oteiza-nueva-propuesta-expositiva-del-pabellon-de-mixtos\/","og_site_name":"La Gu\u00eda de Pamplona","article_publisher":"https:\/\/www.facebook.com\/laguiadepamplonacom-133175176762273\/?ref=hl","article_published_time":"2016-11-10T11:52:27+00:00","article_modified_time":"2016-12-07T11:53:18+00:00","og_image":[{"width":1000,"height":667,"url":"https:\/\/www.laguiadepamplona.com\/actualidad\/wp-content\/uploads\/2016\/12\/pabellon_mixtos_ciudadela.jpg","type":"image\/jpeg"}],"author":"La Gu\u00eda de Pamplona","twitter_card":"summary_large_image","twitter_creator":"@LaGuiadPamplona","twitter_site":"@LaGuiadPamplona","twitter_misc":{"Escrito por":"La Gu\u00eda de Pamplona","Tiempo de lectura":"6 minutos"},"schema":{"@context":"https:\/\/schema.org","@graph":[{"@type":"Article","@id":"https:\/\/www.laguiadepamplona.com\/actualidad\/una-reflexion-sobre-los-limites-del-arte-y-un-dialogo-fotografico-con-obras-de-da-vinci-gaudi-monet-u-oteiza-nueva-propuesta-expositiva-del-pabellon-de-mixtos\/#article","isPartOf":{"@id":"https:\/\/www.laguiadepamplona.com\/actualidad\/una-reflexion-sobre-los-limites-del-arte-y-un-dialogo-fotografico-con-obras-de-da-vinci-gaudi-monet-u-oteiza-nueva-propuesta-expositiva-del-pabellon-de-mixtos\/"},"author":{"name":"La Gu\u00eda de Pamplona","@id":"https:\/\/www.laguiadepamplona.com\/actualidad\/#\/schema\/person\/efe887376f0213d4657c93adc50b1fdb"},"headline":"Una reflexi\u00f3n sobre los l\u00edmites del arte y un di\u00e1logo fotogr\u00e1fico con obras de Da Vinci, Gaud\u00ed, Monet u Oteiza: nueva propuesta expositiva del Pabell\u00f3n de Mixtos","datePublished":"2016-11-10T11:52:27+00:00","dateModified":"2016-12-07T11:53:18+00:00","mainEntityOfPage":{"@id":"https:\/\/www.laguiadepamplona.com\/actualidad\/una-reflexion-sobre-los-limites-del-arte-y-un-dialogo-fotografico-con-obras-de-da-vinci-gaudi-monet-u-oteiza-nueva-propuesta-expositiva-del-pabellon-de-mixtos\/"},"wordCount":1190,"publisher":{"@id":"https:\/\/www.laguiadepamplona.com\/actualidad\/#organization"},"image":{"@id":"https:\/\/www.laguiadepamplona.com\/actualidad\/una-reflexion-sobre-los-limites-del-arte-y-un-dialogo-fotografico-con-obras-de-da-vinci-gaudi-monet-u-oteiza-nueva-propuesta-expositiva-del-pabellon-de-mixtos\/#primaryimage"},"thumbnailUrl":"https:\/\/www.laguiadepamplona.com\/actualidad\/wp-content\/uploads\/2016\/12\/pabellon_mixtos_ciudadela.jpg","articleSection":["Ayto Pamplona"],"inLanguage":"es"},{"@type":"WebPage","@id":"https:\/\/www.laguiadepamplona.com\/actualidad\/una-reflexion-sobre-los-limites-del-arte-y-un-dialogo-fotografico-con-obras-de-da-vinci-gaudi-monet-u-oteiza-nueva-propuesta-expositiva-del-pabellon-de-mixtos\/","url":"https:\/\/www.laguiadepamplona.com\/actualidad\/una-reflexion-sobre-los-limites-del-arte-y-un-dialogo-fotografico-con-obras-de-da-vinci-gaudi-monet-u-oteiza-nueva-propuesta-expositiva-del-pabellon-de-mixtos\/","name":"Una reflexi\u00f3n sobre los l\u00edmites del arte y un di\u00e1logo fotogr\u00e1fico con obras de Da Vinci, Gaud\u00ed, Monet u Oteiza: nueva propuesta expositiva del Pabell\u00f3n de Mixtos","isPartOf":{"@id":"https:\/\/www.laguiadepamplona.com\/actualidad\/#website"},"primaryImageOfPage":{"@id":"https:\/\/www.laguiadepamplona.com\/actualidad\/una-reflexion-sobre-los-limites-del-arte-y-un-dialogo-fotografico-con-obras-de-da-vinci-gaudi-monet-u-oteiza-nueva-propuesta-expositiva-del-pabellon-de-mixtos\/#primaryimage"},"image":{"@id":"https:\/\/www.laguiadepamplona.com\/actualidad\/una-reflexion-sobre-los-limites-del-arte-y-un-dialogo-fotografico-con-obras-de-da-vinci-gaudi-monet-u-oteiza-nueva-propuesta-expositiva-del-pabellon-de-mixtos\/#primaryimage"},"thumbnailUrl":"https:\/\/www.laguiadepamplona.com\/actualidad\/wp-content\/uploads\/2016\/12\/pabellon_mixtos_ciudadela.jpg","datePublished":"2016-11-10T11:52:27+00:00","dateModified":"2016-12-07T11:53:18+00:00","breadcrumb":{"@id":"https:\/\/www.laguiadepamplona.com\/actualidad\/una-reflexion-sobre-los-limites-del-arte-y-un-dialogo-fotografico-con-obras-de-da-vinci-gaudi-monet-u-oteiza-nueva-propuesta-expositiva-del-pabellon-de-mixtos\/#breadcrumb"},"inLanguage":"es","potentialAction":[{"@type":"ReadAction","target":["https:\/\/www.laguiadepamplona.com\/actualidad\/una-reflexion-sobre-los-limites-del-arte-y-un-dialogo-fotografico-con-obras-de-da-vinci-gaudi-monet-u-oteiza-nueva-propuesta-expositiva-del-pabellon-de-mixtos\/"]}]},{"@type":"ImageObject","inLanguage":"es","@id":"https:\/\/www.laguiadepamplona.com\/actualidad\/una-reflexion-sobre-los-limites-del-arte-y-un-dialogo-fotografico-con-obras-de-da-vinci-gaudi-monet-u-oteiza-nueva-propuesta-expositiva-del-pabellon-de-mixtos\/#primaryimage","url":"https:\/\/www.laguiadepamplona.com\/actualidad\/wp-content\/uploads\/2016\/12\/pabellon_mixtos_ciudadela.jpg","contentUrl":"https:\/\/www.laguiadepamplona.com\/actualidad\/wp-content\/uploads\/2016\/12\/pabellon_mixtos_ciudadela.jpg","width":1000,"height":667},{"@type":"BreadcrumbList","@id":"https:\/\/www.laguiadepamplona.com\/actualidad\/una-reflexion-sobre-los-limites-del-arte-y-un-dialogo-fotografico-con-obras-de-da-vinci-gaudi-monet-u-oteiza-nueva-propuesta-expositiva-del-pabellon-de-mixtos\/#breadcrumb","itemListElement":[{"@type":"ListItem","position":1,"name":"Portada","item":"https:\/\/www.laguiadepamplona.com\/actualidad\/"},{"@type":"ListItem","position":2,"name":"Una reflexi\u00f3n sobre los l\u00edmites del arte y un di\u00e1logo fotogr\u00e1fico con obras de Da Vinci, Gaud\u00ed, Monet u Oteiza: nueva propuesta expositiva del Pabell\u00f3n de Mixtos"}]},{"@type":"WebSite","@id":"https:\/\/www.laguiadepamplona.com\/actualidad\/#website","url":"https:\/\/www.laguiadepamplona.com\/actualidad\/","name":"La gu\u00eda de Pamplona","description":"Noticias de Pamplona","publisher":{"@id":"https:\/\/www.laguiadepamplona.com\/actualidad\/#organization"},"potentialAction":[{"@type":"SearchAction","target":{"@type":"EntryPoint","urlTemplate":"https:\/\/www.laguiadepamplona.com\/actualidad\/?s={search_term_string}"},"query-input":{"@type":"PropertyValueSpecification","valueRequired":true,"valueName":"search_term_string"}}],"inLanguage":"es"},{"@type":"Organization","@id":"https:\/\/www.laguiadepamplona.com\/actualidad\/#organization","name":"La Gu\u00eda de Pamplona \/ Noticias","url":"https:\/\/www.laguiadepamplona.com\/actualidad\/","logo":{"@type":"ImageObject","inLanguage":"es","@id":"https:\/\/www.laguiadepamplona.com\/actualidad\/#\/schema\/logo\/image\/","url":"https:\/\/www.laguiadepamplona.com\/actualidad\/wp-content\/uploads\/2018\/11\/logo-laguiadepamplona18-web1.png","contentUrl":"https:\/\/www.laguiadepamplona.com\/actualidad\/wp-content\/uploads\/2018\/11\/logo-laguiadepamplona18-web1.png","width":600,"height":196,"caption":"La Gu\u00eda de Pamplona \/ Noticias"},"image":{"@id":"https:\/\/www.laguiadepamplona.com\/actualidad\/#\/schema\/logo\/image\/"},"sameAs":["https:\/\/www.facebook.com\/laguiadepamplonacom-133175176762273\/?ref=hl","https:\/\/x.com\/LaGuiadPamplona","https:\/\/www.instagram.com\/la_guia_de_pamplona\/","https:\/\/www.youtube.com\/user\/laguiadepamplona"]},{"@type":"Person","@id":"https:\/\/www.laguiadepamplona.com\/actualidad\/#\/schema\/person\/efe887376f0213d4657c93adc50b1fdb","name":"La Gu\u00eda de Pamplona","image":{"@type":"ImageObject","inLanguage":"es","@id":"https:\/\/secure.gravatar.com\/avatar\/b6992f131dc8d30ab0dff15446e9d346d9dbd95992de0fef795073f5ea83a81c?s=96&d=mm&r=g","url":"https:\/\/secure.gravatar.com\/avatar\/b6992f131dc8d30ab0dff15446e9d346d9dbd95992de0fef795073f5ea83a81c?s=96&d=mm&r=g","contentUrl":"https:\/\/secure.gravatar.com\/avatar\/b6992f131dc8d30ab0dff15446e9d346d9dbd95992de0fef795073f5ea83a81c?s=96&d=mm&r=g","caption":"La Gu\u00eda de Pamplona"}}]}},"post_mailing_queue_ids":[],"_links":{"self":[{"href":"https:\/\/www.laguiadepamplona.com\/actualidad\/wp-json\/wp\/v2\/posts\/11228","targetHints":{"allow":["GET"]}}],"collection":[{"href":"https:\/\/www.laguiadepamplona.com\/actualidad\/wp-json\/wp\/v2\/posts"}],"about":[{"href":"https:\/\/www.laguiadepamplona.com\/actualidad\/wp-json\/wp\/v2\/types\/post"}],"author":[{"embeddable":true,"href":"https:\/\/www.laguiadepamplona.com\/actualidad\/wp-json\/wp\/v2\/users\/1"}],"replies":[{"embeddable":true,"href":"https:\/\/www.laguiadepamplona.com\/actualidad\/wp-json\/wp\/v2\/comments?post=11228"}],"version-history":[{"count":0,"href":"https:\/\/www.laguiadepamplona.com\/actualidad\/wp-json\/wp\/v2\/posts\/11228\/revisions"}],"wp:featuredmedia":[{"embeddable":true,"href":"https:\/\/www.laguiadepamplona.com\/actualidad\/wp-json\/wp\/v2\/media\/11088"}],"wp:attachment":[{"href":"https:\/\/www.laguiadepamplona.com\/actualidad\/wp-json\/wp\/v2\/media?parent=11228"}],"wp:term":[{"taxonomy":"category","embeddable":true,"href":"https:\/\/www.laguiadepamplona.com\/actualidad\/wp-json\/wp\/v2\/categories?post=11228"},{"taxonomy":"post_tag","embeddable":true,"href":"https:\/\/www.laguiadepamplona.com\/actualidad\/wp-json\/wp\/v2\/tags?post=11228"}],"curies":[{"name":"wp","href":"https:\/\/api.w.org\/{rel}","templated":true}]}}