{"id":11224,"date":"2016-11-10T12:49:48","date_gmt":"2016-11-10T11:49:48","guid":{"rendered":"http:\/\/laguiadepamplona.es\/actualidad\/?p=11224"},"modified":"2016-12-07T12:52:20","modified_gmt":"2016-12-07T11:52:20","slug":"series-y-peliculas-japonesas-para-la-tarde-del-viernes-y-la-jornada-del-sabado-en-la-casa-de-la-juventud-dentro-de-la-tercera-edicion-de-pamplona-anime","status":"publish","type":"post","link":"https:\/\/www.laguiadepamplona.com\/actualidad\/series-y-peliculas-japonesas-para-la-tarde-del-viernes-y-la-jornada-del-sabado-en-la-casa-de-la-juventud-dentro-de-la-tercera-edicion-de-pamplona-anime\/","title":{"rendered":"Series y pel\u00edculas japonesas para la tarde del viernes y la jornada del s\u00e1bado en la Casa de la Juventud, dentro de la tercera edici\u00f3n de Pamplona Anime"},"content":{"rendered":"<h3>Navar-Manga ofrecer\u00e1 cinco pel\u00edculas, dos series, videojuegos, un taller de Pixel art y un torneo de Super Smash Bross, todo con entrada libre<\/h3>\n<p><!--more--><\/p>\n<p><img loading=\"lazy\" decoding=\"async\" class=\"size-medium wp-image-11225 alignleft\" src=\"http:\/\/laguiadepamplona.es\/actualidad\/wp-content\/uploads\/2016\/12\/cine-anime3-212x300.jpg\" alt=\"\" width=\"212\" height=\"300\" srcset=\"https:\/\/www.laguiadepamplona.com\/actualidad\/wp-content\/uploads\/2016\/12\/cine-anime3-212x300.jpg 212w, https:\/\/www.laguiadepamplona.com\/actualidad\/wp-content\/uploads\/2016\/12\/cine-anime3-300x424.jpg 300w, https:\/\/www.laguiadepamplona.com\/actualidad\/wp-content\/uploads\/2016\/12\/cine-anime3.jpg 707w\" sizes=\"auto, (max-width: 212px) 100vw, 212px\" \/>La Casa de la Juventud acoge este pr\u00f3ximo viernes y al s\u00e1bado la tercera edici\u00f3n de Pamplona Anime impulsado por la Asociaci\u00f3n Cultural Navar-Manga y Selecta Visi\u00f3n. Por primera vez en un festival de cine de animaci\u00f3n japonesa de Navarra los aficionados al g\u00e9nero podr\u00e1n ver algunas de las pel\u00edculas o series que se van a exhibir en formato y calidad Blu-ray, con un proyector de alta definici\u00f3n.<\/p>\n<p>Este festival sigue apostando por combinar pel\u00edculas y series recientes con otras de contrastada calidad que se encuentran en el cat\u00e1logo de las distribuidoras. Pero, adem\u00e1s, durante las dos jornadas ofrece otras actividades paralelas como una torneo de videojuegos, consilas en juego libre y talleres. El viernes habr\u00e1 actividades desde las 17 hasta las 22 horas, mientras que el s\u00e1bado la oferta comenzar\u00e1 a las 11 horas y se extender\u00e1 hasta el final de una pel\u00edcula sorpresa, que comenzar\u00e1 a proyectarse a las 19.15 horas.<\/p>\n<p>El contenido de esta jornada contin\u00faa con la secuencia de actividades que llev\u00f3 a la Casa de la Juventud en mayo de 2015 una \u2018Noche de manga\u2019 y, en abril de este mismo a\u00f1o, la \u2018Otaku Night\u2019 en la que, adem\u00e1s de anime, se pudo disfrutar de otras muestra de cultura japonesa moderna como manga, cosplay, sushi, karaoke o K-POP.<\/p>\n<p>La asociaci\u00f3n impulsora del III Ciclo de cine de animaci\u00f3n japonesa de Pamplona, Navar-Manga, fue creada en 2006 con el objetivo de compartir valores y conocimientos entre la poblaci\u00f3n joven para demostrar que hay otra forma de entender las cosas y las distintas costumbres del mundo. Se puede contactar con la asociaci\u00f3n en su p\u00e1gina de Facebook, en navarmanga.tk o en <a href=\"mailto:asociacionnavarmanga@gmail.com\">asociacionnavarmanga@gmail.com<\/a>.<\/p>\n<p><strong>Un viernes de aventuras y ciencia ficci\u00f3n<\/strong><\/p>\n<p>La cultura japonesa tiene una fuerte implantaci\u00f3n en algunos sectores de la juventud occidental. La punta de lanza de esa tendencia, que comenz\u00f3 en los 80, fueron, precisamente, las series televisivas y el cine de anime, el producto estrella de este festival. En esta ocasi\u00f3n la propuesta audiovisual engloba cinco pel\u00edculas y cap\u00edtulos de muestra de dos series.<\/p>\n<p>El viernes de 17 a 22 horas podr\u00e1n verse las proyecciones de \u2018Sonrisas y L\u00e1grimas\u2019 (serie), \u2018Saint Seiya, La leyenda del Santuario\u2019 y \u2018Evangelion 1,11\u2019 (pel\u00edculas). De la primera se emitir\u00e1n, a partir de las 17 horas, dos de sus cuarenta cap\u00edtulos cuyo contenido es la adaptaci\u00f3n al anime de la pel\u00edcula hom\u00f3nima que cuenta la historia de la austriaca familia Von Trapp.<\/p>\n<p>Las pel\u00edculas, no recomendadas para menores de 12 y 13 a\u00f1os, respectivamente son la primera de aventuras y la segunda de ciencia ficci\u00f3n. \u2018Saint Seiya, La leyenda del Santuario\u2019 (18 horas) pertenece a la conocida saga Caballeros del Zod\u00edaco y fue producida en 2014 con una duraci\u00f3n de 95 minutos. \u2018Evangelion 1,11. You are (not) alone\u2019 (20 horas) es una cinta muy anterior, de 2007, que esta basada en una serie anime muy anterior. La cinta est\u00e1 galardonada con cuatro premios en festivales de calado: Tokio Anime Fair; XV Sal\u00f3n del Manga de Barcelona; Asiexpo y Festival de Sitges. Narra la historia de un chico de 14 a\u00f1os en un Tokio postapocal\u00edptico.<\/p>\n<p>La tarde se complementar\u00e1 con videojuegos de uso libre en Wiiu y Xbox 360, de origen o tem\u00e1tica anime, que tendr\u00e1n lugar entre las 18 y las 20 horas.<\/p>\n<p><strong>S\u00e1bado: sesi\u00f3n cont\u00ednua ma\u00f1ana y tarde, con sorpresa<\/strong><\/p>\n<p>La jornada del s\u00e1bado ser\u00e1 extensa. Por la ma\u00f1ana, a las 11 horas, se podr\u00e1 asistir a la proyecci\u00f3n de dos cap\u00edtulos de la serie \u2018Samurai Champloo\u2019 (2004), ambientada en las luchas de guerreros legendarios del Jap\u00f3n feudal. La serie no est\u00e1 recomendada para menores de 13 a\u00f1os. A mediod\u00eda la propuesta es \u20185 Cent\u00edmetros por segundo\u2019 (2007), un filme rom\u00e1ntico, apto para todos los p\u00fablicos de 63 minutos de duraci\u00f3n. Durante la ma\u00f1ana en la Casa de la Juventud habr\u00e1 disponibles consolas en juego libre.<\/p>\n<p>Por la tarde, a las 17.30 horas, la propuesta es la reciente \u201cDragon Ball La Resurrecci\u00f3n de F\u201d (no recomendada para menores de 7 a\u00f1os) y basada en la serie del mismo nombre. La cinta, de 100 minutos de duraci\u00f3n, es una trama de acci\u00f3n intergal\u00e1ctica con Goku y Vegeta como h\u00e9roes. La guinda del festival est\u00e1 prevista para las 19.15 horas. Es una pel\u00edcula sorpresa de aventuras y aparecen dos personajes cl\u00e1sicos de series de anime. Est\u00e1 autorizada para todos los p\u00fablicos.<\/p>\n<p>Durante la tarde del s\u00e1bado, adem\u00e1s de los videojuegos, tendr\u00e1 tambi\u00e9n lugar un taller de Pixel Art (de 18.30 a 20 horas) a cargo de Navar-Manga y un Torneo de Super Smash Bros Wiiu (19 horas) en el que podr\u00e1n participar hasta 16 personas, que se podr\u00e1n inscribir el mismo s\u00e1bado por la tarde.<\/p>\n<p><strong>III edici\u00f3n de Pamplona Anime<\/strong><\/p>\n<p><strong>CARTELERA<\/strong><\/p>\n<p><strong>Viernes<\/strong><\/p>\n<ul>\n<li>17 horas. Serie \u201cSonrisas y L\u00e1grimas\u201d Cap\u00edtulos 1 y 2\u201d TP<\/li>\n<li>horas. Pel\u00edcula \u201cSaint Seiya, la leyenda del Santuario\u201d R: 12 (no recomendada para menores de 12 a\u00f1os)<\/li>\n<li>20 horas. Pel\u00edcula \u201cEvangeli\u00f3n 1.11\u201d R:13 (no recomendada para menores de 13 a\u00f1os)<\/li>\n<\/ul>\n<p><strong>S\u00e1bado<\/strong><\/p>\n<ul>\n<li>11 horas. Serie \u201cSamurai Champloo\u201d Cap\u00edtulos 1 y 2\u201d R: 13 (no recomendada para menores de 13 a\u00f1os)<\/li>\n<li>12 horas. Pel\u00edcula \u201c5 Cent\u00edmetros por Segundo\u201d TP (apta para todos los p\u00fablicos)<\/li>\n<li>30 horas. Pel\u00edcula \u201cDragon Ball La Resurrecci\u00f3n de F\u201d ((no recomendada para menores de 13 a\u00f1os)<\/li>\n<li>15 horas. Pel\u00edcula Sorpresa TP (apta para todos los p\u00fablicos)<\/li>\n<\/ul>\n<p>OTRAS ACTIVIDADES<\/p>\n<p><strong>Viernes<\/strong><\/p>\n<ul>\n<li>18 a 20 horas. Videojuegos en juego libre (consolas Wiiu y Xbox 360)<\/li>\n<\/ul>\n<p><strong>S\u00e1bado<\/strong><\/p>\n<ul>\n<li>30 a 13 horas. Videojuegos en juego libre (consolas Wiiu y Xbox 360)<\/li>\n<li>18 a 20 horas. Videojuegos en juego libre (consolas Wiiu y Xbox 360)<\/li>\n<li>30 a 20 horas. Taller de Pixel Art<\/li>\n<li>19 horas. Torneo de Super Smash Bros Wiiu<\/li>\n<\/ul>\n<p>&nbsp;<\/p>\n","protected":false},"excerpt":{"rendered":"<p>Navar-Manga ofrecer\u00e1 cinco pel\u00edculas, dos series, videojuegos, un taller de Pixel art y un torneo de Super Smash Bross, todo con entrada libre<\/p>\n","protected":false},"author":1,"featured_media":11226,"comment_status":"closed","ping_status":"closed","sticky":false,"template":"","format":"standard","meta":{"footnotes":""},"categories":[2],"tags":[],"class_list":["post-11224","post","type-post","status-publish","format-standard","has-post-thumbnail","hentry","category-ayuntamiento-pamplona"],"yoast_head":"<!-- This site is optimized with the Yoast SEO plugin v27.5 - https:\/\/yoast.com\/product\/yoast-seo-wordpress\/ -->\n<title>Series y pel\u00edculas japonesas para la tarde del viernes y la jornada del s\u00e1bado en la Casa de la Juventud, dentro de la tercera edici\u00f3n de Pamplona Anime<\/title>\n<meta name=\"robots\" content=\"index, follow, max-snippet:-1, max-image-preview:large, max-video-preview:-1\" \/>\n<link rel=\"canonical\" href=\"https:\/\/www.laguiadepamplona.com\/actualidad\/series-y-peliculas-japonesas-para-la-tarde-del-viernes-y-la-jornada-del-sabado-en-la-casa-de-la-juventud-dentro-de-la-tercera-edicion-de-pamplona-anime\/\" \/>\n<meta property=\"og:locale\" content=\"es_ES\" \/>\n<meta property=\"og:type\" content=\"article\" \/>\n<meta property=\"og:title\" content=\"Series y pel\u00edculas japonesas para la tarde del viernes y la jornada del s\u00e1bado en la Casa de la Juventud, dentro de la tercera edici\u00f3n de Pamplona Anime\" \/>\n<meta property=\"og:description\" content=\"Navar-Manga ofrecer\u00e1 cinco pel\u00edculas, dos series, videojuegos, un taller de Pixel art y un torneo de Super Smash Bross, todo con entrada libre\" \/>\n<meta property=\"og:url\" content=\"https:\/\/www.laguiadepamplona.com\/actualidad\/series-y-peliculas-japonesas-para-la-tarde-del-viernes-y-la-jornada-del-sabado-en-la-casa-de-la-juventud-dentro-de-la-tercera-edicion-de-pamplona-anime\/\" \/>\n<meta property=\"og:site_name\" content=\"La Gu\u00eda de Pamplona\" \/>\n<meta property=\"article:publisher\" content=\"https:\/\/www.facebook.com\/laguiadepamplonacom-133175176762273\/?ref=hl\" \/>\n<meta property=\"article:published_time\" content=\"2016-11-10T11:49:48+00:00\" \/>\n<meta property=\"article:modified_time\" content=\"2016-12-07T11:52:20+00:00\" \/>\n<meta property=\"og:image\" content=\"https:\/\/www.laguiadepamplona.com\/actualidad\/wp-content\/uploads\/2016\/12\/cine-anime.jpg\" \/>\n\t<meta property=\"og:image:width\" content=\"1000\" \/>\n\t<meta property=\"og:image:height\" content=\"563\" \/>\n\t<meta property=\"og:image:type\" content=\"image\/jpeg\" \/>\n<meta name=\"author\" content=\"La Gu\u00eda de Pamplona\" \/>\n<meta name=\"twitter:card\" content=\"summary_large_image\" \/>\n<meta name=\"twitter:creator\" content=\"@LaGuiadPamplona\" \/>\n<meta name=\"twitter:site\" content=\"@LaGuiadPamplona\" \/>\n<meta name=\"twitter:label1\" content=\"Escrito por\" \/>\n\t<meta name=\"twitter:data1\" content=\"La Gu\u00eda de Pamplona\" \/>\n\t<meta name=\"twitter:label2\" content=\"Tiempo de lectura\" \/>\n\t<meta name=\"twitter:data2\" content=\"5 minutos\" \/>\n<script type=\"application\/ld+json\" class=\"yoast-schema-graph\">{\"@context\":\"https:\\\/\\\/schema.org\",\"@graph\":[{\"@type\":\"Article\",\"@id\":\"https:\\\/\\\/www.laguiadepamplona.com\\\/actualidad\\\/series-y-peliculas-japonesas-para-la-tarde-del-viernes-y-la-jornada-del-sabado-en-la-casa-de-la-juventud-dentro-de-la-tercera-edicion-de-pamplona-anime\\\/#article\",\"isPartOf\":{\"@id\":\"https:\\\/\\\/www.laguiadepamplona.com\\\/actualidad\\\/series-y-peliculas-japonesas-para-la-tarde-del-viernes-y-la-jornada-del-sabado-en-la-casa-de-la-juventud-dentro-de-la-tercera-edicion-de-pamplona-anime\\\/\"},\"author\":{\"name\":\"La Gu\u00eda de Pamplona\",\"@id\":\"https:\\\/\\\/www.laguiadepamplona.com\\\/actualidad\\\/#\\\/schema\\\/person\\\/efe887376f0213d4657c93adc50b1fdb\"},\"headline\":\"Series y pel\u00edculas japonesas para la tarde del viernes y la jornada del s\u00e1bado en la Casa de la Juventud, dentro de la tercera edici\u00f3n de Pamplona Anime\",\"datePublished\":\"2016-11-10T11:49:48+00:00\",\"dateModified\":\"2016-12-07T11:52:20+00:00\",\"mainEntityOfPage\":{\"@id\":\"https:\\\/\\\/www.laguiadepamplona.com\\\/actualidad\\\/series-y-peliculas-japonesas-para-la-tarde-del-viernes-y-la-jornada-del-sabado-en-la-casa-de-la-juventud-dentro-de-la-tercera-edicion-de-pamplona-anime\\\/\"},\"wordCount\":1029,\"publisher\":{\"@id\":\"https:\\\/\\\/www.laguiadepamplona.com\\\/actualidad\\\/#organization\"},\"image\":{\"@id\":\"https:\\\/\\\/www.laguiadepamplona.com\\\/actualidad\\\/series-y-peliculas-japonesas-para-la-tarde-del-viernes-y-la-jornada-del-sabado-en-la-casa-de-la-juventud-dentro-de-la-tercera-edicion-de-pamplona-anime\\\/#primaryimage\"},\"thumbnailUrl\":\"https:\\\/\\\/www.laguiadepamplona.com\\\/actualidad\\\/wp-content\\\/uploads\\\/2016\\\/12\\\/cine-anime.jpg\",\"articleSection\":[\"Ayto Pamplona\"],\"inLanguage\":\"es\"},{\"@type\":\"WebPage\",\"@id\":\"https:\\\/\\\/www.laguiadepamplona.com\\\/actualidad\\\/series-y-peliculas-japonesas-para-la-tarde-del-viernes-y-la-jornada-del-sabado-en-la-casa-de-la-juventud-dentro-de-la-tercera-edicion-de-pamplona-anime\\\/\",\"url\":\"https:\\\/\\\/www.laguiadepamplona.com\\\/actualidad\\\/series-y-peliculas-japonesas-para-la-tarde-del-viernes-y-la-jornada-del-sabado-en-la-casa-de-la-juventud-dentro-de-la-tercera-edicion-de-pamplona-anime\\\/\",\"name\":\"Series y pel\u00edculas japonesas para la tarde del viernes y la jornada del s\u00e1bado en la Casa de la Juventud, dentro de la tercera edici\u00f3n de Pamplona Anime\",\"isPartOf\":{\"@id\":\"https:\\\/\\\/www.laguiadepamplona.com\\\/actualidad\\\/#website\"},\"primaryImageOfPage\":{\"@id\":\"https:\\\/\\\/www.laguiadepamplona.com\\\/actualidad\\\/series-y-peliculas-japonesas-para-la-tarde-del-viernes-y-la-jornada-del-sabado-en-la-casa-de-la-juventud-dentro-de-la-tercera-edicion-de-pamplona-anime\\\/#primaryimage\"},\"image\":{\"@id\":\"https:\\\/\\\/www.laguiadepamplona.com\\\/actualidad\\\/series-y-peliculas-japonesas-para-la-tarde-del-viernes-y-la-jornada-del-sabado-en-la-casa-de-la-juventud-dentro-de-la-tercera-edicion-de-pamplona-anime\\\/#primaryimage\"},\"thumbnailUrl\":\"https:\\\/\\\/www.laguiadepamplona.com\\\/actualidad\\\/wp-content\\\/uploads\\\/2016\\\/12\\\/cine-anime.jpg\",\"datePublished\":\"2016-11-10T11:49:48+00:00\",\"dateModified\":\"2016-12-07T11:52:20+00:00\",\"breadcrumb\":{\"@id\":\"https:\\\/\\\/www.laguiadepamplona.com\\\/actualidad\\\/series-y-peliculas-japonesas-para-la-tarde-del-viernes-y-la-jornada-del-sabado-en-la-casa-de-la-juventud-dentro-de-la-tercera-edicion-de-pamplona-anime\\\/#breadcrumb\"},\"inLanguage\":\"es\",\"potentialAction\":[{\"@type\":\"ReadAction\",\"target\":[\"https:\\\/\\\/www.laguiadepamplona.com\\\/actualidad\\\/series-y-peliculas-japonesas-para-la-tarde-del-viernes-y-la-jornada-del-sabado-en-la-casa-de-la-juventud-dentro-de-la-tercera-edicion-de-pamplona-anime\\\/\"]}]},{\"@type\":\"ImageObject\",\"inLanguage\":\"es\",\"@id\":\"https:\\\/\\\/www.laguiadepamplona.com\\\/actualidad\\\/series-y-peliculas-japonesas-para-la-tarde-del-viernes-y-la-jornada-del-sabado-en-la-casa-de-la-juventud-dentro-de-la-tercera-edicion-de-pamplona-anime\\\/#primaryimage\",\"url\":\"https:\\\/\\\/www.laguiadepamplona.com\\\/actualidad\\\/wp-content\\\/uploads\\\/2016\\\/12\\\/cine-anime.jpg\",\"contentUrl\":\"https:\\\/\\\/www.laguiadepamplona.com\\\/actualidad\\\/wp-content\\\/uploads\\\/2016\\\/12\\\/cine-anime.jpg\",\"width\":1000,\"height\":563},{\"@type\":\"BreadcrumbList\",\"@id\":\"https:\\\/\\\/www.laguiadepamplona.com\\\/actualidad\\\/series-y-peliculas-japonesas-para-la-tarde-del-viernes-y-la-jornada-del-sabado-en-la-casa-de-la-juventud-dentro-de-la-tercera-edicion-de-pamplona-anime\\\/#breadcrumb\",\"itemListElement\":[{\"@type\":\"ListItem\",\"position\":1,\"name\":\"Portada\",\"item\":\"https:\\\/\\\/www.laguiadepamplona.com\\\/actualidad\\\/\"},{\"@type\":\"ListItem\",\"position\":2,\"name\":\"Series y pel\u00edculas japonesas para la tarde del viernes y la jornada del s\u00e1bado en la Casa de la Juventud, dentro de la tercera edici\u00f3n de Pamplona Anime\"}]},{\"@type\":\"WebSite\",\"@id\":\"https:\\\/\\\/www.laguiadepamplona.com\\\/actualidad\\\/#website\",\"url\":\"https:\\\/\\\/www.laguiadepamplona.com\\\/actualidad\\\/\",\"name\":\"La gu\u00eda de Pamplona\",\"description\":\"Noticias de Pamplona\",\"publisher\":{\"@id\":\"https:\\\/\\\/www.laguiadepamplona.com\\\/actualidad\\\/#organization\"},\"potentialAction\":[{\"@type\":\"SearchAction\",\"target\":{\"@type\":\"EntryPoint\",\"urlTemplate\":\"https:\\\/\\\/www.laguiadepamplona.com\\\/actualidad\\\/?s={search_term_string}\"},\"query-input\":{\"@type\":\"PropertyValueSpecification\",\"valueRequired\":true,\"valueName\":\"search_term_string\"}}],\"inLanguage\":\"es\"},{\"@type\":\"Organization\",\"@id\":\"https:\\\/\\\/www.laguiadepamplona.com\\\/actualidad\\\/#organization\",\"name\":\"La Gu\u00eda de Pamplona \\\/ Noticias\",\"url\":\"https:\\\/\\\/www.laguiadepamplona.com\\\/actualidad\\\/\",\"logo\":{\"@type\":\"ImageObject\",\"inLanguage\":\"es\",\"@id\":\"https:\\\/\\\/www.laguiadepamplona.com\\\/actualidad\\\/#\\\/schema\\\/logo\\\/image\\\/\",\"url\":\"https:\\\/\\\/www.laguiadepamplona.com\\\/actualidad\\\/wp-content\\\/uploads\\\/2018\\\/11\\\/logo-laguiadepamplona18-web1.png\",\"contentUrl\":\"https:\\\/\\\/www.laguiadepamplona.com\\\/actualidad\\\/wp-content\\\/uploads\\\/2018\\\/11\\\/logo-laguiadepamplona18-web1.png\",\"width\":600,\"height\":196,\"caption\":\"La Gu\u00eda de Pamplona \\\/ Noticias\"},\"image\":{\"@id\":\"https:\\\/\\\/www.laguiadepamplona.com\\\/actualidad\\\/#\\\/schema\\\/logo\\\/image\\\/\"},\"sameAs\":[\"https:\\\/\\\/www.facebook.com\\\/laguiadepamplonacom-133175176762273\\\/?ref=hl\",\"https:\\\/\\\/x.com\\\/LaGuiadPamplona\",\"https:\\\/\\\/www.instagram.com\\\/la_guia_de_pamplona\\\/\",\"https:\\\/\\\/www.youtube.com\\\/user\\\/laguiadepamplona\"]},{\"@type\":\"Person\",\"@id\":\"https:\\\/\\\/www.laguiadepamplona.com\\\/actualidad\\\/#\\\/schema\\\/person\\\/efe887376f0213d4657c93adc50b1fdb\",\"name\":\"La Gu\u00eda de Pamplona\",\"image\":{\"@type\":\"ImageObject\",\"inLanguage\":\"es\",\"@id\":\"https:\\\/\\\/secure.gravatar.com\\\/avatar\\\/b6992f131dc8d30ab0dff15446e9d346d9dbd95992de0fef795073f5ea83a81c?s=96&d=mm&r=g\",\"url\":\"https:\\\/\\\/secure.gravatar.com\\\/avatar\\\/b6992f131dc8d30ab0dff15446e9d346d9dbd95992de0fef795073f5ea83a81c?s=96&d=mm&r=g\",\"contentUrl\":\"https:\\\/\\\/secure.gravatar.com\\\/avatar\\\/b6992f131dc8d30ab0dff15446e9d346d9dbd95992de0fef795073f5ea83a81c?s=96&d=mm&r=g\",\"caption\":\"La Gu\u00eda de Pamplona\"}}]}<\/script>\n<!-- \/ Yoast SEO plugin. -->","yoast_head_json":{"title":"Series y pel\u00edculas japonesas para la tarde del viernes y la jornada del s\u00e1bado en la Casa de la Juventud, dentro de la tercera edici\u00f3n de Pamplona Anime","robots":{"index":"index","follow":"follow","max-snippet":"max-snippet:-1","max-image-preview":"max-image-preview:large","max-video-preview":"max-video-preview:-1"},"canonical":"https:\/\/www.laguiadepamplona.com\/actualidad\/series-y-peliculas-japonesas-para-la-tarde-del-viernes-y-la-jornada-del-sabado-en-la-casa-de-la-juventud-dentro-de-la-tercera-edicion-de-pamplona-anime\/","og_locale":"es_ES","og_type":"article","og_title":"Series y pel\u00edculas japonesas para la tarde del viernes y la jornada del s\u00e1bado en la Casa de la Juventud, dentro de la tercera edici\u00f3n de Pamplona Anime","og_description":"Navar-Manga ofrecer\u00e1 cinco pel\u00edculas, dos series, videojuegos, un taller de Pixel art y un torneo de Super Smash Bross, todo con entrada libre","og_url":"https:\/\/www.laguiadepamplona.com\/actualidad\/series-y-peliculas-japonesas-para-la-tarde-del-viernes-y-la-jornada-del-sabado-en-la-casa-de-la-juventud-dentro-de-la-tercera-edicion-de-pamplona-anime\/","og_site_name":"La Gu\u00eda de Pamplona","article_publisher":"https:\/\/www.facebook.com\/laguiadepamplonacom-133175176762273\/?ref=hl","article_published_time":"2016-11-10T11:49:48+00:00","article_modified_time":"2016-12-07T11:52:20+00:00","og_image":[{"width":1000,"height":563,"url":"https:\/\/www.laguiadepamplona.com\/actualidad\/wp-content\/uploads\/2016\/12\/cine-anime.jpg","type":"image\/jpeg"}],"author":"La Gu\u00eda de Pamplona","twitter_card":"summary_large_image","twitter_creator":"@LaGuiadPamplona","twitter_site":"@LaGuiadPamplona","twitter_misc":{"Escrito por":"La Gu\u00eda de Pamplona","Tiempo de lectura":"5 minutos"},"schema":{"@context":"https:\/\/schema.org","@graph":[{"@type":"Article","@id":"https:\/\/www.laguiadepamplona.com\/actualidad\/series-y-peliculas-japonesas-para-la-tarde-del-viernes-y-la-jornada-del-sabado-en-la-casa-de-la-juventud-dentro-de-la-tercera-edicion-de-pamplona-anime\/#article","isPartOf":{"@id":"https:\/\/www.laguiadepamplona.com\/actualidad\/series-y-peliculas-japonesas-para-la-tarde-del-viernes-y-la-jornada-del-sabado-en-la-casa-de-la-juventud-dentro-de-la-tercera-edicion-de-pamplona-anime\/"},"author":{"name":"La Gu\u00eda de Pamplona","@id":"https:\/\/www.laguiadepamplona.com\/actualidad\/#\/schema\/person\/efe887376f0213d4657c93adc50b1fdb"},"headline":"Series y pel\u00edculas japonesas para la tarde del viernes y la jornada del s\u00e1bado en la Casa de la Juventud, dentro de la tercera edici\u00f3n de Pamplona Anime","datePublished":"2016-11-10T11:49:48+00:00","dateModified":"2016-12-07T11:52:20+00:00","mainEntityOfPage":{"@id":"https:\/\/www.laguiadepamplona.com\/actualidad\/series-y-peliculas-japonesas-para-la-tarde-del-viernes-y-la-jornada-del-sabado-en-la-casa-de-la-juventud-dentro-de-la-tercera-edicion-de-pamplona-anime\/"},"wordCount":1029,"publisher":{"@id":"https:\/\/www.laguiadepamplona.com\/actualidad\/#organization"},"image":{"@id":"https:\/\/www.laguiadepamplona.com\/actualidad\/series-y-peliculas-japonesas-para-la-tarde-del-viernes-y-la-jornada-del-sabado-en-la-casa-de-la-juventud-dentro-de-la-tercera-edicion-de-pamplona-anime\/#primaryimage"},"thumbnailUrl":"https:\/\/www.laguiadepamplona.com\/actualidad\/wp-content\/uploads\/2016\/12\/cine-anime.jpg","articleSection":["Ayto Pamplona"],"inLanguage":"es"},{"@type":"WebPage","@id":"https:\/\/www.laguiadepamplona.com\/actualidad\/series-y-peliculas-japonesas-para-la-tarde-del-viernes-y-la-jornada-del-sabado-en-la-casa-de-la-juventud-dentro-de-la-tercera-edicion-de-pamplona-anime\/","url":"https:\/\/www.laguiadepamplona.com\/actualidad\/series-y-peliculas-japonesas-para-la-tarde-del-viernes-y-la-jornada-del-sabado-en-la-casa-de-la-juventud-dentro-de-la-tercera-edicion-de-pamplona-anime\/","name":"Series y pel\u00edculas japonesas para la tarde del viernes y la jornada del s\u00e1bado en la Casa de la Juventud, dentro de la tercera edici\u00f3n de Pamplona Anime","isPartOf":{"@id":"https:\/\/www.laguiadepamplona.com\/actualidad\/#website"},"primaryImageOfPage":{"@id":"https:\/\/www.laguiadepamplona.com\/actualidad\/series-y-peliculas-japonesas-para-la-tarde-del-viernes-y-la-jornada-del-sabado-en-la-casa-de-la-juventud-dentro-de-la-tercera-edicion-de-pamplona-anime\/#primaryimage"},"image":{"@id":"https:\/\/www.laguiadepamplona.com\/actualidad\/series-y-peliculas-japonesas-para-la-tarde-del-viernes-y-la-jornada-del-sabado-en-la-casa-de-la-juventud-dentro-de-la-tercera-edicion-de-pamplona-anime\/#primaryimage"},"thumbnailUrl":"https:\/\/www.laguiadepamplona.com\/actualidad\/wp-content\/uploads\/2016\/12\/cine-anime.jpg","datePublished":"2016-11-10T11:49:48+00:00","dateModified":"2016-12-07T11:52:20+00:00","breadcrumb":{"@id":"https:\/\/www.laguiadepamplona.com\/actualidad\/series-y-peliculas-japonesas-para-la-tarde-del-viernes-y-la-jornada-del-sabado-en-la-casa-de-la-juventud-dentro-de-la-tercera-edicion-de-pamplona-anime\/#breadcrumb"},"inLanguage":"es","potentialAction":[{"@type":"ReadAction","target":["https:\/\/www.laguiadepamplona.com\/actualidad\/series-y-peliculas-japonesas-para-la-tarde-del-viernes-y-la-jornada-del-sabado-en-la-casa-de-la-juventud-dentro-de-la-tercera-edicion-de-pamplona-anime\/"]}]},{"@type":"ImageObject","inLanguage":"es","@id":"https:\/\/www.laguiadepamplona.com\/actualidad\/series-y-peliculas-japonesas-para-la-tarde-del-viernes-y-la-jornada-del-sabado-en-la-casa-de-la-juventud-dentro-de-la-tercera-edicion-de-pamplona-anime\/#primaryimage","url":"https:\/\/www.laguiadepamplona.com\/actualidad\/wp-content\/uploads\/2016\/12\/cine-anime.jpg","contentUrl":"https:\/\/www.laguiadepamplona.com\/actualidad\/wp-content\/uploads\/2016\/12\/cine-anime.jpg","width":1000,"height":563},{"@type":"BreadcrumbList","@id":"https:\/\/www.laguiadepamplona.com\/actualidad\/series-y-peliculas-japonesas-para-la-tarde-del-viernes-y-la-jornada-del-sabado-en-la-casa-de-la-juventud-dentro-de-la-tercera-edicion-de-pamplona-anime\/#breadcrumb","itemListElement":[{"@type":"ListItem","position":1,"name":"Portada","item":"https:\/\/www.laguiadepamplona.com\/actualidad\/"},{"@type":"ListItem","position":2,"name":"Series y pel\u00edculas japonesas para la tarde del viernes y la jornada del s\u00e1bado en la Casa de la Juventud, dentro de la tercera edici\u00f3n de Pamplona Anime"}]},{"@type":"WebSite","@id":"https:\/\/www.laguiadepamplona.com\/actualidad\/#website","url":"https:\/\/www.laguiadepamplona.com\/actualidad\/","name":"La gu\u00eda de Pamplona","description":"Noticias de Pamplona","publisher":{"@id":"https:\/\/www.laguiadepamplona.com\/actualidad\/#organization"},"potentialAction":[{"@type":"SearchAction","target":{"@type":"EntryPoint","urlTemplate":"https:\/\/www.laguiadepamplona.com\/actualidad\/?s={search_term_string}"},"query-input":{"@type":"PropertyValueSpecification","valueRequired":true,"valueName":"search_term_string"}}],"inLanguage":"es"},{"@type":"Organization","@id":"https:\/\/www.laguiadepamplona.com\/actualidad\/#organization","name":"La Gu\u00eda de Pamplona \/ Noticias","url":"https:\/\/www.laguiadepamplona.com\/actualidad\/","logo":{"@type":"ImageObject","inLanguage":"es","@id":"https:\/\/www.laguiadepamplona.com\/actualidad\/#\/schema\/logo\/image\/","url":"https:\/\/www.laguiadepamplona.com\/actualidad\/wp-content\/uploads\/2018\/11\/logo-laguiadepamplona18-web1.png","contentUrl":"https:\/\/www.laguiadepamplona.com\/actualidad\/wp-content\/uploads\/2018\/11\/logo-laguiadepamplona18-web1.png","width":600,"height":196,"caption":"La Gu\u00eda de Pamplona \/ Noticias"},"image":{"@id":"https:\/\/www.laguiadepamplona.com\/actualidad\/#\/schema\/logo\/image\/"},"sameAs":["https:\/\/www.facebook.com\/laguiadepamplonacom-133175176762273\/?ref=hl","https:\/\/x.com\/LaGuiadPamplona","https:\/\/www.instagram.com\/la_guia_de_pamplona\/","https:\/\/www.youtube.com\/user\/laguiadepamplona"]},{"@type":"Person","@id":"https:\/\/www.laguiadepamplona.com\/actualidad\/#\/schema\/person\/efe887376f0213d4657c93adc50b1fdb","name":"La Gu\u00eda de Pamplona","image":{"@type":"ImageObject","inLanguage":"es","@id":"https:\/\/secure.gravatar.com\/avatar\/b6992f131dc8d30ab0dff15446e9d346d9dbd95992de0fef795073f5ea83a81c?s=96&d=mm&r=g","url":"https:\/\/secure.gravatar.com\/avatar\/b6992f131dc8d30ab0dff15446e9d346d9dbd95992de0fef795073f5ea83a81c?s=96&d=mm&r=g","contentUrl":"https:\/\/secure.gravatar.com\/avatar\/b6992f131dc8d30ab0dff15446e9d346d9dbd95992de0fef795073f5ea83a81c?s=96&d=mm&r=g","caption":"La Gu\u00eda de Pamplona"}}]}},"post_mailing_queue_ids":[],"_links":{"self":[{"href":"https:\/\/www.laguiadepamplona.com\/actualidad\/wp-json\/wp\/v2\/posts\/11224","targetHints":{"allow":["GET"]}}],"collection":[{"href":"https:\/\/www.laguiadepamplona.com\/actualidad\/wp-json\/wp\/v2\/posts"}],"about":[{"href":"https:\/\/www.laguiadepamplona.com\/actualidad\/wp-json\/wp\/v2\/types\/post"}],"author":[{"embeddable":true,"href":"https:\/\/www.laguiadepamplona.com\/actualidad\/wp-json\/wp\/v2\/users\/1"}],"replies":[{"embeddable":true,"href":"https:\/\/www.laguiadepamplona.com\/actualidad\/wp-json\/wp\/v2\/comments?post=11224"}],"version-history":[{"count":0,"href":"https:\/\/www.laguiadepamplona.com\/actualidad\/wp-json\/wp\/v2\/posts\/11224\/revisions"}],"wp:featuredmedia":[{"embeddable":true,"href":"https:\/\/www.laguiadepamplona.com\/actualidad\/wp-json\/wp\/v2\/media\/11226"}],"wp:attachment":[{"href":"https:\/\/www.laguiadepamplona.com\/actualidad\/wp-json\/wp\/v2\/media?parent=11224"}],"wp:term":[{"taxonomy":"category","embeddable":true,"href":"https:\/\/www.laguiadepamplona.com\/actualidad\/wp-json\/wp\/v2\/categories?post=11224"},{"taxonomy":"post_tag","embeddable":true,"href":"https:\/\/www.laguiadepamplona.com\/actualidad\/wp-json\/wp\/v2\/tags?post=11224"}],"curies":[{"name":"wp","href":"https:\/\/api.w.org\/{rel}","templated":true}]}}