{"id":11222,"date":"2016-11-10T12:47:50","date_gmt":"2016-11-10T11:47:50","guid":{"rendered":"http:\/\/laguiadepamplona.es\/actualidad\/?p=11222"},"modified":"2016-12-07T12:49:40","modified_gmt":"2016-12-07T11:49:40","slug":"tras-un-ano-del-cambio-de-criterios-de-uso-en-la-red-civivox-las-asociaciones-con-espacios-permanentes-suben-un-15-un-146-las-cesiones-puntuales-y-los-usuarios-un-212","status":"publish","type":"post","link":"https:\/\/www.laguiadepamplona.com\/actualidad\/tras-un-ano-del-cambio-de-criterios-de-uso-en-la-red-civivox-las-asociaciones-con-espacios-permanentes-suben-un-15-un-146-las-cesiones-puntuales-y-los-usuarios-un-212\/","title":{"rendered":"Tras un a\u00f1o del cambio de criterios de uso en la red civivox las asociaciones con espacios permanentes suben un 15%, un 14,6% las cesiones puntuales y los usuarios un 21,2%"},"content":{"rendered":"<h3>De los 4.124 usos para actos puntuales autorizados este a\u00f1o, s\u00f3lo 131 (un 3,1%) correspondieron a actividades de partidos pol\u00edticos o sindicatos<\/h3>\n<p><!--more--><\/p>\n<p>El 1 de septiembre del 2015 el Ayuntamiento de Pamplona modificaba los criterios para la utilizaci\u00f3n de los espacios municipales en la red de centros Civivox, adem\u00e1s de en el Patio de Gigantes. La principal novedad de ese cambio fue la inclusi\u00f3n de las reuniones de partidos pol\u00edticos y sindicatos dentro de las actividades que pod\u00edan acoger esos locales municipales, junto a reuniones de asociaciones, colectivos o comunidades de vecinos. Un a\u00f1o despu\u00e9s, las cesiones de espacios tanto para eventos puntuales como de manera permanente para todo el curso han aumentado.<\/p>\n<p>En concreto, las cesiones puntuales de espacios se han incrementado un 14,6%, alcanzando las 4.124 cesiones, de las que tan s\u00f3lo 131, es decir un 3,1% del total, tuvieron un car\u00e1cter pol\u00edtico y\/o sindical. Esto, seg\u00fan las cifras aportadas por Sedena, la empresa encargada de gestionar la red Civivox, ha implicado un aumento del 21,2% respecto al n\u00fanero de personas usuarias de estas instalaciones pasando de las 108.851 en el curso 2014-2015 a 131.982 en 2015-2016. En cuanto a las cesiones permanentes, han aumentado un 15% el numero de asociaciones beneficiarias diferentes y un 13,8% los espacios cedidos. Estos datos los ha dado a conocer esta ma\u00f1ana en rueda de prensa la concejala delegada de Cultura, Pol\u00edtica Ling\u00fc\u00edstica, Educaci\u00f3n y Deporte, Maider Beloki.<\/p>\n<p>La red Civivox ofrece en sus siete centros (Condestable, Iturrama, Mendillorri, San Jorge, Rochapea, Ensanche y Milagrosa) un servicio de cesi\u00f3n de salas tanto con car\u00e1cter permanente, para el desarrollo de una actividad durante el curso escolar, como con car\u00e1cter puntual, para la celebraci\u00f3n de eventos en una fecha concreta. La cesi\u00f3n de espacios con car\u00e1cter permanente se regula en una convocatoria que se lanza en verano dirigida a asociaciones culturales y socioculturales sin \u00e1nimo de lucro. Una vez concedidos esos espacios para todo el curso, se atienden las solicitudes que desde organismos, asociaciones, colectivos, particulares y dem\u00e1s se realicen para el uso de un espacio, a modo de reserva, para una fecha concreta. Son estas las cesiones puntuales de espacios.<\/p>\n<p><strong>Cesiones puntuales, mayoritariamente de car\u00e1cter cultural<\/strong><\/p>\n<p>Entre los meses de septiembre de 2015 y septiembre de 2016, el Ayuntamiento de Pamplona ha cedido espacios de forma puntual en 4.124 ocasiones. En esas actividades han participado un total de 131.982 personas, con un tiempo de ocupaci\u00f3n de 11.227 horas. Un 3,1% de esos usos, en concreto 131, han sido solicitudes realizadas por partidos pol\u00edticos o sindicatos (113 a partidos pol\u00edticos y 18 a sindicatos). A ellos acudieron 5.568 personas (4.329 a eventos pol\u00edticos y 1.239 a sindicales), por un tiempo de 361,5 horas.<\/p>\n<p>Otros 42 usos se corresponden con cesiones solicitadas por asociaciones de todo tipo que han congregado a 1.330 personas en actividades que se han prolongado durante un tiempo total de 100 horas. Tambi\u00e9n se han registrado 31 usos solicitados por el Ayuntamiento de Pamplona y otras instituciones. Se han reunido en ellos 1.521 personas en diferentes actos desarrollados con una duraci\u00f3n global de 73 horas. Adem\u00e1s, se recibieron 25 solicitudes de colectivos, con actividades a las que acudieron 723 personas y se desarrollaron durante 53 horas. Por \u00faltimo, se ha llevado a cabo una cesi\u00f3n a particulares, con una participaci\u00f3n de 152 personas durante 5 horas.<\/p>\n<p>El resto de cesiones puntuales, 3.894 de las 4.124 concedidas en el \u00faltimo a\u00f1o, se corresponden con eventos de car\u00e1cter cultural, recogidos tambi\u00e9n en el acuerdo que desde septiembre de 2015 regula los criterios para la utilizaci\u00f3n de locales municipales de la red de centros c\u00edvico Civivox y Patio de Gigantes, como cursos, talleres, conferencias, exposiciones, conciertos&#8230;<\/p>\n<p><strong>Regulaci\u00f3n de los usos de los civivox y el Patio de Gigantes<\/strong><\/p>\n<p>En septiembre de 2015, la Junta de Gobierno Local del Ayuntamiento de Pamplona aprob\u00f3 una regulaci\u00f3n de las condiciones para la autorizaci\u00f3n de actividades en los locales de la red Civivox y en el Patio de Gigantes. Esos centros autorizar\u00e1n el desarrollo de actividades, fundamentalmente de \u00e1mbito art\u00edstico, cultural, educativo y sociocultural. El acuerdo se\u00f1ala como tales, cursos y talleres; conferencias, charlas y mesas de debate; representaciones teatrales y de danza; conciertos y audiciones; exposiciones; proyecciones audiovisuales; acciones de promoci\u00f3n del libro y literatura; pr\u00e1ctica de artes pl\u00e1sticas, audiovisuales y comunicaci\u00f3n; reuniones de asociaciones, colectivos, comunidades de vecinos, partidos pol\u00edticos y sindicatos; y, por \u00faltimo, despedidas civiles\u201d.<\/p>\n<p>Asimismo, se aprob\u00f3 no autorizar el uso de los espacios \u201cpara la realizaci\u00f3n de actividades que supongan discriminaci\u00f3n por raz\u00f3n de g\u00e9nero, raza, ideolog\u00eda u orientaci\u00f3n sexual\u201d. Por \u00faltimo, se se\u00f1ala que \u201cen periodo de campa\u00f1a electoral, la reserva de los espacios para los partidos pol\u00edticos o agrupaciones electorales que concurran a las elecciones tendr\u00e1n prioridad sobre cualquier otra reserva\u201d.<\/p>\n<p><strong><br \/>\n<\/strong><\/p>\n<p><strong>Aumentan las cesiones de espacio permanente en los Civivox para este curso<\/strong><\/p>\n<p>Adem\u00e1s de las cesiones puntuales, los centros de la red Civivox ceden sus espacios de forma permanente a asociaciones culturales y socioculturales sin \u00e1nimo de lucro. Durante el pasado curso utilizaron las salas de alguno de los Civivox 93 asociaciones diferentes, aunque se cedieron 116 espacios, ya que una misma entidad puede solicita la cesi\u00f3n permanente de varios espacios en diferentes civivox para el desarrollo de sus actividades.<\/p>\n<p>Para el curso actual ya comenzado, el Ayuntamiento de Pamplona ha concedido la cesi\u00f3n permanente de un espacio en uno de los siete centros Civivox a 107 asociaciones culturales y socioculturales sin \u00e1nimo de lucro, un 15% m\u00e1s que las 93 del curso anterior. Esas asociaciones han podido solicitar, y se les han podido adjudicar, m\u00e1s de un espacio. En concreto los civivox tienen reserva permanente para 132 usos (un 13,8% m\u00e1s que en el curso 2015 \u2013 2016) de esas 107 asociaciones.<\/p>\n<p>Por centros, teniendo en cuenta las reservas de espacios totales, la mayor demanda se ha producido en Jus la Rocha, con 37 cesiones permanentes, seguido de Iturrama con 22, Condestable con 19, Mendillorri con 18 y San Jorge con 15. Cierran la lista Civivox Milagrosa con 8 asociaciones con espacio permanente, Ensanche con 7 y el Centro San Juan Bosco, al que tambi\u00e9n se dirigen y remiten algunas asociaciones, con 6. Todos los centros aumentan su demanda, excepto Mendillorri, que reduce en dos las asociaciones que utilizan sus instalaciones durante el curso. El mayor aumento se ha dado en Civivox Jus la Rocha que ha pasado de ceder espacios de forma permanente a 29 asociaciones a hacerlo con 37 este curso, un 27,5% m\u00e1s.<\/p>\n<p><strong>Cesiones de espacio en los centros Civivox. Septiembre\u00a0 2014 \u2013Septiembre 2016<\/strong><\/p>\n<p>&nbsp;<\/p>\n<ul>\n<li><strong><u>Comparativa de cesiones puntuales. Septiembre de 2014 a septiembre de 2016<\/u><\/strong><\/li>\n<\/ul>\n<p>&nbsp;<\/p>\n<table>\n<tbody>\n<tr>\n<td width=\"129\">&nbsp;<\/td>\n<td width=\"183\"><strong>De septiembre de 2014 a septiembre de 2015<\/strong><\/td>\n<td width=\"183\"><strong>De septiembre de 2015 a septiembre de 2016<\/strong><\/td>\n<td width=\"73\"><strong>\u00a0<\/strong><\/td>\n<td width=\"64\"><strong>\u00a0<\/strong><\/td>\n<\/tr>\n<tr>\n<td width=\"129\">USOS<\/td>\n<td width=\"183\">3.598<\/td>\n<td width=\"183\">4.124<\/td>\n<td width=\"73\">+526<\/td>\n<td width=\"64\">+14,6%<\/td>\n<\/tr>\n<tr>\n<td width=\"129\">HORAS<\/td>\n<td width=\"183\">9.361,20<\/td>\n<td width=\"183\">11.227<\/td>\n<td width=\"73\">+1.865,8<\/td>\n<td width=\"64\">+19,9%<\/td>\n<\/tr>\n<tr>\n<td width=\"129\">PERSONAS USUARIAS<\/td>\n<td width=\"183\">108.851<\/td>\n<td width=\"183\">131.982<\/td>\n<td width=\"73\">+23.131<\/td>\n<td width=\"64\">+21,2%<\/td>\n<\/tr>\n<\/tbody>\n<\/table>\n<p>&nbsp;<\/p>\n<ul>\n<li><strong><u>Cesiones puntuales (sept. 2015 \u2013 sept. 2016), tras la inclusi\u00f3n de novedades en los criterios<\/u><\/strong><\/li>\n<\/ul>\n<p>&nbsp;<\/p>\n<table>\n<tbody>\n<tr>\n<td width=\"379\">&nbsp;<\/td>\n<td width=\"81\"><strong>Usos<\/strong><\/td>\n<td width=\"88\"><strong>Usuarios<\/strong><\/td>\n<td width=\"86\"><strong>Horas<\/strong><\/td>\n<\/tr>\n<tr>\n<td width=\"379\">Cesiones solicitadas por partidos pol\u00edticos<\/td>\n<td width=\"81\">113<\/td>\n<td width=\"88\">4.329<\/td>\n<td width=\"86\">302,5<\/td>\n<\/tr>\n<tr>\n<td width=\"379\">Cesiones solicitadas por sindicatos<\/td>\n<td width=\"81\">18<\/td>\n<td width=\"88\">1.239<\/td>\n<td width=\"86\">59<\/td>\n<\/tr>\n<tr>\n<td width=\"379\">Cesiones solicitadas por asociaciones<\/td>\n<td width=\"81\">42<\/td>\n<td width=\"88\">1.330<\/td>\n<td width=\"86\">100<\/td>\n<\/tr>\n<tr>\n<td width=\"379\">Cesiones solicitadas por Ayuntamiento e instituciones<\/td>\n<td width=\"81\">31<\/td>\n<td width=\"88\">1.521<\/td>\n<td width=\"86\">73<\/td>\n<\/tr>\n<tr>\n<td width=\"379\">Cesiones solicitadas por colectivos<\/td>\n<td width=\"81\">25<\/td>\n<td width=\"88\">723<\/td>\n<td width=\"86\">53<\/td>\n<\/tr>\n<tr>\n<td width=\"379\">Cesiones solicitadas por particulares<\/td>\n<td width=\"81\">1<\/td>\n<td width=\"88\">152<\/td>\n<td width=\"86\">5<\/td>\n<\/tr>\n<tr>\n<td width=\"379\"><strong>TOTAL<\/strong><\/td>\n<td width=\"81\"><strong>230<\/strong><\/td>\n<td width=\"88\"><strong>9.294<\/strong><\/td>\n<td width=\"86\"><strong>592,5<\/strong><\/td>\n<\/tr>\n<\/tbody>\n<\/table>\n<p>&nbsp;<\/p>\n<ul>\n<li><strong><u>Comparativa de cesiones permanentes. Cursos 2015-2016 y 2016-2017<\/u><\/strong><\/li>\n<\/ul>\n<p>&nbsp;<\/p>\n<table>\n<tbody>\n<tr>\n<td width=\"313\"><strong>\u00a0<\/strong><\/td>\n<td width=\"161\"><strong>Curso 2015 \u2013 2016<\/strong><\/td>\n<td width=\"159\"><strong>Curso 2016 &#8211; 2017<\/strong><\/td>\n<\/tr>\n<tr>\n<td width=\"313\"><strong>Condestable<\/strong><\/td>\n<td width=\"161\">17<\/td>\n<td width=\"159\">19<\/td>\n<\/tr>\n<tr>\n<td width=\"313\"><strong>Ensanche<\/strong><\/td>\n<td width=\"161\">5<\/td>\n<td width=\"159\">7<\/td>\n<\/tr>\n<tr>\n<td width=\"313\"><strong>Iturrama<\/strong><\/td>\n<td width=\"161\">20<\/td>\n<td width=\"159\">22<\/td>\n<\/tr>\n<tr>\n<td width=\"313\"><strong>Jus la Rocha<\/strong><\/td>\n<td width=\"161\">29<\/td>\n<td width=\"159\">37<\/td>\n<\/tr>\n<tr>\n<td width=\"313\"><strong>Mendillorri<\/strong><\/td>\n<td width=\"161\">20<\/td>\n<td width=\"159\">18<\/td>\n<\/tr>\n<tr>\n<td width=\"313\"><strong>Milagrosa<\/strong><\/td>\n<td width=\"161\">7<\/td>\n<td width=\"159\">8<\/td>\n<\/tr>\n<tr>\n<td width=\"313\"><strong>San Jorge<\/strong><\/td>\n<td width=\"161\">13<\/td>\n<td width=\"159\">15<\/td>\n<\/tr>\n<tr>\n<td width=\"313\"><strong>San Juan Bosco<\/strong><\/td>\n<td width=\"161\">5<\/td>\n<td width=\"159\">6<\/td>\n<\/tr>\n<tr>\n<td width=\"313\"><strong>TOTAL DE CESIONES A ASOCIACIONES\u00a0 <\/strong><\/td>\n<td width=\"161\"><strong>116<\/strong><\/td>\n<td width=\"159\"><strong>132<\/strong><\/td>\n<\/tr>\n<\/tbody>\n<\/table>\n<p>&nbsp;<\/p>\n<table>\n<tbody>\n<tr>\n<td width=\"313\"><strong>ASOCIACIONES DIFERENTES CON ESPACIOS CEDIDOS DE FORMA PERMANENTE<\/strong><\/td>\n<td width=\"161\"><strong>93<\/strong><\/td>\n<td width=\"159\"><strong>107<\/strong><\/td>\n<\/tr>\n<\/tbody>\n<\/table>\n<p>&nbsp;<\/p>\n","protected":false},"excerpt":{"rendered":"<p>De los 4.124 usos para actos puntuales autorizados este a\u00f1o, s\u00f3lo 131 (un 3,1%) correspondieron a actividades de partidos pol\u00edticos o sindicatos<\/p>\n","protected":false},"author":1,"featured_media":11047,"comment_status":"closed","ping_status":"closed","sticky":false,"template":"","format":"standard","meta":{"footnotes":""},"categories":[2],"tags":[],"class_list":["post-11222","post","type-post","status-publish","format-standard","has-post-thumbnail","hentry","category-ayuntamiento-pamplona"],"yoast_head":"<!-- This site is optimized with the Yoast SEO plugin v27.5 - https:\/\/yoast.com\/product\/yoast-seo-wordpress\/ -->\n<title>Tras un a\u00f1o del cambio de criterios de uso en la red civivox las asociaciones con espacios permanentes suben un 15%, un 14,6% las cesiones puntuales y los usuarios un 21,2%<\/title>\n<meta name=\"robots\" content=\"index, follow, max-snippet:-1, max-image-preview:large, max-video-preview:-1\" \/>\n<link rel=\"canonical\" href=\"https:\/\/www.laguiadepamplona.com\/actualidad\/tras-un-ano-del-cambio-de-criterios-de-uso-en-la-red-civivox-las-asociaciones-con-espacios-permanentes-suben-un-15-un-146-las-cesiones-puntuales-y-los-usuarios-un-212\/\" \/>\n<meta property=\"og:locale\" content=\"es_ES\" \/>\n<meta property=\"og:type\" content=\"article\" \/>\n<meta property=\"og:title\" content=\"Tras un a\u00f1o del cambio de criterios de uso en la red civivox las asociaciones con espacios permanentes suben un 15%, un 14,6% las cesiones puntuales y los usuarios un 21,2%\" \/>\n<meta property=\"og:description\" content=\"De los 4.124 usos para actos puntuales autorizados este a\u00f1o, s\u00f3lo 131 (un 3,1%) correspondieron a actividades de partidos pol\u00edticos o sindicatos\" \/>\n<meta property=\"og:url\" content=\"https:\/\/www.laguiadepamplona.com\/actualidad\/tras-un-ano-del-cambio-de-criterios-de-uso-en-la-red-civivox-las-asociaciones-con-espacios-permanentes-suben-un-15-un-146-las-cesiones-puntuales-y-los-usuarios-un-212\/\" \/>\n<meta property=\"og:site_name\" content=\"La Gu\u00eda de Pamplona\" \/>\n<meta property=\"article:publisher\" content=\"https:\/\/www.facebook.com\/laguiadepamplonacom-133175176762273\/?ref=hl\" \/>\n<meta property=\"article:published_time\" content=\"2016-11-10T11:47:50+00:00\" \/>\n<meta property=\"article:modified_time\" content=\"2016-12-07T11:49:40+00:00\" \/>\n<meta property=\"og:image\" content=\"https:\/\/www.laguiadepamplona.com\/actualidad\/wp-content\/uploads\/2016\/12\/civivox-san-jorge.jpg\" \/>\n\t<meta property=\"og:image:width\" content=\"900\" \/>\n\t<meta property=\"og:image:height\" content=\"675\" \/>\n\t<meta property=\"og:image:type\" content=\"image\/jpeg\" \/>\n<meta name=\"author\" content=\"La Gu\u00eda de Pamplona\" \/>\n<meta name=\"twitter:card\" content=\"summary_large_image\" \/>\n<meta name=\"twitter:creator\" content=\"@LaGuiadPamplona\" \/>\n<meta name=\"twitter:site\" content=\"@LaGuiadPamplona\" \/>\n<meta name=\"twitter:label1\" content=\"Escrito por\" \/>\n\t<meta name=\"twitter:data1\" content=\"La Gu\u00eda de Pamplona\" \/>\n\t<meta name=\"twitter:label2\" content=\"Tiempo de lectura\" \/>\n\t<meta name=\"twitter:data2\" content=\"6 minutos\" \/>\n<script type=\"application\/ld+json\" class=\"yoast-schema-graph\">{\"@context\":\"https:\\\/\\\/schema.org\",\"@graph\":[{\"@type\":\"Article\",\"@id\":\"https:\\\/\\\/www.laguiadepamplona.com\\\/actualidad\\\/tras-un-ano-del-cambio-de-criterios-de-uso-en-la-red-civivox-las-asociaciones-con-espacios-permanentes-suben-un-15-un-146-las-cesiones-puntuales-y-los-usuarios-un-212\\\/#article\",\"isPartOf\":{\"@id\":\"https:\\\/\\\/www.laguiadepamplona.com\\\/actualidad\\\/tras-un-ano-del-cambio-de-criterios-de-uso-en-la-red-civivox-las-asociaciones-con-espacios-permanentes-suben-un-15-un-146-las-cesiones-puntuales-y-los-usuarios-un-212\\\/\"},\"author\":{\"name\":\"La Gu\u00eda de Pamplona\",\"@id\":\"https:\\\/\\\/www.laguiadepamplona.com\\\/actualidad\\\/#\\\/schema\\\/person\\\/efe887376f0213d4657c93adc50b1fdb\"},\"headline\":\"Tras un a\u00f1o del cambio de criterios de uso en la red civivox las asociaciones con espacios permanentes suben un 15%, un 14,6% las cesiones puntuales y los usuarios un 21,2%\",\"datePublished\":\"2016-11-10T11:47:50+00:00\",\"dateModified\":\"2016-12-07T11:49:40+00:00\",\"mainEntityOfPage\":{\"@id\":\"https:\\\/\\\/www.laguiadepamplona.com\\\/actualidad\\\/tras-un-ano-del-cambio-de-criterios-de-uso-en-la-red-civivox-las-asociaciones-con-espacios-permanentes-suben-un-15-un-146-las-cesiones-puntuales-y-los-usuarios-un-212\\\/\"},\"wordCount\":1240,\"publisher\":{\"@id\":\"https:\\\/\\\/www.laguiadepamplona.com\\\/actualidad\\\/#organization\"},\"image\":{\"@id\":\"https:\\\/\\\/www.laguiadepamplona.com\\\/actualidad\\\/tras-un-ano-del-cambio-de-criterios-de-uso-en-la-red-civivox-las-asociaciones-con-espacios-permanentes-suben-un-15-un-146-las-cesiones-puntuales-y-los-usuarios-un-212\\\/#primaryimage\"},\"thumbnailUrl\":\"https:\\\/\\\/www.laguiadepamplona.com\\\/actualidad\\\/wp-content\\\/uploads\\\/2016\\\/12\\\/civivox-san-jorge.jpg\",\"articleSection\":[\"Ayto Pamplona\"],\"inLanguage\":\"es\"},{\"@type\":\"WebPage\",\"@id\":\"https:\\\/\\\/www.laguiadepamplona.com\\\/actualidad\\\/tras-un-ano-del-cambio-de-criterios-de-uso-en-la-red-civivox-las-asociaciones-con-espacios-permanentes-suben-un-15-un-146-las-cesiones-puntuales-y-los-usuarios-un-212\\\/\",\"url\":\"https:\\\/\\\/www.laguiadepamplona.com\\\/actualidad\\\/tras-un-ano-del-cambio-de-criterios-de-uso-en-la-red-civivox-las-asociaciones-con-espacios-permanentes-suben-un-15-un-146-las-cesiones-puntuales-y-los-usuarios-un-212\\\/\",\"name\":\"Tras un a\u00f1o del cambio de criterios de uso en la red civivox las asociaciones con espacios permanentes suben un 15%, un 14,6% las cesiones puntuales y los usuarios un 21,2%\",\"isPartOf\":{\"@id\":\"https:\\\/\\\/www.laguiadepamplona.com\\\/actualidad\\\/#website\"},\"primaryImageOfPage\":{\"@id\":\"https:\\\/\\\/www.laguiadepamplona.com\\\/actualidad\\\/tras-un-ano-del-cambio-de-criterios-de-uso-en-la-red-civivox-las-asociaciones-con-espacios-permanentes-suben-un-15-un-146-las-cesiones-puntuales-y-los-usuarios-un-212\\\/#primaryimage\"},\"image\":{\"@id\":\"https:\\\/\\\/www.laguiadepamplona.com\\\/actualidad\\\/tras-un-ano-del-cambio-de-criterios-de-uso-en-la-red-civivox-las-asociaciones-con-espacios-permanentes-suben-un-15-un-146-las-cesiones-puntuales-y-los-usuarios-un-212\\\/#primaryimage\"},\"thumbnailUrl\":\"https:\\\/\\\/www.laguiadepamplona.com\\\/actualidad\\\/wp-content\\\/uploads\\\/2016\\\/12\\\/civivox-san-jorge.jpg\",\"datePublished\":\"2016-11-10T11:47:50+00:00\",\"dateModified\":\"2016-12-07T11:49:40+00:00\",\"breadcrumb\":{\"@id\":\"https:\\\/\\\/www.laguiadepamplona.com\\\/actualidad\\\/tras-un-ano-del-cambio-de-criterios-de-uso-en-la-red-civivox-las-asociaciones-con-espacios-permanentes-suben-un-15-un-146-las-cesiones-puntuales-y-los-usuarios-un-212\\\/#breadcrumb\"},\"inLanguage\":\"es\",\"potentialAction\":[{\"@type\":\"ReadAction\",\"target\":[\"https:\\\/\\\/www.laguiadepamplona.com\\\/actualidad\\\/tras-un-ano-del-cambio-de-criterios-de-uso-en-la-red-civivox-las-asociaciones-con-espacios-permanentes-suben-un-15-un-146-las-cesiones-puntuales-y-los-usuarios-un-212\\\/\"]}]},{\"@type\":\"ImageObject\",\"inLanguage\":\"es\",\"@id\":\"https:\\\/\\\/www.laguiadepamplona.com\\\/actualidad\\\/tras-un-ano-del-cambio-de-criterios-de-uso-en-la-red-civivox-las-asociaciones-con-espacios-permanentes-suben-un-15-un-146-las-cesiones-puntuales-y-los-usuarios-un-212\\\/#primaryimage\",\"url\":\"https:\\\/\\\/www.laguiadepamplona.com\\\/actualidad\\\/wp-content\\\/uploads\\\/2016\\\/12\\\/civivox-san-jorge.jpg\",\"contentUrl\":\"https:\\\/\\\/www.laguiadepamplona.com\\\/actualidad\\\/wp-content\\\/uploads\\\/2016\\\/12\\\/civivox-san-jorge.jpg\",\"width\":900,\"height\":675},{\"@type\":\"BreadcrumbList\",\"@id\":\"https:\\\/\\\/www.laguiadepamplona.com\\\/actualidad\\\/tras-un-ano-del-cambio-de-criterios-de-uso-en-la-red-civivox-las-asociaciones-con-espacios-permanentes-suben-un-15-un-146-las-cesiones-puntuales-y-los-usuarios-un-212\\\/#breadcrumb\",\"itemListElement\":[{\"@type\":\"ListItem\",\"position\":1,\"name\":\"Portada\",\"item\":\"https:\\\/\\\/www.laguiadepamplona.com\\\/actualidad\\\/\"},{\"@type\":\"ListItem\",\"position\":2,\"name\":\"Tras un a\u00f1o del cambio de criterios de uso en la red civivox las asociaciones con espacios permanentes suben un 15%, un 14,6% las cesiones puntuales y los usuarios un 21,2%\"}]},{\"@type\":\"WebSite\",\"@id\":\"https:\\\/\\\/www.laguiadepamplona.com\\\/actualidad\\\/#website\",\"url\":\"https:\\\/\\\/www.laguiadepamplona.com\\\/actualidad\\\/\",\"name\":\"La gu\u00eda de Pamplona\",\"description\":\"Noticias de Pamplona\",\"publisher\":{\"@id\":\"https:\\\/\\\/www.laguiadepamplona.com\\\/actualidad\\\/#organization\"},\"potentialAction\":[{\"@type\":\"SearchAction\",\"target\":{\"@type\":\"EntryPoint\",\"urlTemplate\":\"https:\\\/\\\/www.laguiadepamplona.com\\\/actualidad\\\/?s={search_term_string}\"},\"query-input\":{\"@type\":\"PropertyValueSpecification\",\"valueRequired\":true,\"valueName\":\"search_term_string\"}}],\"inLanguage\":\"es\"},{\"@type\":\"Organization\",\"@id\":\"https:\\\/\\\/www.laguiadepamplona.com\\\/actualidad\\\/#organization\",\"name\":\"La Gu\u00eda de Pamplona \\\/ Noticias\",\"url\":\"https:\\\/\\\/www.laguiadepamplona.com\\\/actualidad\\\/\",\"logo\":{\"@type\":\"ImageObject\",\"inLanguage\":\"es\",\"@id\":\"https:\\\/\\\/www.laguiadepamplona.com\\\/actualidad\\\/#\\\/schema\\\/logo\\\/image\\\/\",\"url\":\"https:\\\/\\\/www.laguiadepamplona.com\\\/actualidad\\\/wp-content\\\/uploads\\\/2018\\\/11\\\/logo-laguiadepamplona18-web1.png\",\"contentUrl\":\"https:\\\/\\\/www.laguiadepamplona.com\\\/actualidad\\\/wp-content\\\/uploads\\\/2018\\\/11\\\/logo-laguiadepamplona18-web1.png\",\"width\":600,\"height\":196,\"caption\":\"La Gu\u00eda de Pamplona \\\/ Noticias\"},\"image\":{\"@id\":\"https:\\\/\\\/www.laguiadepamplona.com\\\/actualidad\\\/#\\\/schema\\\/logo\\\/image\\\/\"},\"sameAs\":[\"https:\\\/\\\/www.facebook.com\\\/laguiadepamplonacom-133175176762273\\\/?ref=hl\",\"https:\\\/\\\/x.com\\\/LaGuiadPamplona\",\"https:\\\/\\\/www.instagram.com\\\/la_guia_de_pamplona\\\/\",\"https:\\\/\\\/www.youtube.com\\\/user\\\/laguiadepamplona\"]},{\"@type\":\"Person\",\"@id\":\"https:\\\/\\\/www.laguiadepamplona.com\\\/actualidad\\\/#\\\/schema\\\/person\\\/efe887376f0213d4657c93adc50b1fdb\",\"name\":\"La Gu\u00eda de Pamplona\",\"image\":{\"@type\":\"ImageObject\",\"inLanguage\":\"es\",\"@id\":\"https:\\\/\\\/secure.gravatar.com\\\/avatar\\\/b6992f131dc8d30ab0dff15446e9d346d9dbd95992de0fef795073f5ea83a81c?s=96&d=mm&r=g\",\"url\":\"https:\\\/\\\/secure.gravatar.com\\\/avatar\\\/b6992f131dc8d30ab0dff15446e9d346d9dbd95992de0fef795073f5ea83a81c?s=96&d=mm&r=g\",\"contentUrl\":\"https:\\\/\\\/secure.gravatar.com\\\/avatar\\\/b6992f131dc8d30ab0dff15446e9d346d9dbd95992de0fef795073f5ea83a81c?s=96&d=mm&r=g\",\"caption\":\"La Gu\u00eda de Pamplona\"}}]}<\/script>\n<!-- \/ Yoast SEO plugin. -->","yoast_head_json":{"title":"Tras un a\u00f1o del cambio de criterios de uso en la red civivox las asociaciones con espacios permanentes suben un 15%, un 14,6% las cesiones puntuales y los usuarios un 21,2%","robots":{"index":"index","follow":"follow","max-snippet":"max-snippet:-1","max-image-preview":"max-image-preview:large","max-video-preview":"max-video-preview:-1"},"canonical":"https:\/\/www.laguiadepamplona.com\/actualidad\/tras-un-ano-del-cambio-de-criterios-de-uso-en-la-red-civivox-las-asociaciones-con-espacios-permanentes-suben-un-15-un-146-las-cesiones-puntuales-y-los-usuarios-un-212\/","og_locale":"es_ES","og_type":"article","og_title":"Tras un a\u00f1o del cambio de criterios de uso en la red civivox las asociaciones con espacios permanentes suben un 15%, un 14,6% las cesiones puntuales y los usuarios un 21,2%","og_description":"De los 4.124 usos para actos puntuales autorizados este a\u00f1o, s\u00f3lo 131 (un 3,1%) correspondieron a actividades de partidos pol\u00edticos o sindicatos","og_url":"https:\/\/www.laguiadepamplona.com\/actualidad\/tras-un-ano-del-cambio-de-criterios-de-uso-en-la-red-civivox-las-asociaciones-con-espacios-permanentes-suben-un-15-un-146-las-cesiones-puntuales-y-los-usuarios-un-212\/","og_site_name":"La Gu\u00eda de Pamplona","article_publisher":"https:\/\/www.facebook.com\/laguiadepamplonacom-133175176762273\/?ref=hl","article_published_time":"2016-11-10T11:47:50+00:00","article_modified_time":"2016-12-07T11:49:40+00:00","og_image":[{"width":900,"height":675,"url":"https:\/\/www.laguiadepamplona.com\/actualidad\/wp-content\/uploads\/2016\/12\/civivox-san-jorge.jpg","type":"image\/jpeg"}],"author":"La Gu\u00eda de Pamplona","twitter_card":"summary_large_image","twitter_creator":"@LaGuiadPamplona","twitter_site":"@LaGuiadPamplona","twitter_misc":{"Escrito por":"La Gu\u00eda de Pamplona","Tiempo de lectura":"6 minutos"},"schema":{"@context":"https:\/\/schema.org","@graph":[{"@type":"Article","@id":"https:\/\/www.laguiadepamplona.com\/actualidad\/tras-un-ano-del-cambio-de-criterios-de-uso-en-la-red-civivox-las-asociaciones-con-espacios-permanentes-suben-un-15-un-146-las-cesiones-puntuales-y-los-usuarios-un-212\/#article","isPartOf":{"@id":"https:\/\/www.laguiadepamplona.com\/actualidad\/tras-un-ano-del-cambio-de-criterios-de-uso-en-la-red-civivox-las-asociaciones-con-espacios-permanentes-suben-un-15-un-146-las-cesiones-puntuales-y-los-usuarios-un-212\/"},"author":{"name":"La Gu\u00eda de Pamplona","@id":"https:\/\/www.laguiadepamplona.com\/actualidad\/#\/schema\/person\/efe887376f0213d4657c93adc50b1fdb"},"headline":"Tras un a\u00f1o del cambio de criterios de uso en la red civivox las asociaciones con espacios permanentes suben un 15%, un 14,6% las cesiones puntuales y los usuarios un 21,2%","datePublished":"2016-11-10T11:47:50+00:00","dateModified":"2016-12-07T11:49:40+00:00","mainEntityOfPage":{"@id":"https:\/\/www.laguiadepamplona.com\/actualidad\/tras-un-ano-del-cambio-de-criterios-de-uso-en-la-red-civivox-las-asociaciones-con-espacios-permanentes-suben-un-15-un-146-las-cesiones-puntuales-y-los-usuarios-un-212\/"},"wordCount":1240,"publisher":{"@id":"https:\/\/www.laguiadepamplona.com\/actualidad\/#organization"},"image":{"@id":"https:\/\/www.laguiadepamplona.com\/actualidad\/tras-un-ano-del-cambio-de-criterios-de-uso-en-la-red-civivox-las-asociaciones-con-espacios-permanentes-suben-un-15-un-146-las-cesiones-puntuales-y-los-usuarios-un-212\/#primaryimage"},"thumbnailUrl":"https:\/\/www.laguiadepamplona.com\/actualidad\/wp-content\/uploads\/2016\/12\/civivox-san-jorge.jpg","articleSection":["Ayto Pamplona"],"inLanguage":"es"},{"@type":"WebPage","@id":"https:\/\/www.laguiadepamplona.com\/actualidad\/tras-un-ano-del-cambio-de-criterios-de-uso-en-la-red-civivox-las-asociaciones-con-espacios-permanentes-suben-un-15-un-146-las-cesiones-puntuales-y-los-usuarios-un-212\/","url":"https:\/\/www.laguiadepamplona.com\/actualidad\/tras-un-ano-del-cambio-de-criterios-de-uso-en-la-red-civivox-las-asociaciones-con-espacios-permanentes-suben-un-15-un-146-las-cesiones-puntuales-y-los-usuarios-un-212\/","name":"Tras un a\u00f1o del cambio de criterios de uso en la red civivox las asociaciones con espacios permanentes suben un 15%, un 14,6% las cesiones puntuales y los usuarios un 21,2%","isPartOf":{"@id":"https:\/\/www.laguiadepamplona.com\/actualidad\/#website"},"primaryImageOfPage":{"@id":"https:\/\/www.laguiadepamplona.com\/actualidad\/tras-un-ano-del-cambio-de-criterios-de-uso-en-la-red-civivox-las-asociaciones-con-espacios-permanentes-suben-un-15-un-146-las-cesiones-puntuales-y-los-usuarios-un-212\/#primaryimage"},"image":{"@id":"https:\/\/www.laguiadepamplona.com\/actualidad\/tras-un-ano-del-cambio-de-criterios-de-uso-en-la-red-civivox-las-asociaciones-con-espacios-permanentes-suben-un-15-un-146-las-cesiones-puntuales-y-los-usuarios-un-212\/#primaryimage"},"thumbnailUrl":"https:\/\/www.laguiadepamplona.com\/actualidad\/wp-content\/uploads\/2016\/12\/civivox-san-jorge.jpg","datePublished":"2016-11-10T11:47:50+00:00","dateModified":"2016-12-07T11:49:40+00:00","breadcrumb":{"@id":"https:\/\/www.laguiadepamplona.com\/actualidad\/tras-un-ano-del-cambio-de-criterios-de-uso-en-la-red-civivox-las-asociaciones-con-espacios-permanentes-suben-un-15-un-146-las-cesiones-puntuales-y-los-usuarios-un-212\/#breadcrumb"},"inLanguage":"es","potentialAction":[{"@type":"ReadAction","target":["https:\/\/www.laguiadepamplona.com\/actualidad\/tras-un-ano-del-cambio-de-criterios-de-uso-en-la-red-civivox-las-asociaciones-con-espacios-permanentes-suben-un-15-un-146-las-cesiones-puntuales-y-los-usuarios-un-212\/"]}]},{"@type":"ImageObject","inLanguage":"es","@id":"https:\/\/www.laguiadepamplona.com\/actualidad\/tras-un-ano-del-cambio-de-criterios-de-uso-en-la-red-civivox-las-asociaciones-con-espacios-permanentes-suben-un-15-un-146-las-cesiones-puntuales-y-los-usuarios-un-212\/#primaryimage","url":"https:\/\/www.laguiadepamplona.com\/actualidad\/wp-content\/uploads\/2016\/12\/civivox-san-jorge.jpg","contentUrl":"https:\/\/www.laguiadepamplona.com\/actualidad\/wp-content\/uploads\/2016\/12\/civivox-san-jorge.jpg","width":900,"height":675},{"@type":"BreadcrumbList","@id":"https:\/\/www.laguiadepamplona.com\/actualidad\/tras-un-ano-del-cambio-de-criterios-de-uso-en-la-red-civivox-las-asociaciones-con-espacios-permanentes-suben-un-15-un-146-las-cesiones-puntuales-y-los-usuarios-un-212\/#breadcrumb","itemListElement":[{"@type":"ListItem","position":1,"name":"Portada","item":"https:\/\/www.laguiadepamplona.com\/actualidad\/"},{"@type":"ListItem","position":2,"name":"Tras un a\u00f1o del cambio de criterios de uso en la red civivox las asociaciones con espacios permanentes suben un 15%, un 14,6% las cesiones puntuales y los usuarios un 21,2%"}]},{"@type":"WebSite","@id":"https:\/\/www.laguiadepamplona.com\/actualidad\/#website","url":"https:\/\/www.laguiadepamplona.com\/actualidad\/","name":"La gu\u00eda de Pamplona","description":"Noticias de Pamplona","publisher":{"@id":"https:\/\/www.laguiadepamplona.com\/actualidad\/#organization"},"potentialAction":[{"@type":"SearchAction","target":{"@type":"EntryPoint","urlTemplate":"https:\/\/www.laguiadepamplona.com\/actualidad\/?s={search_term_string}"},"query-input":{"@type":"PropertyValueSpecification","valueRequired":true,"valueName":"search_term_string"}}],"inLanguage":"es"},{"@type":"Organization","@id":"https:\/\/www.laguiadepamplona.com\/actualidad\/#organization","name":"La Gu\u00eda de Pamplona \/ Noticias","url":"https:\/\/www.laguiadepamplona.com\/actualidad\/","logo":{"@type":"ImageObject","inLanguage":"es","@id":"https:\/\/www.laguiadepamplona.com\/actualidad\/#\/schema\/logo\/image\/","url":"https:\/\/www.laguiadepamplona.com\/actualidad\/wp-content\/uploads\/2018\/11\/logo-laguiadepamplona18-web1.png","contentUrl":"https:\/\/www.laguiadepamplona.com\/actualidad\/wp-content\/uploads\/2018\/11\/logo-laguiadepamplona18-web1.png","width":600,"height":196,"caption":"La Gu\u00eda de Pamplona \/ Noticias"},"image":{"@id":"https:\/\/www.laguiadepamplona.com\/actualidad\/#\/schema\/logo\/image\/"},"sameAs":["https:\/\/www.facebook.com\/laguiadepamplonacom-133175176762273\/?ref=hl","https:\/\/x.com\/LaGuiadPamplona","https:\/\/www.instagram.com\/la_guia_de_pamplona\/","https:\/\/www.youtube.com\/user\/laguiadepamplona"]},{"@type":"Person","@id":"https:\/\/www.laguiadepamplona.com\/actualidad\/#\/schema\/person\/efe887376f0213d4657c93adc50b1fdb","name":"La Gu\u00eda de Pamplona","image":{"@type":"ImageObject","inLanguage":"es","@id":"https:\/\/secure.gravatar.com\/avatar\/b6992f131dc8d30ab0dff15446e9d346d9dbd95992de0fef795073f5ea83a81c?s=96&d=mm&r=g","url":"https:\/\/secure.gravatar.com\/avatar\/b6992f131dc8d30ab0dff15446e9d346d9dbd95992de0fef795073f5ea83a81c?s=96&d=mm&r=g","contentUrl":"https:\/\/secure.gravatar.com\/avatar\/b6992f131dc8d30ab0dff15446e9d346d9dbd95992de0fef795073f5ea83a81c?s=96&d=mm&r=g","caption":"La Gu\u00eda de Pamplona"}}]}},"post_mailing_queue_ids":[],"_links":{"self":[{"href":"https:\/\/www.laguiadepamplona.com\/actualidad\/wp-json\/wp\/v2\/posts\/11222","targetHints":{"allow":["GET"]}}],"collection":[{"href":"https:\/\/www.laguiadepamplona.com\/actualidad\/wp-json\/wp\/v2\/posts"}],"about":[{"href":"https:\/\/www.laguiadepamplona.com\/actualidad\/wp-json\/wp\/v2\/types\/post"}],"author":[{"embeddable":true,"href":"https:\/\/www.laguiadepamplona.com\/actualidad\/wp-json\/wp\/v2\/users\/1"}],"replies":[{"embeddable":true,"href":"https:\/\/www.laguiadepamplona.com\/actualidad\/wp-json\/wp\/v2\/comments?post=11222"}],"version-history":[{"count":0,"href":"https:\/\/www.laguiadepamplona.com\/actualidad\/wp-json\/wp\/v2\/posts\/11222\/revisions"}],"wp:featuredmedia":[{"embeddable":true,"href":"https:\/\/www.laguiadepamplona.com\/actualidad\/wp-json\/wp\/v2\/media\/11047"}],"wp:attachment":[{"href":"https:\/\/www.laguiadepamplona.com\/actualidad\/wp-json\/wp\/v2\/media?parent=11222"}],"wp:term":[{"taxonomy":"category","embeddable":true,"href":"https:\/\/www.laguiadepamplona.com\/actualidad\/wp-json\/wp\/v2\/categories?post=11222"},{"taxonomy":"post_tag","embeddable":true,"href":"https:\/\/www.laguiadepamplona.com\/actualidad\/wp-json\/wp\/v2\/tags?post=11222"}],"curies":[{"name":"wp","href":"https:\/\/api.w.org\/{rel}","templated":true}]}}