{"id":11215,"date":"2016-11-09T12:35:39","date_gmt":"2016-11-09T11:35:39","guid":{"rendered":"http:\/\/laguiadepamplona.es\/actualidad\/?p=11215"},"modified":"2016-12-07T12:43:11","modified_gmt":"2016-12-07T11:43:11","slug":"una-treintena-de-farolas-solares-inteligentes-iluminaran-el-parque-fluvial-del-arga-entre-la-pasarela-de-subida-a-la-cuesta-de-beloso-y-el-limite-con-burlada","status":"publish","type":"post","link":"https:\/\/www.laguiadepamplona.com\/actualidad\/una-treintena-de-farolas-solares-inteligentes-iluminaran-el-parque-fluvial-del-arga-entre-la-pasarela-de-subida-a-la-cuesta-de-beloso-y-el-limite-con-burlada\/","title":{"rendered":"Una treintena de farolas solares inteligentes iluminar\u00e1n el parque fluvial del Arga entre la pasarela de subida a la cuesta de Beloso y el l\u00edmite con Burlada"},"content":{"rendered":"<h3>El Ayuntamiento licita por 95.397 euros un trabajo incluido en el Plan de Actuaci\u00f3n en Barrios y que estar\u00e1 deber\u00e1 estar terminado para fin de a\u00f1o<\/h3>\n<p><!--more--><\/p>\n<p>El Ayuntamiento de Pamplona concluir\u00e1 este a\u00f1o la iluminaci\u00f3n de todo el camino peatonal que recorre la orilla del r\u00edo Arga. En la actualidad, el \u00fanico tramo que no cuenta con iluminaci\u00f3n es el que discurre entre la pasarela de subida a la cuesta de Beloso y el l\u00edmite con el t\u00e9rmino municipal de Burlada, en la zona de la Magdalena. Debido a la especificidad del terreno, se ha optado por un sistema de farolas solares inteligentes que dotar\u00e1n de luz a ese tramo peatonal de unos 726 metros.<\/p>\n<p>El Portal de Contrataci\u00f3n de Navarra publica la licitaci\u00f3n de este proyecto, con un presupuesto de 95.397,58 euros y un plazo de ejecuci\u00f3n de los trabajos de un mes. Estos trabajos se enmarcan dentro del Plan de Actuaci\u00f3n en Barrios, que comprende una inversi\u00f3n de 1,5 millones de euros en m\u00e1s de 40 obras repartidas por la ciudad. Por ello, deber\u00e1n estar finalizados antes del 31 de diciembre.<\/p>\n<p>El camino que se pretende iluminar esta construido sobre una escollera de piedras de grandes dimensiones, que dificulta la ejecuci\u00f3n de canalizaci\u00f3n subterr\u00e1nea sobre el pavimento. Ante la problem\u00e1tica de tratar de proyectar una instalaci\u00f3n de alumbrado p\u00fablico convencional, se ha preferido una soluci\u00f3n alternativa con la colocaci\u00f3n de farolas solares inteligentes, que no requiere esa canalizaci\u00f3n; que se nutre de energ\u00eda sostenible, ecol\u00f3gica y gratuita; y que ofrece seguridad a las personas usuarias y contra robos, ya que son farolas solares aut\u00f3nomas, que no requieren instalaci\u00f3n de un cableado que, como en el caso del de cobre, puede atraer a posibles ladrones. Esta misma soluci\u00f3n, el uso de farolas solares inteligentes, ya se ha utilizado en el tramo anterior del paseo, entre el Club Nataci\u00f3n y la pasarela de acceso a Beloso, para iluminar esa parte del camino fluvial.<\/p>\n<p><strong>Detecci\u00f3n autom\u00e1tica de presencia y regulaci\u00f3n del flujo lum\u00ednico<\/strong><\/p>\n<p>El proyecto plantea la instalaci\u00f3n de 31 farolas solares, compuestas de un m\u00f3dulo solar y el foco de tecnolog\u00eda Led. Las farolas se ubicar\u00e1n en columnas con una altura de 6 y 9 metros de altura. Para poder librar las zonas muy pobladas de \u00e1rboles que producen sombras, as\u00ed como reducir el n\u00famero total de soportes a colocar, que suponen un obst\u00e1culo para las personas usuarias del camino, se ha optado por la soluci\u00f3n de instalar 14 columnas de farolas solares dobles y tres columnas con una farola solar sencilla. La distancia entre esos conjuntos de farolas ser\u00e1 de unos 45 o 50 metros, aunque podr\u00eda variar para librar las zonas con m\u00e1s \u00e1rboles que pueden dificultar el alcance de la insolaci\u00f3n en los paneles.<\/p>\n<p>Las farolas solares que se plantean en la licitaci\u00f3n disponen de un sistema de regulaci\u00f3n de la luminosidad en funci\u00f3n de la detecci\u00f3n de presencia. Se encienden autom\u00e1ticamente al 100% al anochecer. En torno a una hora y media o dos horas despu\u00e9s, la farola va reduciendo progresivamente y de forma autom\u00e1tica su flujo, que vuelve al m\u00e1ximo cuando detecta movimiento de personas usuarias, ya sean peatones, bicicletas o veh\u00edculo, si fuera el caso. En el estado m\u00ednimo de reposo, la luminosidad no bajar\u00e1 del 35%.<\/p>\n<p>Las empresas interesadas pueden presentar la documentaci\u00f3n para esta licitaci\u00f3n hasta el 14 de noviembre a las 14.30 horas en el registro municipal de la avenida del Ej\u00e9rcito 2 \u2013 9\u00aa planta o en cualquier otro que se recoja en la normativa legal. Los criterios de adjudicaci\u00f3n valorar\u00e1n la oferta econ\u00f3mica, la propuesta t\u00e9cnica, la garant\u00eda en los materiales y el plazo de ejecuci\u00f3n.<\/p>\n<p>&nbsp;<\/p>\n","protected":false},"excerpt":{"rendered":"<p>El Ayuntamiento licita por 95.397 euros un trabajo incluido en el Plan de Actuaci\u00f3n en Barrios y que estar\u00e1 deber\u00e1 estar terminado para fin de a\u00f1o<\/p>\n","protected":false},"author":1,"featured_media":10979,"comment_status":"closed","ping_status":"closed","sticky":false,"template":"","format":"standard","meta":{"footnotes":""},"categories":[2],"tags":[],"class_list":["post-11215","post","type-post","status-publish","format-standard","has-post-thumbnail","hentry","category-ayuntamiento-pamplona"],"yoast_head":"<!-- This site is optimized with the Yoast SEO plugin v27.5 - https:\/\/yoast.com\/product\/yoast-seo-wordpress\/ -->\n<title>Una treintena de farolas solares inteligentes iluminar\u00e1n el parque fluvial del Arga entre la pasarela de subida a la cuesta de Beloso y el l\u00edmite con Burlada<\/title>\n<meta name=\"robots\" content=\"index, follow, max-snippet:-1, max-image-preview:large, max-video-preview:-1\" \/>\n<link rel=\"canonical\" href=\"https:\/\/www.laguiadepamplona.com\/actualidad\/una-treintena-de-farolas-solares-inteligentes-iluminaran-el-parque-fluvial-del-arga-entre-la-pasarela-de-subida-a-la-cuesta-de-beloso-y-el-limite-con-burlada\/\" \/>\n<meta property=\"og:locale\" content=\"es_ES\" \/>\n<meta property=\"og:type\" content=\"article\" \/>\n<meta property=\"og:title\" content=\"Una treintena de farolas solares inteligentes iluminar\u00e1n el parque fluvial del Arga entre la pasarela de subida a la cuesta de Beloso y el l\u00edmite con Burlada\" \/>\n<meta property=\"og:description\" content=\"El Ayuntamiento licita por 95.397 euros un trabajo incluido en el Plan de Actuaci\u00f3n en Barrios y que estar\u00e1 deber\u00e1 estar terminado para fin de a\u00f1o\" \/>\n<meta property=\"og:url\" content=\"https:\/\/www.laguiadepamplona.com\/actualidad\/una-treintena-de-farolas-solares-inteligentes-iluminaran-el-parque-fluvial-del-arga-entre-la-pasarela-de-subida-a-la-cuesta-de-beloso-y-el-limite-con-burlada\/\" \/>\n<meta property=\"og:site_name\" content=\"La Gu\u00eda de Pamplona\" \/>\n<meta property=\"article:publisher\" content=\"https:\/\/www.facebook.com\/laguiadepamplonacom-133175176762273\/?ref=hl\" \/>\n<meta property=\"article:published_time\" content=\"2016-11-09T11:35:39+00:00\" \/>\n<meta property=\"article:modified_time\" content=\"2016-12-07T11:43:11+00:00\" \/>\n<meta property=\"og:image\" content=\"https:\/\/www.laguiadepamplona.com\/actualidad\/wp-content\/uploads\/2016\/11\/Ayto_Pamplona.jpg\" \/>\n\t<meta property=\"og:image:width\" content=\"900\" \/>\n\t<meta property=\"og:image:height\" content=\"675\" \/>\n\t<meta property=\"og:image:type\" content=\"image\/jpeg\" \/>\n<meta name=\"author\" content=\"La Gu\u00eda de Pamplona\" \/>\n<meta name=\"twitter:card\" content=\"summary_large_image\" \/>\n<meta name=\"twitter:creator\" content=\"@LaGuiadPamplona\" \/>\n<meta name=\"twitter:site\" content=\"@LaGuiadPamplona\" \/>\n<meta name=\"twitter:label1\" content=\"Escrito por\" \/>\n\t<meta name=\"twitter:data1\" content=\"La Gu\u00eda de Pamplona\" \/>\n\t<meta name=\"twitter:label2\" content=\"Tiempo de lectura\" \/>\n\t<meta name=\"twitter:data2\" content=\"3 minutos\" \/>\n<script type=\"application\/ld+json\" class=\"yoast-schema-graph\">{\"@context\":\"https:\\\/\\\/schema.org\",\"@graph\":[{\"@type\":\"Article\",\"@id\":\"https:\\\/\\\/www.laguiadepamplona.com\\\/actualidad\\\/una-treintena-de-farolas-solares-inteligentes-iluminaran-el-parque-fluvial-del-arga-entre-la-pasarela-de-subida-a-la-cuesta-de-beloso-y-el-limite-con-burlada\\\/#article\",\"isPartOf\":{\"@id\":\"https:\\\/\\\/www.laguiadepamplona.com\\\/actualidad\\\/una-treintena-de-farolas-solares-inteligentes-iluminaran-el-parque-fluvial-del-arga-entre-la-pasarela-de-subida-a-la-cuesta-de-beloso-y-el-limite-con-burlada\\\/\"},\"author\":{\"name\":\"La Gu\u00eda de Pamplona\",\"@id\":\"https:\\\/\\\/www.laguiadepamplona.com\\\/actualidad\\\/#\\\/schema\\\/person\\\/efe887376f0213d4657c93adc50b1fdb\"},\"headline\":\"Una treintena de farolas solares inteligentes iluminar\u00e1n el parque fluvial del Arga entre la pasarela de subida a la cuesta de Beloso y el l\u00edmite con Burlada\",\"datePublished\":\"2016-11-09T11:35:39+00:00\",\"dateModified\":\"2016-12-07T11:43:11+00:00\",\"mainEntityOfPage\":{\"@id\":\"https:\\\/\\\/www.laguiadepamplona.com\\\/actualidad\\\/una-treintena-de-farolas-solares-inteligentes-iluminaran-el-parque-fluvial-del-arga-entre-la-pasarela-de-subida-a-la-cuesta-de-beloso-y-el-limite-con-burlada\\\/\"},\"wordCount\":682,\"publisher\":{\"@id\":\"https:\\\/\\\/www.laguiadepamplona.com\\\/actualidad\\\/#organization\"},\"image\":{\"@id\":\"https:\\\/\\\/www.laguiadepamplona.com\\\/actualidad\\\/una-treintena-de-farolas-solares-inteligentes-iluminaran-el-parque-fluvial-del-arga-entre-la-pasarela-de-subida-a-la-cuesta-de-beloso-y-el-limite-con-burlada\\\/#primaryimage\"},\"thumbnailUrl\":\"https:\\\/\\\/www.laguiadepamplona.com\\\/actualidad\\\/wp-content\\\/uploads\\\/2016\\\/11\\\/Ayto_Pamplona.jpg\",\"articleSection\":[\"Ayto Pamplona\"],\"inLanguage\":\"es\"},{\"@type\":\"WebPage\",\"@id\":\"https:\\\/\\\/www.laguiadepamplona.com\\\/actualidad\\\/una-treintena-de-farolas-solares-inteligentes-iluminaran-el-parque-fluvial-del-arga-entre-la-pasarela-de-subida-a-la-cuesta-de-beloso-y-el-limite-con-burlada\\\/\",\"url\":\"https:\\\/\\\/www.laguiadepamplona.com\\\/actualidad\\\/una-treintena-de-farolas-solares-inteligentes-iluminaran-el-parque-fluvial-del-arga-entre-la-pasarela-de-subida-a-la-cuesta-de-beloso-y-el-limite-con-burlada\\\/\",\"name\":\"Una treintena de farolas solares inteligentes iluminar\u00e1n el parque fluvial del Arga entre la pasarela de subida a la cuesta de Beloso y el l\u00edmite con Burlada\",\"isPartOf\":{\"@id\":\"https:\\\/\\\/www.laguiadepamplona.com\\\/actualidad\\\/#website\"},\"primaryImageOfPage\":{\"@id\":\"https:\\\/\\\/www.laguiadepamplona.com\\\/actualidad\\\/una-treintena-de-farolas-solares-inteligentes-iluminaran-el-parque-fluvial-del-arga-entre-la-pasarela-de-subida-a-la-cuesta-de-beloso-y-el-limite-con-burlada\\\/#primaryimage\"},\"image\":{\"@id\":\"https:\\\/\\\/www.laguiadepamplona.com\\\/actualidad\\\/una-treintena-de-farolas-solares-inteligentes-iluminaran-el-parque-fluvial-del-arga-entre-la-pasarela-de-subida-a-la-cuesta-de-beloso-y-el-limite-con-burlada\\\/#primaryimage\"},\"thumbnailUrl\":\"https:\\\/\\\/www.laguiadepamplona.com\\\/actualidad\\\/wp-content\\\/uploads\\\/2016\\\/11\\\/Ayto_Pamplona.jpg\",\"datePublished\":\"2016-11-09T11:35:39+00:00\",\"dateModified\":\"2016-12-07T11:43:11+00:00\",\"breadcrumb\":{\"@id\":\"https:\\\/\\\/www.laguiadepamplona.com\\\/actualidad\\\/una-treintena-de-farolas-solares-inteligentes-iluminaran-el-parque-fluvial-del-arga-entre-la-pasarela-de-subida-a-la-cuesta-de-beloso-y-el-limite-con-burlada\\\/#breadcrumb\"},\"inLanguage\":\"es\",\"potentialAction\":[{\"@type\":\"ReadAction\",\"target\":[\"https:\\\/\\\/www.laguiadepamplona.com\\\/actualidad\\\/una-treintena-de-farolas-solares-inteligentes-iluminaran-el-parque-fluvial-del-arga-entre-la-pasarela-de-subida-a-la-cuesta-de-beloso-y-el-limite-con-burlada\\\/\"]}]},{\"@type\":\"ImageObject\",\"inLanguage\":\"es\",\"@id\":\"https:\\\/\\\/www.laguiadepamplona.com\\\/actualidad\\\/una-treintena-de-farolas-solares-inteligentes-iluminaran-el-parque-fluvial-del-arga-entre-la-pasarela-de-subida-a-la-cuesta-de-beloso-y-el-limite-con-burlada\\\/#primaryimage\",\"url\":\"https:\\\/\\\/www.laguiadepamplona.com\\\/actualidad\\\/wp-content\\\/uploads\\\/2016\\\/11\\\/Ayto_Pamplona.jpg\",\"contentUrl\":\"https:\\\/\\\/www.laguiadepamplona.com\\\/actualidad\\\/wp-content\\\/uploads\\\/2016\\\/11\\\/Ayto_Pamplona.jpg\",\"width\":900,\"height\":675},{\"@type\":\"BreadcrumbList\",\"@id\":\"https:\\\/\\\/www.laguiadepamplona.com\\\/actualidad\\\/una-treintena-de-farolas-solares-inteligentes-iluminaran-el-parque-fluvial-del-arga-entre-la-pasarela-de-subida-a-la-cuesta-de-beloso-y-el-limite-con-burlada\\\/#breadcrumb\",\"itemListElement\":[{\"@type\":\"ListItem\",\"position\":1,\"name\":\"Portada\",\"item\":\"https:\\\/\\\/www.laguiadepamplona.com\\\/actualidad\\\/\"},{\"@type\":\"ListItem\",\"position\":2,\"name\":\"Una treintena de farolas solares inteligentes iluminar\u00e1n el parque fluvial del Arga entre la pasarela de subida a la cuesta de Beloso y el l\u00edmite con Burlada\"}]},{\"@type\":\"WebSite\",\"@id\":\"https:\\\/\\\/www.laguiadepamplona.com\\\/actualidad\\\/#website\",\"url\":\"https:\\\/\\\/www.laguiadepamplona.com\\\/actualidad\\\/\",\"name\":\"La gu\u00eda de Pamplona\",\"description\":\"Noticias de Pamplona\",\"publisher\":{\"@id\":\"https:\\\/\\\/www.laguiadepamplona.com\\\/actualidad\\\/#organization\"},\"potentialAction\":[{\"@type\":\"SearchAction\",\"target\":{\"@type\":\"EntryPoint\",\"urlTemplate\":\"https:\\\/\\\/www.laguiadepamplona.com\\\/actualidad\\\/?s={search_term_string}\"},\"query-input\":{\"@type\":\"PropertyValueSpecification\",\"valueRequired\":true,\"valueName\":\"search_term_string\"}}],\"inLanguage\":\"es\"},{\"@type\":\"Organization\",\"@id\":\"https:\\\/\\\/www.laguiadepamplona.com\\\/actualidad\\\/#organization\",\"name\":\"La Gu\u00eda de Pamplona \\\/ Noticias\",\"url\":\"https:\\\/\\\/www.laguiadepamplona.com\\\/actualidad\\\/\",\"logo\":{\"@type\":\"ImageObject\",\"inLanguage\":\"es\",\"@id\":\"https:\\\/\\\/www.laguiadepamplona.com\\\/actualidad\\\/#\\\/schema\\\/logo\\\/image\\\/\",\"url\":\"https:\\\/\\\/www.laguiadepamplona.com\\\/actualidad\\\/wp-content\\\/uploads\\\/2018\\\/11\\\/logo-laguiadepamplona18-web1.png\",\"contentUrl\":\"https:\\\/\\\/www.laguiadepamplona.com\\\/actualidad\\\/wp-content\\\/uploads\\\/2018\\\/11\\\/logo-laguiadepamplona18-web1.png\",\"width\":600,\"height\":196,\"caption\":\"La Gu\u00eda de Pamplona \\\/ Noticias\"},\"image\":{\"@id\":\"https:\\\/\\\/www.laguiadepamplona.com\\\/actualidad\\\/#\\\/schema\\\/logo\\\/image\\\/\"},\"sameAs\":[\"https:\\\/\\\/www.facebook.com\\\/laguiadepamplonacom-133175176762273\\\/?ref=hl\",\"https:\\\/\\\/x.com\\\/LaGuiadPamplona\",\"https:\\\/\\\/www.instagram.com\\\/la_guia_de_pamplona\\\/\",\"https:\\\/\\\/www.youtube.com\\\/user\\\/laguiadepamplona\"]},{\"@type\":\"Person\",\"@id\":\"https:\\\/\\\/www.laguiadepamplona.com\\\/actualidad\\\/#\\\/schema\\\/person\\\/efe887376f0213d4657c93adc50b1fdb\",\"name\":\"La Gu\u00eda de Pamplona\",\"image\":{\"@type\":\"ImageObject\",\"inLanguage\":\"es\",\"@id\":\"https:\\\/\\\/secure.gravatar.com\\\/avatar\\\/b6992f131dc8d30ab0dff15446e9d346d9dbd95992de0fef795073f5ea83a81c?s=96&d=mm&r=g\",\"url\":\"https:\\\/\\\/secure.gravatar.com\\\/avatar\\\/b6992f131dc8d30ab0dff15446e9d346d9dbd95992de0fef795073f5ea83a81c?s=96&d=mm&r=g\",\"contentUrl\":\"https:\\\/\\\/secure.gravatar.com\\\/avatar\\\/b6992f131dc8d30ab0dff15446e9d346d9dbd95992de0fef795073f5ea83a81c?s=96&d=mm&r=g\",\"caption\":\"La Gu\u00eda de Pamplona\"}}]}<\/script>\n<!-- \/ Yoast SEO plugin. -->","yoast_head_json":{"title":"Una treintena de farolas solares inteligentes iluminar\u00e1n el parque fluvial del Arga entre la pasarela de subida a la cuesta de Beloso y el l\u00edmite con Burlada","robots":{"index":"index","follow":"follow","max-snippet":"max-snippet:-1","max-image-preview":"max-image-preview:large","max-video-preview":"max-video-preview:-1"},"canonical":"https:\/\/www.laguiadepamplona.com\/actualidad\/una-treintena-de-farolas-solares-inteligentes-iluminaran-el-parque-fluvial-del-arga-entre-la-pasarela-de-subida-a-la-cuesta-de-beloso-y-el-limite-con-burlada\/","og_locale":"es_ES","og_type":"article","og_title":"Una treintena de farolas solares inteligentes iluminar\u00e1n el parque fluvial del Arga entre la pasarela de subida a la cuesta de Beloso y el l\u00edmite con Burlada","og_description":"El Ayuntamiento licita por 95.397 euros un trabajo incluido en el Plan de Actuaci\u00f3n en Barrios y que estar\u00e1 deber\u00e1 estar terminado para fin de a\u00f1o","og_url":"https:\/\/www.laguiadepamplona.com\/actualidad\/una-treintena-de-farolas-solares-inteligentes-iluminaran-el-parque-fluvial-del-arga-entre-la-pasarela-de-subida-a-la-cuesta-de-beloso-y-el-limite-con-burlada\/","og_site_name":"La Gu\u00eda de Pamplona","article_publisher":"https:\/\/www.facebook.com\/laguiadepamplonacom-133175176762273\/?ref=hl","article_published_time":"2016-11-09T11:35:39+00:00","article_modified_time":"2016-12-07T11:43:11+00:00","og_image":[{"width":900,"height":675,"url":"https:\/\/www.laguiadepamplona.com\/actualidad\/wp-content\/uploads\/2016\/11\/Ayto_Pamplona.jpg","type":"image\/jpeg"}],"author":"La Gu\u00eda de Pamplona","twitter_card":"summary_large_image","twitter_creator":"@LaGuiadPamplona","twitter_site":"@LaGuiadPamplona","twitter_misc":{"Escrito por":"La Gu\u00eda de Pamplona","Tiempo de lectura":"3 minutos"},"schema":{"@context":"https:\/\/schema.org","@graph":[{"@type":"Article","@id":"https:\/\/www.laguiadepamplona.com\/actualidad\/una-treintena-de-farolas-solares-inteligentes-iluminaran-el-parque-fluvial-del-arga-entre-la-pasarela-de-subida-a-la-cuesta-de-beloso-y-el-limite-con-burlada\/#article","isPartOf":{"@id":"https:\/\/www.laguiadepamplona.com\/actualidad\/una-treintena-de-farolas-solares-inteligentes-iluminaran-el-parque-fluvial-del-arga-entre-la-pasarela-de-subida-a-la-cuesta-de-beloso-y-el-limite-con-burlada\/"},"author":{"name":"La Gu\u00eda de Pamplona","@id":"https:\/\/www.laguiadepamplona.com\/actualidad\/#\/schema\/person\/efe887376f0213d4657c93adc50b1fdb"},"headline":"Una treintena de farolas solares inteligentes iluminar\u00e1n el parque fluvial del Arga entre la pasarela de subida a la cuesta de Beloso y el l\u00edmite con Burlada","datePublished":"2016-11-09T11:35:39+00:00","dateModified":"2016-12-07T11:43:11+00:00","mainEntityOfPage":{"@id":"https:\/\/www.laguiadepamplona.com\/actualidad\/una-treintena-de-farolas-solares-inteligentes-iluminaran-el-parque-fluvial-del-arga-entre-la-pasarela-de-subida-a-la-cuesta-de-beloso-y-el-limite-con-burlada\/"},"wordCount":682,"publisher":{"@id":"https:\/\/www.laguiadepamplona.com\/actualidad\/#organization"},"image":{"@id":"https:\/\/www.laguiadepamplona.com\/actualidad\/una-treintena-de-farolas-solares-inteligentes-iluminaran-el-parque-fluvial-del-arga-entre-la-pasarela-de-subida-a-la-cuesta-de-beloso-y-el-limite-con-burlada\/#primaryimage"},"thumbnailUrl":"https:\/\/www.laguiadepamplona.com\/actualidad\/wp-content\/uploads\/2016\/11\/Ayto_Pamplona.jpg","articleSection":["Ayto Pamplona"],"inLanguage":"es"},{"@type":"WebPage","@id":"https:\/\/www.laguiadepamplona.com\/actualidad\/una-treintena-de-farolas-solares-inteligentes-iluminaran-el-parque-fluvial-del-arga-entre-la-pasarela-de-subida-a-la-cuesta-de-beloso-y-el-limite-con-burlada\/","url":"https:\/\/www.laguiadepamplona.com\/actualidad\/una-treintena-de-farolas-solares-inteligentes-iluminaran-el-parque-fluvial-del-arga-entre-la-pasarela-de-subida-a-la-cuesta-de-beloso-y-el-limite-con-burlada\/","name":"Una treintena de farolas solares inteligentes iluminar\u00e1n el parque fluvial del Arga entre la pasarela de subida a la cuesta de Beloso y el l\u00edmite con Burlada","isPartOf":{"@id":"https:\/\/www.laguiadepamplona.com\/actualidad\/#website"},"primaryImageOfPage":{"@id":"https:\/\/www.laguiadepamplona.com\/actualidad\/una-treintena-de-farolas-solares-inteligentes-iluminaran-el-parque-fluvial-del-arga-entre-la-pasarela-de-subida-a-la-cuesta-de-beloso-y-el-limite-con-burlada\/#primaryimage"},"image":{"@id":"https:\/\/www.laguiadepamplona.com\/actualidad\/una-treintena-de-farolas-solares-inteligentes-iluminaran-el-parque-fluvial-del-arga-entre-la-pasarela-de-subida-a-la-cuesta-de-beloso-y-el-limite-con-burlada\/#primaryimage"},"thumbnailUrl":"https:\/\/www.laguiadepamplona.com\/actualidad\/wp-content\/uploads\/2016\/11\/Ayto_Pamplona.jpg","datePublished":"2016-11-09T11:35:39+00:00","dateModified":"2016-12-07T11:43:11+00:00","breadcrumb":{"@id":"https:\/\/www.laguiadepamplona.com\/actualidad\/una-treintena-de-farolas-solares-inteligentes-iluminaran-el-parque-fluvial-del-arga-entre-la-pasarela-de-subida-a-la-cuesta-de-beloso-y-el-limite-con-burlada\/#breadcrumb"},"inLanguage":"es","potentialAction":[{"@type":"ReadAction","target":["https:\/\/www.laguiadepamplona.com\/actualidad\/una-treintena-de-farolas-solares-inteligentes-iluminaran-el-parque-fluvial-del-arga-entre-la-pasarela-de-subida-a-la-cuesta-de-beloso-y-el-limite-con-burlada\/"]}]},{"@type":"ImageObject","inLanguage":"es","@id":"https:\/\/www.laguiadepamplona.com\/actualidad\/una-treintena-de-farolas-solares-inteligentes-iluminaran-el-parque-fluvial-del-arga-entre-la-pasarela-de-subida-a-la-cuesta-de-beloso-y-el-limite-con-burlada\/#primaryimage","url":"https:\/\/www.laguiadepamplona.com\/actualidad\/wp-content\/uploads\/2016\/11\/Ayto_Pamplona.jpg","contentUrl":"https:\/\/www.laguiadepamplona.com\/actualidad\/wp-content\/uploads\/2016\/11\/Ayto_Pamplona.jpg","width":900,"height":675},{"@type":"BreadcrumbList","@id":"https:\/\/www.laguiadepamplona.com\/actualidad\/una-treintena-de-farolas-solares-inteligentes-iluminaran-el-parque-fluvial-del-arga-entre-la-pasarela-de-subida-a-la-cuesta-de-beloso-y-el-limite-con-burlada\/#breadcrumb","itemListElement":[{"@type":"ListItem","position":1,"name":"Portada","item":"https:\/\/www.laguiadepamplona.com\/actualidad\/"},{"@type":"ListItem","position":2,"name":"Una treintena de farolas solares inteligentes iluminar\u00e1n el parque fluvial del Arga entre la pasarela de subida a la cuesta de Beloso y el l\u00edmite con Burlada"}]},{"@type":"WebSite","@id":"https:\/\/www.laguiadepamplona.com\/actualidad\/#website","url":"https:\/\/www.laguiadepamplona.com\/actualidad\/","name":"La gu\u00eda de Pamplona","description":"Noticias de Pamplona","publisher":{"@id":"https:\/\/www.laguiadepamplona.com\/actualidad\/#organization"},"potentialAction":[{"@type":"SearchAction","target":{"@type":"EntryPoint","urlTemplate":"https:\/\/www.laguiadepamplona.com\/actualidad\/?s={search_term_string}"},"query-input":{"@type":"PropertyValueSpecification","valueRequired":true,"valueName":"search_term_string"}}],"inLanguage":"es"},{"@type":"Organization","@id":"https:\/\/www.laguiadepamplona.com\/actualidad\/#organization","name":"La Gu\u00eda de Pamplona \/ Noticias","url":"https:\/\/www.laguiadepamplona.com\/actualidad\/","logo":{"@type":"ImageObject","inLanguage":"es","@id":"https:\/\/www.laguiadepamplona.com\/actualidad\/#\/schema\/logo\/image\/","url":"https:\/\/www.laguiadepamplona.com\/actualidad\/wp-content\/uploads\/2018\/11\/logo-laguiadepamplona18-web1.png","contentUrl":"https:\/\/www.laguiadepamplona.com\/actualidad\/wp-content\/uploads\/2018\/11\/logo-laguiadepamplona18-web1.png","width":600,"height":196,"caption":"La Gu\u00eda de Pamplona \/ Noticias"},"image":{"@id":"https:\/\/www.laguiadepamplona.com\/actualidad\/#\/schema\/logo\/image\/"},"sameAs":["https:\/\/www.facebook.com\/laguiadepamplonacom-133175176762273\/?ref=hl","https:\/\/x.com\/LaGuiadPamplona","https:\/\/www.instagram.com\/la_guia_de_pamplona\/","https:\/\/www.youtube.com\/user\/laguiadepamplona"]},{"@type":"Person","@id":"https:\/\/www.laguiadepamplona.com\/actualidad\/#\/schema\/person\/efe887376f0213d4657c93adc50b1fdb","name":"La Gu\u00eda de Pamplona","image":{"@type":"ImageObject","inLanguage":"es","@id":"https:\/\/secure.gravatar.com\/avatar\/b6992f131dc8d30ab0dff15446e9d346d9dbd95992de0fef795073f5ea83a81c?s=96&d=mm&r=g","url":"https:\/\/secure.gravatar.com\/avatar\/b6992f131dc8d30ab0dff15446e9d346d9dbd95992de0fef795073f5ea83a81c?s=96&d=mm&r=g","contentUrl":"https:\/\/secure.gravatar.com\/avatar\/b6992f131dc8d30ab0dff15446e9d346d9dbd95992de0fef795073f5ea83a81c?s=96&d=mm&r=g","caption":"La Gu\u00eda de Pamplona"}}]}},"post_mailing_queue_ids":[],"_links":{"self":[{"href":"https:\/\/www.laguiadepamplona.com\/actualidad\/wp-json\/wp\/v2\/posts\/11215","targetHints":{"allow":["GET"]}}],"collection":[{"href":"https:\/\/www.laguiadepamplona.com\/actualidad\/wp-json\/wp\/v2\/posts"}],"about":[{"href":"https:\/\/www.laguiadepamplona.com\/actualidad\/wp-json\/wp\/v2\/types\/post"}],"author":[{"embeddable":true,"href":"https:\/\/www.laguiadepamplona.com\/actualidad\/wp-json\/wp\/v2\/users\/1"}],"replies":[{"embeddable":true,"href":"https:\/\/www.laguiadepamplona.com\/actualidad\/wp-json\/wp\/v2\/comments?post=11215"}],"version-history":[{"count":0,"href":"https:\/\/www.laguiadepamplona.com\/actualidad\/wp-json\/wp\/v2\/posts\/11215\/revisions"}],"wp:featuredmedia":[{"embeddable":true,"href":"https:\/\/www.laguiadepamplona.com\/actualidad\/wp-json\/wp\/v2\/media\/10979"}],"wp:attachment":[{"href":"https:\/\/www.laguiadepamplona.com\/actualidad\/wp-json\/wp\/v2\/media?parent=11215"}],"wp:term":[{"taxonomy":"category","embeddable":true,"href":"https:\/\/www.laguiadepamplona.com\/actualidad\/wp-json\/wp\/v2\/categories?post=11215"},{"taxonomy":"post_tag","embeddable":true,"href":"https:\/\/www.laguiadepamplona.com\/actualidad\/wp-json\/wp\/v2\/tags?post=11215"}],"curies":[{"name":"wp","href":"https:\/\/api.w.org\/{rel}","templated":true}]}}