{"id":11211,"date":"2016-11-09T12:20:45","date_gmt":"2016-11-09T11:20:45","guid":{"rendered":"http:\/\/laguiadepamplona.es\/actualidad\/?p=11211"},"modified":"2016-12-07T12:21:48","modified_gmt":"2016-12-07T11:21:48","slug":"la-compania-de-danza-arantza-iglesias-euskadi-y-el-colectivo-lamajara-cataluna-proximas-citas-del-ciclo-danz-en-civivox-iturrama","status":"publish","type":"post","link":"https:\/\/www.laguiadepamplona.com\/actualidad\/la-compania-de-danza-arantza-iglesias-euskadi-y-el-colectivo-lamajara-cataluna-proximas-citas-del-ciclo-danz-en-civivox-iturrama\/","title":{"rendered":"La compa\u00f1\u00eda de danza Arantza Iglesias (Euskadi) y el Colectivo Lamajara (Catalu\u00f1a), pr\u00f3ximas citas del ciclo DanZ en civivox Iturrama"},"content":{"rendered":"<h3>Este jueves, el grupo vasco estrena \u2018Beltza\u2019, y el s\u00e1bado ser\u00e1 el turno del espect\u00e1culo de humor y danza catal\u00e1n, ambos con entrada a 3 euros<\/h3>\n<p><!--more--><\/p>\n<p>La compa\u00f1\u00eda de danza Arantza Iglesias, de Euskadi, y el Colectivo Lamajara, de Catalu\u00f1a, ser\u00e1n las dos citas de esta semana del ciclo DanZ, espacio de danza. Civivox Iturrama ser\u00e1 el escenario de estos espect\u00e1culos, el primero ma\u00f1ana jueves a las 20 horas y el segundo el s\u00e1bado a las 18 horas, cuyas entradas pueden ya adquirirse en el propio civivox o a trav\u00e9s de internet (<a href=\"http:\/\/www.pamplona.es\/\" target=\"_blank\">www.pamplona.es<\/a> o <a href=\"http:\/\/www.pamplonaescultura.es\/\" target=\"_blank\">www.pamplonaescultura.es<\/a>) al precio de 3 euros.<\/p>\n<p>La Compa\u00f1\u00eda Arantza Iglesias estrenar\u00e1 \u2018Beltza\u2019 ma\u00f1ana jueves a las 20 horas, un espect\u00e1culo de percusi\u00f3n y danza dirigido al p\u00fablico joven y adulto. Experimentando desde la base de la tradici\u00f3n africana y desde una visi\u00f3n propia y actual, \u2018Beltza\u2019 presenta un cuerpo comprometido, abierto al movimiento, fuerte, delicado, r\u00edtmico y lleno de matices, que crea im\u00e1genes, paisajes, situaciones, estados&#8230; La percusi\u00f3n en directo y la manera de hacer de las percusionistas crean una rica atm\u00f3sfera sonora.<\/p>\n<p>\u2018Beltza\u2019 o \u2018negra\u2019 es la energ\u00eda oscura, lo femenino, el otro lado de la monta\u00f1a, que surge desde el movimiento personal de las int\u00e9rpretes. No se pretende contar una historia, sino que a trav\u00e9s del movimiento y la m\u00fasica el p\u00fablico tenga la libertad de reconocerse o perderse; de hacerse preguntas o encontrar respuestas. El espect\u00e1culo, con coreograf\u00eda de Arantza Iglesias, cuenta con la interpretaci\u00f3n de Ainhoa Carrera, Aintzane Revuelta, Mar\u00eda Arcos, Nagore Orbeltzu y Paola Cort\u00e9s, y en la percusi\u00f3n, Elena Santos y Sheila Tirado. Su duraci\u00f3n estimada es de 50 minutos.<\/p>\n<p><strong>El s\u00e1bado, humor y danza<\/strong><\/p>\n<p>La cita de DanZ del s\u00e1bado, a las 18 horas en civivox Iturrama, es una cita con el humor y la danza, un espect\u00e1culo dirigido al p\u00fablico familiar (a partir de 6 a\u00f1os). Colectivo Lamajara lleva a escena \u2018Lamajara y sus quehaceres&#8230; El Buhonero\u2019. El buhonero practica un tipo de econom\u00eda denominada informal. En tiempos de crisis, esta manera de hacer crece y se convierte en un modo de trabajo de f\u00e1cil acceso para buena parte de la sociedad. \u2018La majara y sus quehaceres\u2019 presenta una versi\u00f3n del personaje evolucionada hacia un \u201cbuhonero 2.0\u201d. Una nueva visi\u00f3n del concepto adaptado a la situaci\u00f3n actual. Una pieza disparatada que fusiona la danza, el teatro y el clown y cuyo objetivo principal es conectar con el p\u00fablico y mostrar situaciones reconocibles y rocambolescas sobre la manera actual de venderse y darse a conocer. Un espect\u00e1culo fren\u00e9tico y espont\u00e1neo, lleno de disparates y humor con dos personajes extrovertidos, oportunistas y defensores de su arte; y donde el p\u00fablico podr\u00e1&#8230; \u00a1Bailar de forma descriptiva! \u00a1Hacer nuevas colaboraciones! \u00a1Danzar socialmente! \u00a1Recibir informaci\u00f3n no reglada! Incluso&#8230; \u00a1Hacer selfies con los amigos! Situaciones inesperadas para un p\u00fablico que se ver\u00e1 sin quererlo c\u00f3mplice del espect\u00e1culo, siendo p\u00fablico, simpatizante, artista, bailar\u00edn, t\u00e9cnico y representante. El espect\u00e1culo est\u00e1 dirigido e interpretado por Daniel Rosado, \u2018Dani Pink\u2019, y cuenta con la interpretaci\u00f3n y asesoramiento de Reinaldo Ribeiro, \u2018La pantera Carioca\u2019.<\/p>\n<p>Este programa de danza contempor\u00e1nea que organiza el Ayuntamiento de Pamplona continuar\u00e1 el jueves 17 de noviembre con En\u00c1mbar Danza, de la Comunidad Valenciana, representar\u00e1 \u2018NADAdora\u2019. El ciclo se cerrar\u00e1 el jueves 24 con la compa\u00f1\u00eda navarra Pasos de Integraci\u00f3n, de la Fundaci\u00f3n Atena y la obra \u2018Mientras llueve\u2019.<\/p>\n<p>&nbsp;<\/p>\n<p><strong>DanZ. Espacio de danza. Civivox Iturrama. Entradas: 3 euros. Pr\u00f3ximas actuaciones<\/strong><\/p>\n<ul>\n<li><strong>10 de noviembre. 20 horas<\/strong><\/li>\n<\/ul>\n<p>Compa\u00f1\u00eda Arantza Iglesias (Pa\u00eds Vasco). \u2018Beltza\u2019<\/p>\n<ul>\n<li><strong>12 de noviembre. 18 horas<\/strong><\/li>\n<\/ul>\n<p>Colectivo Lamajara (Catalu\u00f1a). \u2018Lamajara y sus quehaceres&#8230; El Buhonero\u2019<\/p>\n<ul>\n<li><strong>17 de noviembre. 20 horas<\/strong><\/li>\n<\/ul>\n<p>Compa\u00f1\u00eda En\u00c1mbar Danza (Comunidad Valenciana). \u2018NADAdora\u2019<\/p>\n<ul>\n<li><strong>24 de noviembre. 20 horas<\/strong><\/li>\n<\/ul>\n<p>Compa\u00f1\u00eda Pasos de Integraci\u00f3n, de la Fundaci\u00f3n Atena (Navarra). \u2018Mientras llueve\u2019<\/p>\n<p>&nbsp;<\/p>\n","protected":false},"excerpt":{"rendered":"<p>Este jueves, el grupo vasco estrena \u2018Beltza\u2019, y el s\u00e1bado ser\u00e1 el turno del espect\u00e1culo de humor y danza catal\u00e1n, ambos con entrada a 3 euros<\/p>\n","protected":false},"author":1,"featured_media":11097,"comment_status":"closed","ping_status":"closed","sticky":false,"template":"","format":"standard","meta":{"footnotes":""},"categories":[2],"tags":[],"class_list":["post-11211","post","type-post","status-publish","format-standard","has-post-thumbnail","hentry","category-ayuntamiento-pamplona"],"yoast_head":"<!-- This site is optimized with the Yoast SEO plugin v27.5 - https:\/\/yoast.com\/product\/yoast-seo-wordpress\/ -->\n<title>La compa\u00f1\u00eda de danza Arantza Iglesias (Euskadi) y el Colectivo Lamajara (Catalu\u00f1a), pr\u00f3ximas citas del ciclo DanZ en civivox Iturrama<\/title>\n<meta name=\"robots\" content=\"index, follow, max-snippet:-1, max-image-preview:large, max-video-preview:-1\" \/>\n<link rel=\"canonical\" href=\"https:\/\/www.laguiadepamplona.com\/actualidad\/la-compania-de-danza-arantza-iglesias-euskadi-y-el-colectivo-lamajara-cataluna-proximas-citas-del-ciclo-danz-en-civivox-iturrama\/\" \/>\n<meta property=\"og:locale\" content=\"es_ES\" \/>\n<meta property=\"og:type\" content=\"article\" \/>\n<meta property=\"og:title\" content=\"La compa\u00f1\u00eda de danza Arantza Iglesias (Euskadi) y el Colectivo Lamajara (Catalu\u00f1a), pr\u00f3ximas citas del ciclo DanZ en civivox Iturrama\" \/>\n<meta property=\"og:description\" content=\"Este jueves, el grupo vasco estrena \u2018Beltza\u2019, y el s\u00e1bado ser\u00e1 el turno del espect\u00e1culo de humor y danza catal\u00e1n, ambos con entrada a 3 euros\" \/>\n<meta property=\"og:url\" content=\"https:\/\/www.laguiadepamplona.com\/actualidad\/la-compania-de-danza-arantza-iglesias-euskadi-y-el-colectivo-lamajara-cataluna-proximas-citas-del-ciclo-danz-en-civivox-iturrama\/\" \/>\n<meta property=\"og:site_name\" content=\"La Gu\u00eda de Pamplona\" \/>\n<meta property=\"article:publisher\" content=\"https:\/\/www.facebook.com\/laguiadepamplonacom-133175176762273\/?ref=hl\" \/>\n<meta property=\"article:published_time\" content=\"2016-11-09T11:20:45+00:00\" \/>\n<meta property=\"article:modified_time\" content=\"2016-12-07T11:21:48+00:00\" \/>\n<meta property=\"og:image\" content=\"https:\/\/www.laguiadepamplona.com\/actualidad\/wp-content\/uploads\/2016\/12\/civivox-de-iturrama.jpg\" \/>\n\t<meta property=\"og:image:width\" content=\"500\" \/>\n\t<meta property=\"og:image:height\" content=\"333\" \/>\n\t<meta property=\"og:image:type\" content=\"image\/jpeg\" \/>\n<meta name=\"author\" content=\"La Gu\u00eda de Pamplona\" \/>\n<meta name=\"twitter:card\" content=\"summary_large_image\" \/>\n<meta name=\"twitter:creator\" content=\"@LaGuiadPamplona\" \/>\n<meta name=\"twitter:site\" content=\"@LaGuiadPamplona\" \/>\n<meta name=\"twitter:label1\" content=\"Escrito por\" \/>\n\t<meta name=\"twitter:data1\" content=\"La Gu\u00eda de Pamplona\" \/>\n\t<meta name=\"twitter:label2\" content=\"Tiempo de lectura\" \/>\n\t<meta name=\"twitter:data2\" content=\"3 minutos\" \/>\n<script type=\"application\/ld+json\" class=\"yoast-schema-graph\">{\"@context\":\"https:\\\/\\\/schema.org\",\"@graph\":[{\"@type\":\"Article\",\"@id\":\"https:\\\/\\\/www.laguiadepamplona.com\\\/actualidad\\\/la-compania-de-danza-arantza-iglesias-euskadi-y-el-colectivo-lamajara-cataluna-proximas-citas-del-ciclo-danz-en-civivox-iturrama\\\/#article\",\"isPartOf\":{\"@id\":\"https:\\\/\\\/www.laguiadepamplona.com\\\/actualidad\\\/la-compania-de-danza-arantza-iglesias-euskadi-y-el-colectivo-lamajara-cataluna-proximas-citas-del-ciclo-danz-en-civivox-iturrama\\\/\"},\"author\":{\"name\":\"La Gu\u00eda de Pamplona\",\"@id\":\"https:\\\/\\\/www.laguiadepamplona.com\\\/actualidad\\\/#\\\/schema\\\/person\\\/efe887376f0213d4657c93adc50b1fdb\"},\"headline\":\"La compa\u00f1\u00eda de danza Arantza Iglesias (Euskadi) y el Colectivo Lamajara (Catalu\u00f1a), pr\u00f3ximas citas del ciclo DanZ en civivox Iturrama\",\"datePublished\":\"2016-11-09T11:20:45+00:00\",\"dateModified\":\"2016-12-07T11:21:48+00:00\",\"mainEntityOfPage\":{\"@id\":\"https:\\\/\\\/www.laguiadepamplona.com\\\/actualidad\\\/la-compania-de-danza-arantza-iglesias-euskadi-y-el-colectivo-lamajara-cataluna-proximas-citas-del-ciclo-danz-en-civivox-iturrama\\\/\"},\"wordCount\":698,\"publisher\":{\"@id\":\"https:\\\/\\\/www.laguiadepamplona.com\\\/actualidad\\\/#organization\"},\"image\":{\"@id\":\"https:\\\/\\\/www.laguiadepamplona.com\\\/actualidad\\\/la-compania-de-danza-arantza-iglesias-euskadi-y-el-colectivo-lamajara-cataluna-proximas-citas-del-ciclo-danz-en-civivox-iturrama\\\/#primaryimage\"},\"thumbnailUrl\":\"https:\\\/\\\/www.laguiadepamplona.com\\\/actualidad\\\/wp-content\\\/uploads\\\/2016\\\/12\\\/civivox-de-iturrama.jpg\",\"articleSection\":[\"Ayto Pamplona\"],\"inLanguage\":\"es\"},{\"@type\":\"WebPage\",\"@id\":\"https:\\\/\\\/www.laguiadepamplona.com\\\/actualidad\\\/la-compania-de-danza-arantza-iglesias-euskadi-y-el-colectivo-lamajara-cataluna-proximas-citas-del-ciclo-danz-en-civivox-iturrama\\\/\",\"url\":\"https:\\\/\\\/www.laguiadepamplona.com\\\/actualidad\\\/la-compania-de-danza-arantza-iglesias-euskadi-y-el-colectivo-lamajara-cataluna-proximas-citas-del-ciclo-danz-en-civivox-iturrama\\\/\",\"name\":\"La compa\u00f1\u00eda de danza Arantza Iglesias (Euskadi) y el Colectivo Lamajara (Catalu\u00f1a), pr\u00f3ximas citas del ciclo DanZ en civivox Iturrama\",\"isPartOf\":{\"@id\":\"https:\\\/\\\/www.laguiadepamplona.com\\\/actualidad\\\/#website\"},\"primaryImageOfPage\":{\"@id\":\"https:\\\/\\\/www.laguiadepamplona.com\\\/actualidad\\\/la-compania-de-danza-arantza-iglesias-euskadi-y-el-colectivo-lamajara-cataluna-proximas-citas-del-ciclo-danz-en-civivox-iturrama\\\/#primaryimage\"},\"image\":{\"@id\":\"https:\\\/\\\/www.laguiadepamplona.com\\\/actualidad\\\/la-compania-de-danza-arantza-iglesias-euskadi-y-el-colectivo-lamajara-cataluna-proximas-citas-del-ciclo-danz-en-civivox-iturrama\\\/#primaryimage\"},\"thumbnailUrl\":\"https:\\\/\\\/www.laguiadepamplona.com\\\/actualidad\\\/wp-content\\\/uploads\\\/2016\\\/12\\\/civivox-de-iturrama.jpg\",\"datePublished\":\"2016-11-09T11:20:45+00:00\",\"dateModified\":\"2016-12-07T11:21:48+00:00\",\"breadcrumb\":{\"@id\":\"https:\\\/\\\/www.laguiadepamplona.com\\\/actualidad\\\/la-compania-de-danza-arantza-iglesias-euskadi-y-el-colectivo-lamajara-cataluna-proximas-citas-del-ciclo-danz-en-civivox-iturrama\\\/#breadcrumb\"},\"inLanguage\":\"es\",\"potentialAction\":[{\"@type\":\"ReadAction\",\"target\":[\"https:\\\/\\\/www.laguiadepamplona.com\\\/actualidad\\\/la-compania-de-danza-arantza-iglesias-euskadi-y-el-colectivo-lamajara-cataluna-proximas-citas-del-ciclo-danz-en-civivox-iturrama\\\/\"]}]},{\"@type\":\"ImageObject\",\"inLanguage\":\"es\",\"@id\":\"https:\\\/\\\/www.laguiadepamplona.com\\\/actualidad\\\/la-compania-de-danza-arantza-iglesias-euskadi-y-el-colectivo-lamajara-cataluna-proximas-citas-del-ciclo-danz-en-civivox-iturrama\\\/#primaryimage\",\"url\":\"https:\\\/\\\/www.laguiadepamplona.com\\\/actualidad\\\/wp-content\\\/uploads\\\/2016\\\/12\\\/civivox-de-iturrama.jpg\",\"contentUrl\":\"https:\\\/\\\/www.laguiadepamplona.com\\\/actualidad\\\/wp-content\\\/uploads\\\/2016\\\/12\\\/civivox-de-iturrama.jpg\",\"width\":500,\"height\":333},{\"@type\":\"BreadcrumbList\",\"@id\":\"https:\\\/\\\/www.laguiadepamplona.com\\\/actualidad\\\/la-compania-de-danza-arantza-iglesias-euskadi-y-el-colectivo-lamajara-cataluna-proximas-citas-del-ciclo-danz-en-civivox-iturrama\\\/#breadcrumb\",\"itemListElement\":[{\"@type\":\"ListItem\",\"position\":1,\"name\":\"Portada\",\"item\":\"https:\\\/\\\/www.laguiadepamplona.com\\\/actualidad\\\/\"},{\"@type\":\"ListItem\",\"position\":2,\"name\":\"La compa\u00f1\u00eda de danza Arantza Iglesias (Euskadi) y el Colectivo Lamajara (Catalu\u00f1a), pr\u00f3ximas citas del ciclo DanZ en civivox Iturrama\"}]},{\"@type\":\"WebSite\",\"@id\":\"https:\\\/\\\/www.laguiadepamplona.com\\\/actualidad\\\/#website\",\"url\":\"https:\\\/\\\/www.laguiadepamplona.com\\\/actualidad\\\/\",\"name\":\"La gu\u00eda de Pamplona\",\"description\":\"Noticias de Pamplona\",\"publisher\":{\"@id\":\"https:\\\/\\\/www.laguiadepamplona.com\\\/actualidad\\\/#organization\"},\"potentialAction\":[{\"@type\":\"SearchAction\",\"target\":{\"@type\":\"EntryPoint\",\"urlTemplate\":\"https:\\\/\\\/www.laguiadepamplona.com\\\/actualidad\\\/?s={search_term_string}\"},\"query-input\":{\"@type\":\"PropertyValueSpecification\",\"valueRequired\":true,\"valueName\":\"search_term_string\"}}],\"inLanguage\":\"es\"},{\"@type\":\"Organization\",\"@id\":\"https:\\\/\\\/www.laguiadepamplona.com\\\/actualidad\\\/#organization\",\"name\":\"La Gu\u00eda de Pamplona \\\/ Noticias\",\"url\":\"https:\\\/\\\/www.laguiadepamplona.com\\\/actualidad\\\/\",\"logo\":{\"@type\":\"ImageObject\",\"inLanguage\":\"es\",\"@id\":\"https:\\\/\\\/www.laguiadepamplona.com\\\/actualidad\\\/#\\\/schema\\\/logo\\\/image\\\/\",\"url\":\"https:\\\/\\\/www.laguiadepamplona.com\\\/actualidad\\\/wp-content\\\/uploads\\\/2018\\\/11\\\/logo-laguiadepamplona18-web1.png\",\"contentUrl\":\"https:\\\/\\\/www.laguiadepamplona.com\\\/actualidad\\\/wp-content\\\/uploads\\\/2018\\\/11\\\/logo-laguiadepamplona18-web1.png\",\"width\":600,\"height\":196,\"caption\":\"La Gu\u00eda de Pamplona \\\/ Noticias\"},\"image\":{\"@id\":\"https:\\\/\\\/www.laguiadepamplona.com\\\/actualidad\\\/#\\\/schema\\\/logo\\\/image\\\/\"},\"sameAs\":[\"https:\\\/\\\/www.facebook.com\\\/laguiadepamplonacom-133175176762273\\\/?ref=hl\",\"https:\\\/\\\/x.com\\\/LaGuiadPamplona\",\"https:\\\/\\\/www.instagram.com\\\/la_guia_de_pamplona\\\/\",\"https:\\\/\\\/www.youtube.com\\\/user\\\/laguiadepamplona\"]},{\"@type\":\"Person\",\"@id\":\"https:\\\/\\\/www.laguiadepamplona.com\\\/actualidad\\\/#\\\/schema\\\/person\\\/efe887376f0213d4657c93adc50b1fdb\",\"name\":\"La Gu\u00eda de Pamplona\",\"image\":{\"@type\":\"ImageObject\",\"inLanguage\":\"es\",\"@id\":\"https:\\\/\\\/secure.gravatar.com\\\/avatar\\\/b6992f131dc8d30ab0dff15446e9d346d9dbd95992de0fef795073f5ea83a81c?s=96&d=mm&r=g\",\"url\":\"https:\\\/\\\/secure.gravatar.com\\\/avatar\\\/b6992f131dc8d30ab0dff15446e9d346d9dbd95992de0fef795073f5ea83a81c?s=96&d=mm&r=g\",\"contentUrl\":\"https:\\\/\\\/secure.gravatar.com\\\/avatar\\\/b6992f131dc8d30ab0dff15446e9d346d9dbd95992de0fef795073f5ea83a81c?s=96&d=mm&r=g\",\"caption\":\"La Gu\u00eda de Pamplona\"}}]}<\/script>\n<!-- \/ Yoast SEO plugin. -->","yoast_head_json":{"title":"La compa\u00f1\u00eda de danza Arantza Iglesias (Euskadi) y el Colectivo Lamajara (Catalu\u00f1a), pr\u00f3ximas citas del ciclo DanZ en civivox Iturrama","robots":{"index":"index","follow":"follow","max-snippet":"max-snippet:-1","max-image-preview":"max-image-preview:large","max-video-preview":"max-video-preview:-1"},"canonical":"https:\/\/www.laguiadepamplona.com\/actualidad\/la-compania-de-danza-arantza-iglesias-euskadi-y-el-colectivo-lamajara-cataluna-proximas-citas-del-ciclo-danz-en-civivox-iturrama\/","og_locale":"es_ES","og_type":"article","og_title":"La compa\u00f1\u00eda de danza Arantza Iglesias (Euskadi) y el Colectivo Lamajara (Catalu\u00f1a), pr\u00f3ximas citas del ciclo DanZ en civivox Iturrama","og_description":"Este jueves, el grupo vasco estrena \u2018Beltza\u2019, y el s\u00e1bado ser\u00e1 el turno del espect\u00e1culo de humor y danza catal\u00e1n, ambos con entrada a 3 euros","og_url":"https:\/\/www.laguiadepamplona.com\/actualidad\/la-compania-de-danza-arantza-iglesias-euskadi-y-el-colectivo-lamajara-cataluna-proximas-citas-del-ciclo-danz-en-civivox-iturrama\/","og_site_name":"La Gu\u00eda de Pamplona","article_publisher":"https:\/\/www.facebook.com\/laguiadepamplonacom-133175176762273\/?ref=hl","article_published_time":"2016-11-09T11:20:45+00:00","article_modified_time":"2016-12-07T11:21:48+00:00","og_image":[{"width":500,"height":333,"url":"https:\/\/www.laguiadepamplona.com\/actualidad\/wp-content\/uploads\/2016\/12\/civivox-de-iturrama.jpg","type":"image\/jpeg"}],"author":"La Gu\u00eda de Pamplona","twitter_card":"summary_large_image","twitter_creator":"@LaGuiadPamplona","twitter_site":"@LaGuiadPamplona","twitter_misc":{"Escrito por":"La Gu\u00eda de Pamplona","Tiempo de lectura":"3 minutos"},"schema":{"@context":"https:\/\/schema.org","@graph":[{"@type":"Article","@id":"https:\/\/www.laguiadepamplona.com\/actualidad\/la-compania-de-danza-arantza-iglesias-euskadi-y-el-colectivo-lamajara-cataluna-proximas-citas-del-ciclo-danz-en-civivox-iturrama\/#article","isPartOf":{"@id":"https:\/\/www.laguiadepamplona.com\/actualidad\/la-compania-de-danza-arantza-iglesias-euskadi-y-el-colectivo-lamajara-cataluna-proximas-citas-del-ciclo-danz-en-civivox-iturrama\/"},"author":{"name":"La Gu\u00eda de Pamplona","@id":"https:\/\/www.laguiadepamplona.com\/actualidad\/#\/schema\/person\/efe887376f0213d4657c93adc50b1fdb"},"headline":"La compa\u00f1\u00eda de danza Arantza Iglesias (Euskadi) y el Colectivo Lamajara (Catalu\u00f1a), pr\u00f3ximas citas del ciclo DanZ en civivox Iturrama","datePublished":"2016-11-09T11:20:45+00:00","dateModified":"2016-12-07T11:21:48+00:00","mainEntityOfPage":{"@id":"https:\/\/www.laguiadepamplona.com\/actualidad\/la-compania-de-danza-arantza-iglesias-euskadi-y-el-colectivo-lamajara-cataluna-proximas-citas-del-ciclo-danz-en-civivox-iturrama\/"},"wordCount":698,"publisher":{"@id":"https:\/\/www.laguiadepamplona.com\/actualidad\/#organization"},"image":{"@id":"https:\/\/www.laguiadepamplona.com\/actualidad\/la-compania-de-danza-arantza-iglesias-euskadi-y-el-colectivo-lamajara-cataluna-proximas-citas-del-ciclo-danz-en-civivox-iturrama\/#primaryimage"},"thumbnailUrl":"https:\/\/www.laguiadepamplona.com\/actualidad\/wp-content\/uploads\/2016\/12\/civivox-de-iturrama.jpg","articleSection":["Ayto Pamplona"],"inLanguage":"es"},{"@type":"WebPage","@id":"https:\/\/www.laguiadepamplona.com\/actualidad\/la-compania-de-danza-arantza-iglesias-euskadi-y-el-colectivo-lamajara-cataluna-proximas-citas-del-ciclo-danz-en-civivox-iturrama\/","url":"https:\/\/www.laguiadepamplona.com\/actualidad\/la-compania-de-danza-arantza-iglesias-euskadi-y-el-colectivo-lamajara-cataluna-proximas-citas-del-ciclo-danz-en-civivox-iturrama\/","name":"La compa\u00f1\u00eda de danza Arantza Iglesias (Euskadi) y el Colectivo Lamajara (Catalu\u00f1a), pr\u00f3ximas citas del ciclo DanZ en civivox Iturrama","isPartOf":{"@id":"https:\/\/www.laguiadepamplona.com\/actualidad\/#website"},"primaryImageOfPage":{"@id":"https:\/\/www.laguiadepamplona.com\/actualidad\/la-compania-de-danza-arantza-iglesias-euskadi-y-el-colectivo-lamajara-cataluna-proximas-citas-del-ciclo-danz-en-civivox-iturrama\/#primaryimage"},"image":{"@id":"https:\/\/www.laguiadepamplona.com\/actualidad\/la-compania-de-danza-arantza-iglesias-euskadi-y-el-colectivo-lamajara-cataluna-proximas-citas-del-ciclo-danz-en-civivox-iturrama\/#primaryimage"},"thumbnailUrl":"https:\/\/www.laguiadepamplona.com\/actualidad\/wp-content\/uploads\/2016\/12\/civivox-de-iturrama.jpg","datePublished":"2016-11-09T11:20:45+00:00","dateModified":"2016-12-07T11:21:48+00:00","breadcrumb":{"@id":"https:\/\/www.laguiadepamplona.com\/actualidad\/la-compania-de-danza-arantza-iglesias-euskadi-y-el-colectivo-lamajara-cataluna-proximas-citas-del-ciclo-danz-en-civivox-iturrama\/#breadcrumb"},"inLanguage":"es","potentialAction":[{"@type":"ReadAction","target":["https:\/\/www.laguiadepamplona.com\/actualidad\/la-compania-de-danza-arantza-iglesias-euskadi-y-el-colectivo-lamajara-cataluna-proximas-citas-del-ciclo-danz-en-civivox-iturrama\/"]}]},{"@type":"ImageObject","inLanguage":"es","@id":"https:\/\/www.laguiadepamplona.com\/actualidad\/la-compania-de-danza-arantza-iglesias-euskadi-y-el-colectivo-lamajara-cataluna-proximas-citas-del-ciclo-danz-en-civivox-iturrama\/#primaryimage","url":"https:\/\/www.laguiadepamplona.com\/actualidad\/wp-content\/uploads\/2016\/12\/civivox-de-iturrama.jpg","contentUrl":"https:\/\/www.laguiadepamplona.com\/actualidad\/wp-content\/uploads\/2016\/12\/civivox-de-iturrama.jpg","width":500,"height":333},{"@type":"BreadcrumbList","@id":"https:\/\/www.laguiadepamplona.com\/actualidad\/la-compania-de-danza-arantza-iglesias-euskadi-y-el-colectivo-lamajara-cataluna-proximas-citas-del-ciclo-danz-en-civivox-iturrama\/#breadcrumb","itemListElement":[{"@type":"ListItem","position":1,"name":"Portada","item":"https:\/\/www.laguiadepamplona.com\/actualidad\/"},{"@type":"ListItem","position":2,"name":"La compa\u00f1\u00eda de danza Arantza Iglesias (Euskadi) y el Colectivo Lamajara (Catalu\u00f1a), pr\u00f3ximas citas del ciclo DanZ en civivox Iturrama"}]},{"@type":"WebSite","@id":"https:\/\/www.laguiadepamplona.com\/actualidad\/#website","url":"https:\/\/www.laguiadepamplona.com\/actualidad\/","name":"La gu\u00eda de Pamplona","description":"Noticias de Pamplona","publisher":{"@id":"https:\/\/www.laguiadepamplona.com\/actualidad\/#organization"},"potentialAction":[{"@type":"SearchAction","target":{"@type":"EntryPoint","urlTemplate":"https:\/\/www.laguiadepamplona.com\/actualidad\/?s={search_term_string}"},"query-input":{"@type":"PropertyValueSpecification","valueRequired":true,"valueName":"search_term_string"}}],"inLanguage":"es"},{"@type":"Organization","@id":"https:\/\/www.laguiadepamplona.com\/actualidad\/#organization","name":"La Gu\u00eda de Pamplona \/ Noticias","url":"https:\/\/www.laguiadepamplona.com\/actualidad\/","logo":{"@type":"ImageObject","inLanguage":"es","@id":"https:\/\/www.laguiadepamplona.com\/actualidad\/#\/schema\/logo\/image\/","url":"https:\/\/www.laguiadepamplona.com\/actualidad\/wp-content\/uploads\/2018\/11\/logo-laguiadepamplona18-web1.png","contentUrl":"https:\/\/www.laguiadepamplona.com\/actualidad\/wp-content\/uploads\/2018\/11\/logo-laguiadepamplona18-web1.png","width":600,"height":196,"caption":"La Gu\u00eda de Pamplona \/ Noticias"},"image":{"@id":"https:\/\/www.laguiadepamplona.com\/actualidad\/#\/schema\/logo\/image\/"},"sameAs":["https:\/\/www.facebook.com\/laguiadepamplonacom-133175176762273\/?ref=hl","https:\/\/x.com\/LaGuiadPamplona","https:\/\/www.instagram.com\/la_guia_de_pamplona\/","https:\/\/www.youtube.com\/user\/laguiadepamplona"]},{"@type":"Person","@id":"https:\/\/www.laguiadepamplona.com\/actualidad\/#\/schema\/person\/efe887376f0213d4657c93adc50b1fdb","name":"La Gu\u00eda de Pamplona","image":{"@type":"ImageObject","inLanguage":"es","@id":"https:\/\/secure.gravatar.com\/avatar\/b6992f131dc8d30ab0dff15446e9d346d9dbd95992de0fef795073f5ea83a81c?s=96&d=mm&r=g","url":"https:\/\/secure.gravatar.com\/avatar\/b6992f131dc8d30ab0dff15446e9d346d9dbd95992de0fef795073f5ea83a81c?s=96&d=mm&r=g","contentUrl":"https:\/\/secure.gravatar.com\/avatar\/b6992f131dc8d30ab0dff15446e9d346d9dbd95992de0fef795073f5ea83a81c?s=96&d=mm&r=g","caption":"La Gu\u00eda de Pamplona"}}]}},"post_mailing_queue_ids":[],"_links":{"self":[{"href":"https:\/\/www.laguiadepamplona.com\/actualidad\/wp-json\/wp\/v2\/posts\/11211","targetHints":{"allow":["GET"]}}],"collection":[{"href":"https:\/\/www.laguiadepamplona.com\/actualidad\/wp-json\/wp\/v2\/posts"}],"about":[{"href":"https:\/\/www.laguiadepamplona.com\/actualidad\/wp-json\/wp\/v2\/types\/post"}],"author":[{"embeddable":true,"href":"https:\/\/www.laguiadepamplona.com\/actualidad\/wp-json\/wp\/v2\/users\/1"}],"replies":[{"embeddable":true,"href":"https:\/\/www.laguiadepamplona.com\/actualidad\/wp-json\/wp\/v2\/comments?post=11211"}],"version-history":[{"count":0,"href":"https:\/\/www.laguiadepamplona.com\/actualidad\/wp-json\/wp\/v2\/posts\/11211\/revisions"}],"wp:featuredmedia":[{"embeddable":true,"href":"https:\/\/www.laguiadepamplona.com\/actualidad\/wp-json\/wp\/v2\/media\/11097"}],"wp:attachment":[{"href":"https:\/\/www.laguiadepamplona.com\/actualidad\/wp-json\/wp\/v2\/media?parent=11211"}],"wp:term":[{"taxonomy":"category","embeddable":true,"href":"https:\/\/www.laguiadepamplona.com\/actualidad\/wp-json\/wp\/v2\/categories?post=11211"},{"taxonomy":"post_tag","embeddable":true,"href":"https:\/\/www.laguiadepamplona.com\/actualidad\/wp-json\/wp\/v2\/tags?post=11211"}],"curies":[{"name":"wp","href":"https:\/\/api.w.org\/{rel}","templated":true}]}}