{"id":11208,"date":"2016-11-09T12:18:37","date_gmt":"2016-11-09T11:18:37","guid":{"rendered":"http:\/\/laguiadepamplona.es\/actualidad\/?p=11208"},"modified":"2016-12-07T12:20:38","modified_gmt":"2016-12-07T11:20:38","slug":"la-concejala-patricia-perales-asiste-en-bilbao-al-ii-congreso-de-economia-social-y-solidaria-que-se-celebra-entre-el-10-y-el-12-de-noviembre","status":"publish","type":"post","link":"https:\/\/www.laguiadepamplona.com\/actualidad\/la-concejala-patricia-perales-asiste-en-bilbao-al-ii-congreso-de-economia-social-y-solidaria-que-se-celebra-entre-el-10-y-el-12-de-noviembre\/","title":{"rendered":"La concejala Patricia Perales asiste en Bilbao al II Congreso de Econom\u00eda Social y Solidaria, que se celebra entre el 10 y el 12 de noviembre"},"content":{"rendered":"<h3>Pamplona impulsa proyectos de econom\u00eda solidaria como Geltoki, en la antigua estaci\u00f3n de autobuses<\/h3>\n<p><!--more--><\/p>\n<p>La concejala delegada de Econom\u00eda Local Sostenible, Patricia Perales, acudir\u00e1 desde ma\u00f1ana jueves y hasta el s\u00e1bado al II Congreso de Econom\u00eda Social y Solidaria que se celebrar\u00e1 en Bilbao bajo el lema \u2018El despliegue de la Econom\u00eda Solidaria. \u00a1Es la hora de transformar la econom\u00eda!\u2019. Pamplona apuesta por este tipo de econom\u00eda\u00a0 como se refleja en proyectos como Geltoki, en la antigua estaci\u00f3n de autobuses, que acoger\u00e1 un <strong>espacio cultural y de mercado social para impulsar la econom\u00eda solidaria, impulsado por asociaciones, cuyas obras ya han comenzado.<\/strong><\/p>\n<p>El Congreso de Econom\u00eda Social y Solidaria (EsyS) reunir\u00e1 a organizaciones sociales, administraciones, empresas, personas emprendedoras y consumidoras comprometidas para poner en com\u00fan experiencias en torno a este tipo de econom\u00eda y dialogar sobre sus posibilidades de futuro. El congreso, que se celebrar\u00e1 en el Bizkaia Aretoa de la Universidad del Pa\u00eds Vasco (UPV-EHU), tratar\u00e1 de acercar modelos econ\u00f3micos m\u00e1s \u00e9ticos a una poblaci\u00f3n que busca alternativas reales al sistema capitalista.<\/p>\n<p>Las tres jornadas de congreso servir\u00e1n tambi\u00e9n para el fortalecimiento de las redes de econom\u00eda social y solidaria ya existentes, as\u00ed como para la creaci\u00f3n de nuevas alianzas. El coste econ\u00f3mico que supondr\u00e1 para el Ayuntamiento este desplazamiento ser\u00e1 de 40 euros, correspondientes al importe de la matr\u00edcula del congreso.<\/p>\n<p>La cita cuenta con seis ejes tem\u00e1ticos principales y transversales que abordar\u00e1n y ampliar\u00e1n los aspectos que ocupan la pr\u00e1ctica y la teor\u00eda de la econom\u00eda solidaria. Estos ejes son: econom\u00eda inclusiva y democr\u00e1tica; la econom\u00eda ser\u00e1 solidaria si es feminista; superando barreras, desbordando limitaciones. Creaci\u00f3n, desarrollo y transformaci\u00f3n del tejido productivo de la Econom\u00eda Local y Solidaria; bienes comunes y econom\u00eda social y solidaria; agregaci\u00f3n ciudadana y econom\u00eda solidaria: estructuras cooperativa amplias en la construcci\u00f3n de la ESS; y, por \u00faltimo, transiciones para crear una nueva econom\u00eda en un mundo sostenible.<\/p>\n<p>Adem\u00e1s de las ponencias previstas y las sesiones de trabajo, el congreso establece un Espacio \u2018Meeting\u2019 para propiciar encuentros formales e informales entre las personas participantes y una actividad de \u2018Di\u00e1logos\u2019 con tem\u00e1ticas que no se recogen en los ejes principales pero que tambi\u00e9n se quieren abordar relacionadas con el municipalismo, las estrategias de\u00a0 intervenci\u00f3n en el desarrollo local, la comunicaci\u00f3n o la soberan\u00eda alimentaria.<\/p>\n<p>&nbsp;<\/p>\n","protected":false},"excerpt":{"rendered":"<p>Pamplona impulsa proyectos de econom\u00eda solidaria como Geltoki, en la antigua estaci\u00f3n de autobuses<\/p>\n","protected":false},"author":1,"featured_media":11209,"comment_status":"closed","ping_status":"closed","sticky":false,"template":"","format":"standard","meta":{"footnotes":""},"categories":[2],"tags":[],"class_list":["post-11208","post","type-post","status-publish","format-standard","has-post-thumbnail","hentry","category-ayuntamiento-pamplona"],"yoast_head":"<!-- This site is optimized with the Yoast SEO plugin v27.5 - https:\/\/yoast.com\/product\/yoast-seo-wordpress\/ -->\n<title>La concejala Patricia Perales asiste en Bilbao al II Congreso de Econom\u00eda Social y Solidaria, que se celebra entre el 10 y el 12 de noviembre<\/title>\n<meta name=\"robots\" content=\"index, follow, max-snippet:-1, max-image-preview:large, max-video-preview:-1\" \/>\n<link rel=\"canonical\" href=\"https:\/\/www.laguiadepamplona.com\/actualidad\/la-concejala-patricia-perales-asiste-en-bilbao-al-ii-congreso-de-economia-social-y-solidaria-que-se-celebra-entre-el-10-y-el-12-de-noviembre\/\" \/>\n<meta property=\"og:locale\" content=\"es_ES\" \/>\n<meta property=\"og:type\" content=\"article\" \/>\n<meta property=\"og:title\" content=\"La concejala Patricia Perales asiste en Bilbao al II Congreso de Econom\u00eda Social y Solidaria, que se celebra entre el 10 y el 12 de noviembre\" \/>\n<meta property=\"og:description\" content=\"Pamplona impulsa proyectos de econom\u00eda solidaria como Geltoki, en la antigua estaci\u00f3n de autobuses\" \/>\n<meta property=\"og:url\" content=\"https:\/\/www.laguiadepamplona.com\/actualidad\/la-concejala-patricia-perales-asiste-en-bilbao-al-ii-congreso-de-economia-social-y-solidaria-que-se-celebra-entre-el-10-y-el-12-de-noviembre\/\" \/>\n<meta property=\"og:site_name\" content=\"La Gu\u00eda de Pamplona\" \/>\n<meta property=\"article:publisher\" content=\"https:\/\/www.facebook.com\/laguiadepamplonacom-133175176762273\/?ref=hl\" \/>\n<meta property=\"article:published_time\" content=\"2016-11-09T11:18:37+00:00\" \/>\n<meta property=\"article:modified_time\" content=\"2016-12-07T11:20:38+00:00\" \/>\n<meta property=\"og:image\" content=\"https:\/\/www.laguiadepamplona.com\/actualidad\/wp-content\/uploads\/2016\/12\/Bilbao.jpg\" \/>\n\t<meta property=\"og:image:width\" content=\"940\" \/>\n\t<meta property=\"og:image:height\" content=\"400\" \/>\n\t<meta property=\"og:image:type\" content=\"image\/jpeg\" \/>\n<meta name=\"author\" content=\"La Gu\u00eda de Pamplona\" \/>\n<meta name=\"twitter:card\" content=\"summary_large_image\" \/>\n<meta name=\"twitter:creator\" content=\"@LaGuiadPamplona\" \/>\n<meta name=\"twitter:site\" content=\"@LaGuiadPamplona\" \/>\n<meta name=\"twitter:label1\" content=\"Escrito por\" \/>\n\t<meta name=\"twitter:data1\" content=\"La Gu\u00eda de Pamplona\" \/>\n\t<meta name=\"twitter:label2\" content=\"Tiempo de lectura\" \/>\n\t<meta name=\"twitter:data2\" content=\"2 minutos\" \/>\n<script type=\"application\/ld+json\" class=\"yoast-schema-graph\">{\"@context\":\"https:\\\/\\\/schema.org\",\"@graph\":[{\"@type\":\"Article\",\"@id\":\"https:\\\/\\\/www.laguiadepamplona.com\\\/actualidad\\\/la-concejala-patricia-perales-asiste-en-bilbao-al-ii-congreso-de-economia-social-y-solidaria-que-se-celebra-entre-el-10-y-el-12-de-noviembre\\\/#article\",\"isPartOf\":{\"@id\":\"https:\\\/\\\/www.laguiadepamplona.com\\\/actualidad\\\/la-concejala-patricia-perales-asiste-en-bilbao-al-ii-congreso-de-economia-social-y-solidaria-que-se-celebra-entre-el-10-y-el-12-de-noviembre\\\/\"},\"author\":{\"name\":\"La Gu\u00eda de Pamplona\",\"@id\":\"https:\\\/\\\/www.laguiadepamplona.com\\\/actualidad\\\/#\\\/schema\\\/person\\\/efe887376f0213d4657c93adc50b1fdb\"},\"headline\":\"La concejala Patricia Perales asiste en Bilbao al II Congreso de Econom\u00eda Social y Solidaria, que se celebra entre el 10 y el 12 de noviembre\",\"datePublished\":\"2016-11-09T11:18:37+00:00\",\"dateModified\":\"2016-12-07T11:20:38+00:00\",\"mainEntityOfPage\":{\"@id\":\"https:\\\/\\\/www.laguiadepamplona.com\\\/actualidad\\\/la-concejala-patricia-perales-asiste-en-bilbao-al-ii-congreso-de-economia-social-y-solidaria-que-se-celebra-entre-el-10-y-el-12-de-noviembre\\\/\"},\"wordCount\":453,\"publisher\":{\"@id\":\"https:\\\/\\\/www.laguiadepamplona.com\\\/actualidad\\\/#organization\"},\"image\":{\"@id\":\"https:\\\/\\\/www.laguiadepamplona.com\\\/actualidad\\\/la-concejala-patricia-perales-asiste-en-bilbao-al-ii-congreso-de-economia-social-y-solidaria-que-se-celebra-entre-el-10-y-el-12-de-noviembre\\\/#primaryimage\"},\"thumbnailUrl\":\"https:\\\/\\\/www.laguiadepamplona.com\\\/actualidad\\\/wp-content\\\/uploads\\\/2016\\\/12\\\/Bilbao.jpg\",\"articleSection\":[\"Ayto Pamplona\"],\"inLanguage\":\"es\"},{\"@type\":\"WebPage\",\"@id\":\"https:\\\/\\\/www.laguiadepamplona.com\\\/actualidad\\\/la-concejala-patricia-perales-asiste-en-bilbao-al-ii-congreso-de-economia-social-y-solidaria-que-se-celebra-entre-el-10-y-el-12-de-noviembre\\\/\",\"url\":\"https:\\\/\\\/www.laguiadepamplona.com\\\/actualidad\\\/la-concejala-patricia-perales-asiste-en-bilbao-al-ii-congreso-de-economia-social-y-solidaria-que-se-celebra-entre-el-10-y-el-12-de-noviembre\\\/\",\"name\":\"La concejala Patricia Perales asiste en Bilbao al II Congreso de Econom\u00eda Social y Solidaria, que se celebra entre el 10 y el 12 de noviembre\",\"isPartOf\":{\"@id\":\"https:\\\/\\\/www.laguiadepamplona.com\\\/actualidad\\\/#website\"},\"primaryImageOfPage\":{\"@id\":\"https:\\\/\\\/www.laguiadepamplona.com\\\/actualidad\\\/la-concejala-patricia-perales-asiste-en-bilbao-al-ii-congreso-de-economia-social-y-solidaria-que-se-celebra-entre-el-10-y-el-12-de-noviembre\\\/#primaryimage\"},\"image\":{\"@id\":\"https:\\\/\\\/www.laguiadepamplona.com\\\/actualidad\\\/la-concejala-patricia-perales-asiste-en-bilbao-al-ii-congreso-de-economia-social-y-solidaria-que-se-celebra-entre-el-10-y-el-12-de-noviembre\\\/#primaryimage\"},\"thumbnailUrl\":\"https:\\\/\\\/www.laguiadepamplona.com\\\/actualidad\\\/wp-content\\\/uploads\\\/2016\\\/12\\\/Bilbao.jpg\",\"datePublished\":\"2016-11-09T11:18:37+00:00\",\"dateModified\":\"2016-12-07T11:20:38+00:00\",\"breadcrumb\":{\"@id\":\"https:\\\/\\\/www.laguiadepamplona.com\\\/actualidad\\\/la-concejala-patricia-perales-asiste-en-bilbao-al-ii-congreso-de-economia-social-y-solidaria-que-se-celebra-entre-el-10-y-el-12-de-noviembre\\\/#breadcrumb\"},\"inLanguage\":\"es\",\"potentialAction\":[{\"@type\":\"ReadAction\",\"target\":[\"https:\\\/\\\/www.laguiadepamplona.com\\\/actualidad\\\/la-concejala-patricia-perales-asiste-en-bilbao-al-ii-congreso-de-economia-social-y-solidaria-que-se-celebra-entre-el-10-y-el-12-de-noviembre\\\/\"]}]},{\"@type\":\"ImageObject\",\"inLanguage\":\"es\",\"@id\":\"https:\\\/\\\/www.laguiadepamplona.com\\\/actualidad\\\/la-concejala-patricia-perales-asiste-en-bilbao-al-ii-congreso-de-economia-social-y-solidaria-que-se-celebra-entre-el-10-y-el-12-de-noviembre\\\/#primaryimage\",\"url\":\"https:\\\/\\\/www.laguiadepamplona.com\\\/actualidad\\\/wp-content\\\/uploads\\\/2016\\\/12\\\/Bilbao.jpg\",\"contentUrl\":\"https:\\\/\\\/www.laguiadepamplona.com\\\/actualidad\\\/wp-content\\\/uploads\\\/2016\\\/12\\\/Bilbao.jpg\",\"width\":940,\"height\":400},{\"@type\":\"BreadcrumbList\",\"@id\":\"https:\\\/\\\/www.laguiadepamplona.com\\\/actualidad\\\/la-concejala-patricia-perales-asiste-en-bilbao-al-ii-congreso-de-economia-social-y-solidaria-que-se-celebra-entre-el-10-y-el-12-de-noviembre\\\/#breadcrumb\",\"itemListElement\":[{\"@type\":\"ListItem\",\"position\":1,\"name\":\"Portada\",\"item\":\"https:\\\/\\\/www.laguiadepamplona.com\\\/actualidad\\\/\"},{\"@type\":\"ListItem\",\"position\":2,\"name\":\"La concejala Patricia Perales asiste en Bilbao al II Congreso de Econom\u00eda Social y Solidaria, que se celebra entre el 10 y el 12 de noviembre\"}]},{\"@type\":\"WebSite\",\"@id\":\"https:\\\/\\\/www.laguiadepamplona.com\\\/actualidad\\\/#website\",\"url\":\"https:\\\/\\\/www.laguiadepamplona.com\\\/actualidad\\\/\",\"name\":\"La gu\u00eda de Pamplona\",\"description\":\"Noticias de Pamplona\",\"publisher\":{\"@id\":\"https:\\\/\\\/www.laguiadepamplona.com\\\/actualidad\\\/#organization\"},\"potentialAction\":[{\"@type\":\"SearchAction\",\"target\":{\"@type\":\"EntryPoint\",\"urlTemplate\":\"https:\\\/\\\/www.laguiadepamplona.com\\\/actualidad\\\/?s={search_term_string}\"},\"query-input\":{\"@type\":\"PropertyValueSpecification\",\"valueRequired\":true,\"valueName\":\"search_term_string\"}}],\"inLanguage\":\"es\"},{\"@type\":\"Organization\",\"@id\":\"https:\\\/\\\/www.laguiadepamplona.com\\\/actualidad\\\/#organization\",\"name\":\"La Gu\u00eda de Pamplona \\\/ Noticias\",\"url\":\"https:\\\/\\\/www.laguiadepamplona.com\\\/actualidad\\\/\",\"logo\":{\"@type\":\"ImageObject\",\"inLanguage\":\"es\",\"@id\":\"https:\\\/\\\/www.laguiadepamplona.com\\\/actualidad\\\/#\\\/schema\\\/logo\\\/image\\\/\",\"url\":\"https:\\\/\\\/www.laguiadepamplona.com\\\/actualidad\\\/wp-content\\\/uploads\\\/2018\\\/11\\\/logo-laguiadepamplona18-web1.png\",\"contentUrl\":\"https:\\\/\\\/www.laguiadepamplona.com\\\/actualidad\\\/wp-content\\\/uploads\\\/2018\\\/11\\\/logo-laguiadepamplona18-web1.png\",\"width\":600,\"height\":196,\"caption\":\"La Gu\u00eda de Pamplona \\\/ Noticias\"},\"image\":{\"@id\":\"https:\\\/\\\/www.laguiadepamplona.com\\\/actualidad\\\/#\\\/schema\\\/logo\\\/image\\\/\"},\"sameAs\":[\"https:\\\/\\\/www.facebook.com\\\/laguiadepamplonacom-133175176762273\\\/?ref=hl\",\"https:\\\/\\\/x.com\\\/LaGuiadPamplona\",\"https:\\\/\\\/www.instagram.com\\\/la_guia_de_pamplona\\\/\",\"https:\\\/\\\/www.youtube.com\\\/user\\\/laguiadepamplona\"]},{\"@type\":\"Person\",\"@id\":\"https:\\\/\\\/www.laguiadepamplona.com\\\/actualidad\\\/#\\\/schema\\\/person\\\/efe887376f0213d4657c93adc50b1fdb\",\"name\":\"La Gu\u00eda de Pamplona\",\"image\":{\"@type\":\"ImageObject\",\"inLanguage\":\"es\",\"@id\":\"https:\\\/\\\/secure.gravatar.com\\\/avatar\\\/b6992f131dc8d30ab0dff15446e9d346d9dbd95992de0fef795073f5ea83a81c?s=96&d=mm&r=g\",\"url\":\"https:\\\/\\\/secure.gravatar.com\\\/avatar\\\/b6992f131dc8d30ab0dff15446e9d346d9dbd95992de0fef795073f5ea83a81c?s=96&d=mm&r=g\",\"contentUrl\":\"https:\\\/\\\/secure.gravatar.com\\\/avatar\\\/b6992f131dc8d30ab0dff15446e9d346d9dbd95992de0fef795073f5ea83a81c?s=96&d=mm&r=g\",\"caption\":\"La Gu\u00eda de Pamplona\"}}]}<\/script>\n<!-- \/ Yoast SEO plugin. -->","yoast_head_json":{"title":"La concejala Patricia Perales asiste en Bilbao al II Congreso de Econom\u00eda Social y Solidaria, que se celebra entre el 10 y el 12 de noviembre","robots":{"index":"index","follow":"follow","max-snippet":"max-snippet:-1","max-image-preview":"max-image-preview:large","max-video-preview":"max-video-preview:-1"},"canonical":"https:\/\/www.laguiadepamplona.com\/actualidad\/la-concejala-patricia-perales-asiste-en-bilbao-al-ii-congreso-de-economia-social-y-solidaria-que-se-celebra-entre-el-10-y-el-12-de-noviembre\/","og_locale":"es_ES","og_type":"article","og_title":"La concejala Patricia Perales asiste en Bilbao al II Congreso de Econom\u00eda Social y Solidaria, que se celebra entre el 10 y el 12 de noviembre","og_description":"Pamplona impulsa proyectos de econom\u00eda solidaria como Geltoki, en la antigua estaci\u00f3n de autobuses","og_url":"https:\/\/www.laguiadepamplona.com\/actualidad\/la-concejala-patricia-perales-asiste-en-bilbao-al-ii-congreso-de-economia-social-y-solidaria-que-se-celebra-entre-el-10-y-el-12-de-noviembre\/","og_site_name":"La Gu\u00eda de Pamplona","article_publisher":"https:\/\/www.facebook.com\/laguiadepamplonacom-133175176762273\/?ref=hl","article_published_time":"2016-11-09T11:18:37+00:00","article_modified_time":"2016-12-07T11:20:38+00:00","og_image":[{"width":940,"height":400,"url":"https:\/\/www.laguiadepamplona.com\/actualidad\/wp-content\/uploads\/2016\/12\/Bilbao.jpg","type":"image\/jpeg"}],"author":"La Gu\u00eda de Pamplona","twitter_card":"summary_large_image","twitter_creator":"@LaGuiadPamplona","twitter_site":"@LaGuiadPamplona","twitter_misc":{"Escrito por":"La Gu\u00eda de Pamplona","Tiempo de lectura":"2 minutos"},"schema":{"@context":"https:\/\/schema.org","@graph":[{"@type":"Article","@id":"https:\/\/www.laguiadepamplona.com\/actualidad\/la-concejala-patricia-perales-asiste-en-bilbao-al-ii-congreso-de-economia-social-y-solidaria-que-se-celebra-entre-el-10-y-el-12-de-noviembre\/#article","isPartOf":{"@id":"https:\/\/www.laguiadepamplona.com\/actualidad\/la-concejala-patricia-perales-asiste-en-bilbao-al-ii-congreso-de-economia-social-y-solidaria-que-se-celebra-entre-el-10-y-el-12-de-noviembre\/"},"author":{"name":"La Gu\u00eda de Pamplona","@id":"https:\/\/www.laguiadepamplona.com\/actualidad\/#\/schema\/person\/efe887376f0213d4657c93adc50b1fdb"},"headline":"La concejala Patricia Perales asiste en Bilbao al II Congreso de Econom\u00eda Social y Solidaria, que se celebra entre el 10 y el 12 de noviembre","datePublished":"2016-11-09T11:18:37+00:00","dateModified":"2016-12-07T11:20:38+00:00","mainEntityOfPage":{"@id":"https:\/\/www.laguiadepamplona.com\/actualidad\/la-concejala-patricia-perales-asiste-en-bilbao-al-ii-congreso-de-economia-social-y-solidaria-que-se-celebra-entre-el-10-y-el-12-de-noviembre\/"},"wordCount":453,"publisher":{"@id":"https:\/\/www.laguiadepamplona.com\/actualidad\/#organization"},"image":{"@id":"https:\/\/www.laguiadepamplona.com\/actualidad\/la-concejala-patricia-perales-asiste-en-bilbao-al-ii-congreso-de-economia-social-y-solidaria-que-se-celebra-entre-el-10-y-el-12-de-noviembre\/#primaryimage"},"thumbnailUrl":"https:\/\/www.laguiadepamplona.com\/actualidad\/wp-content\/uploads\/2016\/12\/Bilbao.jpg","articleSection":["Ayto Pamplona"],"inLanguage":"es"},{"@type":"WebPage","@id":"https:\/\/www.laguiadepamplona.com\/actualidad\/la-concejala-patricia-perales-asiste-en-bilbao-al-ii-congreso-de-economia-social-y-solidaria-que-se-celebra-entre-el-10-y-el-12-de-noviembre\/","url":"https:\/\/www.laguiadepamplona.com\/actualidad\/la-concejala-patricia-perales-asiste-en-bilbao-al-ii-congreso-de-economia-social-y-solidaria-que-se-celebra-entre-el-10-y-el-12-de-noviembre\/","name":"La concejala Patricia Perales asiste en Bilbao al II Congreso de Econom\u00eda Social y Solidaria, que se celebra entre el 10 y el 12 de noviembre","isPartOf":{"@id":"https:\/\/www.laguiadepamplona.com\/actualidad\/#website"},"primaryImageOfPage":{"@id":"https:\/\/www.laguiadepamplona.com\/actualidad\/la-concejala-patricia-perales-asiste-en-bilbao-al-ii-congreso-de-economia-social-y-solidaria-que-se-celebra-entre-el-10-y-el-12-de-noviembre\/#primaryimage"},"image":{"@id":"https:\/\/www.laguiadepamplona.com\/actualidad\/la-concejala-patricia-perales-asiste-en-bilbao-al-ii-congreso-de-economia-social-y-solidaria-que-se-celebra-entre-el-10-y-el-12-de-noviembre\/#primaryimage"},"thumbnailUrl":"https:\/\/www.laguiadepamplona.com\/actualidad\/wp-content\/uploads\/2016\/12\/Bilbao.jpg","datePublished":"2016-11-09T11:18:37+00:00","dateModified":"2016-12-07T11:20:38+00:00","breadcrumb":{"@id":"https:\/\/www.laguiadepamplona.com\/actualidad\/la-concejala-patricia-perales-asiste-en-bilbao-al-ii-congreso-de-economia-social-y-solidaria-que-se-celebra-entre-el-10-y-el-12-de-noviembre\/#breadcrumb"},"inLanguage":"es","potentialAction":[{"@type":"ReadAction","target":["https:\/\/www.laguiadepamplona.com\/actualidad\/la-concejala-patricia-perales-asiste-en-bilbao-al-ii-congreso-de-economia-social-y-solidaria-que-se-celebra-entre-el-10-y-el-12-de-noviembre\/"]}]},{"@type":"ImageObject","inLanguage":"es","@id":"https:\/\/www.laguiadepamplona.com\/actualidad\/la-concejala-patricia-perales-asiste-en-bilbao-al-ii-congreso-de-economia-social-y-solidaria-que-se-celebra-entre-el-10-y-el-12-de-noviembre\/#primaryimage","url":"https:\/\/www.laguiadepamplona.com\/actualidad\/wp-content\/uploads\/2016\/12\/Bilbao.jpg","contentUrl":"https:\/\/www.laguiadepamplona.com\/actualidad\/wp-content\/uploads\/2016\/12\/Bilbao.jpg","width":940,"height":400},{"@type":"BreadcrumbList","@id":"https:\/\/www.laguiadepamplona.com\/actualidad\/la-concejala-patricia-perales-asiste-en-bilbao-al-ii-congreso-de-economia-social-y-solidaria-que-se-celebra-entre-el-10-y-el-12-de-noviembre\/#breadcrumb","itemListElement":[{"@type":"ListItem","position":1,"name":"Portada","item":"https:\/\/www.laguiadepamplona.com\/actualidad\/"},{"@type":"ListItem","position":2,"name":"La concejala Patricia Perales asiste en Bilbao al II Congreso de Econom\u00eda Social y Solidaria, que se celebra entre el 10 y el 12 de noviembre"}]},{"@type":"WebSite","@id":"https:\/\/www.laguiadepamplona.com\/actualidad\/#website","url":"https:\/\/www.laguiadepamplona.com\/actualidad\/","name":"La gu\u00eda de Pamplona","description":"Noticias de Pamplona","publisher":{"@id":"https:\/\/www.laguiadepamplona.com\/actualidad\/#organization"},"potentialAction":[{"@type":"SearchAction","target":{"@type":"EntryPoint","urlTemplate":"https:\/\/www.laguiadepamplona.com\/actualidad\/?s={search_term_string}"},"query-input":{"@type":"PropertyValueSpecification","valueRequired":true,"valueName":"search_term_string"}}],"inLanguage":"es"},{"@type":"Organization","@id":"https:\/\/www.laguiadepamplona.com\/actualidad\/#organization","name":"La Gu\u00eda de Pamplona \/ Noticias","url":"https:\/\/www.laguiadepamplona.com\/actualidad\/","logo":{"@type":"ImageObject","inLanguage":"es","@id":"https:\/\/www.laguiadepamplona.com\/actualidad\/#\/schema\/logo\/image\/","url":"https:\/\/www.laguiadepamplona.com\/actualidad\/wp-content\/uploads\/2018\/11\/logo-laguiadepamplona18-web1.png","contentUrl":"https:\/\/www.laguiadepamplona.com\/actualidad\/wp-content\/uploads\/2018\/11\/logo-laguiadepamplona18-web1.png","width":600,"height":196,"caption":"La Gu\u00eda de Pamplona \/ Noticias"},"image":{"@id":"https:\/\/www.laguiadepamplona.com\/actualidad\/#\/schema\/logo\/image\/"},"sameAs":["https:\/\/www.facebook.com\/laguiadepamplonacom-133175176762273\/?ref=hl","https:\/\/x.com\/LaGuiadPamplona","https:\/\/www.instagram.com\/la_guia_de_pamplona\/","https:\/\/www.youtube.com\/user\/laguiadepamplona"]},{"@type":"Person","@id":"https:\/\/www.laguiadepamplona.com\/actualidad\/#\/schema\/person\/efe887376f0213d4657c93adc50b1fdb","name":"La Gu\u00eda de Pamplona","image":{"@type":"ImageObject","inLanguage":"es","@id":"https:\/\/secure.gravatar.com\/avatar\/b6992f131dc8d30ab0dff15446e9d346d9dbd95992de0fef795073f5ea83a81c?s=96&d=mm&r=g","url":"https:\/\/secure.gravatar.com\/avatar\/b6992f131dc8d30ab0dff15446e9d346d9dbd95992de0fef795073f5ea83a81c?s=96&d=mm&r=g","contentUrl":"https:\/\/secure.gravatar.com\/avatar\/b6992f131dc8d30ab0dff15446e9d346d9dbd95992de0fef795073f5ea83a81c?s=96&d=mm&r=g","caption":"La Gu\u00eda de Pamplona"}}]}},"post_mailing_queue_ids":[],"_links":{"self":[{"href":"https:\/\/www.laguiadepamplona.com\/actualidad\/wp-json\/wp\/v2\/posts\/11208","targetHints":{"allow":["GET"]}}],"collection":[{"href":"https:\/\/www.laguiadepamplona.com\/actualidad\/wp-json\/wp\/v2\/posts"}],"about":[{"href":"https:\/\/www.laguiadepamplona.com\/actualidad\/wp-json\/wp\/v2\/types\/post"}],"author":[{"embeddable":true,"href":"https:\/\/www.laguiadepamplona.com\/actualidad\/wp-json\/wp\/v2\/users\/1"}],"replies":[{"embeddable":true,"href":"https:\/\/www.laguiadepamplona.com\/actualidad\/wp-json\/wp\/v2\/comments?post=11208"}],"version-history":[{"count":0,"href":"https:\/\/www.laguiadepamplona.com\/actualidad\/wp-json\/wp\/v2\/posts\/11208\/revisions"}],"wp:featuredmedia":[{"embeddable":true,"href":"https:\/\/www.laguiadepamplona.com\/actualidad\/wp-json\/wp\/v2\/media\/11209"}],"wp:attachment":[{"href":"https:\/\/www.laguiadepamplona.com\/actualidad\/wp-json\/wp\/v2\/media?parent=11208"}],"wp:term":[{"taxonomy":"category","embeddable":true,"href":"https:\/\/www.laguiadepamplona.com\/actualidad\/wp-json\/wp\/v2\/categories?post=11208"},{"taxonomy":"post_tag","embeddable":true,"href":"https:\/\/www.laguiadepamplona.com\/actualidad\/wp-json\/wp\/v2\/tags?post=11208"}],"curies":[{"name":"wp","href":"https:\/\/api.w.org\/{rel}","templated":true}]}}