{"id":11201,"date":"2016-11-08T12:11:38","date_gmt":"2016-11-08T11:11:38","guid":{"rendered":"http:\/\/laguiadepamplona.es\/actualidad\/?p=11201"},"modified":"2016-12-07T12:12:22","modified_gmt":"2016-12-07T11:12:22","slug":"los-menores-aficionados-a-dibujar-comic-podran-buscar-su-propio-estilo-de-la-mano-del-ilustrador-belatz-en-la-biblioteca-de-san-francisco","status":"publish","type":"post","link":"https:\/\/www.laguiadepamplona.com\/actualidad\/los-menores-aficionados-a-dibujar-comic-podran-buscar-su-propio-estilo-de-la-mano-del-ilustrador-belatz-en-la-biblioteca-de-san-francisco\/","title":{"rendered":"Los menores aficionados a dibujar c\u00f3mic podr\u00e1n buscar su propio estilo de la mano del ilustrador Belatz en la Biblioteca de San Francisco"},"content":{"rendered":"<h3>Los d\u00edas 9 y 16 de noviembre se ofrecen dos talleres gratuitos de iniciaci\u00f3n al c\u00f3mic para menores de 10 a 13 a\u00f1os<\/h3>\n<p><!--more--><\/p>\n<p>El c\u00f3mic es un inicio f\u00e1cil en la lectura infantil. A los ni\u00f1os, que comienzan su lectura viendo solamente im\u00e1genes, el c\u00f3mic les permite \u2018leer im\u00e1genes\u2019. Tiene adem\u00e1s s\u00edmbolos abstractos que hacen visual el lenguaje, usa onomatopeyas f\u00e1ciles de entender y suele reflejar historias cortas, argumentos simples en vi\u00f1etas secuenciales. Muchos ni\u00f1os se inician de forma natural en el c\u00f3mic dibujando personajes y bocadillos de texto.<\/p>\n<p>La Biblioteca P\u00fablica de San Francisco ofrecer\u00e1 los d\u00edas 9 y 16 de noviembre dos talleres para ni\u00f1os sobre iniciaci\u00f3n al mundo del c\u00f3mic con el dibujante e ilustrador pamplon\u00e9s \u2018Belatz\u2019. Forman parte de las iniciativas para enriquecer las actividades de animaci\u00f3n a la lectura y est\u00e1n previstos para menores de 10 a 13 a\u00f1os, una edad en la que los ni\u00f1os ya han desarrollado sus propios estilos de forma particular.<\/p>\n<p>Lo previsto es una actividad en euskera (ma\u00f1ana) y otra en castellano (16 de noviembre) con una misma din\u00e1mica de trabajo: en una primera parte del taller el ilustrador, ayudado por un bloc de conferencias, dibujar\u00e1 y explicar\u00e1 los diferentes elementos que aparecen en los c\u00f3mics: bocadillos, onomatopeyas, planos, perspectivas, creaci\u00f3n de personajes, etc.; en la segunda parte los creativos noveles desarrollar\u00e1n ejercicios para poner en pr\u00e1ctica lo aprendido y a adentrarse m\u00e1s directamente en el ejercicio de la creaci\u00f3n. El objetivo: que estos dibujantes aficionados busquen e identifiquen una l\u00ednea art\u00edstica propia. Con \u2018Belatz\u2019 tambi\u00e9n aprender\u00e1n a seguir atajos a la hora de crear personajes y objetos usando diferentes t\u00e9cnicas que se mostrar\u00e1n en el taller: se trata de coger destreza en las fases m\u00e1s complicadas del proceso como puede ser el reflejar la anatom\u00eda humana o el dar dinamismo a las composiciones.<\/p>\n<p>A los participantes se les proporcionar\u00e1 el material b\u00e1sico para empezar a conocer este arte: papeles, l\u00e1piz, goma, rotulador negro&#8230; La duraci\u00f3n de las sesiones ser\u00e1 de 120 minutos cada una, en horario de 17.30 a 19.30 horas. La inscripci\u00f3n a estas actividades es gratuita y se llevar\u00e1 a cabo por orden de llamada al 010 hasta completar el aforo de 15 plazas por taller.<\/p>\n<p>\u00abBelatz\u00bb<\/p>\n<p>Mikel Santos \u00abBelatz\u00bb es un dibujante nacido en Pamplona en 1974 que se dedica profesionalmente a la ilustraci\u00f3n y al c\u00f3mic. En este momento, se encuentra trabajando en una novela gr\u00e1fica que ver\u00e1 la luz en 2017. Adem\u00e1s de trabajar en el equipo creativo de Mikel Urmeneta, Belatz ha ilustrado numerosos cuentos infantiles para diferentes editoriales, tanto locales como internacionales, destacando un trabajo para la editorial inglesa Penguin en el que ilustr\u00f3 la adaptaci\u00f3n a libro de la obra \u00abPesadilla antes de navidad\u00bb y que cont\u00f3 con la supervisi\u00f3n del propio Tim Burton. Tambi\u00e9n ha ilustrado libros de texto en varias lenguas y realizado varios c\u00f3mics, entre ellos, \u201890 minutos en el Reyno\u2019, para Fundaci\u00f3n Osasuna, y \u2018Una aventura en tres tiempos\u2019, para el Gobierno de Navarra.<\/p>\n","protected":false},"excerpt":{"rendered":"<p>Los d\u00edas 9 y 16 de noviembre se ofrecen dos talleres gratuitos de iniciaci\u00f3n al c\u00f3mic para menores de 10 a 13 a\u00f1os<\/p>\n","protected":false},"author":1,"featured_media":10949,"comment_status":"closed","ping_status":"closed","sticky":false,"template":"","format":"standard","meta":{"footnotes":""},"categories":[2],"tags":[],"class_list":["post-11201","post","type-post","status-publish","format-standard","has-post-thumbnail","hentry","category-ayuntamiento-pamplona"],"yoast_head":"<!-- This site is optimized with the Yoast SEO plugin v27.5 - https:\/\/yoast.com\/product\/yoast-seo-wordpress\/ -->\n<title>Los menores aficionados a dibujar c\u00f3mic podr\u00e1n buscar su propio estilo de la mano del ilustrador Belatz en la Biblioteca de San Francisco<\/title>\n<meta name=\"robots\" content=\"index, follow, max-snippet:-1, max-image-preview:large, max-video-preview:-1\" \/>\n<link rel=\"canonical\" href=\"https:\/\/www.laguiadepamplona.com\/actualidad\/los-menores-aficionados-a-dibujar-comic-podran-buscar-su-propio-estilo-de-la-mano-del-ilustrador-belatz-en-la-biblioteca-de-san-francisco\/\" \/>\n<meta property=\"og:locale\" content=\"es_ES\" \/>\n<meta property=\"og:type\" content=\"article\" \/>\n<meta property=\"og:title\" content=\"Los menores aficionados a dibujar c\u00f3mic podr\u00e1n buscar su propio estilo de la mano del ilustrador Belatz en la Biblioteca de San Francisco\" \/>\n<meta property=\"og:description\" content=\"Los d\u00edas 9 y 16 de noviembre se ofrecen dos talleres gratuitos de iniciaci\u00f3n al c\u00f3mic para menores de 10 a 13 a\u00f1os\" \/>\n<meta property=\"og:url\" content=\"https:\/\/www.laguiadepamplona.com\/actualidad\/los-menores-aficionados-a-dibujar-comic-podran-buscar-su-propio-estilo-de-la-mano-del-ilustrador-belatz-en-la-biblioteca-de-san-francisco\/\" \/>\n<meta property=\"og:site_name\" content=\"La Gu\u00eda de Pamplona\" \/>\n<meta property=\"article:publisher\" content=\"https:\/\/www.facebook.com\/laguiadepamplonacom-133175176762273\/?ref=hl\" \/>\n<meta property=\"article:published_time\" content=\"2016-11-08T11:11:38+00:00\" \/>\n<meta property=\"article:modified_time\" content=\"2016-12-07T11:12:22+00:00\" \/>\n<meta property=\"og:image\" content=\"https:\/\/www.laguiadepamplona.com\/actualidad\/wp-content\/uploads\/2016\/10\/Biblioteca-de-San-Francisco.jpg\" \/>\n\t<meta property=\"og:image:width\" content=\"486\" \/>\n\t<meta property=\"og:image:height\" content=\"357\" \/>\n\t<meta property=\"og:image:type\" content=\"image\/jpeg\" \/>\n<meta name=\"author\" content=\"La Gu\u00eda de Pamplona\" \/>\n<meta name=\"twitter:card\" content=\"summary_large_image\" \/>\n<meta name=\"twitter:creator\" content=\"@LaGuiadPamplona\" \/>\n<meta name=\"twitter:site\" content=\"@LaGuiadPamplona\" \/>\n<meta name=\"twitter:label1\" content=\"Escrito por\" \/>\n\t<meta name=\"twitter:data1\" content=\"La Gu\u00eda de Pamplona\" \/>\n\t<meta name=\"twitter:label2\" content=\"Tiempo de lectura\" \/>\n\t<meta name=\"twitter:data2\" content=\"3 minutos\" \/>\n<script type=\"application\/ld+json\" class=\"yoast-schema-graph\">{\"@context\":\"https:\\\/\\\/schema.org\",\"@graph\":[{\"@type\":\"Article\",\"@id\":\"https:\\\/\\\/www.laguiadepamplona.com\\\/actualidad\\\/los-menores-aficionados-a-dibujar-comic-podran-buscar-su-propio-estilo-de-la-mano-del-ilustrador-belatz-en-la-biblioteca-de-san-francisco\\\/#article\",\"isPartOf\":{\"@id\":\"https:\\\/\\\/www.laguiadepamplona.com\\\/actualidad\\\/los-menores-aficionados-a-dibujar-comic-podran-buscar-su-propio-estilo-de-la-mano-del-ilustrador-belatz-en-la-biblioteca-de-san-francisco\\\/\"},\"author\":{\"name\":\"La Gu\u00eda de Pamplona\",\"@id\":\"https:\\\/\\\/www.laguiadepamplona.com\\\/actualidad\\\/#\\\/schema\\\/person\\\/efe887376f0213d4657c93adc50b1fdb\"},\"headline\":\"Los menores aficionados a dibujar c\u00f3mic podr\u00e1n buscar su propio estilo de la mano del ilustrador Belatz en la Biblioteca de San Francisco\",\"datePublished\":\"2016-11-08T11:11:38+00:00\",\"dateModified\":\"2016-12-07T11:12:22+00:00\",\"mainEntityOfPage\":{\"@id\":\"https:\\\/\\\/www.laguiadepamplona.com\\\/actualidad\\\/los-menores-aficionados-a-dibujar-comic-podran-buscar-su-propio-estilo-de-la-mano-del-ilustrador-belatz-en-la-biblioteca-de-san-francisco\\\/\"},\"wordCount\":560,\"publisher\":{\"@id\":\"https:\\\/\\\/www.laguiadepamplona.com\\\/actualidad\\\/#organization\"},\"image\":{\"@id\":\"https:\\\/\\\/www.laguiadepamplona.com\\\/actualidad\\\/los-menores-aficionados-a-dibujar-comic-podran-buscar-su-propio-estilo-de-la-mano-del-ilustrador-belatz-en-la-biblioteca-de-san-francisco\\\/#primaryimage\"},\"thumbnailUrl\":\"https:\\\/\\\/www.laguiadepamplona.com\\\/actualidad\\\/wp-content\\\/uploads\\\/2016\\\/10\\\/Biblioteca-de-San-Francisco.jpg\",\"articleSection\":[\"Ayto Pamplona\"],\"inLanguage\":\"es\"},{\"@type\":\"WebPage\",\"@id\":\"https:\\\/\\\/www.laguiadepamplona.com\\\/actualidad\\\/los-menores-aficionados-a-dibujar-comic-podran-buscar-su-propio-estilo-de-la-mano-del-ilustrador-belatz-en-la-biblioteca-de-san-francisco\\\/\",\"url\":\"https:\\\/\\\/www.laguiadepamplona.com\\\/actualidad\\\/los-menores-aficionados-a-dibujar-comic-podran-buscar-su-propio-estilo-de-la-mano-del-ilustrador-belatz-en-la-biblioteca-de-san-francisco\\\/\",\"name\":\"Los menores aficionados a dibujar c\u00f3mic podr\u00e1n buscar su propio estilo de la mano del ilustrador Belatz en la Biblioteca de San Francisco\",\"isPartOf\":{\"@id\":\"https:\\\/\\\/www.laguiadepamplona.com\\\/actualidad\\\/#website\"},\"primaryImageOfPage\":{\"@id\":\"https:\\\/\\\/www.laguiadepamplona.com\\\/actualidad\\\/los-menores-aficionados-a-dibujar-comic-podran-buscar-su-propio-estilo-de-la-mano-del-ilustrador-belatz-en-la-biblioteca-de-san-francisco\\\/#primaryimage\"},\"image\":{\"@id\":\"https:\\\/\\\/www.laguiadepamplona.com\\\/actualidad\\\/los-menores-aficionados-a-dibujar-comic-podran-buscar-su-propio-estilo-de-la-mano-del-ilustrador-belatz-en-la-biblioteca-de-san-francisco\\\/#primaryimage\"},\"thumbnailUrl\":\"https:\\\/\\\/www.laguiadepamplona.com\\\/actualidad\\\/wp-content\\\/uploads\\\/2016\\\/10\\\/Biblioteca-de-San-Francisco.jpg\",\"datePublished\":\"2016-11-08T11:11:38+00:00\",\"dateModified\":\"2016-12-07T11:12:22+00:00\",\"breadcrumb\":{\"@id\":\"https:\\\/\\\/www.laguiadepamplona.com\\\/actualidad\\\/los-menores-aficionados-a-dibujar-comic-podran-buscar-su-propio-estilo-de-la-mano-del-ilustrador-belatz-en-la-biblioteca-de-san-francisco\\\/#breadcrumb\"},\"inLanguage\":\"es\",\"potentialAction\":[{\"@type\":\"ReadAction\",\"target\":[\"https:\\\/\\\/www.laguiadepamplona.com\\\/actualidad\\\/los-menores-aficionados-a-dibujar-comic-podran-buscar-su-propio-estilo-de-la-mano-del-ilustrador-belatz-en-la-biblioteca-de-san-francisco\\\/\"]}]},{\"@type\":\"ImageObject\",\"inLanguage\":\"es\",\"@id\":\"https:\\\/\\\/www.laguiadepamplona.com\\\/actualidad\\\/los-menores-aficionados-a-dibujar-comic-podran-buscar-su-propio-estilo-de-la-mano-del-ilustrador-belatz-en-la-biblioteca-de-san-francisco\\\/#primaryimage\",\"url\":\"https:\\\/\\\/www.laguiadepamplona.com\\\/actualidad\\\/wp-content\\\/uploads\\\/2016\\\/10\\\/Biblioteca-de-San-Francisco.jpg\",\"contentUrl\":\"https:\\\/\\\/www.laguiadepamplona.com\\\/actualidad\\\/wp-content\\\/uploads\\\/2016\\\/10\\\/Biblioteca-de-San-Francisco.jpg\",\"width\":486,\"height\":357},{\"@type\":\"BreadcrumbList\",\"@id\":\"https:\\\/\\\/www.laguiadepamplona.com\\\/actualidad\\\/los-menores-aficionados-a-dibujar-comic-podran-buscar-su-propio-estilo-de-la-mano-del-ilustrador-belatz-en-la-biblioteca-de-san-francisco\\\/#breadcrumb\",\"itemListElement\":[{\"@type\":\"ListItem\",\"position\":1,\"name\":\"Portada\",\"item\":\"https:\\\/\\\/www.laguiadepamplona.com\\\/actualidad\\\/\"},{\"@type\":\"ListItem\",\"position\":2,\"name\":\"Los menores aficionados a dibujar c\u00f3mic podr\u00e1n buscar su propio estilo de la mano del ilustrador Belatz en la Biblioteca de San Francisco\"}]},{\"@type\":\"WebSite\",\"@id\":\"https:\\\/\\\/www.laguiadepamplona.com\\\/actualidad\\\/#website\",\"url\":\"https:\\\/\\\/www.laguiadepamplona.com\\\/actualidad\\\/\",\"name\":\"La gu\u00eda de Pamplona\",\"description\":\"Noticias de Pamplona\",\"publisher\":{\"@id\":\"https:\\\/\\\/www.laguiadepamplona.com\\\/actualidad\\\/#organization\"},\"potentialAction\":[{\"@type\":\"SearchAction\",\"target\":{\"@type\":\"EntryPoint\",\"urlTemplate\":\"https:\\\/\\\/www.laguiadepamplona.com\\\/actualidad\\\/?s={search_term_string}\"},\"query-input\":{\"@type\":\"PropertyValueSpecification\",\"valueRequired\":true,\"valueName\":\"search_term_string\"}}],\"inLanguage\":\"es\"},{\"@type\":\"Organization\",\"@id\":\"https:\\\/\\\/www.laguiadepamplona.com\\\/actualidad\\\/#organization\",\"name\":\"La Gu\u00eda de Pamplona \\\/ Noticias\",\"url\":\"https:\\\/\\\/www.laguiadepamplona.com\\\/actualidad\\\/\",\"logo\":{\"@type\":\"ImageObject\",\"inLanguage\":\"es\",\"@id\":\"https:\\\/\\\/www.laguiadepamplona.com\\\/actualidad\\\/#\\\/schema\\\/logo\\\/image\\\/\",\"url\":\"https:\\\/\\\/www.laguiadepamplona.com\\\/actualidad\\\/wp-content\\\/uploads\\\/2018\\\/11\\\/logo-laguiadepamplona18-web1.png\",\"contentUrl\":\"https:\\\/\\\/www.laguiadepamplona.com\\\/actualidad\\\/wp-content\\\/uploads\\\/2018\\\/11\\\/logo-laguiadepamplona18-web1.png\",\"width\":600,\"height\":196,\"caption\":\"La Gu\u00eda de Pamplona \\\/ Noticias\"},\"image\":{\"@id\":\"https:\\\/\\\/www.laguiadepamplona.com\\\/actualidad\\\/#\\\/schema\\\/logo\\\/image\\\/\"},\"sameAs\":[\"https:\\\/\\\/www.facebook.com\\\/laguiadepamplonacom-133175176762273\\\/?ref=hl\",\"https:\\\/\\\/x.com\\\/LaGuiadPamplona\",\"https:\\\/\\\/www.instagram.com\\\/la_guia_de_pamplona\\\/\",\"https:\\\/\\\/www.youtube.com\\\/user\\\/laguiadepamplona\"]},{\"@type\":\"Person\",\"@id\":\"https:\\\/\\\/www.laguiadepamplona.com\\\/actualidad\\\/#\\\/schema\\\/person\\\/efe887376f0213d4657c93adc50b1fdb\",\"name\":\"La Gu\u00eda de Pamplona\",\"image\":{\"@type\":\"ImageObject\",\"inLanguage\":\"es\",\"@id\":\"https:\\\/\\\/secure.gravatar.com\\\/avatar\\\/b6992f131dc8d30ab0dff15446e9d346d9dbd95992de0fef795073f5ea83a81c?s=96&d=mm&r=g\",\"url\":\"https:\\\/\\\/secure.gravatar.com\\\/avatar\\\/b6992f131dc8d30ab0dff15446e9d346d9dbd95992de0fef795073f5ea83a81c?s=96&d=mm&r=g\",\"contentUrl\":\"https:\\\/\\\/secure.gravatar.com\\\/avatar\\\/b6992f131dc8d30ab0dff15446e9d346d9dbd95992de0fef795073f5ea83a81c?s=96&d=mm&r=g\",\"caption\":\"La Gu\u00eda de Pamplona\"}}]}<\/script>\n<!-- \/ Yoast SEO plugin. -->","yoast_head_json":{"title":"Los menores aficionados a dibujar c\u00f3mic podr\u00e1n buscar su propio estilo de la mano del ilustrador Belatz en la Biblioteca de San Francisco","robots":{"index":"index","follow":"follow","max-snippet":"max-snippet:-1","max-image-preview":"max-image-preview:large","max-video-preview":"max-video-preview:-1"},"canonical":"https:\/\/www.laguiadepamplona.com\/actualidad\/los-menores-aficionados-a-dibujar-comic-podran-buscar-su-propio-estilo-de-la-mano-del-ilustrador-belatz-en-la-biblioteca-de-san-francisco\/","og_locale":"es_ES","og_type":"article","og_title":"Los menores aficionados a dibujar c\u00f3mic podr\u00e1n buscar su propio estilo de la mano del ilustrador Belatz en la Biblioteca de San Francisco","og_description":"Los d\u00edas 9 y 16 de noviembre se ofrecen dos talleres gratuitos de iniciaci\u00f3n al c\u00f3mic para menores de 10 a 13 a\u00f1os","og_url":"https:\/\/www.laguiadepamplona.com\/actualidad\/los-menores-aficionados-a-dibujar-comic-podran-buscar-su-propio-estilo-de-la-mano-del-ilustrador-belatz-en-la-biblioteca-de-san-francisco\/","og_site_name":"La Gu\u00eda de Pamplona","article_publisher":"https:\/\/www.facebook.com\/laguiadepamplonacom-133175176762273\/?ref=hl","article_published_time":"2016-11-08T11:11:38+00:00","article_modified_time":"2016-12-07T11:12:22+00:00","og_image":[{"width":486,"height":357,"url":"https:\/\/www.laguiadepamplona.com\/actualidad\/wp-content\/uploads\/2016\/10\/Biblioteca-de-San-Francisco.jpg","type":"image\/jpeg"}],"author":"La Gu\u00eda de Pamplona","twitter_card":"summary_large_image","twitter_creator":"@LaGuiadPamplona","twitter_site":"@LaGuiadPamplona","twitter_misc":{"Escrito por":"La Gu\u00eda de Pamplona","Tiempo de lectura":"3 minutos"},"schema":{"@context":"https:\/\/schema.org","@graph":[{"@type":"Article","@id":"https:\/\/www.laguiadepamplona.com\/actualidad\/los-menores-aficionados-a-dibujar-comic-podran-buscar-su-propio-estilo-de-la-mano-del-ilustrador-belatz-en-la-biblioteca-de-san-francisco\/#article","isPartOf":{"@id":"https:\/\/www.laguiadepamplona.com\/actualidad\/los-menores-aficionados-a-dibujar-comic-podran-buscar-su-propio-estilo-de-la-mano-del-ilustrador-belatz-en-la-biblioteca-de-san-francisco\/"},"author":{"name":"La Gu\u00eda de Pamplona","@id":"https:\/\/www.laguiadepamplona.com\/actualidad\/#\/schema\/person\/efe887376f0213d4657c93adc50b1fdb"},"headline":"Los menores aficionados a dibujar c\u00f3mic podr\u00e1n buscar su propio estilo de la mano del ilustrador Belatz en la Biblioteca de San Francisco","datePublished":"2016-11-08T11:11:38+00:00","dateModified":"2016-12-07T11:12:22+00:00","mainEntityOfPage":{"@id":"https:\/\/www.laguiadepamplona.com\/actualidad\/los-menores-aficionados-a-dibujar-comic-podran-buscar-su-propio-estilo-de-la-mano-del-ilustrador-belatz-en-la-biblioteca-de-san-francisco\/"},"wordCount":560,"publisher":{"@id":"https:\/\/www.laguiadepamplona.com\/actualidad\/#organization"},"image":{"@id":"https:\/\/www.laguiadepamplona.com\/actualidad\/los-menores-aficionados-a-dibujar-comic-podran-buscar-su-propio-estilo-de-la-mano-del-ilustrador-belatz-en-la-biblioteca-de-san-francisco\/#primaryimage"},"thumbnailUrl":"https:\/\/www.laguiadepamplona.com\/actualidad\/wp-content\/uploads\/2016\/10\/Biblioteca-de-San-Francisco.jpg","articleSection":["Ayto Pamplona"],"inLanguage":"es"},{"@type":"WebPage","@id":"https:\/\/www.laguiadepamplona.com\/actualidad\/los-menores-aficionados-a-dibujar-comic-podran-buscar-su-propio-estilo-de-la-mano-del-ilustrador-belatz-en-la-biblioteca-de-san-francisco\/","url":"https:\/\/www.laguiadepamplona.com\/actualidad\/los-menores-aficionados-a-dibujar-comic-podran-buscar-su-propio-estilo-de-la-mano-del-ilustrador-belatz-en-la-biblioteca-de-san-francisco\/","name":"Los menores aficionados a dibujar c\u00f3mic podr\u00e1n buscar su propio estilo de la mano del ilustrador Belatz en la Biblioteca de San Francisco","isPartOf":{"@id":"https:\/\/www.laguiadepamplona.com\/actualidad\/#website"},"primaryImageOfPage":{"@id":"https:\/\/www.laguiadepamplona.com\/actualidad\/los-menores-aficionados-a-dibujar-comic-podran-buscar-su-propio-estilo-de-la-mano-del-ilustrador-belatz-en-la-biblioteca-de-san-francisco\/#primaryimage"},"image":{"@id":"https:\/\/www.laguiadepamplona.com\/actualidad\/los-menores-aficionados-a-dibujar-comic-podran-buscar-su-propio-estilo-de-la-mano-del-ilustrador-belatz-en-la-biblioteca-de-san-francisco\/#primaryimage"},"thumbnailUrl":"https:\/\/www.laguiadepamplona.com\/actualidad\/wp-content\/uploads\/2016\/10\/Biblioteca-de-San-Francisco.jpg","datePublished":"2016-11-08T11:11:38+00:00","dateModified":"2016-12-07T11:12:22+00:00","breadcrumb":{"@id":"https:\/\/www.laguiadepamplona.com\/actualidad\/los-menores-aficionados-a-dibujar-comic-podran-buscar-su-propio-estilo-de-la-mano-del-ilustrador-belatz-en-la-biblioteca-de-san-francisco\/#breadcrumb"},"inLanguage":"es","potentialAction":[{"@type":"ReadAction","target":["https:\/\/www.laguiadepamplona.com\/actualidad\/los-menores-aficionados-a-dibujar-comic-podran-buscar-su-propio-estilo-de-la-mano-del-ilustrador-belatz-en-la-biblioteca-de-san-francisco\/"]}]},{"@type":"ImageObject","inLanguage":"es","@id":"https:\/\/www.laguiadepamplona.com\/actualidad\/los-menores-aficionados-a-dibujar-comic-podran-buscar-su-propio-estilo-de-la-mano-del-ilustrador-belatz-en-la-biblioteca-de-san-francisco\/#primaryimage","url":"https:\/\/www.laguiadepamplona.com\/actualidad\/wp-content\/uploads\/2016\/10\/Biblioteca-de-San-Francisco.jpg","contentUrl":"https:\/\/www.laguiadepamplona.com\/actualidad\/wp-content\/uploads\/2016\/10\/Biblioteca-de-San-Francisco.jpg","width":486,"height":357},{"@type":"BreadcrumbList","@id":"https:\/\/www.laguiadepamplona.com\/actualidad\/los-menores-aficionados-a-dibujar-comic-podran-buscar-su-propio-estilo-de-la-mano-del-ilustrador-belatz-en-la-biblioteca-de-san-francisco\/#breadcrumb","itemListElement":[{"@type":"ListItem","position":1,"name":"Portada","item":"https:\/\/www.laguiadepamplona.com\/actualidad\/"},{"@type":"ListItem","position":2,"name":"Los menores aficionados a dibujar c\u00f3mic podr\u00e1n buscar su propio estilo de la mano del ilustrador Belatz en la Biblioteca de San Francisco"}]},{"@type":"WebSite","@id":"https:\/\/www.laguiadepamplona.com\/actualidad\/#website","url":"https:\/\/www.laguiadepamplona.com\/actualidad\/","name":"La gu\u00eda de Pamplona","description":"Noticias de Pamplona","publisher":{"@id":"https:\/\/www.laguiadepamplona.com\/actualidad\/#organization"},"potentialAction":[{"@type":"SearchAction","target":{"@type":"EntryPoint","urlTemplate":"https:\/\/www.laguiadepamplona.com\/actualidad\/?s={search_term_string}"},"query-input":{"@type":"PropertyValueSpecification","valueRequired":true,"valueName":"search_term_string"}}],"inLanguage":"es"},{"@type":"Organization","@id":"https:\/\/www.laguiadepamplona.com\/actualidad\/#organization","name":"La Gu\u00eda de Pamplona \/ Noticias","url":"https:\/\/www.laguiadepamplona.com\/actualidad\/","logo":{"@type":"ImageObject","inLanguage":"es","@id":"https:\/\/www.laguiadepamplona.com\/actualidad\/#\/schema\/logo\/image\/","url":"https:\/\/www.laguiadepamplona.com\/actualidad\/wp-content\/uploads\/2018\/11\/logo-laguiadepamplona18-web1.png","contentUrl":"https:\/\/www.laguiadepamplona.com\/actualidad\/wp-content\/uploads\/2018\/11\/logo-laguiadepamplona18-web1.png","width":600,"height":196,"caption":"La Gu\u00eda de Pamplona \/ Noticias"},"image":{"@id":"https:\/\/www.laguiadepamplona.com\/actualidad\/#\/schema\/logo\/image\/"},"sameAs":["https:\/\/www.facebook.com\/laguiadepamplonacom-133175176762273\/?ref=hl","https:\/\/x.com\/LaGuiadPamplona","https:\/\/www.instagram.com\/la_guia_de_pamplona\/","https:\/\/www.youtube.com\/user\/laguiadepamplona"]},{"@type":"Person","@id":"https:\/\/www.laguiadepamplona.com\/actualidad\/#\/schema\/person\/efe887376f0213d4657c93adc50b1fdb","name":"La Gu\u00eda de Pamplona","image":{"@type":"ImageObject","inLanguage":"es","@id":"https:\/\/secure.gravatar.com\/avatar\/b6992f131dc8d30ab0dff15446e9d346d9dbd95992de0fef795073f5ea83a81c?s=96&d=mm&r=g","url":"https:\/\/secure.gravatar.com\/avatar\/b6992f131dc8d30ab0dff15446e9d346d9dbd95992de0fef795073f5ea83a81c?s=96&d=mm&r=g","contentUrl":"https:\/\/secure.gravatar.com\/avatar\/b6992f131dc8d30ab0dff15446e9d346d9dbd95992de0fef795073f5ea83a81c?s=96&d=mm&r=g","caption":"La Gu\u00eda de Pamplona"}}]}},"post_mailing_queue_ids":[],"_links":{"self":[{"href":"https:\/\/www.laguiadepamplona.com\/actualidad\/wp-json\/wp\/v2\/posts\/11201","targetHints":{"allow":["GET"]}}],"collection":[{"href":"https:\/\/www.laguiadepamplona.com\/actualidad\/wp-json\/wp\/v2\/posts"}],"about":[{"href":"https:\/\/www.laguiadepamplona.com\/actualidad\/wp-json\/wp\/v2\/types\/post"}],"author":[{"embeddable":true,"href":"https:\/\/www.laguiadepamplona.com\/actualidad\/wp-json\/wp\/v2\/users\/1"}],"replies":[{"embeddable":true,"href":"https:\/\/www.laguiadepamplona.com\/actualidad\/wp-json\/wp\/v2\/comments?post=11201"}],"version-history":[{"count":0,"href":"https:\/\/www.laguiadepamplona.com\/actualidad\/wp-json\/wp\/v2\/posts\/11201\/revisions"}],"wp:featuredmedia":[{"embeddable":true,"href":"https:\/\/www.laguiadepamplona.com\/actualidad\/wp-json\/wp\/v2\/media\/10949"}],"wp:attachment":[{"href":"https:\/\/www.laguiadepamplona.com\/actualidad\/wp-json\/wp\/v2\/media?parent=11201"}],"wp:term":[{"taxonomy":"category","embeddable":true,"href":"https:\/\/www.laguiadepamplona.com\/actualidad\/wp-json\/wp\/v2\/categories?post=11201"},{"taxonomy":"post_tag","embeddable":true,"href":"https:\/\/www.laguiadepamplona.com\/actualidad\/wp-json\/wp\/v2\/tags?post=11201"}],"curies":[{"name":"wp","href":"https:\/\/api.w.org\/{rel}","templated":true}]}}