{"id":11193,"date":"2016-11-08T12:07:38","date_gmt":"2016-11-08T11:07:38","guid":{"rendered":"http:\/\/laguiadepamplona.es\/actualidad\/?p=11193"},"modified":"2016-12-07T12:08:14","modified_gmt":"2016-12-07T11:08:14","slug":"manana-comienza-el-curso-para-los-42-alumnos-de-programa-piloto-de-formacion-para-el-empleo-del-ayuntamiento-de-pamplona-en-aranzadi","status":"publish","type":"post","link":"https:\/\/www.laguiadepamplona.com\/actualidad\/manana-comienza-el-curso-para-los-42-alumnos-de-programa-piloto-de-formacion-para-el-empleo-del-ayuntamiento-de-pamplona-en-aranzadi\/","title":{"rendered":"Ma\u00f1ana comienza el curso para los 42 alumnos de programa piloto de formaci\u00f3n para el empleo del Ayuntamiento de Pamplona en Aranzadi"},"content":{"rendered":"<h3>La concejala delegada de Acci\u00f3n Social y Desarrollo Comunitario y el director del proyecto han dado esta ma\u00f1ana la bienvenida al alumnado<\/h3>\n<p><!--more--><\/p>\n<p>Comienza su andadura el proyecto del Formaci\u00f3n para el Empleo Aranzadi. Esta ma\u00f1ana la concejala delegada de Acci\u00f3n Social y Desarrollo Comunitario, Edurne Eguino, acompa\u00f1ada por el director del proyecto, I\u00f1aki Amigot, y la directora de esa \u00e1rea municipal, Marisol de la Nava, han mantenido un encuentro en los locales de Casa Irujo con los 42 j\u00f3venes de entre 16 y 28 a\u00f1os que han obtenido plaza en este programa piloto del Ayuntamiento de Pamplona.<\/p>\n<p>El alumnado recibir\u00e1, desde el mi\u00e9rcoles 9 y durante los pr\u00f3ximos 6 meses, formaci\u00f3n en conservaci\u00f3n del medio natural, fontaner\u00eda y soldadura. El proyecto municipal est\u00e1 estructurado en dos fases de tres meses de duraci\u00f3n cada una, de forma que los alumnos cursar\u00e1n dos de las tres especialidades ofertadas. Adem\u00e1s tambi\u00e9n adquirir\u00e1n competencias clave en lengua castellana y en matem\u00e1ticas relacionadas con el oficio. El curso del Consistorio tiene, adem\u00e1s, una vertiente pr\u00e1ctica y de realizaci\u00f3n de tareas de utilidad p\u00fablica que se va a enfocar al mantenimiento y mejora de la ribera del Arga en el entorno de Casa Irujo. Durante todo el tiempo de la formaci\u00f3n los j\u00f3venes contar\u00e1n con un contrato a tiempo parcial.<\/p>\n<p>La direcci\u00f3n del \u00e1rea municipal ha dado la bienvenida al alumnado que est\u00e1 compuesto por 22 hombres y 20 mujeres y cuya media de edad est\u00e1 en 21 a\u00f1os. Los aspirantes, tras realizar una prueba pr\u00e1ctica a finales de octubre han participado en un proceso de selecci\u00f3n que ha hecho especial hincapi\u00e9 en tres par\u00e1metros. El primero, la situaci\u00f3n del itinerario laboral y vital del joven, dando preferencia hacia personas cuyos itinerarios est\u00e9n supervisados por los servicios sociales (27 j\u00f3venes en esa situaci\u00f3n del total del alumnado seleccionado) y haciendo incidencia en situaciones como las cargas familiares, etc.. El segundo la discriminaci\u00f3n positiva de g\u00e9nero (un 24,6% de las solicitantes eran mujeres y el porcentaje final de mujeres seleccionadas es del 47,6%) y, finalmente, una tendencia a la multiculturalidad en la composici\u00f3n del grupo (19 personas inmigrantes; 4 personas procedentes de minor\u00edas \u00e9tnicas y otras 19 personas de nacionalidad espa\u00f1ola).<\/p>\n","protected":false},"excerpt":{"rendered":"<p>La concejala delegada de Acci\u00f3n Social y Desarrollo Comunitario y el director del proyecto han dado esta ma\u00f1ana la bienvenida al alumnado<\/p>\n","protected":false},"author":1,"featured_media":11194,"comment_status":"closed","ping_status":"closed","sticky":false,"template":"","format":"standard","meta":{"footnotes":""},"categories":[2],"tags":[],"class_list":["post-11193","post","type-post","status-publish","format-standard","has-post-thumbnail","hentry","category-ayuntamiento-pamplona"],"yoast_head":"<!-- This site is optimized with the Yoast SEO plugin v27.5 - https:\/\/yoast.com\/product\/yoast-seo-wordpress\/ -->\n<title>Ma\u00f1ana comienza el curso para los 42 alumnos de programa piloto de formaci\u00f3n para el empleo del Ayuntamiento de Pamplona en Aranzadi<\/title>\n<meta name=\"robots\" content=\"index, follow, max-snippet:-1, max-image-preview:large, max-video-preview:-1\" \/>\n<link rel=\"canonical\" href=\"https:\/\/www.laguiadepamplona.com\/actualidad\/manana-comienza-el-curso-para-los-42-alumnos-de-programa-piloto-de-formacion-para-el-empleo-del-ayuntamiento-de-pamplona-en-aranzadi\/\" \/>\n<meta property=\"og:locale\" content=\"es_ES\" \/>\n<meta property=\"og:type\" content=\"article\" \/>\n<meta property=\"og:title\" content=\"Ma\u00f1ana comienza el curso para los 42 alumnos de programa piloto de formaci\u00f3n para el empleo del Ayuntamiento de Pamplona en Aranzadi\" \/>\n<meta property=\"og:description\" content=\"La concejala delegada de Acci\u00f3n Social y Desarrollo Comunitario y el director del proyecto han dado esta ma\u00f1ana la bienvenida al alumnado\" \/>\n<meta property=\"og:url\" content=\"https:\/\/www.laguiadepamplona.com\/actualidad\/manana-comienza-el-curso-para-los-42-alumnos-de-programa-piloto-de-formacion-para-el-empleo-del-ayuntamiento-de-pamplona-en-aranzadi\/\" \/>\n<meta property=\"og:site_name\" content=\"La Gu\u00eda de Pamplona\" \/>\n<meta property=\"article:publisher\" content=\"https:\/\/www.facebook.com\/laguiadepamplonacom-133175176762273\/?ref=hl\" \/>\n<meta property=\"article:published_time\" content=\"2016-11-08T11:07:38+00:00\" \/>\n<meta property=\"article:modified_time\" content=\"2016-12-07T11:08:14+00:00\" \/>\n<meta property=\"og:image\" content=\"https:\/\/www.laguiadepamplona.com\/actualidad\/wp-content\/uploads\/2016\/12\/Aranzadi_formacion_empleo_1.jpg\" \/>\n\t<meta property=\"og:image:width\" content=\"1000\" \/>\n\t<meta property=\"og:image:height\" content=\"666\" \/>\n\t<meta property=\"og:image:type\" content=\"image\/jpeg\" \/>\n<meta name=\"author\" content=\"La Gu\u00eda de Pamplona\" \/>\n<meta name=\"twitter:card\" content=\"summary_large_image\" \/>\n<meta name=\"twitter:creator\" content=\"@LaGuiadPamplona\" \/>\n<meta name=\"twitter:site\" content=\"@LaGuiadPamplona\" \/>\n<meta name=\"twitter:label1\" content=\"Escrito por\" \/>\n\t<meta name=\"twitter:data1\" content=\"La Gu\u00eda de Pamplona\" \/>\n\t<meta name=\"twitter:label2\" content=\"Tiempo de lectura\" \/>\n\t<meta name=\"twitter:data2\" content=\"2 minutos\" \/>\n<script type=\"application\/ld+json\" class=\"yoast-schema-graph\">{\"@context\":\"https:\\\/\\\/schema.org\",\"@graph\":[{\"@type\":\"Article\",\"@id\":\"https:\\\/\\\/www.laguiadepamplona.com\\\/actualidad\\\/manana-comienza-el-curso-para-los-42-alumnos-de-programa-piloto-de-formacion-para-el-empleo-del-ayuntamiento-de-pamplona-en-aranzadi\\\/#article\",\"isPartOf\":{\"@id\":\"https:\\\/\\\/www.laguiadepamplona.com\\\/actualidad\\\/manana-comienza-el-curso-para-los-42-alumnos-de-programa-piloto-de-formacion-para-el-empleo-del-ayuntamiento-de-pamplona-en-aranzadi\\\/\"},\"author\":{\"name\":\"La Gu\u00eda de Pamplona\",\"@id\":\"https:\\\/\\\/www.laguiadepamplona.com\\\/actualidad\\\/#\\\/schema\\\/person\\\/efe887376f0213d4657c93adc50b1fdb\"},\"headline\":\"Ma\u00f1ana comienza el curso para los 42 alumnos de programa piloto de formaci\u00f3n para el empleo del Ayuntamiento de Pamplona en Aranzadi\",\"datePublished\":\"2016-11-08T11:07:38+00:00\",\"dateModified\":\"2016-12-07T11:08:14+00:00\",\"mainEntityOfPage\":{\"@id\":\"https:\\\/\\\/www.laguiadepamplona.com\\\/actualidad\\\/manana-comienza-el-curso-para-los-42-alumnos-de-programa-piloto-de-formacion-para-el-empleo-del-ayuntamiento-de-pamplona-en-aranzadi\\\/\"},\"wordCount\":414,\"publisher\":{\"@id\":\"https:\\\/\\\/www.laguiadepamplona.com\\\/actualidad\\\/#organization\"},\"image\":{\"@id\":\"https:\\\/\\\/www.laguiadepamplona.com\\\/actualidad\\\/manana-comienza-el-curso-para-los-42-alumnos-de-programa-piloto-de-formacion-para-el-empleo-del-ayuntamiento-de-pamplona-en-aranzadi\\\/#primaryimage\"},\"thumbnailUrl\":\"https:\\\/\\\/www.laguiadepamplona.com\\\/actualidad\\\/wp-content\\\/uploads\\\/2016\\\/12\\\/Aranzadi_formacion_empleo_1.jpg\",\"articleSection\":[\"Ayto Pamplona\"],\"inLanguage\":\"es\"},{\"@type\":\"WebPage\",\"@id\":\"https:\\\/\\\/www.laguiadepamplona.com\\\/actualidad\\\/manana-comienza-el-curso-para-los-42-alumnos-de-programa-piloto-de-formacion-para-el-empleo-del-ayuntamiento-de-pamplona-en-aranzadi\\\/\",\"url\":\"https:\\\/\\\/www.laguiadepamplona.com\\\/actualidad\\\/manana-comienza-el-curso-para-los-42-alumnos-de-programa-piloto-de-formacion-para-el-empleo-del-ayuntamiento-de-pamplona-en-aranzadi\\\/\",\"name\":\"Ma\u00f1ana comienza el curso para los 42 alumnos de programa piloto de formaci\u00f3n para el empleo del Ayuntamiento de Pamplona en Aranzadi\",\"isPartOf\":{\"@id\":\"https:\\\/\\\/www.laguiadepamplona.com\\\/actualidad\\\/#website\"},\"primaryImageOfPage\":{\"@id\":\"https:\\\/\\\/www.laguiadepamplona.com\\\/actualidad\\\/manana-comienza-el-curso-para-los-42-alumnos-de-programa-piloto-de-formacion-para-el-empleo-del-ayuntamiento-de-pamplona-en-aranzadi\\\/#primaryimage\"},\"image\":{\"@id\":\"https:\\\/\\\/www.laguiadepamplona.com\\\/actualidad\\\/manana-comienza-el-curso-para-los-42-alumnos-de-programa-piloto-de-formacion-para-el-empleo-del-ayuntamiento-de-pamplona-en-aranzadi\\\/#primaryimage\"},\"thumbnailUrl\":\"https:\\\/\\\/www.laguiadepamplona.com\\\/actualidad\\\/wp-content\\\/uploads\\\/2016\\\/12\\\/Aranzadi_formacion_empleo_1.jpg\",\"datePublished\":\"2016-11-08T11:07:38+00:00\",\"dateModified\":\"2016-12-07T11:08:14+00:00\",\"breadcrumb\":{\"@id\":\"https:\\\/\\\/www.laguiadepamplona.com\\\/actualidad\\\/manana-comienza-el-curso-para-los-42-alumnos-de-programa-piloto-de-formacion-para-el-empleo-del-ayuntamiento-de-pamplona-en-aranzadi\\\/#breadcrumb\"},\"inLanguage\":\"es\",\"potentialAction\":[{\"@type\":\"ReadAction\",\"target\":[\"https:\\\/\\\/www.laguiadepamplona.com\\\/actualidad\\\/manana-comienza-el-curso-para-los-42-alumnos-de-programa-piloto-de-formacion-para-el-empleo-del-ayuntamiento-de-pamplona-en-aranzadi\\\/\"]}]},{\"@type\":\"ImageObject\",\"inLanguage\":\"es\",\"@id\":\"https:\\\/\\\/www.laguiadepamplona.com\\\/actualidad\\\/manana-comienza-el-curso-para-los-42-alumnos-de-programa-piloto-de-formacion-para-el-empleo-del-ayuntamiento-de-pamplona-en-aranzadi\\\/#primaryimage\",\"url\":\"https:\\\/\\\/www.laguiadepamplona.com\\\/actualidad\\\/wp-content\\\/uploads\\\/2016\\\/12\\\/Aranzadi_formacion_empleo_1.jpg\",\"contentUrl\":\"https:\\\/\\\/www.laguiadepamplona.com\\\/actualidad\\\/wp-content\\\/uploads\\\/2016\\\/12\\\/Aranzadi_formacion_empleo_1.jpg\",\"width\":1000,\"height\":666},{\"@type\":\"BreadcrumbList\",\"@id\":\"https:\\\/\\\/www.laguiadepamplona.com\\\/actualidad\\\/manana-comienza-el-curso-para-los-42-alumnos-de-programa-piloto-de-formacion-para-el-empleo-del-ayuntamiento-de-pamplona-en-aranzadi\\\/#breadcrumb\",\"itemListElement\":[{\"@type\":\"ListItem\",\"position\":1,\"name\":\"Portada\",\"item\":\"https:\\\/\\\/www.laguiadepamplona.com\\\/actualidad\\\/\"},{\"@type\":\"ListItem\",\"position\":2,\"name\":\"Ma\u00f1ana comienza el curso para los 42 alumnos de programa piloto de formaci\u00f3n para el empleo del Ayuntamiento de Pamplona en Aranzadi\"}]},{\"@type\":\"WebSite\",\"@id\":\"https:\\\/\\\/www.laguiadepamplona.com\\\/actualidad\\\/#website\",\"url\":\"https:\\\/\\\/www.laguiadepamplona.com\\\/actualidad\\\/\",\"name\":\"La gu\u00eda de Pamplona\",\"description\":\"Noticias de Pamplona\",\"publisher\":{\"@id\":\"https:\\\/\\\/www.laguiadepamplona.com\\\/actualidad\\\/#organization\"},\"potentialAction\":[{\"@type\":\"SearchAction\",\"target\":{\"@type\":\"EntryPoint\",\"urlTemplate\":\"https:\\\/\\\/www.laguiadepamplona.com\\\/actualidad\\\/?s={search_term_string}\"},\"query-input\":{\"@type\":\"PropertyValueSpecification\",\"valueRequired\":true,\"valueName\":\"search_term_string\"}}],\"inLanguage\":\"es\"},{\"@type\":\"Organization\",\"@id\":\"https:\\\/\\\/www.laguiadepamplona.com\\\/actualidad\\\/#organization\",\"name\":\"La Gu\u00eda de Pamplona \\\/ Noticias\",\"url\":\"https:\\\/\\\/www.laguiadepamplona.com\\\/actualidad\\\/\",\"logo\":{\"@type\":\"ImageObject\",\"inLanguage\":\"es\",\"@id\":\"https:\\\/\\\/www.laguiadepamplona.com\\\/actualidad\\\/#\\\/schema\\\/logo\\\/image\\\/\",\"url\":\"https:\\\/\\\/www.laguiadepamplona.com\\\/actualidad\\\/wp-content\\\/uploads\\\/2018\\\/11\\\/logo-laguiadepamplona18-web1.png\",\"contentUrl\":\"https:\\\/\\\/www.laguiadepamplona.com\\\/actualidad\\\/wp-content\\\/uploads\\\/2018\\\/11\\\/logo-laguiadepamplona18-web1.png\",\"width\":600,\"height\":196,\"caption\":\"La Gu\u00eda de Pamplona \\\/ Noticias\"},\"image\":{\"@id\":\"https:\\\/\\\/www.laguiadepamplona.com\\\/actualidad\\\/#\\\/schema\\\/logo\\\/image\\\/\"},\"sameAs\":[\"https:\\\/\\\/www.facebook.com\\\/laguiadepamplonacom-133175176762273\\\/?ref=hl\",\"https:\\\/\\\/x.com\\\/LaGuiadPamplona\",\"https:\\\/\\\/www.instagram.com\\\/la_guia_de_pamplona\\\/\",\"https:\\\/\\\/www.youtube.com\\\/user\\\/laguiadepamplona\"]},{\"@type\":\"Person\",\"@id\":\"https:\\\/\\\/www.laguiadepamplona.com\\\/actualidad\\\/#\\\/schema\\\/person\\\/efe887376f0213d4657c93adc50b1fdb\",\"name\":\"La Gu\u00eda de Pamplona\",\"image\":{\"@type\":\"ImageObject\",\"inLanguage\":\"es\",\"@id\":\"https:\\\/\\\/secure.gravatar.com\\\/avatar\\\/b6992f131dc8d30ab0dff15446e9d346d9dbd95992de0fef795073f5ea83a81c?s=96&d=mm&r=g\",\"url\":\"https:\\\/\\\/secure.gravatar.com\\\/avatar\\\/b6992f131dc8d30ab0dff15446e9d346d9dbd95992de0fef795073f5ea83a81c?s=96&d=mm&r=g\",\"contentUrl\":\"https:\\\/\\\/secure.gravatar.com\\\/avatar\\\/b6992f131dc8d30ab0dff15446e9d346d9dbd95992de0fef795073f5ea83a81c?s=96&d=mm&r=g\",\"caption\":\"La Gu\u00eda de Pamplona\"}}]}<\/script>\n<!-- \/ Yoast SEO plugin. -->","yoast_head_json":{"title":"Ma\u00f1ana comienza el curso para los 42 alumnos de programa piloto de formaci\u00f3n para el empleo del Ayuntamiento de Pamplona en Aranzadi","robots":{"index":"index","follow":"follow","max-snippet":"max-snippet:-1","max-image-preview":"max-image-preview:large","max-video-preview":"max-video-preview:-1"},"canonical":"https:\/\/www.laguiadepamplona.com\/actualidad\/manana-comienza-el-curso-para-los-42-alumnos-de-programa-piloto-de-formacion-para-el-empleo-del-ayuntamiento-de-pamplona-en-aranzadi\/","og_locale":"es_ES","og_type":"article","og_title":"Ma\u00f1ana comienza el curso para los 42 alumnos de programa piloto de formaci\u00f3n para el empleo del Ayuntamiento de Pamplona en Aranzadi","og_description":"La concejala delegada de Acci\u00f3n Social y Desarrollo Comunitario y el director del proyecto han dado esta ma\u00f1ana la bienvenida al alumnado","og_url":"https:\/\/www.laguiadepamplona.com\/actualidad\/manana-comienza-el-curso-para-los-42-alumnos-de-programa-piloto-de-formacion-para-el-empleo-del-ayuntamiento-de-pamplona-en-aranzadi\/","og_site_name":"La Gu\u00eda de Pamplona","article_publisher":"https:\/\/www.facebook.com\/laguiadepamplonacom-133175176762273\/?ref=hl","article_published_time":"2016-11-08T11:07:38+00:00","article_modified_time":"2016-12-07T11:08:14+00:00","og_image":[{"width":1000,"height":666,"url":"https:\/\/www.laguiadepamplona.com\/actualidad\/wp-content\/uploads\/2016\/12\/Aranzadi_formacion_empleo_1.jpg","type":"image\/jpeg"}],"author":"La Gu\u00eda de Pamplona","twitter_card":"summary_large_image","twitter_creator":"@LaGuiadPamplona","twitter_site":"@LaGuiadPamplona","twitter_misc":{"Escrito por":"La Gu\u00eda de Pamplona","Tiempo de lectura":"2 minutos"},"schema":{"@context":"https:\/\/schema.org","@graph":[{"@type":"Article","@id":"https:\/\/www.laguiadepamplona.com\/actualidad\/manana-comienza-el-curso-para-los-42-alumnos-de-programa-piloto-de-formacion-para-el-empleo-del-ayuntamiento-de-pamplona-en-aranzadi\/#article","isPartOf":{"@id":"https:\/\/www.laguiadepamplona.com\/actualidad\/manana-comienza-el-curso-para-los-42-alumnos-de-programa-piloto-de-formacion-para-el-empleo-del-ayuntamiento-de-pamplona-en-aranzadi\/"},"author":{"name":"La Gu\u00eda de Pamplona","@id":"https:\/\/www.laguiadepamplona.com\/actualidad\/#\/schema\/person\/efe887376f0213d4657c93adc50b1fdb"},"headline":"Ma\u00f1ana comienza el curso para los 42 alumnos de programa piloto de formaci\u00f3n para el empleo del Ayuntamiento de Pamplona en Aranzadi","datePublished":"2016-11-08T11:07:38+00:00","dateModified":"2016-12-07T11:08:14+00:00","mainEntityOfPage":{"@id":"https:\/\/www.laguiadepamplona.com\/actualidad\/manana-comienza-el-curso-para-los-42-alumnos-de-programa-piloto-de-formacion-para-el-empleo-del-ayuntamiento-de-pamplona-en-aranzadi\/"},"wordCount":414,"publisher":{"@id":"https:\/\/www.laguiadepamplona.com\/actualidad\/#organization"},"image":{"@id":"https:\/\/www.laguiadepamplona.com\/actualidad\/manana-comienza-el-curso-para-los-42-alumnos-de-programa-piloto-de-formacion-para-el-empleo-del-ayuntamiento-de-pamplona-en-aranzadi\/#primaryimage"},"thumbnailUrl":"https:\/\/www.laguiadepamplona.com\/actualidad\/wp-content\/uploads\/2016\/12\/Aranzadi_formacion_empleo_1.jpg","articleSection":["Ayto Pamplona"],"inLanguage":"es"},{"@type":"WebPage","@id":"https:\/\/www.laguiadepamplona.com\/actualidad\/manana-comienza-el-curso-para-los-42-alumnos-de-programa-piloto-de-formacion-para-el-empleo-del-ayuntamiento-de-pamplona-en-aranzadi\/","url":"https:\/\/www.laguiadepamplona.com\/actualidad\/manana-comienza-el-curso-para-los-42-alumnos-de-programa-piloto-de-formacion-para-el-empleo-del-ayuntamiento-de-pamplona-en-aranzadi\/","name":"Ma\u00f1ana comienza el curso para los 42 alumnos de programa piloto de formaci\u00f3n para el empleo del Ayuntamiento de Pamplona en Aranzadi","isPartOf":{"@id":"https:\/\/www.laguiadepamplona.com\/actualidad\/#website"},"primaryImageOfPage":{"@id":"https:\/\/www.laguiadepamplona.com\/actualidad\/manana-comienza-el-curso-para-los-42-alumnos-de-programa-piloto-de-formacion-para-el-empleo-del-ayuntamiento-de-pamplona-en-aranzadi\/#primaryimage"},"image":{"@id":"https:\/\/www.laguiadepamplona.com\/actualidad\/manana-comienza-el-curso-para-los-42-alumnos-de-programa-piloto-de-formacion-para-el-empleo-del-ayuntamiento-de-pamplona-en-aranzadi\/#primaryimage"},"thumbnailUrl":"https:\/\/www.laguiadepamplona.com\/actualidad\/wp-content\/uploads\/2016\/12\/Aranzadi_formacion_empleo_1.jpg","datePublished":"2016-11-08T11:07:38+00:00","dateModified":"2016-12-07T11:08:14+00:00","breadcrumb":{"@id":"https:\/\/www.laguiadepamplona.com\/actualidad\/manana-comienza-el-curso-para-los-42-alumnos-de-programa-piloto-de-formacion-para-el-empleo-del-ayuntamiento-de-pamplona-en-aranzadi\/#breadcrumb"},"inLanguage":"es","potentialAction":[{"@type":"ReadAction","target":["https:\/\/www.laguiadepamplona.com\/actualidad\/manana-comienza-el-curso-para-los-42-alumnos-de-programa-piloto-de-formacion-para-el-empleo-del-ayuntamiento-de-pamplona-en-aranzadi\/"]}]},{"@type":"ImageObject","inLanguage":"es","@id":"https:\/\/www.laguiadepamplona.com\/actualidad\/manana-comienza-el-curso-para-los-42-alumnos-de-programa-piloto-de-formacion-para-el-empleo-del-ayuntamiento-de-pamplona-en-aranzadi\/#primaryimage","url":"https:\/\/www.laguiadepamplona.com\/actualidad\/wp-content\/uploads\/2016\/12\/Aranzadi_formacion_empleo_1.jpg","contentUrl":"https:\/\/www.laguiadepamplona.com\/actualidad\/wp-content\/uploads\/2016\/12\/Aranzadi_formacion_empleo_1.jpg","width":1000,"height":666},{"@type":"BreadcrumbList","@id":"https:\/\/www.laguiadepamplona.com\/actualidad\/manana-comienza-el-curso-para-los-42-alumnos-de-programa-piloto-de-formacion-para-el-empleo-del-ayuntamiento-de-pamplona-en-aranzadi\/#breadcrumb","itemListElement":[{"@type":"ListItem","position":1,"name":"Portada","item":"https:\/\/www.laguiadepamplona.com\/actualidad\/"},{"@type":"ListItem","position":2,"name":"Ma\u00f1ana comienza el curso para los 42 alumnos de programa piloto de formaci\u00f3n para el empleo del Ayuntamiento de Pamplona en Aranzadi"}]},{"@type":"WebSite","@id":"https:\/\/www.laguiadepamplona.com\/actualidad\/#website","url":"https:\/\/www.laguiadepamplona.com\/actualidad\/","name":"La gu\u00eda de Pamplona","description":"Noticias de Pamplona","publisher":{"@id":"https:\/\/www.laguiadepamplona.com\/actualidad\/#organization"},"potentialAction":[{"@type":"SearchAction","target":{"@type":"EntryPoint","urlTemplate":"https:\/\/www.laguiadepamplona.com\/actualidad\/?s={search_term_string}"},"query-input":{"@type":"PropertyValueSpecification","valueRequired":true,"valueName":"search_term_string"}}],"inLanguage":"es"},{"@type":"Organization","@id":"https:\/\/www.laguiadepamplona.com\/actualidad\/#organization","name":"La Gu\u00eda de Pamplona \/ Noticias","url":"https:\/\/www.laguiadepamplona.com\/actualidad\/","logo":{"@type":"ImageObject","inLanguage":"es","@id":"https:\/\/www.laguiadepamplona.com\/actualidad\/#\/schema\/logo\/image\/","url":"https:\/\/www.laguiadepamplona.com\/actualidad\/wp-content\/uploads\/2018\/11\/logo-laguiadepamplona18-web1.png","contentUrl":"https:\/\/www.laguiadepamplona.com\/actualidad\/wp-content\/uploads\/2018\/11\/logo-laguiadepamplona18-web1.png","width":600,"height":196,"caption":"La Gu\u00eda de Pamplona \/ Noticias"},"image":{"@id":"https:\/\/www.laguiadepamplona.com\/actualidad\/#\/schema\/logo\/image\/"},"sameAs":["https:\/\/www.facebook.com\/laguiadepamplonacom-133175176762273\/?ref=hl","https:\/\/x.com\/LaGuiadPamplona","https:\/\/www.instagram.com\/la_guia_de_pamplona\/","https:\/\/www.youtube.com\/user\/laguiadepamplona"]},{"@type":"Person","@id":"https:\/\/www.laguiadepamplona.com\/actualidad\/#\/schema\/person\/efe887376f0213d4657c93adc50b1fdb","name":"La Gu\u00eda de Pamplona","image":{"@type":"ImageObject","inLanguage":"es","@id":"https:\/\/secure.gravatar.com\/avatar\/b6992f131dc8d30ab0dff15446e9d346d9dbd95992de0fef795073f5ea83a81c?s=96&d=mm&r=g","url":"https:\/\/secure.gravatar.com\/avatar\/b6992f131dc8d30ab0dff15446e9d346d9dbd95992de0fef795073f5ea83a81c?s=96&d=mm&r=g","contentUrl":"https:\/\/secure.gravatar.com\/avatar\/b6992f131dc8d30ab0dff15446e9d346d9dbd95992de0fef795073f5ea83a81c?s=96&d=mm&r=g","caption":"La Gu\u00eda de Pamplona"}}]}},"post_mailing_queue_ids":[],"_links":{"self":[{"href":"https:\/\/www.laguiadepamplona.com\/actualidad\/wp-json\/wp\/v2\/posts\/11193","targetHints":{"allow":["GET"]}}],"collection":[{"href":"https:\/\/www.laguiadepamplona.com\/actualidad\/wp-json\/wp\/v2\/posts"}],"about":[{"href":"https:\/\/www.laguiadepamplona.com\/actualidad\/wp-json\/wp\/v2\/types\/post"}],"author":[{"embeddable":true,"href":"https:\/\/www.laguiadepamplona.com\/actualidad\/wp-json\/wp\/v2\/users\/1"}],"replies":[{"embeddable":true,"href":"https:\/\/www.laguiadepamplona.com\/actualidad\/wp-json\/wp\/v2\/comments?post=11193"}],"version-history":[{"count":0,"href":"https:\/\/www.laguiadepamplona.com\/actualidad\/wp-json\/wp\/v2\/posts\/11193\/revisions"}],"wp:featuredmedia":[{"embeddable":true,"href":"https:\/\/www.laguiadepamplona.com\/actualidad\/wp-json\/wp\/v2\/media\/11194"}],"wp:attachment":[{"href":"https:\/\/www.laguiadepamplona.com\/actualidad\/wp-json\/wp\/v2\/media?parent=11193"}],"wp:term":[{"taxonomy":"category","embeddable":true,"href":"https:\/\/www.laguiadepamplona.com\/actualidad\/wp-json\/wp\/v2\/categories?post=11193"},{"taxonomy":"post_tag","embeddable":true,"href":"https:\/\/www.laguiadepamplona.com\/actualidad\/wp-json\/wp\/v2\/tags?post=11193"}],"curies":[{"name":"wp","href":"https:\/\/api.w.org\/{rel}","templated":true}]}}