{"id":11190,"date":"2016-11-08T12:05:43","date_gmt":"2016-11-08T11:05:43","guid":{"rendered":"http:\/\/laguiadepamplona.es\/actualidad\/?p=11190"},"modified":"2016-12-07T12:07:23","modified_gmt":"2016-12-07T11:07:23","slug":"el-ayuntamiento-comienza-un-accion-formativa-de-atencion-a-la-dependencia-en-la-que-15-personas-se-formaran-para-obtener-certificados-de-profesionalidad","status":"publish","type":"post","link":"https:\/\/www.laguiadepamplona.com\/actualidad\/el-ayuntamiento-comienza-un-accion-formativa-de-atencion-a-la-dependencia-en-la-que-15-personas-se-formaran-para-obtener-certificados-de-profesionalidad\/","title":{"rendered":"El Ayuntamiento comienza un acci\u00f3n formativa de atenci\u00f3n a la dependencia en la que 15 personas se formar\u00e1n para obtener certificados de profesionalidad"},"content":{"rendered":"<h3>El Consistorio aborda con medios propios este programa de mejora de la cualificaci\u00f3n profesional en un sector especialmente feminizado<\/h3>\n<p><!--more--><\/p>\n<p>El Ayuntamiento de Pamplona ha inaugurado hoy la nueva iniciativa de Formaci\u00f3n Para el Empleo abordada con medios propios, en este caso con el contenido de atenci\u00f3n a personas dependientes en instituciones.<\/p>\n<p>La concejala delegada de Acci\u00f3n Social y Desarrollo Comunitario, acompa\u00f1ada por la directora del \u00e1rea, Marisol de la Nava, ha dado la bienvenida esta ma\u00f1ana a las 15 personas que forman el alumnado. Al final de su formaci\u00f3n (31 de marzo) los participantes habr\u00e1n obtenido un certificado de profesionalidad completo en ese \u00e1mbito, adem\u00e1s de formaci\u00f3n complementaria para la mejora de su cualificaci\u00f3n laboral: primeros auxilios, carn\u00e9 de manipulaci\u00f3n de alimentos y b\u00fasqueda activa de empleo. Junto con los m\u00f3dulos de formaci\u00f3n t\u00e9cnica previstos en el certificado, una titulaci\u00f3n que es obligatoria desde este a\u00f1o para trabajar como personal cualificado en instituciones, a lo largo del curso est\u00e1n previstas tres sesiones con especialistas.<\/p>\n<p>Precisamente la incorporaci\u00f3n sociolaboral es el objetivo \u00faltimo de esta acci\u00f3n formativa. De hecho, el porcentaje de inserci\u00f3n laboral del alumnado participante en anteriores proyectos con formato Escuela Taller de Empleo ha superado el 80% y, en muchos casos, las personas que no han obtenido empleo ha sido por regreso al pa\u00eds de origen o asuntos personales. Es, adem\u00e1s, un sector que adolece de baja cualificaci\u00f3n y que est\u00e1 especialmente feminizado, por lo que mejorar las condiciones de desempe\u00f1o contribuye tanto a mejorar la situaci\u00f3n de las trabajadoras del sector, como la atenci\u00f3n que se presta a mayores y dependientes en la ciudad.<\/p>\n<p>El Ayuntamiento de Pamplona ha firmado acuerdos con ocho empresas del sector para la realizaci\u00f3n de pr\u00e1cticas no laborales por parte del alumnado: Solera Asistencial-La Vaguada; Residencia Landaz\u00e1bal-Setenasa Gesti\u00f3n S.L.; Residencia Beloso Alto S.L.; Grupo Amma S.L.U (Multilva y Oblatas); Centro \u2018Ram\u00f3n y Cajal\u2019 de Fundaci\u00f3n Aspace (atenci\u00f3n personal y acompa\u00f1amiento) y SAR Residencial y Asistencial SAU (Centro Valle del Roncal y Centro Las Hayas).<\/p>\n<p>El alumnado, seleccionado por la monitora Eugenia Oliver en colaboraci\u00f3n con el EISOL, proviene de los distintos programas de \u00c1rea de Acci\u00f3n Social y Desarrollo Comunitario del Ayuntamiento de Pamplona. Las clases se impartir\u00e1n en los locales municipales de Errotazar (paseo de Enamorados, 47) que, adem\u00e1s de las aulas y los recursos docentes \u2013incluidos los audiovisuales-, albergan una cocina, una cama articulada y los elementos necesarios para ofrecer esta formaci\u00f3n.<\/p>\n<p>&nbsp;<\/p>\n","protected":false},"excerpt":{"rendered":"<p>El Consistorio aborda con medios propios este programa de mejora de la cualificaci\u00f3n profesional en un sector especialmente feminizado<\/p>\n","protected":false},"author":1,"featured_media":11191,"comment_status":"closed","ping_status":"closed","sticky":false,"template":"","format":"standard","meta":{"footnotes":""},"categories":[2],"tags":[],"class_list":["post-11190","post","type-post","status-publish","format-standard","has-post-thumbnail","hentry","category-ayuntamiento-pamplona"],"yoast_head":"<!-- This site is optimized with the Yoast SEO plugin v27.5 - https:\/\/yoast.com\/product\/yoast-seo-wordpress\/ -->\n<title>El Ayuntamiento comienza un acci\u00f3n formativa de atenci\u00f3n a la dependencia en la que 15 personas se formar\u00e1n para obtener certificados de profesionalidad<\/title>\n<meta name=\"robots\" content=\"index, follow, max-snippet:-1, max-image-preview:large, max-video-preview:-1\" \/>\n<link rel=\"canonical\" href=\"https:\/\/www.laguiadepamplona.com\/actualidad\/el-ayuntamiento-comienza-un-accion-formativa-de-atencion-a-la-dependencia-en-la-que-15-personas-se-formaran-para-obtener-certificados-de-profesionalidad\/\" \/>\n<meta property=\"og:locale\" content=\"es_ES\" \/>\n<meta property=\"og:type\" content=\"article\" \/>\n<meta property=\"og:title\" content=\"El Ayuntamiento comienza un acci\u00f3n formativa de atenci\u00f3n a la dependencia en la que 15 personas se formar\u00e1n para obtener certificados de profesionalidad\" \/>\n<meta property=\"og:description\" content=\"El Consistorio aborda con medios propios este programa de mejora de la cualificaci\u00f3n profesional en un sector especialmente feminizado\" \/>\n<meta property=\"og:url\" content=\"https:\/\/www.laguiadepamplona.com\/actualidad\/el-ayuntamiento-comienza-un-accion-formativa-de-atencion-a-la-dependencia-en-la-que-15-personas-se-formaran-para-obtener-certificados-de-profesionalidad\/\" \/>\n<meta property=\"og:site_name\" content=\"La Gu\u00eda de Pamplona\" \/>\n<meta property=\"article:publisher\" content=\"https:\/\/www.facebook.com\/laguiadepamplonacom-133175176762273\/?ref=hl\" \/>\n<meta property=\"article:published_time\" content=\"2016-11-08T11:05:43+00:00\" \/>\n<meta property=\"article:modified_time\" content=\"2016-12-07T11:07:23+00:00\" \/>\n<meta property=\"og:image\" content=\"https:\/\/www.laguiadepamplona.com\/actualidad\/wp-content\/uploads\/2016\/12\/dependencia_formacion_empleo.jpg\" \/>\n\t<meta property=\"og:image:width\" content=\"1000\" \/>\n\t<meta property=\"og:image:height\" content=\"667\" \/>\n\t<meta property=\"og:image:type\" content=\"image\/jpeg\" \/>\n<meta name=\"author\" content=\"La Gu\u00eda de Pamplona\" \/>\n<meta name=\"twitter:card\" content=\"summary_large_image\" \/>\n<meta name=\"twitter:creator\" content=\"@LaGuiadPamplona\" \/>\n<meta name=\"twitter:site\" content=\"@LaGuiadPamplona\" \/>\n<meta name=\"twitter:label1\" content=\"Escrito por\" \/>\n\t<meta name=\"twitter:data1\" content=\"La Gu\u00eda de Pamplona\" \/>\n\t<meta name=\"twitter:label2\" content=\"Tiempo de lectura\" \/>\n\t<meta name=\"twitter:data2\" content=\"2 minutos\" \/>\n<script type=\"application\/ld+json\" class=\"yoast-schema-graph\">{\"@context\":\"https:\\\/\\\/schema.org\",\"@graph\":[{\"@type\":\"Article\",\"@id\":\"https:\\\/\\\/www.laguiadepamplona.com\\\/actualidad\\\/el-ayuntamiento-comienza-un-accion-formativa-de-atencion-a-la-dependencia-en-la-que-15-personas-se-formaran-para-obtener-certificados-de-profesionalidad\\\/#article\",\"isPartOf\":{\"@id\":\"https:\\\/\\\/www.laguiadepamplona.com\\\/actualidad\\\/el-ayuntamiento-comienza-un-accion-formativa-de-atencion-a-la-dependencia-en-la-que-15-personas-se-formaran-para-obtener-certificados-de-profesionalidad\\\/\"},\"author\":{\"name\":\"La Gu\u00eda de Pamplona\",\"@id\":\"https:\\\/\\\/www.laguiadepamplona.com\\\/actualidad\\\/#\\\/schema\\\/person\\\/efe887376f0213d4657c93adc50b1fdb\"},\"headline\":\"El Ayuntamiento comienza un acci\u00f3n formativa de atenci\u00f3n a la dependencia en la que 15 personas se formar\u00e1n para obtener certificados de profesionalidad\",\"datePublished\":\"2016-11-08T11:05:43+00:00\",\"dateModified\":\"2016-12-07T11:07:23+00:00\",\"mainEntityOfPage\":{\"@id\":\"https:\\\/\\\/www.laguiadepamplona.com\\\/actualidad\\\/el-ayuntamiento-comienza-un-accion-formativa-de-atencion-a-la-dependencia-en-la-que-15-personas-se-formaran-para-obtener-certificados-de-profesionalidad\\\/\"},\"wordCount\":469,\"publisher\":{\"@id\":\"https:\\\/\\\/www.laguiadepamplona.com\\\/actualidad\\\/#organization\"},\"image\":{\"@id\":\"https:\\\/\\\/www.laguiadepamplona.com\\\/actualidad\\\/el-ayuntamiento-comienza-un-accion-formativa-de-atencion-a-la-dependencia-en-la-que-15-personas-se-formaran-para-obtener-certificados-de-profesionalidad\\\/#primaryimage\"},\"thumbnailUrl\":\"https:\\\/\\\/www.laguiadepamplona.com\\\/actualidad\\\/wp-content\\\/uploads\\\/2016\\\/12\\\/dependencia_formacion_empleo.jpg\",\"articleSection\":[\"Ayto Pamplona\"],\"inLanguage\":\"es\"},{\"@type\":\"WebPage\",\"@id\":\"https:\\\/\\\/www.laguiadepamplona.com\\\/actualidad\\\/el-ayuntamiento-comienza-un-accion-formativa-de-atencion-a-la-dependencia-en-la-que-15-personas-se-formaran-para-obtener-certificados-de-profesionalidad\\\/\",\"url\":\"https:\\\/\\\/www.laguiadepamplona.com\\\/actualidad\\\/el-ayuntamiento-comienza-un-accion-formativa-de-atencion-a-la-dependencia-en-la-que-15-personas-se-formaran-para-obtener-certificados-de-profesionalidad\\\/\",\"name\":\"El Ayuntamiento comienza un acci\u00f3n formativa de atenci\u00f3n a la dependencia en la que 15 personas se formar\u00e1n para obtener certificados de profesionalidad\",\"isPartOf\":{\"@id\":\"https:\\\/\\\/www.laguiadepamplona.com\\\/actualidad\\\/#website\"},\"primaryImageOfPage\":{\"@id\":\"https:\\\/\\\/www.laguiadepamplona.com\\\/actualidad\\\/el-ayuntamiento-comienza-un-accion-formativa-de-atencion-a-la-dependencia-en-la-que-15-personas-se-formaran-para-obtener-certificados-de-profesionalidad\\\/#primaryimage\"},\"image\":{\"@id\":\"https:\\\/\\\/www.laguiadepamplona.com\\\/actualidad\\\/el-ayuntamiento-comienza-un-accion-formativa-de-atencion-a-la-dependencia-en-la-que-15-personas-se-formaran-para-obtener-certificados-de-profesionalidad\\\/#primaryimage\"},\"thumbnailUrl\":\"https:\\\/\\\/www.laguiadepamplona.com\\\/actualidad\\\/wp-content\\\/uploads\\\/2016\\\/12\\\/dependencia_formacion_empleo.jpg\",\"datePublished\":\"2016-11-08T11:05:43+00:00\",\"dateModified\":\"2016-12-07T11:07:23+00:00\",\"breadcrumb\":{\"@id\":\"https:\\\/\\\/www.laguiadepamplona.com\\\/actualidad\\\/el-ayuntamiento-comienza-un-accion-formativa-de-atencion-a-la-dependencia-en-la-que-15-personas-se-formaran-para-obtener-certificados-de-profesionalidad\\\/#breadcrumb\"},\"inLanguage\":\"es\",\"potentialAction\":[{\"@type\":\"ReadAction\",\"target\":[\"https:\\\/\\\/www.laguiadepamplona.com\\\/actualidad\\\/el-ayuntamiento-comienza-un-accion-formativa-de-atencion-a-la-dependencia-en-la-que-15-personas-se-formaran-para-obtener-certificados-de-profesionalidad\\\/\"]}]},{\"@type\":\"ImageObject\",\"inLanguage\":\"es\",\"@id\":\"https:\\\/\\\/www.laguiadepamplona.com\\\/actualidad\\\/el-ayuntamiento-comienza-un-accion-formativa-de-atencion-a-la-dependencia-en-la-que-15-personas-se-formaran-para-obtener-certificados-de-profesionalidad\\\/#primaryimage\",\"url\":\"https:\\\/\\\/www.laguiadepamplona.com\\\/actualidad\\\/wp-content\\\/uploads\\\/2016\\\/12\\\/dependencia_formacion_empleo.jpg\",\"contentUrl\":\"https:\\\/\\\/www.laguiadepamplona.com\\\/actualidad\\\/wp-content\\\/uploads\\\/2016\\\/12\\\/dependencia_formacion_empleo.jpg\",\"width\":1000,\"height\":667},{\"@type\":\"BreadcrumbList\",\"@id\":\"https:\\\/\\\/www.laguiadepamplona.com\\\/actualidad\\\/el-ayuntamiento-comienza-un-accion-formativa-de-atencion-a-la-dependencia-en-la-que-15-personas-se-formaran-para-obtener-certificados-de-profesionalidad\\\/#breadcrumb\",\"itemListElement\":[{\"@type\":\"ListItem\",\"position\":1,\"name\":\"Portada\",\"item\":\"https:\\\/\\\/www.laguiadepamplona.com\\\/actualidad\\\/\"},{\"@type\":\"ListItem\",\"position\":2,\"name\":\"El Ayuntamiento comienza un acci\u00f3n formativa de atenci\u00f3n a la dependencia en la que 15 personas se formar\u00e1n para obtener certificados de profesionalidad\"}]},{\"@type\":\"WebSite\",\"@id\":\"https:\\\/\\\/www.laguiadepamplona.com\\\/actualidad\\\/#website\",\"url\":\"https:\\\/\\\/www.laguiadepamplona.com\\\/actualidad\\\/\",\"name\":\"La gu\u00eda de Pamplona\",\"description\":\"Noticias de Pamplona\",\"publisher\":{\"@id\":\"https:\\\/\\\/www.laguiadepamplona.com\\\/actualidad\\\/#organization\"},\"potentialAction\":[{\"@type\":\"SearchAction\",\"target\":{\"@type\":\"EntryPoint\",\"urlTemplate\":\"https:\\\/\\\/www.laguiadepamplona.com\\\/actualidad\\\/?s={search_term_string}\"},\"query-input\":{\"@type\":\"PropertyValueSpecification\",\"valueRequired\":true,\"valueName\":\"search_term_string\"}}],\"inLanguage\":\"es\"},{\"@type\":\"Organization\",\"@id\":\"https:\\\/\\\/www.laguiadepamplona.com\\\/actualidad\\\/#organization\",\"name\":\"La Gu\u00eda de Pamplona \\\/ Noticias\",\"url\":\"https:\\\/\\\/www.laguiadepamplona.com\\\/actualidad\\\/\",\"logo\":{\"@type\":\"ImageObject\",\"inLanguage\":\"es\",\"@id\":\"https:\\\/\\\/www.laguiadepamplona.com\\\/actualidad\\\/#\\\/schema\\\/logo\\\/image\\\/\",\"url\":\"https:\\\/\\\/www.laguiadepamplona.com\\\/actualidad\\\/wp-content\\\/uploads\\\/2018\\\/11\\\/logo-laguiadepamplona18-web1.png\",\"contentUrl\":\"https:\\\/\\\/www.laguiadepamplona.com\\\/actualidad\\\/wp-content\\\/uploads\\\/2018\\\/11\\\/logo-laguiadepamplona18-web1.png\",\"width\":600,\"height\":196,\"caption\":\"La Gu\u00eda de Pamplona \\\/ Noticias\"},\"image\":{\"@id\":\"https:\\\/\\\/www.laguiadepamplona.com\\\/actualidad\\\/#\\\/schema\\\/logo\\\/image\\\/\"},\"sameAs\":[\"https:\\\/\\\/www.facebook.com\\\/laguiadepamplonacom-133175176762273\\\/?ref=hl\",\"https:\\\/\\\/x.com\\\/LaGuiadPamplona\",\"https:\\\/\\\/www.instagram.com\\\/la_guia_de_pamplona\\\/\",\"https:\\\/\\\/www.youtube.com\\\/user\\\/laguiadepamplona\"]},{\"@type\":\"Person\",\"@id\":\"https:\\\/\\\/www.laguiadepamplona.com\\\/actualidad\\\/#\\\/schema\\\/person\\\/efe887376f0213d4657c93adc50b1fdb\",\"name\":\"La Gu\u00eda de Pamplona\",\"image\":{\"@type\":\"ImageObject\",\"inLanguage\":\"es\",\"@id\":\"https:\\\/\\\/secure.gravatar.com\\\/avatar\\\/b6992f131dc8d30ab0dff15446e9d346d9dbd95992de0fef795073f5ea83a81c?s=96&d=mm&r=g\",\"url\":\"https:\\\/\\\/secure.gravatar.com\\\/avatar\\\/b6992f131dc8d30ab0dff15446e9d346d9dbd95992de0fef795073f5ea83a81c?s=96&d=mm&r=g\",\"contentUrl\":\"https:\\\/\\\/secure.gravatar.com\\\/avatar\\\/b6992f131dc8d30ab0dff15446e9d346d9dbd95992de0fef795073f5ea83a81c?s=96&d=mm&r=g\",\"caption\":\"La Gu\u00eda de Pamplona\"}}]}<\/script>\n<!-- \/ Yoast SEO plugin. -->","yoast_head_json":{"title":"El Ayuntamiento comienza un acci\u00f3n formativa de atenci\u00f3n a la dependencia en la que 15 personas se formar\u00e1n para obtener certificados de profesionalidad","robots":{"index":"index","follow":"follow","max-snippet":"max-snippet:-1","max-image-preview":"max-image-preview:large","max-video-preview":"max-video-preview:-1"},"canonical":"https:\/\/www.laguiadepamplona.com\/actualidad\/el-ayuntamiento-comienza-un-accion-formativa-de-atencion-a-la-dependencia-en-la-que-15-personas-se-formaran-para-obtener-certificados-de-profesionalidad\/","og_locale":"es_ES","og_type":"article","og_title":"El Ayuntamiento comienza un acci\u00f3n formativa de atenci\u00f3n a la dependencia en la que 15 personas se formar\u00e1n para obtener certificados de profesionalidad","og_description":"El Consistorio aborda con medios propios este programa de mejora de la cualificaci\u00f3n profesional en un sector especialmente feminizado","og_url":"https:\/\/www.laguiadepamplona.com\/actualidad\/el-ayuntamiento-comienza-un-accion-formativa-de-atencion-a-la-dependencia-en-la-que-15-personas-se-formaran-para-obtener-certificados-de-profesionalidad\/","og_site_name":"La Gu\u00eda de Pamplona","article_publisher":"https:\/\/www.facebook.com\/laguiadepamplonacom-133175176762273\/?ref=hl","article_published_time":"2016-11-08T11:05:43+00:00","article_modified_time":"2016-12-07T11:07:23+00:00","og_image":[{"width":1000,"height":667,"url":"https:\/\/www.laguiadepamplona.com\/actualidad\/wp-content\/uploads\/2016\/12\/dependencia_formacion_empleo.jpg","type":"image\/jpeg"}],"author":"La Gu\u00eda de Pamplona","twitter_card":"summary_large_image","twitter_creator":"@LaGuiadPamplona","twitter_site":"@LaGuiadPamplona","twitter_misc":{"Escrito por":"La Gu\u00eda de Pamplona","Tiempo de lectura":"2 minutos"},"schema":{"@context":"https:\/\/schema.org","@graph":[{"@type":"Article","@id":"https:\/\/www.laguiadepamplona.com\/actualidad\/el-ayuntamiento-comienza-un-accion-formativa-de-atencion-a-la-dependencia-en-la-que-15-personas-se-formaran-para-obtener-certificados-de-profesionalidad\/#article","isPartOf":{"@id":"https:\/\/www.laguiadepamplona.com\/actualidad\/el-ayuntamiento-comienza-un-accion-formativa-de-atencion-a-la-dependencia-en-la-que-15-personas-se-formaran-para-obtener-certificados-de-profesionalidad\/"},"author":{"name":"La Gu\u00eda de Pamplona","@id":"https:\/\/www.laguiadepamplona.com\/actualidad\/#\/schema\/person\/efe887376f0213d4657c93adc50b1fdb"},"headline":"El Ayuntamiento comienza un acci\u00f3n formativa de atenci\u00f3n a la dependencia en la que 15 personas se formar\u00e1n para obtener certificados de profesionalidad","datePublished":"2016-11-08T11:05:43+00:00","dateModified":"2016-12-07T11:07:23+00:00","mainEntityOfPage":{"@id":"https:\/\/www.laguiadepamplona.com\/actualidad\/el-ayuntamiento-comienza-un-accion-formativa-de-atencion-a-la-dependencia-en-la-que-15-personas-se-formaran-para-obtener-certificados-de-profesionalidad\/"},"wordCount":469,"publisher":{"@id":"https:\/\/www.laguiadepamplona.com\/actualidad\/#organization"},"image":{"@id":"https:\/\/www.laguiadepamplona.com\/actualidad\/el-ayuntamiento-comienza-un-accion-formativa-de-atencion-a-la-dependencia-en-la-que-15-personas-se-formaran-para-obtener-certificados-de-profesionalidad\/#primaryimage"},"thumbnailUrl":"https:\/\/www.laguiadepamplona.com\/actualidad\/wp-content\/uploads\/2016\/12\/dependencia_formacion_empleo.jpg","articleSection":["Ayto Pamplona"],"inLanguage":"es"},{"@type":"WebPage","@id":"https:\/\/www.laguiadepamplona.com\/actualidad\/el-ayuntamiento-comienza-un-accion-formativa-de-atencion-a-la-dependencia-en-la-que-15-personas-se-formaran-para-obtener-certificados-de-profesionalidad\/","url":"https:\/\/www.laguiadepamplona.com\/actualidad\/el-ayuntamiento-comienza-un-accion-formativa-de-atencion-a-la-dependencia-en-la-que-15-personas-se-formaran-para-obtener-certificados-de-profesionalidad\/","name":"El Ayuntamiento comienza un acci\u00f3n formativa de atenci\u00f3n a la dependencia en la que 15 personas se formar\u00e1n para obtener certificados de profesionalidad","isPartOf":{"@id":"https:\/\/www.laguiadepamplona.com\/actualidad\/#website"},"primaryImageOfPage":{"@id":"https:\/\/www.laguiadepamplona.com\/actualidad\/el-ayuntamiento-comienza-un-accion-formativa-de-atencion-a-la-dependencia-en-la-que-15-personas-se-formaran-para-obtener-certificados-de-profesionalidad\/#primaryimage"},"image":{"@id":"https:\/\/www.laguiadepamplona.com\/actualidad\/el-ayuntamiento-comienza-un-accion-formativa-de-atencion-a-la-dependencia-en-la-que-15-personas-se-formaran-para-obtener-certificados-de-profesionalidad\/#primaryimage"},"thumbnailUrl":"https:\/\/www.laguiadepamplona.com\/actualidad\/wp-content\/uploads\/2016\/12\/dependencia_formacion_empleo.jpg","datePublished":"2016-11-08T11:05:43+00:00","dateModified":"2016-12-07T11:07:23+00:00","breadcrumb":{"@id":"https:\/\/www.laguiadepamplona.com\/actualidad\/el-ayuntamiento-comienza-un-accion-formativa-de-atencion-a-la-dependencia-en-la-que-15-personas-se-formaran-para-obtener-certificados-de-profesionalidad\/#breadcrumb"},"inLanguage":"es","potentialAction":[{"@type":"ReadAction","target":["https:\/\/www.laguiadepamplona.com\/actualidad\/el-ayuntamiento-comienza-un-accion-formativa-de-atencion-a-la-dependencia-en-la-que-15-personas-se-formaran-para-obtener-certificados-de-profesionalidad\/"]}]},{"@type":"ImageObject","inLanguage":"es","@id":"https:\/\/www.laguiadepamplona.com\/actualidad\/el-ayuntamiento-comienza-un-accion-formativa-de-atencion-a-la-dependencia-en-la-que-15-personas-se-formaran-para-obtener-certificados-de-profesionalidad\/#primaryimage","url":"https:\/\/www.laguiadepamplona.com\/actualidad\/wp-content\/uploads\/2016\/12\/dependencia_formacion_empleo.jpg","contentUrl":"https:\/\/www.laguiadepamplona.com\/actualidad\/wp-content\/uploads\/2016\/12\/dependencia_formacion_empleo.jpg","width":1000,"height":667},{"@type":"BreadcrumbList","@id":"https:\/\/www.laguiadepamplona.com\/actualidad\/el-ayuntamiento-comienza-un-accion-formativa-de-atencion-a-la-dependencia-en-la-que-15-personas-se-formaran-para-obtener-certificados-de-profesionalidad\/#breadcrumb","itemListElement":[{"@type":"ListItem","position":1,"name":"Portada","item":"https:\/\/www.laguiadepamplona.com\/actualidad\/"},{"@type":"ListItem","position":2,"name":"El Ayuntamiento comienza un acci\u00f3n formativa de atenci\u00f3n a la dependencia en la que 15 personas se formar\u00e1n para obtener certificados de profesionalidad"}]},{"@type":"WebSite","@id":"https:\/\/www.laguiadepamplona.com\/actualidad\/#website","url":"https:\/\/www.laguiadepamplona.com\/actualidad\/","name":"La gu\u00eda de Pamplona","description":"Noticias de Pamplona","publisher":{"@id":"https:\/\/www.laguiadepamplona.com\/actualidad\/#organization"},"potentialAction":[{"@type":"SearchAction","target":{"@type":"EntryPoint","urlTemplate":"https:\/\/www.laguiadepamplona.com\/actualidad\/?s={search_term_string}"},"query-input":{"@type":"PropertyValueSpecification","valueRequired":true,"valueName":"search_term_string"}}],"inLanguage":"es"},{"@type":"Organization","@id":"https:\/\/www.laguiadepamplona.com\/actualidad\/#organization","name":"La Gu\u00eda de Pamplona \/ Noticias","url":"https:\/\/www.laguiadepamplona.com\/actualidad\/","logo":{"@type":"ImageObject","inLanguage":"es","@id":"https:\/\/www.laguiadepamplona.com\/actualidad\/#\/schema\/logo\/image\/","url":"https:\/\/www.laguiadepamplona.com\/actualidad\/wp-content\/uploads\/2018\/11\/logo-laguiadepamplona18-web1.png","contentUrl":"https:\/\/www.laguiadepamplona.com\/actualidad\/wp-content\/uploads\/2018\/11\/logo-laguiadepamplona18-web1.png","width":600,"height":196,"caption":"La Gu\u00eda de Pamplona \/ Noticias"},"image":{"@id":"https:\/\/www.laguiadepamplona.com\/actualidad\/#\/schema\/logo\/image\/"},"sameAs":["https:\/\/www.facebook.com\/laguiadepamplonacom-133175176762273\/?ref=hl","https:\/\/x.com\/LaGuiadPamplona","https:\/\/www.instagram.com\/la_guia_de_pamplona\/","https:\/\/www.youtube.com\/user\/laguiadepamplona"]},{"@type":"Person","@id":"https:\/\/www.laguiadepamplona.com\/actualidad\/#\/schema\/person\/efe887376f0213d4657c93adc50b1fdb","name":"La Gu\u00eda de Pamplona","image":{"@type":"ImageObject","inLanguage":"es","@id":"https:\/\/secure.gravatar.com\/avatar\/b6992f131dc8d30ab0dff15446e9d346d9dbd95992de0fef795073f5ea83a81c?s=96&d=mm&r=g","url":"https:\/\/secure.gravatar.com\/avatar\/b6992f131dc8d30ab0dff15446e9d346d9dbd95992de0fef795073f5ea83a81c?s=96&d=mm&r=g","contentUrl":"https:\/\/secure.gravatar.com\/avatar\/b6992f131dc8d30ab0dff15446e9d346d9dbd95992de0fef795073f5ea83a81c?s=96&d=mm&r=g","caption":"La Gu\u00eda de Pamplona"}}]}},"post_mailing_queue_ids":[],"_links":{"self":[{"href":"https:\/\/www.laguiadepamplona.com\/actualidad\/wp-json\/wp\/v2\/posts\/11190","targetHints":{"allow":["GET"]}}],"collection":[{"href":"https:\/\/www.laguiadepamplona.com\/actualidad\/wp-json\/wp\/v2\/posts"}],"about":[{"href":"https:\/\/www.laguiadepamplona.com\/actualidad\/wp-json\/wp\/v2\/types\/post"}],"author":[{"embeddable":true,"href":"https:\/\/www.laguiadepamplona.com\/actualidad\/wp-json\/wp\/v2\/users\/1"}],"replies":[{"embeddable":true,"href":"https:\/\/www.laguiadepamplona.com\/actualidad\/wp-json\/wp\/v2\/comments?post=11190"}],"version-history":[{"count":0,"href":"https:\/\/www.laguiadepamplona.com\/actualidad\/wp-json\/wp\/v2\/posts\/11190\/revisions"}],"wp:featuredmedia":[{"embeddable":true,"href":"https:\/\/www.laguiadepamplona.com\/actualidad\/wp-json\/wp\/v2\/media\/11191"}],"wp:attachment":[{"href":"https:\/\/www.laguiadepamplona.com\/actualidad\/wp-json\/wp\/v2\/media?parent=11190"}],"wp:term":[{"taxonomy":"category","embeddable":true,"href":"https:\/\/www.laguiadepamplona.com\/actualidad\/wp-json\/wp\/v2\/categories?post=11190"},{"taxonomy":"post_tag","embeddable":true,"href":"https:\/\/www.laguiadepamplona.com\/actualidad\/wp-json\/wp\/v2\/tags?post=11190"}],"curies":[{"name":"wp","href":"https:\/\/api.w.org\/{rel}","templated":true}]}}