{"id":10870,"date":"2016-08-12T18:20:48","date_gmt":"2016-08-12T16:20:48","guid":{"rendered":"http:\/\/laguiadepamplona.com\/actualidad\/?p=10870"},"modified":"2016-08-12T18:20:48","modified_gmt":"2016-08-12T16:20:48","slug":"la-comparsa-de-gigantes-de-pamplona-participara-este-domingo-en-el-alarde-de-gigantes-en-el-marco-de-la-capitalidad-cultural-2016","status":"publish","type":"post","link":"https:\/\/www.laguiadepamplona.com\/actualidad\/la-comparsa-de-gigantes-de-pamplona-participara-este-domingo-en-el-alarde-de-gigantes-en-el-marco-de-la-capitalidad-cultural-2016\/","title":{"rendered":"La Comparsa de Gigantes de Pamplona participar\u00e1 este domingo en el \u2018Alarde de gigantes\u2019 en el marco de la capitalidad cultural 2016"},"content":{"rendered":"<h4><span lang=\"ES-TRAD\">54 personas se desplazar\u00e1n para hacer desfilar a los ocho gigantes del Ayuntamiento de Pamplona<\/span><\/h4>\n<p class=\"Textonota\"><a href=\"http:\/\/laguiadepamplona.com\/actualidad\/wp-content\/uploads\/2015\/06\/comparsa-gigantes-cabezudos-pamplona.jpg\"><img loading=\"lazy\" decoding=\"async\" class=\"alignleft size-medium wp-image-6394\" src=\"http:\/\/laguiadepamplona.com\/actualidad\/wp-content\/uploads\/2015\/06\/comparsa-gigantes-cabezudos-pamplona-300x200.jpg\" alt=\"comparsa-gigantes-cabezudos-pamplona\" width=\"300\" height=\"200\" \/><\/a>Este domingo en San Sebasti\u00e1n habr\u00e1 una concentraci\u00f3n de gigantes en la Semana Grande donostiarra, que se enmarcar\u00e1 en la celebraci\u00f3n durante todo el a\u00f1o de la designaci\u00f3n de San Sebasti\u00e1n como Capital Europea de la Cultura. Mediante este acto, que contar\u00e1 con la participaci\u00f3n de la Comparsa de Gigantes de Pamplona, as\u00ed como las de Vitoria y Bilbao, el consistorio donostiarra compartir\u00e1 la capitalidad cultural con las ciudades vecinas. Hasta la capital guipuzcoana se trasladar\u00e1n 54 personas, entre portadores, bandas de gaiteros y txistularis.<\/p>\n<p class=\"Textonota\">Los gigantes y su comitiva saldr\u00e1n a las 11 horas de la plaza Zuloaga y desfilar\u00e1n por las calles hasta la hora de la comida en Gipuzkoa plaza, donde se montar\u00e1 un \u2018Photocall gigante\u2019. A las 17.30 horas las ocho figuras y sus acompa\u00f1antes reiniciar\u00e1n la marcha, hasta volver al punto de salida.<\/p>\n<p class=\"Textonota\">Por esta participaci\u00f3n en sus fiestas el Consistorio donostiarra abonar\u00e1 la comparsa 5.165 euros, mientras que el Ayuntamiento de Pamplona, propietario de las figuras, autoriza y se hace cargo de los costes de su traslado, y de los del seguro de cobertura, lo que supone aproximadamente unos 1.600 euros.<\/p>\n<p class=\"Textonota\">\n","protected":false},"excerpt":{"rendered":"<p>54 personas se desplazar\u00e1n para hacer desfilar a los ocho gigantes del Ayuntamiento de Pamplona Este domingo en San Sebasti\u00e1n habr\u00e1 una concentraci\u00f3n de gigantes en la Semana Grande donostiarra,&#8230;<\/p>\n","protected":false},"author":1,"featured_media":6394,"comment_status":"closed","ping_status":"closed","sticky":false,"template":"","format":"standard","meta":{"footnotes":""},"categories":[2],"tags":[5929,5,9350,6,509,7171,9351,2478,4055,2589,6111,2480,8,9,6114],"class_list":["post-10870","post","type-post","status-publish","format-standard","has-post-thumbnail","hentry","category-ayuntamiento-pamplona","tag-5929","tag-actualidad","tag-alarde-de-gigantes","tag-ayto-pamplona","tag-ayuntamiento-de-pamplona","tag-cabezudos","tag-capitalidad","tag-comparsa","tag-cultural","tag-domingo","tag-donosti","tag-gigantes","tag-noticias","tag-pamplona","tag-san-sebastian"],"yoast_head":"<!-- This site is optimized with the Yoast SEO plugin v27.5 - https:\/\/yoast.com\/product\/yoast-seo-wordpress\/ -->\n<title>La Comparsa de Gigantes de Pamplona participar\u00e1 este domingo en el \u2018Alarde de gigantes\u2019 en el marco de la capitalidad cultural 2016<\/title>\n<meta name=\"robots\" content=\"index, follow, max-snippet:-1, max-image-preview:large, max-video-preview:-1\" \/>\n<link rel=\"canonical\" href=\"https:\/\/www.laguiadepamplona.com\/actualidad\/la-comparsa-de-gigantes-de-pamplona-participara-este-domingo-en-el-alarde-de-gigantes-en-el-marco-de-la-capitalidad-cultural-2016\/\" \/>\n<meta property=\"og:locale\" content=\"es_ES\" \/>\n<meta property=\"og:type\" content=\"article\" \/>\n<meta property=\"og:title\" content=\"La Comparsa de Gigantes de Pamplona participar\u00e1 este domingo en el \u2018Alarde de gigantes\u2019 en el marco de la capitalidad cultural 2016\" \/>\n<meta property=\"og:description\" content=\"54 personas se desplazar\u00e1n para hacer desfilar a los ocho gigantes del Ayuntamiento de Pamplona Este domingo en San Sebasti\u00e1n habr\u00e1 una concentraci\u00f3n de gigantes en la Semana Grande donostiarra,...\" \/>\n<meta property=\"og:url\" content=\"https:\/\/www.laguiadepamplona.com\/actualidad\/la-comparsa-de-gigantes-de-pamplona-participara-este-domingo-en-el-alarde-de-gigantes-en-el-marco-de-la-capitalidad-cultural-2016\/\" \/>\n<meta property=\"og:site_name\" content=\"La Gu\u00eda de Pamplona\" \/>\n<meta property=\"article:publisher\" content=\"https:\/\/www.facebook.com\/laguiadepamplonacom-133175176762273\/?ref=hl\" \/>\n<meta property=\"article:published_time\" content=\"2016-08-12T16:20:48+00:00\" \/>\n<meta name=\"author\" content=\"La Gu\u00eda de Pamplona\" \/>\n<meta name=\"twitter:card\" content=\"summary_large_image\" \/>\n<meta name=\"twitter:creator\" content=\"@LaGuiadPamplona\" \/>\n<meta name=\"twitter:site\" content=\"@LaGuiadPamplona\" \/>\n<meta name=\"twitter:label1\" content=\"Escrito por\" \/>\n\t<meta name=\"twitter:data1\" content=\"La Gu\u00eda de Pamplona\" \/>\n\t<meta name=\"twitter:label2\" content=\"Tiempo de lectura\" \/>\n\t<meta name=\"twitter:data2\" content=\"1 minuto\" \/>\n<script type=\"application\/ld+json\" class=\"yoast-schema-graph\">{\"@context\":\"https:\\\/\\\/schema.org\",\"@graph\":[{\"@type\":\"Article\",\"@id\":\"https:\\\/\\\/www.laguiadepamplona.com\\\/actualidad\\\/la-comparsa-de-gigantes-de-pamplona-participara-este-domingo-en-el-alarde-de-gigantes-en-el-marco-de-la-capitalidad-cultural-2016\\\/#article\",\"isPartOf\":{\"@id\":\"https:\\\/\\\/www.laguiadepamplona.com\\\/actualidad\\\/la-comparsa-de-gigantes-de-pamplona-participara-este-domingo-en-el-alarde-de-gigantes-en-el-marco-de-la-capitalidad-cultural-2016\\\/\"},\"author\":{\"name\":\"La Gu\u00eda de Pamplona\",\"@id\":\"https:\\\/\\\/www.laguiadepamplona.com\\\/actualidad\\\/#\\\/schema\\\/person\\\/efe887376f0213d4657c93adc50b1fdb\"},\"headline\":\"La Comparsa de Gigantes de Pamplona participar\u00e1 este domingo en el \u2018Alarde de gigantes\u2019 en el marco de la capitalidad cultural 2016\",\"datePublished\":\"2016-08-12T16:20:48+00:00\",\"mainEntityOfPage\":{\"@id\":\"https:\\\/\\\/www.laguiadepamplona.com\\\/actualidad\\\/la-comparsa-de-gigantes-de-pamplona-participara-este-domingo-en-el-alarde-de-gigantes-en-el-marco-de-la-capitalidad-cultural-2016\\\/\"},\"wordCount\":231,\"publisher\":{\"@id\":\"https:\\\/\\\/www.laguiadepamplona.com\\\/actualidad\\\/#organization\"},\"image\":{\"@id\":\"https:\\\/\\\/www.laguiadepamplona.com\\\/actualidad\\\/la-comparsa-de-gigantes-de-pamplona-participara-este-domingo-en-el-alarde-de-gigantes-en-el-marco-de-la-capitalidad-cultural-2016\\\/#primaryimage\"},\"thumbnailUrl\":\"\",\"keywords\":[\"2016\",\"actualidad\",\"alarde de gigantes\",\"ayto pamplona\",\"Ayuntamiento de Pamplona\",\"cabezudos\",\"capitalidad\",\"comparsa\",\"cultural\",\"domingo\",\"Donosti\",\"gigantes\",\"noticias\",\"pamplona\",\"San Sebasti\u00e1n\"],\"articleSection\":[\"Ayto Pamplona\"],\"inLanguage\":\"es\"},{\"@type\":\"WebPage\",\"@id\":\"https:\\\/\\\/www.laguiadepamplona.com\\\/actualidad\\\/la-comparsa-de-gigantes-de-pamplona-participara-este-domingo-en-el-alarde-de-gigantes-en-el-marco-de-la-capitalidad-cultural-2016\\\/\",\"url\":\"https:\\\/\\\/www.laguiadepamplona.com\\\/actualidad\\\/la-comparsa-de-gigantes-de-pamplona-participara-este-domingo-en-el-alarde-de-gigantes-en-el-marco-de-la-capitalidad-cultural-2016\\\/\",\"name\":\"La Comparsa de Gigantes de Pamplona participar\u00e1 este domingo en el \u2018Alarde de gigantes\u2019 en el marco de la capitalidad cultural 2016\",\"isPartOf\":{\"@id\":\"https:\\\/\\\/www.laguiadepamplona.com\\\/actualidad\\\/#website\"},\"primaryImageOfPage\":{\"@id\":\"https:\\\/\\\/www.laguiadepamplona.com\\\/actualidad\\\/la-comparsa-de-gigantes-de-pamplona-participara-este-domingo-en-el-alarde-de-gigantes-en-el-marco-de-la-capitalidad-cultural-2016\\\/#primaryimage\"},\"image\":{\"@id\":\"https:\\\/\\\/www.laguiadepamplona.com\\\/actualidad\\\/la-comparsa-de-gigantes-de-pamplona-participara-este-domingo-en-el-alarde-de-gigantes-en-el-marco-de-la-capitalidad-cultural-2016\\\/#primaryimage\"},\"thumbnailUrl\":\"\",\"datePublished\":\"2016-08-12T16:20:48+00:00\",\"breadcrumb\":{\"@id\":\"https:\\\/\\\/www.laguiadepamplona.com\\\/actualidad\\\/la-comparsa-de-gigantes-de-pamplona-participara-este-domingo-en-el-alarde-de-gigantes-en-el-marco-de-la-capitalidad-cultural-2016\\\/#breadcrumb\"},\"inLanguage\":\"es\",\"potentialAction\":[{\"@type\":\"ReadAction\",\"target\":[\"https:\\\/\\\/www.laguiadepamplona.com\\\/actualidad\\\/la-comparsa-de-gigantes-de-pamplona-participara-este-domingo-en-el-alarde-de-gigantes-en-el-marco-de-la-capitalidad-cultural-2016\\\/\"]}]},{\"@type\":\"ImageObject\",\"inLanguage\":\"es\",\"@id\":\"https:\\\/\\\/www.laguiadepamplona.com\\\/actualidad\\\/la-comparsa-de-gigantes-de-pamplona-participara-este-domingo-en-el-alarde-de-gigantes-en-el-marco-de-la-capitalidad-cultural-2016\\\/#primaryimage\",\"url\":\"\",\"contentUrl\":\"\"},{\"@type\":\"BreadcrumbList\",\"@id\":\"https:\\\/\\\/www.laguiadepamplona.com\\\/actualidad\\\/la-comparsa-de-gigantes-de-pamplona-participara-este-domingo-en-el-alarde-de-gigantes-en-el-marco-de-la-capitalidad-cultural-2016\\\/#breadcrumb\",\"itemListElement\":[{\"@type\":\"ListItem\",\"position\":1,\"name\":\"Portada\",\"item\":\"https:\\\/\\\/www.laguiadepamplona.com\\\/actualidad\\\/\"},{\"@type\":\"ListItem\",\"position\":2,\"name\":\"La Comparsa de Gigantes de Pamplona participar\u00e1 este domingo en el \u2018Alarde de gigantes\u2019 en el marco de la capitalidad cultural 2016\"}]},{\"@type\":\"WebSite\",\"@id\":\"https:\\\/\\\/www.laguiadepamplona.com\\\/actualidad\\\/#website\",\"url\":\"https:\\\/\\\/www.laguiadepamplona.com\\\/actualidad\\\/\",\"name\":\"La gu\u00eda de Pamplona\",\"description\":\"Noticias de Pamplona\",\"publisher\":{\"@id\":\"https:\\\/\\\/www.laguiadepamplona.com\\\/actualidad\\\/#organization\"},\"potentialAction\":[{\"@type\":\"SearchAction\",\"target\":{\"@type\":\"EntryPoint\",\"urlTemplate\":\"https:\\\/\\\/www.laguiadepamplona.com\\\/actualidad\\\/?s={search_term_string}\"},\"query-input\":{\"@type\":\"PropertyValueSpecification\",\"valueRequired\":true,\"valueName\":\"search_term_string\"}}],\"inLanguage\":\"es\"},{\"@type\":\"Organization\",\"@id\":\"https:\\\/\\\/www.laguiadepamplona.com\\\/actualidad\\\/#organization\",\"name\":\"La Gu\u00eda de Pamplona \\\/ Noticias\",\"url\":\"https:\\\/\\\/www.laguiadepamplona.com\\\/actualidad\\\/\",\"logo\":{\"@type\":\"ImageObject\",\"inLanguage\":\"es\",\"@id\":\"https:\\\/\\\/www.laguiadepamplona.com\\\/actualidad\\\/#\\\/schema\\\/logo\\\/image\\\/\",\"url\":\"https:\\\/\\\/www.laguiadepamplona.com\\\/actualidad\\\/wp-content\\\/uploads\\\/2018\\\/11\\\/logo-laguiadepamplona18-web1.png\",\"contentUrl\":\"https:\\\/\\\/www.laguiadepamplona.com\\\/actualidad\\\/wp-content\\\/uploads\\\/2018\\\/11\\\/logo-laguiadepamplona18-web1.png\",\"width\":600,\"height\":196,\"caption\":\"La Gu\u00eda de Pamplona \\\/ Noticias\"},\"image\":{\"@id\":\"https:\\\/\\\/www.laguiadepamplona.com\\\/actualidad\\\/#\\\/schema\\\/logo\\\/image\\\/\"},\"sameAs\":[\"https:\\\/\\\/www.facebook.com\\\/laguiadepamplonacom-133175176762273\\\/?ref=hl\",\"https:\\\/\\\/x.com\\\/LaGuiadPamplona\",\"https:\\\/\\\/www.instagram.com\\\/la_guia_de_pamplona\\\/\",\"https:\\\/\\\/www.youtube.com\\\/user\\\/laguiadepamplona\"]},{\"@type\":\"Person\",\"@id\":\"https:\\\/\\\/www.laguiadepamplona.com\\\/actualidad\\\/#\\\/schema\\\/person\\\/efe887376f0213d4657c93adc50b1fdb\",\"name\":\"La Gu\u00eda de Pamplona\",\"image\":{\"@type\":\"ImageObject\",\"inLanguage\":\"es\",\"@id\":\"https:\\\/\\\/secure.gravatar.com\\\/avatar\\\/b6992f131dc8d30ab0dff15446e9d346d9dbd95992de0fef795073f5ea83a81c?s=96&d=mm&r=g\",\"url\":\"https:\\\/\\\/secure.gravatar.com\\\/avatar\\\/b6992f131dc8d30ab0dff15446e9d346d9dbd95992de0fef795073f5ea83a81c?s=96&d=mm&r=g\",\"contentUrl\":\"https:\\\/\\\/secure.gravatar.com\\\/avatar\\\/b6992f131dc8d30ab0dff15446e9d346d9dbd95992de0fef795073f5ea83a81c?s=96&d=mm&r=g\",\"caption\":\"La Gu\u00eda de Pamplona\"}}]}<\/script>\n<!-- \/ Yoast SEO plugin. -->","yoast_head_json":{"title":"La Comparsa de Gigantes de Pamplona participar\u00e1 este domingo en el \u2018Alarde de gigantes\u2019 en el marco de la capitalidad cultural 2016","robots":{"index":"index","follow":"follow","max-snippet":"max-snippet:-1","max-image-preview":"max-image-preview:large","max-video-preview":"max-video-preview:-1"},"canonical":"https:\/\/www.laguiadepamplona.com\/actualidad\/la-comparsa-de-gigantes-de-pamplona-participara-este-domingo-en-el-alarde-de-gigantes-en-el-marco-de-la-capitalidad-cultural-2016\/","og_locale":"es_ES","og_type":"article","og_title":"La Comparsa de Gigantes de Pamplona participar\u00e1 este domingo en el \u2018Alarde de gigantes\u2019 en el marco de la capitalidad cultural 2016","og_description":"54 personas se desplazar\u00e1n para hacer desfilar a los ocho gigantes del Ayuntamiento de Pamplona Este domingo en San Sebasti\u00e1n habr\u00e1 una concentraci\u00f3n de gigantes en la Semana Grande donostiarra,...","og_url":"https:\/\/www.laguiadepamplona.com\/actualidad\/la-comparsa-de-gigantes-de-pamplona-participara-este-domingo-en-el-alarde-de-gigantes-en-el-marco-de-la-capitalidad-cultural-2016\/","og_site_name":"La Gu\u00eda de Pamplona","article_publisher":"https:\/\/www.facebook.com\/laguiadepamplonacom-133175176762273\/?ref=hl","article_published_time":"2016-08-12T16:20:48+00:00","author":"La Gu\u00eda de Pamplona","twitter_card":"summary_large_image","twitter_creator":"@LaGuiadPamplona","twitter_site":"@LaGuiadPamplona","twitter_misc":{"Escrito por":"La Gu\u00eda de Pamplona","Tiempo de lectura":"1 minuto"},"schema":{"@context":"https:\/\/schema.org","@graph":[{"@type":"Article","@id":"https:\/\/www.laguiadepamplona.com\/actualidad\/la-comparsa-de-gigantes-de-pamplona-participara-este-domingo-en-el-alarde-de-gigantes-en-el-marco-de-la-capitalidad-cultural-2016\/#article","isPartOf":{"@id":"https:\/\/www.laguiadepamplona.com\/actualidad\/la-comparsa-de-gigantes-de-pamplona-participara-este-domingo-en-el-alarde-de-gigantes-en-el-marco-de-la-capitalidad-cultural-2016\/"},"author":{"name":"La Gu\u00eda de Pamplona","@id":"https:\/\/www.laguiadepamplona.com\/actualidad\/#\/schema\/person\/efe887376f0213d4657c93adc50b1fdb"},"headline":"La Comparsa de Gigantes de Pamplona participar\u00e1 este domingo en el \u2018Alarde de gigantes\u2019 en el marco de la capitalidad cultural 2016","datePublished":"2016-08-12T16:20:48+00:00","mainEntityOfPage":{"@id":"https:\/\/www.laguiadepamplona.com\/actualidad\/la-comparsa-de-gigantes-de-pamplona-participara-este-domingo-en-el-alarde-de-gigantes-en-el-marco-de-la-capitalidad-cultural-2016\/"},"wordCount":231,"publisher":{"@id":"https:\/\/www.laguiadepamplona.com\/actualidad\/#organization"},"image":{"@id":"https:\/\/www.laguiadepamplona.com\/actualidad\/la-comparsa-de-gigantes-de-pamplona-participara-este-domingo-en-el-alarde-de-gigantes-en-el-marco-de-la-capitalidad-cultural-2016\/#primaryimage"},"thumbnailUrl":"","keywords":["2016","actualidad","alarde de gigantes","ayto pamplona","Ayuntamiento de Pamplona","cabezudos","capitalidad","comparsa","cultural","domingo","Donosti","gigantes","noticias","pamplona","San Sebasti\u00e1n"],"articleSection":["Ayto Pamplona"],"inLanguage":"es"},{"@type":"WebPage","@id":"https:\/\/www.laguiadepamplona.com\/actualidad\/la-comparsa-de-gigantes-de-pamplona-participara-este-domingo-en-el-alarde-de-gigantes-en-el-marco-de-la-capitalidad-cultural-2016\/","url":"https:\/\/www.laguiadepamplona.com\/actualidad\/la-comparsa-de-gigantes-de-pamplona-participara-este-domingo-en-el-alarde-de-gigantes-en-el-marco-de-la-capitalidad-cultural-2016\/","name":"La Comparsa de Gigantes de Pamplona participar\u00e1 este domingo en el \u2018Alarde de gigantes\u2019 en el marco de la capitalidad cultural 2016","isPartOf":{"@id":"https:\/\/www.laguiadepamplona.com\/actualidad\/#website"},"primaryImageOfPage":{"@id":"https:\/\/www.laguiadepamplona.com\/actualidad\/la-comparsa-de-gigantes-de-pamplona-participara-este-domingo-en-el-alarde-de-gigantes-en-el-marco-de-la-capitalidad-cultural-2016\/#primaryimage"},"image":{"@id":"https:\/\/www.laguiadepamplona.com\/actualidad\/la-comparsa-de-gigantes-de-pamplona-participara-este-domingo-en-el-alarde-de-gigantes-en-el-marco-de-la-capitalidad-cultural-2016\/#primaryimage"},"thumbnailUrl":"","datePublished":"2016-08-12T16:20:48+00:00","breadcrumb":{"@id":"https:\/\/www.laguiadepamplona.com\/actualidad\/la-comparsa-de-gigantes-de-pamplona-participara-este-domingo-en-el-alarde-de-gigantes-en-el-marco-de-la-capitalidad-cultural-2016\/#breadcrumb"},"inLanguage":"es","potentialAction":[{"@type":"ReadAction","target":["https:\/\/www.laguiadepamplona.com\/actualidad\/la-comparsa-de-gigantes-de-pamplona-participara-este-domingo-en-el-alarde-de-gigantes-en-el-marco-de-la-capitalidad-cultural-2016\/"]}]},{"@type":"ImageObject","inLanguage":"es","@id":"https:\/\/www.laguiadepamplona.com\/actualidad\/la-comparsa-de-gigantes-de-pamplona-participara-este-domingo-en-el-alarde-de-gigantes-en-el-marco-de-la-capitalidad-cultural-2016\/#primaryimage","url":"","contentUrl":""},{"@type":"BreadcrumbList","@id":"https:\/\/www.laguiadepamplona.com\/actualidad\/la-comparsa-de-gigantes-de-pamplona-participara-este-domingo-en-el-alarde-de-gigantes-en-el-marco-de-la-capitalidad-cultural-2016\/#breadcrumb","itemListElement":[{"@type":"ListItem","position":1,"name":"Portada","item":"https:\/\/www.laguiadepamplona.com\/actualidad\/"},{"@type":"ListItem","position":2,"name":"La Comparsa de Gigantes de Pamplona participar\u00e1 este domingo en el \u2018Alarde de gigantes\u2019 en el marco de la capitalidad cultural 2016"}]},{"@type":"WebSite","@id":"https:\/\/www.laguiadepamplona.com\/actualidad\/#website","url":"https:\/\/www.laguiadepamplona.com\/actualidad\/","name":"La gu\u00eda de Pamplona","description":"Noticias de Pamplona","publisher":{"@id":"https:\/\/www.laguiadepamplona.com\/actualidad\/#organization"},"potentialAction":[{"@type":"SearchAction","target":{"@type":"EntryPoint","urlTemplate":"https:\/\/www.laguiadepamplona.com\/actualidad\/?s={search_term_string}"},"query-input":{"@type":"PropertyValueSpecification","valueRequired":true,"valueName":"search_term_string"}}],"inLanguage":"es"},{"@type":"Organization","@id":"https:\/\/www.laguiadepamplona.com\/actualidad\/#organization","name":"La Gu\u00eda de Pamplona \/ Noticias","url":"https:\/\/www.laguiadepamplona.com\/actualidad\/","logo":{"@type":"ImageObject","inLanguage":"es","@id":"https:\/\/www.laguiadepamplona.com\/actualidad\/#\/schema\/logo\/image\/","url":"https:\/\/www.laguiadepamplona.com\/actualidad\/wp-content\/uploads\/2018\/11\/logo-laguiadepamplona18-web1.png","contentUrl":"https:\/\/www.laguiadepamplona.com\/actualidad\/wp-content\/uploads\/2018\/11\/logo-laguiadepamplona18-web1.png","width":600,"height":196,"caption":"La Gu\u00eda de Pamplona \/ Noticias"},"image":{"@id":"https:\/\/www.laguiadepamplona.com\/actualidad\/#\/schema\/logo\/image\/"},"sameAs":["https:\/\/www.facebook.com\/laguiadepamplonacom-133175176762273\/?ref=hl","https:\/\/x.com\/LaGuiadPamplona","https:\/\/www.instagram.com\/la_guia_de_pamplona\/","https:\/\/www.youtube.com\/user\/laguiadepamplona"]},{"@type":"Person","@id":"https:\/\/www.laguiadepamplona.com\/actualidad\/#\/schema\/person\/efe887376f0213d4657c93adc50b1fdb","name":"La Gu\u00eda de Pamplona","image":{"@type":"ImageObject","inLanguage":"es","@id":"https:\/\/secure.gravatar.com\/avatar\/b6992f131dc8d30ab0dff15446e9d346d9dbd95992de0fef795073f5ea83a81c?s=96&d=mm&r=g","url":"https:\/\/secure.gravatar.com\/avatar\/b6992f131dc8d30ab0dff15446e9d346d9dbd95992de0fef795073f5ea83a81c?s=96&d=mm&r=g","contentUrl":"https:\/\/secure.gravatar.com\/avatar\/b6992f131dc8d30ab0dff15446e9d346d9dbd95992de0fef795073f5ea83a81c?s=96&d=mm&r=g","caption":"La Gu\u00eda de Pamplona"}}]}},"post_mailing_queue_ids":[],"_links":{"self":[{"href":"https:\/\/www.laguiadepamplona.com\/actualidad\/wp-json\/wp\/v2\/posts\/10870","targetHints":{"allow":["GET"]}}],"collection":[{"href":"https:\/\/www.laguiadepamplona.com\/actualidad\/wp-json\/wp\/v2\/posts"}],"about":[{"href":"https:\/\/www.laguiadepamplona.com\/actualidad\/wp-json\/wp\/v2\/types\/post"}],"author":[{"embeddable":true,"href":"https:\/\/www.laguiadepamplona.com\/actualidad\/wp-json\/wp\/v2\/users\/1"}],"replies":[{"embeddable":true,"href":"https:\/\/www.laguiadepamplona.com\/actualidad\/wp-json\/wp\/v2\/comments?post=10870"}],"version-history":[{"count":0,"href":"https:\/\/www.laguiadepamplona.com\/actualidad\/wp-json\/wp\/v2\/posts\/10870\/revisions"}],"wp:featuredmedia":[{"embeddable":true,"href":"https:\/\/www.laguiadepamplona.com\/actualidad\/wp-json\/"}],"wp:attachment":[{"href":"https:\/\/www.laguiadepamplona.com\/actualidad\/wp-json\/wp\/v2\/media?parent=10870"}],"wp:term":[{"taxonomy":"category","embeddable":true,"href":"https:\/\/www.laguiadepamplona.com\/actualidad\/wp-json\/wp\/v2\/categories?post=10870"},{"taxonomy":"post_tag","embeddable":true,"href":"https:\/\/www.laguiadepamplona.com\/actualidad\/wp-json\/wp\/v2\/tags?post=10870"}],"curies":[{"name":"wp","href":"https:\/\/api.w.org\/{rel}","templated":true}]}}