{"id":1069,"date":"2014-04-03T16:53:19","date_gmt":"2014-04-03T15:53:19","guid":{"rendered":"http:\/\/laguiadepamplona.es\/noticias\/?p=1069"},"modified":"2014-04-03T16:53:19","modified_gmt":"2014-04-03T15:53:19","slug":"ayuntamiento-y-gobierno-foral-firman-un-convenio-para-la-cesion-de-uso-total-o-parcial-de-seis-edificios-municipales-destinados-a-la-prestacion-de-servicios-educativos","status":"publish","type":"post","link":"https:\/\/www.laguiadepamplona.com\/actualidad\/ayuntamiento-y-gobierno-foral-firman-un-convenio-para-la-cesion-de-uso-total-o-parcial-de-seis-edificios-municipales-destinados-a-la-prestacion-de-servicios-educativos\/","title":{"rendered":"Ayuntamiento y Gobierno foral firman un convenio para la cesi\u00f3n de uso, total o parcial, de seis edificios municipales destinados a la prestaci\u00f3n de servicios educativos"},"content":{"rendered":"<h6>Son los edificios de los antiguos centros M\u00aa Ana Sanz, Blanca de Navarra, Jos\u00e9 M\u00aa Iribarren, Jos\u00e9 Vila, Fernando Remacha y calle Compa\u00f1\u00eda<\/h6>\n<p><a href=\"http:\/\/laguiadepamplona.es\/noticias\/wp-content\/uploads\/2014\/04\/firma_edificios_municipales_educacion.jpg\"><img loading=\"lazy\" decoding=\"async\" class=\"alignleft size-medium wp-image-1070\" alt=\"firma_edificios_municipales_educacion\" src=\"http:\/\/laguiadepamplona.es\/noticias\/wp-content\/uploads\/2014\/04\/firma_edificios_municipales_educacion-300x200.jpg\" width=\"300\" height=\"200\" \/><\/a>El alcalde de Pamplona, Enrique Maya, y el consejero de Educaci\u00f3n, Jos\u00e9 Iribas, han firmado este mediod\u00eda un convenio sobre la utilizaci\u00f3n de edificios municipales destinados a la prestaci\u00f3n de servicios educativos. Mediante el convenio se formaliza la cesi\u00f3n de uso a t\u00edtulo gratuito del Ayuntamiento de Pamplona al Gobierno de Navarra de la totalidad o parte de seis inmuebles, con la finalidad de adscribirlos a diferentes centros educativos, niveles o modalidades de ense\u00f1anza.<\/p>\n<p>El convenio regula la cesi\u00f3n de uso de los edificios y recintos del antiguo C.P. Fernando Remacha, del antiguo C.P. Blanca de Navarra, del antiguo C.P. Mar\u00eda Ana Sanz, y de los edificios del antiguo C.P. Jos\u00e9 Mar\u00eda Iribarren, del antiguo C.P. Jos\u00e9 Vila y de las antiguas escuelas de la calle Compa\u00f1\u00eda n\u00ba 6. El Ayuntamiento cede totalmente para la prestaci\u00f3n de servicios educativos el antiguo C.P. Fernando Remacha, que destina su uso a las ense\u00f1anzas que imparte el Instituto de Educaci\u00f3n Secundaria Biurdana, y el antiguo C.P. Mar\u00eda Ana Sanz, para las clases del Centro P\u00fablico Integrado de Formaci\u00f3n Profesional Mar\u00eda Ana Sanz.<\/p>\n<p>Los otros cuatro edificios se ceden de forma parcial, exceptuando las dependencias que acogen otros servicios. En el inmueble del antiguo C.P. Blanca de Navarra, se ceden las zonas en las que imparte sus ense\u00f1anzas la Escuela de Arte de Pamplona, pero no el espacio que alberga el Civivox Ensanche en la tercera planta. La cesi\u00f3n de uso del antiguo C.P. Jos\u00e9 Mar\u00eda Iribarren incluye \u00fanicamente las zonas donde se imparten las clases del Centro P\u00fablico de Educaci\u00f3n B\u00e1sica para Personas Adultas, el Instituto de Ense\u00f1anza de Personas Adultas F\u00e9lix Urabayen y el Instituto Navarro del Vascuence \u2013 Euskarabidea. No incluye por tanto el pabell\u00f3n polideportivo, la vivienda, los patios y otros elementos de la urbanizaci\u00f3n. En el antiguo C.P. Jos\u00e9 Vila se ceden las dependencias de la Escuela de Danza del Gobierno de Navarra, del Centro de Recursos de Educaci\u00f3n Especial de Navarra (CREENA) y del Centro de Apoyo al Profesorado, cesi\u00f3n que no incluye el patio de uso com\u00fan, el comedor, tres aulas, un despacho y los espacios de la planta baja destinados a la Escuela de Arte Catalina de Osc\u00e1riz y al Civivox Milagrosa.<\/p>\n<p>La cesi\u00f3n de uso de las antiguas escuelas de la calle Compa\u00f1\u00eda recogida en el convenio destina este inmueble a las ense\u00f1anzas que se imparten en la Escuela Oficial de Idiomas en el conjunto del edificio y el Centro Navarro de Autoaprendizaje de Idiomas (CNAI) en espacios de la planta baja. La cesi\u00f3n no incluye el sal\u00f3n de actos del s\u00f3tano (la conocida como Sala Calderer\u00eda), pero se permitir\u00e1 su utilizaci\u00f3n para el desarrollo de actividades acad\u00e9micas programadas y comunicadas al inicio de cada curso.<\/p>\n<p>En los casos en que la cesi\u00f3n de uso comprenda la totalidad del edificio o de sus instalaciones, los gastos de mantenimiento, conservaci\u00f3n, seguro, vigilancia y limpieza de los mismos, corresponder\u00e1n en su integridad al Departamento de Educaci\u00f3n. Si se cede parcialmente el uso, el Ayuntamiento de Pamplona tambi\u00e9n participar\u00e1 en esos gastos. La cesi\u00f3n finaliza transcurridos 25 a\u00f1os.<\/p>\n<p>&nbsp;<\/p>\n","protected":false},"excerpt":{"rendered":"<p>Son los edificios de los antiguos centros M\u00aa Ana Sanz, Blanca de Navarra, Jos\u00e9 M\u00aa Iribarren, Jos\u00e9 Vila, Fernando Remacha y calle Compa\u00f1\u00eda El alcalde de Pamplona, Enrique Maya, y&#8230;<\/p>\n","protected":false},"author":1,"featured_media":1070,"comment_status":"open","ping_status":"open","sticky":false,"template":"","format":"standard","meta":{"footnotes":""},"categories":[2],"tags":[5,6,8,9],"class_list":["post-1069","post","type-post","status-publish","format-standard","has-post-thumbnail","hentry","category-ayuntamiento-pamplona","tag-actualidad","tag-ayto-pamplona","tag-noticias","tag-pamplona"],"yoast_head":"<!-- This site is optimized with the Yoast SEO plugin v27.5 - https:\/\/yoast.com\/product\/yoast-seo-wordpress\/ -->\n<title>Ayuntamiento y Gobierno foral firman un convenio para la cesi\u00f3n de uso, total o parcial, de seis edificios municipales destinados a la prestaci\u00f3n de servicios educativos<\/title>\n<meta name=\"robots\" content=\"index, follow, max-snippet:-1, max-image-preview:large, max-video-preview:-1\" \/>\n<link rel=\"canonical\" href=\"https:\/\/www.laguiadepamplona.com\/actualidad\/ayuntamiento-y-gobierno-foral-firman-un-convenio-para-la-cesion-de-uso-total-o-parcial-de-seis-edificios-municipales-destinados-a-la-prestacion-de-servicios-educativos\/\" \/>\n<meta property=\"og:locale\" content=\"es_ES\" \/>\n<meta property=\"og:type\" content=\"article\" \/>\n<meta property=\"og:title\" content=\"Ayuntamiento y Gobierno foral firman un convenio para la cesi\u00f3n de uso, total o parcial, de seis edificios municipales destinados a la prestaci\u00f3n de servicios educativos\" \/>\n<meta property=\"og:description\" content=\"Son los edificios de los antiguos centros M\u00aa Ana Sanz, Blanca de Navarra, Jos\u00e9 M\u00aa Iribarren, Jos\u00e9 Vila, Fernando Remacha y calle Compa\u00f1\u00eda El alcalde de Pamplona, Enrique Maya, y...\" \/>\n<meta property=\"og:url\" content=\"https:\/\/www.laguiadepamplona.com\/actualidad\/ayuntamiento-y-gobierno-foral-firman-un-convenio-para-la-cesion-de-uso-total-o-parcial-de-seis-edificios-municipales-destinados-a-la-prestacion-de-servicios-educativos\/\" \/>\n<meta property=\"og:site_name\" content=\"La Gu\u00eda de Pamplona\" \/>\n<meta property=\"article:publisher\" content=\"https:\/\/www.facebook.com\/laguiadepamplonacom-133175176762273\/?ref=hl\" \/>\n<meta property=\"article:published_time\" content=\"2014-04-03T15:53:19+00:00\" \/>\n<meta name=\"author\" content=\"La Gu\u00eda de Pamplona\" \/>\n<meta name=\"twitter:card\" content=\"summary_large_image\" \/>\n<meta name=\"twitter:creator\" content=\"@LaGuiadPamplona\" \/>\n<meta name=\"twitter:site\" content=\"@LaGuiadPamplona\" \/>\n<meta name=\"twitter:label1\" content=\"Escrito por\" \/>\n\t<meta name=\"twitter:data1\" content=\"La Gu\u00eda de Pamplona\" \/>\n\t<meta name=\"twitter:label2\" content=\"Tiempo de lectura\" \/>\n\t<meta name=\"twitter:data2\" content=\"3 minutos\" \/>\n<script type=\"application\/ld+json\" class=\"yoast-schema-graph\">{\"@context\":\"https:\\\/\\\/schema.org\",\"@graph\":[{\"@type\":\"Article\",\"@id\":\"https:\\\/\\\/www.laguiadepamplona.com\\\/actualidad\\\/ayuntamiento-y-gobierno-foral-firman-un-convenio-para-la-cesion-de-uso-total-o-parcial-de-seis-edificios-municipales-destinados-a-la-prestacion-de-servicios-educativos\\\/#article\",\"isPartOf\":{\"@id\":\"https:\\\/\\\/www.laguiadepamplona.com\\\/actualidad\\\/ayuntamiento-y-gobierno-foral-firman-un-convenio-para-la-cesion-de-uso-total-o-parcial-de-seis-edificios-municipales-destinados-a-la-prestacion-de-servicios-educativos\\\/\"},\"author\":{\"name\":\"La Gu\u00eda de Pamplona\",\"@id\":\"https:\\\/\\\/www.laguiadepamplona.com\\\/actualidad\\\/#\\\/schema\\\/person\\\/efe887376f0213d4657c93adc50b1fdb\"},\"headline\":\"Ayuntamiento y Gobierno foral firman un convenio para la cesi\u00f3n de uso, total o parcial, de seis edificios municipales destinados a la prestaci\u00f3n de servicios educativos\",\"datePublished\":\"2014-04-03T15:53:19+00:00\",\"mainEntityOfPage\":{\"@id\":\"https:\\\/\\\/www.laguiadepamplona.com\\\/actualidad\\\/ayuntamiento-y-gobierno-foral-firman-un-convenio-para-la-cesion-de-uso-total-o-parcial-de-seis-edificios-municipales-destinados-a-la-prestacion-de-servicios-educativos\\\/\"},\"wordCount\":618,\"commentCount\":0,\"publisher\":{\"@id\":\"https:\\\/\\\/www.laguiadepamplona.com\\\/actualidad\\\/#organization\"},\"image\":{\"@id\":\"https:\\\/\\\/www.laguiadepamplona.com\\\/actualidad\\\/ayuntamiento-y-gobierno-foral-firman-un-convenio-para-la-cesion-de-uso-total-o-parcial-de-seis-edificios-municipales-destinados-a-la-prestacion-de-servicios-educativos\\\/#primaryimage\"},\"thumbnailUrl\":\"\",\"keywords\":[\"actualidad\",\"ayto pamplona\",\"noticias\",\"pamplona\"],\"articleSection\":[\"Ayto Pamplona\"],\"inLanguage\":\"es\",\"potentialAction\":[{\"@type\":\"CommentAction\",\"name\":\"Comment\",\"target\":[\"https:\\\/\\\/www.laguiadepamplona.com\\\/actualidad\\\/ayuntamiento-y-gobierno-foral-firman-un-convenio-para-la-cesion-de-uso-total-o-parcial-de-seis-edificios-municipales-destinados-a-la-prestacion-de-servicios-educativos\\\/#respond\"]}]},{\"@type\":\"WebPage\",\"@id\":\"https:\\\/\\\/www.laguiadepamplona.com\\\/actualidad\\\/ayuntamiento-y-gobierno-foral-firman-un-convenio-para-la-cesion-de-uso-total-o-parcial-de-seis-edificios-municipales-destinados-a-la-prestacion-de-servicios-educativos\\\/\",\"url\":\"https:\\\/\\\/www.laguiadepamplona.com\\\/actualidad\\\/ayuntamiento-y-gobierno-foral-firman-un-convenio-para-la-cesion-de-uso-total-o-parcial-de-seis-edificios-municipales-destinados-a-la-prestacion-de-servicios-educativos\\\/\",\"name\":\"Ayuntamiento y Gobierno foral firman un convenio para la cesi\u00f3n de uso, total o parcial, de seis edificios municipales destinados a la prestaci\u00f3n de servicios educativos\",\"isPartOf\":{\"@id\":\"https:\\\/\\\/www.laguiadepamplona.com\\\/actualidad\\\/#website\"},\"primaryImageOfPage\":{\"@id\":\"https:\\\/\\\/www.laguiadepamplona.com\\\/actualidad\\\/ayuntamiento-y-gobierno-foral-firman-un-convenio-para-la-cesion-de-uso-total-o-parcial-de-seis-edificios-municipales-destinados-a-la-prestacion-de-servicios-educativos\\\/#primaryimage\"},\"image\":{\"@id\":\"https:\\\/\\\/www.laguiadepamplona.com\\\/actualidad\\\/ayuntamiento-y-gobierno-foral-firman-un-convenio-para-la-cesion-de-uso-total-o-parcial-de-seis-edificios-municipales-destinados-a-la-prestacion-de-servicios-educativos\\\/#primaryimage\"},\"thumbnailUrl\":\"\",\"datePublished\":\"2014-04-03T15:53:19+00:00\",\"breadcrumb\":{\"@id\":\"https:\\\/\\\/www.laguiadepamplona.com\\\/actualidad\\\/ayuntamiento-y-gobierno-foral-firman-un-convenio-para-la-cesion-de-uso-total-o-parcial-de-seis-edificios-municipales-destinados-a-la-prestacion-de-servicios-educativos\\\/#breadcrumb\"},\"inLanguage\":\"es\",\"potentialAction\":[{\"@type\":\"ReadAction\",\"target\":[\"https:\\\/\\\/www.laguiadepamplona.com\\\/actualidad\\\/ayuntamiento-y-gobierno-foral-firman-un-convenio-para-la-cesion-de-uso-total-o-parcial-de-seis-edificios-municipales-destinados-a-la-prestacion-de-servicios-educativos\\\/\"]}]},{\"@type\":\"ImageObject\",\"inLanguage\":\"es\",\"@id\":\"https:\\\/\\\/www.laguiadepamplona.com\\\/actualidad\\\/ayuntamiento-y-gobierno-foral-firman-un-convenio-para-la-cesion-de-uso-total-o-parcial-de-seis-edificios-municipales-destinados-a-la-prestacion-de-servicios-educativos\\\/#primaryimage\",\"url\":\"\",\"contentUrl\":\"\"},{\"@type\":\"BreadcrumbList\",\"@id\":\"https:\\\/\\\/www.laguiadepamplona.com\\\/actualidad\\\/ayuntamiento-y-gobierno-foral-firman-un-convenio-para-la-cesion-de-uso-total-o-parcial-de-seis-edificios-municipales-destinados-a-la-prestacion-de-servicios-educativos\\\/#breadcrumb\",\"itemListElement\":[{\"@type\":\"ListItem\",\"position\":1,\"name\":\"Portada\",\"item\":\"https:\\\/\\\/www.laguiadepamplona.com\\\/actualidad\\\/\"},{\"@type\":\"ListItem\",\"position\":2,\"name\":\"Ayuntamiento y Gobierno foral firman un convenio para la cesi\u00f3n de uso, total o parcial, de seis edificios municipales destinados a la prestaci\u00f3n de servicios educativos\"}]},{\"@type\":\"WebSite\",\"@id\":\"https:\\\/\\\/www.laguiadepamplona.com\\\/actualidad\\\/#website\",\"url\":\"https:\\\/\\\/www.laguiadepamplona.com\\\/actualidad\\\/\",\"name\":\"La gu\u00eda de Pamplona\",\"description\":\"Noticias de Pamplona\",\"publisher\":{\"@id\":\"https:\\\/\\\/www.laguiadepamplona.com\\\/actualidad\\\/#organization\"},\"potentialAction\":[{\"@type\":\"SearchAction\",\"target\":{\"@type\":\"EntryPoint\",\"urlTemplate\":\"https:\\\/\\\/www.laguiadepamplona.com\\\/actualidad\\\/?s={search_term_string}\"},\"query-input\":{\"@type\":\"PropertyValueSpecification\",\"valueRequired\":true,\"valueName\":\"search_term_string\"}}],\"inLanguage\":\"es\"},{\"@type\":\"Organization\",\"@id\":\"https:\\\/\\\/www.laguiadepamplona.com\\\/actualidad\\\/#organization\",\"name\":\"La Gu\u00eda de Pamplona \\\/ Noticias\",\"url\":\"https:\\\/\\\/www.laguiadepamplona.com\\\/actualidad\\\/\",\"logo\":{\"@type\":\"ImageObject\",\"inLanguage\":\"es\",\"@id\":\"https:\\\/\\\/www.laguiadepamplona.com\\\/actualidad\\\/#\\\/schema\\\/logo\\\/image\\\/\",\"url\":\"https:\\\/\\\/www.laguiadepamplona.com\\\/actualidad\\\/wp-content\\\/uploads\\\/2018\\\/11\\\/logo-laguiadepamplona18-web1.png\",\"contentUrl\":\"https:\\\/\\\/www.laguiadepamplona.com\\\/actualidad\\\/wp-content\\\/uploads\\\/2018\\\/11\\\/logo-laguiadepamplona18-web1.png\",\"width\":600,\"height\":196,\"caption\":\"La Gu\u00eda de Pamplona \\\/ Noticias\"},\"image\":{\"@id\":\"https:\\\/\\\/www.laguiadepamplona.com\\\/actualidad\\\/#\\\/schema\\\/logo\\\/image\\\/\"},\"sameAs\":[\"https:\\\/\\\/www.facebook.com\\\/laguiadepamplonacom-133175176762273\\\/?ref=hl\",\"https:\\\/\\\/x.com\\\/LaGuiadPamplona\",\"https:\\\/\\\/www.instagram.com\\\/la_guia_de_pamplona\\\/\",\"https:\\\/\\\/www.youtube.com\\\/user\\\/laguiadepamplona\"]},{\"@type\":\"Person\",\"@id\":\"https:\\\/\\\/www.laguiadepamplona.com\\\/actualidad\\\/#\\\/schema\\\/person\\\/efe887376f0213d4657c93adc50b1fdb\",\"name\":\"La Gu\u00eda de Pamplona\",\"image\":{\"@type\":\"ImageObject\",\"inLanguage\":\"es\",\"@id\":\"https:\\\/\\\/secure.gravatar.com\\\/avatar\\\/b6992f131dc8d30ab0dff15446e9d346d9dbd95992de0fef795073f5ea83a81c?s=96&d=mm&r=g\",\"url\":\"https:\\\/\\\/secure.gravatar.com\\\/avatar\\\/b6992f131dc8d30ab0dff15446e9d346d9dbd95992de0fef795073f5ea83a81c?s=96&d=mm&r=g\",\"contentUrl\":\"https:\\\/\\\/secure.gravatar.com\\\/avatar\\\/b6992f131dc8d30ab0dff15446e9d346d9dbd95992de0fef795073f5ea83a81c?s=96&d=mm&r=g\",\"caption\":\"La Gu\u00eda de Pamplona\"}}]}<\/script>\n<!-- \/ Yoast SEO plugin. -->","yoast_head_json":{"title":"Ayuntamiento y Gobierno foral firman un convenio para la cesi\u00f3n de uso, total o parcial, de seis edificios municipales destinados a la prestaci\u00f3n de servicios educativos","robots":{"index":"index","follow":"follow","max-snippet":"max-snippet:-1","max-image-preview":"max-image-preview:large","max-video-preview":"max-video-preview:-1"},"canonical":"https:\/\/www.laguiadepamplona.com\/actualidad\/ayuntamiento-y-gobierno-foral-firman-un-convenio-para-la-cesion-de-uso-total-o-parcial-de-seis-edificios-municipales-destinados-a-la-prestacion-de-servicios-educativos\/","og_locale":"es_ES","og_type":"article","og_title":"Ayuntamiento y Gobierno foral firman un convenio para la cesi\u00f3n de uso, total o parcial, de seis edificios municipales destinados a la prestaci\u00f3n de servicios educativos","og_description":"Son los edificios de los antiguos centros M\u00aa Ana Sanz, Blanca de Navarra, Jos\u00e9 M\u00aa Iribarren, Jos\u00e9 Vila, Fernando Remacha y calle Compa\u00f1\u00eda El alcalde de Pamplona, Enrique Maya, y...","og_url":"https:\/\/www.laguiadepamplona.com\/actualidad\/ayuntamiento-y-gobierno-foral-firman-un-convenio-para-la-cesion-de-uso-total-o-parcial-de-seis-edificios-municipales-destinados-a-la-prestacion-de-servicios-educativos\/","og_site_name":"La Gu\u00eda de Pamplona","article_publisher":"https:\/\/www.facebook.com\/laguiadepamplonacom-133175176762273\/?ref=hl","article_published_time":"2014-04-03T15:53:19+00:00","author":"La Gu\u00eda de Pamplona","twitter_card":"summary_large_image","twitter_creator":"@LaGuiadPamplona","twitter_site":"@LaGuiadPamplona","twitter_misc":{"Escrito por":"La Gu\u00eda de Pamplona","Tiempo de lectura":"3 minutos"},"schema":{"@context":"https:\/\/schema.org","@graph":[{"@type":"Article","@id":"https:\/\/www.laguiadepamplona.com\/actualidad\/ayuntamiento-y-gobierno-foral-firman-un-convenio-para-la-cesion-de-uso-total-o-parcial-de-seis-edificios-municipales-destinados-a-la-prestacion-de-servicios-educativos\/#article","isPartOf":{"@id":"https:\/\/www.laguiadepamplona.com\/actualidad\/ayuntamiento-y-gobierno-foral-firman-un-convenio-para-la-cesion-de-uso-total-o-parcial-de-seis-edificios-municipales-destinados-a-la-prestacion-de-servicios-educativos\/"},"author":{"name":"La Gu\u00eda de Pamplona","@id":"https:\/\/www.laguiadepamplona.com\/actualidad\/#\/schema\/person\/efe887376f0213d4657c93adc50b1fdb"},"headline":"Ayuntamiento y Gobierno foral firman un convenio para la cesi\u00f3n de uso, total o parcial, de seis edificios municipales destinados a la prestaci\u00f3n de servicios educativos","datePublished":"2014-04-03T15:53:19+00:00","mainEntityOfPage":{"@id":"https:\/\/www.laguiadepamplona.com\/actualidad\/ayuntamiento-y-gobierno-foral-firman-un-convenio-para-la-cesion-de-uso-total-o-parcial-de-seis-edificios-municipales-destinados-a-la-prestacion-de-servicios-educativos\/"},"wordCount":618,"commentCount":0,"publisher":{"@id":"https:\/\/www.laguiadepamplona.com\/actualidad\/#organization"},"image":{"@id":"https:\/\/www.laguiadepamplona.com\/actualidad\/ayuntamiento-y-gobierno-foral-firman-un-convenio-para-la-cesion-de-uso-total-o-parcial-de-seis-edificios-municipales-destinados-a-la-prestacion-de-servicios-educativos\/#primaryimage"},"thumbnailUrl":"","keywords":["actualidad","ayto pamplona","noticias","pamplona"],"articleSection":["Ayto Pamplona"],"inLanguage":"es","potentialAction":[{"@type":"CommentAction","name":"Comment","target":["https:\/\/www.laguiadepamplona.com\/actualidad\/ayuntamiento-y-gobierno-foral-firman-un-convenio-para-la-cesion-de-uso-total-o-parcial-de-seis-edificios-municipales-destinados-a-la-prestacion-de-servicios-educativos\/#respond"]}]},{"@type":"WebPage","@id":"https:\/\/www.laguiadepamplona.com\/actualidad\/ayuntamiento-y-gobierno-foral-firman-un-convenio-para-la-cesion-de-uso-total-o-parcial-de-seis-edificios-municipales-destinados-a-la-prestacion-de-servicios-educativos\/","url":"https:\/\/www.laguiadepamplona.com\/actualidad\/ayuntamiento-y-gobierno-foral-firman-un-convenio-para-la-cesion-de-uso-total-o-parcial-de-seis-edificios-municipales-destinados-a-la-prestacion-de-servicios-educativos\/","name":"Ayuntamiento y Gobierno foral firman un convenio para la cesi\u00f3n de uso, total o parcial, de seis edificios municipales destinados a la prestaci\u00f3n de servicios educativos","isPartOf":{"@id":"https:\/\/www.laguiadepamplona.com\/actualidad\/#website"},"primaryImageOfPage":{"@id":"https:\/\/www.laguiadepamplona.com\/actualidad\/ayuntamiento-y-gobierno-foral-firman-un-convenio-para-la-cesion-de-uso-total-o-parcial-de-seis-edificios-municipales-destinados-a-la-prestacion-de-servicios-educativos\/#primaryimage"},"image":{"@id":"https:\/\/www.laguiadepamplona.com\/actualidad\/ayuntamiento-y-gobierno-foral-firman-un-convenio-para-la-cesion-de-uso-total-o-parcial-de-seis-edificios-municipales-destinados-a-la-prestacion-de-servicios-educativos\/#primaryimage"},"thumbnailUrl":"","datePublished":"2014-04-03T15:53:19+00:00","breadcrumb":{"@id":"https:\/\/www.laguiadepamplona.com\/actualidad\/ayuntamiento-y-gobierno-foral-firman-un-convenio-para-la-cesion-de-uso-total-o-parcial-de-seis-edificios-municipales-destinados-a-la-prestacion-de-servicios-educativos\/#breadcrumb"},"inLanguage":"es","potentialAction":[{"@type":"ReadAction","target":["https:\/\/www.laguiadepamplona.com\/actualidad\/ayuntamiento-y-gobierno-foral-firman-un-convenio-para-la-cesion-de-uso-total-o-parcial-de-seis-edificios-municipales-destinados-a-la-prestacion-de-servicios-educativos\/"]}]},{"@type":"ImageObject","inLanguage":"es","@id":"https:\/\/www.laguiadepamplona.com\/actualidad\/ayuntamiento-y-gobierno-foral-firman-un-convenio-para-la-cesion-de-uso-total-o-parcial-de-seis-edificios-municipales-destinados-a-la-prestacion-de-servicios-educativos\/#primaryimage","url":"","contentUrl":""},{"@type":"BreadcrumbList","@id":"https:\/\/www.laguiadepamplona.com\/actualidad\/ayuntamiento-y-gobierno-foral-firman-un-convenio-para-la-cesion-de-uso-total-o-parcial-de-seis-edificios-municipales-destinados-a-la-prestacion-de-servicios-educativos\/#breadcrumb","itemListElement":[{"@type":"ListItem","position":1,"name":"Portada","item":"https:\/\/www.laguiadepamplona.com\/actualidad\/"},{"@type":"ListItem","position":2,"name":"Ayuntamiento y Gobierno foral firman un convenio para la cesi\u00f3n de uso, total o parcial, de seis edificios municipales destinados a la prestaci\u00f3n de servicios educativos"}]},{"@type":"WebSite","@id":"https:\/\/www.laguiadepamplona.com\/actualidad\/#website","url":"https:\/\/www.laguiadepamplona.com\/actualidad\/","name":"La gu\u00eda de Pamplona","description":"Noticias de Pamplona","publisher":{"@id":"https:\/\/www.laguiadepamplona.com\/actualidad\/#organization"},"potentialAction":[{"@type":"SearchAction","target":{"@type":"EntryPoint","urlTemplate":"https:\/\/www.laguiadepamplona.com\/actualidad\/?s={search_term_string}"},"query-input":{"@type":"PropertyValueSpecification","valueRequired":true,"valueName":"search_term_string"}}],"inLanguage":"es"},{"@type":"Organization","@id":"https:\/\/www.laguiadepamplona.com\/actualidad\/#organization","name":"La Gu\u00eda de Pamplona \/ Noticias","url":"https:\/\/www.laguiadepamplona.com\/actualidad\/","logo":{"@type":"ImageObject","inLanguage":"es","@id":"https:\/\/www.laguiadepamplona.com\/actualidad\/#\/schema\/logo\/image\/","url":"https:\/\/www.laguiadepamplona.com\/actualidad\/wp-content\/uploads\/2018\/11\/logo-laguiadepamplona18-web1.png","contentUrl":"https:\/\/www.laguiadepamplona.com\/actualidad\/wp-content\/uploads\/2018\/11\/logo-laguiadepamplona18-web1.png","width":600,"height":196,"caption":"La Gu\u00eda de Pamplona \/ Noticias"},"image":{"@id":"https:\/\/www.laguiadepamplona.com\/actualidad\/#\/schema\/logo\/image\/"},"sameAs":["https:\/\/www.facebook.com\/laguiadepamplonacom-133175176762273\/?ref=hl","https:\/\/x.com\/LaGuiadPamplona","https:\/\/www.instagram.com\/la_guia_de_pamplona\/","https:\/\/www.youtube.com\/user\/laguiadepamplona"]},{"@type":"Person","@id":"https:\/\/www.laguiadepamplona.com\/actualidad\/#\/schema\/person\/efe887376f0213d4657c93adc50b1fdb","name":"La Gu\u00eda de Pamplona","image":{"@type":"ImageObject","inLanguage":"es","@id":"https:\/\/secure.gravatar.com\/avatar\/b6992f131dc8d30ab0dff15446e9d346d9dbd95992de0fef795073f5ea83a81c?s=96&d=mm&r=g","url":"https:\/\/secure.gravatar.com\/avatar\/b6992f131dc8d30ab0dff15446e9d346d9dbd95992de0fef795073f5ea83a81c?s=96&d=mm&r=g","contentUrl":"https:\/\/secure.gravatar.com\/avatar\/b6992f131dc8d30ab0dff15446e9d346d9dbd95992de0fef795073f5ea83a81c?s=96&d=mm&r=g","caption":"La Gu\u00eda de Pamplona"}}]}},"post_mailing_queue_ids":[],"_links":{"self":[{"href":"https:\/\/www.laguiadepamplona.com\/actualidad\/wp-json\/wp\/v2\/posts\/1069","targetHints":{"allow":["GET"]}}],"collection":[{"href":"https:\/\/www.laguiadepamplona.com\/actualidad\/wp-json\/wp\/v2\/posts"}],"about":[{"href":"https:\/\/www.laguiadepamplona.com\/actualidad\/wp-json\/wp\/v2\/types\/post"}],"author":[{"embeddable":true,"href":"https:\/\/www.laguiadepamplona.com\/actualidad\/wp-json\/wp\/v2\/users\/1"}],"replies":[{"embeddable":true,"href":"https:\/\/www.laguiadepamplona.com\/actualidad\/wp-json\/wp\/v2\/comments?post=1069"}],"version-history":[{"count":0,"href":"https:\/\/www.laguiadepamplona.com\/actualidad\/wp-json\/wp\/v2\/posts\/1069\/revisions"}],"wp:featuredmedia":[{"embeddable":true,"href":"https:\/\/www.laguiadepamplona.com\/actualidad\/wp-json\/"}],"wp:attachment":[{"href":"https:\/\/www.laguiadepamplona.com\/actualidad\/wp-json\/wp\/v2\/media?parent=1069"}],"wp:term":[{"taxonomy":"category","embeddable":true,"href":"https:\/\/www.laguiadepamplona.com\/actualidad\/wp-json\/wp\/v2\/categories?post=1069"},{"taxonomy":"post_tag","embeddable":true,"href":"https:\/\/www.laguiadepamplona.com\/actualidad\/wp-json\/wp\/v2\/tags?post=1069"}],"curies":[{"name":"wp","href":"https:\/\/api.w.org\/{rel}","templated":true}]}}